{"id":5544,"date":"2020-01-31T12:57:57","date_gmt":"2020-01-31T10:57:57","guid":{"rendered":"\/?p=5544"},"modified":"2020-01-31T15:20:55","modified_gmt":"2020-01-31T13:20:55","slug":"fundacion-caja-rural-del-sur-entrega-en-cordoba-los-ix-premios-ricardo-lopez-crespo","status":"publish","type":"post","link":"https:\/\/fundacioncajaruraldelsur.com\/pt\/fundacion-caja-rural-del-sur-entrega-en-cordoba-los-ix-premios-ricardo-lopez-crespo\/","title":{"rendered":"Fundaci\u00f3n Caja Rural del Sur entrega en C\u00f3rdoba los IX premios \u00abRicardo L\u00f3pez Crespo\u00bb"},"content":{"rendered":"<p>El C\u00edrculo de la Amistad de C\u00f3rdoba ha acogido un a\u00f1o m\u00e1s el acto de entrega de los \u201cIX Premios Ricardo L\u00f3pez Crespo\u201d que anualmente convoca la Fundaci\u00f3n Caja Rural del Sur con el fin de distinguir y reconocer las mejores iniciativas en materias como proyectos de I+D+i en el \u00e1mbito de la actividad agroalimentaria, acci\u00f3n social solidaria, recuperaci\u00f3n del patrimonio hist\u00f3rico-art\u00edstico provincial, iniciativas empresariales promovidas por j\u00f3venes emprendedores, as\u00ed como el mejor expediente acad\u00e9mico de grado en los alumnos de la Universidad de C\u00f3rdoba.<\/p>\n<p>El acto cont\u00f3 con la presencia del Presidente de la Fundaci\u00f3n Caja Rural del Sur, Jos\u00e9 Luis Garc\u00eda-Palacios \u00c1lvarez, el vicepresidente segundo de la entidad, Emilio Ponce, Director de la Fundaci\u00f3n, adem\u00e1s de una amplia representaci\u00f3n de distintas autoridades pol\u00edticas, econ\u00f3micas, colectivos sociales y solidarios de la provincia de C\u00f3rdoba.<\/p>\n<p>En el acto de entrega de los premios, el presidente de la Fundaci\u00f3n Caja Rural del Sur, Jos\u00e9 Luis Garc\u00eda-Palacios en su intervenci\u00f3n destac\u00f3 el m\u00e9rito de los premiados que representa a su juicio \u201cla excelencia personificada en trabajos de investigaci\u00f3n, en esfuerzo acad\u00e9mico, en emprendimiento, en acci\u00f3n social y, evidentemente, en ese compromiso que se debe tener con el entorno, en este caso con la restauraci\u00f3n del patrimonio\u201d y los cinco premiados cumplen perfectamente los criterios de la excelencia\u201d.<\/p>\n<p>En este sentido, Garc\u00eda-Palacios incidi\u00f3 en que \u201choy en C\u00f3rdoba debemos estar muy orgullosos de contar con instituciones, personas o empresas tan comprometidas con el desarrollo de la provincia\u201d.<\/p>\n<p>De ah\u00ed que destacara entre los diferentes proyectos, el de investigaci\u00f3n para la detecci\u00f3n de fraude en aceite de oliva virgen extra del que defini\u00f3 como \u201cextraordinario, porque es necesario que un proyecto agroalimentario tan identitario, ya no s\u00f3lo de C\u00f3rdoba como segunda productora mundial, sino de toda Espa\u00f1a como l\u00edderes mundiales, que haya un sistema que podamos filtrar para aportar la garant\u00eda de la veracidad de lo que llega al consumidor me parece algo extraordinariamente fabuloso\u201d.<\/p>\n<p><strong>Premiados\u00a0<\/strong><\/p>\n<p>En esta nueva edici\u00f3n, los premios han correspondido a la restauraci\u00f3n de la ermita de Nuestro Padre Jes\u00fas Nazareno de Bujalance; la Fundaci\u00f3n Acuarela de Barrios de Lucena; la empresa Invepat Go SL; y el estudio \u2018Uso de tocoferoles e hidrocarburos alif\u00e1ticos en la detecci\u00f3n de fraude por mezcla de aceite de oliva con otros aceites vegetales de inferior calidad\u2019.<\/p>\n<p>Adem\u00e1s se han entregado dos acc\u00e9sits, uno en la categor\u00eda de Iniciativas Empresariales promovidas por j\u00f3venes emprendedores a la empresa Piensos y Mascotas SL, y otro, de la categor\u00eda de Acci\u00f3n Social Solidaria, a Acoare (Asociaci\u00f3n Cordobesa de Pacientes con Artritis Reumatoide). El premio al mejor expediente acad\u00e9mico ha sido para Mar\u00eda Tienda, de la Facultad de Derecho y Ciencias Econ\u00f3micas y Empresariales.<\/p>\n<p>Los premios est\u00e1n dotados econ\u00f3micamente con 4.000 euros en cada una de las categor\u00edas, adem\u00e1s de recibir cada premiado tambi\u00e9n una estatuilla dise\u00f1ada en especial para estos galardones por la Fundaci\u00f3n Caja Rural del Sur.<\/p>\n<figure id=\"attachment_5548\" aria-describedby=\"caption-attachment-5548\" style=\"width: 3120px\" class=\"wp-caption alignnone\"><a href=\"\/wp-content\/uploads\/2020\/01\/PREMIOS-CR7COR.jpg\" rel=\"lightbox-0\"><img loading=\"lazy\" decoding=\"async\" class=\"wp-image-5548 size-full\" src=\"\/wp-content\/uploads\/2020\/01\/PREMIOS-CR7COR.jpg\" alt=\"\" width=\"3120\" height=\"2080\" srcset=\"https:\/\/fundacioncajaruraldelsur.com\/wp-content\/uploads\/2020\/01\/PREMIOS-CR7COR.jpg 3120w, https:\/\/fundacioncajaruraldelsur.com\/wp-content\/uploads\/2020\/01\/PREMIOS-CR7COR-300x200.jpg 300w, https:\/\/fundacioncajaruraldelsur.com\/wp-content\/uploads\/2020\/01\/PREMIOS-CR7COR-768x512.jpg 768w, https:\/\/fundacioncajaruraldelsur.com\/wp-content\/uploads\/2020\/01\/PREMIOS-CR7COR-1024x683.jpg 1024w\" sizes=\"auto, (max-width: 3120px) 100vw, 3120px\" \/><\/a><figcaption id=\"caption-attachment-5548\" class=\"wp-caption-text\">\u00a0<\/figcaption><\/figure>\n<figure id=\"attachment_5549\" aria-describedby=\"caption-attachment-5549\" style=\"width: 3120px\" class=\"wp-caption alignnone\"><a href=\"\/wp-content\/uploads\/2020\/01\/PREMIOS-CR5COR.jpg\" rel=\"lightbox-1\"><img loading=\"lazy\" decoding=\"async\" class=\"wp-image-5549 size-full\" src=\"\/wp-content\/uploads\/2020\/01\/PREMIOS-CR5COR.jpg\" alt=\"\" width=\"3120\" height=\"2080\" srcset=\"https:\/\/fundacioncajaruraldelsur.com\/wp-content\/uploads\/2020\/01\/PREMIOS-CR5COR.jpg 3120w, https:\/\/fundacioncajaruraldelsur.com\/wp-content\/uploads\/2020\/01\/PREMIOS-CR5COR-300x200.jpg 300w, https:\/\/fundacioncajaruraldelsur.com\/wp-content\/uploads\/2020\/01\/PREMIOS-CR5COR-768x512.jpg 768w, https:\/\/fundacioncajaruraldelsur.com\/wp-content\/uploads\/2020\/01\/PREMIOS-CR5COR-1024x683.jpg 1024w\" sizes=\"auto, (max-width: 3120px) 100vw, 3120px\" \/><\/a><figcaption id=\"caption-attachment-5549\" class=\"wp-caption-text\">\u00a0<\/figcaption><\/figure>","protected":false},"excerpt":{"rendered":"<p>El C\u00edrculo de la Amistad de C\u00f3rdoba ha acogido un a\u00f1o m\u00e1s el acto de entrega de los \u201cIX Premios Ricardo L\u00f3pez Crespo\u201d que anualmente convoca la Fundaci\u00f3n Caja Rural [&hellip;]<\/p>\n","protected":false},"author":6,"featured_media":5550,"comment_status":"closed","ping_status":"closed","sticky":false,"template":"","format":"standard","meta":{"footnotes":""},"categories":[1],"tags":[],"class_list":["post-5544","post","type-post","status-publish","format-standard","has-post-thumbnail","hentry","category-sin-categoria"],"yoast_head":"<!-- This site is optimized with the Yoast SEO plugin v27.3 - https:\/\/yoast.com\/product\/yoast-seo-wordpress\/ -->\n<title>Fundaci\u00f3n Caja Rural del Sur entrega en C\u00f3rdoba los IX premios \u00abRicardo L\u00f3pez Crespo\u00bb - Fundaci\u00f3n Caja Rural del Sur<\/title>\n<meta name=\"robots\" content=\"index, follow, max-snippet:-1, max-image-preview:large, max-video-preview:-1\" \/>\n<link rel=\"canonical\" href=\"https:\/\/fundacioncajaruraldelsur.com\/pt\/fundacion-caja-rural-del-sur-entrega-en-cordoba-los-ix-premios-ricardo-lopez-crespo\/\" \/>\n<meta property=\"og:locale\" content=\"pt_PT\" \/>\n<meta property=\"og:type\" content=\"article\" \/>\n<meta property=\"og:title\" content=\"Fundaci\u00f3n Caja Rural del Sur entrega en C\u00f3rdoba los IX premios \u00abRicardo L\u00f3pez Crespo\u00bb - Fundaci\u00f3n Caja Rural del Sur\" \/>\n<meta property=\"og:description\" content=\"El C\u00edrculo de la Amistad de C\u00f3rdoba ha acogido un a\u00f1o m\u00e1s el acto de entrega de los \u201cIX Premios Ricardo L\u00f3pez Crespo\u201d que anualmente convoca la Fundaci\u00f3n Caja Rural [&hellip;]\" \/>\n<meta property=\"og:url\" content=\"https:\/\/fundacioncajaruraldelsur.com\/pt\/fundacion-caja-rural-del-sur-entrega-en-cordoba-los-ix-premios-ricardo-lopez-crespo\/\" \/>\n<meta property=\"og:site_name\" content=\"Fundaci\u00f3n Caja Rural del Sur\" \/>\n<meta property=\"article:published_time\" content=\"2020-01-31T10:57:57+00:00\" \/>\n<meta property=\"article:modified_time\" content=\"2020-01-31T13:20:55+00:00\" \/>\n<meta property=\"og:image\" content=\"https:\/\/fundacioncajaruraldelsur.com\/wp-content\/uploads\/2020\/01\/PREMIOS-CR4COR-1024x683.jpg\" \/>\n\t<meta property=\"og:image:width\" content=\"1024\" \/>\n\t<meta property=\"og:image:height\" content=\"683\" \/>\n\t<meta property=\"og:image:type\" content=\"image\/jpeg\" \/>\n<meta name=\"author\" content=\"Comunicaci\u00f3n\" \/>\n<meta name=\"twitter:card\" content=\"summary_large_image\" \/>\n<meta name=\"twitter:label1\" content=\"Written by\" \/>\n\t<meta name=\"twitter:data1\" content=\"Comunicaci\u00f3n\" \/>\n\t<meta name=\"twitter:label2\" content=\"Est. reading time\" \/>\n\t<meta name=\"twitter:data2\" content=\"3 minutes\" \/>\n<script type=\"application\/ld+json\" class=\"yoast-schema-graph\">{\"@context\":\"https:\\\/\\\/schema.org\",\"@graph\":[{\"@type\":\"Article\",\"@id\":\"https:\\\/\\\/fundacioncajaruraldelsur.com\\\/fundacion-caja-rural-del-sur-entrega-en-cordoba-los-ix-premios-ricardo-lopez-crespo\\\/#article\",\"isPartOf\":{\"@id\":\"https:\\\/\\\/fundacioncajaruraldelsur.com\\\/fundacion-caja-rural-del-sur-entrega-en-cordoba-los-ix-premios-ricardo-lopez-crespo\\\/\"},\"author\":{\"name\":\"Comunicaci\u00f3n\",\"@id\":\"https:\\\/\\\/fundacioncajaruraldelsur.com\\\/#\\\/schema\\\/person\\\/f430da9fb783d505ff061ad8b3d44577\"},\"headline\":\"Fundaci\u00f3n Caja Rural del Sur entrega en C\u00f3rdoba los IX premios \u00abRicardo L\u00f3pez Crespo\u00bb\",\"datePublished\":\"2020-01-31T10:57:57+00:00\",\"dateModified\":\"2020-01-31T13:20:55+00:00\",\"mainEntityOfPage\":{\"@id\":\"https:\\\/\\\/fundacioncajaruraldelsur.com\\\/fundacion-caja-rural-del-sur-entrega-en-cordoba-los-ix-premios-ricardo-lopez-crespo\\\/\"},\"wordCount\":573,\"image\":{\"@id\":\"https:\\\/\\\/fundacioncajaruraldelsur.com\\\/fundacion-caja-rural-del-sur-entrega-en-cordoba-los-ix-premios-ricardo-lopez-crespo\\\/#primaryimage\"},\"thumbnailUrl\":\"https:\\\/\\\/fundacioncajaruraldelsur.com\\\/wp-content\\\/uploads\\\/2020\\\/01\\\/PREMIOS-CR4COR.jpg\",\"articleSection\":[\"Sin categor\u00eda\"],\"inLanguage\":\"pt-PT\"},{\"@type\":\"WebPage\",\"@id\":\"https:\\\/\\\/fundacioncajaruraldelsur.com\\\/fundacion-caja-rural-del-sur-entrega-en-cordoba-los-ix-premios-ricardo-lopez-crespo\\\/\",\"url\":\"https:\\\/\\\/fundacioncajaruraldelsur.com\\\/fundacion-caja-rural-del-sur-entrega-en-cordoba-los-ix-premios-ricardo-lopez-crespo\\\/\",\"name\":\"Fundaci\u00f3n Caja Rural del Sur entrega en C\u00f3rdoba los IX premios \u00abRicardo L\u00f3pez Crespo\u00bb - Fundaci\u00f3n Caja Rural del Sur\",\"isPartOf\":{\"@id\":\"https:\\\/\\\/fundacioncajaruraldelsur.com\\\/#website\"},\"primaryImageOfPage\":{\"@id\":\"https:\\\/\\\/fundacioncajaruraldelsur.com\\\/fundacion-caja-rural-del-sur-entrega-en-cordoba-los-ix-premios-ricardo-lopez-crespo\\\/#primaryimage\"},\"image\":{\"@id\":\"https:\\\/\\\/fundacioncajaruraldelsur.com\\\/fundacion-caja-rural-del-sur-entrega-en-cordoba-los-ix-premios-ricardo-lopez-crespo\\\/#primaryimage\"},\"thumbnailUrl\":\"https:\\\/\\\/fundacioncajaruraldelsur.com\\\/wp-content\\\/uploads\\\/2020\\\/01\\\/PREMIOS-CR4COR.jpg\",\"datePublished\":\"2020-01-31T10:57:57+00:00\",\"dateModified\":\"2020-01-31T13:20:55+00:00\",\"author\":{\"@id\":\"https:\\\/\\\/fundacioncajaruraldelsur.com\\\/#\\\/schema\\\/person\\\/f430da9fb783d505ff061ad8b3d44577\"},\"breadcrumb\":{\"@id\":\"https:\\\/\\\/fundacioncajaruraldelsur.com\\\/fundacion-caja-rural-del-sur-entrega-en-cordoba-los-ix-premios-ricardo-lopez-crespo\\\/#breadcrumb\"},\"inLanguage\":\"pt-PT\",\"potentialAction\":[{\"@type\":\"ReadAction\",\"target\":[\"https:\\\/\\\/fundacioncajaruraldelsur.com\\\/fundacion-caja-rural-del-sur-entrega-en-cordoba-los-ix-premios-ricardo-lopez-crespo\\\/\"]}]},{\"@type\":\"ImageObject\",\"inLanguage\":\"pt-PT\",\"@id\":\"https:\\\/\\\/fundacioncajaruraldelsur.com\\\/fundacion-caja-rural-del-sur-entrega-en-cordoba-los-ix-premios-ricardo-lopez-crespo\\\/#primaryimage\",\"url\":\"https:\\\/\\\/fundacioncajaruraldelsur.com\\\/wp-content\\\/uploads\\\/2020\\\/01\\\/PREMIOS-CR4COR.jpg\",\"contentUrl\":\"https:\\\/\\\/fundacioncajaruraldelsur.com\\\/wp-content\\\/uploads\\\/2020\\\/01\\\/PREMIOS-CR4COR.jpg\",\"width\":3120,\"height\":2080},{\"@type\":\"BreadcrumbList\",\"@id\":\"https:\\\/\\\/fundacioncajaruraldelsur.com\\\/fundacion-caja-rural-del-sur-entrega-en-cordoba-los-ix-premios-ricardo-lopez-crespo\\\/#breadcrumb\",\"itemListElement\":[{\"@type\":\"ListItem\",\"position\":1,\"name\":\"Portada\",\"item\":\"https:\\\/\\\/fundacioncajaruraldelsur.com\\\/\"},{\"@type\":\"ListItem\",\"position\":2,\"name\":\"Fundaci\u00f3n Caja Rural del Sur entrega en C\u00f3rdoba los IX premios \u00abRicardo L\u00f3pez Crespo\u00bb\"}]},{\"@type\":\"WebSite\",\"@id\":\"https:\\\/\\\/fundacioncajaruraldelsur.com\\\/#website\",\"url\":\"https:\\\/\\\/fundacioncajaruraldelsur.com\\\/\",\"name\":\"Fundaci\u00f3n Caja Rural del Sur\",\"description\":\"\",\"potentialAction\":[{\"@type\":\"SearchAction\",\"target\":{\"@type\":\"EntryPoint\",\"urlTemplate\":\"https:\\\/\\\/fundacioncajaruraldelsur.com\\\/?s={search_term_string}\"},\"query-input\":{\"@type\":\"PropertyValueSpecification\",\"valueRequired\":true,\"valueName\":\"search_term_string\"}}],\"inLanguage\":\"pt-PT\"},{\"@type\":\"Person\",\"@id\":\"https:\\\/\\\/fundacioncajaruraldelsur.com\\\/#\\\/schema\\\/person\\\/f430da9fb783d505ff061ad8b3d44577\",\"name\":\"Comunicaci\u00f3n\",\"image\":{\"@type\":\"ImageObject\",\"inLanguage\":\"pt-PT\",\"@id\":\"https:\\\/\\\/secure.gravatar.com\\\/avatar\\\/0dca239875993680bac4603ad2de7942da018f52cc3a244578e0b3b09314a8d8?s=96&d=blank&r=g\",\"url\":\"https:\\\/\\\/secure.gravatar.com\\\/avatar\\\/0dca239875993680bac4603ad2de7942da018f52cc3a244578e0b3b09314a8d8?s=96&d=blank&r=g\",\"contentUrl\":\"https:\\\/\\\/secure.gravatar.com\\\/avatar\\\/0dca239875993680bac4603ad2de7942da018f52cc3a244578e0b3b09314a8d8?s=96&d=blank&r=g\",\"caption\":\"Comunicaci\u00f3n\"}}]}<\/script>\n<!-- \/ Yoast SEO plugin. -->","yoast_head_json":{"title":"Fundaci\u00f3n Caja Rural del Sur entrega en C\u00f3rdoba los IX premios \u00abRicardo L\u00f3pez Crespo\u00bb - Fundaci\u00f3n Caja Rural del Sur","robots":{"index":"index","follow":"follow","max-snippet":"max-snippet:-1","max-image-preview":"max-image-preview:large","max-video-preview":"max-video-preview:-1"},"canonical":"https:\/\/fundacioncajaruraldelsur.com\/pt\/fundacion-caja-rural-del-sur-entrega-en-cordoba-los-ix-premios-ricardo-lopez-crespo\/","og_locale":"pt_PT","og_type":"article","og_title":"Fundaci\u00f3n Caja Rural del Sur entrega en C\u00f3rdoba los IX premios \u00abRicardo L\u00f3pez Crespo\u00bb - Fundaci\u00f3n Caja Rural del Sur","og_description":"El C\u00edrculo de la Amistad de C\u00f3rdoba ha acogido un a\u00f1o m\u00e1s el acto de entrega de los \u201cIX Premios Ricardo L\u00f3pez Crespo\u201d que anualmente convoca la Fundaci\u00f3n Caja Rural [&hellip;]","og_url":"https:\/\/fundacioncajaruraldelsur.com\/pt\/fundacion-caja-rural-del-sur-entrega-en-cordoba-los-ix-premios-ricardo-lopez-crespo\/","og_site_name":"Fundaci\u00f3n Caja Rural del Sur","article_published_time":"2020-01-31T10:57:57+00:00","article_modified_time":"2020-01-31T13:20:55+00:00","og_image":[{"width":1024,"height":683,"url":"https:\/\/fundacioncajaruraldelsur.com\/wp-content\/uploads\/2020\/01\/PREMIOS-CR4COR-1024x683.jpg","type":"image\/jpeg"}],"author":"Comunicaci\u00f3n","twitter_card":"summary_large_image","twitter_misc":{"Written by":"Comunicaci\u00f3n","Est. reading time":"3 minutes"},"schema":{"@context":"https:\/\/schema.org","@graph":[{"@type":"Article","@id":"https:\/\/fundacioncajaruraldelsur.com\/fundacion-caja-rural-del-sur-entrega-en-cordoba-los-ix-premios-ricardo-lopez-crespo\/#article","isPartOf":{"@id":"https:\/\/fundacioncajaruraldelsur.com\/fundacion-caja-rural-del-sur-entrega-en-cordoba-los-ix-premios-ricardo-lopez-crespo\/"},"author":{"name":"Comunicaci\u00f3n","@id":"https:\/\/fundacioncajaruraldelsur.com\/#\/schema\/person\/f430da9fb783d505ff061ad8b3d44577"},"headline":"Fundaci\u00f3n Caja Rural del Sur entrega en C\u00f3rdoba los IX premios \u00abRicardo L\u00f3pez Crespo\u00bb","datePublished":"2020-01-31T10:57:57+00:00","dateModified":"2020-01-31T13:20:55+00:00","mainEntityOfPage":{"@id":"https:\/\/fundacioncajaruraldelsur.com\/fundacion-caja-rural-del-sur-entrega-en-cordoba-los-ix-premios-ricardo-lopez-crespo\/"},"wordCount":573,"image":{"@id":"https:\/\/fundacioncajaruraldelsur.com\/fundacion-caja-rural-del-sur-entrega-en-cordoba-los-ix-premios-ricardo-lopez-crespo\/#primaryimage"},"thumbnailUrl":"https:\/\/fundacioncajaruraldelsur.com\/wp-content\/uploads\/2020\/01\/PREMIOS-CR4COR.jpg","articleSection":["Sin categor\u00eda"],"inLanguage":"pt-PT"},{"@type":"WebPage","@id":"https:\/\/fundacioncajaruraldelsur.com\/fundacion-caja-rural-del-sur-entrega-en-cordoba-los-ix-premios-ricardo-lopez-crespo\/","url":"https:\/\/fundacioncajaruraldelsur.com\/fundacion-caja-rural-del-sur-entrega-en-cordoba-los-ix-premios-ricardo-lopez-crespo\/","name":"Fundaci\u00f3n Caja Rural del Sur entrega en C\u00f3rdoba los IX premios \u00abRicardo L\u00f3pez Crespo\u00bb - Fundaci\u00f3n Caja Rural del Sur","isPartOf":{"@id":"https:\/\/fundacioncajaruraldelsur.com\/#website"},"primaryImageOfPage":{"@id":"https:\/\/fundacioncajaruraldelsur.com\/fundacion-caja-rural-del-sur-entrega-en-cordoba-los-ix-premios-ricardo-lopez-crespo\/#primaryimage"},"image":{"@id":"https:\/\/fundacioncajaruraldelsur.com\/fundacion-caja-rural-del-sur-entrega-en-cordoba-los-ix-premios-ricardo-lopez-crespo\/#primaryimage"},"thumbnailUrl":"https:\/\/fundacioncajaruraldelsur.com\/wp-content\/uploads\/2020\/01\/PREMIOS-CR4COR.jpg","datePublished":"2020-01-31T10:57:57+00:00","dateModified":"2020-01-31T13:20:55+00:00","author":{"@id":"https:\/\/fundacioncajaruraldelsur.com\/#\/schema\/person\/f430da9fb783d505ff061ad8b3d44577"},"breadcrumb":{"@id":"https:\/\/fundacioncajaruraldelsur.com\/fundacion-caja-rural-del-sur-entrega-en-cordoba-los-ix-premios-ricardo-lopez-crespo\/#breadcrumb"},"inLanguage":"pt-PT","potentialAction":[{"@type":"ReadAction","target":["https:\/\/fundacioncajaruraldelsur.com\/fundacion-caja-rural-del-sur-entrega-en-cordoba-los-ix-premios-ricardo-lopez-crespo\/"]}]},{"@type":"ImageObject","inLanguage":"pt-PT","@id":"https:\/\/fundacioncajaruraldelsur.com\/fundacion-caja-rural-del-sur-entrega-en-cordoba-los-ix-premios-ricardo-lopez-crespo\/#primaryimage","url":"https:\/\/fundacioncajaruraldelsur.com\/wp-content\/uploads\/2020\/01\/PREMIOS-CR4COR.jpg","contentUrl":"https:\/\/fundacioncajaruraldelsur.com\/wp-content\/uploads\/2020\/01\/PREMIOS-CR4COR.jpg","width":3120,"height":2080},{"@type":"BreadcrumbList","@id":"https:\/\/fundacioncajaruraldelsur.com\/fundacion-caja-rural-del-sur-entrega-en-cordoba-los-ix-premios-ricardo-lopez-crespo\/#breadcrumb","itemListElement":[{"@type":"ListItem","position":1,"name":"Portada","item":"https:\/\/fundacioncajaruraldelsur.com\/"},{"@type":"ListItem","position":2,"name":"Fundaci\u00f3n Caja Rural del Sur entrega en C\u00f3rdoba los IX premios \u00abRicardo L\u00f3pez Crespo\u00bb"}]},{"@type":"WebSite","@id":"https:\/\/fundacioncajaruraldelsur.com\/#website","url":"https:\/\/fundacioncajaruraldelsur.com\/","name":"Funda\u00e7\u00e3o Caja Rural del Sur","description":"","potentialAction":[{"@type":"SearchAction","target":{"@type":"EntryPoint","urlTemplate":"https:\/\/fundacioncajaruraldelsur.com\/?s={search_term_string}"},"query-input":{"@type":"PropertyValueSpecification","valueRequired":true,"valueName":"search_term_string"}}],"inLanguage":"pt-PT"},{"@type":"Person","@id":"https:\/\/fundacioncajaruraldelsur.com\/#\/schema\/person\/f430da9fb783d505ff061ad8b3d44577","name":"Comunicaci\u00f3n","image":{"@type":"ImageObject","inLanguage":"pt-PT","@id":"https:\/\/secure.gravatar.com\/avatar\/0dca239875993680bac4603ad2de7942da018f52cc3a244578e0b3b09314a8d8?s=96&d=blank&r=g","url":"https:\/\/secure.gravatar.com\/avatar\/0dca239875993680bac4603ad2de7942da018f52cc3a244578e0b3b09314a8d8?s=96&d=blank&r=g","contentUrl":"https:\/\/secure.gravatar.com\/avatar\/0dca239875993680bac4603ad2de7942da018f52cc3a244578e0b3b09314a8d8?s=96&d=blank&r=g","caption":"Comunicaci\u00f3n"}}]}},"rttpg_featured_image_url":{"full":["https:\/\/fundacioncajaruraldelsur.com\/wp-content\/uploads\/2020\/01\/PREMIOS-CR4COR.jpg",3120,2080,false],"landscape":["https:\/\/fundacioncajaruraldelsur.com\/wp-content\/uploads\/2020\/01\/PREMIOS-CR4COR.jpg",3120,2080,false],"portraits":["https:\/\/fundacioncajaruraldelsur.com\/wp-content\/uploads\/2020\/01\/PREMIOS-CR4COR.jpg",3120,2080,false],"thumbnail":["https:\/\/fundacioncajaruraldelsur.com\/wp-content\/uploads\/2020\/01\/PREMIOS-CR4COR-150x150.jpg",150,150,true],"medium":["https:\/\/fundacioncajaruraldelsur.com\/wp-content\/uploads\/2020\/01\/PREMIOS-CR4COR-300x200.jpg",300,200,true],"large":["https:\/\/fundacioncajaruraldelsur.com\/wp-content\/uploads\/2020\/01\/PREMIOS-CR4COR-1024x683.jpg",960,640,true],"1536x1536":["https:\/\/fundacioncajaruraldelsur.com\/wp-content\/uploads\/2020\/01\/PREMIOS-CR4COR.jpg",1536,1024,false],"2048x2048":["https:\/\/fundacioncajaruraldelsur.com\/wp-content\/uploads\/2020\/01\/PREMIOS-CR4COR.jpg",2048,1365,false],"trp-custom-language-flag":["https:\/\/fundacioncajaruraldelsur.com\/wp-content\/uploads\/2020\/01\/PREMIOS-CR4COR.jpg",18,12,false],"blog-thumbnail":["https:\/\/fundacioncajaruraldelsur.com\/wp-content\/uploads\/2020\/01\/PREMIOS-CR4COR-400x200.jpg",400,200,true]},"rttpg_author":{"display_name":"Comunicaci\u00f3n","author_link":"https:\/\/fundacioncajaruraldelsur.com\/pt\/author\/sevillaadmin\/"},"rttpg_comment":0,"rttpg_category":"<a href=\"https:\/\/fundacioncajaruraldelsur.com\/pt\/category\/sin-categoria\/\" rel=\"category tag\">Sin categor\u00eda<\/a>","rttpg_excerpt":"El C\u00edrculo de la Amistad de C\u00f3rdoba ha acogido un a\u00f1o m\u00e1s el acto de entrega de los \u201cIX Premios Ricardo L\u00f3pez Crespo\u201d que anualmente convoca la Fundaci\u00f3n Caja Rural [&hellip;]","_links":{"self":[{"href":"https:\/\/fundacioncajaruraldelsur.com\/pt\/wp-json\/wp\/v2\/posts\/5544","targetHints":{"allow":["GET"]}}],"collection":[{"href":"https:\/\/fundacioncajaruraldelsur.com\/pt\/wp-json\/wp\/v2\/posts"}],"about":[{"href":"https:\/\/fundacioncajaruraldelsur.com\/pt\/wp-json\/wp\/v2\/types\/post"}],"author":[{"embeddable":true,"href":"https:\/\/fundacioncajaruraldelsur.com\/pt\/wp-json\/wp\/v2\/users\/6"}],"replies":[{"embeddable":true,"href":"https:\/\/fundacioncajaruraldelsur.com\/pt\/wp-json\/wp\/v2\/comments?post=5544"}],"version-history":[{"count":4,"href":"https:\/\/fundacioncajaruraldelsur.com\/pt\/wp-json\/wp\/v2\/posts\/5544\/revisions"}],"predecessor-version":[{"id":5552,"href":"https:\/\/fundacioncajaruraldelsur.com\/pt\/wp-json\/wp\/v2\/posts\/5544\/revisions\/5552"}],"wp:featuredmedia":[{"embeddable":true,"href":"https:\/\/fundacioncajaruraldelsur.com\/pt\/wp-json\/wp\/v2\/media\/5550"}],"wp:attachment":[{"href":"https:\/\/fundacioncajaruraldelsur.com\/pt\/wp-json\/wp\/v2\/media?parent=5544"}],"wp:term":[{"taxonomy":"category","embeddable":true,"href":"https:\/\/fundacioncajaruraldelsur.com\/pt\/wp-json\/wp\/v2\/categories?post=5544"},{"taxonomy":"post_tag","embeddable":true,"href":"https:\/\/fundacioncajaruraldelsur.com\/pt\/wp-json\/wp\/v2\/tags?post=5544"}],"curies":[{"name":"wp","href":"https:\/\/api.w.org\/{rel}","templated":true}]}}