{"id":5468,"date":"2020-01-13T19:38:32","date_gmt":"2020-01-13T17:38:32","guid":{"rendered":"\/?p=5468"},"modified":"2020-01-13T19:38:32","modified_gmt":"2020-01-13T17:38:32","slug":"el-consejo-de-hermandades-de-sevilla-y-fundacion-caja-rural-del-sur-renuevan-su-colaboracion","status":"publish","type":"post","link":"https:\/\/fundacioncajaruraldelsur.com\/pt\/el-consejo-de-hermandades-de-sevilla-y-fundacion-caja-rural-del-sur-renuevan-su-colaboracion\/","title":{"rendered":"El Consejo de Hermandades de Sevilla y Fundaci\u00f3n Caja Rural del Sur renuevan su colaboraci\u00f3n"},"content":{"rendered":"<p>El Consejo General de Hermandades y Cofrad\u00edas de la Ciudad de Sevilla y la Fundaci\u00f3n Caja Rural del Sur vuelven a estrechar lazos renovando el convenio de colaboraci\u00f3n entre ambas instituciones.<\/p>\n<p class=\"font--primary body-components__text\">El acto de la firma de dicho convenio se ha desarrollado en la ma\u00f1ana de este lunes en la sede de la fundaci\u00f3n. Ambos presidentes, Francisco V\u00e9lez de Luna por parte del Consejo de Hermandades y Jos\u00e9 Luis Garc\u00eda-Palacios \u00c1lvarez por la Fundaci\u00f3n Caja Rural del Sur, han sido los encargados de estampar sus respectivas firmas sobre un documento que posibilitar\u00e1 el apoyo al Consejo en las actividades sociales e institucionales que desarrolla esta instituci\u00f3n cofradiera.<\/p>\n<p class=\"font--primary body-components__text\">Entre estas acciones destaca el Proyecto Fraternitas, para la ayuda a los ni\u00f1os de la Parroquia de Jes\u00fas Obrero, del Pol\u00edgono Sur, as\u00ed como a la Fundaci\u00f3n Cardenal Sp\u00ednola de Lucha contra el Paro y la ayuda a conventos de clausura.<\/p>\n<p class=\"font--primary body-components__text\"><b>PRESENTACI\u00d3N CARTEL SEMANA SANTA 2020<\/b><\/p>\n<p class=\"font--primary body-components__text\">La sede en Sevilla de la Fundaci\u00f3n Caja Rural del Sur acoger\u00e1 un a\u00f1o m\u00e1s la presentaci\u00f3n del cartel de la Semana Santa 2020 (obra de Daniel Bilbao), como tradicionalmente se viene realizando en los pasados a\u00f1os.<\/p>\n<p>Tendr\u00e1 lugar el pr\u00f3ximo s\u00e1bado, 18 de enero, a las 12.00 horas gracias a la colaboraci\u00f3n que ambas instituciones mantienen y que hoy han renovado con la firma del convenio.<\/p>\n<p><a href=\"\/wp-content\/uploads\/2020\/01\/convenio.jpg\" rel=\"lightbox-0\"><img loading=\"lazy\" decoding=\"async\" class=\"alignnone wp-image-5470 size-full\" src=\"\/wp-content\/uploads\/2020\/01\/convenio.jpg\" alt=\"\" width=\"1008\" height=\"664\" srcset=\"https:\/\/fundacioncajaruraldelsur.com\/wp-content\/uploads\/2020\/01\/convenio.jpg 1008w, https:\/\/fundacioncajaruraldelsur.com\/wp-content\/uploads\/2020\/01\/convenio-300x198.jpg 300w, https:\/\/fundacioncajaruraldelsur.com\/wp-content\/uploads\/2020\/01\/convenio-768x506.jpg 768w\" sizes=\"auto, (max-width: 1008px) 100vw, 1008px\" \/><\/a><\/p>\n<p>&nbsp;<\/p>","protected":false},"excerpt":{"rendered":"<p>El Consejo General de Hermandades y Cofrad\u00edas de la Ciudad de Sevilla y la Fundaci\u00f3n Caja Rural del Sur vuelven a estrechar lazos renovando el convenio de colaboraci\u00f3n entre ambas [&hellip;]<\/p>\n","protected":false},"author":6,"featured_media":5469,"comment_status":"closed","ping_status":"closed","sticky":false,"template":"","format":"standard","meta":{"footnotes":""},"categories":[67],"tags":[],"class_list":["post-5468","post","type-post","status-publish","format-standard","has-post-thumbnail","hentry","category-convenios"],"yoast_head":"<!-- This site is optimized with the Yoast SEO plugin v27.3 - https:\/\/yoast.com\/product\/yoast-seo-wordpress\/ -->\n<title>El Consejo de Hermandades de Sevilla y Fundaci\u00f3n Caja Rural del Sur renuevan su colaboraci\u00f3n - Fundaci\u00f3n Caja Rural del Sur<\/title>\n<meta name=\"robots\" content=\"index, follow, max-snippet:-1, max-image-preview:large, max-video-preview:-1\" \/>\n<link rel=\"canonical\" href=\"https:\/\/fundacioncajaruraldelsur.com\/pt\/el-consejo-de-hermandades-de-sevilla-y-fundacion-caja-rural-del-sur-renuevan-su-colaboracion\/\" \/>\n<meta property=\"og:locale\" content=\"pt_PT\" \/>\n<meta property=\"og:type\" content=\"article\" \/>\n<meta property=\"og:title\" content=\"El Consejo de Hermandades de Sevilla y Fundaci\u00f3n Caja Rural del Sur renuevan su colaboraci\u00f3n - Fundaci\u00f3n Caja Rural del Sur\" \/>\n<meta property=\"og:description\" content=\"El Consejo General de Hermandades y Cofrad\u00edas de la Ciudad de Sevilla y la Fundaci\u00f3n Caja Rural del Sur vuelven a estrechar lazos renovando el convenio de colaboraci\u00f3n entre ambas [&hellip;]\" \/>\n<meta property=\"og:url\" content=\"https:\/\/fundacioncajaruraldelsur.com\/pt\/el-consejo-de-hermandades-de-sevilla-y-fundacion-caja-rural-del-sur-renuevan-su-colaboracion\/\" \/>\n<meta property=\"og:site_name\" content=\"Fundaci\u00f3n Caja Rural del Sur\" \/>\n<meta property=\"article:published_time\" content=\"2020-01-13T17:38:32+00:00\" \/>\n<meta property=\"og:image\" content=\"https:\/\/fundacioncajaruraldelsur.com\/wp-content\/uploads\/2020\/01\/ConsejoHermandades-CRuralSur.jpg\" \/>\n\t<meta property=\"og:image:width\" content=\"876\" \/>\n\t<meta property=\"og:image:height\" content=\"657\" \/>\n\t<meta property=\"og:image:type\" content=\"image\/jpeg\" \/>\n<meta name=\"author\" content=\"Comunicaci\u00f3n\" \/>\n<meta name=\"twitter:card\" content=\"summary_large_image\" \/>\n<meta name=\"twitter:label1\" content=\"Written by\" \/>\n\t<meta name=\"twitter:data1\" content=\"Comunicaci\u00f3n\" \/>\n\t<meta name=\"twitter:label2\" content=\"Est. reading time\" \/>\n\t<meta name=\"twitter:data2\" content=\"1 minute\" \/>\n<script type=\"application\/ld+json\" class=\"yoast-schema-graph\">{\"@context\":\"https:\\\/\\\/schema.org\",\"@graph\":[{\"@type\":\"Article\",\"@id\":\"https:\\\/\\\/fundacioncajaruraldelsur.com\\\/el-consejo-de-hermandades-de-sevilla-y-fundacion-caja-rural-del-sur-renuevan-su-colaboracion\\\/#article\",\"isPartOf\":{\"@id\":\"https:\\\/\\\/fundacioncajaruraldelsur.com\\\/el-consejo-de-hermandades-de-sevilla-y-fundacion-caja-rural-del-sur-renuevan-su-colaboracion\\\/\"},\"author\":{\"name\":\"Comunicaci\u00f3n\",\"@id\":\"https:\\\/\\\/fundacioncajaruraldelsur.com\\\/#\\\/schema\\\/person\\\/f430da9fb783d505ff061ad8b3d44577\"},\"headline\":\"El Consejo de Hermandades de Sevilla y Fundaci\u00f3n Caja Rural del Sur renuevan su colaboraci\u00f3n\",\"datePublished\":\"2020-01-13T17:38:32+00:00\",\"mainEntityOfPage\":{\"@id\":\"https:\\\/\\\/fundacioncajaruraldelsur.com\\\/el-consejo-de-hermandades-de-sevilla-y-fundacion-caja-rural-del-sur-renuevan-su-colaboracion\\\/\"},\"wordCount\":257,\"image\":{\"@id\":\"https:\\\/\\\/fundacioncajaruraldelsur.com\\\/el-consejo-de-hermandades-de-sevilla-y-fundacion-caja-rural-del-sur-renuevan-su-colaboracion\\\/#primaryimage\"},\"thumbnailUrl\":\"https:\\\/\\\/fundacioncajaruraldelsur.com\\\/wp-content\\\/uploads\\\/2020\\\/01\\\/ConsejoHermandades-CRuralSur.jpg\",\"articleSection\":[\"Convenios\"],\"inLanguage\":\"pt-PT\"},{\"@type\":\"WebPage\",\"@id\":\"https:\\\/\\\/fundacioncajaruraldelsur.com\\\/el-consejo-de-hermandades-de-sevilla-y-fundacion-caja-rural-del-sur-renuevan-su-colaboracion\\\/\",\"url\":\"https:\\\/\\\/fundacioncajaruraldelsur.com\\\/el-consejo-de-hermandades-de-sevilla-y-fundacion-caja-rural-del-sur-renuevan-su-colaboracion\\\/\",\"name\":\"El Consejo de Hermandades de Sevilla y Fundaci\u00f3n Caja Rural del Sur renuevan su colaboraci\u00f3n - Fundaci\u00f3n Caja Rural del Sur\",\"isPartOf\":{\"@id\":\"https:\\\/\\\/fundacioncajaruraldelsur.com\\\/#website\"},\"primaryImageOfPage\":{\"@id\":\"https:\\\/\\\/fundacioncajaruraldelsur.com\\\/el-consejo-de-hermandades-de-sevilla-y-fundacion-caja-rural-del-sur-renuevan-su-colaboracion\\\/#primaryimage\"},\"image\":{\"@id\":\"https:\\\/\\\/fundacioncajaruraldelsur.com\\\/el-consejo-de-hermandades-de-sevilla-y-fundacion-caja-rural-del-sur-renuevan-su-colaboracion\\\/#primaryimage\"},\"thumbnailUrl\":\"https:\\\/\\\/fundacioncajaruraldelsur.com\\\/wp-content\\\/uploads\\\/2020\\\/01\\\/ConsejoHermandades-CRuralSur.jpg\",\"datePublished\":\"2020-01-13T17:38:32+00:00\",\"author\":{\"@id\":\"https:\\\/\\\/fundacioncajaruraldelsur.com\\\/#\\\/schema\\\/person\\\/f430da9fb783d505ff061ad8b3d44577\"},\"breadcrumb\":{\"@id\":\"https:\\\/\\\/fundacioncajaruraldelsur.com\\\/el-consejo-de-hermandades-de-sevilla-y-fundacion-caja-rural-del-sur-renuevan-su-colaboracion\\\/#breadcrumb\"},\"inLanguage\":\"pt-PT\",\"potentialAction\":[{\"@type\":\"ReadAction\",\"target\":[\"https:\\\/\\\/fundacioncajaruraldelsur.com\\\/el-consejo-de-hermandades-de-sevilla-y-fundacion-caja-rural-del-sur-renuevan-su-colaboracion\\\/\"]}]},{\"@type\":\"ImageObject\",\"inLanguage\":\"pt-PT\",\"@id\":\"https:\\\/\\\/fundacioncajaruraldelsur.com\\\/el-consejo-de-hermandades-de-sevilla-y-fundacion-caja-rural-del-sur-renuevan-su-colaboracion\\\/#primaryimage\",\"url\":\"https:\\\/\\\/fundacioncajaruraldelsur.com\\\/wp-content\\\/uploads\\\/2020\\\/01\\\/ConsejoHermandades-CRuralSur.jpg\",\"contentUrl\":\"https:\\\/\\\/fundacioncajaruraldelsur.com\\\/wp-content\\\/uploads\\\/2020\\\/01\\\/ConsejoHermandades-CRuralSur.jpg\",\"width\":876,\"height\":657},{\"@type\":\"BreadcrumbList\",\"@id\":\"https:\\\/\\\/fundacioncajaruraldelsur.com\\\/el-consejo-de-hermandades-de-sevilla-y-fundacion-caja-rural-del-sur-renuevan-su-colaboracion\\\/#breadcrumb\",\"itemListElement\":[{\"@type\":\"ListItem\",\"position\":1,\"name\":\"Portada\",\"item\":\"https:\\\/\\\/fundacioncajaruraldelsur.com\\\/\"},{\"@type\":\"ListItem\",\"position\":2,\"name\":\"El Consejo de Hermandades de Sevilla y Fundaci\u00f3n Caja Rural del Sur renuevan su colaboraci\u00f3n\"}]},{\"@type\":\"WebSite\",\"@id\":\"https:\\\/\\\/fundacioncajaruraldelsur.com\\\/#website\",\"url\":\"https:\\\/\\\/fundacioncajaruraldelsur.com\\\/\",\"name\":\"Fundaci\u00f3n Caja Rural del Sur\",\"description\":\"\",\"potentialAction\":[{\"@type\":\"SearchAction\",\"target\":{\"@type\":\"EntryPoint\",\"urlTemplate\":\"https:\\\/\\\/fundacioncajaruraldelsur.com\\\/?s={search_term_string}\"},\"query-input\":{\"@type\":\"PropertyValueSpecification\",\"valueRequired\":true,\"valueName\":\"search_term_string\"}}],\"inLanguage\":\"pt-PT\"},{\"@type\":\"Person\",\"@id\":\"https:\\\/\\\/fundacioncajaruraldelsur.com\\\/#\\\/schema\\\/person\\\/f430da9fb783d505ff061ad8b3d44577\",\"name\":\"Comunicaci\u00f3n\",\"image\":{\"@type\":\"ImageObject\",\"inLanguage\":\"pt-PT\",\"@id\":\"https:\\\/\\\/secure.gravatar.com\\\/avatar\\\/0dca239875993680bac4603ad2de7942da018f52cc3a244578e0b3b09314a8d8?s=96&d=blank&r=g\",\"url\":\"https:\\\/\\\/secure.gravatar.com\\\/avatar\\\/0dca239875993680bac4603ad2de7942da018f52cc3a244578e0b3b09314a8d8?s=96&d=blank&r=g\",\"contentUrl\":\"https:\\\/\\\/secure.gravatar.com\\\/avatar\\\/0dca239875993680bac4603ad2de7942da018f52cc3a244578e0b3b09314a8d8?s=96&d=blank&r=g\",\"caption\":\"Comunicaci\u00f3n\"}}]}<\/script>\n<!-- \/ Yoast SEO plugin. -->","yoast_head_json":{"title":"El Consejo de Hermandades de Sevilla y Fundaci\u00f3n Caja Rural del Sur renuevan su colaboraci\u00f3n - Fundaci\u00f3n Caja Rural del Sur","robots":{"index":"index","follow":"follow","max-snippet":"max-snippet:-1","max-image-preview":"max-image-preview:large","max-video-preview":"max-video-preview:-1"},"canonical":"https:\/\/fundacioncajaruraldelsur.com\/pt\/el-consejo-de-hermandades-de-sevilla-y-fundacion-caja-rural-del-sur-renuevan-su-colaboracion\/","og_locale":"pt_PT","og_type":"article","og_title":"El Consejo de Hermandades de Sevilla y Fundaci\u00f3n Caja Rural del Sur renuevan su colaboraci\u00f3n - Fundaci\u00f3n Caja Rural del Sur","og_description":"El Consejo General de Hermandades y Cofrad\u00edas de la Ciudad de Sevilla y la Fundaci\u00f3n Caja Rural del Sur vuelven a estrechar lazos renovando el convenio de colaboraci\u00f3n entre ambas [&hellip;]","og_url":"https:\/\/fundacioncajaruraldelsur.com\/pt\/el-consejo-de-hermandades-de-sevilla-y-fundacion-caja-rural-del-sur-renuevan-su-colaboracion\/","og_site_name":"Fundaci\u00f3n Caja Rural del Sur","article_published_time":"2020-01-13T17:38:32+00:00","og_image":[{"width":876,"height":657,"url":"https:\/\/fundacioncajaruraldelsur.com\/wp-content\/uploads\/2020\/01\/ConsejoHermandades-CRuralSur.jpg","type":"image\/jpeg"}],"author":"Comunicaci\u00f3n","twitter_card":"summary_large_image","twitter_misc":{"Written by":"Comunicaci\u00f3n","Est. reading time":"1 minute"},"schema":{"@context":"https:\/\/schema.org","@graph":[{"@type":"Article","@id":"https:\/\/fundacioncajaruraldelsur.com\/el-consejo-de-hermandades-de-sevilla-y-fundacion-caja-rural-del-sur-renuevan-su-colaboracion\/#article","isPartOf":{"@id":"https:\/\/fundacioncajaruraldelsur.com\/el-consejo-de-hermandades-de-sevilla-y-fundacion-caja-rural-del-sur-renuevan-su-colaboracion\/"},"author":{"name":"Comunicaci\u00f3n","@id":"https:\/\/fundacioncajaruraldelsur.com\/#\/schema\/person\/f430da9fb783d505ff061ad8b3d44577"},"headline":"El Consejo de Hermandades de Sevilla y Fundaci\u00f3n Caja Rural del Sur renuevan su colaboraci\u00f3n","datePublished":"2020-01-13T17:38:32+00:00","mainEntityOfPage":{"@id":"https:\/\/fundacioncajaruraldelsur.com\/el-consejo-de-hermandades-de-sevilla-y-fundacion-caja-rural-del-sur-renuevan-su-colaboracion\/"},"wordCount":257,"image":{"@id":"https:\/\/fundacioncajaruraldelsur.com\/el-consejo-de-hermandades-de-sevilla-y-fundacion-caja-rural-del-sur-renuevan-su-colaboracion\/#primaryimage"},"thumbnailUrl":"https:\/\/fundacioncajaruraldelsur.com\/wp-content\/uploads\/2020\/01\/ConsejoHermandades-CRuralSur.jpg","articleSection":["Convenios"],"inLanguage":"pt-PT"},{"@type":"WebPage","@id":"https:\/\/fundacioncajaruraldelsur.com\/el-consejo-de-hermandades-de-sevilla-y-fundacion-caja-rural-del-sur-renuevan-su-colaboracion\/","url":"https:\/\/fundacioncajaruraldelsur.com\/el-consejo-de-hermandades-de-sevilla-y-fundacion-caja-rural-del-sur-renuevan-su-colaboracion\/","name":"El Consejo de Hermandades de Sevilla y Fundaci\u00f3n Caja Rural del Sur renuevan su colaboraci\u00f3n - Fundaci\u00f3n Caja Rural del Sur","isPartOf":{"@id":"https:\/\/fundacioncajaruraldelsur.com\/#website"},"primaryImageOfPage":{"@id":"https:\/\/fundacioncajaruraldelsur.com\/el-consejo-de-hermandades-de-sevilla-y-fundacion-caja-rural-del-sur-renuevan-su-colaboracion\/#primaryimage"},"image":{"@id":"https:\/\/fundacioncajaruraldelsur.com\/el-consejo-de-hermandades-de-sevilla-y-fundacion-caja-rural-del-sur-renuevan-su-colaboracion\/#primaryimage"},"thumbnailUrl":"https:\/\/fundacioncajaruraldelsur.com\/wp-content\/uploads\/2020\/01\/ConsejoHermandades-CRuralSur.jpg","datePublished":"2020-01-13T17:38:32+00:00","author":{"@id":"https:\/\/fundacioncajaruraldelsur.com\/#\/schema\/person\/f430da9fb783d505ff061ad8b3d44577"},"breadcrumb":{"@id":"https:\/\/fundacioncajaruraldelsur.com\/el-consejo-de-hermandades-de-sevilla-y-fundacion-caja-rural-del-sur-renuevan-su-colaboracion\/#breadcrumb"},"inLanguage":"pt-PT","potentialAction":[{"@type":"ReadAction","target":["https:\/\/fundacioncajaruraldelsur.com\/el-consejo-de-hermandades-de-sevilla-y-fundacion-caja-rural-del-sur-renuevan-su-colaboracion\/"]}]},{"@type":"ImageObject","inLanguage":"pt-PT","@id":"https:\/\/fundacioncajaruraldelsur.com\/el-consejo-de-hermandades-de-sevilla-y-fundacion-caja-rural-del-sur-renuevan-su-colaboracion\/#primaryimage","url":"https:\/\/fundacioncajaruraldelsur.com\/wp-content\/uploads\/2020\/01\/ConsejoHermandades-CRuralSur.jpg","contentUrl":"https:\/\/fundacioncajaruraldelsur.com\/wp-content\/uploads\/2020\/01\/ConsejoHermandades-CRuralSur.jpg","width":876,"height":657},{"@type":"BreadcrumbList","@id":"https:\/\/fundacioncajaruraldelsur.com\/el-consejo-de-hermandades-de-sevilla-y-fundacion-caja-rural-del-sur-renuevan-su-colaboracion\/#breadcrumb","itemListElement":[{"@type":"ListItem","position":1,"name":"Portada","item":"https:\/\/fundacioncajaruraldelsur.com\/"},{"@type":"ListItem","position":2,"name":"El Consejo de Hermandades de Sevilla y Fundaci\u00f3n Caja Rural del Sur renuevan su colaboraci\u00f3n"}]},{"@type":"WebSite","@id":"https:\/\/fundacioncajaruraldelsur.com\/#website","url":"https:\/\/fundacioncajaruraldelsur.com\/","name":"Funda\u00e7\u00e3o Caja Rural del Sur","description":"","potentialAction":[{"@type":"SearchAction","target":{"@type":"EntryPoint","urlTemplate":"https:\/\/fundacioncajaruraldelsur.com\/?s={search_term_string}"},"query-input":{"@type":"PropertyValueSpecification","valueRequired":true,"valueName":"search_term_string"}}],"inLanguage":"pt-PT"},{"@type":"Person","@id":"https:\/\/fundacioncajaruraldelsur.com\/#\/schema\/person\/f430da9fb783d505ff061ad8b3d44577","name":"Comunicaci\u00f3n","image":{"@type":"ImageObject","inLanguage":"pt-PT","@id":"https:\/\/secure.gravatar.com\/avatar\/0dca239875993680bac4603ad2de7942da018f52cc3a244578e0b3b09314a8d8?s=96&d=blank&r=g","url":"https:\/\/secure.gravatar.com\/avatar\/0dca239875993680bac4603ad2de7942da018f52cc3a244578e0b3b09314a8d8?s=96&d=blank&r=g","contentUrl":"https:\/\/secure.gravatar.com\/avatar\/0dca239875993680bac4603ad2de7942da018f52cc3a244578e0b3b09314a8d8?s=96&d=blank&r=g","caption":"Comunicaci\u00f3n"}}]}},"rttpg_featured_image_url":{"full":["https:\/\/fundacioncajaruraldelsur.com\/wp-content\/uploads\/2020\/01\/ConsejoHermandades-CRuralSur.jpg",876,657,false],"landscape":["https:\/\/fundacioncajaruraldelsur.com\/wp-content\/uploads\/2020\/01\/ConsejoHermandades-CRuralSur.jpg",876,657,false],"portraits":["https:\/\/fundacioncajaruraldelsur.com\/wp-content\/uploads\/2020\/01\/ConsejoHermandades-CRuralSur.jpg",876,657,false],"thumbnail":["https:\/\/fundacioncajaruraldelsur.com\/wp-content\/uploads\/2020\/01\/ConsejoHermandades-CRuralSur-150x150.jpg",150,150,true],"medium":["https:\/\/fundacioncajaruraldelsur.com\/wp-content\/uploads\/2020\/01\/ConsejoHermandades-CRuralSur-300x225.jpg",300,225,true],"large":["https:\/\/fundacioncajaruraldelsur.com\/wp-content\/uploads\/2020\/01\/ConsejoHermandades-CRuralSur.jpg",876,657,false],"1536x1536":["https:\/\/fundacioncajaruraldelsur.com\/wp-content\/uploads\/2020\/01\/ConsejoHermandades-CRuralSur.jpg",876,657,false],"2048x2048":["https:\/\/fundacioncajaruraldelsur.com\/wp-content\/uploads\/2020\/01\/ConsejoHermandades-CRuralSur.jpg",876,657,false],"trp-custom-language-flag":["https:\/\/fundacioncajaruraldelsur.com\/wp-content\/uploads\/2020\/01\/ConsejoHermandades-CRuralSur.jpg",16,12,false],"blog-thumbnail":["https:\/\/fundacioncajaruraldelsur.com\/wp-content\/uploads\/2020\/01\/ConsejoHermandades-CRuralSur-400x200.jpg",400,200,true]},"rttpg_author":{"display_name":"Comunicaci\u00f3n","author_link":"https:\/\/fundacioncajaruraldelsur.com\/pt\/author\/sevillaadmin\/"},"rttpg_comment":0,"rttpg_category":"<a href=\"https:\/\/fundacioncajaruraldelsur.com\/pt\/category\/convenios\/\" rel=\"category tag\">Convenios<\/a>","rttpg_excerpt":"El Consejo General de Hermandades y Cofrad\u00edas de la Ciudad de Sevilla y la Fundaci\u00f3n Caja Rural del Sur vuelven a estrechar lazos renovando el convenio de colaboraci\u00f3n entre ambas [&hellip;]","_links":{"self":[{"href":"https:\/\/fundacioncajaruraldelsur.com\/pt\/wp-json\/wp\/v2\/posts\/5468","targetHints":{"allow":["GET"]}}],"collection":[{"href":"https:\/\/fundacioncajaruraldelsur.com\/pt\/wp-json\/wp\/v2\/posts"}],"about":[{"href":"https:\/\/fundacioncajaruraldelsur.com\/pt\/wp-json\/wp\/v2\/types\/post"}],"author":[{"embeddable":true,"href":"https:\/\/fundacioncajaruraldelsur.com\/pt\/wp-json\/wp\/v2\/users\/6"}],"replies":[{"embeddable":true,"href":"https:\/\/fundacioncajaruraldelsur.com\/pt\/wp-json\/wp\/v2\/comments?post=5468"}],"version-history":[{"count":1,"href":"https:\/\/fundacioncajaruraldelsur.com\/pt\/wp-json\/wp\/v2\/posts\/5468\/revisions"}],"predecessor-version":[{"id":5471,"href":"https:\/\/fundacioncajaruraldelsur.com\/pt\/wp-json\/wp\/v2\/posts\/5468\/revisions\/5471"}],"wp:featuredmedia":[{"embeddable":true,"href":"https:\/\/fundacioncajaruraldelsur.com\/pt\/wp-json\/wp\/v2\/media\/5469"}],"wp:attachment":[{"href":"https:\/\/fundacioncajaruraldelsur.com\/pt\/wp-json\/wp\/v2\/media?parent=5468"}],"wp:term":[{"taxonomy":"category","embeddable":true,"href":"https:\/\/fundacioncajaruraldelsur.com\/pt\/wp-json\/wp\/v2\/categories?post=5468"},{"taxonomy":"post_tag","embeddable":true,"href":"https:\/\/fundacioncajaruraldelsur.com\/pt\/wp-json\/wp\/v2\/tags?post=5468"}],"curies":[{"name":"wp","href":"https:\/\/api.w.org\/{rel}","templated":true}]}}