{"id":5332,"date":"2019-11-18T22:47:43","date_gmt":"2019-11-18T20:47:43","guid":{"rendered":"\/?p=5332"},"modified":"2019-11-18T23:00:44","modified_gmt":"2019-11-18T21:00:44","slug":"presentacion-del-libro-la-mirada-compasiva-itinerario-espiritual-con-murillo-por-la-iglesia-de-la-caridad-de-sevilla-del-periodista-sevillano-javier-rubio","status":"publish","type":"post","link":"https:\/\/fundacioncajaruraldelsur.com\/pt\/presentacion-del-libro-la-mirada-compasiva-itinerario-espiritual-con-murillo-por-la-iglesia-de-la-caridad-de-sevilla-del-periodista-sevillano-javier-rubio\/","title":{"rendered":"Presentaci\u00f3n del libro \u00abLa mirada compasiva: Itinerario espiritual con Murillo por la iglesia de la Caridad de Sevilla\u00bb  del periodista sevillano Javier Rubio"},"content":{"rendered":"<p>El Centro Cultural Jos\u00e9 Luis Garc\u00eda Palacios de la Fundaci\u00f3n Caja Rural del Sur ha acogido\u00a0la presentaci\u00f3n del libro\u00a0\u00a0\u00abLa mirada compasiva: Itinerario espiritual con Murillo por la iglesia de la Caridad de Sevilla\u00bb\u00a0 del periodista sevillano Javier Rubio.<\/p>\n<p>La obra recoge un itinerario espiritual por los cuadros que Bartolom\u00e9 Esteban Murillo pint\u00f3 para la iglesia de San Jorge de la hermandad de la Santa Caridad.\u00a0 Tal y como ha explicado el autor, se trata de unas meditaciones\u00a0 que realiz\u00f3 en la nueva Parroquia de San Juan Pablo II de Montequinto en Sevilla cuyo p\u00e1rroco, D. Adri\u00e1n R\u00edos, ha estado presente en la presentaci\u00f3n.<\/p>\n<p>Con el patrocinio de Caja Rural del Sur, el libro se ha destinado a fines ben\u00e9ficos ya que lo obtenido de su venta ser\u00e1 donado a la Hermandad de la Santa Caridad cuyo Hermano Mayor, Eduardo Ybarra, tambi\u00e9n ha estado presente en el acto.<\/p>\n<p>As\u00ed, el periodista realiza en esta publicaci\u00f3n una \u201cperegrinaci\u00f3n de palabra por sus lienzos y lo que significa, como una catequesis itinerante en torno a las siete obras corporales de misericordia que la hermandad quiso que vistieran las paredes del templo como las p\u00e1ginas de un catecismo abierto a todo el mundo\u201d.<\/p>\n<p>A lo largo de la \u00fanica nave de la iglesia de San Jorge de la hermandad de la Santa Caridad se disponen seis cuadros con escenas b\u00edblicas del Antiguo y el Nuevo Testamento completados con el retablo del altar mayor en el que se exhorta a los fieles a enterrar a los muertos con el propio entierro de Cristo, descendido de la cruz, obra escult\u00f3rica de Pedro Rold\u00e1n con pinturas de Vald\u00e9s Leal y Murillo.<\/p>\n<p>El libro cuenta con el pr\u00f3logo del presidente de la Fundaci\u00f3n Caja Rural del Sur, Jos\u00e9 Luis Garc\u00eda-Palacios \u00c1lvarez, quien destaca \u201cla visi\u00f3n global\u201d que realiza en el mismo el autor \u201cde la excelsa y exclusiva obra de Murillo que La Santa Caridad ha custodiado y mantenido para la humanidad, para el engrandecimiento art\u00edstico y para mayor orgullo de Sevilla. Hay que reconocer que la visi\u00f3n del autor, Javier Rubio, ha sido especialmente sensible con el mensaje de cada una de las obras\u201d.<\/p>\n<p>Destaca adem\u00e1s Garc\u00eda-Palacios \u00c1lvarez en el pr\u00f3logo \u201cla espiritualidad que emana de cada uno de los cuadros, poniendo todo acento posible en la evocaci\u00f3n de los valores cristianos, como son la humildad, el perd\u00f3n, la compasi\u00f3n o la entrega absoluta a los dem\u00e1s, que se brindan rotundamente a la vista del espectador por medio de gestos imperceptibles, en rincones del lienzo o en trazos magistrales de la propia pintura, con una excelencia tal que podremos disfrutarlas a\u00fan m\u00e1s si las observamos con un una gu\u00eda tan precisa y reflexiva como la que pone a disposici\u00f3n el autor\u201d.<\/p>\n<p><a href=\"\/wp-content\/uploads\/2019\/11\/IMG_8668.jpg\" rel=\"lightbox-0\"><img loading=\"lazy\" decoding=\"async\" class=\"alignnone wp-image-5335 size-full\" src=\"\/wp-content\/uploads\/2019\/11\/IMG_8668.jpg\" alt=\"\" width=\"864\" height=\"701\" srcset=\"https:\/\/fundacioncajaruraldelsur.com\/wp-content\/uploads\/2019\/11\/IMG_8668.jpg 864w, https:\/\/fundacioncajaruraldelsur.com\/wp-content\/uploads\/2019\/11\/IMG_8668-300x243.jpg 300w, https:\/\/fundacioncajaruraldelsur.com\/wp-content\/uploads\/2019\/11\/IMG_8668-768x623.jpg 768w\" sizes=\"auto, (max-width: 864px) 100vw, 864px\" \/><\/a><a href=\"\/wp-content\/uploads\/2019\/11\/EJrZ7B_XkAEvpr9.jpeg\" rel=\"lightbox-1\"><img loading=\"lazy\" decoding=\"async\" class=\"alignnone wp-image-5340 size-full\" src=\"\/wp-content\/uploads\/2019\/11\/EJrZ7B_XkAEvpr9.jpeg\" alt=\"\" width=\"2048\" height=\"1591\" srcset=\"https:\/\/fundacioncajaruraldelsur.com\/wp-content\/uploads\/2019\/11\/EJrZ7B_XkAEvpr9.jpeg 2048w, https:\/\/fundacioncajaruraldelsur.com\/wp-content\/uploads\/2019\/11\/EJrZ7B_XkAEvpr9-300x233.jpeg 300w, https:\/\/fundacioncajaruraldelsur.com\/wp-content\/uploads\/2019\/11\/EJrZ7B_XkAEvpr9-768x597.jpeg 768w, https:\/\/fundacioncajaruraldelsur.com\/wp-content\/uploads\/2019\/11\/EJrZ7B_XkAEvpr9-1024x796.jpeg 1024w\" sizes=\"auto, (max-width: 2048px) 100vw, 2048px\" \/><\/a><\/p>\n<p><a href=\"\/wp-content\/uploads\/2019\/11\/IMG_8674.jpg\" rel=\"lightbox-2\"><img loading=\"lazy\" decoding=\"async\" class=\"alignnone wp-image-5334 size-full\" src=\"\/wp-content\/uploads\/2019\/11\/IMG_8674.jpg\" alt=\"\" width=\"910\" height=\"652\" srcset=\"https:\/\/fundacioncajaruraldelsur.com\/wp-content\/uploads\/2019\/11\/IMG_8674.jpg 910w, https:\/\/fundacioncajaruraldelsur.com\/wp-content\/uploads\/2019\/11\/IMG_8674-300x215.jpg 300w, https:\/\/fundacioncajaruraldelsur.com\/wp-content\/uploads\/2019\/11\/IMG_8674-768x550.jpg 768w\" sizes=\"auto, (max-width: 910px) 100vw, 910px\" \/><\/a><\/p>","protected":false},"excerpt":{"rendered":"<p>El Centro Cultural Jos\u00e9 Luis Garc\u00eda Palacios de la Fundaci\u00f3n Caja Rural del Sur ha acogido\u00a0la presentaci\u00f3n del libro\u00a0\u00a0\u00abLa mirada compasiva: Itinerario espiritual con Murillo por la iglesia de la [&hellip;]<\/p>\n","protected":false},"author":6,"featured_media":5334,"comment_status":"closed","ping_status":"closed","sticky":false,"template":"","format":"standard","meta":{"footnotes":""},"categories":[84],"tags":[],"class_list":["post-5332","post","type-post","status-publish","format-standard","has-post-thumbnail","hentry","category-presentaciones"],"yoast_head":"<!-- This site is optimized with the Yoast SEO plugin v27.3 - https:\/\/yoast.com\/product\/yoast-seo-wordpress\/ -->\n<title>Presentaci\u00f3n del libro &quot;La mirada compasiva: Itinerario espiritual con Murillo por la iglesia de la Caridad de Sevilla&quot; del periodista sevillano Javier Rubio - Fundaci\u00f3n Caja Rural del Sur<\/title>\n<meta name=\"robots\" content=\"index, follow, max-snippet:-1, max-image-preview:large, max-video-preview:-1\" \/>\n<link rel=\"canonical\" href=\"https:\/\/fundacioncajaruraldelsur.com\/pt\/presentacion-del-libro-la-mirada-compasiva-itinerario-espiritual-con-murillo-por-la-iglesia-de-la-caridad-de-sevilla-del-periodista-sevillano-javier-rubio\/\" \/>\n<meta property=\"og:locale\" content=\"pt_PT\" \/>\n<meta property=\"og:type\" content=\"article\" \/>\n<meta property=\"og:title\" content=\"Presentaci\u00f3n del libro &quot;La mirada compasiva: Itinerario espiritual con Murillo por la iglesia de la Caridad de Sevilla&quot; del periodista sevillano Javier Rubio - Fundaci\u00f3n Caja Rural del Sur\" \/>\n<meta property=\"og:description\" content=\"El Centro Cultural Jos\u00e9 Luis Garc\u00eda Palacios de la Fundaci\u00f3n Caja Rural del Sur ha acogido\u00a0la presentaci\u00f3n del libro\u00a0\u00a0\u00abLa mirada compasiva: Itinerario espiritual con Murillo por la iglesia de la [&hellip;]\" \/>\n<meta property=\"og:url\" content=\"https:\/\/fundacioncajaruraldelsur.com\/pt\/presentacion-del-libro-la-mirada-compasiva-itinerario-espiritual-con-murillo-por-la-iglesia-de-la-caridad-de-sevilla-del-periodista-sevillano-javier-rubio\/\" \/>\n<meta property=\"og:site_name\" content=\"Fundaci\u00f3n Caja Rural del Sur\" \/>\n<meta property=\"article:published_time\" content=\"2019-11-18T20:47:43+00:00\" \/>\n<meta property=\"article:modified_time\" content=\"2019-11-18T21:00:44+00:00\" \/>\n<meta property=\"og:image\" content=\"https:\/\/fundacioncajaruraldelsur.com\/wp-content\/uploads\/2019\/11\/IMG_8674.jpg\" \/>\n\t<meta property=\"og:image:width\" content=\"910\" \/>\n\t<meta property=\"og:image:height\" content=\"652\" \/>\n\t<meta property=\"og:image:type\" content=\"image\/jpeg\" \/>\n<meta name=\"author\" content=\"Comunicaci\u00f3n\" \/>\n<meta name=\"twitter:card\" content=\"summary_large_image\" \/>\n<meta name=\"twitter:label1\" content=\"Written by\" \/>\n\t<meta name=\"twitter:data1\" content=\"Comunicaci\u00f3n\" \/>\n\t<meta name=\"twitter:label2\" content=\"Est. reading time\" \/>\n\t<meta name=\"twitter:data2\" content=\"2 minutes\" \/>\n<script type=\"application\/ld+json\" class=\"yoast-schema-graph\">{\"@context\":\"https:\\\/\\\/schema.org\",\"@graph\":[{\"@type\":\"Article\",\"@id\":\"https:\\\/\\\/fundacioncajaruraldelsur.com\\\/presentacion-del-libro-la-mirada-compasiva-itinerario-espiritual-con-murillo-por-la-iglesia-de-la-caridad-de-sevilla-del-periodista-sevillano-javier-rubio\\\/#article\",\"isPartOf\":{\"@id\":\"https:\\\/\\\/fundacioncajaruraldelsur.com\\\/presentacion-del-libro-la-mirada-compasiva-itinerario-espiritual-con-murillo-por-la-iglesia-de-la-caridad-de-sevilla-del-periodista-sevillano-javier-rubio\\\/\"},\"author\":{\"name\":\"Comunicaci\u00f3n\",\"@id\":\"https:\\\/\\\/fundacioncajaruraldelsur.com\\\/#\\\/schema\\\/person\\\/f430da9fb783d505ff061ad8b3d44577\"},\"headline\":\"Presentaci\u00f3n del libro \u00abLa mirada compasiva: Itinerario espiritual con Murillo por la iglesia de la Caridad de Sevilla\u00bb del periodista sevillano Javier Rubio\",\"datePublished\":\"2019-11-18T20:47:43+00:00\",\"dateModified\":\"2019-11-18T21:00:44+00:00\",\"mainEntityOfPage\":{\"@id\":\"https:\\\/\\\/fundacioncajaruraldelsur.com\\\/presentacion-del-libro-la-mirada-compasiva-itinerario-espiritual-con-murillo-por-la-iglesia-de-la-caridad-de-sevilla-del-periodista-sevillano-javier-rubio\\\/\"},\"wordCount\":513,\"image\":{\"@id\":\"https:\\\/\\\/fundacioncajaruraldelsur.com\\\/presentacion-del-libro-la-mirada-compasiva-itinerario-espiritual-con-murillo-por-la-iglesia-de-la-caridad-de-sevilla-del-periodista-sevillano-javier-rubio\\\/#primaryimage\"},\"thumbnailUrl\":\"https:\\\/\\\/fundacioncajaruraldelsur.com\\\/wp-content\\\/uploads\\\/2019\\\/11\\\/IMG_8674.jpg\",\"articleSection\":[\"Presentaciones\"],\"inLanguage\":\"pt-PT\"},{\"@type\":\"WebPage\",\"@id\":\"https:\\\/\\\/fundacioncajaruraldelsur.com\\\/presentacion-del-libro-la-mirada-compasiva-itinerario-espiritual-con-murillo-por-la-iglesia-de-la-caridad-de-sevilla-del-periodista-sevillano-javier-rubio\\\/\",\"url\":\"https:\\\/\\\/fundacioncajaruraldelsur.com\\\/presentacion-del-libro-la-mirada-compasiva-itinerario-espiritual-con-murillo-por-la-iglesia-de-la-caridad-de-sevilla-del-periodista-sevillano-javier-rubio\\\/\",\"name\":\"Presentaci\u00f3n del libro \\\"La mirada compasiva: Itinerario espiritual con Murillo por la iglesia de la Caridad de Sevilla\\\" del periodista sevillano Javier Rubio - Fundaci\u00f3n Caja Rural del Sur\",\"isPartOf\":{\"@id\":\"https:\\\/\\\/fundacioncajaruraldelsur.com\\\/#website\"},\"primaryImageOfPage\":{\"@id\":\"https:\\\/\\\/fundacioncajaruraldelsur.com\\\/presentacion-del-libro-la-mirada-compasiva-itinerario-espiritual-con-murillo-por-la-iglesia-de-la-caridad-de-sevilla-del-periodista-sevillano-javier-rubio\\\/#primaryimage\"},\"image\":{\"@id\":\"https:\\\/\\\/fundacioncajaruraldelsur.com\\\/presentacion-del-libro-la-mirada-compasiva-itinerario-espiritual-con-murillo-por-la-iglesia-de-la-caridad-de-sevilla-del-periodista-sevillano-javier-rubio\\\/#primaryimage\"},\"thumbnailUrl\":\"https:\\\/\\\/fundacioncajaruraldelsur.com\\\/wp-content\\\/uploads\\\/2019\\\/11\\\/IMG_8674.jpg\",\"datePublished\":\"2019-11-18T20:47:43+00:00\",\"dateModified\":\"2019-11-18T21:00:44+00:00\",\"author\":{\"@id\":\"https:\\\/\\\/fundacioncajaruraldelsur.com\\\/#\\\/schema\\\/person\\\/f430da9fb783d505ff061ad8b3d44577\"},\"breadcrumb\":{\"@id\":\"https:\\\/\\\/fundacioncajaruraldelsur.com\\\/presentacion-del-libro-la-mirada-compasiva-itinerario-espiritual-con-murillo-por-la-iglesia-de-la-caridad-de-sevilla-del-periodista-sevillano-javier-rubio\\\/#breadcrumb\"},\"inLanguage\":\"pt-PT\",\"potentialAction\":[{\"@type\":\"ReadAction\",\"target\":[\"https:\\\/\\\/fundacioncajaruraldelsur.com\\\/presentacion-del-libro-la-mirada-compasiva-itinerario-espiritual-con-murillo-por-la-iglesia-de-la-caridad-de-sevilla-del-periodista-sevillano-javier-rubio\\\/\"]}]},{\"@type\":\"ImageObject\",\"inLanguage\":\"pt-PT\",\"@id\":\"https:\\\/\\\/fundacioncajaruraldelsur.com\\\/presentacion-del-libro-la-mirada-compasiva-itinerario-espiritual-con-murillo-por-la-iglesia-de-la-caridad-de-sevilla-del-periodista-sevillano-javier-rubio\\\/#primaryimage\",\"url\":\"https:\\\/\\\/fundacioncajaruraldelsur.com\\\/wp-content\\\/uploads\\\/2019\\\/11\\\/IMG_8674.jpg\",\"contentUrl\":\"https:\\\/\\\/fundacioncajaruraldelsur.com\\\/wp-content\\\/uploads\\\/2019\\\/11\\\/IMG_8674.jpg\",\"width\":910,\"height\":652},{\"@type\":\"BreadcrumbList\",\"@id\":\"https:\\\/\\\/fundacioncajaruraldelsur.com\\\/presentacion-del-libro-la-mirada-compasiva-itinerario-espiritual-con-murillo-por-la-iglesia-de-la-caridad-de-sevilla-del-periodista-sevillano-javier-rubio\\\/#breadcrumb\",\"itemListElement\":[{\"@type\":\"ListItem\",\"position\":1,\"name\":\"Portada\",\"item\":\"https:\\\/\\\/fundacioncajaruraldelsur.com\\\/\"},{\"@type\":\"ListItem\",\"position\":2,\"name\":\"Presentaci\u00f3n del libro \u00abLa mirada compasiva: Itinerario espiritual con Murillo por la iglesia de la Caridad de Sevilla\u00bb del periodista sevillano Javier Rubio\"}]},{\"@type\":\"WebSite\",\"@id\":\"https:\\\/\\\/fundacioncajaruraldelsur.com\\\/#website\",\"url\":\"https:\\\/\\\/fundacioncajaruraldelsur.com\\\/\",\"name\":\"Fundaci\u00f3n Caja Rural del Sur\",\"description\":\"\",\"potentialAction\":[{\"@type\":\"SearchAction\",\"target\":{\"@type\":\"EntryPoint\",\"urlTemplate\":\"https:\\\/\\\/fundacioncajaruraldelsur.com\\\/?s={search_term_string}\"},\"query-input\":{\"@type\":\"PropertyValueSpecification\",\"valueRequired\":true,\"valueName\":\"search_term_string\"}}],\"inLanguage\":\"pt-PT\"},{\"@type\":\"Person\",\"@id\":\"https:\\\/\\\/fundacioncajaruraldelsur.com\\\/#\\\/schema\\\/person\\\/f430da9fb783d505ff061ad8b3d44577\",\"name\":\"Comunicaci\u00f3n\",\"image\":{\"@type\":\"ImageObject\",\"inLanguage\":\"pt-PT\",\"@id\":\"https:\\\/\\\/secure.gravatar.com\\\/avatar\\\/0dca239875993680bac4603ad2de7942da018f52cc3a244578e0b3b09314a8d8?s=96&d=blank&r=g\",\"url\":\"https:\\\/\\\/secure.gravatar.com\\\/avatar\\\/0dca239875993680bac4603ad2de7942da018f52cc3a244578e0b3b09314a8d8?s=96&d=blank&r=g\",\"contentUrl\":\"https:\\\/\\\/secure.gravatar.com\\\/avatar\\\/0dca239875993680bac4603ad2de7942da018f52cc3a244578e0b3b09314a8d8?s=96&d=blank&r=g\",\"caption\":\"Comunicaci\u00f3n\"}}]}<\/script>\n<!-- \/ Yoast SEO plugin. -->","yoast_head_json":{"title":"Presentaci\u00f3n del libro \"La mirada compasiva: Itinerario espiritual con Murillo por la iglesia de la Caridad de Sevilla\" del periodista sevillano Javier Rubio - Fundaci\u00f3n Caja Rural del Sur","robots":{"index":"index","follow":"follow","max-snippet":"max-snippet:-1","max-image-preview":"max-image-preview:large","max-video-preview":"max-video-preview:-1"},"canonical":"https:\/\/fundacioncajaruraldelsur.com\/pt\/presentacion-del-libro-la-mirada-compasiva-itinerario-espiritual-con-murillo-por-la-iglesia-de-la-caridad-de-sevilla-del-periodista-sevillano-javier-rubio\/","og_locale":"pt_PT","og_type":"article","og_title":"Presentaci\u00f3n del libro \"La mirada compasiva: Itinerario espiritual con Murillo por la iglesia de la Caridad de Sevilla\" del periodista sevillano Javier Rubio - Fundaci\u00f3n Caja Rural del Sur","og_description":"El Centro Cultural Jos\u00e9 Luis Garc\u00eda Palacios de la Fundaci\u00f3n Caja Rural del Sur ha acogido\u00a0la presentaci\u00f3n del libro\u00a0\u00a0\u00abLa mirada compasiva: Itinerario espiritual con Murillo por la iglesia de la [&hellip;]","og_url":"https:\/\/fundacioncajaruraldelsur.com\/pt\/presentacion-del-libro-la-mirada-compasiva-itinerario-espiritual-con-murillo-por-la-iglesia-de-la-caridad-de-sevilla-del-periodista-sevillano-javier-rubio\/","og_site_name":"Fundaci\u00f3n Caja Rural del Sur","article_published_time":"2019-11-18T20:47:43+00:00","article_modified_time":"2019-11-18T21:00:44+00:00","og_image":[{"width":910,"height":652,"url":"https:\/\/fundacioncajaruraldelsur.com\/wp-content\/uploads\/2019\/11\/IMG_8674.jpg","type":"image\/jpeg"}],"author":"Comunicaci\u00f3n","twitter_card":"summary_large_image","twitter_misc":{"Written by":"Comunicaci\u00f3n","Est. reading time":"2 minutes"},"schema":{"@context":"https:\/\/schema.org","@graph":[{"@type":"Article","@id":"https:\/\/fundacioncajaruraldelsur.com\/presentacion-del-libro-la-mirada-compasiva-itinerario-espiritual-con-murillo-por-la-iglesia-de-la-caridad-de-sevilla-del-periodista-sevillano-javier-rubio\/#article","isPartOf":{"@id":"https:\/\/fundacioncajaruraldelsur.com\/presentacion-del-libro-la-mirada-compasiva-itinerario-espiritual-con-murillo-por-la-iglesia-de-la-caridad-de-sevilla-del-periodista-sevillano-javier-rubio\/"},"author":{"name":"Comunicaci\u00f3n","@id":"https:\/\/fundacioncajaruraldelsur.com\/#\/schema\/person\/f430da9fb783d505ff061ad8b3d44577"},"headline":"Presentaci\u00f3n del libro \u00abLa mirada compasiva: Itinerario espiritual con Murillo por la iglesia de la Caridad de Sevilla\u00bb del periodista sevillano Javier Rubio","datePublished":"2019-11-18T20:47:43+00:00","dateModified":"2019-11-18T21:00:44+00:00","mainEntityOfPage":{"@id":"https:\/\/fundacioncajaruraldelsur.com\/presentacion-del-libro-la-mirada-compasiva-itinerario-espiritual-con-murillo-por-la-iglesia-de-la-caridad-de-sevilla-del-periodista-sevillano-javier-rubio\/"},"wordCount":513,"image":{"@id":"https:\/\/fundacioncajaruraldelsur.com\/presentacion-del-libro-la-mirada-compasiva-itinerario-espiritual-con-murillo-por-la-iglesia-de-la-caridad-de-sevilla-del-periodista-sevillano-javier-rubio\/#primaryimage"},"thumbnailUrl":"https:\/\/fundacioncajaruraldelsur.com\/wp-content\/uploads\/2019\/11\/IMG_8674.jpg","articleSection":["Presentaciones"],"inLanguage":"pt-PT"},{"@type":"WebPage","@id":"https:\/\/fundacioncajaruraldelsur.com\/presentacion-del-libro-la-mirada-compasiva-itinerario-espiritual-con-murillo-por-la-iglesia-de-la-caridad-de-sevilla-del-periodista-sevillano-javier-rubio\/","url":"https:\/\/fundacioncajaruraldelsur.com\/presentacion-del-libro-la-mirada-compasiva-itinerario-espiritual-con-murillo-por-la-iglesia-de-la-caridad-de-sevilla-del-periodista-sevillano-javier-rubio\/","name":"Presentaci\u00f3n del libro \"La mirada compasiva: Itinerario espiritual con Murillo por la iglesia de la Caridad de Sevilla\" del periodista sevillano Javier Rubio - Fundaci\u00f3n Caja Rural del Sur","isPartOf":{"@id":"https:\/\/fundacioncajaruraldelsur.com\/#website"},"primaryImageOfPage":{"@id":"https:\/\/fundacioncajaruraldelsur.com\/presentacion-del-libro-la-mirada-compasiva-itinerario-espiritual-con-murillo-por-la-iglesia-de-la-caridad-de-sevilla-del-periodista-sevillano-javier-rubio\/#primaryimage"},"image":{"@id":"https:\/\/fundacioncajaruraldelsur.com\/presentacion-del-libro-la-mirada-compasiva-itinerario-espiritual-con-murillo-por-la-iglesia-de-la-caridad-de-sevilla-del-periodista-sevillano-javier-rubio\/#primaryimage"},"thumbnailUrl":"https:\/\/fundacioncajaruraldelsur.com\/wp-content\/uploads\/2019\/11\/IMG_8674.jpg","datePublished":"2019-11-18T20:47:43+00:00","dateModified":"2019-11-18T21:00:44+00:00","author":{"@id":"https:\/\/fundacioncajaruraldelsur.com\/#\/schema\/person\/f430da9fb783d505ff061ad8b3d44577"},"breadcrumb":{"@id":"https:\/\/fundacioncajaruraldelsur.com\/presentacion-del-libro-la-mirada-compasiva-itinerario-espiritual-con-murillo-por-la-iglesia-de-la-caridad-de-sevilla-del-periodista-sevillano-javier-rubio\/#breadcrumb"},"inLanguage":"pt-PT","potentialAction":[{"@type":"ReadAction","target":["https:\/\/fundacioncajaruraldelsur.com\/presentacion-del-libro-la-mirada-compasiva-itinerario-espiritual-con-murillo-por-la-iglesia-de-la-caridad-de-sevilla-del-periodista-sevillano-javier-rubio\/"]}]},{"@type":"ImageObject","inLanguage":"pt-PT","@id":"https:\/\/fundacioncajaruraldelsur.com\/presentacion-del-libro-la-mirada-compasiva-itinerario-espiritual-con-murillo-por-la-iglesia-de-la-caridad-de-sevilla-del-periodista-sevillano-javier-rubio\/#primaryimage","url":"https:\/\/fundacioncajaruraldelsur.com\/wp-content\/uploads\/2019\/11\/IMG_8674.jpg","contentUrl":"https:\/\/fundacioncajaruraldelsur.com\/wp-content\/uploads\/2019\/11\/IMG_8674.jpg","width":910,"height":652},{"@type":"BreadcrumbList","@id":"https:\/\/fundacioncajaruraldelsur.com\/presentacion-del-libro-la-mirada-compasiva-itinerario-espiritual-con-murillo-por-la-iglesia-de-la-caridad-de-sevilla-del-periodista-sevillano-javier-rubio\/#breadcrumb","itemListElement":[{"@type":"ListItem","position":1,"name":"Portada","item":"https:\/\/fundacioncajaruraldelsur.com\/"},{"@type":"ListItem","position":2,"name":"Presentaci\u00f3n del libro \u00abLa mirada compasiva: Itinerario espiritual con Murillo por la iglesia de la Caridad de Sevilla\u00bb del periodista sevillano Javier Rubio"}]},{"@type":"WebSite","@id":"https:\/\/fundacioncajaruraldelsur.com\/#website","url":"https:\/\/fundacioncajaruraldelsur.com\/","name":"Funda\u00e7\u00e3o Caja Rural del Sur","description":"","potentialAction":[{"@type":"SearchAction","target":{"@type":"EntryPoint","urlTemplate":"https:\/\/fundacioncajaruraldelsur.com\/?s={search_term_string}"},"query-input":{"@type":"PropertyValueSpecification","valueRequired":true,"valueName":"search_term_string"}}],"inLanguage":"pt-PT"},{"@type":"Person","@id":"https:\/\/fundacioncajaruraldelsur.com\/#\/schema\/person\/f430da9fb783d505ff061ad8b3d44577","name":"Comunicaci\u00f3n","image":{"@type":"ImageObject","inLanguage":"pt-PT","@id":"https:\/\/secure.gravatar.com\/avatar\/0dca239875993680bac4603ad2de7942da018f52cc3a244578e0b3b09314a8d8?s=96&d=blank&r=g","url":"https:\/\/secure.gravatar.com\/avatar\/0dca239875993680bac4603ad2de7942da018f52cc3a244578e0b3b09314a8d8?s=96&d=blank&r=g","contentUrl":"https:\/\/secure.gravatar.com\/avatar\/0dca239875993680bac4603ad2de7942da018f52cc3a244578e0b3b09314a8d8?s=96&d=blank&r=g","caption":"Comunicaci\u00f3n"}}]}},"rttpg_featured_image_url":{"full":["https:\/\/fundacioncajaruraldelsur.com\/wp-content\/uploads\/2019\/11\/IMG_8674.jpg",910,652,false],"landscape":["https:\/\/fundacioncajaruraldelsur.com\/wp-content\/uploads\/2019\/11\/IMG_8674.jpg",910,652,false],"portraits":["https:\/\/fundacioncajaruraldelsur.com\/wp-content\/uploads\/2019\/11\/IMG_8674.jpg",910,652,false],"thumbnail":["https:\/\/fundacioncajaruraldelsur.com\/wp-content\/uploads\/2019\/11\/IMG_8674-150x150.jpg",150,150,true],"medium":["https:\/\/fundacioncajaruraldelsur.com\/wp-content\/uploads\/2019\/11\/IMG_8674-300x215.jpg",300,215,true],"large":["https:\/\/fundacioncajaruraldelsur.com\/wp-content\/uploads\/2019\/11\/IMG_8674.jpg",910,652,false],"1536x1536":["https:\/\/fundacioncajaruraldelsur.com\/wp-content\/uploads\/2019\/11\/IMG_8674.jpg",910,652,false],"2048x2048":["https:\/\/fundacioncajaruraldelsur.com\/wp-content\/uploads\/2019\/11\/IMG_8674.jpg",910,652,false],"trp-custom-language-flag":["https:\/\/fundacioncajaruraldelsur.com\/wp-content\/uploads\/2019\/11\/IMG_8674.jpg",18,12,false],"blog-thumbnail":["https:\/\/fundacioncajaruraldelsur.com\/wp-content\/uploads\/2019\/11\/IMG_8674-400x200.jpg",400,200,true]},"rttpg_author":{"display_name":"Comunicaci\u00f3n","author_link":"https:\/\/fundacioncajaruraldelsur.com\/pt\/author\/sevillaadmin\/"},"rttpg_comment":0,"rttpg_category":"<a href=\"https:\/\/fundacioncajaruraldelsur.com\/pt\/category\/presentaciones\/\" rel=\"category tag\">Presentaciones<\/a>","rttpg_excerpt":"El Centro Cultural Jos\u00e9 Luis Garc\u00eda Palacios de la Fundaci\u00f3n Caja Rural del Sur ha acogido\u00a0la presentaci\u00f3n del libro\u00a0\u00a0\u00abLa mirada compasiva: Itinerario espiritual con Murillo por la iglesia de la [&hellip;]","_links":{"self":[{"href":"https:\/\/fundacioncajaruraldelsur.com\/pt\/wp-json\/wp\/v2\/posts\/5332","targetHints":{"allow":["GET"]}}],"collection":[{"href":"https:\/\/fundacioncajaruraldelsur.com\/pt\/wp-json\/wp\/v2\/posts"}],"about":[{"href":"https:\/\/fundacioncajaruraldelsur.com\/pt\/wp-json\/wp\/v2\/types\/post"}],"author":[{"embeddable":true,"href":"https:\/\/fundacioncajaruraldelsur.com\/pt\/wp-json\/wp\/v2\/users\/6"}],"replies":[{"embeddable":true,"href":"https:\/\/fundacioncajaruraldelsur.com\/pt\/wp-json\/wp\/v2\/comments?post=5332"}],"version-history":[{"count":3,"href":"https:\/\/fundacioncajaruraldelsur.com\/pt\/wp-json\/wp\/v2\/posts\/5332\/revisions"}],"predecessor-version":[{"id":5341,"href":"https:\/\/fundacioncajaruraldelsur.com\/pt\/wp-json\/wp\/v2\/posts\/5332\/revisions\/5341"}],"wp:featuredmedia":[{"embeddable":true,"href":"https:\/\/fundacioncajaruraldelsur.com\/pt\/wp-json\/wp\/v2\/media\/5334"}],"wp:attachment":[{"href":"https:\/\/fundacioncajaruraldelsur.com\/pt\/wp-json\/wp\/v2\/media?parent=5332"}],"wp:term":[{"taxonomy":"category","embeddable":true,"href":"https:\/\/fundacioncajaruraldelsur.com\/pt\/wp-json\/wp\/v2\/categories?post=5332"},{"taxonomy":"post_tag","embeddable":true,"href":"https:\/\/fundacioncajaruraldelsur.com\/pt\/wp-json\/wp\/v2\/tags?post=5332"}],"curies":[{"name":"wp","href":"https:\/\/api.w.org\/{rel}","templated":true}]}}