{"id":5316,"date":"2019-11-15T15:39:30","date_gmt":"2019-11-15T13:39:30","guid":{"rendered":"\/?p=5316"},"modified":"2019-11-15T15:39:30","modified_gmt":"2019-11-15T13:39:30","slug":"el-director-de-fundacion-caja-rural-del-sur-aborda-en-cordoba-el-futuro-de-las-fundaciones-y-sus-retos","status":"publish","type":"post","link":"https:\/\/fundacioncajaruraldelsur.com\/pt\/el-director-de-fundacion-caja-rural-del-sur-aborda-en-cordoba-el-futuro-de-las-fundaciones-y-sus-retos\/","title":{"rendered":"El director de Fundaci\u00f3n Caja Rural del Sur aborda en C\u00f3rdoba el futuro de las fundaciones y sus retos"},"content":{"rendered":"<p>El director de Fundaci\u00f3n Caja Rural del Sur, Emilio Ponce, ha participado en C\u00f3rdoba unas de las dos mesas redondas convocada por Fundaci\u00f3n Prasa, dentro de los actos conmemorativos de su XX Aniversario, en la que se ha abordado el futuro y los retos del sector de estas entidades.<\/p>\n<p>En esta mesa redonda han participado, igualmente, los representantes de otras siete fundaciones y la misma Asociaci\u00f3n de Fundaciones Andaluzas: Salvador Guzm\u00e1n (presidente de Fundaci\u00f3n Aguilar y Eslava), Rafael Ag\u00fcera (director gerente del Hospital La Arruzafa y patrono de Fundaci\u00f3n La Arruzafa), Pedro Garc\u00eda (patrono de Fundaci\u00f3n Arquitectura Contempor\u00e1nea).<\/p>\n<p>El acto fue presentado y moderado por Juan Luis Mu\u00f1oz-Escassi, gerente de la Asociaci\u00f3n de Fundaciones Andaluzas, quien inform\u00f3 de que el n\u00famero de fundaciones andaluzas es \u201cde unas 1.500, de las cuales entre 900 y 1.000 est\u00e1n activas. Pero el n\u00famero no para de crecer\u201d. Apunt\u00f3 en si intervenci\u00f3n \u201cla necesidad de la profesionalizaci\u00f3n del sector\u201d.<\/p>\n<p>&nbsp;<\/p>\n<p>&nbsp;<\/p>\n<p>&nbsp;<\/p>\n<p>&nbsp;<\/p>\n<p>&nbsp;<\/p>","protected":false},"excerpt":{"rendered":"<p>El director de Fundaci\u00f3n Caja Rural del Sur, Emilio Ponce, ha participado en C\u00f3rdoba unas de las dos mesas redondas convocada por Fundaci\u00f3n Prasa, dentro de los actos conmemorativos de [&hellip;]<\/p>\n","protected":false},"author":6,"featured_media":5317,"comment_status":"closed","ping_status":"closed","sticky":false,"template":"","format":"standard","meta":{"footnotes":""},"categories":[90],"tags":[],"class_list":["post-5316","post","type-post","status-publish","format-standard","has-post-thumbnail","hentry","category-iniciativa-empresarial"],"yoast_head":"<!-- This site is optimized with the Yoast SEO plugin v27.3 - https:\/\/yoast.com\/product\/yoast-seo-wordpress\/ -->\n<title>El director de Fundaci\u00f3n Caja Rural del Sur aborda en C\u00f3rdoba el futuro de las fundaciones y sus retos - Fundaci\u00f3n Caja Rural del Sur<\/title>\n<meta name=\"robots\" content=\"index, follow, max-snippet:-1, max-image-preview:large, max-video-preview:-1\" \/>\n<link rel=\"canonical\" href=\"https:\/\/fundacioncajaruraldelsur.com\/pt\/el-director-de-fundacion-caja-rural-del-sur-aborda-en-cordoba-el-futuro-de-las-fundaciones-y-sus-retos\/\" \/>\n<meta property=\"og:locale\" content=\"pt_PT\" \/>\n<meta property=\"og:type\" content=\"article\" \/>\n<meta property=\"og:title\" content=\"El director de Fundaci\u00f3n Caja Rural del Sur aborda en C\u00f3rdoba el futuro de las fundaciones y sus retos - Fundaci\u00f3n Caja Rural del Sur\" \/>\n<meta property=\"og:description\" content=\"El director de Fundaci\u00f3n Caja Rural del Sur, Emilio Ponce, ha participado en C\u00f3rdoba unas de las dos mesas redondas convocada por Fundaci\u00f3n Prasa, dentro de los actos conmemorativos de [&hellip;]\" \/>\n<meta property=\"og:url\" content=\"https:\/\/fundacioncajaruraldelsur.com\/pt\/el-director-de-fundacion-caja-rural-del-sur-aborda-en-cordoba-el-futuro-de-las-fundaciones-y-sus-retos\/\" \/>\n<meta property=\"og:site_name\" content=\"Fundaci\u00f3n Caja Rural del Sur\" \/>\n<meta property=\"article:published_time\" content=\"2019-11-15T13:39:30+00:00\" \/>\n<meta property=\"og:image\" content=\"https:\/\/fundacioncajaruraldelsur.com\/wp-content\/uploads\/2019\/11\/191115.-El-director-de-Fundaci\u00f3n-Caja-Rural-del-Sur-Emilio-Ponce-junto-a-los-representantes-de-otras-fundaciones.-1024x476.jpg\" \/>\n\t<meta property=\"og:image:width\" content=\"1024\" \/>\n\t<meta property=\"og:image:height\" content=\"476\" \/>\n\t<meta property=\"og:image:type\" content=\"image\/jpeg\" \/>\n<meta name=\"author\" content=\"Comunicaci\u00f3n\" \/>\n<meta name=\"twitter:card\" content=\"summary_large_image\" \/>\n<meta name=\"twitter:label1\" content=\"Written by\" \/>\n\t<meta name=\"twitter:data1\" content=\"Comunicaci\u00f3n\" \/>\n\t<meta name=\"twitter:label2\" content=\"Est. reading time\" \/>\n\t<meta name=\"twitter:data2\" content=\"1 minute\" \/>\n<script type=\"application\/ld+json\" class=\"yoast-schema-graph\">{\"@context\":\"https:\\\/\\\/schema.org\",\"@graph\":[{\"@type\":\"Article\",\"@id\":\"https:\\\/\\\/fundacioncajaruraldelsur.com\\\/el-director-de-fundacion-caja-rural-del-sur-aborda-en-cordoba-el-futuro-de-las-fundaciones-y-sus-retos\\\/#article\",\"isPartOf\":{\"@id\":\"https:\\\/\\\/fundacioncajaruraldelsur.com\\\/el-director-de-fundacion-caja-rural-del-sur-aborda-en-cordoba-el-futuro-de-las-fundaciones-y-sus-retos\\\/\"},\"author\":{\"name\":\"Comunicaci\u00f3n\",\"@id\":\"https:\\\/\\\/fundacioncajaruraldelsur.com\\\/#\\\/schema\\\/person\\\/f430da9fb783d505ff061ad8b3d44577\"},\"headline\":\"El director de Fundaci\u00f3n Caja Rural del Sur aborda en C\u00f3rdoba el futuro de las fundaciones y sus retos\",\"datePublished\":\"2019-11-15T13:39:30+00:00\",\"mainEntityOfPage\":{\"@id\":\"https:\\\/\\\/fundacioncajaruraldelsur.com\\\/el-director-de-fundacion-caja-rural-del-sur-aborda-en-cordoba-el-futuro-de-las-fundaciones-y-sus-retos\\\/\"},\"wordCount\":196,\"image\":{\"@id\":\"https:\\\/\\\/fundacioncajaruraldelsur.com\\\/el-director-de-fundacion-caja-rural-del-sur-aborda-en-cordoba-el-futuro-de-las-fundaciones-y-sus-retos\\\/#primaryimage\"},\"thumbnailUrl\":\"https:\\\/\\\/fundacioncajaruraldelsur.com\\\/wp-content\\\/uploads\\\/2019\\\/11\\\/191115.-El-director-de-Fundaci\u00f3n-Caja-Rural-del-Sur-Emilio-Ponce-junto-a-los-representantes-de-otras-fundaciones..jpg\",\"articleSection\":[\"Iniciativa empresarial\"],\"inLanguage\":\"pt-PT\"},{\"@type\":\"WebPage\",\"@id\":\"https:\\\/\\\/fundacioncajaruraldelsur.com\\\/el-director-de-fundacion-caja-rural-del-sur-aborda-en-cordoba-el-futuro-de-las-fundaciones-y-sus-retos\\\/\",\"url\":\"https:\\\/\\\/fundacioncajaruraldelsur.com\\\/el-director-de-fundacion-caja-rural-del-sur-aborda-en-cordoba-el-futuro-de-las-fundaciones-y-sus-retos\\\/\",\"name\":\"El director de Fundaci\u00f3n Caja Rural del Sur aborda en C\u00f3rdoba el futuro de las fundaciones y sus retos - Fundaci\u00f3n Caja Rural del Sur\",\"isPartOf\":{\"@id\":\"https:\\\/\\\/fundacioncajaruraldelsur.com\\\/#website\"},\"primaryImageOfPage\":{\"@id\":\"https:\\\/\\\/fundacioncajaruraldelsur.com\\\/el-director-de-fundacion-caja-rural-del-sur-aborda-en-cordoba-el-futuro-de-las-fundaciones-y-sus-retos\\\/#primaryimage\"},\"image\":{\"@id\":\"https:\\\/\\\/fundacioncajaruraldelsur.com\\\/el-director-de-fundacion-caja-rural-del-sur-aborda-en-cordoba-el-futuro-de-las-fundaciones-y-sus-retos\\\/#primaryimage\"},\"thumbnailUrl\":\"https:\\\/\\\/fundacioncajaruraldelsur.com\\\/wp-content\\\/uploads\\\/2019\\\/11\\\/191115.-El-director-de-Fundaci\u00f3n-Caja-Rural-del-Sur-Emilio-Ponce-junto-a-los-representantes-de-otras-fundaciones..jpg\",\"datePublished\":\"2019-11-15T13:39:30+00:00\",\"author\":{\"@id\":\"https:\\\/\\\/fundacioncajaruraldelsur.com\\\/#\\\/schema\\\/person\\\/f430da9fb783d505ff061ad8b3d44577\"},\"breadcrumb\":{\"@id\":\"https:\\\/\\\/fundacioncajaruraldelsur.com\\\/el-director-de-fundacion-caja-rural-del-sur-aborda-en-cordoba-el-futuro-de-las-fundaciones-y-sus-retos\\\/#breadcrumb\"},\"inLanguage\":\"pt-PT\",\"potentialAction\":[{\"@type\":\"ReadAction\",\"target\":[\"https:\\\/\\\/fundacioncajaruraldelsur.com\\\/el-director-de-fundacion-caja-rural-del-sur-aborda-en-cordoba-el-futuro-de-las-fundaciones-y-sus-retos\\\/\"]}]},{\"@type\":\"ImageObject\",\"inLanguage\":\"pt-PT\",\"@id\":\"https:\\\/\\\/fundacioncajaruraldelsur.com\\\/el-director-de-fundacion-caja-rural-del-sur-aborda-en-cordoba-el-futuro-de-las-fundaciones-y-sus-retos\\\/#primaryimage\",\"url\":\"https:\\\/\\\/fundacioncajaruraldelsur.com\\\/wp-content\\\/uploads\\\/2019\\\/11\\\/191115.-El-director-de-Fundaci\u00f3n-Caja-Rural-del-Sur-Emilio-Ponce-junto-a-los-representantes-de-otras-fundaciones..jpg\",\"contentUrl\":\"https:\\\/\\\/fundacioncajaruraldelsur.com\\\/wp-content\\\/uploads\\\/2019\\\/11\\\/191115.-El-director-de-Fundaci\u00f3n-Caja-Rural-del-Sur-Emilio-Ponce-junto-a-los-representantes-de-otras-fundaciones..jpg\",\"width\":3752,\"height\":1744,\"caption\":\"cof\"},{\"@type\":\"BreadcrumbList\",\"@id\":\"https:\\\/\\\/fundacioncajaruraldelsur.com\\\/el-director-de-fundacion-caja-rural-del-sur-aborda-en-cordoba-el-futuro-de-las-fundaciones-y-sus-retos\\\/#breadcrumb\",\"itemListElement\":[{\"@type\":\"ListItem\",\"position\":1,\"name\":\"Portada\",\"item\":\"https:\\\/\\\/fundacioncajaruraldelsur.com\\\/\"},{\"@type\":\"ListItem\",\"position\":2,\"name\":\"El director de Fundaci\u00f3n Caja Rural del Sur aborda en C\u00f3rdoba el futuro de las fundaciones y sus retos\"}]},{\"@type\":\"WebSite\",\"@id\":\"https:\\\/\\\/fundacioncajaruraldelsur.com\\\/#website\",\"url\":\"https:\\\/\\\/fundacioncajaruraldelsur.com\\\/\",\"name\":\"Fundaci\u00f3n Caja Rural del Sur\",\"description\":\"\",\"potentialAction\":[{\"@type\":\"SearchAction\",\"target\":{\"@type\":\"EntryPoint\",\"urlTemplate\":\"https:\\\/\\\/fundacioncajaruraldelsur.com\\\/?s={search_term_string}\"},\"query-input\":{\"@type\":\"PropertyValueSpecification\",\"valueRequired\":true,\"valueName\":\"search_term_string\"}}],\"inLanguage\":\"pt-PT\"},{\"@type\":\"Person\",\"@id\":\"https:\\\/\\\/fundacioncajaruraldelsur.com\\\/#\\\/schema\\\/person\\\/f430da9fb783d505ff061ad8b3d44577\",\"name\":\"Comunicaci\u00f3n\",\"image\":{\"@type\":\"ImageObject\",\"inLanguage\":\"pt-PT\",\"@id\":\"https:\\\/\\\/secure.gravatar.com\\\/avatar\\\/0dca239875993680bac4603ad2de7942da018f52cc3a244578e0b3b09314a8d8?s=96&d=blank&r=g\",\"url\":\"https:\\\/\\\/secure.gravatar.com\\\/avatar\\\/0dca239875993680bac4603ad2de7942da018f52cc3a244578e0b3b09314a8d8?s=96&d=blank&r=g\",\"contentUrl\":\"https:\\\/\\\/secure.gravatar.com\\\/avatar\\\/0dca239875993680bac4603ad2de7942da018f52cc3a244578e0b3b09314a8d8?s=96&d=blank&r=g\",\"caption\":\"Comunicaci\u00f3n\"}}]}<\/script>\n<!-- \/ Yoast SEO plugin. -->","yoast_head_json":{"title":"El director de Fundaci\u00f3n Caja Rural del Sur aborda en C\u00f3rdoba el futuro de las fundaciones y sus retos - Fundaci\u00f3n Caja Rural del Sur","robots":{"index":"index","follow":"follow","max-snippet":"max-snippet:-1","max-image-preview":"max-image-preview:large","max-video-preview":"max-video-preview:-1"},"canonical":"https:\/\/fundacioncajaruraldelsur.com\/pt\/el-director-de-fundacion-caja-rural-del-sur-aborda-en-cordoba-el-futuro-de-las-fundaciones-y-sus-retos\/","og_locale":"pt_PT","og_type":"article","og_title":"El director de Fundaci\u00f3n Caja Rural del Sur aborda en C\u00f3rdoba el futuro de las fundaciones y sus retos - Fundaci\u00f3n Caja Rural del Sur","og_description":"El director de Fundaci\u00f3n Caja Rural del Sur, Emilio Ponce, ha participado en C\u00f3rdoba unas de las dos mesas redondas convocada por Fundaci\u00f3n Prasa, dentro de los actos conmemorativos de [&hellip;]","og_url":"https:\/\/fundacioncajaruraldelsur.com\/pt\/el-director-de-fundacion-caja-rural-del-sur-aborda-en-cordoba-el-futuro-de-las-fundaciones-y-sus-retos\/","og_site_name":"Fundaci\u00f3n Caja Rural del Sur","article_published_time":"2019-11-15T13:39:30+00:00","og_image":[{"width":1024,"height":476,"url":"https:\/\/fundacioncajaruraldelsur.com\/wp-content\/uploads\/2019\/11\/191115.-El-director-de-Fundaci\u00f3n-Caja-Rural-del-Sur-Emilio-Ponce-junto-a-los-representantes-de-otras-fundaciones.-1024x476.jpg","type":"image\/jpeg"}],"author":"Comunicaci\u00f3n","twitter_card":"summary_large_image","twitter_misc":{"Written by":"Comunicaci\u00f3n","Est. reading time":"1 minute"},"schema":{"@context":"https:\/\/schema.org","@graph":[{"@type":"Article","@id":"https:\/\/fundacioncajaruraldelsur.com\/el-director-de-fundacion-caja-rural-del-sur-aborda-en-cordoba-el-futuro-de-las-fundaciones-y-sus-retos\/#article","isPartOf":{"@id":"https:\/\/fundacioncajaruraldelsur.com\/el-director-de-fundacion-caja-rural-del-sur-aborda-en-cordoba-el-futuro-de-las-fundaciones-y-sus-retos\/"},"author":{"name":"Comunicaci\u00f3n","@id":"https:\/\/fundacioncajaruraldelsur.com\/#\/schema\/person\/f430da9fb783d505ff061ad8b3d44577"},"headline":"El director de Fundaci\u00f3n Caja Rural del Sur aborda en C\u00f3rdoba el futuro de las fundaciones y sus retos","datePublished":"2019-11-15T13:39:30+00:00","mainEntityOfPage":{"@id":"https:\/\/fundacioncajaruraldelsur.com\/el-director-de-fundacion-caja-rural-del-sur-aborda-en-cordoba-el-futuro-de-las-fundaciones-y-sus-retos\/"},"wordCount":196,"image":{"@id":"https:\/\/fundacioncajaruraldelsur.com\/el-director-de-fundacion-caja-rural-del-sur-aborda-en-cordoba-el-futuro-de-las-fundaciones-y-sus-retos\/#primaryimage"},"thumbnailUrl":"https:\/\/fundacioncajaruraldelsur.com\/wp-content\/uploads\/2019\/11\/191115.-El-director-de-Fundaci\u00f3n-Caja-Rural-del-Sur-Emilio-Ponce-junto-a-los-representantes-de-otras-fundaciones..jpg","articleSection":["Iniciativa empresarial"],"inLanguage":"pt-PT"},{"@type":"WebPage","@id":"https:\/\/fundacioncajaruraldelsur.com\/el-director-de-fundacion-caja-rural-del-sur-aborda-en-cordoba-el-futuro-de-las-fundaciones-y-sus-retos\/","url":"https:\/\/fundacioncajaruraldelsur.com\/el-director-de-fundacion-caja-rural-del-sur-aborda-en-cordoba-el-futuro-de-las-fundaciones-y-sus-retos\/","name":"El director de Fundaci\u00f3n Caja Rural del Sur aborda en C\u00f3rdoba el futuro de las fundaciones y sus retos - Fundaci\u00f3n Caja Rural del Sur","isPartOf":{"@id":"https:\/\/fundacioncajaruraldelsur.com\/#website"},"primaryImageOfPage":{"@id":"https:\/\/fundacioncajaruraldelsur.com\/el-director-de-fundacion-caja-rural-del-sur-aborda-en-cordoba-el-futuro-de-las-fundaciones-y-sus-retos\/#primaryimage"},"image":{"@id":"https:\/\/fundacioncajaruraldelsur.com\/el-director-de-fundacion-caja-rural-del-sur-aborda-en-cordoba-el-futuro-de-las-fundaciones-y-sus-retos\/#primaryimage"},"thumbnailUrl":"https:\/\/fundacioncajaruraldelsur.com\/wp-content\/uploads\/2019\/11\/191115.-El-director-de-Fundaci\u00f3n-Caja-Rural-del-Sur-Emilio-Ponce-junto-a-los-representantes-de-otras-fundaciones..jpg","datePublished":"2019-11-15T13:39:30+00:00","author":{"@id":"https:\/\/fundacioncajaruraldelsur.com\/#\/schema\/person\/f430da9fb783d505ff061ad8b3d44577"},"breadcrumb":{"@id":"https:\/\/fundacioncajaruraldelsur.com\/el-director-de-fundacion-caja-rural-del-sur-aborda-en-cordoba-el-futuro-de-las-fundaciones-y-sus-retos\/#breadcrumb"},"inLanguage":"pt-PT","potentialAction":[{"@type":"ReadAction","target":["https:\/\/fundacioncajaruraldelsur.com\/el-director-de-fundacion-caja-rural-del-sur-aborda-en-cordoba-el-futuro-de-las-fundaciones-y-sus-retos\/"]}]},{"@type":"ImageObject","inLanguage":"pt-PT","@id":"https:\/\/fundacioncajaruraldelsur.com\/el-director-de-fundacion-caja-rural-del-sur-aborda-en-cordoba-el-futuro-de-las-fundaciones-y-sus-retos\/#primaryimage","url":"https:\/\/fundacioncajaruraldelsur.com\/wp-content\/uploads\/2019\/11\/191115.-El-director-de-Fundaci\u00f3n-Caja-Rural-del-Sur-Emilio-Ponce-junto-a-los-representantes-de-otras-fundaciones..jpg","contentUrl":"https:\/\/fundacioncajaruraldelsur.com\/wp-content\/uploads\/2019\/11\/191115.-El-director-de-Fundaci\u00f3n-Caja-Rural-del-Sur-Emilio-Ponce-junto-a-los-representantes-de-otras-fundaciones..jpg","width":3752,"height":1744,"caption":"cof"},{"@type":"BreadcrumbList","@id":"https:\/\/fundacioncajaruraldelsur.com\/el-director-de-fundacion-caja-rural-del-sur-aborda-en-cordoba-el-futuro-de-las-fundaciones-y-sus-retos\/#breadcrumb","itemListElement":[{"@type":"ListItem","position":1,"name":"Portada","item":"https:\/\/fundacioncajaruraldelsur.com\/"},{"@type":"ListItem","position":2,"name":"El director de Fundaci\u00f3n Caja Rural del Sur aborda en C\u00f3rdoba el futuro de las fundaciones y sus retos"}]},{"@type":"WebSite","@id":"https:\/\/fundacioncajaruraldelsur.com\/#website","url":"https:\/\/fundacioncajaruraldelsur.com\/","name":"Funda\u00e7\u00e3o Caja Rural del Sur","description":"","potentialAction":[{"@type":"SearchAction","target":{"@type":"EntryPoint","urlTemplate":"https:\/\/fundacioncajaruraldelsur.com\/?s={search_term_string}"},"query-input":{"@type":"PropertyValueSpecification","valueRequired":true,"valueName":"search_term_string"}}],"inLanguage":"pt-PT"},{"@type":"Person","@id":"https:\/\/fundacioncajaruraldelsur.com\/#\/schema\/person\/f430da9fb783d505ff061ad8b3d44577","name":"Comunicaci\u00f3n","image":{"@type":"ImageObject","inLanguage":"pt-PT","@id":"https:\/\/secure.gravatar.com\/avatar\/0dca239875993680bac4603ad2de7942da018f52cc3a244578e0b3b09314a8d8?s=96&d=blank&r=g","url":"https:\/\/secure.gravatar.com\/avatar\/0dca239875993680bac4603ad2de7942da018f52cc3a244578e0b3b09314a8d8?s=96&d=blank&r=g","contentUrl":"https:\/\/secure.gravatar.com\/avatar\/0dca239875993680bac4603ad2de7942da018f52cc3a244578e0b3b09314a8d8?s=96&d=blank&r=g","caption":"Comunicaci\u00f3n"}}]}},"rttpg_featured_image_url":{"full":["https:\/\/fundacioncajaruraldelsur.com\/wp-content\/uploads\/2019\/11\/191115.-El-director-de-Fundaci\u00f3n-Caja-Rural-del-Sur-Emilio-Ponce-junto-a-los-representantes-de-otras-fundaciones..jpg",3752,1744,false],"landscape":["https:\/\/fundacioncajaruraldelsur.com\/wp-content\/uploads\/2019\/11\/191115.-El-director-de-Fundaci\u00f3n-Caja-Rural-del-Sur-Emilio-Ponce-junto-a-los-representantes-de-otras-fundaciones..jpg",3752,1744,false],"portraits":["https:\/\/fundacioncajaruraldelsur.com\/wp-content\/uploads\/2019\/11\/191115.-El-director-de-Fundaci\u00f3n-Caja-Rural-del-Sur-Emilio-Ponce-junto-a-los-representantes-de-otras-fundaciones..jpg",3752,1744,false],"thumbnail":["https:\/\/fundacioncajaruraldelsur.com\/wp-content\/uploads\/2019\/11\/191115.-El-director-de-Fundaci\u00f3n-Caja-Rural-del-Sur-Emilio-Ponce-junto-a-los-representantes-de-otras-fundaciones.-150x150.jpg",150,150,true],"medium":["https:\/\/fundacioncajaruraldelsur.com\/wp-content\/uploads\/2019\/11\/191115.-El-director-de-Fundaci\u00f3n-Caja-Rural-del-Sur-Emilio-Ponce-junto-a-los-representantes-de-otras-fundaciones.-300x139.jpg",300,139,true],"large":["https:\/\/fundacioncajaruraldelsur.com\/wp-content\/uploads\/2019\/11\/191115.-El-director-de-Fundaci\u00f3n-Caja-Rural-del-Sur-Emilio-Ponce-junto-a-los-representantes-de-otras-fundaciones.-1024x476.jpg",960,446,true],"1536x1536":["https:\/\/fundacioncajaruraldelsur.com\/wp-content\/uploads\/2019\/11\/191115.-El-director-de-Fundaci\u00f3n-Caja-Rural-del-Sur-Emilio-Ponce-junto-a-los-representantes-de-otras-fundaciones..jpg",1536,714,false],"2048x2048":["https:\/\/fundacioncajaruraldelsur.com\/wp-content\/uploads\/2019\/11\/191115.-El-director-de-Fundaci\u00f3n-Caja-Rural-del-Sur-Emilio-Ponce-junto-a-los-representantes-de-otras-fundaciones..jpg",2048,952,false],"trp-custom-language-flag":["https:\/\/fundacioncajaruraldelsur.com\/wp-content\/uploads\/2019\/11\/191115.-El-director-de-Fundaci\u00f3n-Caja-Rural-del-Sur-Emilio-Ponce-junto-a-los-representantes-de-otras-fundaciones..jpg",18,8,false],"blog-thumbnail":["https:\/\/fundacioncajaruraldelsur.com\/wp-content\/uploads\/2019\/11\/191115.-El-director-de-Fundaci\u00f3n-Caja-Rural-del-Sur-Emilio-Ponce-junto-a-los-representantes-de-otras-fundaciones.-400x200.jpg",400,200,true]},"rttpg_author":{"display_name":"Comunicaci\u00f3n","author_link":"https:\/\/fundacioncajaruraldelsur.com\/pt\/author\/sevillaadmin\/"},"rttpg_comment":0,"rttpg_category":"<a href=\"https:\/\/fundacioncajaruraldelsur.com\/pt\/category\/iniciativa-empresarial\/\" rel=\"category tag\">Iniciativa empresarial<\/a>","rttpg_excerpt":"El director de Fundaci\u00f3n Caja Rural del Sur, Emilio Ponce, ha participado en C\u00f3rdoba unas de las dos mesas redondas convocada por Fundaci\u00f3n Prasa, dentro de los actos conmemorativos de [&hellip;]","_links":{"self":[{"href":"https:\/\/fundacioncajaruraldelsur.com\/pt\/wp-json\/wp\/v2\/posts\/5316","targetHints":{"allow":["GET"]}}],"collection":[{"href":"https:\/\/fundacioncajaruraldelsur.com\/pt\/wp-json\/wp\/v2\/posts"}],"about":[{"href":"https:\/\/fundacioncajaruraldelsur.com\/pt\/wp-json\/wp\/v2\/types\/post"}],"author":[{"embeddable":true,"href":"https:\/\/fundacioncajaruraldelsur.com\/pt\/wp-json\/wp\/v2\/users\/6"}],"replies":[{"embeddable":true,"href":"https:\/\/fundacioncajaruraldelsur.com\/pt\/wp-json\/wp\/v2\/comments?post=5316"}],"version-history":[{"count":1,"href":"https:\/\/fundacioncajaruraldelsur.com\/pt\/wp-json\/wp\/v2\/posts\/5316\/revisions"}],"predecessor-version":[{"id":5318,"href":"https:\/\/fundacioncajaruraldelsur.com\/pt\/wp-json\/wp\/v2\/posts\/5316\/revisions\/5318"}],"wp:featuredmedia":[{"embeddable":true,"href":"https:\/\/fundacioncajaruraldelsur.com\/pt\/wp-json\/wp\/v2\/media\/5317"}],"wp:attachment":[{"href":"https:\/\/fundacioncajaruraldelsur.com\/pt\/wp-json\/wp\/v2\/media?parent=5316"}],"wp:term":[{"taxonomy":"category","embeddable":true,"href":"https:\/\/fundacioncajaruraldelsur.com\/pt\/wp-json\/wp\/v2\/categories?post=5316"},{"taxonomy":"post_tag","embeddable":true,"href":"https:\/\/fundacioncajaruraldelsur.com\/pt\/wp-json\/wp\/v2\/tags?post=5316"}],"curies":[{"name":"wp","href":"https:\/\/api.w.org\/{rel}","templated":true}]}}