{"id":5298,"date":"2019-11-13T19:00:13","date_gmt":"2019-11-13T17:00:13","guid":{"rendered":"\/?p=5298"},"modified":"2019-11-13T19:00:13","modified_gmt":"2019-11-13T17:00:13","slug":"presentacion-de-sicab-2019-con-el-patrocinio-de-caja-rural-del-sur","status":"publish","type":"post","link":"https:\/\/fundacioncajaruraldelsur.com\/pt\/presentacion-de-sicab-2019-con-el-patrocinio-de-caja-rural-del-sur\/","title":{"rendered":"Presentaci\u00f3n de SICAB 2019 con el patrocinio de Caja Rural del Sur"},"content":{"rendered":"<p>Un a\u00f1o m\u00e1s Caja Rural del Sur es patrocinador principal del Sal\u00f3n Internacional del Caballo, SICAB, que llega este a\u00f1o a la 29\u00aa edici\u00f3n, y que se celebra\u00a0 del 19 al 24 de noviembre en el Palacio de Congresos y Exposiciones de Sevilla (Fibes). En el acto de presentaci\u00f3n de SICAB 2019 han intervenido, entre otros, el presidente de la Asociaci\u00f3n Nacional de Criadores de Caballos de Pura Raza Espa\u00f1ola (ANCCE), Jos\u00e9 Juan Morales; el director de la Fundaci\u00f3n Caja Rural del Sur, Emilio Ponce Tornero; el director general de Instalaciones H\u00edpicas El Molino, Gonzalo Ortega; el director general de Producci\u00f3n Agr\u00edcola y Ganadera de la Consejer\u00eda de Agricultura, Ganader\u00eda y Alimentaci\u00f3n, Manuel G\u00f3mez Galera; la directora general de Calidad, Innovaci\u00f3n y Fomento del Turismo de la Consejer\u00eda de Turismo, Regeneraci\u00f3n, Justicia y Administraci\u00f3n Local, Ana Mar\u00eda Garc\u00eda L\u00f3pez, y el teniente de alcalde y delegado del \u00c1rea de Gobernaci\u00f3n y Fiestas Mayores del Ayuntamiento de Sevilla, Juan Carlos Cabrera.<\/p>\n<p><a href=\"\/wp-content\/uploads\/2019\/11\/Emilio-Ponce.jpg\" rel=\"lightbox-0\"><img loading=\"lazy\" decoding=\"async\" class=\"wp-image-5301  aligncenter\" src=\"\/wp-content\/uploads\/2019\/11\/Emilio-Ponce.jpg\" alt=\"\" width=\"586\" height=\"440\" srcset=\"https:\/\/fundacioncajaruraldelsur.com\/wp-content\/uploads\/2019\/11\/Emilio-Ponce.jpg 833w, https:\/\/fundacioncajaruraldelsur.com\/wp-content\/uploads\/2019\/11\/Emilio-Ponce-300x225.jpg 300w, https:\/\/fundacioncajaruraldelsur.com\/wp-content\/uploads\/2019\/11\/Emilio-Ponce-768x576.jpg 768w\" sizes=\"auto, (max-width: 586px) 100vw, 586px\" \/><\/a><\/p>\n<p>SICAB ofrecer\u00e1 durante sus seis jornadas una amplia oferta de concursos, actos sociales, campus formativo y una gran actividad comercial, as\u00ed como una potente oferta de ocio para el p\u00fablico general y amplias zonas de restauraci\u00f3n. En 2018, SICAB contabiliz\u00f3 un total de 232.549 visitantes y un impacto econ\u00f3mico en Sevilla de 37.658.922 euros. Participaron 321 stands comerciales y 1.077 caballos pertenecientes a 343 ganader\u00edas.<\/p>\n<p>Jos\u00e9 Juan Morales, presidente de ANCCE, entidad organizadora de SICAB desde 1991, ha subrayado durante el evento \u201csu consolidaci\u00f3n, a lo largo de sus 29 a\u00f1os de historia, como el mayor evento ecuestre a nivel mundial en torno al caballo de Pura Raza Espa\u00f1ola (PRE); es sin duda un referente de primer orden en el calendario ecuestre internacional\u201d.<\/p>\n<p><a href=\"\/wp-content\/uploads\/2019\/11\/Ponce-2.jpg\" rel=\"lightbox-1\"><img loading=\"lazy\" decoding=\"async\" class=\"wp-image-5302 size-full alignright\" src=\"\/wp-content\/uploads\/2019\/11\/Ponce-2.jpg\" alt=\"\" width=\"327\" height=\"245\" srcset=\"https:\/\/fundacioncajaruraldelsur.com\/wp-content\/uploads\/2019\/11\/Ponce-2.jpg 327w, https:\/\/fundacioncajaruraldelsur.com\/wp-content\/uploads\/2019\/11\/Ponce-2-300x225.jpg 300w\" sizes=\"auto, (max-width: 327px) 100vw, 327px\" \/><\/a><\/p>\n<p><b>Novedades 2019<\/b><\/p>\n<p>SICAB 2019 contar\u00e1 con la visita institucional de representantes de pa\u00edses como Rusia y China, en los que el caballo espa\u00f1ol contin\u00faa su desarrollo en diferentes mercados. De hecho, la presencia internacional en SICAB sigue creciendo a\u00f1o a a\u00f1o: respecto a expositores y palcos, cabe destacar un incremento en la asistencia de ganader\u00edas nacionales e internacionales, no s\u00f3lo con los ejemplares sino con stands, habi\u00e9ndose tenido que duplicar el n\u00famero de palcos ganaderos. En el \u00e1mbito deportivo, SICAB 2019 incorpora un nuevo formato de concurso Morfol\u00f3gico, el V Campeonato del Mundo del Caballo de Pura Raza Espa\u00f1ola. ANCCE ha implantado un sistema de semifinales previas, durante los primeros d\u00edas de SICAB. Todos los caballos ser\u00e1n evaluados en su morfolog\u00eda y movimientos, pasando a una final que tendr\u00e1 lugar durante las \u00faltimas jornadas.<\/p>\n<p>Tambi\u00e9n se celebrar\u00e1 de manera oficial la I Final de la Copa ANCCE de Equitaci\u00f3n de Trabajo, que han contado con 20 concursos clasificatorios durante el a\u00f1o. Se trata de una modalidad que se adapta a las cualidades del Pura Raza Espa\u00f1ola y abre un nuevo \u00e1mbito de proyecci\u00f3n comercial para el caballo espa\u00f1ol.<a href=\"\/wp-content\/uploads\/2019\/11\/IMG_8577.jpg\" rel=\"lightbox-2\"><img loading=\"lazy\" decoding=\"async\" class=\"size-medium wp-image-5300 alignleft\" src=\"\/wp-content\/uploads\/2019\/11\/IMG_8577-300x225.jpg\" alt=\"\" width=\"300\" height=\"225\" srcset=\"https:\/\/fundacioncajaruraldelsur.com\/wp-content\/uploads\/2019\/11\/IMG_8577-300x225.jpg 300w, https:\/\/fundacioncajaruraldelsur.com\/wp-content\/uploads\/2019\/11\/IMG_8577-768x576.jpg 768w, https:\/\/fundacioncajaruraldelsur.com\/wp-content\/uploads\/2019\/11\/IMG_8577.jpg 833w\" sizes=\"auto, (max-width: 300px) 100vw, 300px\" \/><\/a><\/p>\n<p>Las nuevas tecnolog\u00edas prosiguen asimismo su progresiva expansi\u00f3n en SICAB. En este sentido, Vodafone ha elegido al Sal\u00f3n Internacional del Caballo para lanzar la primera red 5G comercial durante el evento. SICAB ha sido seleccionado entre m\u00e1s de 30 eventos en toda Andaluc\u00eda para la implantaci\u00f3n de esta tecnolog\u00eda, que permitir\u00e1 realizar las emisiones en directo de las pruebas deportivas celebradas en las zonas exteriores a trav\u00e9s de la plataforma de televisi\u00f3n propia SICAB TV, que registr\u00f3 372.232 visitas desde 85 pa\u00edses en 2018.<\/p>\n<p>SICAB 2019 se caracterizar\u00e1 por un especial empe\u00f1o en acercar el evento a la provincia de Sevilla. Para ello se han cursado invitaciones a m\u00e1s de 50 municipios, a trav\u00e9s de sus alcaldes, para que un determinado n\u00famero de personas puedan acceder, de forma gratuita, a los espect\u00e1culos de mi\u00e9rcoles 20 y jueves 21 de noviembre. Asimismo, SICAB va a colaborar en esta edici\u00f3n con El Sill\u00f3n Azul \u2013Fundaci\u00f3n El Gancho Infantil, prolongaci\u00f3n de lo que en su d\u00eda fue La Azotea Azul\u2013 de forma que puedan obtener ingresos para la labor altruista que vienen desarrollando.<\/p>","protected":false},"excerpt":{"rendered":"<p>Un a\u00f1o m\u00e1s Caja Rural del Sur es patrocinador principal del Sal\u00f3n Internacional del Caballo, SICAB, que llega este a\u00f1o a la 29\u00aa edici\u00f3n, y que se celebra\u00a0 del 19 [&hellip;]<\/p>\n","protected":false},"author":6,"featured_media":5299,"comment_status":"closed","ping_status":"closed","sticky":false,"template":"","format":"standard","meta":{"footnotes":""},"categories":[73],"tags":[],"class_list":["post-5298","post","type-post","status-publish","format-standard","has-post-thumbnail","hentry","category-jornadas"],"yoast_head":"<!-- This site is optimized with the Yoast SEO plugin v27.3 - https:\/\/yoast.com\/product\/yoast-seo-wordpress\/ -->\n<title>Presentaci\u00f3n de SICAB 2019 con el patrocinio de Caja Rural del Sur - Fundaci\u00f3n Caja Rural del Sur<\/title>\n<meta name=\"robots\" content=\"index, follow, max-snippet:-1, max-image-preview:large, max-video-preview:-1\" \/>\n<link rel=\"canonical\" href=\"https:\/\/fundacioncajaruraldelsur.com\/pt\/presentacion-de-sicab-2019-con-el-patrocinio-de-caja-rural-del-sur\/\" \/>\n<meta property=\"og:locale\" content=\"pt_PT\" \/>\n<meta property=\"og:type\" content=\"article\" \/>\n<meta property=\"og:title\" content=\"Presentaci\u00f3n de SICAB 2019 con el patrocinio de Caja Rural del Sur - Fundaci\u00f3n Caja Rural del Sur\" \/>\n<meta property=\"og:description\" content=\"Un a\u00f1o m\u00e1s Caja Rural del Sur es patrocinador principal del Sal\u00f3n Internacional del Caballo, SICAB, que llega este a\u00f1o a la 29\u00aa edici\u00f3n, y que se celebra\u00a0 del 19 [&hellip;]\" \/>\n<meta property=\"og:url\" content=\"https:\/\/fundacioncajaruraldelsur.com\/pt\/presentacion-de-sicab-2019-con-el-patrocinio-de-caja-rural-del-sur\/\" \/>\n<meta property=\"og:site_name\" content=\"Fundaci\u00f3n Caja Rural del Sur\" \/>\n<meta property=\"article:published_time\" content=\"2019-11-13T17:00:13+00:00\" \/>\n<meta property=\"og:image\" content=\"https:\/\/fundacioncajaruraldelsur.com\/wp-content\/uploads\/2019\/11\/IMG_8576.jpg\" \/>\n\t<meta property=\"og:image:width\" content=\"833\" \/>\n\t<meta property=\"og:image:height\" content=\"625\" \/>\n\t<meta property=\"og:image:type\" content=\"image\/jpeg\" \/>\n<meta name=\"author\" content=\"Comunicaci\u00f3n\" \/>\n<meta name=\"twitter:card\" content=\"summary_large_image\" \/>\n<meta name=\"twitter:label1\" content=\"Written by\" \/>\n\t<meta name=\"twitter:data1\" content=\"Comunicaci\u00f3n\" \/>\n\t<meta name=\"twitter:label2\" content=\"Est. reading time\" \/>\n\t<meta name=\"twitter:data2\" content=\"3 minutes\" \/>\n<script type=\"application\/ld+json\" class=\"yoast-schema-graph\">{\"@context\":\"https:\\\/\\\/schema.org\",\"@graph\":[{\"@type\":\"Article\",\"@id\":\"https:\\\/\\\/fundacioncajaruraldelsur.com\\\/presentacion-de-sicab-2019-con-el-patrocinio-de-caja-rural-del-sur\\\/#article\",\"isPartOf\":{\"@id\":\"https:\\\/\\\/fundacioncajaruraldelsur.com\\\/presentacion-de-sicab-2019-con-el-patrocinio-de-caja-rural-del-sur\\\/\"},\"author\":{\"name\":\"Comunicaci\u00f3n\",\"@id\":\"https:\\\/\\\/fundacioncajaruraldelsur.com\\\/#\\\/schema\\\/person\\\/f430da9fb783d505ff061ad8b3d44577\"},\"headline\":\"Presentaci\u00f3n de SICAB 2019 con el patrocinio de Caja Rural del Sur\",\"datePublished\":\"2019-11-13T17:00:13+00:00\",\"mainEntityOfPage\":{\"@id\":\"https:\\\/\\\/fundacioncajaruraldelsur.com\\\/presentacion-de-sicab-2019-con-el-patrocinio-de-caja-rural-del-sur\\\/\"},\"wordCount\":711,\"image\":{\"@id\":\"https:\\\/\\\/fundacioncajaruraldelsur.com\\\/presentacion-de-sicab-2019-con-el-patrocinio-de-caja-rural-del-sur\\\/#primaryimage\"},\"thumbnailUrl\":\"https:\\\/\\\/fundacioncajaruraldelsur.com\\\/wp-content\\\/uploads\\\/2019\\\/11\\\/IMG_8576.jpg\",\"articleSection\":[\"Jornadas\"],\"inLanguage\":\"pt-PT\"},{\"@type\":\"WebPage\",\"@id\":\"https:\\\/\\\/fundacioncajaruraldelsur.com\\\/presentacion-de-sicab-2019-con-el-patrocinio-de-caja-rural-del-sur\\\/\",\"url\":\"https:\\\/\\\/fundacioncajaruraldelsur.com\\\/presentacion-de-sicab-2019-con-el-patrocinio-de-caja-rural-del-sur\\\/\",\"name\":\"Presentaci\u00f3n de SICAB 2019 con el patrocinio de Caja Rural del Sur - Fundaci\u00f3n Caja Rural del Sur\",\"isPartOf\":{\"@id\":\"https:\\\/\\\/fundacioncajaruraldelsur.com\\\/#website\"},\"primaryImageOfPage\":{\"@id\":\"https:\\\/\\\/fundacioncajaruraldelsur.com\\\/presentacion-de-sicab-2019-con-el-patrocinio-de-caja-rural-del-sur\\\/#primaryimage\"},\"image\":{\"@id\":\"https:\\\/\\\/fundacioncajaruraldelsur.com\\\/presentacion-de-sicab-2019-con-el-patrocinio-de-caja-rural-del-sur\\\/#primaryimage\"},\"thumbnailUrl\":\"https:\\\/\\\/fundacioncajaruraldelsur.com\\\/wp-content\\\/uploads\\\/2019\\\/11\\\/IMG_8576.jpg\",\"datePublished\":\"2019-11-13T17:00:13+00:00\",\"author\":{\"@id\":\"https:\\\/\\\/fundacioncajaruraldelsur.com\\\/#\\\/schema\\\/person\\\/f430da9fb783d505ff061ad8b3d44577\"},\"breadcrumb\":{\"@id\":\"https:\\\/\\\/fundacioncajaruraldelsur.com\\\/presentacion-de-sicab-2019-con-el-patrocinio-de-caja-rural-del-sur\\\/#breadcrumb\"},\"inLanguage\":\"pt-PT\",\"potentialAction\":[{\"@type\":\"ReadAction\",\"target\":[\"https:\\\/\\\/fundacioncajaruraldelsur.com\\\/presentacion-de-sicab-2019-con-el-patrocinio-de-caja-rural-del-sur\\\/\"]}]},{\"@type\":\"ImageObject\",\"inLanguage\":\"pt-PT\",\"@id\":\"https:\\\/\\\/fundacioncajaruraldelsur.com\\\/presentacion-de-sicab-2019-con-el-patrocinio-de-caja-rural-del-sur\\\/#primaryimage\",\"url\":\"https:\\\/\\\/fundacioncajaruraldelsur.com\\\/wp-content\\\/uploads\\\/2019\\\/11\\\/IMG_8576.jpg\",\"contentUrl\":\"https:\\\/\\\/fundacioncajaruraldelsur.com\\\/wp-content\\\/uploads\\\/2019\\\/11\\\/IMG_8576.jpg\",\"width\":833,\"height\":625},{\"@type\":\"BreadcrumbList\",\"@id\":\"https:\\\/\\\/fundacioncajaruraldelsur.com\\\/presentacion-de-sicab-2019-con-el-patrocinio-de-caja-rural-del-sur\\\/#breadcrumb\",\"itemListElement\":[{\"@type\":\"ListItem\",\"position\":1,\"name\":\"Portada\",\"item\":\"https:\\\/\\\/fundacioncajaruraldelsur.com\\\/\"},{\"@type\":\"ListItem\",\"position\":2,\"name\":\"Presentaci\u00f3n de SICAB 2019 con el patrocinio de Caja Rural del Sur\"}]},{\"@type\":\"WebSite\",\"@id\":\"https:\\\/\\\/fundacioncajaruraldelsur.com\\\/#website\",\"url\":\"https:\\\/\\\/fundacioncajaruraldelsur.com\\\/\",\"name\":\"Fundaci\u00f3n Caja Rural del Sur\",\"description\":\"\",\"potentialAction\":[{\"@type\":\"SearchAction\",\"target\":{\"@type\":\"EntryPoint\",\"urlTemplate\":\"https:\\\/\\\/fundacioncajaruraldelsur.com\\\/?s={search_term_string}\"},\"query-input\":{\"@type\":\"PropertyValueSpecification\",\"valueRequired\":true,\"valueName\":\"search_term_string\"}}],\"inLanguage\":\"pt-PT\"},{\"@type\":\"Person\",\"@id\":\"https:\\\/\\\/fundacioncajaruraldelsur.com\\\/#\\\/schema\\\/person\\\/f430da9fb783d505ff061ad8b3d44577\",\"name\":\"Comunicaci\u00f3n\",\"image\":{\"@type\":\"ImageObject\",\"inLanguage\":\"pt-PT\",\"@id\":\"https:\\\/\\\/secure.gravatar.com\\\/avatar\\\/0dca239875993680bac4603ad2de7942da018f52cc3a244578e0b3b09314a8d8?s=96&d=blank&r=g\",\"url\":\"https:\\\/\\\/secure.gravatar.com\\\/avatar\\\/0dca239875993680bac4603ad2de7942da018f52cc3a244578e0b3b09314a8d8?s=96&d=blank&r=g\",\"contentUrl\":\"https:\\\/\\\/secure.gravatar.com\\\/avatar\\\/0dca239875993680bac4603ad2de7942da018f52cc3a244578e0b3b09314a8d8?s=96&d=blank&r=g\",\"caption\":\"Comunicaci\u00f3n\"}}]}<\/script>\n<!-- \/ Yoast SEO plugin. -->","yoast_head_json":{"title":"Presentaci\u00f3n de SICAB 2019 con el patrocinio de Caja Rural del Sur - Fundaci\u00f3n Caja Rural del Sur","robots":{"index":"index","follow":"follow","max-snippet":"max-snippet:-1","max-image-preview":"max-image-preview:large","max-video-preview":"max-video-preview:-1"},"canonical":"https:\/\/fundacioncajaruraldelsur.com\/pt\/presentacion-de-sicab-2019-con-el-patrocinio-de-caja-rural-del-sur\/","og_locale":"pt_PT","og_type":"article","og_title":"Presentaci\u00f3n de SICAB 2019 con el patrocinio de Caja Rural del Sur - Fundaci\u00f3n Caja Rural del Sur","og_description":"Un a\u00f1o m\u00e1s Caja Rural del Sur es patrocinador principal del Sal\u00f3n Internacional del Caballo, SICAB, que llega este a\u00f1o a la 29\u00aa edici\u00f3n, y que se celebra\u00a0 del 19 [&hellip;]","og_url":"https:\/\/fundacioncajaruraldelsur.com\/pt\/presentacion-de-sicab-2019-con-el-patrocinio-de-caja-rural-del-sur\/","og_site_name":"Fundaci\u00f3n Caja Rural del Sur","article_published_time":"2019-11-13T17:00:13+00:00","og_image":[{"width":833,"height":625,"url":"https:\/\/fundacioncajaruraldelsur.com\/wp-content\/uploads\/2019\/11\/IMG_8576.jpg","type":"image\/jpeg"}],"author":"Comunicaci\u00f3n","twitter_card":"summary_large_image","twitter_misc":{"Written by":"Comunicaci\u00f3n","Est. reading time":"3 minutes"},"schema":{"@context":"https:\/\/schema.org","@graph":[{"@type":"Article","@id":"https:\/\/fundacioncajaruraldelsur.com\/presentacion-de-sicab-2019-con-el-patrocinio-de-caja-rural-del-sur\/#article","isPartOf":{"@id":"https:\/\/fundacioncajaruraldelsur.com\/presentacion-de-sicab-2019-con-el-patrocinio-de-caja-rural-del-sur\/"},"author":{"name":"Comunicaci\u00f3n","@id":"https:\/\/fundacioncajaruraldelsur.com\/#\/schema\/person\/f430da9fb783d505ff061ad8b3d44577"},"headline":"Presentaci\u00f3n de SICAB 2019 con el patrocinio de Caja Rural del Sur","datePublished":"2019-11-13T17:00:13+00:00","mainEntityOfPage":{"@id":"https:\/\/fundacioncajaruraldelsur.com\/presentacion-de-sicab-2019-con-el-patrocinio-de-caja-rural-del-sur\/"},"wordCount":711,"image":{"@id":"https:\/\/fundacioncajaruraldelsur.com\/presentacion-de-sicab-2019-con-el-patrocinio-de-caja-rural-del-sur\/#primaryimage"},"thumbnailUrl":"https:\/\/fundacioncajaruraldelsur.com\/wp-content\/uploads\/2019\/11\/IMG_8576.jpg","articleSection":["Jornadas"],"inLanguage":"pt-PT"},{"@type":"WebPage","@id":"https:\/\/fundacioncajaruraldelsur.com\/presentacion-de-sicab-2019-con-el-patrocinio-de-caja-rural-del-sur\/","url":"https:\/\/fundacioncajaruraldelsur.com\/presentacion-de-sicab-2019-con-el-patrocinio-de-caja-rural-del-sur\/","name":"Presentaci\u00f3n de SICAB 2019 con el patrocinio de Caja Rural del Sur - Fundaci\u00f3n Caja Rural del Sur","isPartOf":{"@id":"https:\/\/fundacioncajaruraldelsur.com\/#website"},"primaryImageOfPage":{"@id":"https:\/\/fundacioncajaruraldelsur.com\/presentacion-de-sicab-2019-con-el-patrocinio-de-caja-rural-del-sur\/#primaryimage"},"image":{"@id":"https:\/\/fundacioncajaruraldelsur.com\/presentacion-de-sicab-2019-con-el-patrocinio-de-caja-rural-del-sur\/#primaryimage"},"thumbnailUrl":"https:\/\/fundacioncajaruraldelsur.com\/wp-content\/uploads\/2019\/11\/IMG_8576.jpg","datePublished":"2019-11-13T17:00:13+00:00","author":{"@id":"https:\/\/fundacioncajaruraldelsur.com\/#\/schema\/person\/f430da9fb783d505ff061ad8b3d44577"},"breadcrumb":{"@id":"https:\/\/fundacioncajaruraldelsur.com\/presentacion-de-sicab-2019-con-el-patrocinio-de-caja-rural-del-sur\/#breadcrumb"},"inLanguage":"pt-PT","potentialAction":[{"@type":"ReadAction","target":["https:\/\/fundacioncajaruraldelsur.com\/presentacion-de-sicab-2019-con-el-patrocinio-de-caja-rural-del-sur\/"]}]},{"@type":"ImageObject","inLanguage":"pt-PT","@id":"https:\/\/fundacioncajaruraldelsur.com\/presentacion-de-sicab-2019-con-el-patrocinio-de-caja-rural-del-sur\/#primaryimage","url":"https:\/\/fundacioncajaruraldelsur.com\/wp-content\/uploads\/2019\/11\/IMG_8576.jpg","contentUrl":"https:\/\/fundacioncajaruraldelsur.com\/wp-content\/uploads\/2019\/11\/IMG_8576.jpg","width":833,"height":625},{"@type":"BreadcrumbList","@id":"https:\/\/fundacioncajaruraldelsur.com\/presentacion-de-sicab-2019-con-el-patrocinio-de-caja-rural-del-sur\/#breadcrumb","itemListElement":[{"@type":"ListItem","position":1,"name":"Portada","item":"https:\/\/fundacioncajaruraldelsur.com\/"},{"@type":"ListItem","position":2,"name":"Presentaci\u00f3n de SICAB 2019 con el patrocinio de Caja Rural del Sur"}]},{"@type":"WebSite","@id":"https:\/\/fundacioncajaruraldelsur.com\/#website","url":"https:\/\/fundacioncajaruraldelsur.com\/","name":"Funda\u00e7\u00e3o Caja Rural del Sur","description":"","potentialAction":[{"@type":"SearchAction","target":{"@type":"EntryPoint","urlTemplate":"https:\/\/fundacioncajaruraldelsur.com\/?s={search_term_string}"},"query-input":{"@type":"PropertyValueSpecification","valueRequired":true,"valueName":"search_term_string"}}],"inLanguage":"pt-PT"},{"@type":"Person","@id":"https:\/\/fundacioncajaruraldelsur.com\/#\/schema\/person\/f430da9fb783d505ff061ad8b3d44577","name":"Comunicaci\u00f3n","image":{"@type":"ImageObject","inLanguage":"pt-PT","@id":"https:\/\/secure.gravatar.com\/avatar\/0dca239875993680bac4603ad2de7942da018f52cc3a244578e0b3b09314a8d8?s=96&d=blank&r=g","url":"https:\/\/secure.gravatar.com\/avatar\/0dca239875993680bac4603ad2de7942da018f52cc3a244578e0b3b09314a8d8?s=96&d=blank&r=g","contentUrl":"https:\/\/secure.gravatar.com\/avatar\/0dca239875993680bac4603ad2de7942da018f52cc3a244578e0b3b09314a8d8?s=96&d=blank&r=g","caption":"Comunicaci\u00f3n"}}]}},"rttpg_featured_image_url":{"full":["https:\/\/fundacioncajaruraldelsur.com\/wp-content\/uploads\/2019\/11\/IMG_8576.jpg",833,625,false],"landscape":["https:\/\/fundacioncajaruraldelsur.com\/wp-content\/uploads\/2019\/11\/IMG_8576.jpg",833,625,false],"portraits":["https:\/\/fundacioncajaruraldelsur.com\/wp-content\/uploads\/2019\/11\/IMG_8576.jpg",833,625,false],"thumbnail":["https:\/\/fundacioncajaruraldelsur.com\/wp-content\/uploads\/2019\/11\/IMG_8576-150x150.jpg",150,150,true],"medium":["https:\/\/fundacioncajaruraldelsur.com\/wp-content\/uploads\/2019\/11\/IMG_8576-300x225.jpg",300,225,true],"large":["https:\/\/fundacioncajaruraldelsur.com\/wp-content\/uploads\/2019\/11\/IMG_8576.jpg",833,625,false],"1536x1536":["https:\/\/fundacioncajaruraldelsur.com\/wp-content\/uploads\/2019\/11\/IMG_8576.jpg",833,625,false],"2048x2048":["https:\/\/fundacioncajaruraldelsur.com\/wp-content\/uploads\/2019\/11\/IMG_8576.jpg",833,625,false],"trp-custom-language-flag":["https:\/\/fundacioncajaruraldelsur.com\/wp-content\/uploads\/2019\/11\/IMG_8576.jpg",16,12,false],"blog-thumbnail":["https:\/\/fundacioncajaruraldelsur.com\/wp-content\/uploads\/2019\/11\/IMG_8576-400x200.jpg",400,200,true]},"rttpg_author":{"display_name":"Comunicaci\u00f3n","author_link":"https:\/\/fundacioncajaruraldelsur.com\/pt\/author\/sevillaadmin\/"},"rttpg_comment":0,"rttpg_category":"<a href=\"https:\/\/fundacioncajaruraldelsur.com\/pt\/category\/jornadas\/\" rel=\"category tag\">Jornadas<\/a>","rttpg_excerpt":"Un a\u00f1o m\u00e1s Caja Rural del Sur es patrocinador principal del Sal\u00f3n Internacional del Caballo, SICAB, que llega este a\u00f1o a la 29\u00aa edici\u00f3n, y que se celebra\u00a0 del 19 [&hellip;]","_links":{"self":[{"href":"https:\/\/fundacioncajaruraldelsur.com\/pt\/wp-json\/wp\/v2\/posts\/5298","targetHints":{"allow":["GET"]}}],"collection":[{"href":"https:\/\/fundacioncajaruraldelsur.com\/pt\/wp-json\/wp\/v2\/posts"}],"about":[{"href":"https:\/\/fundacioncajaruraldelsur.com\/pt\/wp-json\/wp\/v2\/types\/post"}],"author":[{"embeddable":true,"href":"https:\/\/fundacioncajaruraldelsur.com\/pt\/wp-json\/wp\/v2\/users\/6"}],"replies":[{"embeddable":true,"href":"https:\/\/fundacioncajaruraldelsur.com\/pt\/wp-json\/wp\/v2\/comments?post=5298"}],"version-history":[{"count":1,"href":"https:\/\/fundacioncajaruraldelsur.com\/pt\/wp-json\/wp\/v2\/posts\/5298\/revisions"}],"predecessor-version":[{"id":5303,"href":"https:\/\/fundacioncajaruraldelsur.com\/pt\/wp-json\/wp\/v2\/posts\/5298\/revisions\/5303"}],"wp:featuredmedia":[{"embeddable":true,"href":"https:\/\/fundacioncajaruraldelsur.com\/pt\/wp-json\/wp\/v2\/media\/5299"}],"wp:attachment":[{"href":"https:\/\/fundacioncajaruraldelsur.com\/pt\/wp-json\/wp\/v2\/media?parent=5298"}],"wp:term":[{"taxonomy":"category","embeddable":true,"href":"https:\/\/fundacioncajaruraldelsur.com\/pt\/wp-json\/wp\/v2\/categories?post=5298"},{"taxonomy":"post_tag","embeddable":true,"href":"https:\/\/fundacioncajaruraldelsur.com\/pt\/wp-json\/wp\/v2\/tags?post=5298"}],"curies":[{"name":"wp","href":"https:\/\/api.w.org\/{rel}","templated":true}]}}