{"id":5286,"date":"2019-11-13T00:07:51","date_gmt":"2019-11-12T22:07:51","guid":{"rendered":"\/?p=5286"},"modified":"2019-11-13T00:07:51","modified_gmt":"2019-11-12T22:07:51","slug":"exposicion-del-artista-pablo-gomez-prieto-paisaje-oxidado-hasta-el-22-de-noviembre","status":"publish","type":"post","link":"https:\/\/fundacioncajaruraldelsur.com\/pt\/exposicion-del-artista-pablo-gomez-prieto-paisaje-oxidado-hasta-el-22-de-noviembre\/","title":{"rendered":"Exposici\u00f3n del artista\u00a0Pablo G\u00f3mez Prieto,\u00a0\u00abPaisaje Oxidado\u00bb hasta el 22 de noviembre."},"content":{"rendered":"<p>El Centro Cultural Jos\u00e9 Luis Garc\u00eda Palacios de la Fundaci\u00f3n Caja Rural del Sur en Sevilla acoge la exposici\u00f3n del artista <strong>Pablo G\u00f3mez Prieto,<\/strong>\u00a0<em><strong>Paisaje Oxidado<\/strong><\/em>, hasta el 22 de noviembre.<\/p>\n<p>Pablo G\u00f3mez Prieto curs\u00f3 estudios en la Facultad de Bellas Artes en Sevilla en 1996 y desde entonces ha venido ensanchando sus conocimientos\u00a0 pict\u00f3ricos de una manera autodidacta. Desde muy temprano sinti\u00f3 un gran inter\u00e9s por la fotograf\u00eda, buscando composiciones de corte surrealista, aplicando t\u00e9cnicas mixtas, pero guardando siempre una atracci\u00f3n por el paisaje luminoso del entorno de Huelva.<\/p>\n<p>propio artista declara que \u201cmi acercamiento a pintores realistas ha despertado siempre en m\u00ed mucho inter\u00e9s y una b\u00fasqueda constante sobre el control adecuado del color y captar la atm\u00f3sfera luminosa en mi obra, sobre todo por el juego de contrastes de luces y sombras y de c\u00f3mo el primer plano adquiere protagonismo dando fuerza a la obra\u201d.<\/p>\n<p>Explica Pablo G\u00f3mez Prieto que \u201clas t\u00e9cnicas pict\u00f3ricas usadas a lo largo de mi obra son muy variadas. Desde acuarela a pastel pasando por carboncillos y graf\u00edtos, siendo el \u00f3leo, tanto en tabla como en lienzo, la t\u00e9cnica m\u00e1s utilizada\u201d. Y de sus trabajos destacan \u201clos paisajes mediterr\u00e1neos, serenos, de horizontes lejanos. Paisajes mar\u00edtimos y dunas costeras, cielos abiertos muy vinculados al entorno de mi tierra, donde predominan los tonos sienas y azules\u201d.<\/p>\n<p>Esta exposici\u00f3n \u00abPaisaje Oxidado\u00bb representa la visi\u00f3n objetiva sobre el paisaje onubense: aguas mansas de esteros, planos horizontes, fango, escombro\u2026.historia!<\/p>\n<p>Seg\u00fan indica el pintor, concibe la pintura \u00abcomo un estado de satisfacci\u00f3n interior, alej\u00e1ndome de toda corriente pict\u00f3rica. Si quiero pintar una rueda, la pinto, si quiero pintar piedras y escombros tambi\u00e9n\u2026Dejo que sea mi mano y mi alma la que marque mi arte, libre y plena\u00bb.<\/p>\n<p><a href=\"\/wp-content\/uploads\/2019\/11\/IMG_8552.jpg\" rel=\"lightbox-0\"><img loading=\"lazy\" decoding=\"async\" class=\"wp-image-5287 size-full aligncenter\" src=\"\/wp-content\/uploads\/2019\/11\/IMG_8552.jpg\" alt=\"\" width=\"490\" height=\"653\" srcset=\"https:\/\/fundacioncajaruraldelsur.com\/wp-content\/uploads\/2019\/11\/IMG_8552.jpg 490w, https:\/\/fundacioncajaruraldelsur.com\/wp-content\/uploads\/2019\/11\/IMG_8552-225x300.jpg 225w\" sizes=\"auto, (max-width: 490px) 100vw, 490px\" \/><\/a><\/p>\n<p><a href=\"\/wp-content\/uploads\/2019\/11\/IMG_8554.jpg\" rel=\"lightbox-1\"><img loading=\"lazy\" decoding=\"async\" class=\"alignnone wp-image-5289 size-full\" src=\"\/wp-content\/uploads\/2019\/11\/IMG_8554.jpg\" alt=\"\" width=\"871\" height=\"653\" srcset=\"https:\/\/fundacioncajaruraldelsur.com\/wp-content\/uploads\/2019\/11\/IMG_8554.jpg 871w, https:\/\/fundacioncajaruraldelsur.com\/wp-content\/uploads\/2019\/11\/IMG_8554-300x225.jpg 300w, https:\/\/fundacioncajaruraldelsur.com\/wp-content\/uploads\/2019\/11\/IMG_8554-768x576.jpg 768w\" sizes=\"auto, (max-width: 871px) 100vw, 871px\" \/><\/a> <a href=\"\/wp-content\/uploads\/2019\/11\/IMG_8555.jpg\" rel=\"lightbox-2\"><img loading=\"lazy\" decoding=\"async\" class=\"alignnone wp-image-5290 size-full\" src=\"\/wp-content\/uploads\/2019\/11\/IMG_8555.jpg\" alt=\"\" width=\"936\" height=\"702\" srcset=\"https:\/\/fundacioncajaruraldelsur.com\/wp-content\/uploads\/2019\/11\/IMG_8555.jpg 936w, https:\/\/fundacioncajaruraldelsur.com\/wp-content\/uploads\/2019\/11\/IMG_8555-300x225.jpg 300w, https:\/\/fundacioncajaruraldelsur.com\/wp-content\/uploads\/2019\/11\/IMG_8555-768x576.jpg 768w\" sizes=\"auto, (max-width: 936px) 100vw, 936px\" \/><\/a><\/p>\n<p><a href=\"\/wp-content\/uploads\/2019\/11\/IMG_8553.jpg\" rel=\"lightbox-3\"><img loading=\"lazy\" decoding=\"async\" class=\"alignnone wp-image-5288 size-full\" src=\"\/wp-content\/uploads\/2019\/11\/IMG_8553.jpg\" alt=\"\" width=\"871\" height=\"653\" srcset=\"https:\/\/fundacioncajaruraldelsur.com\/wp-content\/uploads\/2019\/11\/IMG_8553.jpg 871w, https:\/\/fundacioncajaruraldelsur.com\/wp-content\/uploads\/2019\/11\/IMG_8553-300x225.jpg 300w, https:\/\/fundacioncajaruraldelsur.com\/wp-content\/uploads\/2019\/11\/IMG_8553-768x576.jpg 768w\" sizes=\"auto, (max-width: 871px) 100vw, 871px\" \/><\/a><\/p>","protected":false},"excerpt":{"rendered":"<p>El Centro Cultural Jos\u00e9 Luis Garc\u00eda Palacios de la Fundaci\u00f3n Caja Rural del Sur en Sevilla acoge la exposici\u00f3n del artista Pablo G\u00f3mez Prieto,\u00a0Paisaje Oxidado, hasta el 22 de noviembre. [&hellip;]<\/p>\n","protected":false},"author":6,"featured_media":5288,"comment_status":"closed","ping_status":"closed","sticky":false,"template":"","format":"standard","meta":{"footnotes":""},"categories":[82],"tags":[],"class_list":["post-5286","post","type-post","status-publish","format-standard","has-post-thumbnail","hentry","category-exposiciones"],"yoast_head":"<!-- This site is optimized with the Yoast SEO plugin v27.3 - https:\/\/yoast.com\/product\/yoast-seo-wordpress\/ -->\n<title>Exposici\u00f3n del artista\u00a0Pablo G\u00f3mez Prieto,\u00a0&quot;Paisaje Oxidado&quot; hasta el 22 de noviembre. - Fundaci\u00f3n Caja Rural del Sur<\/title>\n<meta name=\"robots\" content=\"index, follow, max-snippet:-1, max-image-preview:large, max-video-preview:-1\" \/>\n<link rel=\"canonical\" href=\"https:\/\/fundacioncajaruraldelsur.com\/pt\/exposicion-del-artista-pablo-gomez-prieto-paisaje-oxidado-hasta-el-22-de-noviembre\/\" \/>\n<meta property=\"og:locale\" content=\"pt_PT\" \/>\n<meta property=\"og:type\" content=\"article\" \/>\n<meta property=\"og:title\" content=\"Exposici\u00f3n del artista\u00a0Pablo G\u00f3mez Prieto,\u00a0&quot;Paisaje Oxidado&quot; hasta el 22 de noviembre. - Fundaci\u00f3n Caja Rural del Sur\" \/>\n<meta property=\"og:description\" content=\"El Centro Cultural Jos\u00e9 Luis Garc\u00eda Palacios de la Fundaci\u00f3n Caja Rural del Sur en Sevilla acoge la exposici\u00f3n del artista Pablo G\u00f3mez Prieto,\u00a0Paisaje Oxidado, hasta el 22 de noviembre. [&hellip;]\" \/>\n<meta property=\"og:url\" content=\"https:\/\/fundacioncajaruraldelsur.com\/pt\/exposicion-del-artista-pablo-gomez-prieto-paisaje-oxidado-hasta-el-22-de-noviembre\/\" \/>\n<meta property=\"og:site_name\" content=\"Fundaci\u00f3n Caja Rural del Sur\" \/>\n<meta property=\"article:published_time\" content=\"2019-11-12T22:07:51+00:00\" \/>\n<meta property=\"og:image\" content=\"https:\/\/fundacioncajaruraldelsur.com\/wp-content\/uploads\/2019\/11\/IMG_8553.jpg\" \/>\n\t<meta property=\"og:image:width\" content=\"871\" \/>\n\t<meta property=\"og:image:height\" content=\"653\" \/>\n\t<meta property=\"og:image:type\" content=\"image\/jpeg\" \/>\n<meta name=\"author\" content=\"Comunicaci\u00f3n\" \/>\n<meta name=\"twitter:card\" content=\"summary_large_image\" \/>\n<meta name=\"twitter:label1\" content=\"Written by\" \/>\n\t<meta name=\"twitter:data1\" content=\"Comunicaci\u00f3n\" \/>\n\t<meta name=\"twitter:label2\" content=\"Est. reading time\" \/>\n\t<meta name=\"twitter:data2\" content=\"2 minutes\" \/>\n<script type=\"application\/ld+json\" class=\"yoast-schema-graph\">{\"@context\":\"https:\\\/\\\/schema.org\",\"@graph\":[{\"@type\":\"Article\",\"@id\":\"https:\\\/\\\/fundacioncajaruraldelsur.com\\\/exposicion-del-artista-pablo-gomez-prieto-paisaje-oxidado-hasta-el-22-de-noviembre\\\/#article\",\"isPartOf\":{\"@id\":\"https:\\\/\\\/fundacioncajaruraldelsur.com\\\/exposicion-del-artista-pablo-gomez-prieto-paisaje-oxidado-hasta-el-22-de-noviembre\\\/\"},\"author\":{\"name\":\"Comunicaci\u00f3n\",\"@id\":\"https:\\\/\\\/fundacioncajaruraldelsur.com\\\/#\\\/schema\\\/person\\\/f430da9fb783d505ff061ad8b3d44577\"},\"headline\":\"Exposici\u00f3n del artista\u00a0Pablo G\u00f3mez Prieto,\u00a0\u00abPaisaje Oxidado\u00bb hasta el 22 de noviembre.\",\"datePublished\":\"2019-11-12T22:07:51+00:00\",\"mainEntityOfPage\":{\"@id\":\"https:\\\/\\\/fundacioncajaruraldelsur.com\\\/exposicion-del-artista-pablo-gomez-prieto-paisaje-oxidado-hasta-el-22-de-noviembre\\\/\"},\"wordCount\":331,\"image\":{\"@id\":\"https:\\\/\\\/fundacioncajaruraldelsur.com\\\/exposicion-del-artista-pablo-gomez-prieto-paisaje-oxidado-hasta-el-22-de-noviembre\\\/#primaryimage\"},\"thumbnailUrl\":\"https:\\\/\\\/fundacioncajaruraldelsur.com\\\/wp-content\\\/uploads\\\/2019\\\/11\\\/IMG_8553.jpg\",\"articleSection\":[\"Exposiciones\"],\"inLanguage\":\"pt-PT\"},{\"@type\":\"WebPage\",\"@id\":\"https:\\\/\\\/fundacioncajaruraldelsur.com\\\/exposicion-del-artista-pablo-gomez-prieto-paisaje-oxidado-hasta-el-22-de-noviembre\\\/\",\"url\":\"https:\\\/\\\/fundacioncajaruraldelsur.com\\\/exposicion-del-artista-pablo-gomez-prieto-paisaje-oxidado-hasta-el-22-de-noviembre\\\/\",\"name\":\"Exposici\u00f3n del artista\u00a0Pablo G\u00f3mez Prieto,\u00a0\\\"Paisaje Oxidado\\\" hasta el 22 de noviembre. - Fundaci\u00f3n Caja Rural del Sur\",\"isPartOf\":{\"@id\":\"https:\\\/\\\/fundacioncajaruraldelsur.com\\\/#website\"},\"primaryImageOfPage\":{\"@id\":\"https:\\\/\\\/fundacioncajaruraldelsur.com\\\/exposicion-del-artista-pablo-gomez-prieto-paisaje-oxidado-hasta-el-22-de-noviembre\\\/#primaryimage\"},\"image\":{\"@id\":\"https:\\\/\\\/fundacioncajaruraldelsur.com\\\/exposicion-del-artista-pablo-gomez-prieto-paisaje-oxidado-hasta-el-22-de-noviembre\\\/#primaryimage\"},\"thumbnailUrl\":\"https:\\\/\\\/fundacioncajaruraldelsur.com\\\/wp-content\\\/uploads\\\/2019\\\/11\\\/IMG_8553.jpg\",\"datePublished\":\"2019-11-12T22:07:51+00:00\",\"author\":{\"@id\":\"https:\\\/\\\/fundacioncajaruraldelsur.com\\\/#\\\/schema\\\/person\\\/f430da9fb783d505ff061ad8b3d44577\"},\"breadcrumb\":{\"@id\":\"https:\\\/\\\/fundacioncajaruraldelsur.com\\\/exposicion-del-artista-pablo-gomez-prieto-paisaje-oxidado-hasta-el-22-de-noviembre\\\/#breadcrumb\"},\"inLanguage\":\"pt-PT\",\"potentialAction\":[{\"@type\":\"ReadAction\",\"target\":[\"https:\\\/\\\/fundacioncajaruraldelsur.com\\\/exposicion-del-artista-pablo-gomez-prieto-paisaje-oxidado-hasta-el-22-de-noviembre\\\/\"]}]},{\"@type\":\"ImageObject\",\"inLanguage\":\"pt-PT\",\"@id\":\"https:\\\/\\\/fundacioncajaruraldelsur.com\\\/exposicion-del-artista-pablo-gomez-prieto-paisaje-oxidado-hasta-el-22-de-noviembre\\\/#primaryimage\",\"url\":\"https:\\\/\\\/fundacioncajaruraldelsur.com\\\/wp-content\\\/uploads\\\/2019\\\/11\\\/IMG_8553.jpg\",\"contentUrl\":\"https:\\\/\\\/fundacioncajaruraldelsur.com\\\/wp-content\\\/uploads\\\/2019\\\/11\\\/IMG_8553.jpg\",\"width\":871,\"height\":653},{\"@type\":\"BreadcrumbList\",\"@id\":\"https:\\\/\\\/fundacioncajaruraldelsur.com\\\/exposicion-del-artista-pablo-gomez-prieto-paisaje-oxidado-hasta-el-22-de-noviembre\\\/#breadcrumb\",\"itemListElement\":[{\"@type\":\"ListItem\",\"position\":1,\"name\":\"Portada\",\"item\":\"https:\\\/\\\/fundacioncajaruraldelsur.com\\\/\"},{\"@type\":\"ListItem\",\"position\":2,\"name\":\"Exposici\u00f3n del artista\u00a0Pablo G\u00f3mez Prieto,\u00a0\u00abPaisaje Oxidado\u00bb hasta el 22 de noviembre.\"}]},{\"@type\":\"WebSite\",\"@id\":\"https:\\\/\\\/fundacioncajaruraldelsur.com\\\/#website\",\"url\":\"https:\\\/\\\/fundacioncajaruraldelsur.com\\\/\",\"name\":\"Fundaci\u00f3n Caja Rural del Sur\",\"description\":\"\",\"potentialAction\":[{\"@type\":\"SearchAction\",\"target\":{\"@type\":\"EntryPoint\",\"urlTemplate\":\"https:\\\/\\\/fundacioncajaruraldelsur.com\\\/?s={search_term_string}\"},\"query-input\":{\"@type\":\"PropertyValueSpecification\",\"valueRequired\":true,\"valueName\":\"search_term_string\"}}],\"inLanguage\":\"pt-PT\"},{\"@type\":\"Person\",\"@id\":\"https:\\\/\\\/fundacioncajaruraldelsur.com\\\/#\\\/schema\\\/person\\\/f430da9fb783d505ff061ad8b3d44577\",\"name\":\"Comunicaci\u00f3n\",\"image\":{\"@type\":\"ImageObject\",\"inLanguage\":\"pt-PT\",\"@id\":\"https:\\\/\\\/secure.gravatar.com\\\/avatar\\\/0dca239875993680bac4603ad2de7942da018f52cc3a244578e0b3b09314a8d8?s=96&d=blank&r=g\",\"url\":\"https:\\\/\\\/secure.gravatar.com\\\/avatar\\\/0dca239875993680bac4603ad2de7942da018f52cc3a244578e0b3b09314a8d8?s=96&d=blank&r=g\",\"contentUrl\":\"https:\\\/\\\/secure.gravatar.com\\\/avatar\\\/0dca239875993680bac4603ad2de7942da018f52cc3a244578e0b3b09314a8d8?s=96&d=blank&r=g\",\"caption\":\"Comunicaci\u00f3n\"}}]}<\/script>\n<!-- \/ Yoast SEO plugin. -->","yoast_head_json":{"title":"Exposici\u00f3n del artista\u00a0Pablo G\u00f3mez Prieto,\u00a0\"Paisaje Oxidado\" hasta el 22 de noviembre. - Fundaci\u00f3n Caja Rural del Sur","robots":{"index":"index","follow":"follow","max-snippet":"max-snippet:-1","max-image-preview":"max-image-preview:large","max-video-preview":"max-video-preview:-1"},"canonical":"https:\/\/fundacioncajaruraldelsur.com\/pt\/exposicion-del-artista-pablo-gomez-prieto-paisaje-oxidado-hasta-el-22-de-noviembre\/","og_locale":"pt_PT","og_type":"article","og_title":"Exposici\u00f3n del artista\u00a0Pablo G\u00f3mez Prieto,\u00a0\"Paisaje Oxidado\" hasta el 22 de noviembre. - Fundaci\u00f3n Caja Rural del Sur","og_description":"El Centro Cultural Jos\u00e9 Luis Garc\u00eda Palacios de la Fundaci\u00f3n Caja Rural del Sur en Sevilla acoge la exposici\u00f3n del artista Pablo G\u00f3mez Prieto,\u00a0Paisaje Oxidado, hasta el 22 de noviembre. [&hellip;]","og_url":"https:\/\/fundacioncajaruraldelsur.com\/pt\/exposicion-del-artista-pablo-gomez-prieto-paisaje-oxidado-hasta-el-22-de-noviembre\/","og_site_name":"Fundaci\u00f3n Caja Rural del Sur","article_published_time":"2019-11-12T22:07:51+00:00","og_image":[{"width":871,"height":653,"url":"https:\/\/fundacioncajaruraldelsur.com\/wp-content\/uploads\/2019\/11\/IMG_8553.jpg","type":"image\/jpeg"}],"author":"Comunicaci\u00f3n","twitter_card":"summary_large_image","twitter_misc":{"Written by":"Comunicaci\u00f3n","Est. reading time":"2 minutes"},"schema":{"@context":"https:\/\/schema.org","@graph":[{"@type":"Article","@id":"https:\/\/fundacioncajaruraldelsur.com\/exposicion-del-artista-pablo-gomez-prieto-paisaje-oxidado-hasta-el-22-de-noviembre\/#article","isPartOf":{"@id":"https:\/\/fundacioncajaruraldelsur.com\/exposicion-del-artista-pablo-gomez-prieto-paisaje-oxidado-hasta-el-22-de-noviembre\/"},"author":{"name":"Comunicaci\u00f3n","@id":"https:\/\/fundacioncajaruraldelsur.com\/#\/schema\/person\/f430da9fb783d505ff061ad8b3d44577"},"headline":"Exposici\u00f3n del artista\u00a0Pablo G\u00f3mez Prieto,\u00a0\u00abPaisaje Oxidado\u00bb hasta el 22 de noviembre.","datePublished":"2019-11-12T22:07:51+00:00","mainEntityOfPage":{"@id":"https:\/\/fundacioncajaruraldelsur.com\/exposicion-del-artista-pablo-gomez-prieto-paisaje-oxidado-hasta-el-22-de-noviembre\/"},"wordCount":331,"image":{"@id":"https:\/\/fundacioncajaruraldelsur.com\/exposicion-del-artista-pablo-gomez-prieto-paisaje-oxidado-hasta-el-22-de-noviembre\/#primaryimage"},"thumbnailUrl":"https:\/\/fundacioncajaruraldelsur.com\/wp-content\/uploads\/2019\/11\/IMG_8553.jpg","articleSection":["Exposiciones"],"inLanguage":"pt-PT"},{"@type":"WebPage","@id":"https:\/\/fundacioncajaruraldelsur.com\/exposicion-del-artista-pablo-gomez-prieto-paisaje-oxidado-hasta-el-22-de-noviembre\/","url":"https:\/\/fundacioncajaruraldelsur.com\/exposicion-del-artista-pablo-gomez-prieto-paisaje-oxidado-hasta-el-22-de-noviembre\/","name":"Exposici\u00f3n del artista\u00a0Pablo G\u00f3mez Prieto,\u00a0\"Paisaje Oxidado\" hasta el 22 de noviembre. - Fundaci\u00f3n Caja Rural del Sur","isPartOf":{"@id":"https:\/\/fundacioncajaruraldelsur.com\/#website"},"primaryImageOfPage":{"@id":"https:\/\/fundacioncajaruraldelsur.com\/exposicion-del-artista-pablo-gomez-prieto-paisaje-oxidado-hasta-el-22-de-noviembre\/#primaryimage"},"image":{"@id":"https:\/\/fundacioncajaruraldelsur.com\/exposicion-del-artista-pablo-gomez-prieto-paisaje-oxidado-hasta-el-22-de-noviembre\/#primaryimage"},"thumbnailUrl":"https:\/\/fundacioncajaruraldelsur.com\/wp-content\/uploads\/2019\/11\/IMG_8553.jpg","datePublished":"2019-11-12T22:07:51+00:00","author":{"@id":"https:\/\/fundacioncajaruraldelsur.com\/#\/schema\/person\/f430da9fb783d505ff061ad8b3d44577"},"breadcrumb":{"@id":"https:\/\/fundacioncajaruraldelsur.com\/exposicion-del-artista-pablo-gomez-prieto-paisaje-oxidado-hasta-el-22-de-noviembre\/#breadcrumb"},"inLanguage":"pt-PT","potentialAction":[{"@type":"ReadAction","target":["https:\/\/fundacioncajaruraldelsur.com\/exposicion-del-artista-pablo-gomez-prieto-paisaje-oxidado-hasta-el-22-de-noviembre\/"]}]},{"@type":"ImageObject","inLanguage":"pt-PT","@id":"https:\/\/fundacioncajaruraldelsur.com\/exposicion-del-artista-pablo-gomez-prieto-paisaje-oxidado-hasta-el-22-de-noviembre\/#primaryimage","url":"https:\/\/fundacioncajaruraldelsur.com\/wp-content\/uploads\/2019\/11\/IMG_8553.jpg","contentUrl":"https:\/\/fundacioncajaruraldelsur.com\/wp-content\/uploads\/2019\/11\/IMG_8553.jpg","width":871,"height":653},{"@type":"BreadcrumbList","@id":"https:\/\/fundacioncajaruraldelsur.com\/exposicion-del-artista-pablo-gomez-prieto-paisaje-oxidado-hasta-el-22-de-noviembre\/#breadcrumb","itemListElement":[{"@type":"ListItem","position":1,"name":"Portada","item":"https:\/\/fundacioncajaruraldelsur.com\/"},{"@type":"ListItem","position":2,"name":"Exposici\u00f3n del artista\u00a0Pablo G\u00f3mez Prieto,\u00a0\u00abPaisaje Oxidado\u00bb hasta el 22 de noviembre."}]},{"@type":"WebSite","@id":"https:\/\/fundacioncajaruraldelsur.com\/#website","url":"https:\/\/fundacioncajaruraldelsur.com\/","name":"Funda\u00e7\u00e3o Caja Rural del Sur","description":"","potentialAction":[{"@type":"SearchAction","target":{"@type":"EntryPoint","urlTemplate":"https:\/\/fundacioncajaruraldelsur.com\/?s={search_term_string}"},"query-input":{"@type":"PropertyValueSpecification","valueRequired":true,"valueName":"search_term_string"}}],"inLanguage":"pt-PT"},{"@type":"Person","@id":"https:\/\/fundacioncajaruraldelsur.com\/#\/schema\/person\/f430da9fb783d505ff061ad8b3d44577","name":"Comunicaci\u00f3n","image":{"@type":"ImageObject","inLanguage":"pt-PT","@id":"https:\/\/secure.gravatar.com\/avatar\/0dca239875993680bac4603ad2de7942da018f52cc3a244578e0b3b09314a8d8?s=96&d=blank&r=g","url":"https:\/\/secure.gravatar.com\/avatar\/0dca239875993680bac4603ad2de7942da018f52cc3a244578e0b3b09314a8d8?s=96&d=blank&r=g","contentUrl":"https:\/\/secure.gravatar.com\/avatar\/0dca239875993680bac4603ad2de7942da018f52cc3a244578e0b3b09314a8d8?s=96&d=blank&r=g","caption":"Comunicaci\u00f3n"}}]}},"rttpg_featured_image_url":{"full":["https:\/\/fundacioncajaruraldelsur.com\/wp-content\/uploads\/2019\/11\/IMG_8553.jpg",871,653,false],"landscape":["https:\/\/fundacioncajaruraldelsur.com\/wp-content\/uploads\/2019\/11\/IMG_8553.jpg",871,653,false],"portraits":["https:\/\/fundacioncajaruraldelsur.com\/wp-content\/uploads\/2019\/11\/IMG_8553.jpg",871,653,false],"thumbnail":["https:\/\/fundacioncajaruraldelsur.com\/wp-content\/uploads\/2019\/11\/IMG_8553-150x150.jpg",150,150,true],"medium":["https:\/\/fundacioncajaruraldelsur.com\/wp-content\/uploads\/2019\/11\/IMG_8553-300x225.jpg",300,225,true],"large":["https:\/\/fundacioncajaruraldelsur.com\/wp-content\/uploads\/2019\/11\/IMG_8553.jpg",871,653,false],"1536x1536":["https:\/\/fundacioncajaruraldelsur.com\/wp-content\/uploads\/2019\/11\/IMG_8553.jpg",871,653,false],"2048x2048":["https:\/\/fundacioncajaruraldelsur.com\/wp-content\/uploads\/2019\/11\/IMG_8553.jpg",871,653,false],"trp-custom-language-flag":["https:\/\/fundacioncajaruraldelsur.com\/wp-content\/uploads\/2019\/11\/IMG_8553.jpg",16,12,false],"blog-thumbnail":["https:\/\/fundacioncajaruraldelsur.com\/wp-content\/uploads\/2019\/11\/IMG_8553-400x200.jpg",400,200,true]},"rttpg_author":{"display_name":"Comunicaci\u00f3n","author_link":"https:\/\/fundacioncajaruraldelsur.com\/pt\/author\/sevillaadmin\/"},"rttpg_comment":0,"rttpg_category":"<a href=\"https:\/\/fundacioncajaruraldelsur.com\/pt\/category\/exposiciones\/\" rel=\"category tag\">Exposiciones<\/a>","rttpg_excerpt":"El Centro Cultural Jos\u00e9 Luis Garc\u00eda Palacios de la Fundaci\u00f3n Caja Rural del Sur en Sevilla acoge la exposici\u00f3n del artista Pablo G\u00f3mez Prieto,\u00a0Paisaje Oxidado, hasta el 22 de noviembre. [&hellip;]","_links":{"self":[{"href":"https:\/\/fundacioncajaruraldelsur.com\/pt\/wp-json\/wp\/v2\/posts\/5286","targetHints":{"allow":["GET"]}}],"collection":[{"href":"https:\/\/fundacioncajaruraldelsur.com\/pt\/wp-json\/wp\/v2\/posts"}],"about":[{"href":"https:\/\/fundacioncajaruraldelsur.com\/pt\/wp-json\/wp\/v2\/types\/post"}],"author":[{"embeddable":true,"href":"https:\/\/fundacioncajaruraldelsur.com\/pt\/wp-json\/wp\/v2\/users\/6"}],"replies":[{"embeddable":true,"href":"https:\/\/fundacioncajaruraldelsur.com\/pt\/wp-json\/wp\/v2\/comments?post=5286"}],"version-history":[{"count":1,"href":"https:\/\/fundacioncajaruraldelsur.com\/pt\/wp-json\/wp\/v2\/posts\/5286\/revisions"}],"predecessor-version":[{"id":5291,"href":"https:\/\/fundacioncajaruraldelsur.com\/pt\/wp-json\/wp\/v2\/posts\/5286\/revisions\/5291"}],"wp:featuredmedia":[{"embeddable":true,"href":"https:\/\/fundacioncajaruraldelsur.com\/pt\/wp-json\/wp\/v2\/media\/5288"}],"wp:attachment":[{"href":"https:\/\/fundacioncajaruraldelsur.com\/pt\/wp-json\/wp\/v2\/media?parent=5286"}],"wp:term":[{"taxonomy":"category","embeddable":true,"href":"https:\/\/fundacioncajaruraldelsur.com\/pt\/wp-json\/wp\/v2\/categories?post=5286"},{"taxonomy":"post_tag","embeddable":true,"href":"https:\/\/fundacioncajaruraldelsur.com\/pt\/wp-json\/wp\/v2\/tags?post=5286"}],"curies":[{"name":"wp","href":"https:\/\/api.w.org\/{rel}","templated":true}]}}