{"id":5266,"date":"2019-11-08T15:50:01","date_gmt":"2019-11-08T13:50:01","guid":{"rendered":"\/?p=5266"},"modified":"2019-11-08T15:50:01","modified_gmt":"2019-11-08T13:50:01","slug":"comienza-la-catedra-de-caja-rural-del-sur-enfocada-a-las-pymes","status":"publish","type":"post","link":"https:\/\/fundacioncajaruraldelsur.com\/pt\/comienza-la-catedra-de-caja-rural-del-sur-enfocada-a-las-pymes\/","title":{"rendered":"Comienza la C\u00e1tedra de Caja Rural del Sur enfocada a las pymes"},"content":{"rendered":"<p>El\u00a0Seminario de Actualizaci\u00f3n para Asesores de Pymes, que se celebrar\u00e1 en distintas sesiones de trabajo hasta principios del mes de diciembre, arranc\u00f3 ayer en Huelva con la inauguraci\u00f3n a cargo de la\u00a0C\u00e1tedra de la Empresa Familiar de\u00a0Fundaci\u00f3n Caja Rural del Sur\u00a0junto a la Asociaci\u00f3n de T\u00e9cnicos Profesionales Tributarios de\u00a0Huelva. En este acto estuvieron presentes \u00c1ngel Santiago, presidente de la Asociaci\u00f3n de T\u00e9cnicos y Profesionales Tributarios de Huelva; Mar\u00eda Jes\u00fas Moreno, Directora de la C\u00e1tedra y Emilio Ponce Tornero, director de la Fundaci\u00f3n Caja Rural del Sur.<\/p>\n<p>Tras el acto de apertura se iniciaron las distintas ponencias que corrieron a cargo, en el primer d\u00eda de trabajo, de Mar\u00eda Pilar Mart\u00edn Zamora y<strong class=\"mce\">\u00a0<\/strong>Lu\u00eds A. Malv\u00e1rez Pascual en torno a los a<strong class=\"mce\">spectos pr\u00e1cticos en contabilidad y fiscalidad de los fondos propios en las PYMES<\/strong>. Igualmente, el sal\u00f3n de actos de la Federaci\u00f3n Onubense de Empresarios acogi\u00f3 la conferencia de Teresa Bar\u00f3 Catafau sobre la psicolog\u00eda empresarial en los despachos profesionales. Para el d\u00eda 12 y 22 de noviembre est\u00e1n previstas las charlas de Antonio L\u00f3pez Trivi\u00f1o en relaci\u00f3n con testamento, herencias y sucesiones en las PYMES y de L\u00e1zaro Rodr\u00edguez Ariza sobre novedades en la normalizaci\u00f3n contable. La clausura ser\u00e1 el d\u00eda 3 de diciembre, en el Centro Cultural Jos\u00e9 Luis Garc\u00eda Palacios de Caja Rural del Sur con la ponencia de Lu\u00eds Jos Gallego en torno a novedades fiscales para el ejercicio 2020.<\/p>\n<p class=\"mce\" align=\"justify\">En el acto de inauguraci\u00f3n, el director de la Fundaci\u00f3n Caja Rural del Sur dej\u00f3 constancia de \u201clo muy presente que en la misma tenemos la formaci\u00f3n porque constituye uno de los pilares m\u00e1s fundamentales con los que aportar valor a\u00f1adido a la sociedad y al entorno en el que estamos localizados y del que formamos parte. Fomentar el esp\u00edritu de estar siempre en un proceso de mejora continua forma parte de nuestro prop\u00f3sito\u201d. Indic\u00f3 que \u201cpara ello, llevamos a cabo actuaciones en esta materia mediante convenios de colaboraci\u00f3n con Asociaciones agrarias como Asaja, Cooperativas Agroalimentarias, escuelas de negocio como el IIST y, por supuesto, con las universidades\u201d. \u201cY es la UHU -finaliz\u00f3 diciendo- una con las que m\u00e1s presencia activa tenemos, buena prueba de ello es esta\u00a0<a href=\"https:\/\/www.huelvainformacion.es\/huelva\/Catedra-Caja-Rural-Sur-seminario_0_1407759775.html\"><strong class=\"mce\">C\u00e1tedra de la Empresa Familiar<\/strong><\/a>\u00a0que es la m\u00e1s antigua de las C\u00e1tedras con las que colaboramos\u201d.<\/p>\n<p class=\"mce\" align=\"justify\">En este curso 2019, la C\u00e1tedra est\u00e1 desarrollando una serie de actividades formativas, de investigaci\u00f3n y de divulgaci\u00f3n que van dirigidas al desarrollo de personas y\u00a0<strong class=\"mce\">ligadas al sector empresarial<\/strong>. As\u00ed, en el mes de mayo se llev\u00f3 a cabo un \u201cSeminario sobre las fortalezas y desaf\u00edos de la Empresa Familiar\u201d, en el que, sin dejar de ver las amenazas y debilidades, se puso el acento en aquello en lo que en positivo se puede hacer m\u00e1s en el sector empresarial.-<\/p>","protected":false},"excerpt":{"rendered":"<p>El\u00a0Seminario de Actualizaci\u00f3n para Asesores de Pymes, que se celebrar\u00e1 en distintas sesiones de trabajo hasta principios del mes de diciembre, arranc\u00f3 ayer en Huelva con la inauguraci\u00f3n a cargo [&hellip;]<\/p>\n","protected":false},"author":6,"featured_media":5267,"comment_status":"closed","ping_status":"closed","sticky":false,"template":"","format":"standard","meta":{"footnotes":""},"categories":[67],"tags":[],"class_list":["post-5266","post","type-post","status-publish","format-standard","has-post-thumbnail","hentry","category-convenios"],"yoast_head":"<!-- This site is optimized with the Yoast SEO plugin v27.3 - https:\/\/yoast.com\/product\/yoast-seo-wordpress\/ -->\n<title>Comienza la C\u00e1tedra de Caja Rural del Sur enfocada a las pymes - Fundaci\u00f3n Caja Rural del Sur<\/title>\n<meta name=\"robots\" content=\"index, follow, max-snippet:-1, max-image-preview:large, max-video-preview:-1\" \/>\n<link rel=\"canonical\" href=\"https:\/\/fundacioncajaruraldelsur.com\/pt\/comienza-la-catedra-de-caja-rural-del-sur-enfocada-a-las-pymes\/\" \/>\n<meta property=\"og:locale\" content=\"pt_PT\" \/>\n<meta property=\"og:type\" content=\"article\" \/>\n<meta property=\"og:title\" content=\"Comienza la C\u00e1tedra de Caja Rural del Sur enfocada a las pymes - Fundaci\u00f3n Caja Rural del Sur\" \/>\n<meta property=\"og:description\" content=\"El\u00a0Seminario de Actualizaci\u00f3n para Asesores de Pymes, que se celebrar\u00e1 en distintas sesiones de trabajo hasta principios del mes de diciembre, arranc\u00f3 ayer en Huelva con la inauguraci\u00f3n a cargo [&hellip;]\" \/>\n<meta property=\"og:url\" content=\"https:\/\/fundacioncajaruraldelsur.com\/pt\/comienza-la-catedra-de-caja-rural-del-sur-enfocada-a-las-pymes\/\" \/>\n<meta property=\"og:site_name\" content=\"Fundaci\u00f3n Caja Rural del Sur\" \/>\n<meta property=\"article:published_time\" content=\"2019-11-08T13:50:01+00:00\" \/>\n<meta property=\"og:image\" content=\"https:\/\/fundacioncajaruraldelsur.com\/wp-content\/uploads\/2019\/11\/catedra.jpg\" \/>\n\t<meta property=\"og:image:width\" content=\"667\" \/>\n\t<meta property=\"og:image:height\" content=\"375\" \/>\n\t<meta property=\"og:image:type\" content=\"image\/jpeg\" \/>\n<meta name=\"author\" content=\"Comunicaci\u00f3n\" \/>\n<meta name=\"twitter:card\" content=\"summary_large_image\" \/>\n<meta name=\"twitter:label1\" content=\"Written by\" \/>\n\t<meta name=\"twitter:data1\" content=\"Comunicaci\u00f3n\" \/>\n\t<meta name=\"twitter:label2\" content=\"Est. reading time\" \/>\n\t<meta name=\"twitter:data2\" content=\"3 minutes\" \/>\n<script type=\"application\/ld+json\" class=\"yoast-schema-graph\">{\"@context\":\"https:\\\/\\\/schema.org\",\"@graph\":[{\"@type\":\"Article\",\"@id\":\"https:\\\/\\\/fundacioncajaruraldelsur.com\\\/comienza-la-catedra-de-caja-rural-del-sur-enfocada-a-las-pymes\\\/#article\",\"isPartOf\":{\"@id\":\"https:\\\/\\\/fundacioncajaruraldelsur.com\\\/comienza-la-catedra-de-caja-rural-del-sur-enfocada-a-las-pymes\\\/\"},\"author\":{\"name\":\"Comunicaci\u00f3n\",\"@id\":\"https:\\\/\\\/fundacioncajaruraldelsur.com\\\/#\\\/schema\\\/person\\\/f430da9fb783d505ff061ad8b3d44577\"},\"headline\":\"Comienza la C\u00e1tedra de Caja Rural del Sur enfocada a las pymes\",\"datePublished\":\"2019-11-08T13:50:01+00:00\",\"mainEntityOfPage\":{\"@id\":\"https:\\\/\\\/fundacioncajaruraldelsur.com\\\/comienza-la-catedra-de-caja-rural-del-sur-enfocada-a-las-pymes\\\/\"},\"wordCount\":521,\"image\":{\"@id\":\"https:\\\/\\\/fundacioncajaruraldelsur.com\\\/comienza-la-catedra-de-caja-rural-del-sur-enfocada-a-las-pymes\\\/#primaryimage\"},\"thumbnailUrl\":\"https:\\\/\\\/fundacioncajaruraldelsur.com\\\/wp-content\\\/uploads\\\/2019\\\/11\\\/catedra.jpg\",\"articleSection\":[\"Convenios\"],\"inLanguage\":\"pt-PT\"},{\"@type\":\"WebPage\",\"@id\":\"https:\\\/\\\/fundacioncajaruraldelsur.com\\\/comienza-la-catedra-de-caja-rural-del-sur-enfocada-a-las-pymes\\\/\",\"url\":\"https:\\\/\\\/fundacioncajaruraldelsur.com\\\/comienza-la-catedra-de-caja-rural-del-sur-enfocada-a-las-pymes\\\/\",\"name\":\"Comienza la C\u00e1tedra de Caja Rural del Sur enfocada a las pymes - Fundaci\u00f3n Caja Rural del Sur\",\"isPartOf\":{\"@id\":\"https:\\\/\\\/fundacioncajaruraldelsur.com\\\/#website\"},\"primaryImageOfPage\":{\"@id\":\"https:\\\/\\\/fundacioncajaruraldelsur.com\\\/comienza-la-catedra-de-caja-rural-del-sur-enfocada-a-las-pymes\\\/#primaryimage\"},\"image\":{\"@id\":\"https:\\\/\\\/fundacioncajaruraldelsur.com\\\/comienza-la-catedra-de-caja-rural-del-sur-enfocada-a-las-pymes\\\/#primaryimage\"},\"thumbnailUrl\":\"https:\\\/\\\/fundacioncajaruraldelsur.com\\\/wp-content\\\/uploads\\\/2019\\\/11\\\/catedra.jpg\",\"datePublished\":\"2019-11-08T13:50:01+00:00\",\"author\":{\"@id\":\"https:\\\/\\\/fundacioncajaruraldelsur.com\\\/#\\\/schema\\\/person\\\/f430da9fb783d505ff061ad8b3d44577\"},\"breadcrumb\":{\"@id\":\"https:\\\/\\\/fundacioncajaruraldelsur.com\\\/comienza-la-catedra-de-caja-rural-del-sur-enfocada-a-las-pymes\\\/#breadcrumb\"},\"inLanguage\":\"pt-PT\",\"potentialAction\":[{\"@type\":\"ReadAction\",\"target\":[\"https:\\\/\\\/fundacioncajaruraldelsur.com\\\/comienza-la-catedra-de-caja-rural-del-sur-enfocada-a-las-pymes\\\/\"]}]},{\"@type\":\"ImageObject\",\"inLanguage\":\"pt-PT\",\"@id\":\"https:\\\/\\\/fundacioncajaruraldelsur.com\\\/comienza-la-catedra-de-caja-rural-del-sur-enfocada-a-las-pymes\\\/#primaryimage\",\"url\":\"https:\\\/\\\/fundacioncajaruraldelsur.com\\\/wp-content\\\/uploads\\\/2019\\\/11\\\/catedra.jpg\",\"contentUrl\":\"https:\\\/\\\/fundacioncajaruraldelsur.com\\\/wp-content\\\/uploads\\\/2019\\\/11\\\/catedra.jpg\",\"width\":667,\"height\":375},{\"@type\":\"BreadcrumbList\",\"@id\":\"https:\\\/\\\/fundacioncajaruraldelsur.com\\\/comienza-la-catedra-de-caja-rural-del-sur-enfocada-a-las-pymes\\\/#breadcrumb\",\"itemListElement\":[{\"@type\":\"ListItem\",\"position\":1,\"name\":\"Portada\",\"item\":\"https:\\\/\\\/fundacioncajaruraldelsur.com\\\/\"},{\"@type\":\"ListItem\",\"position\":2,\"name\":\"Comienza la C\u00e1tedra de Caja Rural del Sur enfocada a las pymes\"}]},{\"@type\":\"WebSite\",\"@id\":\"https:\\\/\\\/fundacioncajaruraldelsur.com\\\/#website\",\"url\":\"https:\\\/\\\/fundacioncajaruraldelsur.com\\\/\",\"name\":\"Fundaci\u00f3n Caja Rural del Sur\",\"description\":\"\",\"potentialAction\":[{\"@type\":\"SearchAction\",\"target\":{\"@type\":\"EntryPoint\",\"urlTemplate\":\"https:\\\/\\\/fundacioncajaruraldelsur.com\\\/?s={search_term_string}\"},\"query-input\":{\"@type\":\"PropertyValueSpecification\",\"valueRequired\":true,\"valueName\":\"search_term_string\"}}],\"inLanguage\":\"pt-PT\"},{\"@type\":\"Person\",\"@id\":\"https:\\\/\\\/fundacioncajaruraldelsur.com\\\/#\\\/schema\\\/person\\\/f430da9fb783d505ff061ad8b3d44577\",\"name\":\"Comunicaci\u00f3n\",\"image\":{\"@type\":\"ImageObject\",\"inLanguage\":\"pt-PT\",\"@id\":\"https:\\\/\\\/secure.gravatar.com\\\/avatar\\\/0dca239875993680bac4603ad2de7942da018f52cc3a244578e0b3b09314a8d8?s=96&d=blank&r=g\",\"url\":\"https:\\\/\\\/secure.gravatar.com\\\/avatar\\\/0dca239875993680bac4603ad2de7942da018f52cc3a244578e0b3b09314a8d8?s=96&d=blank&r=g\",\"contentUrl\":\"https:\\\/\\\/secure.gravatar.com\\\/avatar\\\/0dca239875993680bac4603ad2de7942da018f52cc3a244578e0b3b09314a8d8?s=96&d=blank&r=g\",\"caption\":\"Comunicaci\u00f3n\"}}]}<\/script>\n<!-- \/ Yoast SEO plugin. -->","yoast_head_json":{"title":"Comienza la C\u00e1tedra de Caja Rural del Sur enfocada a las pymes - Fundaci\u00f3n Caja Rural del Sur","robots":{"index":"index","follow":"follow","max-snippet":"max-snippet:-1","max-image-preview":"max-image-preview:large","max-video-preview":"max-video-preview:-1"},"canonical":"https:\/\/fundacioncajaruraldelsur.com\/pt\/comienza-la-catedra-de-caja-rural-del-sur-enfocada-a-las-pymes\/","og_locale":"pt_PT","og_type":"article","og_title":"Comienza la C\u00e1tedra de Caja Rural del Sur enfocada a las pymes - Fundaci\u00f3n Caja Rural del Sur","og_description":"El\u00a0Seminario de Actualizaci\u00f3n para Asesores de Pymes, que se celebrar\u00e1 en distintas sesiones de trabajo hasta principios del mes de diciembre, arranc\u00f3 ayer en Huelva con la inauguraci\u00f3n a cargo [&hellip;]","og_url":"https:\/\/fundacioncajaruraldelsur.com\/pt\/comienza-la-catedra-de-caja-rural-del-sur-enfocada-a-las-pymes\/","og_site_name":"Fundaci\u00f3n Caja Rural del Sur","article_published_time":"2019-11-08T13:50:01+00:00","og_image":[{"width":667,"height":375,"url":"https:\/\/fundacioncajaruraldelsur.com\/wp-content\/uploads\/2019\/11\/catedra.jpg","type":"image\/jpeg"}],"author":"Comunicaci\u00f3n","twitter_card":"summary_large_image","twitter_misc":{"Written by":"Comunicaci\u00f3n","Est. reading time":"3 minutes"},"schema":{"@context":"https:\/\/schema.org","@graph":[{"@type":"Article","@id":"https:\/\/fundacioncajaruraldelsur.com\/comienza-la-catedra-de-caja-rural-del-sur-enfocada-a-las-pymes\/#article","isPartOf":{"@id":"https:\/\/fundacioncajaruraldelsur.com\/comienza-la-catedra-de-caja-rural-del-sur-enfocada-a-las-pymes\/"},"author":{"name":"Comunicaci\u00f3n","@id":"https:\/\/fundacioncajaruraldelsur.com\/#\/schema\/person\/f430da9fb783d505ff061ad8b3d44577"},"headline":"Comienza la C\u00e1tedra de Caja Rural del Sur enfocada a las pymes","datePublished":"2019-11-08T13:50:01+00:00","mainEntityOfPage":{"@id":"https:\/\/fundacioncajaruraldelsur.com\/comienza-la-catedra-de-caja-rural-del-sur-enfocada-a-las-pymes\/"},"wordCount":521,"image":{"@id":"https:\/\/fundacioncajaruraldelsur.com\/comienza-la-catedra-de-caja-rural-del-sur-enfocada-a-las-pymes\/#primaryimage"},"thumbnailUrl":"https:\/\/fundacioncajaruraldelsur.com\/wp-content\/uploads\/2019\/11\/catedra.jpg","articleSection":["Convenios"],"inLanguage":"pt-PT"},{"@type":"WebPage","@id":"https:\/\/fundacioncajaruraldelsur.com\/comienza-la-catedra-de-caja-rural-del-sur-enfocada-a-las-pymes\/","url":"https:\/\/fundacioncajaruraldelsur.com\/comienza-la-catedra-de-caja-rural-del-sur-enfocada-a-las-pymes\/","name":"Comienza la C\u00e1tedra de Caja Rural del Sur enfocada a las pymes - Fundaci\u00f3n Caja Rural del Sur","isPartOf":{"@id":"https:\/\/fundacioncajaruraldelsur.com\/#website"},"primaryImageOfPage":{"@id":"https:\/\/fundacioncajaruraldelsur.com\/comienza-la-catedra-de-caja-rural-del-sur-enfocada-a-las-pymes\/#primaryimage"},"image":{"@id":"https:\/\/fundacioncajaruraldelsur.com\/comienza-la-catedra-de-caja-rural-del-sur-enfocada-a-las-pymes\/#primaryimage"},"thumbnailUrl":"https:\/\/fundacioncajaruraldelsur.com\/wp-content\/uploads\/2019\/11\/catedra.jpg","datePublished":"2019-11-08T13:50:01+00:00","author":{"@id":"https:\/\/fundacioncajaruraldelsur.com\/#\/schema\/person\/f430da9fb783d505ff061ad8b3d44577"},"breadcrumb":{"@id":"https:\/\/fundacioncajaruraldelsur.com\/comienza-la-catedra-de-caja-rural-del-sur-enfocada-a-las-pymes\/#breadcrumb"},"inLanguage":"pt-PT","potentialAction":[{"@type":"ReadAction","target":["https:\/\/fundacioncajaruraldelsur.com\/comienza-la-catedra-de-caja-rural-del-sur-enfocada-a-las-pymes\/"]}]},{"@type":"ImageObject","inLanguage":"pt-PT","@id":"https:\/\/fundacioncajaruraldelsur.com\/comienza-la-catedra-de-caja-rural-del-sur-enfocada-a-las-pymes\/#primaryimage","url":"https:\/\/fundacioncajaruraldelsur.com\/wp-content\/uploads\/2019\/11\/catedra.jpg","contentUrl":"https:\/\/fundacioncajaruraldelsur.com\/wp-content\/uploads\/2019\/11\/catedra.jpg","width":667,"height":375},{"@type":"BreadcrumbList","@id":"https:\/\/fundacioncajaruraldelsur.com\/comienza-la-catedra-de-caja-rural-del-sur-enfocada-a-las-pymes\/#breadcrumb","itemListElement":[{"@type":"ListItem","position":1,"name":"Portada","item":"https:\/\/fundacioncajaruraldelsur.com\/"},{"@type":"ListItem","position":2,"name":"Comienza la C\u00e1tedra de Caja Rural del Sur enfocada a las pymes"}]},{"@type":"WebSite","@id":"https:\/\/fundacioncajaruraldelsur.com\/#website","url":"https:\/\/fundacioncajaruraldelsur.com\/","name":"Funda\u00e7\u00e3o Caja Rural del Sur","description":"","potentialAction":[{"@type":"SearchAction","target":{"@type":"EntryPoint","urlTemplate":"https:\/\/fundacioncajaruraldelsur.com\/?s={search_term_string}"},"query-input":{"@type":"PropertyValueSpecification","valueRequired":true,"valueName":"search_term_string"}}],"inLanguage":"pt-PT"},{"@type":"Person","@id":"https:\/\/fundacioncajaruraldelsur.com\/#\/schema\/person\/f430da9fb783d505ff061ad8b3d44577","name":"Comunicaci\u00f3n","image":{"@type":"ImageObject","inLanguage":"pt-PT","@id":"https:\/\/secure.gravatar.com\/avatar\/0dca239875993680bac4603ad2de7942da018f52cc3a244578e0b3b09314a8d8?s=96&d=blank&r=g","url":"https:\/\/secure.gravatar.com\/avatar\/0dca239875993680bac4603ad2de7942da018f52cc3a244578e0b3b09314a8d8?s=96&d=blank&r=g","contentUrl":"https:\/\/secure.gravatar.com\/avatar\/0dca239875993680bac4603ad2de7942da018f52cc3a244578e0b3b09314a8d8?s=96&d=blank&r=g","caption":"Comunicaci\u00f3n"}}]}},"rttpg_featured_image_url":{"full":["https:\/\/fundacioncajaruraldelsur.com\/wp-content\/uploads\/2019\/11\/catedra.jpg",667,375,false],"landscape":["https:\/\/fundacioncajaruraldelsur.com\/wp-content\/uploads\/2019\/11\/catedra.jpg",667,375,false],"portraits":["https:\/\/fundacioncajaruraldelsur.com\/wp-content\/uploads\/2019\/11\/catedra.jpg",667,375,false],"thumbnail":["https:\/\/fundacioncajaruraldelsur.com\/wp-content\/uploads\/2019\/11\/catedra-150x150.jpg",150,150,true],"medium":["https:\/\/fundacioncajaruraldelsur.com\/wp-content\/uploads\/2019\/11\/catedra-300x169.jpg",300,169,true],"large":["https:\/\/fundacioncajaruraldelsur.com\/wp-content\/uploads\/2019\/11\/catedra.jpg",667,375,false],"1536x1536":["https:\/\/fundacioncajaruraldelsur.com\/wp-content\/uploads\/2019\/11\/catedra.jpg",667,375,false],"2048x2048":["https:\/\/fundacioncajaruraldelsur.com\/wp-content\/uploads\/2019\/11\/catedra.jpg",667,375,false],"trp-custom-language-flag":["https:\/\/fundacioncajaruraldelsur.com\/wp-content\/uploads\/2019\/11\/catedra.jpg",18,10,false],"blog-thumbnail":["https:\/\/fundacioncajaruraldelsur.com\/wp-content\/uploads\/2019\/11\/catedra-400x200.jpg",400,200,true]},"rttpg_author":{"display_name":"Comunicaci\u00f3n","author_link":"https:\/\/fundacioncajaruraldelsur.com\/pt\/author\/sevillaadmin\/"},"rttpg_comment":0,"rttpg_category":"<a href=\"https:\/\/fundacioncajaruraldelsur.com\/pt\/category\/convenios\/\" rel=\"category tag\">Convenios<\/a>","rttpg_excerpt":"El\u00a0Seminario de Actualizaci\u00f3n para Asesores de Pymes, que se celebrar\u00e1 en distintas sesiones de trabajo hasta principios del mes de diciembre, arranc\u00f3 ayer en Huelva con la inauguraci\u00f3n a cargo [&hellip;]","_links":{"self":[{"href":"https:\/\/fundacioncajaruraldelsur.com\/pt\/wp-json\/wp\/v2\/posts\/5266","targetHints":{"allow":["GET"]}}],"collection":[{"href":"https:\/\/fundacioncajaruraldelsur.com\/pt\/wp-json\/wp\/v2\/posts"}],"about":[{"href":"https:\/\/fundacioncajaruraldelsur.com\/pt\/wp-json\/wp\/v2\/types\/post"}],"author":[{"embeddable":true,"href":"https:\/\/fundacioncajaruraldelsur.com\/pt\/wp-json\/wp\/v2\/users\/6"}],"replies":[{"embeddable":true,"href":"https:\/\/fundacioncajaruraldelsur.com\/pt\/wp-json\/wp\/v2\/comments?post=5266"}],"version-history":[{"count":1,"href":"https:\/\/fundacioncajaruraldelsur.com\/pt\/wp-json\/wp\/v2\/posts\/5266\/revisions"}],"predecessor-version":[{"id":5268,"href":"https:\/\/fundacioncajaruraldelsur.com\/pt\/wp-json\/wp\/v2\/posts\/5266\/revisions\/5268"}],"wp:featuredmedia":[{"embeddable":true,"href":"https:\/\/fundacioncajaruraldelsur.com\/pt\/wp-json\/wp\/v2\/media\/5267"}],"wp:attachment":[{"href":"https:\/\/fundacioncajaruraldelsur.com\/pt\/wp-json\/wp\/v2\/media?parent=5266"}],"wp:term":[{"taxonomy":"category","embeddable":true,"href":"https:\/\/fundacioncajaruraldelsur.com\/pt\/wp-json\/wp\/v2\/categories?post=5266"},{"taxonomy":"post_tag","embeddable":true,"href":"https:\/\/fundacioncajaruraldelsur.com\/pt\/wp-json\/wp\/v2\/tags?post=5266"}],"curies":[{"name":"wp","href":"https:\/\/api.w.org\/{rel}","templated":true}]}}