{"id":5175,"date":"2019-10-22T08:56:22","date_gmt":"2019-10-22T06:56:22","guid":{"rendered":"\/?p=5175"},"modified":"2019-10-22T08:56:22","modified_gmt":"2019-10-22T06:56:22","slug":"el-ocib-premia-a-titulo-postumo-la-labor-de-jose-luis-garcia-palacios","status":"publish","type":"post","link":"https:\/\/fundacioncajaruraldelsur.com\/pt\/el-ocib-premia-a-titulo-postumo-la-labor-de-jose-luis-garcia-palacios\/","title":{"rendered":"El OCIb premia a t\u00edtulo p\u00f3stumo la labor de Jos\u00e9 Luis Garc\u00eda Palacios"},"content":{"rendered":"<p>La Comisi\u00f3n Organizadora del Oto\u00f1o Cultural Iberoamericano (OCIb) ha concedido el IX Premio OCIb a la Cooperaci\u00f3n Iberoamericana al que fuera presidente de la Caja Rural del Sur, Jos\u00e9 Luis Garc\u00eda Palacios, a t\u00edtulo p\u00f3stumo. El acto de entrega de este Premio se celebr\u00f3 este lunes, 21 de octubre en el Centro Cultural que lleva su nombre en Huelva. Pilar \u00c1lvarez, viuda de Garc\u00eda Palacios, recogi\u00f3 el reconocimiento a t\u00edtulo p\u00f3stumo. \u00c1lvarez estuvo acompa\u00f1ada por sus hijos Jos\u00e9 Luis Garc\u00eda-Palacios y Mar\u00eda Luisa Garc\u00eda-Palacios.<\/p>\n<p>Este galard\u00f3n se concede a una persona o entidad que se haya distinguido especialmente por su contribuci\u00f3n al estrechamiento de las relaciones entre los ciudadanos y pa\u00edses de la Comunidad Iberoamericana, ha informado el OCIb.<\/p>\n<p>En este caso, en concreto, se le agradece a Garc\u00eda Palacios, que falleci\u00f3 de manera repentina en noviembre de 2018 a los 82 a\u00f1os, \u00absu gran apoyo\u00bb a estos premios durante todos los a\u00f1os que estuvo al frente de la Fundaci\u00f3n Caja Rural del Sur.<\/p>\n<p><a href=\"\/wp-content\/uploads\/2019\/10\/Imagenes-Premio-OCIb-Garcia-Palacios_1402670535_111481112_1011x569.jpg\" rel=\"lightbox-0\"><img loading=\"lazy\" decoding=\"async\" class=\"alignnone wp-image-5177 size-full\" src=\"\/wp-content\/uploads\/2019\/10\/Imagenes-Premio-OCIb-Garcia-Palacios_1402670535_111481112_1011x569.jpg\" alt=\"\" width=\"1011\" height=\"569\" srcset=\"https:\/\/fundacioncajaruraldelsur.com\/wp-content\/uploads\/2019\/10\/Imagenes-Premio-OCIb-Garcia-Palacios_1402670535_111481112_1011x569.jpg 1011w, https:\/\/fundacioncajaruraldelsur.com\/wp-content\/uploads\/2019\/10\/Imagenes-Premio-OCIb-Garcia-Palacios_1402670535_111481112_1011x569-300x169.jpg 300w, https:\/\/fundacioncajaruraldelsur.com\/wp-content\/uploads\/2019\/10\/Imagenes-Premio-OCIb-Garcia-Palacios_1402670535_111481112_1011x569-768x432.jpg 768w\" sizes=\"auto, (max-width: 1011px) 100vw, 1011px\" \/><\/a><\/p>","protected":false},"excerpt":{"rendered":"<p>La Comisi\u00f3n Organizadora del Oto\u00f1o Cultural Iberoamericano (OCIb) ha concedido el IX Premio OCIb a la Cooperaci\u00f3n Iberoamericana al que fuera presidente de la Caja Rural del Sur, Jos\u00e9 Luis [&hellip;]<\/p>\n","protected":false},"author":6,"featured_media":5176,"comment_status":"closed","ping_status":"closed","sticky":false,"template":"","format":"standard","meta":{"footnotes":""},"categories":[64],"tags":[],"class_list":["post-5175","post","type-post","status-publish","format-standard","has-post-thumbnail","hentry","category-premios"],"yoast_head":"<!-- This site is optimized with the Yoast SEO plugin v27.3 - https:\/\/yoast.com\/product\/yoast-seo-wordpress\/ -->\n<title>El OCIb premia a t\u00edtulo p\u00f3stumo la labor de Jos\u00e9 Luis Garc\u00eda Palacios - Fundaci\u00f3n Caja Rural del Sur<\/title>\n<meta name=\"robots\" content=\"index, follow, max-snippet:-1, max-image-preview:large, max-video-preview:-1\" \/>\n<link rel=\"canonical\" href=\"https:\/\/fundacioncajaruraldelsur.com\/pt\/el-ocib-premia-a-titulo-postumo-la-labor-de-jose-luis-garcia-palacios\/\" \/>\n<meta property=\"og:locale\" content=\"pt_PT\" \/>\n<meta property=\"og:type\" content=\"article\" \/>\n<meta property=\"og:title\" content=\"El OCIb premia a t\u00edtulo p\u00f3stumo la labor de Jos\u00e9 Luis Garc\u00eda Palacios - Fundaci\u00f3n Caja Rural del Sur\" \/>\n<meta property=\"og:description\" content=\"La Comisi\u00f3n Organizadora del Oto\u00f1o Cultural Iberoamericano (OCIb) ha concedido el IX Premio OCIb a la Cooperaci\u00f3n Iberoamericana al que fuera presidente de la Caja Rural del Sur, Jos\u00e9 Luis [&hellip;]\" \/>\n<meta property=\"og:url\" content=\"https:\/\/fundacioncajaruraldelsur.com\/pt\/el-ocib-premia-a-titulo-postumo-la-labor-de-jose-luis-garcia-palacios\/\" \/>\n<meta property=\"og:site_name\" content=\"Fundaci\u00f3n Caja Rural del Sur\" \/>\n<meta property=\"article:published_time\" content=\"2019-10-22T06:56:22+00:00\" \/>\n<meta property=\"og:image\" content=\"https:\/\/fundacioncajaruraldelsur.com\/wp-content\/uploads\/2019\/10\/Imagenes-Premio-OCIb-Garcia-Palacios_1402670534_111481065_1011x569.jpg\" \/>\n\t<meta property=\"og:image:width\" content=\"1011\" \/>\n\t<meta property=\"og:image:height\" content=\"569\" \/>\n\t<meta property=\"og:image:type\" content=\"image\/jpeg\" \/>\n<meta name=\"author\" content=\"Comunicaci\u00f3n\" \/>\n<meta name=\"twitter:card\" content=\"summary_large_image\" \/>\n<meta name=\"twitter:label1\" content=\"Written by\" \/>\n\t<meta name=\"twitter:data1\" content=\"Comunicaci\u00f3n\" \/>\n\t<meta name=\"twitter:label2\" content=\"Est. reading time\" \/>\n\t<meta name=\"twitter:data2\" content=\"1 minute\" \/>\n<script type=\"application\/ld+json\" class=\"yoast-schema-graph\">{\"@context\":\"https:\\\/\\\/schema.org\",\"@graph\":[{\"@type\":\"Article\",\"@id\":\"https:\\\/\\\/fundacioncajaruraldelsur.com\\\/el-ocib-premia-a-titulo-postumo-la-labor-de-jose-luis-garcia-palacios\\\/#article\",\"isPartOf\":{\"@id\":\"https:\\\/\\\/fundacioncajaruraldelsur.com\\\/el-ocib-premia-a-titulo-postumo-la-labor-de-jose-luis-garcia-palacios\\\/\"},\"author\":{\"name\":\"Comunicaci\u00f3n\",\"@id\":\"https:\\\/\\\/fundacioncajaruraldelsur.com\\\/#\\\/schema\\\/person\\\/f430da9fb783d505ff061ad8b3d44577\"},\"headline\":\"El OCIb premia a t\u00edtulo p\u00f3stumo la labor de Jos\u00e9 Luis Garc\u00eda Palacios\",\"datePublished\":\"2019-10-22T06:56:22+00:00\",\"mainEntityOfPage\":{\"@id\":\"https:\\\/\\\/fundacioncajaruraldelsur.com\\\/el-ocib-premia-a-titulo-postumo-la-labor-de-jose-luis-garcia-palacios\\\/\"},\"wordCount\":197,\"image\":{\"@id\":\"https:\\\/\\\/fundacioncajaruraldelsur.com\\\/el-ocib-premia-a-titulo-postumo-la-labor-de-jose-luis-garcia-palacios\\\/#primaryimage\"},\"thumbnailUrl\":\"https:\\\/\\\/fundacioncajaruraldelsur.com\\\/wp-content\\\/uploads\\\/2019\\\/10\\\/Imagenes-Premio-OCIb-Garcia-Palacios_1402670534_111481065_1011x569.jpg\",\"articleSection\":[\"Premios\"],\"inLanguage\":\"pt-PT\"},{\"@type\":\"WebPage\",\"@id\":\"https:\\\/\\\/fundacioncajaruraldelsur.com\\\/el-ocib-premia-a-titulo-postumo-la-labor-de-jose-luis-garcia-palacios\\\/\",\"url\":\"https:\\\/\\\/fundacioncajaruraldelsur.com\\\/el-ocib-premia-a-titulo-postumo-la-labor-de-jose-luis-garcia-palacios\\\/\",\"name\":\"El OCIb premia a t\u00edtulo p\u00f3stumo la labor de Jos\u00e9 Luis Garc\u00eda Palacios - Fundaci\u00f3n Caja Rural del Sur\",\"isPartOf\":{\"@id\":\"https:\\\/\\\/fundacioncajaruraldelsur.com\\\/#website\"},\"primaryImageOfPage\":{\"@id\":\"https:\\\/\\\/fundacioncajaruraldelsur.com\\\/el-ocib-premia-a-titulo-postumo-la-labor-de-jose-luis-garcia-palacios\\\/#primaryimage\"},\"image\":{\"@id\":\"https:\\\/\\\/fundacioncajaruraldelsur.com\\\/el-ocib-premia-a-titulo-postumo-la-labor-de-jose-luis-garcia-palacios\\\/#primaryimage\"},\"thumbnailUrl\":\"https:\\\/\\\/fundacioncajaruraldelsur.com\\\/wp-content\\\/uploads\\\/2019\\\/10\\\/Imagenes-Premio-OCIb-Garcia-Palacios_1402670534_111481065_1011x569.jpg\",\"datePublished\":\"2019-10-22T06:56:22+00:00\",\"author\":{\"@id\":\"https:\\\/\\\/fundacioncajaruraldelsur.com\\\/#\\\/schema\\\/person\\\/f430da9fb783d505ff061ad8b3d44577\"},\"breadcrumb\":{\"@id\":\"https:\\\/\\\/fundacioncajaruraldelsur.com\\\/el-ocib-premia-a-titulo-postumo-la-labor-de-jose-luis-garcia-palacios\\\/#breadcrumb\"},\"inLanguage\":\"pt-PT\",\"potentialAction\":[{\"@type\":\"ReadAction\",\"target\":[\"https:\\\/\\\/fundacioncajaruraldelsur.com\\\/el-ocib-premia-a-titulo-postumo-la-labor-de-jose-luis-garcia-palacios\\\/\"]}]},{\"@type\":\"ImageObject\",\"inLanguage\":\"pt-PT\",\"@id\":\"https:\\\/\\\/fundacioncajaruraldelsur.com\\\/el-ocib-premia-a-titulo-postumo-la-labor-de-jose-luis-garcia-palacios\\\/#primaryimage\",\"url\":\"https:\\\/\\\/fundacioncajaruraldelsur.com\\\/wp-content\\\/uploads\\\/2019\\\/10\\\/Imagenes-Premio-OCIb-Garcia-Palacios_1402670534_111481065_1011x569.jpg\",\"contentUrl\":\"https:\\\/\\\/fundacioncajaruraldelsur.com\\\/wp-content\\\/uploads\\\/2019\\\/10\\\/Imagenes-Premio-OCIb-Garcia-Palacios_1402670534_111481065_1011x569.jpg\",\"width\":1011,\"height\":569},{\"@type\":\"BreadcrumbList\",\"@id\":\"https:\\\/\\\/fundacioncajaruraldelsur.com\\\/el-ocib-premia-a-titulo-postumo-la-labor-de-jose-luis-garcia-palacios\\\/#breadcrumb\",\"itemListElement\":[{\"@type\":\"ListItem\",\"position\":1,\"name\":\"Portada\",\"item\":\"https:\\\/\\\/fundacioncajaruraldelsur.com\\\/\"},{\"@type\":\"ListItem\",\"position\":2,\"name\":\"El OCIb premia a t\u00edtulo p\u00f3stumo la labor de Jos\u00e9 Luis Garc\u00eda Palacios\"}]},{\"@type\":\"WebSite\",\"@id\":\"https:\\\/\\\/fundacioncajaruraldelsur.com\\\/#website\",\"url\":\"https:\\\/\\\/fundacioncajaruraldelsur.com\\\/\",\"name\":\"Fundaci\u00f3n Caja Rural del Sur\",\"description\":\"\",\"potentialAction\":[{\"@type\":\"SearchAction\",\"target\":{\"@type\":\"EntryPoint\",\"urlTemplate\":\"https:\\\/\\\/fundacioncajaruraldelsur.com\\\/?s={search_term_string}\"},\"query-input\":{\"@type\":\"PropertyValueSpecification\",\"valueRequired\":true,\"valueName\":\"search_term_string\"}}],\"inLanguage\":\"pt-PT\"},{\"@type\":\"Person\",\"@id\":\"https:\\\/\\\/fundacioncajaruraldelsur.com\\\/#\\\/schema\\\/person\\\/f430da9fb783d505ff061ad8b3d44577\",\"name\":\"Comunicaci\u00f3n\",\"image\":{\"@type\":\"ImageObject\",\"inLanguage\":\"pt-PT\",\"@id\":\"https:\\\/\\\/secure.gravatar.com\\\/avatar\\\/0dca239875993680bac4603ad2de7942da018f52cc3a244578e0b3b09314a8d8?s=96&d=blank&r=g\",\"url\":\"https:\\\/\\\/secure.gravatar.com\\\/avatar\\\/0dca239875993680bac4603ad2de7942da018f52cc3a244578e0b3b09314a8d8?s=96&d=blank&r=g\",\"contentUrl\":\"https:\\\/\\\/secure.gravatar.com\\\/avatar\\\/0dca239875993680bac4603ad2de7942da018f52cc3a244578e0b3b09314a8d8?s=96&d=blank&r=g\",\"caption\":\"Comunicaci\u00f3n\"}}]}<\/script>\n<!-- \/ Yoast SEO plugin. -->","yoast_head_json":{"title":"El OCIb premia a t\u00edtulo p\u00f3stumo la labor de Jos\u00e9 Luis Garc\u00eda Palacios - Fundaci\u00f3n Caja Rural del Sur","robots":{"index":"index","follow":"follow","max-snippet":"max-snippet:-1","max-image-preview":"max-image-preview:large","max-video-preview":"max-video-preview:-1"},"canonical":"https:\/\/fundacioncajaruraldelsur.com\/pt\/el-ocib-premia-a-titulo-postumo-la-labor-de-jose-luis-garcia-palacios\/","og_locale":"pt_PT","og_type":"article","og_title":"El OCIb premia a t\u00edtulo p\u00f3stumo la labor de Jos\u00e9 Luis Garc\u00eda Palacios - Fundaci\u00f3n Caja Rural del Sur","og_description":"La Comisi\u00f3n Organizadora del Oto\u00f1o Cultural Iberoamericano (OCIb) ha concedido el IX Premio OCIb a la Cooperaci\u00f3n Iberoamericana al que fuera presidente de la Caja Rural del Sur, Jos\u00e9 Luis [&hellip;]","og_url":"https:\/\/fundacioncajaruraldelsur.com\/pt\/el-ocib-premia-a-titulo-postumo-la-labor-de-jose-luis-garcia-palacios\/","og_site_name":"Fundaci\u00f3n Caja Rural del Sur","article_published_time":"2019-10-22T06:56:22+00:00","og_image":[{"width":1011,"height":569,"url":"https:\/\/fundacioncajaruraldelsur.com\/wp-content\/uploads\/2019\/10\/Imagenes-Premio-OCIb-Garcia-Palacios_1402670534_111481065_1011x569.jpg","type":"image\/jpeg"}],"author":"Comunicaci\u00f3n","twitter_card":"summary_large_image","twitter_misc":{"Written by":"Comunicaci\u00f3n","Est. reading time":"1 minute"},"schema":{"@context":"https:\/\/schema.org","@graph":[{"@type":"Article","@id":"https:\/\/fundacioncajaruraldelsur.com\/el-ocib-premia-a-titulo-postumo-la-labor-de-jose-luis-garcia-palacios\/#article","isPartOf":{"@id":"https:\/\/fundacioncajaruraldelsur.com\/el-ocib-premia-a-titulo-postumo-la-labor-de-jose-luis-garcia-palacios\/"},"author":{"name":"Comunicaci\u00f3n","@id":"https:\/\/fundacioncajaruraldelsur.com\/#\/schema\/person\/f430da9fb783d505ff061ad8b3d44577"},"headline":"El OCIb premia a t\u00edtulo p\u00f3stumo la labor de Jos\u00e9 Luis Garc\u00eda Palacios","datePublished":"2019-10-22T06:56:22+00:00","mainEntityOfPage":{"@id":"https:\/\/fundacioncajaruraldelsur.com\/el-ocib-premia-a-titulo-postumo-la-labor-de-jose-luis-garcia-palacios\/"},"wordCount":197,"image":{"@id":"https:\/\/fundacioncajaruraldelsur.com\/el-ocib-premia-a-titulo-postumo-la-labor-de-jose-luis-garcia-palacios\/#primaryimage"},"thumbnailUrl":"https:\/\/fundacioncajaruraldelsur.com\/wp-content\/uploads\/2019\/10\/Imagenes-Premio-OCIb-Garcia-Palacios_1402670534_111481065_1011x569.jpg","articleSection":["Premios"],"inLanguage":"pt-PT"},{"@type":"WebPage","@id":"https:\/\/fundacioncajaruraldelsur.com\/el-ocib-premia-a-titulo-postumo-la-labor-de-jose-luis-garcia-palacios\/","url":"https:\/\/fundacioncajaruraldelsur.com\/el-ocib-premia-a-titulo-postumo-la-labor-de-jose-luis-garcia-palacios\/","name":"El OCIb premia a t\u00edtulo p\u00f3stumo la labor de Jos\u00e9 Luis Garc\u00eda Palacios - Fundaci\u00f3n Caja Rural del Sur","isPartOf":{"@id":"https:\/\/fundacioncajaruraldelsur.com\/#website"},"primaryImageOfPage":{"@id":"https:\/\/fundacioncajaruraldelsur.com\/el-ocib-premia-a-titulo-postumo-la-labor-de-jose-luis-garcia-palacios\/#primaryimage"},"image":{"@id":"https:\/\/fundacioncajaruraldelsur.com\/el-ocib-premia-a-titulo-postumo-la-labor-de-jose-luis-garcia-palacios\/#primaryimage"},"thumbnailUrl":"https:\/\/fundacioncajaruraldelsur.com\/wp-content\/uploads\/2019\/10\/Imagenes-Premio-OCIb-Garcia-Palacios_1402670534_111481065_1011x569.jpg","datePublished":"2019-10-22T06:56:22+00:00","author":{"@id":"https:\/\/fundacioncajaruraldelsur.com\/#\/schema\/person\/f430da9fb783d505ff061ad8b3d44577"},"breadcrumb":{"@id":"https:\/\/fundacioncajaruraldelsur.com\/el-ocib-premia-a-titulo-postumo-la-labor-de-jose-luis-garcia-palacios\/#breadcrumb"},"inLanguage":"pt-PT","potentialAction":[{"@type":"ReadAction","target":["https:\/\/fundacioncajaruraldelsur.com\/el-ocib-premia-a-titulo-postumo-la-labor-de-jose-luis-garcia-palacios\/"]}]},{"@type":"ImageObject","inLanguage":"pt-PT","@id":"https:\/\/fundacioncajaruraldelsur.com\/el-ocib-premia-a-titulo-postumo-la-labor-de-jose-luis-garcia-palacios\/#primaryimage","url":"https:\/\/fundacioncajaruraldelsur.com\/wp-content\/uploads\/2019\/10\/Imagenes-Premio-OCIb-Garcia-Palacios_1402670534_111481065_1011x569.jpg","contentUrl":"https:\/\/fundacioncajaruraldelsur.com\/wp-content\/uploads\/2019\/10\/Imagenes-Premio-OCIb-Garcia-Palacios_1402670534_111481065_1011x569.jpg","width":1011,"height":569},{"@type":"BreadcrumbList","@id":"https:\/\/fundacioncajaruraldelsur.com\/el-ocib-premia-a-titulo-postumo-la-labor-de-jose-luis-garcia-palacios\/#breadcrumb","itemListElement":[{"@type":"ListItem","position":1,"name":"Portada","item":"https:\/\/fundacioncajaruraldelsur.com\/"},{"@type":"ListItem","position":2,"name":"El OCIb premia a t\u00edtulo p\u00f3stumo la labor de Jos\u00e9 Luis Garc\u00eda Palacios"}]},{"@type":"WebSite","@id":"https:\/\/fundacioncajaruraldelsur.com\/#website","url":"https:\/\/fundacioncajaruraldelsur.com\/","name":"Funda\u00e7\u00e3o Caja Rural del Sur","description":"","potentialAction":[{"@type":"SearchAction","target":{"@type":"EntryPoint","urlTemplate":"https:\/\/fundacioncajaruraldelsur.com\/?s={search_term_string}"},"query-input":{"@type":"PropertyValueSpecification","valueRequired":true,"valueName":"search_term_string"}}],"inLanguage":"pt-PT"},{"@type":"Person","@id":"https:\/\/fundacioncajaruraldelsur.com\/#\/schema\/person\/f430da9fb783d505ff061ad8b3d44577","name":"Comunicaci\u00f3n","image":{"@type":"ImageObject","inLanguage":"pt-PT","@id":"https:\/\/secure.gravatar.com\/avatar\/0dca239875993680bac4603ad2de7942da018f52cc3a244578e0b3b09314a8d8?s=96&d=blank&r=g","url":"https:\/\/secure.gravatar.com\/avatar\/0dca239875993680bac4603ad2de7942da018f52cc3a244578e0b3b09314a8d8?s=96&d=blank&r=g","contentUrl":"https:\/\/secure.gravatar.com\/avatar\/0dca239875993680bac4603ad2de7942da018f52cc3a244578e0b3b09314a8d8?s=96&d=blank&r=g","caption":"Comunicaci\u00f3n"}}]}},"rttpg_featured_image_url":{"full":["https:\/\/fundacioncajaruraldelsur.com\/wp-content\/uploads\/2019\/10\/Imagenes-Premio-OCIb-Garcia-Palacios_1402670534_111481065_1011x569.jpg",1011,569,false],"landscape":["https:\/\/fundacioncajaruraldelsur.com\/wp-content\/uploads\/2019\/10\/Imagenes-Premio-OCIb-Garcia-Palacios_1402670534_111481065_1011x569.jpg",1011,569,false],"portraits":["https:\/\/fundacioncajaruraldelsur.com\/wp-content\/uploads\/2019\/10\/Imagenes-Premio-OCIb-Garcia-Palacios_1402670534_111481065_1011x569.jpg",1011,569,false],"thumbnail":["https:\/\/fundacioncajaruraldelsur.com\/wp-content\/uploads\/2019\/10\/Imagenes-Premio-OCIb-Garcia-Palacios_1402670534_111481065_1011x569-150x150.jpg",150,150,true],"medium":["https:\/\/fundacioncajaruraldelsur.com\/wp-content\/uploads\/2019\/10\/Imagenes-Premio-OCIb-Garcia-Palacios_1402670534_111481065_1011x569-300x169.jpg",300,169,true],"large":["https:\/\/fundacioncajaruraldelsur.com\/wp-content\/uploads\/2019\/10\/Imagenes-Premio-OCIb-Garcia-Palacios_1402670534_111481065_1011x569.jpg",960,540,false],"1536x1536":["https:\/\/fundacioncajaruraldelsur.com\/wp-content\/uploads\/2019\/10\/Imagenes-Premio-OCIb-Garcia-Palacios_1402670534_111481065_1011x569.jpg",1011,569,false],"2048x2048":["https:\/\/fundacioncajaruraldelsur.com\/wp-content\/uploads\/2019\/10\/Imagenes-Premio-OCIb-Garcia-Palacios_1402670534_111481065_1011x569.jpg",1011,569,false],"trp-custom-language-flag":["https:\/\/fundacioncajaruraldelsur.com\/wp-content\/uploads\/2019\/10\/Imagenes-Premio-OCIb-Garcia-Palacios_1402670534_111481065_1011x569.jpg",18,10,false],"blog-thumbnail":["https:\/\/fundacioncajaruraldelsur.com\/wp-content\/uploads\/2019\/10\/Imagenes-Premio-OCIb-Garcia-Palacios_1402670534_111481065_1011x569-400x200.jpg",400,200,true]},"rttpg_author":{"display_name":"Comunicaci\u00f3n","author_link":"https:\/\/fundacioncajaruraldelsur.com\/pt\/author\/sevillaadmin\/"},"rttpg_comment":0,"rttpg_category":"<a href=\"https:\/\/fundacioncajaruraldelsur.com\/pt\/category\/premios\/\" rel=\"category tag\">Premios<\/a>","rttpg_excerpt":"La Comisi\u00f3n Organizadora del Oto\u00f1o Cultural Iberoamericano (OCIb) ha concedido el IX Premio OCIb a la Cooperaci\u00f3n Iberoamericana al que fuera presidente de la Caja Rural del Sur, Jos\u00e9 Luis [&hellip;]","_links":{"self":[{"href":"https:\/\/fundacioncajaruraldelsur.com\/pt\/wp-json\/wp\/v2\/posts\/5175","targetHints":{"allow":["GET"]}}],"collection":[{"href":"https:\/\/fundacioncajaruraldelsur.com\/pt\/wp-json\/wp\/v2\/posts"}],"about":[{"href":"https:\/\/fundacioncajaruraldelsur.com\/pt\/wp-json\/wp\/v2\/types\/post"}],"author":[{"embeddable":true,"href":"https:\/\/fundacioncajaruraldelsur.com\/pt\/wp-json\/wp\/v2\/users\/6"}],"replies":[{"embeddable":true,"href":"https:\/\/fundacioncajaruraldelsur.com\/pt\/wp-json\/wp\/v2\/comments?post=5175"}],"version-history":[{"count":1,"href":"https:\/\/fundacioncajaruraldelsur.com\/pt\/wp-json\/wp\/v2\/posts\/5175\/revisions"}],"predecessor-version":[{"id":5178,"href":"https:\/\/fundacioncajaruraldelsur.com\/pt\/wp-json\/wp\/v2\/posts\/5175\/revisions\/5178"}],"wp:featuredmedia":[{"embeddable":true,"href":"https:\/\/fundacioncajaruraldelsur.com\/pt\/wp-json\/wp\/v2\/media\/5176"}],"wp:attachment":[{"href":"https:\/\/fundacioncajaruraldelsur.com\/pt\/wp-json\/wp\/v2\/media?parent=5175"}],"wp:term":[{"taxonomy":"category","embeddable":true,"href":"https:\/\/fundacioncajaruraldelsur.com\/pt\/wp-json\/wp\/v2\/categories?post=5175"},{"taxonomy":"post_tag","embeddable":true,"href":"https:\/\/fundacioncajaruraldelsur.com\/pt\/wp-json\/wp\/v2\/tags?post=5175"}],"curies":[{"name":"wp","href":"https:\/\/api.w.org\/{rel}","templated":true}]}}