{"id":5157,"date":"2019-10-17T08:09:02","date_gmt":"2019-10-17T06:09:02","guid":{"rendered":"\/?p=5157"},"modified":"2019-10-17T08:09:02","modified_gmt":"2019-10-17T06:09:02","slug":"desayuno-coloquio-con-el-puerto-de-sevilla","status":"publish","type":"post","link":"https:\/\/fundacioncajaruraldelsur.com\/pt\/desayuno-coloquio-con-el-puerto-de-sevilla\/","title":{"rendered":"Desayuno-coloquio con el Puerto de Sevilla"},"content":{"rendered":"<p style=\"font-weight: 400;\">Fundaci\u00f3n Caja Rural del Sur ha patrocinado una nueva edici\u00f3n de el desayuno-coloquio organizado por la Fundaci\u00f3n C\u00e1mara de Comercio de Sevilla en el Hotel Alfonso XIII de la capital hispalense, en esta ocasi\u00f3n, con la ponencia \u2018El puerto de Sevilla, un lugar de encuentro\u201d a cargo de Rafael Carmona, presidente de la Autoridad Portuaria sevillana. El presidente de la Fundaci\u00f3n, Jos\u00e9 Luis Garc\u00eda-Palacios \u00c1lvarez, asisti\u00f3 al Foro en el que se analiz\u00f3 el Puerto de Sevilla como\u00a0\u201cun <strong>proyecto global y conjunto<\/strong>\u201d, cuyas iniciativas \u201cnecesitan de la concurrencia de ayuntamientos, Junta de Andaluc\u00eda y Estado y los acuerdos alcanzados han de ser de todos\u201d.<\/p>\n<p style=\"font-weight: 400;\">El presidente de la APS destac\u00f3 que \u201cel puerto tambi\u00e9n es un lugar de encuentro para empresas, asociaciones, agentes econ\u00f3micos y sociales, universidades, para la ciudadan\u00eda en general y el entorno del estuario\u201d. En este sentido, Rafael Carmona traslad\u00f3 su apoyo al colectivo de los arroceros para \u201cresolver la problem\u00e1tica propia de la r\u00eda derivada de la alta salinidad y llevar agua dulce a los campos de arroz\u201d y destac\u00f3 que \u201cel modelo <strong><em>Working with nature<\/em><\/strong>, para trabajar con la naturaleza, requiere tambi\u00e9n de puntos de encuentro y no vamos a cesar hasta alcanzarlos\u201d. Adem\u00e1s, felicit\u00f3 al Parque Nacional de Do\u00f1ana que hoy cumple 50 a\u00f1os desde su creaci\u00f3n.<\/p>\n<p style=\"font-weight: 400;\">Como ejemplo de gesti\u00f3n sostenible, el presidente destac\u00f3 que la Instituci\u00f3n portuaria est\u00e1 utilizando las arenas y sedimentos del dragado de mantenimiento de la canal de navegaci\u00f3n para regenerar las playas de Sanl\u00facar de Barrameda y para habilitar zonas de cr\u00eda y reproducci\u00f3n de aves acu\u00e1ticas en el entorno de Do\u00f1ana.<\/p>\n<p style=\"font-weight: 400;\">Por otro lado, a lo largo de su intervenci\u00f3n el presidente afirm\u00f3 que \u201cla excelencia ambiental, la eficiencia operativa, la transformaci\u00f3n digital y la competitividad son los principales objetivos que nos hemos marcado\u201d y, para ello, \u201cprovocaremos un cambio en la gesti\u00f3n de la autoridad portuaria para ser percibidos como un socio en el desarrollo de negocio; fomentaremos la tecnolog\u00eda y la innovaci\u00f3n; impulsaremos la actividad portuaria y el cl\u00faster log\u00edstico e industrial y construiremos un nuevo distrito urbano portuario.\u201d<\/p>\n<p style=\"font-weight: 400;\">En este punto, Rafael Carmona inform\u00f3 sobre nuevos desarrollos en el puerto como la habilitaci\u00f3n del\u00a0<strong>muelle de Armamento<\/strong>\u00a0con 17.000 m<sup>2\u00a0<\/sup>m\u00e1s para cargas especiales y la ampliaci\u00f3n del\u00a0<strong>Puesto de Inspecci\u00f3n Fronterizo<\/strong>\u00a0(PIF) para agilizar las operaciones.<\/p>\n<p style=\"font-weight: 400;\">Adem\u00e1s, destac\u00f3 el crecimiento del tr\u00e1fico ferroviario, un 25 % m\u00e1s en el acumulado de septiembre, y la inversi\u00f3n de la\u00a0<strong>Zona de Actividades Log\u00edsticas<\/strong>\u00a0(ZAL) que en 2019 alcanz\u00f3 los 15,7 millones de euros. Este montante se ha destinado a la construcci\u00f3n de 3 naves de \u00faltima generaci\u00f3n, una de ellas para Amazon que ya est\u00e1 en funcionamiento.<\/p>\n<p style=\"font-weight: 400;\">En el \u00e1mbito industrial, el presidente anunci\u00f3 que est\u00e1 trabajando en \u201cel desarrollo de un\u00a0<strong>centro<\/strong>\u00a0que d\u00e9 respuesta a la alta demanda de perfiles de\u00a0<strong>formaci\u00f3n profesional<\/strong>\u00a0especializados en materia industrial en el pol\u00edgono de Astilleros\u201d. En este mismo enclave, la Autoridad Portuaria de Sevilla da pasos para \u201cconseguir un puerto m\u00e1s verde\u201d con \u201cla pr\u00f3xima licitaci\u00f3n de una\u00a0<strong>planta solar fotovoltaica<\/strong>\u00a0en las cubiertas del aparcamiento del pol\u00edgono industrial\u201d. Igualmente, \u201cla actual regulaci\u00f3n energ\u00e9tica sobre el autoconsumo va a impulsar la instalaci\u00f3n de paneles en las cubiertas de los concesionarios\u201d, asever\u00f3 el presidente.<\/p>\n<p style=\"font-weight: 400;\">Por \u00faltimo, Rafael Carmona indic\u00f3 que \u201cla evoluci\u00f3n natural de los puertos avanza hacia un modelo donde las sinergias ser\u00e1n clave, por lo que el puerto de Sevilla debe ser tambi\u00e9n un\u00a0<strong>punto de encuentro<\/strong>\u00a0con el resto de las autoridades portuarias.\u201d Por ello, \u201cestamos aunando esfuerzos para el impulso de una l\u00ednea de cruceros que escale en puertos andaluces y trabajamos de la mano del puerto de Algeciras y del puerto de Huelva para generar sinergias en el tr\u00e1fico de mercanc\u00edas, y tambi\u00e9n nos gustar\u00eda contar con C\u00e1diz\u201d, ha puntualizado el presidente.<\/p>","protected":false},"excerpt":{"rendered":"<p>Fundaci\u00f3n Caja Rural del Sur ha patrocinado una nueva edici\u00f3n de el desayuno-coloquio organizado por la Fundaci\u00f3n C\u00e1mara de Comercio de Sevilla en el Hotel Alfonso XIII de la capital [&hellip;]<\/p>\n","protected":false},"author":6,"featured_media":5159,"comment_status":"closed","ping_status":"closed","sticky":false,"template":"","format":"standard","meta":{"footnotes":""},"categories":[83],"tags":[],"class_list":["post-5157","post","type-post","status-publish","format-standard","has-post-thumbnail","hentry","category-conferencias"],"yoast_head":"<!-- This site is optimized with the Yoast SEO plugin v27.3 - https:\/\/yoast.com\/product\/yoast-seo-wordpress\/ -->\n<title>Desayuno-coloquio con el Puerto de Sevilla - Fundaci\u00f3n Caja Rural del Sur<\/title>\n<meta name=\"robots\" content=\"index, follow, max-snippet:-1, max-image-preview:large, max-video-preview:-1\" \/>\n<link rel=\"canonical\" href=\"https:\/\/fundacioncajaruraldelsur.com\/pt\/desayuno-coloquio-con-el-puerto-de-sevilla\/\" \/>\n<meta property=\"og:locale\" content=\"pt_PT\" \/>\n<meta property=\"og:type\" content=\"article\" \/>\n<meta property=\"og:title\" content=\"Desayuno-coloquio con el Puerto de Sevilla - Fundaci\u00f3n Caja Rural del Sur\" \/>\n<meta property=\"og:description\" content=\"Fundaci\u00f3n Caja Rural del Sur ha patrocinado una nueva edici\u00f3n de el desayuno-coloquio organizado por la Fundaci\u00f3n C\u00e1mara de Comercio de Sevilla en el Hotel Alfonso XIII de la capital [&hellip;]\" \/>\n<meta property=\"og:url\" content=\"https:\/\/fundacioncajaruraldelsur.com\/pt\/desayuno-coloquio-con-el-puerto-de-sevilla\/\" \/>\n<meta property=\"og:site_name\" content=\"Fundaci\u00f3n Caja Rural del Sur\" \/>\n<meta property=\"article:published_time\" content=\"2019-10-17T06:09:02+00:00\" \/>\n<meta property=\"og:image\" content=\"https:\/\/fundacioncajaruraldelsur.com\/wp-content\/uploads\/2019\/10\/DSC_0010-1024x683.jpg\" \/>\n\t<meta property=\"og:image:width\" content=\"1024\" \/>\n\t<meta property=\"og:image:height\" content=\"683\" \/>\n\t<meta property=\"og:image:type\" content=\"image\/jpeg\" \/>\n<meta name=\"author\" content=\"Comunicaci\u00f3n\" \/>\n<meta name=\"twitter:card\" content=\"summary_large_image\" \/>\n<meta name=\"twitter:label1\" content=\"Written by\" \/>\n\t<meta name=\"twitter:data1\" content=\"Comunicaci\u00f3n\" \/>\n\t<meta name=\"twitter:label2\" content=\"Est. reading time\" \/>\n\t<meta name=\"twitter:data2\" content=\"3 minutes\" \/>\n<script type=\"application\/ld+json\" class=\"yoast-schema-graph\">{\"@context\":\"https:\\\/\\\/schema.org\",\"@graph\":[{\"@type\":\"Article\",\"@id\":\"https:\\\/\\\/fundacioncajaruraldelsur.com\\\/desayuno-coloquio-con-el-puerto-de-sevilla\\\/#article\",\"isPartOf\":{\"@id\":\"https:\\\/\\\/fundacioncajaruraldelsur.com\\\/desayuno-coloquio-con-el-puerto-de-sevilla\\\/\"},\"author\":{\"name\":\"Comunicaci\u00f3n\",\"@id\":\"https:\\\/\\\/fundacioncajaruraldelsur.com\\\/#\\\/schema\\\/person\\\/f430da9fb783d505ff061ad8b3d44577\"},\"headline\":\"Desayuno-coloquio con el Puerto de Sevilla\",\"datePublished\":\"2019-10-17T06:09:02+00:00\",\"mainEntityOfPage\":{\"@id\":\"https:\\\/\\\/fundacioncajaruraldelsur.com\\\/desayuno-coloquio-con-el-puerto-de-sevilla\\\/\"},\"wordCount\":692,\"image\":{\"@id\":\"https:\\\/\\\/fundacioncajaruraldelsur.com\\\/desayuno-coloquio-con-el-puerto-de-sevilla\\\/#primaryimage\"},\"thumbnailUrl\":\"https:\\\/\\\/fundacioncajaruraldelsur.com\\\/wp-content\\\/uploads\\\/2019\\\/10\\\/DSC_0010.jpg\",\"articleSection\":[\"Conferencias\"],\"inLanguage\":\"pt-PT\"},{\"@type\":\"WebPage\",\"@id\":\"https:\\\/\\\/fundacioncajaruraldelsur.com\\\/desayuno-coloquio-con-el-puerto-de-sevilla\\\/\",\"url\":\"https:\\\/\\\/fundacioncajaruraldelsur.com\\\/desayuno-coloquio-con-el-puerto-de-sevilla\\\/\",\"name\":\"Desayuno-coloquio con el Puerto de Sevilla - Fundaci\u00f3n Caja Rural del Sur\",\"isPartOf\":{\"@id\":\"https:\\\/\\\/fundacioncajaruraldelsur.com\\\/#website\"},\"primaryImageOfPage\":{\"@id\":\"https:\\\/\\\/fundacioncajaruraldelsur.com\\\/desayuno-coloquio-con-el-puerto-de-sevilla\\\/#primaryimage\"},\"image\":{\"@id\":\"https:\\\/\\\/fundacioncajaruraldelsur.com\\\/desayuno-coloquio-con-el-puerto-de-sevilla\\\/#primaryimage\"},\"thumbnailUrl\":\"https:\\\/\\\/fundacioncajaruraldelsur.com\\\/wp-content\\\/uploads\\\/2019\\\/10\\\/DSC_0010.jpg\",\"datePublished\":\"2019-10-17T06:09:02+00:00\",\"author\":{\"@id\":\"https:\\\/\\\/fundacioncajaruraldelsur.com\\\/#\\\/schema\\\/person\\\/f430da9fb783d505ff061ad8b3d44577\"},\"breadcrumb\":{\"@id\":\"https:\\\/\\\/fundacioncajaruraldelsur.com\\\/desayuno-coloquio-con-el-puerto-de-sevilla\\\/#breadcrumb\"},\"inLanguage\":\"pt-PT\",\"potentialAction\":[{\"@type\":\"ReadAction\",\"target\":[\"https:\\\/\\\/fundacioncajaruraldelsur.com\\\/desayuno-coloquio-con-el-puerto-de-sevilla\\\/\"]}]},{\"@type\":\"ImageObject\",\"inLanguage\":\"pt-PT\",\"@id\":\"https:\\\/\\\/fundacioncajaruraldelsur.com\\\/desayuno-coloquio-con-el-puerto-de-sevilla\\\/#primaryimage\",\"url\":\"https:\\\/\\\/fundacioncajaruraldelsur.com\\\/wp-content\\\/uploads\\\/2019\\\/10\\\/DSC_0010.jpg\",\"contentUrl\":\"https:\\\/\\\/fundacioncajaruraldelsur.com\\\/wp-content\\\/uploads\\\/2019\\\/10\\\/DSC_0010.jpg\",\"width\":4608,\"height\":3072},{\"@type\":\"BreadcrumbList\",\"@id\":\"https:\\\/\\\/fundacioncajaruraldelsur.com\\\/desayuno-coloquio-con-el-puerto-de-sevilla\\\/#breadcrumb\",\"itemListElement\":[{\"@type\":\"ListItem\",\"position\":1,\"name\":\"Portada\",\"item\":\"https:\\\/\\\/fundacioncajaruraldelsur.com\\\/\"},{\"@type\":\"ListItem\",\"position\":2,\"name\":\"Desayuno-coloquio con el Puerto de Sevilla\"}]},{\"@type\":\"WebSite\",\"@id\":\"https:\\\/\\\/fundacioncajaruraldelsur.com\\\/#website\",\"url\":\"https:\\\/\\\/fundacioncajaruraldelsur.com\\\/\",\"name\":\"Fundaci\u00f3n Caja Rural del Sur\",\"description\":\"\",\"potentialAction\":[{\"@type\":\"SearchAction\",\"target\":{\"@type\":\"EntryPoint\",\"urlTemplate\":\"https:\\\/\\\/fundacioncajaruraldelsur.com\\\/?s={search_term_string}\"},\"query-input\":{\"@type\":\"PropertyValueSpecification\",\"valueRequired\":true,\"valueName\":\"search_term_string\"}}],\"inLanguage\":\"pt-PT\"},{\"@type\":\"Person\",\"@id\":\"https:\\\/\\\/fundacioncajaruraldelsur.com\\\/#\\\/schema\\\/person\\\/f430da9fb783d505ff061ad8b3d44577\",\"name\":\"Comunicaci\u00f3n\",\"image\":{\"@type\":\"ImageObject\",\"inLanguage\":\"pt-PT\",\"@id\":\"https:\\\/\\\/secure.gravatar.com\\\/avatar\\\/0dca239875993680bac4603ad2de7942da018f52cc3a244578e0b3b09314a8d8?s=96&d=blank&r=g\",\"url\":\"https:\\\/\\\/secure.gravatar.com\\\/avatar\\\/0dca239875993680bac4603ad2de7942da018f52cc3a244578e0b3b09314a8d8?s=96&d=blank&r=g\",\"contentUrl\":\"https:\\\/\\\/secure.gravatar.com\\\/avatar\\\/0dca239875993680bac4603ad2de7942da018f52cc3a244578e0b3b09314a8d8?s=96&d=blank&r=g\",\"caption\":\"Comunicaci\u00f3n\"}}]}<\/script>\n<!-- \/ Yoast SEO plugin. -->","yoast_head_json":{"title":"Desayuno-coloquio con el Puerto de Sevilla - Fundaci\u00f3n Caja Rural del Sur","robots":{"index":"index","follow":"follow","max-snippet":"max-snippet:-1","max-image-preview":"max-image-preview:large","max-video-preview":"max-video-preview:-1"},"canonical":"https:\/\/fundacioncajaruraldelsur.com\/pt\/desayuno-coloquio-con-el-puerto-de-sevilla\/","og_locale":"pt_PT","og_type":"article","og_title":"Desayuno-coloquio con el Puerto de Sevilla - Fundaci\u00f3n Caja Rural del Sur","og_description":"Fundaci\u00f3n Caja Rural del Sur ha patrocinado una nueva edici\u00f3n de el desayuno-coloquio organizado por la Fundaci\u00f3n C\u00e1mara de Comercio de Sevilla en el Hotel Alfonso XIII de la capital [&hellip;]","og_url":"https:\/\/fundacioncajaruraldelsur.com\/pt\/desayuno-coloquio-con-el-puerto-de-sevilla\/","og_site_name":"Fundaci\u00f3n Caja Rural del Sur","article_published_time":"2019-10-17T06:09:02+00:00","og_image":[{"width":1024,"height":683,"url":"https:\/\/fundacioncajaruraldelsur.com\/wp-content\/uploads\/2019\/10\/DSC_0010-1024x683.jpg","type":"image\/jpeg"}],"author":"Comunicaci\u00f3n","twitter_card":"summary_large_image","twitter_misc":{"Written by":"Comunicaci\u00f3n","Est. reading time":"3 minutes"},"schema":{"@context":"https:\/\/schema.org","@graph":[{"@type":"Article","@id":"https:\/\/fundacioncajaruraldelsur.com\/desayuno-coloquio-con-el-puerto-de-sevilla\/#article","isPartOf":{"@id":"https:\/\/fundacioncajaruraldelsur.com\/desayuno-coloquio-con-el-puerto-de-sevilla\/"},"author":{"name":"Comunicaci\u00f3n","@id":"https:\/\/fundacioncajaruraldelsur.com\/#\/schema\/person\/f430da9fb783d505ff061ad8b3d44577"},"headline":"Desayuno-coloquio con el Puerto de Sevilla","datePublished":"2019-10-17T06:09:02+00:00","mainEntityOfPage":{"@id":"https:\/\/fundacioncajaruraldelsur.com\/desayuno-coloquio-con-el-puerto-de-sevilla\/"},"wordCount":692,"image":{"@id":"https:\/\/fundacioncajaruraldelsur.com\/desayuno-coloquio-con-el-puerto-de-sevilla\/#primaryimage"},"thumbnailUrl":"https:\/\/fundacioncajaruraldelsur.com\/wp-content\/uploads\/2019\/10\/DSC_0010.jpg","articleSection":["Conferencias"],"inLanguage":"pt-PT"},{"@type":"WebPage","@id":"https:\/\/fundacioncajaruraldelsur.com\/desayuno-coloquio-con-el-puerto-de-sevilla\/","url":"https:\/\/fundacioncajaruraldelsur.com\/desayuno-coloquio-con-el-puerto-de-sevilla\/","name":"Desayuno-coloquio con el Puerto de Sevilla - Fundaci\u00f3n Caja Rural del Sur","isPartOf":{"@id":"https:\/\/fundacioncajaruraldelsur.com\/#website"},"primaryImageOfPage":{"@id":"https:\/\/fundacioncajaruraldelsur.com\/desayuno-coloquio-con-el-puerto-de-sevilla\/#primaryimage"},"image":{"@id":"https:\/\/fundacioncajaruraldelsur.com\/desayuno-coloquio-con-el-puerto-de-sevilla\/#primaryimage"},"thumbnailUrl":"https:\/\/fundacioncajaruraldelsur.com\/wp-content\/uploads\/2019\/10\/DSC_0010.jpg","datePublished":"2019-10-17T06:09:02+00:00","author":{"@id":"https:\/\/fundacioncajaruraldelsur.com\/#\/schema\/person\/f430da9fb783d505ff061ad8b3d44577"},"breadcrumb":{"@id":"https:\/\/fundacioncajaruraldelsur.com\/desayuno-coloquio-con-el-puerto-de-sevilla\/#breadcrumb"},"inLanguage":"pt-PT","potentialAction":[{"@type":"ReadAction","target":["https:\/\/fundacioncajaruraldelsur.com\/desayuno-coloquio-con-el-puerto-de-sevilla\/"]}]},{"@type":"ImageObject","inLanguage":"pt-PT","@id":"https:\/\/fundacioncajaruraldelsur.com\/desayuno-coloquio-con-el-puerto-de-sevilla\/#primaryimage","url":"https:\/\/fundacioncajaruraldelsur.com\/wp-content\/uploads\/2019\/10\/DSC_0010.jpg","contentUrl":"https:\/\/fundacioncajaruraldelsur.com\/wp-content\/uploads\/2019\/10\/DSC_0010.jpg","width":4608,"height":3072},{"@type":"BreadcrumbList","@id":"https:\/\/fundacioncajaruraldelsur.com\/desayuno-coloquio-con-el-puerto-de-sevilla\/#breadcrumb","itemListElement":[{"@type":"ListItem","position":1,"name":"Portada","item":"https:\/\/fundacioncajaruraldelsur.com\/"},{"@type":"ListItem","position":2,"name":"Desayuno-coloquio con el Puerto de Sevilla"}]},{"@type":"WebSite","@id":"https:\/\/fundacioncajaruraldelsur.com\/#website","url":"https:\/\/fundacioncajaruraldelsur.com\/","name":"Funda\u00e7\u00e3o Caja Rural del Sur","description":"","potentialAction":[{"@type":"SearchAction","target":{"@type":"EntryPoint","urlTemplate":"https:\/\/fundacioncajaruraldelsur.com\/?s={search_term_string}"},"query-input":{"@type":"PropertyValueSpecification","valueRequired":true,"valueName":"search_term_string"}}],"inLanguage":"pt-PT"},{"@type":"Person","@id":"https:\/\/fundacioncajaruraldelsur.com\/#\/schema\/person\/f430da9fb783d505ff061ad8b3d44577","name":"Comunicaci\u00f3n","image":{"@type":"ImageObject","inLanguage":"pt-PT","@id":"https:\/\/secure.gravatar.com\/avatar\/0dca239875993680bac4603ad2de7942da018f52cc3a244578e0b3b09314a8d8?s=96&d=blank&r=g","url":"https:\/\/secure.gravatar.com\/avatar\/0dca239875993680bac4603ad2de7942da018f52cc3a244578e0b3b09314a8d8?s=96&d=blank&r=g","contentUrl":"https:\/\/secure.gravatar.com\/avatar\/0dca239875993680bac4603ad2de7942da018f52cc3a244578e0b3b09314a8d8?s=96&d=blank&r=g","caption":"Comunicaci\u00f3n"}}]}},"rttpg_featured_image_url":{"full":["https:\/\/fundacioncajaruraldelsur.com\/wp-content\/uploads\/2019\/10\/DSC_0010.jpg",4608,3072,false],"landscape":["https:\/\/fundacioncajaruraldelsur.com\/wp-content\/uploads\/2019\/10\/DSC_0010.jpg",4608,3072,false],"portraits":["https:\/\/fundacioncajaruraldelsur.com\/wp-content\/uploads\/2019\/10\/DSC_0010.jpg",4608,3072,false],"thumbnail":["https:\/\/fundacioncajaruraldelsur.com\/wp-content\/uploads\/2019\/10\/DSC_0010-150x150.jpg",150,150,true],"medium":["https:\/\/fundacioncajaruraldelsur.com\/wp-content\/uploads\/2019\/10\/DSC_0010-300x200.jpg",300,200,true],"large":["https:\/\/fundacioncajaruraldelsur.com\/wp-content\/uploads\/2019\/10\/DSC_0010-1024x683.jpg",960,640,true],"1536x1536":["https:\/\/fundacioncajaruraldelsur.com\/wp-content\/uploads\/2019\/10\/DSC_0010.jpg",1536,1024,false],"2048x2048":["https:\/\/fundacioncajaruraldelsur.com\/wp-content\/uploads\/2019\/10\/DSC_0010.jpg",2048,1365,false],"trp-custom-language-flag":["https:\/\/fundacioncajaruraldelsur.com\/wp-content\/uploads\/2019\/10\/DSC_0010.jpg",18,12,false],"blog-thumbnail":["https:\/\/fundacioncajaruraldelsur.com\/wp-content\/uploads\/2019\/10\/DSC_0010-400x200.jpg",400,200,true]},"rttpg_author":{"display_name":"Comunicaci\u00f3n","author_link":"https:\/\/fundacioncajaruraldelsur.com\/pt\/author\/sevillaadmin\/"},"rttpg_comment":0,"rttpg_category":"<a href=\"https:\/\/fundacioncajaruraldelsur.com\/pt\/category\/conferencias\/\" rel=\"category tag\">Conferencias<\/a>","rttpg_excerpt":"Fundaci\u00f3n Caja Rural del Sur ha patrocinado una nueva edici\u00f3n de el desayuno-coloquio organizado por la Fundaci\u00f3n C\u00e1mara de Comercio de Sevilla en el Hotel Alfonso XIII de la capital [&hellip;]","_links":{"self":[{"href":"https:\/\/fundacioncajaruraldelsur.com\/pt\/wp-json\/wp\/v2\/posts\/5157","targetHints":{"allow":["GET"]}}],"collection":[{"href":"https:\/\/fundacioncajaruraldelsur.com\/pt\/wp-json\/wp\/v2\/posts"}],"about":[{"href":"https:\/\/fundacioncajaruraldelsur.com\/pt\/wp-json\/wp\/v2\/types\/post"}],"author":[{"embeddable":true,"href":"https:\/\/fundacioncajaruraldelsur.com\/pt\/wp-json\/wp\/v2\/users\/6"}],"replies":[{"embeddable":true,"href":"https:\/\/fundacioncajaruraldelsur.com\/pt\/wp-json\/wp\/v2\/comments?post=5157"}],"version-history":[{"count":1,"href":"https:\/\/fundacioncajaruraldelsur.com\/pt\/wp-json\/wp\/v2\/posts\/5157\/revisions"}],"predecessor-version":[{"id":5160,"href":"https:\/\/fundacioncajaruraldelsur.com\/pt\/wp-json\/wp\/v2\/posts\/5157\/revisions\/5160"}],"wp:featuredmedia":[{"embeddable":true,"href":"https:\/\/fundacioncajaruraldelsur.com\/pt\/wp-json\/wp\/v2\/media\/5159"}],"wp:attachment":[{"href":"https:\/\/fundacioncajaruraldelsur.com\/pt\/wp-json\/wp\/v2\/media?parent=5157"}],"wp:term":[{"taxonomy":"category","embeddable":true,"href":"https:\/\/fundacioncajaruraldelsur.com\/pt\/wp-json\/wp\/v2\/categories?post=5157"},{"taxonomy":"post_tag","embeddable":true,"href":"https:\/\/fundacioncajaruraldelsur.com\/pt\/wp-json\/wp\/v2\/tags?post=5157"}],"curies":[{"name":"wp","href":"https:\/\/api.w.org\/{rel}","templated":true}]}}