{"id":5116,"date":"2019-10-01T08:31:34","date_gmt":"2019-10-01T06:31:34","guid":{"rendered":"\/?p=5116"},"modified":"2019-10-01T11:24:43","modified_gmt":"2019-10-01T09:24:43","slug":"caleidoscopio-exposicion-de-pinturas-de-ana-feu-en-sevilla","status":"publish","type":"post","link":"https:\/\/fundacioncajaruraldelsur.com\/pt\/caleidoscopio-exposicion-de-pinturas-de-ana-feu-en-sevilla\/","title":{"rendered":"\u201cCaleidoscopio\u201d exposici\u00f3n de pinturas de Ana Feu en Sevilla"},"content":{"rendered":"<p>Inaugurada la exposici\u00f3n de obras de la pintora onubense Ana Feu titulada \u201cCaleidoscopio\u201d que permanecer\u00e1 abierta hasta el pr\u00f3ximo 17 de octubre en la sala de exposiciones de la Fundaci\u00f3n Caja Rural del Sur en Sevilla (calle Murillo, 2).<\/p>\n<p>La exposici\u00f3n de Ana Feu podr\u00e1 ser visitada, abierta al p\u00fablico de forma gratuita, de 10:00 a 14:00 horas y de 18:00 a 21:00 horas.<\/p>\n<p>Ana Feu, de origen hispano-luso, nacida en Ayamonte, ha desarrollado su actividad art\u00edstica entre Sevilla, Jerez de la Frontera y el Algarve portugu\u00e9s. De familia de pintores, influenciada por la fuerza del Algarve y Andaluc\u00eda, plasma en su obra los contrastes de luces y sombras de paisajes lusos.<\/p>\n<p>Con un estilo figurativo basado en escenas reales pero entre el impresionismo y la abstracci\u00f3n, Ana Feu pinta de forma viva y s\u00f3lida, escenas a distintas horas del d\u00eda y en distintos espacios de la naturaleza del Algarve portugu\u00e9s,\u00a0 del Parque de Mar\u00eda Luisa de Sevilla y del\u00a0 Coto de Do\u00f1ana.<\/p>\n<p>Un conjunto de estas obras marcadas por el protagonismo de la luz y el color son las que componen la exposici\u00f3n de la Fundaci\u00f3n Caja Rural del Sur.-<\/p>\n<p style=\"text-align: center;\"><a href=\"\/wp-content\/uploads\/2019\/10\/IMG_7806.jpg\" rel=\"lightbox-0\"><img loading=\"lazy\" decoding=\"async\" class=\"alignnone size-medium wp-image-5120\" src=\"\/wp-content\/uploads\/2019\/10\/IMG_7806-300x225.jpg\" alt=\"\" width=\"300\" height=\"225\" srcset=\"https:\/\/fundacioncajaruraldelsur.com\/wp-content\/uploads\/2019\/10\/IMG_7806-300x225.jpg 300w, https:\/\/fundacioncajaruraldelsur.com\/wp-content\/uploads\/2019\/10\/IMG_7806-768x576.jpg 768w, https:\/\/fundacioncajaruraldelsur.com\/wp-content\/uploads\/2019\/10\/IMG_7806.jpg 871w\" sizes=\"auto, (max-width: 300px) 100vw, 300px\" \/><\/a> <a href=\"\/wp-content\/uploads\/2019\/10\/IMG_7807.jpg\" rel=\"lightbox-1\"><img loading=\"lazy\" decoding=\"async\" class=\"alignnone size-medium wp-image-5121\" src=\"\/wp-content\/uploads\/2019\/10\/IMG_7807-300x225.jpg\" alt=\"\" width=\"300\" height=\"225\" srcset=\"https:\/\/fundacioncajaruraldelsur.com\/wp-content\/uploads\/2019\/10\/IMG_7807-300x225.jpg 300w, https:\/\/fundacioncajaruraldelsur.com\/wp-content\/uploads\/2019\/10\/IMG_7807-768x576.jpg 768w, https:\/\/fundacioncajaruraldelsur.com\/wp-content\/uploads\/2019\/10\/IMG_7807.jpg 871w\" sizes=\"auto, (max-width: 300px) 100vw, 300px\" \/><\/a> <a href=\"\/wp-content\/uploads\/2019\/10\/IMG_7808.jpg\" rel=\"lightbox-2\"><img loading=\"lazy\" decoding=\"async\" class=\"alignnone size-medium wp-image-5122\" src=\"\/wp-content\/uploads\/2019\/10\/IMG_7808-300x225.jpg\" alt=\"\" width=\"300\" height=\"225\" srcset=\"https:\/\/fundacioncajaruraldelsur.com\/wp-content\/uploads\/2019\/10\/IMG_7808-300x225.jpg 300w, https:\/\/fundacioncajaruraldelsur.com\/wp-content\/uploads\/2019\/10\/IMG_7808-768x576.jpg 768w, https:\/\/fundacioncajaruraldelsur.com\/wp-content\/uploads\/2019\/10\/IMG_7808.jpg 871w\" sizes=\"auto, (max-width: 300px) 100vw, 300px\" \/><\/a> <a href=\"\/wp-content\/uploads\/2019\/10\/IMG_7809.jpg\" rel=\"lightbox-3\"><img loading=\"lazy\" decoding=\"async\" class=\"alignnone size-medium wp-image-5123\" src=\"\/wp-content\/uploads\/2019\/10\/IMG_7809-300x225.jpg\" alt=\"\" width=\"300\" height=\"225\" srcset=\"https:\/\/fundacioncajaruraldelsur.com\/wp-content\/uploads\/2019\/10\/IMG_7809-300x225.jpg 300w, https:\/\/fundacioncajaruraldelsur.com\/wp-content\/uploads\/2019\/10\/IMG_7809-768x576.jpg 768w, https:\/\/fundacioncajaruraldelsur.com\/wp-content\/uploads\/2019\/10\/IMG_7809.jpg 871w\" sizes=\"auto, (max-width: 300px) 100vw, 300px\" \/><\/a> <a href=\"\/wp-content\/uploads\/2019\/10\/IMG_7810.jpg\" rel=\"lightbox-4\"><img loading=\"lazy\" decoding=\"async\" class=\"alignnone size-medium wp-image-5124\" src=\"\/wp-content\/uploads\/2019\/10\/IMG_7810-300x225.jpg\" alt=\"\" width=\"300\" height=\"225\" srcset=\"https:\/\/fundacioncajaruraldelsur.com\/wp-content\/uploads\/2019\/10\/IMG_7810-300x225.jpg 300w, https:\/\/fundacioncajaruraldelsur.com\/wp-content\/uploads\/2019\/10\/IMG_7810-768x576.jpg 768w, https:\/\/fundacioncajaruraldelsur.com\/wp-content\/uploads\/2019\/10\/IMG_7810.jpg 871w\" sizes=\"auto, (max-width: 300px) 100vw, 300px\" \/><\/a> <a href=\"\/wp-content\/uploads\/2019\/10\/IMG_7811.jpg\" rel=\"lightbox-5\"><img loading=\"lazy\" decoding=\"async\" class=\"alignnone size-medium wp-image-5125\" src=\"\/wp-content\/uploads\/2019\/10\/IMG_7811-300x225.jpg\" alt=\"\" width=\"300\" height=\"225\" srcset=\"https:\/\/fundacioncajaruraldelsur.com\/wp-content\/uploads\/2019\/10\/IMG_7811-300x225.jpg 300w, https:\/\/fundacioncajaruraldelsur.com\/wp-content\/uploads\/2019\/10\/IMG_7811-768x576.jpg 768w, https:\/\/fundacioncajaruraldelsur.com\/wp-content\/uploads\/2019\/10\/IMG_7811.jpg 871w\" sizes=\"auto, (max-width: 300px) 100vw, 300px\" \/><\/a> <a href=\"\/wp-content\/uploads\/2019\/10\/IMG_7812-1.jpg\" rel=\"lightbox-6\"><img loading=\"lazy\" decoding=\"async\" class=\"alignnone size-medium wp-image-5126\" src=\"\/wp-content\/uploads\/2019\/10\/IMG_7812-1-300x225.jpg\" alt=\"\" width=\"300\" height=\"225\" srcset=\"https:\/\/fundacioncajaruraldelsur.com\/wp-content\/uploads\/2019\/10\/IMG_7812-1-300x225.jpg 300w, https:\/\/fundacioncajaruraldelsur.com\/wp-content\/uploads\/2019\/10\/IMG_7812-1-768x576.jpg 768w, https:\/\/fundacioncajaruraldelsur.com\/wp-content\/uploads\/2019\/10\/IMG_7812-1.jpg 936w\" sizes=\"auto, (max-width: 300px) 100vw, 300px\" \/><\/a> \u00a0<a href=\"\/wp-content\/uploads\/2019\/10\/IMG_7802.jpg\" rel=\"lightbox-7\"><img loading=\"lazy\" decoding=\"async\" class=\"alignnone size-medium wp-image-5118\" src=\"\/wp-content\/uploads\/2019\/10\/IMG_7802-300x225.jpg\" alt=\"\" width=\"300\" height=\"225\" srcset=\"https:\/\/fundacioncajaruraldelsur.com\/wp-content\/uploads\/2019\/10\/IMG_7802-300x225.jpg 300w, https:\/\/fundacioncajaruraldelsur.com\/wp-content\/uploads\/2019\/10\/IMG_7802-768x576.jpg 768w, https:\/\/fundacioncajaruraldelsur.com\/wp-content\/uploads\/2019\/10\/IMG_7802.jpg 871w\" sizes=\"auto, (max-width: 300px) 100vw, 300px\" \/><\/a> <a href=\"\/wp-content\/uploads\/2019\/10\/IMG_7801.jpg\" rel=\"lightbox-8\"><img loading=\"lazy\" decoding=\"async\" class=\"alignnone size-medium wp-image-5117\" src=\"\/wp-content\/uploads\/2019\/10\/IMG_7801-300x225.jpg\" alt=\"\" width=\"300\" height=\"225\" srcset=\"https:\/\/fundacioncajaruraldelsur.com\/wp-content\/uploads\/2019\/10\/IMG_7801-300x225.jpg 300w, https:\/\/fundacioncajaruraldelsur.com\/wp-content\/uploads\/2019\/10\/IMG_7801-768x576.jpg 768w, https:\/\/fundacioncajaruraldelsur.com\/wp-content\/uploads\/2019\/10\/IMG_7801.jpg 871w\" sizes=\"auto, (max-width: 300px) 100vw, 300px\" \/><\/a><\/p>","protected":false},"excerpt":{"rendered":"<p>Inaugurada la exposici\u00f3n de obras de la pintora onubense Ana Feu titulada \u201cCaleidoscopio\u201d que permanecer\u00e1 abierta hasta el pr\u00f3ximo 17 de octubre en la sala de exposiciones de la Fundaci\u00f3n [&hellip;]<\/p>\n","protected":false},"author":6,"featured_media":5119,"comment_status":"closed","ping_status":"closed","sticky":false,"template":"","format":"standard","meta":{"footnotes":""},"categories":[82],"tags":[],"class_list":["post-5116","post","type-post","status-publish","format-standard","has-post-thumbnail","hentry","category-exposiciones"],"yoast_head":"<!-- This site is optimized with the Yoast SEO plugin v27.3 - https:\/\/yoast.com\/product\/yoast-seo-wordpress\/ -->\n<title>\u201cCaleidoscopio\u201d exposici\u00f3n de pinturas de Ana Feu en Sevilla - Fundaci\u00f3n Caja Rural del Sur<\/title>\n<meta name=\"robots\" content=\"index, follow, max-snippet:-1, max-image-preview:large, max-video-preview:-1\" \/>\n<link rel=\"canonical\" href=\"https:\/\/fundacioncajaruraldelsur.com\/pt\/caleidoscopio-exposicion-de-pinturas-de-ana-feu-en-sevilla\/\" \/>\n<meta property=\"og:locale\" content=\"pt_PT\" \/>\n<meta property=\"og:type\" content=\"article\" \/>\n<meta property=\"og:title\" content=\"\u201cCaleidoscopio\u201d exposici\u00f3n de pinturas de Ana Feu en Sevilla - Fundaci\u00f3n Caja Rural del Sur\" \/>\n<meta property=\"og:description\" content=\"Inaugurada la exposici\u00f3n de obras de la pintora onubense Ana Feu titulada \u201cCaleidoscopio\u201d que permanecer\u00e1 abierta hasta el pr\u00f3ximo 17 de octubre en la sala de exposiciones de la Fundaci\u00f3n [&hellip;]\" \/>\n<meta property=\"og:url\" content=\"https:\/\/fundacioncajaruraldelsur.com\/pt\/caleidoscopio-exposicion-de-pinturas-de-ana-feu-en-sevilla\/\" \/>\n<meta property=\"og:site_name\" content=\"Fundaci\u00f3n Caja Rural del Sur\" \/>\n<meta property=\"article:published_time\" content=\"2019-10-01T06:31:34+00:00\" \/>\n<meta property=\"article:modified_time\" content=\"2019-10-01T09:24:43+00:00\" \/>\n<meta property=\"og:image\" content=\"https:\/\/fundacioncajaruraldelsur.com\/wp-content\/uploads\/2019\/10\/IMG_7812.jpg\" \/>\n\t<meta property=\"og:image:width\" content=\"936\" \/>\n\t<meta property=\"og:image:height\" content=\"702\" \/>\n\t<meta property=\"og:image:type\" content=\"image\/jpeg\" \/>\n<meta name=\"author\" content=\"Comunicaci\u00f3n\" \/>\n<meta name=\"twitter:card\" content=\"summary_large_image\" \/>\n<meta name=\"twitter:label1\" content=\"Written by\" \/>\n\t<meta name=\"twitter:data1\" content=\"Comunicaci\u00f3n\" \/>\n\t<meta name=\"twitter:label2\" content=\"Est. reading time\" \/>\n\t<meta name=\"twitter:data2\" content=\"1 minute\" \/>\n<script type=\"application\/ld+json\" class=\"yoast-schema-graph\">{\"@context\":\"https:\\\/\\\/schema.org\",\"@graph\":[{\"@type\":\"Article\",\"@id\":\"https:\\\/\\\/fundacioncajaruraldelsur.com\\\/caleidoscopio-exposicion-de-pinturas-de-ana-feu-en-sevilla\\\/#article\",\"isPartOf\":{\"@id\":\"https:\\\/\\\/fundacioncajaruraldelsur.com\\\/caleidoscopio-exposicion-de-pinturas-de-ana-feu-en-sevilla\\\/\"},\"author\":{\"name\":\"Comunicaci\u00f3n\",\"@id\":\"https:\\\/\\\/fundacioncajaruraldelsur.com\\\/#\\\/schema\\\/person\\\/f430da9fb783d505ff061ad8b3d44577\"},\"headline\":\"\u201cCaleidoscopio\u201d exposici\u00f3n de pinturas de Ana Feu en Sevilla\",\"datePublished\":\"2019-10-01T06:31:34+00:00\",\"dateModified\":\"2019-10-01T09:24:43+00:00\",\"mainEntityOfPage\":{\"@id\":\"https:\\\/\\\/fundacioncajaruraldelsur.com\\\/caleidoscopio-exposicion-de-pinturas-de-ana-feu-en-sevilla\\\/\"},\"wordCount\":212,\"image\":{\"@id\":\"https:\\\/\\\/fundacioncajaruraldelsur.com\\\/caleidoscopio-exposicion-de-pinturas-de-ana-feu-en-sevilla\\\/#primaryimage\"},\"thumbnailUrl\":\"https:\\\/\\\/fundacioncajaruraldelsur.com\\\/wp-content\\\/uploads\\\/2019\\\/10\\\/IMG_7812.jpg\",\"articleSection\":[\"Exposiciones\"],\"inLanguage\":\"pt-PT\"},{\"@type\":\"WebPage\",\"@id\":\"https:\\\/\\\/fundacioncajaruraldelsur.com\\\/caleidoscopio-exposicion-de-pinturas-de-ana-feu-en-sevilla\\\/\",\"url\":\"https:\\\/\\\/fundacioncajaruraldelsur.com\\\/caleidoscopio-exposicion-de-pinturas-de-ana-feu-en-sevilla\\\/\",\"name\":\"\u201cCaleidoscopio\u201d exposici\u00f3n de pinturas de Ana Feu en Sevilla - Fundaci\u00f3n Caja Rural del Sur\",\"isPartOf\":{\"@id\":\"https:\\\/\\\/fundacioncajaruraldelsur.com\\\/#website\"},\"primaryImageOfPage\":{\"@id\":\"https:\\\/\\\/fundacioncajaruraldelsur.com\\\/caleidoscopio-exposicion-de-pinturas-de-ana-feu-en-sevilla\\\/#primaryimage\"},\"image\":{\"@id\":\"https:\\\/\\\/fundacioncajaruraldelsur.com\\\/caleidoscopio-exposicion-de-pinturas-de-ana-feu-en-sevilla\\\/#primaryimage\"},\"thumbnailUrl\":\"https:\\\/\\\/fundacioncajaruraldelsur.com\\\/wp-content\\\/uploads\\\/2019\\\/10\\\/IMG_7812.jpg\",\"datePublished\":\"2019-10-01T06:31:34+00:00\",\"dateModified\":\"2019-10-01T09:24:43+00:00\",\"author\":{\"@id\":\"https:\\\/\\\/fundacioncajaruraldelsur.com\\\/#\\\/schema\\\/person\\\/f430da9fb783d505ff061ad8b3d44577\"},\"breadcrumb\":{\"@id\":\"https:\\\/\\\/fundacioncajaruraldelsur.com\\\/caleidoscopio-exposicion-de-pinturas-de-ana-feu-en-sevilla\\\/#breadcrumb\"},\"inLanguage\":\"pt-PT\",\"potentialAction\":[{\"@type\":\"ReadAction\",\"target\":[\"https:\\\/\\\/fundacioncajaruraldelsur.com\\\/caleidoscopio-exposicion-de-pinturas-de-ana-feu-en-sevilla\\\/\"]}]},{\"@type\":\"ImageObject\",\"inLanguage\":\"pt-PT\",\"@id\":\"https:\\\/\\\/fundacioncajaruraldelsur.com\\\/caleidoscopio-exposicion-de-pinturas-de-ana-feu-en-sevilla\\\/#primaryimage\",\"url\":\"https:\\\/\\\/fundacioncajaruraldelsur.com\\\/wp-content\\\/uploads\\\/2019\\\/10\\\/IMG_7812.jpg\",\"contentUrl\":\"https:\\\/\\\/fundacioncajaruraldelsur.com\\\/wp-content\\\/uploads\\\/2019\\\/10\\\/IMG_7812.jpg\",\"width\":936,\"height\":702},{\"@type\":\"BreadcrumbList\",\"@id\":\"https:\\\/\\\/fundacioncajaruraldelsur.com\\\/caleidoscopio-exposicion-de-pinturas-de-ana-feu-en-sevilla\\\/#breadcrumb\",\"itemListElement\":[{\"@type\":\"ListItem\",\"position\":1,\"name\":\"Portada\",\"item\":\"https:\\\/\\\/fundacioncajaruraldelsur.com\\\/\"},{\"@type\":\"ListItem\",\"position\":2,\"name\":\"\u201cCaleidoscopio\u201d exposici\u00f3n de pinturas de Ana Feu en Sevilla\"}]},{\"@type\":\"WebSite\",\"@id\":\"https:\\\/\\\/fundacioncajaruraldelsur.com\\\/#website\",\"url\":\"https:\\\/\\\/fundacioncajaruraldelsur.com\\\/\",\"name\":\"Fundaci\u00f3n Caja Rural del Sur\",\"description\":\"\",\"potentialAction\":[{\"@type\":\"SearchAction\",\"target\":{\"@type\":\"EntryPoint\",\"urlTemplate\":\"https:\\\/\\\/fundacioncajaruraldelsur.com\\\/?s={search_term_string}\"},\"query-input\":{\"@type\":\"PropertyValueSpecification\",\"valueRequired\":true,\"valueName\":\"search_term_string\"}}],\"inLanguage\":\"pt-PT\"},{\"@type\":\"Person\",\"@id\":\"https:\\\/\\\/fundacioncajaruraldelsur.com\\\/#\\\/schema\\\/person\\\/f430da9fb783d505ff061ad8b3d44577\",\"name\":\"Comunicaci\u00f3n\",\"image\":{\"@type\":\"ImageObject\",\"inLanguage\":\"pt-PT\",\"@id\":\"https:\\\/\\\/secure.gravatar.com\\\/avatar\\\/0dca239875993680bac4603ad2de7942da018f52cc3a244578e0b3b09314a8d8?s=96&d=blank&r=g\",\"url\":\"https:\\\/\\\/secure.gravatar.com\\\/avatar\\\/0dca239875993680bac4603ad2de7942da018f52cc3a244578e0b3b09314a8d8?s=96&d=blank&r=g\",\"contentUrl\":\"https:\\\/\\\/secure.gravatar.com\\\/avatar\\\/0dca239875993680bac4603ad2de7942da018f52cc3a244578e0b3b09314a8d8?s=96&d=blank&r=g\",\"caption\":\"Comunicaci\u00f3n\"}}]}<\/script>\n<!-- \/ Yoast SEO plugin. -->","yoast_head_json":{"title":"\u201cCaleidoscopio\u201d exposici\u00f3n de pinturas de Ana Feu en Sevilla - Fundaci\u00f3n Caja Rural del Sur","robots":{"index":"index","follow":"follow","max-snippet":"max-snippet:-1","max-image-preview":"max-image-preview:large","max-video-preview":"max-video-preview:-1"},"canonical":"https:\/\/fundacioncajaruraldelsur.com\/pt\/caleidoscopio-exposicion-de-pinturas-de-ana-feu-en-sevilla\/","og_locale":"pt_PT","og_type":"article","og_title":"\u201cCaleidoscopio\u201d exposici\u00f3n de pinturas de Ana Feu en Sevilla - Fundaci\u00f3n Caja Rural del Sur","og_description":"Inaugurada la exposici\u00f3n de obras de la pintora onubense Ana Feu titulada \u201cCaleidoscopio\u201d que permanecer\u00e1 abierta hasta el pr\u00f3ximo 17 de octubre en la sala de exposiciones de la Fundaci\u00f3n [&hellip;]","og_url":"https:\/\/fundacioncajaruraldelsur.com\/pt\/caleidoscopio-exposicion-de-pinturas-de-ana-feu-en-sevilla\/","og_site_name":"Fundaci\u00f3n Caja Rural del Sur","article_published_time":"2019-10-01T06:31:34+00:00","article_modified_time":"2019-10-01T09:24:43+00:00","og_image":[{"width":936,"height":702,"url":"https:\/\/fundacioncajaruraldelsur.com\/wp-content\/uploads\/2019\/10\/IMG_7812.jpg","type":"image\/jpeg"}],"author":"Comunicaci\u00f3n","twitter_card":"summary_large_image","twitter_misc":{"Written by":"Comunicaci\u00f3n","Est. reading time":"1 minute"},"schema":{"@context":"https:\/\/schema.org","@graph":[{"@type":"Article","@id":"https:\/\/fundacioncajaruraldelsur.com\/caleidoscopio-exposicion-de-pinturas-de-ana-feu-en-sevilla\/#article","isPartOf":{"@id":"https:\/\/fundacioncajaruraldelsur.com\/caleidoscopio-exposicion-de-pinturas-de-ana-feu-en-sevilla\/"},"author":{"name":"Comunicaci\u00f3n","@id":"https:\/\/fundacioncajaruraldelsur.com\/#\/schema\/person\/f430da9fb783d505ff061ad8b3d44577"},"headline":"\u201cCaleidoscopio\u201d exposici\u00f3n de pinturas de Ana Feu en Sevilla","datePublished":"2019-10-01T06:31:34+00:00","dateModified":"2019-10-01T09:24:43+00:00","mainEntityOfPage":{"@id":"https:\/\/fundacioncajaruraldelsur.com\/caleidoscopio-exposicion-de-pinturas-de-ana-feu-en-sevilla\/"},"wordCount":212,"image":{"@id":"https:\/\/fundacioncajaruraldelsur.com\/caleidoscopio-exposicion-de-pinturas-de-ana-feu-en-sevilla\/#primaryimage"},"thumbnailUrl":"https:\/\/fundacioncajaruraldelsur.com\/wp-content\/uploads\/2019\/10\/IMG_7812.jpg","articleSection":["Exposiciones"],"inLanguage":"pt-PT"},{"@type":"WebPage","@id":"https:\/\/fundacioncajaruraldelsur.com\/caleidoscopio-exposicion-de-pinturas-de-ana-feu-en-sevilla\/","url":"https:\/\/fundacioncajaruraldelsur.com\/caleidoscopio-exposicion-de-pinturas-de-ana-feu-en-sevilla\/","name":"\u201cCaleidoscopio\u201d exposici\u00f3n de pinturas de Ana Feu en Sevilla - Fundaci\u00f3n Caja Rural del Sur","isPartOf":{"@id":"https:\/\/fundacioncajaruraldelsur.com\/#website"},"primaryImageOfPage":{"@id":"https:\/\/fundacioncajaruraldelsur.com\/caleidoscopio-exposicion-de-pinturas-de-ana-feu-en-sevilla\/#primaryimage"},"image":{"@id":"https:\/\/fundacioncajaruraldelsur.com\/caleidoscopio-exposicion-de-pinturas-de-ana-feu-en-sevilla\/#primaryimage"},"thumbnailUrl":"https:\/\/fundacioncajaruraldelsur.com\/wp-content\/uploads\/2019\/10\/IMG_7812.jpg","datePublished":"2019-10-01T06:31:34+00:00","dateModified":"2019-10-01T09:24:43+00:00","author":{"@id":"https:\/\/fundacioncajaruraldelsur.com\/#\/schema\/person\/f430da9fb783d505ff061ad8b3d44577"},"breadcrumb":{"@id":"https:\/\/fundacioncajaruraldelsur.com\/caleidoscopio-exposicion-de-pinturas-de-ana-feu-en-sevilla\/#breadcrumb"},"inLanguage":"pt-PT","potentialAction":[{"@type":"ReadAction","target":["https:\/\/fundacioncajaruraldelsur.com\/caleidoscopio-exposicion-de-pinturas-de-ana-feu-en-sevilla\/"]}]},{"@type":"ImageObject","inLanguage":"pt-PT","@id":"https:\/\/fundacioncajaruraldelsur.com\/caleidoscopio-exposicion-de-pinturas-de-ana-feu-en-sevilla\/#primaryimage","url":"https:\/\/fundacioncajaruraldelsur.com\/wp-content\/uploads\/2019\/10\/IMG_7812.jpg","contentUrl":"https:\/\/fundacioncajaruraldelsur.com\/wp-content\/uploads\/2019\/10\/IMG_7812.jpg","width":936,"height":702},{"@type":"BreadcrumbList","@id":"https:\/\/fundacioncajaruraldelsur.com\/caleidoscopio-exposicion-de-pinturas-de-ana-feu-en-sevilla\/#breadcrumb","itemListElement":[{"@type":"ListItem","position":1,"name":"Portada","item":"https:\/\/fundacioncajaruraldelsur.com\/"},{"@type":"ListItem","position":2,"name":"\u201cCaleidoscopio\u201d exposici\u00f3n de pinturas de Ana Feu en Sevilla"}]},{"@type":"WebSite","@id":"https:\/\/fundacioncajaruraldelsur.com\/#website","url":"https:\/\/fundacioncajaruraldelsur.com\/","name":"Funda\u00e7\u00e3o Caja Rural del Sur","description":"","potentialAction":[{"@type":"SearchAction","target":{"@type":"EntryPoint","urlTemplate":"https:\/\/fundacioncajaruraldelsur.com\/?s={search_term_string}"},"query-input":{"@type":"PropertyValueSpecification","valueRequired":true,"valueName":"search_term_string"}}],"inLanguage":"pt-PT"},{"@type":"Person","@id":"https:\/\/fundacioncajaruraldelsur.com\/#\/schema\/person\/f430da9fb783d505ff061ad8b3d44577","name":"Comunicaci\u00f3n","image":{"@type":"ImageObject","inLanguage":"pt-PT","@id":"https:\/\/secure.gravatar.com\/avatar\/0dca239875993680bac4603ad2de7942da018f52cc3a244578e0b3b09314a8d8?s=96&d=blank&r=g","url":"https:\/\/secure.gravatar.com\/avatar\/0dca239875993680bac4603ad2de7942da018f52cc3a244578e0b3b09314a8d8?s=96&d=blank&r=g","contentUrl":"https:\/\/secure.gravatar.com\/avatar\/0dca239875993680bac4603ad2de7942da018f52cc3a244578e0b3b09314a8d8?s=96&d=blank&r=g","caption":"Comunicaci\u00f3n"}}]}},"rttpg_featured_image_url":{"full":["https:\/\/fundacioncajaruraldelsur.com\/wp-content\/uploads\/2019\/10\/IMG_7812.jpg",936,702,false],"landscape":["https:\/\/fundacioncajaruraldelsur.com\/wp-content\/uploads\/2019\/10\/IMG_7812.jpg",936,702,false],"portraits":["https:\/\/fundacioncajaruraldelsur.com\/wp-content\/uploads\/2019\/10\/IMG_7812.jpg",936,702,false],"thumbnail":["https:\/\/fundacioncajaruraldelsur.com\/wp-content\/uploads\/2019\/10\/IMG_7812-150x150.jpg",150,150,true],"medium":["https:\/\/fundacioncajaruraldelsur.com\/wp-content\/uploads\/2019\/10\/IMG_7812-300x225.jpg",300,225,true],"large":["https:\/\/fundacioncajaruraldelsur.com\/wp-content\/uploads\/2019\/10\/IMG_7812.jpg",936,702,false],"1536x1536":["https:\/\/fundacioncajaruraldelsur.com\/wp-content\/uploads\/2019\/10\/IMG_7812.jpg",936,702,false],"2048x2048":["https:\/\/fundacioncajaruraldelsur.com\/wp-content\/uploads\/2019\/10\/IMG_7812.jpg",936,702,false],"trp-custom-language-flag":["https:\/\/fundacioncajaruraldelsur.com\/wp-content\/uploads\/2019\/10\/IMG_7812.jpg",16,12,false],"blog-thumbnail":["https:\/\/fundacioncajaruraldelsur.com\/wp-content\/uploads\/2019\/10\/IMG_7812-400x200.jpg",400,200,true]},"rttpg_author":{"display_name":"Comunicaci\u00f3n","author_link":"https:\/\/fundacioncajaruraldelsur.com\/pt\/author\/sevillaadmin\/"},"rttpg_comment":0,"rttpg_category":"<a href=\"https:\/\/fundacioncajaruraldelsur.com\/pt\/category\/exposiciones\/\" rel=\"category tag\">Exposiciones<\/a>","rttpg_excerpt":"Inaugurada la exposici\u00f3n de obras de la pintora onubense Ana Feu titulada \u201cCaleidoscopio\u201d que permanecer\u00e1 abierta hasta el pr\u00f3ximo 17 de octubre en la sala de exposiciones de la Fundaci\u00f3n [&hellip;]","_links":{"self":[{"href":"https:\/\/fundacioncajaruraldelsur.com\/pt\/wp-json\/wp\/v2\/posts\/5116","targetHints":{"allow":["GET"]}}],"collection":[{"href":"https:\/\/fundacioncajaruraldelsur.com\/pt\/wp-json\/wp\/v2\/posts"}],"about":[{"href":"https:\/\/fundacioncajaruraldelsur.com\/pt\/wp-json\/wp\/v2\/types\/post"}],"author":[{"embeddable":true,"href":"https:\/\/fundacioncajaruraldelsur.com\/pt\/wp-json\/wp\/v2\/users\/6"}],"replies":[{"embeddable":true,"href":"https:\/\/fundacioncajaruraldelsur.com\/pt\/wp-json\/wp\/v2\/comments?post=5116"}],"version-history":[{"count":3,"href":"https:\/\/fundacioncajaruraldelsur.com\/pt\/wp-json\/wp\/v2\/posts\/5116\/revisions"}],"predecessor-version":[{"id":5129,"href":"https:\/\/fundacioncajaruraldelsur.com\/pt\/wp-json\/wp\/v2\/posts\/5116\/revisions\/5129"}],"wp:featuredmedia":[{"embeddable":true,"href":"https:\/\/fundacioncajaruraldelsur.com\/pt\/wp-json\/wp\/v2\/media\/5119"}],"wp:attachment":[{"href":"https:\/\/fundacioncajaruraldelsur.com\/pt\/wp-json\/wp\/v2\/media?parent=5116"}],"wp:term":[{"taxonomy":"category","embeddable":true,"href":"https:\/\/fundacioncajaruraldelsur.com\/pt\/wp-json\/wp\/v2\/categories?post=5116"},{"taxonomy":"post_tag","embeddable":true,"href":"https:\/\/fundacioncajaruraldelsur.com\/pt\/wp-json\/wp\/v2\/tags?post=5116"}],"curies":[{"name":"wp","href":"https:\/\/api.w.org\/{rel}","templated":true}]}}