{"id":5103,"date":"2019-09-26T14:37:55","date_gmt":"2019-09-26T12:37:55","guid":{"rendered":"\/?p=5103"},"modified":"2019-09-26T14:37:55","modified_gmt":"2019-09-26T12:37:55","slug":"lleno-hasta-la-bandera-el-iv-concierto-taurino-de-san-miguel","status":"publish","type":"post","link":"https:\/\/fundacioncajaruraldelsur.com\/pt\/lleno-hasta-la-bandera-el-iv-concierto-taurino-de-san-miguel\/","title":{"rendered":"Lleno \u00abhasta la bandera\u00bb el IV Concierto Taurino de San Miguel"},"content":{"rendered":"<p>El Centro Cultural Jos\u00e9 Luis Garc\u00eda Palacios, auditorio de la Fundaci\u00f3n Caja Rural del Sur en Sevilla ha acogido, con un lleno absoluto de p\u00fablico,\u00a0 <strong><u>el IV Concierto Taurino de San Miguel<\/u><\/strong> que este a\u00f1o de nuevo ha sido interpretado por la Banda Sinf\u00f3nica Municipal de Sevilla dirigida por Francisco Javier Guti\u00e9rrez.<\/p>\n<p>Esta IV Edici\u00f3n del Concierto Taurino de San Miguel se va a desarrollar bajo el t\u00edtulo de \u201cManuel Jim\u00e9nez \u201cChicuelo: 100 a\u00f1os de alternativa\u201d en la que el libretista interpret\u00f3 el papel del torero en la piel del torero, contando en primera persona, las diferentes etapas de su vida taurina y familiar.<\/p>\n<p>Bajo la direcci\u00f3n de Francisco Javier Guti\u00e9rrez Juan, la Banda Sinf\u00f3nica Municipal de Sevilla estren\u00f3 con rango mundial, el pasodoble \u201cLorenc\u00edn Lend\u00ednez\u201d, del maestro jiennense Miguel Rueda.<\/p>\n<p>La cantante sevillana y el cantor l\u00edrico, Ana del Rio y Luciano Miotto interpretaron varias composiciones en el concierto con el colof\u00f3n del pasodoble \u201cManuel Jim\u00e9nez \u201cChicuelo\u201d: 100 a\u00f1os de Alternativa\u201d.<\/p>\n<p>Entre otras, la Banda Sinf\u00f3nica puso en escena los pasodobles instrumentales \u201cLorenc\u00edn Lendinez\u201d, \u201cGallito\u201d y \u201cChicuelo\u201d. La voz dulce, desgarrada y profunda de Ana del R\u00edo, nos har\u00e1 so\u00f1ar con la canci\u00f3n espa\u00f1ola: \u201cLa Morena de mi copla\u201d, \u201cTengo miedo\u201dy \u201cQuien dijo pena\u201d, que dar\u00e1n paso al homenaje que la artista ofrecer\u00e1 al maestro Francisco Alonso, en el centenario del estreno, en el madrile\u00f1o Teatro Martin, de su zarzuela \u201cLas Corsarias\u201d, interpretando \u201cLa Bandera\u201dinstrumentada para la Sinf\u00f3nica de Sevilla, por el maestro Antonio Dom\u00ednguez.<\/p>\n<p style=\"text-align: center;\"><a href=\"\/wp-content\/uploads\/2019\/09\/IMG_7681.jpg\" rel=\"lightbox-0\"><img loading=\"lazy\" decoding=\"async\" class=\"alignnone size-medium wp-image-5107\" src=\"\/wp-content\/uploads\/2019\/09\/IMG_7681-300x225.jpg\" alt=\"\" width=\"300\" height=\"225\" srcset=\"https:\/\/fundacioncajaruraldelsur.com\/wp-content\/uploads\/2019\/09\/IMG_7681-300x225.jpg 300w, https:\/\/fundacioncajaruraldelsur.com\/wp-content\/uploads\/2019\/09\/IMG_7681-768x576.jpg 768w, https:\/\/fundacioncajaruraldelsur.com\/wp-content\/uploads\/2019\/09\/IMG_7681.jpg 936w\" sizes=\"auto, (max-width: 300px) 100vw, 300px\" \/><\/a> <a href=\"\/wp-content\/uploads\/2019\/09\/IMG_7677.jpg\" rel=\"lightbox-1\"><img loading=\"lazy\" decoding=\"async\" class=\"alignnone size-medium wp-image-5106\" src=\"\/wp-content\/uploads\/2019\/09\/IMG_7677-300x225.jpg\" alt=\"\" width=\"300\" height=\"225\" srcset=\"https:\/\/fundacioncajaruraldelsur.com\/wp-content\/uploads\/2019\/09\/IMG_7677-300x225.jpg 300w, https:\/\/fundacioncajaruraldelsur.com\/wp-content\/uploads\/2019\/09\/IMG_7677-768x576.jpg 768w, https:\/\/fundacioncajaruraldelsur.com\/wp-content\/uploads\/2019\/09\/IMG_7677.jpg 871w\" sizes=\"auto, (max-width: 300px) 100vw, 300px\" \/><\/a> <a href=\"\/wp-content\/uploads\/2019\/09\/IMG_7674.jpg\" rel=\"lightbox-2\"><img loading=\"lazy\" decoding=\"async\" class=\"alignnone size-medium wp-image-5105\" src=\"\/wp-content\/uploads\/2019\/09\/IMG_7674-300x225.jpg\" alt=\"\" width=\"300\" height=\"225\" srcset=\"https:\/\/fundacioncajaruraldelsur.com\/wp-content\/uploads\/2019\/09\/IMG_7674-300x225.jpg 300w, https:\/\/fundacioncajaruraldelsur.com\/wp-content\/uploads\/2019\/09\/IMG_7674-768x576.jpg 768w, https:\/\/fundacioncajaruraldelsur.com\/wp-content\/uploads\/2019\/09\/IMG_7674.jpg 871w\" sizes=\"auto, (max-width: 300px) 100vw, 300px\" \/><\/a> <a href=\"\/wp-content\/uploads\/2019\/09\/IMG_7665.jpg\" rel=\"lightbox-3\"><img loading=\"lazy\" decoding=\"async\" class=\"alignnone size-medium wp-image-5104\" src=\"\/wp-content\/uploads\/2019\/09\/IMG_7665-300x225.jpg\" alt=\"\" width=\"300\" height=\"225\" srcset=\"https:\/\/fundacioncajaruraldelsur.com\/wp-content\/uploads\/2019\/09\/IMG_7665-300x225.jpg 300w, https:\/\/fundacioncajaruraldelsur.com\/wp-content\/uploads\/2019\/09\/IMG_7665-768x576.jpg 768w, https:\/\/fundacioncajaruraldelsur.com\/wp-content\/uploads\/2019\/09\/IMG_7665.jpg 871w\" sizes=\"auto, (max-width: 300px) 100vw, 300px\" \/><\/a><\/p>","protected":false},"excerpt":{"rendered":"<p>El Centro Cultural Jos\u00e9 Luis Garc\u00eda Palacios, auditorio de la Fundaci\u00f3n Caja Rural del Sur en Sevilla ha acogido, con un lleno absoluto de p\u00fablico,\u00a0 el IV Concierto Taurino de [&hellip;]<\/p>\n","protected":false},"author":6,"featured_media":5104,"comment_status":"closed","ping_status":"closed","sticky":false,"template":"","format":"standard","meta":{"footnotes":""},"categories":[75],"tags":[],"class_list":["post-5103","post","type-post","status-publish","format-standard","has-post-thumbnail","hentry","category-concierto"],"yoast_head":"<!-- This site is optimized with the Yoast SEO plugin v27.3 - https:\/\/yoast.com\/product\/yoast-seo-wordpress\/ -->\n<title>Lleno &quot;hasta la bandera&quot; el IV Concierto Taurino de San Miguel - Fundaci\u00f3n Caja Rural del Sur<\/title>\n<meta name=\"robots\" content=\"index, follow, max-snippet:-1, max-image-preview:large, max-video-preview:-1\" \/>\n<link rel=\"canonical\" href=\"https:\/\/fundacioncajaruraldelsur.com\/pt\/lleno-hasta-la-bandera-el-iv-concierto-taurino-de-san-miguel\/\" \/>\n<meta property=\"og:locale\" content=\"pt_PT\" \/>\n<meta property=\"og:type\" content=\"article\" \/>\n<meta property=\"og:title\" content=\"Lleno &quot;hasta la bandera&quot; el IV Concierto Taurino de San Miguel - Fundaci\u00f3n Caja Rural del Sur\" \/>\n<meta property=\"og:description\" content=\"El Centro Cultural Jos\u00e9 Luis Garc\u00eda Palacios, auditorio de la Fundaci\u00f3n Caja Rural del Sur en Sevilla ha acogido, con un lleno absoluto de p\u00fablico,\u00a0 el IV Concierto Taurino de [&hellip;]\" \/>\n<meta property=\"og:url\" content=\"https:\/\/fundacioncajaruraldelsur.com\/pt\/lleno-hasta-la-bandera-el-iv-concierto-taurino-de-san-miguel\/\" \/>\n<meta property=\"og:site_name\" content=\"Fundaci\u00f3n Caja Rural del Sur\" \/>\n<meta property=\"article:published_time\" content=\"2019-09-26T12:37:55+00:00\" \/>\n<meta property=\"og:image\" content=\"https:\/\/fundacioncajaruraldelsur.com\/wp-content\/uploads\/2019\/09\/IMG_7665.jpg\" \/>\n\t<meta property=\"og:image:width\" content=\"871\" \/>\n\t<meta property=\"og:image:height\" content=\"653\" \/>\n\t<meta property=\"og:image:type\" content=\"image\/jpeg\" \/>\n<meta name=\"author\" content=\"Comunicaci\u00f3n\" \/>\n<meta name=\"twitter:card\" content=\"summary_large_image\" \/>\n<meta name=\"twitter:label1\" content=\"Written by\" \/>\n\t<meta name=\"twitter:data1\" content=\"Comunicaci\u00f3n\" \/>\n\t<meta name=\"twitter:label2\" content=\"Est. reading time\" \/>\n\t<meta name=\"twitter:data2\" content=\"1 minute\" \/>\n<script type=\"application\/ld+json\" class=\"yoast-schema-graph\">{\"@context\":\"https:\\\/\\\/schema.org\",\"@graph\":[{\"@type\":\"Article\",\"@id\":\"https:\\\/\\\/fundacioncajaruraldelsur.com\\\/lleno-hasta-la-bandera-el-iv-concierto-taurino-de-san-miguel\\\/#article\",\"isPartOf\":{\"@id\":\"https:\\\/\\\/fundacioncajaruraldelsur.com\\\/lleno-hasta-la-bandera-el-iv-concierto-taurino-de-san-miguel\\\/\"},\"author\":{\"name\":\"Comunicaci\u00f3n\",\"@id\":\"https:\\\/\\\/fundacioncajaruraldelsur.com\\\/#\\\/schema\\\/person\\\/f430da9fb783d505ff061ad8b3d44577\"},\"headline\":\"Lleno \u00abhasta la bandera\u00bb el IV Concierto Taurino de San Miguel\",\"datePublished\":\"2019-09-26T12:37:55+00:00\",\"mainEntityOfPage\":{\"@id\":\"https:\\\/\\\/fundacioncajaruraldelsur.com\\\/lleno-hasta-la-bandera-el-iv-concierto-taurino-de-san-miguel\\\/\"},\"wordCount\":286,\"image\":{\"@id\":\"https:\\\/\\\/fundacioncajaruraldelsur.com\\\/lleno-hasta-la-bandera-el-iv-concierto-taurino-de-san-miguel\\\/#primaryimage\"},\"thumbnailUrl\":\"https:\\\/\\\/fundacioncajaruraldelsur.com\\\/wp-content\\\/uploads\\\/2019\\\/09\\\/IMG_7665.jpg\",\"articleSection\":[\"Concierto\"],\"inLanguage\":\"pt-PT\"},{\"@type\":\"WebPage\",\"@id\":\"https:\\\/\\\/fundacioncajaruraldelsur.com\\\/lleno-hasta-la-bandera-el-iv-concierto-taurino-de-san-miguel\\\/\",\"url\":\"https:\\\/\\\/fundacioncajaruraldelsur.com\\\/lleno-hasta-la-bandera-el-iv-concierto-taurino-de-san-miguel\\\/\",\"name\":\"Lleno \\\"hasta la bandera\\\" el IV Concierto Taurino de San Miguel - Fundaci\u00f3n Caja Rural del Sur\",\"isPartOf\":{\"@id\":\"https:\\\/\\\/fundacioncajaruraldelsur.com\\\/#website\"},\"primaryImageOfPage\":{\"@id\":\"https:\\\/\\\/fundacioncajaruraldelsur.com\\\/lleno-hasta-la-bandera-el-iv-concierto-taurino-de-san-miguel\\\/#primaryimage\"},\"image\":{\"@id\":\"https:\\\/\\\/fundacioncajaruraldelsur.com\\\/lleno-hasta-la-bandera-el-iv-concierto-taurino-de-san-miguel\\\/#primaryimage\"},\"thumbnailUrl\":\"https:\\\/\\\/fundacioncajaruraldelsur.com\\\/wp-content\\\/uploads\\\/2019\\\/09\\\/IMG_7665.jpg\",\"datePublished\":\"2019-09-26T12:37:55+00:00\",\"author\":{\"@id\":\"https:\\\/\\\/fundacioncajaruraldelsur.com\\\/#\\\/schema\\\/person\\\/f430da9fb783d505ff061ad8b3d44577\"},\"breadcrumb\":{\"@id\":\"https:\\\/\\\/fundacioncajaruraldelsur.com\\\/lleno-hasta-la-bandera-el-iv-concierto-taurino-de-san-miguel\\\/#breadcrumb\"},\"inLanguage\":\"pt-PT\",\"potentialAction\":[{\"@type\":\"ReadAction\",\"target\":[\"https:\\\/\\\/fundacioncajaruraldelsur.com\\\/lleno-hasta-la-bandera-el-iv-concierto-taurino-de-san-miguel\\\/\"]}]},{\"@type\":\"ImageObject\",\"inLanguage\":\"pt-PT\",\"@id\":\"https:\\\/\\\/fundacioncajaruraldelsur.com\\\/lleno-hasta-la-bandera-el-iv-concierto-taurino-de-san-miguel\\\/#primaryimage\",\"url\":\"https:\\\/\\\/fundacioncajaruraldelsur.com\\\/wp-content\\\/uploads\\\/2019\\\/09\\\/IMG_7665.jpg\",\"contentUrl\":\"https:\\\/\\\/fundacioncajaruraldelsur.com\\\/wp-content\\\/uploads\\\/2019\\\/09\\\/IMG_7665.jpg\",\"width\":871,\"height\":653},{\"@type\":\"BreadcrumbList\",\"@id\":\"https:\\\/\\\/fundacioncajaruraldelsur.com\\\/lleno-hasta-la-bandera-el-iv-concierto-taurino-de-san-miguel\\\/#breadcrumb\",\"itemListElement\":[{\"@type\":\"ListItem\",\"position\":1,\"name\":\"Portada\",\"item\":\"https:\\\/\\\/fundacioncajaruraldelsur.com\\\/\"},{\"@type\":\"ListItem\",\"position\":2,\"name\":\"Lleno \u00abhasta la bandera\u00bb el IV Concierto Taurino de San Miguel\"}]},{\"@type\":\"WebSite\",\"@id\":\"https:\\\/\\\/fundacioncajaruraldelsur.com\\\/#website\",\"url\":\"https:\\\/\\\/fundacioncajaruraldelsur.com\\\/\",\"name\":\"Fundaci\u00f3n Caja Rural del Sur\",\"description\":\"\",\"potentialAction\":[{\"@type\":\"SearchAction\",\"target\":{\"@type\":\"EntryPoint\",\"urlTemplate\":\"https:\\\/\\\/fundacioncajaruraldelsur.com\\\/?s={search_term_string}\"},\"query-input\":{\"@type\":\"PropertyValueSpecification\",\"valueRequired\":true,\"valueName\":\"search_term_string\"}}],\"inLanguage\":\"pt-PT\"},{\"@type\":\"Person\",\"@id\":\"https:\\\/\\\/fundacioncajaruraldelsur.com\\\/#\\\/schema\\\/person\\\/f430da9fb783d505ff061ad8b3d44577\",\"name\":\"Comunicaci\u00f3n\",\"image\":{\"@type\":\"ImageObject\",\"inLanguage\":\"pt-PT\",\"@id\":\"https:\\\/\\\/secure.gravatar.com\\\/avatar\\\/0dca239875993680bac4603ad2de7942da018f52cc3a244578e0b3b09314a8d8?s=96&d=blank&r=g\",\"url\":\"https:\\\/\\\/secure.gravatar.com\\\/avatar\\\/0dca239875993680bac4603ad2de7942da018f52cc3a244578e0b3b09314a8d8?s=96&d=blank&r=g\",\"contentUrl\":\"https:\\\/\\\/secure.gravatar.com\\\/avatar\\\/0dca239875993680bac4603ad2de7942da018f52cc3a244578e0b3b09314a8d8?s=96&d=blank&r=g\",\"caption\":\"Comunicaci\u00f3n\"}}]}<\/script>\n<!-- \/ Yoast SEO plugin. -->","yoast_head_json":{"title":"Lleno \"hasta la bandera\" el IV Concierto Taurino de San Miguel - Fundaci\u00f3n Caja Rural del Sur","robots":{"index":"index","follow":"follow","max-snippet":"max-snippet:-1","max-image-preview":"max-image-preview:large","max-video-preview":"max-video-preview:-1"},"canonical":"https:\/\/fundacioncajaruraldelsur.com\/pt\/lleno-hasta-la-bandera-el-iv-concierto-taurino-de-san-miguel\/","og_locale":"pt_PT","og_type":"article","og_title":"Lleno \"hasta la bandera\" el IV Concierto Taurino de San Miguel - Fundaci\u00f3n Caja Rural del Sur","og_description":"El Centro Cultural Jos\u00e9 Luis Garc\u00eda Palacios, auditorio de la Fundaci\u00f3n Caja Rural del Sur en Sevilla ha acogido, con un lleno absoluto de p\u00fablico,\u00a0 el IV Concierto Taurino de [&hellip;]","og_url":"https:\/\/fundacioncajaruraldelsur.com\/pt\/lleno-hasta-la-bandera-el-iv-concierto-taurino-de-san-miguel\/","og_site_name":"Fundaci\u00f3n Caja Rural del Sur","article_published_time":"2019-09-26T12:37:55+00:00","og_image":[{"width":871,"height":653,"url":"https:\/\/fundacioncajaruraldelsur.com\/wp-content\/uploads\/2019\/09\/IMG_7665.jpg","type":"image\/jpeg"}],"author":"Comunicaci\u00f3n","twitter_card":"summary_large_image","twitter_misc":{"Written by":"Comunicaci\u00f3n","Est. reading time":"1 minute"},"schema":{"@context":"https:\/\/schema.org","@graph":[{"@type":"Article","@id":"https:\/\/fundacioncajaruraldelsur.com\/lleno-hasta-la-bandera-el-iv-concierto-taurino-de-san-miguel\/#article","isPartOf":{"@id":"https:\/\/fundacioncajaruraldelsur.com\/lleno-hasta-la-bandera-el-iv-concierto-taurino-de-san-miguel\/"},"author":{"name":"Comunicaci\u00f3n","@id":"https:\/\/fundacioncajaruraldelsur.com\/#\/schema\/person\/f430da9fb783d505ff061ad8b3d44577"},"headline":"Lleno \u00abhasta la bandera\u00bb el IV Concierto Taurino de San Miguel","datePublished":"2019-09-26T12:37:55+00:00","mainEntityOfPage":{"@id":"https:\/\/fundacioncajaruraldelsur.com\/lleno-hasta-la-bandera-el-iv-concierto-taurino-de-san-miguel\/"},"wordCount":286,"image":{"@id":"https:\/\/fundacioncajaruraldelsur.com\/lleno-hasta-la-bandera-el-iv-concierto-taurino-de-san-miguel\/#primaryimage"},"thumbnailUrl":"https:\/\/fundacioncajaruraldelsur.com\/wp-content\/uploads\/2019\/09\/IMG_7665.jpg","articleSection":["Concierto"],"inLanguage":"pt-PT"},{"@type":"WebPage","@id":"https:\/\/fundacioncajaruraldelsur.com\/lleno-hasta-la-bandera-el-iv-concierto-taurino-de-san-miguel\/","url":"https:\/\/fundacioncajaruraldelsur.com\/lleno-hasta-la-bandera-el-iv-concierto-taurino-de-san-miguel\/","name":"Lleno \"hasta la bandera\" el IV Concierto Taurino de San Miguel - Fundaci\u00f3n Caja Rural del Sur","isPartOf":{"@id":"https:\/\/fundacioncajaruraldelsur.com\/#website"},"primaryImageOfPage":{"@id":"https:\/\/fundacioncajaruraldelsur.com\/lleno-hasta-la-bandera-el-iv-concierto-taurino-de-san-miguel\/#primaryimage"},"image":{"@id":"https:\/\/fundacioncajaruraldelsur.com\/lleno-hasta-la-bandera-el-iv-concierto-taurino-de-san-miguel\/#primaryimage"},"thumbnailUrl":"https:\/\/fundacioncajaruraldelsur.com\/wp-content\/uploads\/2019\/09\/IMG_7665.jpg","datePublished":"2019-09-26T12:37:55+00:00","author":{"@id":"https:\/\/fundacioncajaruraldelsur.com\/#\/schema\/person\/f430da9fb783d505ff061ad8b3d44577"},"breadcrumb":{"@id":"https:\/\/fundacioncajaruraldelsur.com\/lleno-hasta-la-bandera-el-iv-concierto-taurino-de-san-miguel\/#breadcrumb"},"inLanguage":"pt-PT","potentialAction":[{"@type":"ReadAction","target":["https:\/\/fundacioncajaruraldelsur.com\/lleno-hasta-la-bandera-el-iv-concierto-taurino-de-san-miguel\/"]}]},{"@type":"ImageObject","inLanguage":"pt-PT","@id":"https:\/\/fundacioncajaruraldelsur.com\/lleno-hasta-la-bandera-el-iv-concierto-taurino-de-san-miguel\/#primaryimage","url":"https:\/\/fundacioncajaruraldelsur.com\/wp-content\/uploads\/2019\/09\/IMG_7665.jpg","contentUrl":"https:\/\/fundacioncajaruraldelsur.com\/wp-content\/uploads\/2019\/09\/IMG_7665.jpg","width":871,"height":653},{"@type":"BreadcrumbList","@id":"https:\/\/fundacioncajaruraldelsur.com\/lleno-hasta-la-bandera-el-iv-concierto-taurino-de-san-miguel\/#breadcrumb","itemListElement":[{"@type":"ListItem","position":1,"name":"Portada","item":"https:\/\/fundacioncajaruraldelsur.com\/"},{"@type":"ListItem","position":2,"name":"Lleno \u00abhasta la bandera\u00bb el IV Concierto Taurino de San Miguel"}]},{"@type":"WebSite","@id":"https:\/\/fundacioncajaruraldelsur.com\/#website","url":"https:\/\/fundacioncajaruraldelsur.com\/","name":"Funda\u00e7\u00e3o Caja Rural del Sur","description":"","potentialAction":[{"@type":"SearchAction","target":{"@type":"EntryPoint","urlTemplate":"https:\/\/fundacioncajaruraldelsur.com\/?s={search_term_string}"},"query-input":{"@type":"PropertyValueSpecification","valueRequired":true,"valueName":"search_term_string"}}],"inLanguage":"pt-PT"},{"@type":"Person","@id":"https:\/\/fundacioncajaruraldelsur.com\/#\/schema\/person\/f430da9fb783d505ff061ad8b3d44577","name":"Comunicaci\u00f3n","image":{"@type":"ImageObject","inLanguage":"pt-PT","@id":"https:\/\/secure.gravatar.com\/avatar\/0dca239875993680bac4603ad2de7942da018f52cc3a244578e0b3b09314a8d8?s=96&d=blank&r=g","url":"https:\/\/secure.gravatar.com\/avatar\/0dca239875993680bac4603ad2de7942da018f52cc3a244578e0b3b09314a8d8?s=96&d=blank&r=g","contentUrl":"https:\/\/secure.gravatar.com\/avatar\/0dca239875993680bac4603ad2de7942da018f52cc3a244578e0b3b09314a8d8?s=96&d=blank&r=g","caption":"Comunicaci\u00f3n"}}]}},"rttpg_featured_image_url":{"full":["https:\/\/fundacioncajaruraldelsur.com\/wp-content\/uploads\/2019\/09\/IMG_7665.jpg",871,653,false],"landscape":["https:\/\/fundacioncajaruraldelsur.com\/wp-content\/uploads\/2019\/09\/IMG_7665.jpg",871,653,false],"portraits":["https:\/\/fundacioncajaruraldelsur.com\/wp-content\/uploads\/2019\/09\/IMG_7665.jpg",871,653,false],"thumbnail":["https:\/\/fundacioncajaruraldelsur.com\/wp-content\/uploads\/2019\/09\/IMG_7665-150x150.jpg",150,150,true],"medium":["https:\/\/fundacioncajaruraldelsur.com\/wp-content\/uploads\/2019\/09\/IMG_7665-300x225.jpg",300,225,true],"large":["https:\/\/fundacioncajaruraldelsur.com\/wp-content\/uploads\/2019\/09\/IMG_7665.jpg",871,653,false],"1536x1536":["https:\/\/fundacioncajaruraldelsur.com\/wp-content\/uploads\/2019\/09\/IMG_7665.jpg",871,653,false],"2048x2048":["https:\/\/fundacioncajaruraldelsur.com\/wp-content\/uploads\/2019\/09\/IMG_7665.jpg",871,653,false],"trp-custom-language-flag":["https:\/\/fundacioncajaruraldelsur.com\/wp-content\/uploads\/2019\/09\/IMG_7665.jpg",16,12,false],"blog-thumbnail":["https:\/\/fundacioncajaruraldelsur.com\/wp-content\/uploads\/2019\/09\/IMG_7665-400x200.jpg",400,200,true]},"rttpg_author":{"display_name":"Comunicaci\u00f3n","author_link":"https:\/\/fundacioncajaruraldelsur.com\/pt\/author\/sevillaadmin\/"},"rttpg_comment":0,"rttpg_category":"<a href=\"https:\/\/fundacioncajaruraldelsur.com\/pt\/category\/concierto\/\" rel=\"category tag\">Concierto<\/a>","rttpg_excerpt":"El Centro Cultural Jos\u00e9 Luis Garc\u00eda Palacios, auditorio de la Fundaci\u00f3n Caja Rural del Sur en Sevilla ha acogido, con un lleno absoluto de p\u00fablico,\u00a0 el IV Concierto Taurino de [&hellip;]","_links":{"self":[{"href":"https:\/\/fundacioncajaruraldelsur.com\/pt\/wp-json\/wp\/v2\/posts\/5103","targetHints":{"allow":["GET"]}}],"collection":[{"href":"https:\/\/fundacioncajaruraldelsur.com\/pt\/wp-json\/wp\/v2\/posts"}],"about":[{"href":"https:\/\/fundacioncajaruraldelsur.com\/pt\/wp-json\/wp\/v2\/types\/post"}],"author":[{"embeddable":true,"href":"https:\/\/fundacioncajaruraldelsur.com\/pt\/wp-json\/wp\/v2\/users\/6"}],"replies":[{"embeddable":true,"href":"https:\/\/fundacioncajaruraldelsur.com\/pt\/wp-json\/wp\/v2\/comments?post=5103"}],"version-history":[{"count":1,"href":"https:\/\/fundacioncajaruraldelsur.com\/pt\/wp-json\/wp\/v2\/posts\/5103\/revisions"}],"predecessor-version":[{"id":5108,"href":"https:\/\/fundacioncajaruraldelsur.com\/pt\/wp-json\/wp\/v2\/posts\/5103\/revisions\/5108"}],"wp:featuredmedia":[{"embeddable":true,"href":"https:\/\/fundacioncajaruraldelsur.com\/pt\/wp-json\/wp\/v2\/media\/5104"}],"wp:attachment":[{"href":"https:\/\/fundacioncajaruraldelsur.com\/pt\/wp-json\/wp\/v2\/media?parent=5103"}],"wp:term":[{"taxonomy":"category","embeddable":true,"href":"https:\/\/fundacioncajaruraldelsur.com\/pt\/wp-json\/wp\/v2\/categories?post=5103"},{"taxonomy":"post_tag","embeddable":true,"href":"https:\/\/fundacioncajaruraldelsur.com\/pt\/wp-json\/wp\/v2\/tags?post=5103"}],"curies":[{"name":"wp","href":"https:\/\/api.w.org\/{rel}","templated":true}]}}