{"id":4971,"date":"2019-07-05T08:47:46","date_gmt":"2019-07-05T06:47:46","guid":{"rendered":"\/?p=4971"},"modified":"2019-07-05T08:47:46","modified_gmt":"2019-07-05T06:47:46","slug":"convocatoria-abierta-para-los-ix-premios-ricardo-lopez-crespo-de-la-fundacion-caja-rural-del-sur","status":"publish","type":"post","link":"https:\/\/fundacioncajaruraldelsur.com\/pt\/convocatoria-abierta-para-los-ix-premios-ricardo-lopez-crespo-de-la-fundacion-caja-rural-del-sur\/","title":{"rendered":"Convocatoria abierta para los IX Premios Ricardo L\u00f3pez Crespo de la Fundaci\u00f3n Caja Rural del Sur"},"content":{"rendered":"<p><strong>Se premiar\u00e1n trabajos de investigaci\u00f3n, recuperaci\u00f3n del patrimonio, acci\u00f3n social, iniciativa empresarial y mejor expediente acad\u00e9mico.\u00a0 <\/strong><\/p>\n<p>Los Premios Ricardo L\u00f3pez Crespo de la Fundaci\u00f3n Caja Rural del Sur, se vuelven a convocar en su novena edici\u00f3n, en sus cinco categor\u00edas: <em>Mejor expediente acad\u00e9mico de los alumnos de Grado de la Universidad de C\u00f3rdoba, <\/em><em>Iniciativas Empresariales promovidas por J\u00f3venes Emprendedores, Proyectos de I+D+i en el \u00e1mbito de la Actividad Agroalimentaria, Acci\u00f3n Social Solidaria (Premio Hermano Bonifacio) <\/em>y <em>Recuperaci\u00f3n del Patrimonio Hist\u00f3rico-Art\u00edstico Provincial<\/em>.<\/p>\n<p>La Fundaci\u00f3n Caja Rural del Sur pretende resaltar los trabajos que en los \u00faltimos a\u00f1os han realizado entidades, instituciones, particulares y empresas en C\u00f3rdoba y su provincia en estas cinco \u00e1reas tem\u00e1ticas.<\/p>\n<p>Los galardonados recibir\u00e1n una estatuilla aleg\u00f3rica de la entidad convocante, realiz\u00e1ndose la entrega en el transcurso de un acto p\u00fablico previsto para el mes de enero de 2019, y 4.000 \u20ac por cada categor\u00eda.<\/p>\n<p>El plazo para la recepci\u00f3n de solicitudes estar\u00e1 abierto hasta las 23:59 h. del 8 de noviembre, d\u00e1ndose a conocer el fallo del jurado con anterioridad al 20 de diciembre.<\/p>\n<p>Para una informaci\u00f3n m\u00e1s detallada, se adjuntan bases de las cinco categor\u00edas as\u00ed como los correspondientes formularios de solicitud.<\/p>\n<p><a href=\"\/pt\/convocatoria-abierta-para-los-ix-premios-ricardo-lopez-crespo-de-la-fundacion-caja-rural-del-sur\/2019_907058_ot1960454_emprendedores-op_\/\" rel=\"attachment wp-att-4973\">Iniciativa Empresarial\u00a0<\/a> <a href=\"\/pt\/convocatoria-abierta-para-los-ix-premios-ricardo-lopez-crespo-de-la-fundacion-caja-rural-del-sur\/2019_907058_ot1960454_hermanobonifacio-op_\/\" rel=\"attachment wp-att-4974\">Acci\u00f3n Social\u00a0\u00a0<\/a> <a href=\"\/pt\/convocatoria-abierta-para-los-ix-premios-ricardo-lopez-crespo-de-la-fundacion-caja-rural-del-sur\/2019_907058_ot1960454_ldi-op_\/\" rel=\"attachment wp-att-4975\">Investigaci\u00f3n Agroalimentaria<\/a> \u00a0<a href=\"\/pt\/convocatoria-abierta-para-los-ix-premios-ricardo-lopez-crespo-de-la-fundacion-caja-rural-del-sur\/2019_907058_ot1960454_mejor-op_\/\" rel=\"attachment wp-att-4976\">Mejor Expediente<\/a> \u00a0<a href=\"\/pt\/convocatoria-abierta-para-los-ix-premios-ricardo-lopez-crespo-de-la-fundacion-caja-rural-del-sur\/2019_907058_ot1960454_patrimonio-op_\/\" rel=\"attachment wp-att-4977\">Recuperaci\u00f3n del Patrimonio<\/a><\/p>\n<p><a href=\"\/pt\/convocatoria-abierta-para-los-ix-premios-ricardo-lopez-crespo-de-la-fundacion-caja-rural-del-sur\/fichas-premios-2019\/\" rel=\"attachment wp-att-4978\">Formularios Premios 2019<\/a><\/p>","protected":false},"excerpt":{"rendered":"<p>Se premiar\u00e1n trabajos de investigaci\u00f3n, recuperaci\u00f3n del patrimonio, acci\u00f3n social, iniciativa empresarial y mejor expediente acad\u00e9mico.\u00a0 Los Premios Ricardo L\u00f3pez Crespo de la Fundaci\u00f3n Caja Rural del Sur, se vuelven [&hellip;]<\/p>\n","protected":false},"author":5,"featured_media":4972,"comment_status":"closed","ping_status":"closed","sticky":false,"template":"","format":"standard","meta":{"footnotes":""},"categories":[70,90,89,64],"tags":[],"class_list":["post-4971","post","type-post","status-publish","format-standard","has-post-thumbnail","hentry","category-accion-social","category-iniciativa-empresarial","category-patrimonio-cultural","category-premios"],"yoast_head":"<!-- This site is optimized with the Yoast SEO plugin v27.3 - https:\/\/yoast.com\/product\/yoast-seo-wordpress\/ -->\n<title>Convocatoria abierta para los IX Premios Ricardo L\u00f3pez Crespo de la Fundaci\u00f3n Caja Rural del Sur - Fundaci\u00f3n Caja Rural del Sur<\/title>\n<meta name=\"robots\" content=\"index, follow, max-snippet:-1, max-image-preview:large, max-video-preview:-1\" \/>\n<link rel=\"canonical\" href=\"https:\/\/fundacioncajaruraldelsur.com\/pt\/convocatoria-abierta-para-los-ix-premios-ricardo-lopez-crespo-de-la-fundacion-caja-rural-del-sur\/\" \/>\n<meta property=\"og:locale\" content=\"pt_PT\" \/>\n<meta property=\"og:type\" content=\"article\" \/>\n<meta property=\"og:title\" content=\"Convocatoria abierta para los IX Premios Ricardo L\u00f3pez Crespo de la Fundaci\u00f3n Caja Rural del Sur - Fundaci\u00f3n Caja Rural del Sur\" \/>\n<meta property=\"og:description\" content=\"Se premiar\u00e1n trabajos de investigaci\u00f3n, recuperaci\u00f3n del patrimonio, acci\u00f3n social, iniciativa empresarial y mejor expediente acad\u00e9mico.\u00a0 Los Premios Ricardo L\u00f3pez Crespo de la Fundaci\u00f3n Caja Rural del Sur, se vuelven [&hellip;]\" \/>\n<meta property=\"og:url\" content=\"https:\/\/fundacioncajaruraldelsur.com\/pt\/convocatoria-abierta-para-los-ix-premios-ricardo-lopez-crespo-de-la-fundacion-caja-rural-del-sur\/\" \/>\n<meta property=\"og:site_name\" content=\"Fundaci\u00f3n Caja Rural del Sur\" \/>\n<meta property=\"article:published_time\" content=\"2019-07-05T06:47:46+00:00\" \/>\n<meta property=\"og:image\" content=\"https:\/\/fundacioncajaruraldelsur.com\/wp-content\/uploads\/2019\/07\/Cartel-2019_907058_OT196045-727x1024.jpg\" \/>\n\t<meta property=\"og:image:width\" content=\"727\" \/>\n\t<meta property=\"og:image:height\" content=\"1024\" \/>\n\t<meta property=\"og:image:type\" content=\"image\/jpeg\" \/>\n<meta name=\"author\" content=\"Mar\u00eda Dolores\" \/>\n<meta name=\"twitter:card\" content=\"summary_large_image\" \/>\n<meta name=\"twitter:label1\" content=\"Written by\" \/>\n\t<meta name=\"twitter:data1\" content=\"Mar\u00eda Dolores\" \/>\n\t<meta name=\"twitter:label2\" content=\"Est. reading time\" \/>\n\t<meta name=\"twitter:data2\" content=\"1 minute\" \/>\n<script type=\"application\/ld+json\" class=\"yoast-schema-graph\">{\"@context\":\"https:\\\/\\\/schema.org\",\"@graph\":[{\"@type\":\"Article\",\"@id\":\"https:\\\/\\\/fundacioncajaruraldelsur.com\\\/convocatoria-abierta-para-los-ix-premios-ricardo-lopez-crespo-de-la-fundacion-caja-rural-del-sur\\\/#article\",\"isPartOf\":{\"@id\":\"https:\\\/\\\/fundacioncajaruraldelsur.com\\\/convocatoria-abierta-para-los-ix-premios-ricardo-lopez-crespo-de-la-fundacion-caja-rural-del-sur\\\/\"},\"author\":{\"name\":\"Mar\u00eda Dolores\",\"@id\":\"https:\\\/\\\/fundacioncajaruraldelsur.com\\\/#\\\/schema\\\/person\\\/6ad5dacf8bec33b825a51e99a3d1a014\"},\"headline\":\"Convocatoria abierta para los IX Premios Ricardo L\u00f3pez Crespo de la Fundaci\u00f3n Caja Rural del Sur\",\"datePublished\":\"2019-07-05T06:47:46+00:00\",\"mainEntityOfPage\":{\"@id\":\"https:\\\/\\\/fundacioncajaruraldelsur.com\\\/convocatoria-abierta-para-los-ix-premios-ricardo-lopez-crespo-de-la-fundacion-caja-rural-del-sur\\\/\"},\"wordCount\":256,\"image\":{\"@id\":\"https:\\\/\\\/fundacioncajaruraldelsur.com\\\/convocatoria-abierta-para-los-ix-premios-ricardo-lopez-crespo-de-la-fundacion-caja-rural-del-sur\\\/#primaryimage\"},\"thumbnailUrl\":\"https:\\\/\\\/fundacioncajaruraldelsur.com\\\/wp-content\\\/uploads\\\/2019\\\/07\\\/Cartel-2019_907058_OT196045.jpg\",\"articleSection\":[\"Acci\u00f3n social\",\"Iniciativa empresarial\",\"Patrimonio cultural\",\"Premios\"],\"inLanguage\":\"pt-PT\"},{\"@type\":\"WebPage\",\"@id\":\"https:\\\/\\\/fundacioncajaruraldelsur.com\\\/convocatoria-abierta-para-los-ix-premios-ricardo-lopez-crespo-de-la-fundacion-caja-rural-del-sur\\\/\",\"url\":\"https:\\\/\\\/fundacioncajaruraldelsur.com\\\/convocatoria-abierta-para-los-ix-premios-ricardo-lopez-crespo-de-la-fundacion-caja-rural-del-sur\\\/\",\"name\":\"Convocatoria abierta para los IX Premios Ricardo L\u00f3pez Crespo de la Fundaci\u00f3n Caja Rural del Sur - Fundaci\u00f3n Caja Rural del Sur\",\"isPartOf\":{\"@id\":\"https:\\\/\\\/fundacioncajaruraldelsur.com\\\/#website\"},\"primaryImageOfPage\":{\"@id\":\"https:\\\/\\\/fundacioncajaruraldelsur.com\\\/convocatoria-abierta-para-los-ix-premios-ricardo-lopez-crespo-de-la-fundacion-caja-rural-del-sur\\\/#primaryimage\"},\"image\":{\"@id\":\"https:\\\/\\\/fundacioncajaruraldelsur.com\\\/convocatoria-abierta-para-los-ix-premios-ricardo-lopez-crespo-de-la-fundacion-caja-rural-del-sur\\\/#primaryimage\"},\"thumbnailUrl\":\"https:\\\/\\\/fundacioncajaruraldelsur.com\\\/wp-content\\\/uploads\\\/2019\\\/07\\\/Cartel-2019_907058_OT196045.jpg\",\"datePublished\":\"2019-07-05T06:47:46+00:00\",\"author\":{\"@id\":\"https:\\\/\\\/fundacioncajaruraldelsur.com\\\/#\\\/schema\\\/person\\\/6ad5dacf8bec33b825a51e99a3d1a014\"},\"breadcrumb\":{\"@id\":\"https:\\\/\\\/fundacioncajaruraldelsur.com\\\/convocatoria-abierta-para-los-ix-premios-ricardo-lopez-crespo-de-la-fundacion-caja-rural-del-sur\\\/#breadcrumb\"},\"inLanguage\":\"pt-PT\",\"potentialAction\":[{\"@type\":\"ReadAction\",\"target\":[\"https:\\\/\\\/fundacioncajaruraldelsur.com\\\/convocatoria-abierta-para-los-ix-premios-ricardo-lopez-crespo-de-la-fundacion-caja-rural-del-sur\\\/\"]}]},{\"@type\":\"ImageObject\",\"inLanguage\":\"pt-PT\",\"@id\":\"https:\\\/\\\/fundacioncajaruraldelsur.com\\\/convocatoria-abierta-para-los-ix-premios-ricardo-lopez-crespo-de-la-fundacion-caja-rural-del-sur\\\/#primaryimage\",\"url\":\"https:\\\/\\\/fundacioncajaruraldelsur.com\\\/wp-content\\\/uploads\\\/2019\\\/07\\\/Cartel-2019_907058_OT196045.jpg\",\"contentUrl\":\"https:\\\/\\\/fundacioncajaruraldelsur.com\\\/wp-content\\\/uploads\\\/2019\\\/07\\\/Cartel-2019_907058_OT196045.jpg\",\"width\":2370,\"height\":3339},{\"@type\":\"BreadcrumbList\",\"@id\":\"https:\\\/\\\/fundacioncajaruraldelsur.com\\\/convocatoria-abierta-para-los-ix-premios-ricardo-lopez-crespo-de-la-fundacion-caja-rural-del-sur\\\/#breadcrumb\",\"itemListElement\":[{\"@type\":\"ListItem\",\"position\":1,\"name\":\"Portada\",\"item\":\"https:\\\/\\\/fundacioncajaruraldelsur.com\\\/\"},{\"@type\":\"ListItem\",\"position\":2,\"name\":\"Convocatoria abierta para los IX Premios Ricardo L\u00f3pez Crespo de la Fundaci\u00f3n Caja Rural del Sur\"}]},{\"@type\":\"WebSite\",\"@id\":\"https:\\\/\\\/fundacioncajaruraldelsur.com\\\/#website\",\"url\":\"https:\\\/\\\/fundacioncajaruraldelsur.com\\\/\",\"name\":\"Fundaci\u00f3n Caja Rural del Sur\",\"description\":\"\",\"potentialAction\":[{\"@type\":\"SearchAction\",\"target\":{\"@type\":\"EntryPoint\",\"urlTemplate\":\"https:\\\/\\\/fundacioncajaruraldelsur.com\\\/?s={search_term_string}\"},\"query-input\":{\"@type\":\"PropertyValueSpecification\",\"valueRequired\":true,\"valueName\":\"search_term_string\"}}],\"inLanguage\":\"pt-PT\"},{\"@type\":\"Person\",\"@id\":\"https:\\\/\\\/fundacioncajaruraldelsur.com\\\/#\\\/schema\\\/person\\\/6ad5dacf8bec33b825a51e99a3d1a014\",\"name\":\"Mar\u00eda Dolores\",\"image\":{\"@type\":\"ImageObject\",\"inLanguage\":\"pt-PT\",\"@id\":\"https:\\\/\\\/secure.gravatar.com\\\/avatar\\\/7259779b29b0a956f0a513b286d7dacd332271569db781878b93bde7a21dc0e1?s=96&d=blank&r=g\",\"url\":\"https:\\\/\\\/secure.gravatar.com\\\/avatar\\\/7259779b29b0a956f0a513b286d7dacd332271569db781878b93bde7a21dc0e1?s=96&d=blank&r=g\",\"contentUrl\":\"https:\\\/\\\/secure.gravatar.com\\\/avatar\\\/7259779b29b0a956f0a513b286d7dacd332271569db781878b93bde7a21dc0e1?s=96&d=blank&r=g\",\"caption\":\"Mar\u00eda Dolores\"}}]}<\/script>\n<!-- \/ Yoast SEO plugin. -->","yoast_head_json":{"title":"Convocatoria abierta para los IX Premios Ricardo L\u00f3pez Crespo de la Fundaci\u00f3n Caja Rural del Sur - Fundaci\u00f3n Caja Rural del Sur","robots":{"index":"index","follow":"follow","max-snippet":"max-snippet:-1","max-image-preview":"max-image-preview:large","max-video-preview":"max-video-preview:-1"},"canonical":"https:\/\/fundacioncajaruraldelsur.com\/pt\/convocatoria-abierta-para-los-ix-premios-ricardo-lopez-crespo-de-la-fundacion-caja-rural-del-sur\/","og_locale":"pt_PT","og_type":"article","og_title":"Convocatoria abierta para los IX Premios Ricardo L\u00f3pez Crespo de la Fundaci\u00f3n Caja Rural del Sur - Fundaci\u00f3n Caja Rural del Sur","og_description":"Se premiar\u00e1n trabajos de investigaci\u00f3n, recuperaci\u00f3n del patrimonio, acci\u00f3n social, iniciativa empresarial y mejor expediente acad\u00e9mico.\u00a0 Los Premios Ricardo L\u00f3pez Crespo de la Fundaci\u00f3n Caja Rural del Sur, se vuelven [&hellip;]","og_url":"https:\/\/fundacioncajaruraldelsur.com\/pt\/convocatoria-abierta-para-los-ix-premios-ricardo-lopez-crespo-de-la-fundacion-caja-rural-del-sur\/","og_site_name":"Fundaci\u00f3n Caja Rural del Sur","article_published_time":"2019-07-05T06:47:46+00:00","og_image":[{"width":727,"height":1024,"url":"https:\/\/fundacioncajaruraldelsur.com\/wp-content\/uploads\/2019\/07\/Cartel-2019_907058_OT196045-727x1024.jpg","type":"image\/jpeg"}],"author":"Mar\u00eda Dolores","twitter_card":"summary_large_image","twitter_misc":{"Written by":"Mar\u00eda Dolores","Est. reading time":"1 minute"},"schema":{"@context":"https:\/\/schema.org","@graph":[{"@type":"Article","@id":"https:\/\/fundacioncajaruraldelsur.com\/convocatoria-abierta-para-los-ix-premios-ricardo-lopez-crespo-de-la-fundacion-caja-rural-del-sur\/#article","isPartOf":{"@id":"https:\/\/fundacioncajaruraldelsur.com\/convocatoria-abierta-para-los-ix-premios-ricardo-lopez-crespo-de-la-fundacion-caja-rural-del-sur\/"},"author":{"name":"Mar\u00eda Dolores","@id":"https:\/\/fundacioncajaruraldelsur.com\/#\/schema\/person\/6ad5dacf8bec33b825a51e99a3d1a014"},"headline":"Convocatoria abierta para los IX Premios Ricardo L\u00f3pez Crespo de la Fundaci\u00f3n Caja Rural del Sur","datePublished":"2019-07-05T06:47:46+00:00","mainEntityOfPage":{"@id":"https:\/\/fundacioncajaruraldelsur.com\/convocatoria-abierta-para-los-ix-premios-ricardo-lopez-crespo-de-la-fundacion-caja-rural-del-sur\/"},"wordCount":256,"image":{"@id":"https:\/\/fundacioncajaruraldelsur.com\/convocatoria-abierta-para-los-ix-premios-ricardo-lopez-crespo-de-la-fundacion-caja-rural-del-sur\/#primaryimage"},"thumbnailUrl":"https:\/\/fundacioncajaruraldelsur.com\/wp-content\/uploads\/2019\/07\/Cartel-2019_907058_OT196045.jpg","articleSection":["Acci\u00f3n social","Iniciativa empresarial","Patrimonio cultural","Premios"],"inLanguage":"pt-PT"},{"@type":"WebPage","@id":"https:\/\/fundacioncajaruraldelsur.com\/convocatoria-abierta-para-los-ix-premios-ricardo-lopez-crespo-de-la-fundacion-caja-rural-del-sur\/","url":"https:\/\/fundacioncajaruraldelsur.com\/convocatoria-abierta-para-los-ix-premios-ricardo-lopez-crespo-de-la-fundacion-caja-rural-del-sur\/","name":"Convocatoria abierta para los IX Premios Ricardo L\u00f3pez Crespo de la Fundaci\u00f3n Caja Rural del Sur - Fundaci\u00f3n Caja Rural del Sur","isPartOf":{"@id":"https:\/\/fundacioncajaruraldelsur.com\/#website"},"primaryImageOfPage":{"@id":"https:\/\/fundacioncajaruraldelsur.com\/convocatoria-abierta-para-los-ix-premios-ricardo-lopez-crespo-de-la-fundacion-caja-rural-del-sur\/#primaryimage"},"image":{"@id":"https:\/\/fundacioncajaruraldelsur.com\/convocatoria-abierta-para-los-ix-premios-ricardo-lopez-crespo-de-la-fundacion-caja-rural-del-sur\/#primaryimage"},"thumbnailUrl":"https:\/\/fundacioncajaruraldelsur.com\/wp-content\/uploads\/2019\/07\/Cartel-2019_907058_OT196045.jpg","datePublished":"2019-07-05T06:47:46+00:00","author":{"@id":"https:\/\/fundacioncajaruraldelsur.com\/#\/schema\/person\/6ad5dacf8bec33b825a51e99a3d1a014"},"breadcrumb":{"@id":"https:\/\/fundacioncajaruraldelsur.com\/convocatoria-abierta-para-los-ix-premios-ricardo-lopez-crespo-de-la-fundacion-caja-rural-del-sur\/#breadcrumb"},"inLanguage":"pt-PT","potentialAction":[{"@type":"ReadAction","target":["https:\/\/fundacioncajaruraldelsur.com\/convocatoria-abierta-para-los-ix-premios-ricardo-lopez-crespo-de-la-fundacion-caja-rural-del-sur\/"]}]},{"@type":"ImageObject","inLanguage":"pt-PT","@id":"https:\/\/fundacioncajaruraldelsur.com\/convocatoria-abierta-para-los-ix-premios-ricardo-lopez-crespo-de-la-fundacion-caja-rural-del-sur\/#primaryimage","url":"https:\/\/fundacioncajaruraldelsur.com\/wp-content\/uploads\/2019\/07\/Cartel-2019_907058_OT196045.jpg","contentUrl":"https:\/\/fundacioncajaruraldelsur.com\/wp-content\/uploads\/2019\/07\/Cartel-2019_907058_OT196045.jpg","width":2370,"height":3339},{"@type":"BreadcrumbList","@id":"https:\/\/fundacioncajaruraldelsur.com\/convocatoria-abierta-para-los-ix-premios-ricardo-lopez-crespo-de-la-fundacion-caja-rural-del-sur\/#breadcrumb","itemListElement":[{"@type":"ListItem","position":1,"name":"Portada","item":"https:\/\/fundacioncajaruraldelsur.com\/"},{"@type":"ListItem","position":2,"name":"Convocatoria abierta para los IX Premios Ricardo L\u00f3pez Crespo de la Fundaci\u00f3n Caja Rural del Sur"}]},{"@type":"WebSite","@id":"https:\/\/fundacioncajaruraldelsur.com\/#website","url":"https:\/\/fundacioncajaruraldelsur.com\/","name":"Funda\u00e7\u00e3o Caja Rural del Sur","description":"","potentialAction":[{"@type":"SearchAction","target":{"@type":"EntryPoint","urlTemplate":"https:\/\/fundacioncajaruraldelsur.com\/?s={search_term_string}"},"query-input":{"@type":"PropertyValueSpecification","valueRequired":true,"valueName":"search_term_string"}}],"inLanguage":"pt-PT"},{"@type":"Person","@id":"https:\/\/fundacioncajaruraldelsur.com\/#\/schema\/person\/6ad5dacf8bec33b825a51e99a3d1a014","name":"Mar\u00eda Dolores","image":{"@type":"ImageObject","inLanguage":"pt-PT","@id":"https:\/\/secure.gravatar.com\/avatar\/7259779b29b0a956f0a513b286d7dacd332271569db781878b93bde7a21dc0e1?s=96&d=blank&r=g","url":"https:\/\/secure.gravatar.com\/avatar\/7259779b29b0a956f0a513b286d7dacd332271569db781878b93bde7a21dc0e1?s=96&d=blank&r=g","contentUrl":"https:\/\/secure.gravatar.com\/avatar\/7259779b29b0a956f0a513b286d7dacd332271569db781878b93bde7a21dc0e1?s=96&d=blank&r=g","caption":"Mar\u00eda Dolores"}}]}},"rttpg_featured_image_url":{"full":["https:\/\/fundacioncajaruraldelsur.com\/wp-content\/uploads\/2019\/07\/Cartel-2019_907058_OT196045.jpg",2370,3339,false],"landscape":["https:\/\/fundacioncajaruraldelsur.com\/wp-content\/uploads\/2019\/07\/Cartel-2019_907058_OT196045.jpg",2370,3339,false],"portraits":["https:\/\/fundacioncajaruraldelsur.com\/wp-content\/uploads\/2019\/07\/Cartel-2019_907058_OT196045.jpg",2370,3339,false],"thumbnail":["https:\/\/fundacioncajaruraldelsur.com\/wp-content\/uploads\/2019\/07\/Cartel-2019_907058_OT196045-150x150.jpg",150,150,true],"medium":["https:\/\/fundacioncajaruraldelsur.com\/wp-content\/uploads\/2019\/07\/Cartel-2019_907058_OT196045-213x300.jpg",213,300,true],"large":["https:\/\/fundacioncajaruraldelsur.com\/wp-content\/uploads\/2019\/07\/Cartel-2019_907058_OT196045-727x1024.jpg",727,1024,true],"1536x1536":["https:\/\/fundacioncajaruraldelsur.com\/wp-content\/uploads\/2019\/07\/Cartel-2019_907058_OT196045.jpg",1090,1536,false],"2048x2048":["https:\/\/fundacioncajaruraldelsur.com\/wp-content\/uploads\/2019\/07\/Cartel-2019_907058_OT196045.jpg",1454,2048,false],"trp-custom-language-flag":["https:\/\/fundacioncajaruraldelsur.com\/wp-content\/uploads\/2019\/07\/Cartel-2019_907058_OT196045.jpg",9,12,false],"blog-thumbnail":["https:\/\/fundacioncajaruraldelsur.com\/wp-content\/uploads\/2019\/07\/Cartel-2019_907058_OT196045-400x200.jpg",400,200,true]},"rttpg_author":{"display_name":"Mar\u00eda Dolores","author_link":"https:\/\/fundacioncajaruraldelsur.com\/pt\/author\/cordobaadmin\/"},"rttpg_comment":0,"rttpg_category":"<a href=\"https:\/\/fundacioncajaruraldelsur.com\/pt\/category\/accion-social\/\" rel=\"category tag\">Acci\u00f3n social<\/a> <a href=\"https:\/\/fundacioncajaruraldelsur.com\/pt\/category\/iniciativa-empresarial\/\" rel=\"category tag\">Iniciativa empresarial<\/a> <a href=\"https:\/\/fundacioncajaruraldelsur.com\/pt\/category\/patrimonio-cultural\/\" rel=\"category tag\">Patrimonio cultural<\/a> <a href=\"https:\/\/fundacioncajaruraldelsur.com\/pt\/category\/premios\/\" rel=\"category tag\">Premios<\/a>","rttpg_excerpt":"Se premiar\u00e1n trabajos de investigaci\u00f3n, recuperaci\u00f3n del patrimonio, acci\u00f3n social, iniciativa empresarial y mejor expediente acad\u00e9mico.\u00a0 Los Premios Ricardo L\u00f3pez Crespo de la Fundaci\u00f3n Caja Rural del Sur, se vuelven [&hellip;]","_links":{"self":[{"href":"https:\/\/fundacioncajaruraldelsur.com\/pt\/wp-json\/wp\/v2\/posts\/4971","targetHints":{"allow":["GET"]}}],"collection":[{"href":"https:\/\/fundacioncajaruraldelsur.com\/pt\/wp-json\/wp\/v2\/posts"}],"about":[{"href":"https:\/\/fundacioncajaruraldelsur.com\/pt\/wp-json\/wp\/v2\/types\/post"}],"author":[{"embeddable":true,"href":"https:\/\/fundacioncajaruraldelsur.com\/pt\/wp-json\/wp\/v2\/users\/5"}],"replies":[{"embeddable":true,"href":"https:\/\/fundacioncajaruraldelsur.com\/pt\/wp-json\/wp\/v2\/comments?post=4971"}],"version-history":[{"count":2,"href":"https:\/\/fundacioncajaruraldelsur.com\/pt\/wp-json\/wp\/v2\/posts\/4971\/revisions"}],"predecessor-version":[{"id":4980,"href":"https:\/\/fundacioncajaruraldelsur.com\/pt\/wp-json\/wp\/v2\/posts\/4971\/revisions\/4980"}],"wp:featuredmedia":[{"embeddable":true,"href":"https:\/\/fundacioncajaruraldelsur.com\/pt\/wp-json\/wp\/v2\/media\/4972"}],"wp:attachment":[{"href":"https:\/\/fundacioncajaruraldelsur.com\/pt\/wp-json\/wp\/v2\/media?parent=4971"}],"wp:term":[{"taxonomy":"category","embeddable":true,"href":"https:\/\/fundacioncajaruraldelsur.com\/pt\/wp-json\/wp\/v2\/categories?post=4971"},{"taxonomy":"post_tag","embeddable":true,"href":"https:\/\/fundacioncajaruraldelsur.com\/pt\/wp-json\/wp\/v2\/tags?post=4971"}],"curies":[{"name":"wp","href":"https:\/\/api.w.org\/{rel}","templated":true}]}}