{"id":4942,"date":"2019-06-26T10:35:44","date_gmt":"2019-06-26T08:35:44","guid":{"rendered":"\/?p=4942"},"modified":"2019-06-26T10:35:44","modified_gmt":"2019-06-26T08:35:44","slug":"asaja-cadiz-y-fundacion-caja-rural-del-sur-potencian-la-formacion-del-sector-agrario-de-la-provincia-gaditana","status":"publish","type":"post","link":"https:\/\/fundacioncajaruraldelsur.com\/pt\/asaja-cadiz-y-fundacion-caja-rural-del-sur-potencian-la-formacion-del-sector-agrario-de-la-provincia-gaditana\/","title":{"rendered":"Asaja C\u00e1diz y Fundaci\u00f3n Caja Rural del Sur potencian la formaci\u00f3n del sector agrario de la provincia gaditana"},"content":{"rendered":"<p>Con el objetivo de contribuir a la modernizaci\u00f3n del sector agrario, la organizaci\u00f3n Asaja-C\u00e1diz y la Fundaci\u00f3n Caja Rural del Sur apuestan por promover y potenciar acciones de formaci\u00f3n dirigidas a los profesionales de este \u00e1mbito de la provincia gaditana.<\/p>\n<p>Los presidentes de la Fundaci\u00f3n Caja Rural del Sur, Jos\u00e9 Luis Garc\u00eda-Palacios \u00c1lvarez, y de Asaja C\u00e1diz, Pedro Gallardo, han ratificado el convenio de colaboraci\u00f3n entre ambas entidades que incluye la realizaci\u00f3n de una jornada t\u00e9cnica sobre el desarrollo de una agricultura m\u00e1s productiva y moderna, adaptada a los nuevos entornos y demandas internacionales.<\/p>\n<p>Adem\u00e1s, la Fundaci\u00f3n Caja Rural del Sur colaborar\u00e1 con Asaja para facilitar al sector agrario de la provincia de C\u00e1diz informaci\u00f3n y el asesoramiento necesario para la gesti\u00f3n de las explotaciones agr\u00edcolas y ganaderas.<\/p>\n<p>De este modo, Fundaci\u00f3n Caja Rural del Sur quiere contribuir a fomentar la agricultura, ganader\u00eda y sector forestal, as\u00ed como la promoci\u00f3n del entorno rural de C\u00e1diz y su provincia.<\/p>\n<p><a href=\"\/wp-content\/uploads\/2019\/06\/190624.-Pte-Asaja-Ca\u0301diz-Pedro-Gallardo-y-Pte-CRSUR-Garci\u0301a-Palacios-2.jpg\" rel=\"lightbox-0\"><img loading=\"lazy\" decoding=\"async\" class=\"alignnone wp-image-4943 size-full\" src=\"\/wp-content\/uploads\/2019\/06\/190624.-Pte-Asaja-Ca\u0301diz-Pedro-Gallardo-y-Pte-CRSUR-Garci\u0301a-Palacios-2.jpg\" alt=\"\" width=\"768\" height=\"576\" srcset=\"https:\/\/fundacioncajaruraldelsur.com\/wp-content\/uploads\/2019\/06\/190624.-Pte-Asaja-Ca\u0301diz-Pedro-Gallardo-y-Pte-CRSUR-Garci\u0301a-Palacios-2.jpg 768w, https:\/\/fundacioncajaruraldelsur.com\/wp-content\/uploads\/2019\/06\/190624.-Pte-Asaja-Ca\u0301diz-Pedro-Gallardo-y-Pte-CRSUR-Garci\u0301a-Palacios-2-300x225.jpg 300w\" sizes=\"auto, (max-width: 768px) 100vw, 768px\" \/><\/a><\/p>","protected":false},"excerpt":{"rendered":"<p>Con el objetivo de contribuir a la modernizaci\u00f3n del sector agrario, la organizaci\u00f3n Asaja-C\u00e1diz y la Fundaci\u00f3n Caja Rural del Sur apuestan por promover y potenciar acciones de formaci\u00f3n dirigidas [&hellip;]<\/p>\n","protected":false},"author":6,"featured_media":4944,"comment_status":"closed","ping_status":"closed","sticky":false,"template":"","format":"standard","meta":{"footnotes":""},"categories":[67],"tags":[],"class_list":["post-4942","post","type-post","status-publish","format-standard","has-post-thumbnail","hentry","category-convenios"],"yoast_head":"<!-- This site is optimized with the Yoast SEO plugin v27.3 - https:\/\/yoast.com\/product\/yoast-seo-wordpress\/ -->\n<title>Asaja C\u00e1diz y Fundaci\u00f3n Caja Rural del Sur potencian la formaci\u00f3n del sector agrario de la provincia gaditana - Fundaci\u00f3n Caja Rural del Sur<\/title>\n<meta name=\"robots\" content=\"index, follow, max-snippet:-1, max-image-preview:large, max-video-preview:-1\" \/>\n<link rel=\"canonical\" href=\"https:\/\/fundacioncajaruraldelsur.com\/pt\/asaja-cadiz-y-fundacion-caja-rural-del-sur-potencian-la-formacion-del-sector-agrario-de-la-provincia-gaditana\/\" \/>\n<meta property=\"og:locale\" content=\"pt_PT\" \/>\n<meta property=\"og:type\" content=\"article\" \/>\n<meta property=\"og:title\" content=\"Asaja C\u00e1diz y Fundaci\u00f3n Caja Rural del Sur potencian la formaci\u00f3n del sector agrario de la provincia gaditana - Fundaci\u00f3n Caja Rural del Sur\" \/>\n<meta property=\"og:description\" content=\"Con el objetivo de contribuir a la modernizaci\u00f3n del sector agrario, la organizaci\u00f3n Asaja-C\u00e1diz y la Fundaci\u00f3n Caja Rural del Sur apuestan por promover y potenciar acciones de formaci\u00f3n dirigidas [&hellip;]\" \/>\n<meta property=\"og:url\" content=\"https:\/\/fundacioncajaruraldelsur.com\/pt\/asaja-cadiz-y-fundacion-caja-rural-del-sur-potencian-la-formacion-del-sector-agrario-de-la-provincia-gaditana\/\" \/>\n<meta property=\"og:site_name\" content=\"Fundaci\u00f3n Caja Rural del Sur\" \/>\n<meta property=\"article:published_time\" content=\"2019-06-26T08:35:44+00:00\" \/>\n<meta property=\"og:image\" content=\"https:\/\/fundacioncajaruraldelsur.com\/wp-content\/uploads\/2019\/06\/190624.-Pte-Asaja-Ca\u0301diz-Pedro-Gallardo-y-Pte-CRSUR-Garci\u0301a-Palacios.jpg\" \/>\n\t<meta property=\"og:image:width\" content=\"833\" \/>\n\t<meta property=\"og:image:height\" content=\"625\" \/>\n\t<meta property=\"og:image:type\" content=\"image\/jpeg\" \/>\n<meta name=\"author\" content=\"Comunicaci\u00f3n\" \/>\n<meta name=\"twitter:card\" content=\"summary_large_image\" \/>\n<meta name=\"twitter:label1\" content=\"Written by\" \/>\n\t<meta name=\"twitter:data1\" content=\"Comunicaci\u00f3n\" \/>\n\t<meta name=\"twitter:label2\" content=\"Est. reading time\" \/>\n\t<meta name=\"twitter:data2\" content=\"1 minute\" \/>\n<script type=\"application\/ld+json\" class=\"yoast-schema-graph\">{\"@context\":\"https:\\\/\\\/schema.org\",\"@graph\":[{\"@type\":\"Article\",\"@id\":\"https:\\\/\\\/fundacioncajaruraldelsur.com\\\/asaja-cadiz-y-fundacion-caja-rural-del-sur-potencian-la-formacion-del-sector-agrario-de-la-provincia-gaditana\\\/#article\",\"isPartOf\":{\"@id\":\"https:\\\/\\\/fundacioncajaruraldelsur.com\\\/asaja-cadiz-y-fundacion-caja-rural-del-sur-potencian-la-formacion-del-sector-agrario-de-la-provincia-gaditana\\\/\"},\"author\":{\"name\":\"Comunicaci\u00f3n\",\"@id\":\"https:\\\/\\\/fundacioncajaruraldelsur.com\\\/#\\\/schema\\\/person\\\/f430da9fb783d505ff061ad8b3d44577\"},\"headline\":\"Asaja C\u00e1diz y Fundaci\u00f3n Caja Rural del Sur potencian la formaci\u00f3n del sector agrario de la provincia gaditana\",\"datePublished\":\"2019-06-26T08:35:44+00:00\",\"mainEntityOfPage\":{\"@id\":\"https:\\\/\\\/fundacioncajaruraldelsur.com\\\/asaja-cadiz-y-fundacion-caja-rural-del-sur-potencian-la-formacion-del-sector-agrario-de-la-provincia-gaditana\\\/\"},\"wordCount\":201,\"image\":{\"@id\":\"https:\\\/\\\/fundacioncajaruraldelsur.com\\\/asaja-cadiz-y-fundacion-caja-rural-del-sur-potencian-la-formacion-del-sector-agrario-de-la-provincia-gaditana\\\/#primaryimage\"},\"thumbnailUrl\":\"https:\\\/\\\/fundacioncajaruraldelsur.com\\\/wp-content\\\/uploads\\\/2019\\\/06\\\/190624.-Pte-Asaja-Ca\u0301diz-Pedro-Gallardo-y-Pte-CRSUR-Garci\u0301a-Palacios.jpg\",\"articleSection\":[\"Convenios\"],\"inLanguage\":\"pt-PT\"},{\"@type\":\"WebPage\",\"@id\":\"https:\\\/\\\/fundacioncajaruraldelsur.com\\\/asaja-cadiz-y-fundacion-caja-rural-del-sur-potencian-la-formacion-del-sector-agrario-de-la-provincia-gaditana\\\/\",\"url\":\"https:\\\/\\\/fundacioncajaruraldelsur.com\\\/asaja-cadiz-y-fundacion-caja-rural-del-sur-potencian-la-formacion-del-sector-agrario-de-la-provincia-gaditana\\\/\",\"name\":\"Asaja C\u00e1diz y Fundaci\u00f3n Caja Rural del Sur potencian la formaci\u00f3n del sector agrario de la provincia gaditana - Fundaci\u00f3n Caja Rural del Sur\",\"isPartOf\":{\"@id\":\"https:\\\/\\\/fundacioncajaruraldelsur.com\\\/#website\"},\"primaryImageOfPage\":{\"@id\":\"https:\\\/\\\/fundacioncajaruraldelsur.com\\\/asaja-cadiz-y-fundacion-caja-rural-del-sur-potencian-la-formacion-del-sector-agrario-de-la-provincia-gaditana\\\/#primaryimage\"},\"image\":{\"@id\":\"https:\\\/\\\/fundacioncajaruraldelsur.com\\\/asaja-cadiz-y-fundacion-caja-rural-del-sur-potencian-la-formacion-del-sector-agrario-de-la-provincia-gaditana\\\/#primaryimage\"},\"thumbnailUrl\":\"https:\\\/\\\/fundacioncajaruraldelsur.com\\\/wp-content\\\/uploads\\\/2019\\\/06\\\/190624.-Pte-Asaja-Ca\u0301diz-Pedro-Gallardo-y-Pte-CRSUR-Garci\u0301a-Palacios.jpg\",\"datePublished\":\"2019-06-26T08:35:44+00:00\",\"author\":{\"@id\":\"https:\\\/\\\/fundacioncajaruraldelsur.com\\\/#\\\/schema\\\/person\\\/f430da9fb783d505ff061ad8b3d44577\"},\"breadcrumb\":{\"@id\":\"https:\\\/\\\/fundacioncajaruraldelsur.com\\\/asaja-cadiz-y-fundacion-caja-rural-del-sur-potencian-la-formacion-del-sector-agrario-de-la-provincia-gaditana\\\/#breadcrumb\"},\"inLanguage\":\"pt-PT\",\"potentialAction\":[{\"@type\":\"ReadAction\",\"target\":[\"https:\\\/\\\/fundacioncajaruraldelsur.com\\\/asaja-cadiz-y-fundacion-caja-rural-del-sur-potencian-la-formacion-del-sector-agrario-de-la-provincia-gaditana\\\/\"]}]},{\"@type\":\"ImageObject\",\"inLanguage\":\"pt-PT\",\"@id\":\"https:\\\/\\\/fundacioncajaruraldelsur.com\\\/asaja-cadiz-y-fundacion-caja-rural-del-sur-potencian-la-formacion-del-sector-agrario-de-la-provincia-gaditana\\\/#primaryimage\",\"url\":\"https:\\\/\\\/fundacioncajaruraldelsur.com\\\/wp-content\\\/uploads\\\/2019\\\/06\\\/190624.-Pte-Asaja-Ca\u0301diz-Pedro-Gallardo-y-Pte-CRSUR-Garci\u0301a-Palacios.jpg\",\"contentUrl\":\"https:\\\/\\\/fundacioncajaruraldelsur.com\\\/wp-content\\\/uploads\\\/2019\\\/06\\\/190624.-Pte-Asaja-Ca\u0301diz-Pedro-Gallardo-y-Pte-CRSUR-Garci\u0301a-Palacios.jpg\",\"width\":833,\"height\":625},{\"@type\":\"BreadcrumbList\",\"@id\":\"https:\\\/\\\/fundacioncajaruraldelsur.com\\\/asaja-cadiz-y-fundacion-caja-rural-del-sur-potencian-la-formacion-del-sector-agrario-de-la-provincia-gaditana\\\/#breadcrumb\",\"itemListElement\":[{\"@type\":\"ListItem\",\"position\":1,\"name\":\"Portada\",\"item\":\"https:\\\/\\\/fundacioncajaruraldelsur.com\\\/\"},{\"@type\":\"ListItem\",\"position\":2,\"name\":\"Asaja C\u00e1diz y Fundaci\u00f3n Caja Rural del Sur potencian la formaci\u00f3n del sector agrario de la provincia gaditana\"}]},{\"@type\":\"WebSite\",\"@id\":\"https:\\\/\\\/fundacioncajaruraldelsur.com\\\/#website\",\"url\":\"https:\\\/\\\/fundacioncajaruraldelsur.com\\\/\",\"name\":\"Fundaci\u00f3n Caja Rural del Sur\",\"description\":\"\",\"potentialAction\":[{\"@type\":\"SearchAction\",\"target\":{\"@type\":\"EntryPoint\",\"urlTemplate\":\"https:\\\/\\\/fundacioncajaruraldelsur.com\\\/?s={search_term_string}\"},\"query-input\":{\"@type\":\"PropertyValueSpecification\",\"valueRequired\":true,\"valueName\":\"search_term_string\"}}],\"inLanguage\":\"pt-PT\"},{\"@type\":\"Person\",\"@id\":\"https:\\\/\\\/fundacioncajaruraldelsur.com\\\/#\\\/schema\\\/person\\\/f430da9fb783d505ff061ad8b3d44577\",\"name\":\"Comunicaci\u00f3n\",\"image\":{\"@type\":\"ImageObject\",\"inLanguage\":\"pt-PT\",\"@id\":\"https:\\\/\\\/secure.gravatar.com\\\/avatar\\\/0dca239875993680bac4603ad2de7942da018f52cc3a244578e0b3b09314a8d8?s=96&d=blank&r=g\",\"url\":\"https:\\\/\\\/secure.gravatar.com\\\/avatar\\\/0dca239875993680bac4603ad2de7942da018f52cc3a244578e0b3b09314a8d8?s=96&d=blank&r=g\",\"contentUrl\":\"https:\\\/\\\/secure.gravatar.com\\\/avatar\\\/0dca239875993680bac4603ad2de7942da018f52cc3a244578e0b3b09314a8d8?s=96&d=blank&r=g\",\"caption\":\"Comunicaci\u00f3n\"}}]}<\/script>\n<!-- \/ Yoast SEO plugin. -->","yoast_head_json":{"title":"Asaja C\u00e1diz y Fundaci\u00f3n Caja Rural del Sur potencian la formaci\u00f3n del sector agrario de la provincia gaditana - Fundaci\u00f3n Caja Rural del Sur","robots":{"index":"index","follow":"follow","max-snippet":"max-snippet:-1","max-image-preview":"max-image-preview:large","max-video-preview":"max-video-preview:-1"},"canonical":"https:\/\/fundacioncajaruraldelsur.com\/pt\/asaja-cadiz-y-fundacion-caja-rural-del-sur-potencian-la-formacion-del-sector-agrario-de-la-provincia-gaditana\/","og_locale":"pt_PT","og_type":"article","og_title":"Asaja C\u00e1diz y Fundaci\u00f3n Caja Rural del Sur potencian la formaci\u00f3n del sector agrario de la provincia gaditana - Fundaci\u00f3n Caja Rural del Sur","og_description":"Con el objetivo de contribuir a la modernizaci\u00f3n del sector agrario, la organizaci\u00f3n Asaja-C\u00e1diz y la Fundaci\u00f3n Caja Rural del Sur apuestan por promover y potenciar acciones de formaci\u00f3n dirigidas [&hellip;]","og_url":"https:\/\/fundacioncajaruraldelsur.com\/pt\/asaja-cadiz-y-fundacion-caja-rural-del-sur-potencian-la-formacion-del-sector-agrario-de-la-provincia-gaditana\/","og_site_name":"Fundaci\u00f3n Caja Rural del Sur","article_published_time":"2019-06-26T08:35:44+00:00","og_image":[{"width":833,"height":625,"url":"https:\/\/fundacioncajaruraldelsur.com\/wp-content\/uploads\/2019\/06\/190624.-Pte-Asaja-Ca\u0301diz-Pedro-Gallardo-y-Pte-CRSUR-Garci\u0301a-Palacios.jpg","type":"image\/jpeg"}],"author":"Comunicaci\u00f3n","twitter_card":"summary_large_image","twitter_misc":{"Written by":"Comunicaci\u00f3n","Est. reading time":"1 minute"},"schema":{"@context":"https:\/\/schema.org","@graph":[{"@type":"Article","@id":"https:\/\/fundacioncajaruraldelsur.com\/asaja-cadiz-y-fundacion-caja-rural-del-sur-potencian-la-formacion-del-sector-agrario-de-la-provincia-gaditana\/#article","isPartOf":{"@id":"https:\/\/fundacioncajaruraldelsur.com\/asaja-cadiz-y-fundacion-caja-rural-del-sur-potencian-la-formacion-del-sector-agrario-de-la-provincia-gaditana\/"},"author":{"name":"Comunicaci\u00f3n","@id":"https:\/\/fundacioncajaruraldelsur.com\/#\/schema\/person\/f430da9fb783d505ff061ad8b3d44577"},"headline":"Asaja C\u00e1diz y Fundaci\u00f3n Caja Rural del Sur potencian la formaci\u00f3n del sector agrario de la provincia gaditana","datePublished":"2019-06-26T08:35:44+00:00","mainEntityOfPage":{"@id":"https:\/\/fundacioncajaruraldelsur.com\/asaja-cadiz-y-fundacion-caja-rural-del-sur-potencian-la-formacion-del-sector-agrario-de-la-provincia-gaditana\/"},"wordCount":201,"image":{"@id":"https:\/\/fundacioncajaruraldelsur.com\/asaja-cadiz-y-fundacion-caja-rural-del-sur-potencian-la-formacion-del-sector-agrario-de-la-provincia-gaditana\/#primaryimage"},"thumbnailUrl":"https:\/\/fundacioncajaruraldelsur.com\/wp-content\/uploads\/2019\/06\/190624.-Pte-Asaja-Ca\u0301diz-Pedro-Gallardo-y-Pte-CRSUR-Garci\u0301a-Palacios.jpg","articleSection":["Convenios"],"inLanguage":"pt-PT"},{"@type":"WebPage","@id":"https:\/\/fundacioncajaruraldelsur.com\/asaja-cadiz-y-fundacion-caja-rural-del-sur-potencian-la-formacion-del-sector-agrario-de-la-provincia-gaditana\/","url":"https:\/\/fundacioncajaruraldelsur.com\/asaja-cadiz-y-fundacion-caja-rural-del-sur-potencian-la-formacion-del-sector-agrario-de-la-provincia-gaditana\/","name":"Asaja C\u00e1diz y Fundaci\u00f3n Caja Rural del Sur potencian la formaci\u00f3n del sector agrario de la provincia gaditana - Fundaci\u00f3n Caja Rural del Sur","isPartOf":{"@id":"https:\/\/fundacioncajaruraldelsur.com\/#website"},"primaryImageOfPage":{"@id":"https:\/\/fundacioncajaruraldelsur.com\/asaja-cadiz-y-fundacion-caja-rural-del-sur-potencian-la-formacion-del-sector-agrario-de-la-provincia-gaditana\/#primaryimage"},"image":{"@id":"https:\/\/fundacioncajaruraldelsur.com\/asaja-cadiz-y-fundacion-caja-rural-del-sur-potencian-la-formacion-del-sector-agrario-de-la-provincia-gaditana\/#primaryimage"},"thumbnailUrl":"https:\/\/fundacioncajaruraldelsur.com\/wp-content\/uploads\/2019\/06\/190624.-Pte-Asaja-Ca\u0301diz-Pedro-Gallardo-y-Pte-CRSUR-Garci\u0301a-Palacios.jpg","datePublished":"2019-06-26T08:35:44+00:00","author":{"@id":"https:\/\/fundacioncajaruraldelsur.com\/#\/schema\/person\/f430da9fb783d505ff061ad8b3d44577"},"breadcrumb":{"@id":"https:\/\/fundacioncajaruraldelsur.com\/asaja-cadiz-y-fundacion-caja-rural-del-sur-potencian-la-formacion-del-sector-agrario-de-la-provincia-gaditana\/#breadcrumb"},"inLanguage":"pt-PT","potentialAction":[{"@type":"ReadAction","target":["https:\/\/fundacioncajaruraldelsur.com\/asaja-cadiz-y-fundacion-caja-rural-del-sur-potencian-la-formacion-del-sector-agrario-de-la-provincia-gaditana\/"]}]},{"@type":"ImageObject","inLanguage":"pt-PT","@id":"https:\/\/fundacioncajaruraldelsur.com\/asaja-cadiz-y-fundacion-caja-rural-del-sur-potencian-la-formacion-del-sector-agrario-de-la-provincia-gaditana\/#primaryimage","url":"https:\/\/fundacioncajaruraldelsur.com\/wp-content\/uploads\/2019\/06\/190624.-Pte-Asaja-Ca\u0301diz-Pedro-Gallardo-y-Pte-CRSUR-Garci\u0301a-Palacios.jpg","contentUrl":"https:\/\/fundacioncajaruraldelsur.com\/wp-content\/uploads\/2019\/06\/190624.-Pte-Asaja-Ca\u0301diz-Pedro-Gallardo-y-Pte-CRSUR-Garci\u0301a-Palacios.jpg","width":833,"height":625},{"@type":"BreadcrumbList","@id":"https:\/\/fundacioncajaruraldelsur.com\/asaja-cadiz-y-fundacion-caja-rural-del-sur-potencian-la-formacion-del-sector-agrario-de-la-provincia-gaditana\/#breadcrumb","itemListElement":[{"@type":"ListItem","position":1,"name":"Portada","item":"https:\/\/fundacioncajaruraldelsur.com\/"},{"@type":"ListItem","position":2,"name":"Asaja C\u00e1diz y Fundaci\u00f3n Caja Rural del Sur potencian la formaci\u00f3n del sector agrario de la provincia gaditana"}]},{"@type":"WebSite","@id":"https:\/\/fundacioncajaruraldelsur.com\/#website","url":"https:\/\/fundacioncajaruraldelsur.com\/","name":"Funda\u00e7\u00e3o Caja Rural del Sur","description":"","potentialAction":[{"@type":"SearchAction","target":{"@type":"EntryPoint","urlTemplate":"https:\/\/fundacioncajaruraldelsur.com\/?s={search_term_string}"},"query-input":{"@type":"PropertyValueSpecification","valueRequired":true,"valueName":"search_term_string"}}],"inLanguage":"pt-PT"},{"@type":"Person","@id":"https:\/\/fundacioncajaruraldelsur.com\/#\/schema\/person\/f430da9fb783d505ff061ad8b3d44577","name":"Comunicaci\u00f3n","image":{"@type":"ImageObject","inLanguage":"pt-PT","@id":"https:\/\/secure.gravatar.com\/avatar\/0dca239875993680bac4603ad2de7942da018f52cc3a244578e0b3b09314a8d8?s=96&d=blank&r=g","url":"https:\/\/secure.gravatar.com\/avatar\/0dca239875993680bac4603ad2de7942da018f52cc3a244578e0b3b09314a8d8?s=96&d=blank&r=g","contentUrl":"https:\/\/secure.gravatar.com\/avatar\/0dca239875993680bac4603ad2de7942da018f52cc3a244578e0b3b09314a8d8?s=96&d=blank&r=g","caption":"Comunicaci\u00f3n"}}]}},"rttpg_featured_image_url":{"full":["https:\/\/fundacioncajaruraldelsur.com\/wp-content\/uploads\/2019\/06\/190624.-Pte-Asaja-Ca\u0301diz-Pedro-Gallardo-y-Pte-CRSUR-Garci\u0301a-Palacios.jpg",833,625,false],"landscape":["https:\/\/fundacioncajaruraldelsur.com\/wp-content\/uploads\/2019\/06\/190624.-Pte-Asaja-Ca\u0301diz-Pedro-Gallardo-y-Pte-CRSUR-Garci\u0301a-Palacios.jpg",833,625,false],"portraits":["https:\/\/fundacioncajaruraldelsur.com\/wp-content\/uploads\/2019\/06\/190624.-Pte-Asaja-Ca\u0301diz-Pedro-Gallardo-y-Pte-CRSUR-Garci\u0301a-Palacios.jpg",833,625,false],"thumbnail":["https:\/\/fundacioncajaruraldelsur.com\/wp-content\/uploads\/2019\/06\/190624.-Pte-Asaja-Ca\u0301diz-Pedro-Gallardo-y-Pte-CRSUR-Garci\u0301a-Palacios-150x150.jpg",150,150,true],"medium":["https:\/\/fundacioncajaruraldelsur.com\/wp-content\/uploads\/2019\/06\/190624.-Pte-Asaja-Ca\u0301diz-Pedro-Gallardo-y-Pte-CRSUR-Garci\u0301a-Palacios-300x225.jpg",300,225,true],"large":["https:\/\/fundacioncajaruraldelsur.com\/wp-content\/uploads\/2019\/06\/190624.-Pte-Asaja-Ca\u0301diz-Pedro-Gallardo-y-Pte-CRSUR-Garci\u0301a-Palacios.jpg",833,625,false],"1536x1536":["https:\/\/fundacioncajaruraldelsur.com\/wp-content\/uploads\/2019\/06\/190624.-Pte-Asaja-Ca\u0301diz-Pedro-Gallardo-y-Pte-CRSUR-Garci\u0301a-Palacios.jpg",833,625,false],"2048x2048":["https:\/\/fundacioncajaruraldelsur.com\/wp-content\/uploads\/2019\/06\/190624.-Pte-Asaja-Ca\u0301diz-Pedro-Gallardo-y-Pte-CRSUR-Garci\u0301a-Palacios.jpg",833,625,false],"trp-custom-language-flag":["https:\/\/fundacioncajaruraldelsur.com\/wp-content\/uploads\/2019\/06\/190624.-Pte-Asaja-Ca\u0301diz-Pedro-Gallardo-y-Pte-CRSUR-Garci\u0301a-Palacios.jpg",16,12,false],"blog-thumbnail":["https:\/\/fundacioncajaruraldelsur.com\/wp-content\/uploads\/2019\/06\/190624.-Pte-Asaja-Ca\u0301diz-Pedro-Gallardo-y-Pte-CRSUR-Garci\u0301a-Palacios-400x200.jpg",400,200,true]},"rttpg_author":{"display_name":"Comunicaci\u00f3n","author_link":"https:\/\/fundacioncajaruraldelsur.com\/pt\/author\/sevillaadmin\/"},"rttpg_comment":0,"rttpg_category":"<a href=\"https:\/\/fundacioncajaruraldelsur.com\/pt\/category\/convenios\/\" rel=\"category tag\">Convenios<\/a>","rttpg_excerpt":"Con el objetivo de contribuir a la modernizaci\u00f3n del sector agrario, la organizaci\u00f3n Asaja-C\u00e1diz y la Fundaci\u00f3n Caja Rural del Sur apuestan por promover y potenciar acciones de formaci\u00f3n dirigidas [&hellip;]","_links":{"self":[{"href":"https:\/\/fundacioncajaruraldelsur.com\/pt\/wp-json\/wp\/v2\/posts\/4942","targetHints":{"allow":["GET"]}}],"collection":[{"href":"https:\/\/fundacioncajaruraldelsur.com\/pt\/wp-json\/wp\/v2\/posts"}],"about":[{"href":"https:\/\/fundacioncajaruraldelsur.com\/pt\/wp-json\/wp\/v2\/types\/post"}],"author":[{"embeddable":true,"href":"https:\/\/fundacioncajaruraldelsur.com\/pt\/wp-json\/wp\/v2\/users\/6"}],"replies":[{"embeddable":true,"href":"https:\/\/fundacioncajaruraldelsur.com\/pt\/wp-json\/wp\/v2\/comments?post=4942"}],"version-history":[{"count":1,"href":"https:\/\/fundacioncajaruraldelsur.com\/pt\/wp-json\/wp\/v2\/posts\/4942\/revisions"}],"predecessor-version":[{"id":4945,"href":"https:\/\/fundacioncajaruraldelsur.com\/pt\/wp-json\/wp\/v2\/posts\/4942\/revisions\/4945"}],"wp:featuredmedia":[{"embeddable":true,"href":"https:\/\/fundacioncajaruraldelsur.com\/pt\/wp-json\/wp\/v2\/media\/4944"}],"wp:attachment":[{"href":"https:\/\/fundacioncajaruraldelsur.com\/pt\/wp-json\/wp\/v2\/media?parent=4942"}],"wp:term":[{"taxonomy":"category","embeddable":true,"href":"https:\/\/fundacioncajaruraldelsur.com\/pt\/wp-json\/wp\/v2\/categories?post=4942"},{"taxonomy":"post_tag","embeddable":true,"href":"https:\/\/fundacioncajaruraldelsur.com\/pt\/wp-json\/wp\/v2\/tags?post=4942"}],"curies":[{"name":"wp","href":"https:\/\/api.w.org\/{rel}","templated":true}]}}