{"id":4892,"date":"2019-06-13T14:02:39","date_gmt":"2019-06-13T12:02:39","guid":{"rendered":"\/?p=4892"},"modified":"2019-06-13T14:02:39","modified_gmt":"2019-06-13T12:02:39","slug":"con-la-cooperativa-del-socorro-apoyamos-el-cooperativismo-y-el-desarrollo-rural","status":"publish","type":"post","link":"https:\/\/fundacioncajaruraldelsur.com\/pt\/con-la-cooperativa-del-socorro-apoyamos-el-cooperativismo-y-el-desarrollo-rural\/","title":{"rendered":"Con la Cooperativa del Socorro apoyamos el cooperativismo y el desarrollo rural"},"content":{"rendered":"<p>La Cooperativa Vitivin\u00edcola de Nuestra Se\u00f1ora del Socorro de Rociana del Condado (Huelva), dedicada a la producci\u00f3n, comercializaci\u00f3n y distribuci\u00f3n de vinos, ha firmado un acuerdo de colaboraci\u00f3n con la Fundaci\u00f3n Caja Rural del Sur para la consolidaci\u00f3n y difusi\u00f3n del cooperativismo y la promoci\u00f3n del desarrollo rural.<\/p>\n<p>En virtud del acuerdo suscrito por el presidente de la Fundaci\u00f3n Caja Rural del Sur, Jos\u00e9 Luis Garc\u00eda-Palacios \u00c1lvarez, y el de Bodegas del Socorro, Ceferino Mart\u00edn, al que ha acompa\u00f1ado el responsable de administraci\u00f3n de la cooperativa, Jos\u00e9 Luis S\u00e1nchez, la entidad financiera se compromete a colaborar con la cooperativa en aquellas acciones relacionadas con la formaci\u00f3n y educaci\u00f3n de sus socios en los principios cooperativos, en materias espec\u00edficas de su actividad societaria o laboral, adem\u00e1s de promocionar y difundir las relaciones intercooperativas.<\/p>\n<p>Igualmente, la Fundaci\u00f3n Caja Rural colaborar\u00e1 en acciones que contribuyan a mejorar la calidad de vida del entorno, el desarrollo comunitario y la protecci\u00f3n ambiental, sobre todo las relacionadas con la modernizaci\u00f3n el sector agrario, el desarrollo rural y la elaboraci\u00f3n de estudios y proyectos que contribuyan a ello.<\/p>\n<p>De esta forma, la Fundaci\u00f3n Caja Rural del Sur consolida su compromiso de apoyo a las empresas del sector vitivin\u00edcola, ofreciendo a Bodegas del Socorro soporte al objeto de facilitar el desempe\u00f1o de su labor y alentar su competitividad y crecimiento para consolidar su apuesta por la creaci\u00f3n de empleo y riqueza en su entorno.<\/p>\n<p>La Cooperativa Vitivin\u00edcola Nuestra Se\u00f1ora del Socorro est\u00e1 amparada bajo la Denominaci\u00f3n de Origen Condado de Huelva, una comarca que cuenta con una important\u00edsima historia ligada a la producci\u00f3n de vino.<\/p>\n<p>Fundada oficialmente en el a\u00f1o 1957, la cooperativa se ha convertido en una de las m\u00e1s importantes del Condado de Huelva, con 450 hect\u00e1reas y 250 socios, quienes con gran esmero hacen posible el cultivo de uvas blancas de la variedad aut\u00f3ctona Zalema y tintas, de las variedades Tempranillo y Syrah, para la elaboraci\u00f3n de vinos de calidad embotellados bajo las marcas registradas Vi\u00f1agamo, estandarte de las bodegas, El Gamo y Don Frede.<\/p>","protected":false},"excerpt":{"rendered":"<p>La Cooperativa Vitivin\u00edcola de Nuestra Se\u00f1ora del Socorro de Rociana del Condado (Huelva), dedicada a la producci\u00f3n, comercializaci\u00f3n y distribuci\u00f3n de vinos, ha firmado un acuerdo de colaboraci\u00f3n con la [&hellip;]<\/p>\n","protected":false},"author":6,"featured_media":4893,"comment_status":"closed","ping_status":"closed","sticky":false,"template":"","format":"standard","meta":{"footnotes":""},"categories":[69],"tags":[],"class_list":["post-4892","post","type-post","status-publish","format-standard","has-post-thumbnail","hentry","category-colaboracion"],"yoast_head":"<!-- This site is optimized with the Yoast SEO plugin v27.3 - https:\/\/yoast.com\/product\/yoast-seo-wordpress\/ -->\n<title>Con la Cooperativa del Socorro apoyamos el cooperativismo y el desarrollo rural - Fundaci\u00f3n Caja Rural del Sur<\/title>\n<meta name=\"robots\" content=\"index, follow, max-snippet:-1, max-image-preview:large, max-video-preview:-1\" \/>\n<link rel=\"canonical\" href=\"https:\/\/fundacioncajaruraldelsur.com\/pt\/con-la-cooperativa-del-socorro-apoyamos-el-cooperativismo-y-el-desarrollo-rural\/\" \/>\n<meta property=\"og:locale\" content=\"pt_PT\" \/>\n<meta property=\"og:type\" content=\"article\" \/>\n<meta property=\"og:title\" content=\"Con la Cooperativa del Socorro apoyamos el cooperativismo y el desarrollo rural - Fundaci\u00f3n Caja Rural del Sur\" \/>\n<meta property=\"og:description\" content=\"La Cooperativa Vitivin\u00edcola de Nuestra Se\u00f1ora del Socorro de Rociana del Condado (Huelva), dedicada a la producci\u00f3n, comercializaci\u00f3n y distribuci\u00f3n de vinos, ha firmado un acuerdo de colaboraci\u00f3n con la [&hellip;]\" \/>\n<meta property=\"og:url\" content=\"https:\/\/fundacioncajaruraldelsur.com\/pt\/con-la-cooperativa-del-socorro-apoyamos-el-cooperativismo-y-el-desarrollo-rural\/\" \/>\n<meta property=\"og:site_name\" content=\"Fundaci\u00f3n Caja Rural del Sur\" \/>\n<meta property=\"article:published_time\" content=\"2019-06-13T12:02:39+00:00\" \/>\n<meta property=\"og:image\" content=\"https:\/\/fundacioncajaruraldelsur.com\/wp-content\/uploads\/2019\/06\/190613.-Directivos-de-la-Cooperativa-Nuestra-Se\u00f1ora-del-Socorro-con-el-presidente-de-Fundaci\u00f3n-Caja-Rural-del-Sur.jpg\" \/>\n\t<meta property=\"og:image:width\" content=\"1024\" \/>\n\t<meta property=\"og:image:height\" content=\"768\" \/>\n\t<meta property=\"og:image:type\" content=\"image\/jpeg\" \/>\n<meta name=\"author\" content=\"Comunicaci\u00f3n\" \/>\n<meta name=\"twitter:card\" content=\"summary_large_image\" \/>\n<meta name=\"twitter:label1\" content=\"Written by\" \/>\n\t<meta name=\"twitter:data1\" content=\"Comunicaci\u00f3n\" \/>\n\t<meta name=\"twitter:label2\" content=\"Est. reading time\" \/>\n\t<meta name=\"twitter:data2\" content=\"2 minutes\" \/>\n<script type=\"application\/ld+json\" class=\"yoast-schema-graph\">{\"@context\":\"https:\\\/\\\/schema.org\",\"@graph\":[{\"@type\":\"Article\",\"@id\":\"https:\\\/\\\/fundacioncajaruraldelsur.com\\\/con-la-cooperativa-del-socorro-apoyamos-el-cooperativismo-y-el-desarrollo-rural\\\/#article\",\"isPartOf\":{\"@id\":\"https:\\\/\\\/fundacioncajaruraldelsur.com\\\/con-la-cooperativa-del-socorro-apoyamos-el-cooperativismo-y-el-desarrollo-rural\\\/\"},\"author\":{\"name\":\"Comunicaci\u00f3n\",\"@id\":\"https:\\\/\\\/fundacioncajaruraldelsur.com\\\/#\\\/schema\\\/person\\\/f430da9fb783d505ff061ad8b3d44577\"},\"headline\":\"Con la Cooperativa del Socorro apoyamos el cooperativismo y el desarrollo rural\",\"datePublished\":\"2019-06-13T12:02:39+00:00\",\"mainEntityOfPage\":{\"@id\":\"https:\\\/\\\/fundacioncajaruraldelsur.com\\\/con-la-cooperativa-del-socorro-apoyamos-el-cooperativismo-y-el-desarrollo-rural\\\/\"},\"wordCount\":388,\"image\":{\"@id\":\"https:\\\/\\\/fundacioncajaruraldelsur.com\\\/con-la-cooperativa-del-socorro-apoyamos-el-cooperativismo-y-el-desarrollo-rural\\\/#primaryimage\"},\"thumbnailUrl\":\"https:\\\/\\\/fundacioncajaruraldelsur.com\\\/wp-content\\\/uploads\\\/2019\\\/06\\\/190613.-Directivos-de-la-Cooperativa-Nuestra-Se\u00f1ora-del-Socorro-con-el-presidente-de-Fundaci\u00f3n-Caja-Rural-del-Sur.jpg\",\"articleSection\":[\"Colaboraci\u00f3n\"],\"inLanguage\":\"pt-PT\"},{\"@type\":\"WebPage\",\"@id\":\"https:\\\/\\\/fundacioncajaruraldelsur.com\\\/con-la-cooperativa-del-socorro-apoyamos-el-cooperativismo-y-el-desarrollo-rural\\\/\",\"url\":\"https:\\\/\\\/fundacioncajaruraldelsur.com\\\/con-la-cooperativa-del-socorro-apoyamos-el-cooperativismo-y-el-desarrollo-rural\\\/\",\"name\":\"Con la Cooperativa del Socorro apoyamos el cooperativismo y el desarrollo rural - Fundaci\u00f3n Caja Rural del Sur\",\"isPartOf\":{\"@id\":\"https:\\\/\\\/fundacioncajaruraldelsur.com\\\/#website\"},\"primaryImageOfPage\":{\"@id\":\"https:\\\/\\\/fundacioncajaruraldelsur.com\\\/con-la-cooperativa-del-socorro-apoyamos-el-cooperativismo-y-el-desarrollo-rural\\\/#primaryimage\"},\"image\":{\"@id\":\"https:\\\/\\\/fundacioncajaruraldelsur.com\\\/con-la-cooperativa-del-socorro-apoyamos-el-cooperativismo-y-el-desarrollo-rural\\\/#primaryimage\"},\"thumbnailUrl\":\"https:\\\/\\\/fundacioncajaruraldelsur.com\\\/wp-content\\\/uploads\\\/2019\\\/06\\\/190613.-Directivos-de-la-Cooperativa-Nuestra-Se\u00f1ora-del-Socorro-con-el-presidente-de-Fundaci\u00f3n-Caja-Rural-del-Sur.jpg\",\"datePublished\":\"2019-06-13T12:02:39+00:00\",\"author\":{\"@id\":\"https:\\\/\\\/fundacioncajaruraldelsur.com\\\/#\\\/schema\\\/person\\\/f430da9fb783d505ff061ad8b3d44577\"},\"breadcrumb\":{\"@id\":\"https:\\\/\\\/fundacioncajaruraldelsur.com\\\/con-la-cooperativa-del-socorro-apoyamos-el-cooperativismo-y-el-desarrollo-rural\\\/#breadcrumb\"},\"inLanguage\":\"pt-PT\",\"potentialAction\":[{\"@type\":\"ReadAction\",\"target\":[\"https:\\\/\\\/fundacioncajaruraldelsur.com\\\/con-la-cooperativa-del-socorro-apoyamos-el-cooperativismo-y-el-desarrollo-rural\\\/\"]}]},{\"@type\":\"ImageObject\",\"inLanguage\":\"pt-PT\",\"@id\":\"https:\\\/\\\/fundacioncajaruraldelsur.com\\\/con-la-cooperativa-del-socorro-apoyamos-el-cooperativismo-y-el-desarrollo-rural\\\/#primaryimage\",\"url\":\"https:\\\/\\\/fundacioncajaruraldelsur.com\\\/wp-content\\\/uploads\\\/2019\\\/06\\\/190613.-Directivos-de-la-Cooperativa-Nuestra-Se\u00f1ora-del-Socorro-con-el-presidente-de-Fundaci\u00f3n-Caja-Rural-del-Sur.jpg\",\"contentUrl\":\"https:\\\/\\\/fundacioncajaruraldelsur.com\\\/wp-content\\\/uploads\\\/2019\\\/06\\\/190613.-Directivos-de-la-Cooperativa-Nuestra-Se\u00f1ora-del-Socorro-con-el-presidente-de-Fundaci\u00f3n-Caja-Rural-del-Sur.jpg\",\"width\":1024,\"height\":768},{\"@type\":\"BreadcrumbList\",\"@id\":\"https:\\\/\\\/fundacioncajaruraldelsur.com\\\/con-la-cooperativa-del-socorro-apoyamos-el-cooperativismo-y-el-desarrollo-rural\\\/#breadcrumb\",\"itemListElement\":[{\"@type\":\"ListItem\",\"position\":1,\"name\":\"Portada\",\"item\":\"https:\\\/\\\/fundacioncajaruraldelsur.com\\\/\"},{\"@type\":\"ListItem\",\"position\":2,\"name\":\"Con la Cooperativa del Socorro apoyamos el cooperativismo y el desarrollo rural\"}]},{\"@type\":\"WebSite\",\"@id\":\"https:\\\/\\\/fundacioncajaruraldelsur.com\\\/#website\",\"url\":\"https:\\\/\\\/fundacioncajaruraldelsur.com\\\/\",\"name\":\"Fundaci\u00f3n Caja Rural del Sur\",\"description\":\"\",\"potentialAction\":[{\"@type\":\"SearchAction\",\"target\":{\"@type\":\"EntryPoint\",\"urlTemplate\":\"https:\\\/\\\/fundacioncajaruraldelsur.com\\\/?s={search_term_string}\"},\"query-input\":{\"@type\":\"PropertyValueSpecification\",\"valueRequired\":true,\"valueName\":\"search_term_string\"}}],\"inLanguage\":\"pt-PT\"},{\"@type\":\"Person\",\"@id\":\"https:\\\/\\\/fundacioncajaruraldelsur.com\\\/#\\\/schema\\\/person\\\/f430da9fb783d505ff061ad8b3d44577\",\"name\":\"Comunicaci\u00f3n\",\"image\":{\"@type\":\"ImageObject\",\"inLanguage\":\"pt-PT\",\"@id\":\"https:\\\/\\\/secure.gravatar.com\\\/avatar\\\/0dca239875993680bac4603ad2de7942da018f52cc3a244578e0b3b09314a8d8?s=96&d=blank&r=g\",\"url\":\"https:\\\/\\\/secure.gravatar.com\\\/avatar\\\/0dca239875993680bac4603ad2de7942da018f52cc3a244578e0b3b09314a8d8?s=96&d=blank&r=g\",\"contentUrl\":\"https:\\\/\\\/secure.gravatar.com\\\/avatar\\\/0dca239875993680bac4603ad2de7942da018f52cc3a244578e0b3b09314a8d8?s=96&d=blank&r=g\",\"caption\":\"Comunicaci\u00f3n\"}}]}<\/script>\n<!-- \/ Yoast SEO plugin. -->","yoast_head_json":{"title":"Con la Cooperativa del Socorro apoyamos el cooperativismo y el desarrollo rural - Fundaci\u00f3n Caja Rural del Sur","robots":{"index":"index","follow":"follow","max-snippet":"max-snippet:-1","max-image-preview":"max-image-preview:large","max-video-preview":"max-video-preview:-1"},"canonical":"https:\/\/fundacioncajaruraldelsur.com\/pt\/con-la-cooperativa-del-socorro-apoyamos-el-cooperativismo-y-el-desarrollo-rural\/","og_locale":"pt_PT","og_type":"article","og_title":"Con la Cooperativa del Socorro apoyamos el cooperativismo y el desarrollo rural - Fundaci\u00f3n Caja Rural del Sur","og_description":"La Cooperativa Vitivin\u00edcola de Nuestra Se\u00f1ora del Socorro de Rociana del Condado (Huelva), dedicada a la producci\u00f3n, comercializaci\u00f3n y distribuci\u00f3n de vinos, ha firmado un acuerdo de colaboraci\u00f3n con la [&hellip;]","og_url":"https:\/\/fundacioncajaruraldelsur.com\/pt\/con-la-cooperativa-del-socorro-apoyamos-el-cooperativismo-y-el-desarrollo-rural\/","og_site_name":"Fundaci\u00f3n Caja Rural del Sur","article_published_time":"2019-06-13T12:02:39+00:00","og_image":[{"width":1024,"height":768,"url":"https:\/\/fundacioncajaruraldelsur.com\/wp-content\/uploads\/2019\/06\/190613.-Directivos-de-la-Cooperativa-Nuestra-Se\u00f1ora-del-Socorro-con-el-presidente-de-Fundaci\u00f3n-Caja-Rural-del-Sur.jpg","type":"image\/jpeg"}],"author":"Comunicaci\u00f3n","twitter_card":"summary_large_image","twitter_misc":{"Written by":"Comunicaci\u00f3n","Est. reading time":"2 minutes"},"schema":{"@context":"https:\/\/schema.org","@graph":[{"@type":"Article","@id":"https:\/\/fundacioncajaruraldelsur.com\/con-la-cooperativa-del-socorro-apoyamos-el-cooperativismo-y-el-desarrollo-rural\/#article","isPartOf":{"@id":"https:\/\/fundacioncajaruraldelsur.com\/con-la-cooperativa-del-socorro-apoyamos-el-cooperativismo-y-el-desarrollo-rural\/"},"author":{"name":"Comunicaci\u00f3n","@id":"https:\/\/fundacioncajaruraldelsur.com\/#\/schema\/person\/f430da9fb783d505ff061ad8b3d44577"},"headline":"Con la Cooperativa del Socorro apoyamos el cooperativismo y el desarrollo rural","datePublished":"2019-06-13T12:02:39+00:00","mainEntityOfPage":{"@id":"https:\/\/fundacioncajaruraldelsur.com\/con-la-cooperativa-del-socorro-apoyamos-el-cooperativismo-y-el-desarrollo-rural\/"},"wordCount":388,"image":{"@id":"https:\/\/fundacioncajaruraldelsur.com\/con-la-cooperativa-del-socorro-apoyamos-el-cooperativismo-y-el-desarrollo-rural\/#primaryimage"},"thumbnailUrl":"https:\/\/fundacioncajaruraldelsur.com\/wp-content\/uploads\/2019\/06\/190613.-Directivos-de-la-Cooperativa-Nuestra-Se\u00f1ora-del-Socorro-con-el-presidente-de-Fundaci\u00f3n-Caja-Rural-del-Sur.jpg","articleSection":["Colaboraci\u00f3n"],"inLanguage":"pt-PT"},{"@type":"WebPage","@id":"https:\/\/fundacioncajaruraldelsur.com\/con-la-cooperativa-del-socorro-apoyamos-el-cooperativismo-y-el-desarrollo-rural\/","url":"https:\/\/fundacioncajaruraldelsur.com\/con-la-cooperativa-del-socorro-apoyamos-el-cooperativismo-y-el-desarrollo-rural\/","name":"Con la Cooperativa del Socorro apoyamos el cooperativismo y el desarrollo rural - Fundaci\u00f3n Caja Rural del Sur","isPartOf":{"@id":"https:\/\/fundacioncajaruraldelsur.com\/#website"},"primaryImageOfPage":{"@id":"https:\/\/fundacioncajaruraldelsur.com\/con-la-cooperativa-del-socorro-apoyamos-el-cooperativismo-y-el-desarrollo-rural\/#primaryimage"},"image":{"@id":"https:\/\/fundacioncajaruraldelsur.com\/con-la-cooperativa-del-socorro-apoyamos-el-cooperativismo-y-el-desarrollo-rural\/#primaryimage"},"thumbnailUrl":"https:\/\/fundacioncajaruraldelsur.com\/wp-content\/uploads\/2019\/06\/190613.-Directivos-de-la-Cooperativa-Nuestra-Se\u00f1ora-del-Socorro-con-el-presidente-de-Fundaci\u00f3n-Caja-Rural-del-Sur.jpg","datePublished":"2019-06-13T12:02:39+00:00","author":{"@id":"https:\/\/fundacioncajaruraldelsur.com\/#\/schema\/person\/f430da9fb783d505ff061ad8b3d44577"},"breadcrumb":{"@id":"https:\/\/fundacioncajaruraldelsur.com\/con-la-cooperativa-del-socorro-apoyamos-el-cooperativismo-y-el-desarrollo-rural\/#breadcrumb"},"inLanguage":"pt-PT","potentialAction":[{"@type":"ReadAction","target":["https:\/\/fundacioncajaruraldelsur.com\/con-la-cooperativa-del-socorro-apoyamos-el-cooperativismo-y-el-desarrollo-rural\/"]}]},{"@type":"ImageObject","inLanguage":"pt-PT","@id":"https:\/\/fundacioncajaruraldelsur.com\/con-la-cooperativa-del-socorro-apoyamos-el-cooperativismo-y-el-desarrollo-rural\/#primaryimage","url":"https:\/\/fundacioncajaruraldelsur.com\/wp-content\/uploads\/2019\/06\/190613.-Directivos-de-la-Cooperativa-Nuestra-Se\u00f1ora-del-Socorro-con-el-presidente-de-Fundaci\u00f3n-Caja-Rural-del-Sur.jpg","contentUrl":"https:\/\/fundacioncajaruraldelsur.com\/wp-content\/uploads\/2019\/06\/190613.-Directivos-de-la-Cooperativa-Nuestra-Se\u00f1ora-del-Socorro-con-el-presidente-de-Fundaci\u00f3n-Caja-Rural-del-Sur.jpg","width":1024,"height":768},{"@type":"BreadcrumbList","@id":"https:\/\/fundacioncajaruraldelsur.com\/con-la-cooperativa-del-socorro-apoyamos-el-cooperativismo-y-el-desarrollo-rural\/#breadcrumb","itemListElement":[{"@type":"ListItem","position":1,"name":"Portada","item":"https:\/\/fundacioncajaruraldelsur.com\/"},{"@type":"ListItem","position":2,"name":"Con la Cooperativa del Socorro apoyamos el cooperativismo y el desarrollo rural"}]},{"@type":"WebSite","@id":"https:\/\/fundacioncajaruraldelsur.com\/#website","url":"https:\/\/fundacioncajaruraldelsur.com\/","name":"Funda\u00e7\u00e3o Caja Rural del Sur","description":"","potentialAction":[{"@type":"SearchAction","target":{"@type":"EntryPoint","urlTemplate":"https:\/\/fundacioncajaruraldelsur.com\/?s={search_term_string}"},"query-input":{"@type":"PropertyValueSpecification","valueRequired":true,"valueName":"search_term_string"}}],"inLanguage":"pt-PT"},{"@type":"Person","@id":"https:\/\/fundacioncajaruraldelsur.com\/#\/schema\/person\/f430da9fb783d505ff061ad8b3d44577","name":"Comunicaci\u00f3n","image":{"@type":"ImageObject","inLanguage":"pt-PT","@id":"https:\/\/secure.gravatar.com\/avatar\/0dca239875993680bac4603ad2de7942da018f52cc3a244578e0b3b09314a8d8?s=96&d=blank&r=g","url":"https:\/\/secure.gravatar.com\/avatar\/0dca239875993680bac4603ad2de7942da018f52cc3a244578e0b3b09314a8d8?s=96&d=blank&r=g","contentUrl":"https:\/\/secure.gravatar.com\/avatar\/0dca239875993680bac4603ad2de7942da018f52cc3a244578e0b3b09314a8d8?s=96&d=blank&r=g","caption":"Comunicaci\u00f3n"}}]}},"rttpg_featured_image_url":{"full":["https:\/\/fundacioncajaruraldelsur.com\/wp-content\/uploads\/2019\/06\/190613.-Directivos-de-la-Cooperativa-Nuestra-Se\u00f1ora-del-Socorro-con-el-presidente-de-Fundaci\u00f3n-Caja-Rural-del-Sur.jpg",1024,768,false],"landscape":["https:\/\/fundacioncajaruraldelsur.com\/wp-content\/uploads\/2019\/06\/190613.-Directivos-de-la-Cooperativa-Nuestra-Se\u00f1ora-del-Socorro-con-el-presidente-de-Fundaci\u00f3n-Caja-Rural-del-Sur.jpg",1024,768,false],"portraits":["https:\/\/fundacioncajaruraldelsur.com\/wp-content\/uploads\/2019\/06\/190613.-Directivos-de-la-Cooperativa-Nuestra-Se\u00f1ora-del-Socorro-con-el-presidente-de-Fundaci\u00f3n-Caja-Rural-del-Sur.jpg",1024,768,false],"thumbnail":["https:\/\/fundacioncajaruraldelsur.com\/wp-content\/uploads\/2019\/06\/190613.-Directivos-de-la-Cooperativa-Nuestra-Se\u00f1ora-del-Socorro-con-el-presidente-de-Fundaci\u00f3n-Caja-Rural-del-Sur-150x150.jpg",150,150,true],"medium":["https:\/\/fundacioncajaruraldelsur.com\/wp-content\/uploads\/2019\/06\/190613.-Directivos-de-la-Cooperativa-Nuestra-Se\u00f1ora-del-Socorro-con-el-presidente-de-Fundaci\u00f3n-Caja-Rural-del-Sur-300x225.jpg",300,225,true],"large":["https:\/\/fundacioncajaruraldelsur.com\/wp-content\/uploads\/2019\/06\/190613.-Directivos-de-la-Cooperativa-Nuestra-Se\u00f1ora-del-Socorro-con-el-presidente-de-Fundaci\u00f3n-Caja-Rural-del-Sur-1024x768.jpg",960,720,true],"1536x1536":["https:\/\/fundacioncajaruraldelsur.com\/wp-content\/uploads\/2019\/06\/190613.-Directivos-de-la-Cooperativa-Nuestra-Se\u00f1ora-del-Socorro-con-el-presidente-de-Fundaci\u00f3n-Caja-Rural-del-Sur.jpg",1024,768,false],"2048x2048":["https:\/\/fundacioncajaruraldelsur.com\/wp-content\/uploads\/2019\/06\/190613.-Directivos-de-la-Cooperativa-Nuestra-Se\u00f1ora-del-Socorro-con-el-presidente-de-Fundaci\u00f3n-Caja-Rural-del-Sur.jpg",1024,768,false],"trp-custom-language-flag":["https:\/\/fundacioncajaruraldelsur.com\/wp-content\/uploads\/2019\/06\/190613.-Directivos-de-la-Cooperativa-Nuestra-Se\u00f1ora-del-Socorro-con-el-presidente-de-Fundaci\u00f3n-Caja-Rural-del-Sur.jpg",16,12,false],"blog-thumbnail":["https:\/\/fundacioncajaruraldelsur.com\/wp-content\/uploads\/2019\/06\/190613.-Directivos-de-la-Cooperativa-Nuestra-Se\u00f1ora-del-Socorro-con-el-presidente-de-Fundaci\u00f3n-Caja-Rural-del-Sur-400x200.jpg",400,200,true]},"rttpg_author":{"display_name":"Comunicaci\u00f3n","author_link":"https:\/\/fundacioncajaruraldelsur.com\/pt\/author\/sevillaadmin\/"},"rttpg_comment":0,"rttpg_category":"<a href=\"https:\/\/fundacioncajaruraldelsur.com\/pt\/category\/colaboracion\/\" rel=\"category tag\">Colaboraci\u00f3n<\/a>","rttpg_excerpt":"La Cooperativa Vitivin\u00edcola de Nuestra Se\u00f1ora del Socorro de Rociana del Condado (Huelva), dedicada a la producci\u00f3n, comercializaci\u00f3n y distribuci\u00f3n de vinos, ha firmado un acuerdo de colaboraci\u00f3n con la [&hellip;]","_links":{"self":[{"href":"https:\/\/fundacioncajaruraldelsur.com\/pt\/wp-json\/wp\/v2\/posts\/4892","targetHints":{"allow":["GET"]}}],"collection":[{"href":"https:\/\/fundacioncajaruraldelsur.com\/pt\/wp-json\/wp\/v2\/posts"}],"about":[{"href":"https:\/\/fundacioncajaruraldelsur.com\/pt\/wp-json\/wp\/v2\/types\/post"}],"author":[{"embeddable":true,"href":"https:\/\/fundacioncajaruraldelsur.com\/pt\/wp-json\/wp\/v2\/users\/6"}],"replies":[{"embeddable":true,"href":"https:\/\/fundacioncajaruraldelsur.com\/pt\/wp-json\/wp\/v2\/comments?post=4892"}],"version-history":[{"count":1,"href":"https:\/\/fundacioncajaruraldelsur.com\/pt\/wp-json\/wp\/v2\/posts\/4892\/revisions"}],"predecessor-version":[{"id":4894,"href":"https:\/\/fundacioncajaruraldelsur.com\/pt\/wp-json\/wp\/v2\/posts\/4892\/revisions\/4894"}],"wp:featuredmedia":[{"embeddable":true,"href":"https:\/\/fundacioncajaruraldelsur.com\/pt\/wp-json\/wp\/v2\/media\/4893"}],"wp:attachment":[{"href":"https:\/\/fundacioncajaruraldelsur.com\/pt\/wp-json\/wp\/v2\/media?parent=4892"}],"wp:term":[{"taxonomy":"category","embeddable":true,"href":"https:\/\/fundacioncajaruraldelsur.com\/pt\/wp-json\/wp\/v2\/categories?post=4892"},{"taxonomy":"post_tag","embeddable":true,"href":"https:\/\/fundacioncajaruraldelsur.com\/pt\/wp-json\/wp\/v2\/tags?post=4892"}],"curies":[{"name":"wp","href":"https:\/\/api.w.org\/{rel}","templated":true}]}}