{"id":4882,"date":"2019-06-12T11:44:11","date_gmt":"2019-06-12T09:44:11","guid":{"rendered":"\/?p=4882"},"modified":"2019-06-12T11:44:11","modified_gmt":"2019-06-12T09:44:11","slug":"apostamos-junto-con-landaluz-por-impulsar-el-sector-agroalimentario-de-andalucia","status":"publish","type":"post","link":"https:\/\/fundacioncajaruraldelsur.com\/pt\/apostamos-junto-con-landaluz-por-impulsar-el-sector-agroalimentario-de-andalucia\/","title":{"rendered":"Apostamos junto con LANDALUZ por impulsar el sector agroalimentario de Andaluc\u00eda"},"content":{"rendered":"<p>El presidente de la Asociaci\u00f3n Empresarial Alimentos de Andaluc\u00eda, LANDALUZ, \u00c1lvaro Guill\u00e9n Benjumea, y el presidente de la Fundaci\u00f3n Caja Rural del Sur, Jos\u00e9 Luis Garc\u00eda-Palacios \u00c1lvarez, han renovado el convenio de colaboraci\u00f3n con el objetivo de contribuir en el desarrollo de la econom\u00eda andaluza, \u00e1mbito en el que ambas desarrollan sus actividades, mediante el apoyo a las empresas del sector agroalimentario andaluz.<\/p>\n<p>LANDALUZ Asociaci\u00f3n Empresarial en colaboraci\u00f3n con la Fundaci\u00f3n de la Caja Rural del Sur, sigue trabajando un amplio plan promocional a trav\u00e9s de la herramienta Andaluc\u00eda Cocina, plataforma digital para promover lo mejor de los fogones y productos andaluces, a trav\u00e9s de recetas, minirecetas y entrevistas con chefs y productores.<\/p>\n<p>El objetivo de la misma es el de permitir vincularse a las marcas andaluzas al canal HORECA. Bajo este escenario, la asociaci\u00f3n se encamina hacia la promoci\u00f3n en dicho canal, potenciando las distintas herramientas digitales en la que promociona, seg\u00fan par\u00e1metros establecidos en los que prima el uso de productos agroalimentario andaluz en sus cartas y bodegas, a los mejores establecimientos de hosteler\u00eda de Andaluc\u00eda.<\/p>\n<p>Esta herramienta de promoci\u00f3n est\u00e1 repleta de recetas de platos t\u00edpicos andaluces. La intenci\u00f3n de la misma es la de promocionar el producto agroalimentario andaluz v\u00eda prescriptores a nivel nacional e internacional, contando con m\u00e1s de un mill\u00f3n de personas alcanzadas a trav\u00e9s de diferentes redes sociales.<\/p>\n<p>Con esta intenci\u00f3n, ambas instituciones pretenden dotar a los empresarios del sector agroalimentario de esta valiosa herramienta de promoci\u00f3n, y de modo especial a los que forman el colectivo de empresas asociadas a LANDALUZ.<\/p>\n<p><strong>\u00a0<\/strong><strong>LANDALUZ <\/strong><\/p>\n<p>LANDALUZ, Asociaci\u00f3n Empresarial Alimentos de Andaluc\u00eda, es la entidad referente del sector agroalimentario de Andaluc\u00eda, aglutinando casi el 70% de la facturaci\u00f3n total del sector en la comunidad, lo que pone de relieve el peso espec\u00edfico con el que cuenta como patronal empresarial agroindustrial. LANDALUZ pone a disposici\u00f3n del desarrollo del sector agroalimentario andaluz un extenso porfolio de acciones que abarcan los distintos campos de acci\u00f3n de las normas comerciales en el mundo hoy d\u00eda, tales como la internacionalizaci\u00f3n, las promociones comerciales en los canales de distribuci\u00f3n, fomento del asociacionismo, as\u00ed como de las fusiones y las alianzas, la diversificaci\u00f3n e innovaci\u00f3n constante en los productos y sus formatos, una continua inversi\u00f3n en tecnolog\u00eda, as\u00ed como una mayor atenci\u00f3n a los gustos y h\u00e1bitos de los consumidores.<\/p>\n<p><strong>Funda\u00e7\u00e3o Caja Rural del Sur<\/strong><\/p>\n<p>La Fundaci\u00f3n Social y Cultural de la Caja Rural del Sur tiene como fin de inter\u00e9s general la formaci\u00f3n y educaci\u00f3n de los socios de la Caja Rural del Sur\u00a0 en los principios cooperativos, o en las materias espec\u00edficas de su actividad societaria o laboral y dem\u00e1s actividades cooperativas, la promoci\u00f3n de las relaciones intercooperativas y la difusi\u00f3n del cooperativismo; as\u00ed como la promoci\u00f3n cultural, profesional y asistencial del entorno local o de la comunidad en general, la mejora de la calidad de vida y del desarrollo comunitario y las acciones de protecci\u00f3n ambiental dentro de su \u00e1mbito de actuaci\u00f3n y, en especial, en todo lo relacionado con la modernizaci\u00f3n del sector agrario y el desarrollo rural<\/p>","protected":false},"excerpt":{"rendered":"<p>El presidente de la Asociaci\u00f3n Empresarial Alimentos de Andaluc\u00eda, LANDALUZ, \u00c1lvaro Guill\u00e9n Benjumea, y el presidente de la Fundaci\u00f3n Caja Rural del Sur, Jos\u00e9 Luis Garc\u00eda-Palacios \u00c1lvarez, han renovado el [&hellip;]<\/p>\n","protected":false},"author":6,"featured_media":4883,"comment_status":"closed","ping_status":"closed","sticky":false,"template":"","format":"standard","meta":{"footnotes":""},"categories":[69,67],"tags":[],"class_list":["post-4882","post","type-post","status-publish","format-standard","has-post-thumbnail","hentry","category-colaboracion","category-convenios"],"yoast_head":"<!-- This site is optimized with the Yoast SEO plugin v27.3 - https:\/\/yoast.com\/product\/yoast-seo-wordpress\/ -->\n<title>Apostamos junto con LANDALUZ por impulsar el sector agroalimentario de Andaluc\u00eda - Fundaci\u00f3n Caja Rural del Sur<\/title>\n<meta name=\"robots\" content=\"index, follow, max-snippet:-1, max-image-preview:large, max-video-preview:-1\" \/>\n<link rel=\"canonical\" href=\"https:\/\/fundacioncajaruraldelsur.com\/pt\/apostamos-junto-con-landaluz-por-impulsar-el-sector-agroalimentario-de-andalucia\/\" \/>\n<meta property=\"og:locale\" content=\"pt_PT\" \/>\n<meta property=\"og:type\" content=\"article\" \/>\n<meta property=\"og:title\" content=\"Apostamos junto con LANDALUZ por impulsar el sector agroalimentario de Andaluc\u00eda - Fundaci\u00f3n Caja Rural del Sur\" \/>\n<meta property=\"og:description\" content=\"El presidente de la Asociaci\u00f3n Empresarial Alimentos de Andaluc\u00eda, LANDALUZ, \u00c1lvaro Guill\u00e9n Benjumea, y el presidente de la Fundaci\u00f3n Caja Rural del Sur, Jos\u00e9 Luis Garc\u00eda-Palacios \u00c1lvarez, han renovado el [&hellip;]\" \/>\n<meta property=\"og:url\" content=\"https:\/\/fundacioncajaruraldelsur.com\/pt\/apostamos-junto-con-landaluz-por-impulsar-el-sector-agroalimentario-de-andalucia\/\" \/>\n<meta property=\"og:site_name\" content=\"Fundaci\u00f3n Caja Rural del Sur\" \/>\n<meta property=\"article:published_time\" content=\"2019-06-12T09:44:11+00:00\" \/>\n<meta property=\"og:image\" content=\"https:\/\/fundacioncajaruraldelsur.com\/wp-content\/uploads\/2019\/06\/landaluz.jpg\" \/>\n\t<meta property=\"og:image:width\" content=\"880\" \/>\n\t<meta property=\"og:image:height\" content=\"585\" \/>\n\t<meta property=\"og:image:type\" content=\"image\/jpeg\" \/>\n<meta name=\"author\" content=\"Comunicaci\u00f3n\" \/>\n<meta name=\"twitter:card\" content=\"summary_large_image\" \/>\n<meta name=\"twitter:label1\" content=\"Written by\" \/>\n\t<meta name=\"twitter:data1\" content=\"Comunicaci\u00f3n\" \/>\n\t<meta name=\"twitter:label2\" content=\"Est. reading time\" \/>\n\t<meta name=\"twitter:data2\" content=\"3 minutes\" \/>\n<script type=\"application\/ld+json\" class=\"yoast-schema-graph\">{\"@context\":\"https:\\\/\\\/schema.org\",\"@graph\":[{\"@type\":\"Article\",\"@id\":\"https:\\\/\\\/fundacioncajaruraldelsur.com\\\/apostamos-junto-con-landaluz-por-impulsar-el-sector-agroalimentario-de-andalucia\\\/#article\",\"isPartOf\":{\"@id\":\"https:\\\/\\\/fundacioncajaruraldelsur.com\\\/apostamos-junto-con-landaluz-por-impulsar-el-sector-agroalimentario-de-andalucia\\\/\"},\"author\":{\"name\":\"Comunicaci\u00f3n\",\"@id\":\"https:\\\/\\\/fundacioncajaruraldelsur.com\\\/#\\\/schema\\\/person\\\/f430da9fb783d505ff061ad8b3d44577\"},\"headline\":\"Apostamos junto con LANDALUZ por impulsar el sector agroalimentario de Andaluc\u00eda\",\"datePublished\":\"2019-06-12T09:44:11+00:00\",\"mainEntityOfPage\":{\"@id\":\"https:\\\/\\\/fundacioncajaruraldelsur.com\\\/apostamos-junto-con-landaluz-por-impulsar-el-sector-agroalimentario-de-andalucia\\\/\"},\"wordCount\":577,\"image\":{\"@id\":\"https:\\\/\\\/fundacioncajaruraldelsur.com\\\/apostamos-junto-con-landaluz-por-impulsar-el-sector-agroalimentario-de-andalucia\\\/#primaryimage\"},\"thumbnailUrl\":\"https:\\\/\\\/fundacioncajaruraldelsur.com\\\/wp-content\\\/uploads\\\/2019\\\/06\\\/landaluz.jpg\",\"articleSection\":[\"Colaboraci\u00f3n\",\"Convenios\"],\"inLanguage\":\"pt-PT\"},{\"@type\":\"WebPage\",\"@id\":\"https:\\\/\\\/fundacioncajaruraldelsur.com\\\/apostamos-junto-con-landaluz-por-impulsar-el-sector-agroalimentario-de-andalucia\\\/\",\"url\":\"https:\\\/\\\/fundacioncajaruraldelsur.com\\\/apostamos-junto-con-landaluz-por-impulsar-el-sector-agroalimentario-de-andalucia\\\/\",\"name\":\"Apostamos junto con LANDALUZ por impulsar el sector agroalimentario de Andaluc\u00eda - Fundaci\u00f3n Caja Rural del Sur\",\"isPartOf\":{\"@id\":\"https:\\\/\\\/fundacioncajaruraldelsur.com\\\/#website\"},\"primaryImageOfPage\":{\"@id\":\"https:\\\/\\\/fundacioncajaruraldelsur.com\\\/apostamos-junto-con-landaluz-por-impulsar-el-sector-agroalimentario-de-andalucia\\\/#primaryimage\"},\"image\":{\"@id\":\"https:\\\/\\\/fundacioncajaruraldelsur.com\\\/apostamos-junto-con-landaluz-por-impulsar-el-sector-agroalimentario-de-andalucia\\\/#primaryimage\"},\"thumbnailUrl\":\"https:\\\/\\\/fundacioncajaruraldelsur.com\\\/wp-content\\\/uploads\\\/2019\\\/06\\\/landaluz.jpg\",\"datePublished\":\"2019-06-12T09:44:11+00:00\",\"author\":{\"@id\":\"https:\\\/\\\/fundacioncajaruraldelsur.com\\\/#\\\/schema\\\/person\\\/f430da9fb783d505ff061ad8b3d44577\"},\"breadcrumb\":{\"@id\":\"https:\\\/\\\/fundacioncajaruraldelsur.com\\\/apostamos-junto-con-landaluz-por-impulsar-el-sector-agroalimentario-de-andalucia\\\/#breadcrumb\"},\"inLanguage\":\"pt-PT\",\"potentialAction\":[{\"@type\":\"ReadAction\",\"target\":[\"https:\\\/\\\/fundacioncajaruraldelsur.com\\\/apostamos-junto-con-landaluz-por-impulsar-el-sector-agroalimentario-de-andalucia\\\/\"]}]},{\"@type\":\"ImageObject\",\"inLanguage\":\"pt-PT\",\"@id\":\"https:\\\/\\\/fundacioncajaruraldelsur.com\\\/apostamos-junto-con-landaluz-por-impulsar-el-sector-agroalimentario-de-andalucia\\\/#primaryimage\",\"url\":\"https:\\\/\\\/fundacioncajaruraldelsur.com\\\/wp-content\\\/uploads\\\/2019\\\/06\\\/landaluz.jpg\",\"contentUrl\":\"https:\\\/\\\/fundacioncajaruraldelsur.com\\\/wp-content\\\/uploads\\\/2019\\\/06\\\/landaluz.jpg\",\"width\":880,\"height\":585},{\"@type\":\"BreadcrumbList\",\"@id\":\"https:\\\/\\\/fundacioncajaruraldelsur.com\\\/apostamos-junto-con-landaluz-por-impulsar-el-sector-agroalimentario-de-andalucia\\\/#breadcrumb\",\"itemListElement\":[{\"@type\":\"ListItem\",\"position\":1,\"name\":\"Portada\",\"item\":\"https:\\\/\\\/fundacioncajaruraldelsur.com\\\/\"},{\"@type\":\"ListItem\",\"position\":2,\"name\":\"Apostamos junto con LANDALUZ por impulsar el sector agroalimentario de Andaluc\u00eda\"}]},{\"@type\":\"WebSite\",\"@id\":\"https:\\\/\\\/fundacioncajaruraldelsur.com\\\/#website\",\"url\":\"https:\\\/\\\/fundacioncajaruraldelsur.com\\\/\",\"name\":\"Fundaci\u00f3n Caja Rural del Sur\",\"description\":\"\",\"potentialAction\":[{\"@type\":\"SearchAction\",\"target\":{\"@type\":\"EntryPoint\",\"urlTemplate\":\"https:\\\/\\\/fundacioncajaruraldelsur.com\\\/?s={search_term_string}\"},\"query-input\":{\"@type\":\"PropertyValueSpecification\",\"valueRequired\":true,\"valueName\":\"search_term_string\"}}],\"inLanguage\":\"pt-PT\"},{\"@type\":\"Person\",\"@id\":\"https:\\\/\\\/fundacioncajaruraldelsur.com\\\/#\\\/schema\\\/person\\\/f430da9fb783d505ff061ad8b3d44577\",\"name\":\"Comunicaci\u00f3n\",\"image\":{\"@type\":\"ImageObject\",\"inLanguage\":\"pt-PT\",\"@id\":\"https:\\\/\\\/secure.gravatar.com\\\/avatar\\\/0dca239875993680bac4603ad2de7942da018f52cc3a244578e0b3b09314a8d8?s=96&d=blank&r=g\",\"url\":\"https:\\\/\\\/secure.gravatar.com\\\/avatar\\\/0dca239875993680bac4603ad2de7942da018f52cc3a244578e0b3b09314a8d8?s=96&d=blank&r=g\",\"contentUrl\":\"https:\\\/\\\/secure.gravatar.com\\\/avatar\\\/0dca239875993680bac4603ad2de7942da018f52cc3a244578e0b3b09314a8d8?s=96&d=blank&r=g\",\"caption\":\"Comunicaci\u00f3n\"}}]}<\/script>\n<!-- \/ Yoast SEO plugin. -->","yoast_head_json":{"title":"Apostamos junto con LANDALUZ por impulsar el sector agroalimentario de Andaluc\u00eda - Fundaci\u00f3n Caja Rural del Sur","robots":{"index":"index","follow":"follow","max-snippet":"max-snippet:-1","max-image-preview":"max-image-preview:large","max-video-preview":"max-video-preview:-1"},"canonical":"https:\/\/fundacioncajaruraldelsur.com\/pt\/apostamos-junto-con-landaluz-por-impulsar-el-sector-agroalimentario-de-andalucia\/","og_locale":"pt_PT","og_type":"article","og_title":"Apostamos junto con LANDALUZ por impulsar el sector agroalimentario de Andaluc\u00eda - Fundaci\u00f3n Caja Rural del Sur","og_description":"El presidente de la Asociaci\u00f3n Empresarial Alimentos de Andaluc\u00eda, LANDALUZ, \u00c1lvaro Guill\u00e9n Benjumea, y el presidente de la Fundaci\u00f3n Caja Rural del Sur, Jos\u00e9 Luis Garc\u00eda-Palacios \u00c1lvarez, han renovado el [&hellip;]","og_url":"https:\/\/fundacioncajaruraldelsur.com\/pt\/apostamos-junto-con-landaluz-por-impulsar-el-sector-agroalimentario-de-andalucia\/","og_site_name":"Fundaci\u00f3n Caja Rural del Sur","article_published_time":"2019-06-12T09:44:11+00:00","og_image":[{"width":880,"height":585,"url":"https:\/\/fundacioncajaruraldelsur.com\/wp-content\/uploads\/2019\/06\/landaluz.jpg","type":"image\/jpeg"}],"author":"Comunicaci\u00f3n","twitter_card":"summary_large_image","twitter_misc":{"Written by":"Comunicaci\u00f3n","Est. reading time":"3 minutes"},"schema":{"@context":"https:\/\/schema.org","@graph":[{"@type":"Article","@id":"https:\/\/fundacioncajaruraldelsur.com\/apostamos-junto-con-landaluz-por-impulsar-el-sector-agroalimentario-de-andalucia\/#article","isPartOf":{"@id":"https:\/\/fundacioncajaruraldelsur.com\/apostamos-junto-con-landaluz-por-impulsar-el-sector-agroalimentario-de-andalucia\/"},"author":{"name":"Comunicaci\u00f3n","@id":"https:\/\/fundacioncajaruraldelsur.com\/#\/schema\/person\/f430da9fb783d505ff061ad8b3d44577"},"headline":"Apostamos junto con LANDALUZ por impulsar el sector agroalimentario de Andaluc\u00eda","datePublished":"2019-06-12T09:44:11+00:00","mainEntityOfPage":{"@id":"https:\/\/fundacioncajaruraldelsur.com\/apostamos-junto-con-landaluz-por-impulsar-el-sector-agroalimentario-de-andalucia\/"},"wordCount":577,"image":{"@id":"https:\/\/fundacioncajaruraldelsur.com\/apostamos-junto-con-landaluz-por-impulsar-el-sector-agroalimentario-de-andalucia\/#primaryimage"},"thumbnailUrl":"https:\/\/fundacioncajaruraldelsur.com\/wp-content\/uploads\/2019\/06\/landaluz.jpg","articleSection":["Colaboraci\u00f3n","Convenios"],"inLanguage":"pt-PT"},{"@type":"WebPage","@id":"https:\/\/fundacioncajaruraldelsur.com\/apostamos-junto-con-landaluz-por-impulsar-el-sector-agroalimentario-de-andalucia\/","url":"https:\/\/fundacioncajaruraldelsur.com\/apostamos-junto-con-landaluz-por-impulsar-el-sector-agroalimentario-de-andalucia\/","name":"Apostamos junto con LANDALUZ por impulsar el sector agroalimentario de Andaluc\u00eda - Fundaci\u00f3n Caja Rural del Sur","isPartOf":{"@id":"https:\/\/fundacioncajaruraldelsur.com\/#website"},"primaryImageOfPage":{"@id":"https:\/\/fundacioncajaruraldelsur.com\/apostamos-junto-con-landaluz-por-impulsar-el-sector-agroalimentario-de-andalucia\/#primaryimage"},"image":{"@id":"https:\/\/fundacioncajaruraldelsur.com\/apostamos-junto-con-landaluz-por-impulsar-el-sector-agroalimentario-de-andalucia\/#primaryimage"},"thumbnailUrl":"https:\/\/fundacioncajaruraldelsur.com\/wp-content\/uploads\/2019\/06\/landaluz.jpg","datePublished":"2019-06-12T09:44:11+00:00","author":{"@id":"https:\/\/fundacioncajaruraldelsur.com\/#\/schema\/person\/f430da9fb783d505ff061ad8b3d44577"},"breadcrumb":{"@id":"https:\/\/fundacioncajaruraldelsur.com\/apostamos-junto-con-landaluz-por-impulsar-el-sector-agroalimentario-de-andalucia\/#breadcrumb"},"inLanguage":"pt-PT","potentialAction":[{"@type":"ReadAction","target":["https:\/\/fundacioncajaruraldelsur.com\/apostamos-junto-con-landaluz-por-impulsar-el-sector-agroalimentario-de-andalucia\/"]}]},{"@type":"ImageObject","inLanguage":"pt-PT","@id":"https:\/\/fundacioncajaruraldelsur.com\/apostamos-junto-con-landaluz-por-impulsar-el-sector-agroalimentario-de-andalucia\/#primaryimage","url":"https:\/\/fundacioncajaruraldelsur.com\/wp-content\/uploads\/2019\/06\/landaluz.jpg","contentUrl":"https:\/\/fundacioncajaruraldelsur.com\/wp-content\/uploads\/2019\/06\/landaluz.jpg","width":880,"height":585},{"@type":"BreadcrumbList","@id":"https:\/\/fundacioncajaruraldelsur.com\/apostamos-junto-con-landaluz-por-impulsar-el-sector-agroalimentario-de-andalucia\/#breadcrumb","itemListElement":[{"@type":"ListItem","position":1,"name":"Portada","item":"https:\/\/fundacioncajaruraldelsur.com\/"},{"@type":"ListItem","position":2,"name":"Apostamos junto con LANDALUZ por impulsar el sector agroalimentario de Andaluc\u00eda"}]},{"@type":"WebSite","@id":"https:\/\/fundacioncajaruraldelsur.com\/#website","url":"https:\/\/fundacioncajaruraldelsur.com\/","name":"Funda\u00e7\u00e3o Caja Rural del Sur","description":"","potentialAction":[{"@type":"SearchAction","target":{"@type":"EntryPoint","urlTemplate":"https:\/\/fundacioncajaruraldelsur.com\/?s={search_term_string}"},"query-input":{"@type":"PropertyValueSpecification","valueRequired":true,"valueName":"search_term_string"}}],"inLanguage":"pt-PT"},{"@type":"Person","@id":"https:\/\/fundacioncajaruraldelsur.com\/#\/schema\/person\/f430da9fb783d505ff061ad8b3d44577","name":"Comunicaci\u00f3n","image":{"@type":"ImageObject","inLanguage":"pt-PT","@id":"https:\/\/secure.gravatar.com\/avatar\/0dca239875993680bac4603ad2de7942da018f52cc3a244578e0b3b09314a8d8?s=96&d=blank&r=g","url":"https:\/\/secure.gravatar.com\/avatar\/0dca239875993680bac4603ad2de7942da018f52cc3a244578e0b3b09314a8d8?s=96&d=blank&r=g","contentUrl":"https:\/\/secure.gravatar.com\/avatar\/0dca239875993680bac4603ad2de7942da018f52cc3a244578e0b3b09314a8d8?s=96&d=blank&r=g","caption":"Comunicaci\u00f3n"}}]}},"rttpg_featured_image_url":{"full":["https:\/\/fundacioncajaruraldelsur.com\/wp-content\/uploads\/2019\/06\/landaluz.jpg",880,585,false],"landscape":["https:\/\/fundacioncajaruraldelsur.com\/wp-content\/uploads\/2019\/06\/landaluz.jpg",880,585,false],"portraits":["https:\/\/fundacioncajaruraldelsur.com\/wp-content\/uploads\/2019\/06\/landaluz.jpg",880,585,false],"thumbnail":["https:\/\/fundacioncajaruraldelsur.com\/wp-content\/uploads\/2019\/06\/landaluz-150x150.jpg",150,150,true],"medium":["https:\/\/fundacioncajaruraldelsur.com\/wp-content\/uploads\/2019\/06\/landaluz-300x199.jpg",300,199,true],"large":["https:\/\/fundacioncajaruraldelsur.com\/wp-content\/uploads\/2019\/06\/landaluz.jpg",880,585,false],"1536x1536":["https:\/\/fundacioncajaruraldelsur.com\/wp-content\/uploads\/2019\/06\/landaluz.jpg",880,585,false],"2048x2048":["https:\/\/fundacioncajaruraldelsur.com\/wp-content\/uploads\/2019\/06\/landaluz.jpg",880,585,false],"trp-custom-language-flag":["https:\/\/fundacioncajaruraldelsur.com\/wp-content\/uploads\/2019\/06\/landaluz.jpg",18,12,false],"blog-thumbnail":["https:\/\/fundacioncajaruraldelsur.com\/wp-content\/uploads\/2019\/06\/landaluz-400x200.jpg",400,200,true]},"rttpg_author":{"display_name":"Comunicaci\u00f3n","author_link":"https:\/\/fundacioncajaruraldelsur.com\/pt\/author\/sevillaadmin\/"},"rttpg_comment":0,"rttpg_category":"<a href=\"https:\/\/fundacioncajaruraldelsur.com\/pt\/category\/colaboracion\/\" rel=\"category tag\">Colaboraci\u00f3n<\/a> <a href=\"https:\/\/fundacioncajaruraldelsur.com\/pt\/category\/convenios\/\" rel=\"category tag\">Convenios<\/a>","rttpg_excerpt":"El presidente de la Asociaci\u00f3n Empresarial Alimentos de Andaluc\u00eda, LANDALUZ, \u00c1lvaro Guill\u00e9n Benjumea, y el presidente de la Fundaci\u00f3n Caja Rural del Sur, Jos\u00e9 Luis Garc\u00eda-Palacios \u00c1lvarez, han renovado el [&hellip;]","_links":{"self":[{"href":"https:\/\/fundacioncajaruraldelsur.com\/pt\/wp-json\/wp\/v2\/posts\/4882","targetHints":{"allow":["GET"]}}],"collection":[{"href":"https:\/\/fundacioncajaruraldelsur.com\/pt\/wp-json\/wp\/v2\/posts"}],"about":[{"href":"https:\/\/fundacioncajaruraldelsur.com\/pt\/wp-json\/wp\/v2\/types\/post"}],"author":[{"embeddable":true,"href":"https:\/\/fundacioncajaruraldelsur.com\/pt\/wp-json\/wp\/v2\/users\/6"}],"replies":[{"embeddable":true,"href":"https:\/\/fundacioncajaruraldelsur.com\/pt\/wp-json\/wp\/v2\/comments?post=4882"}],"version-history":[{"count":1,"href":"https:\/\/fundacioncajaruraldelsur.com\/pt\/wp-json\/wp\/v2\/posts\/4882\/revisions"}],"predecessor-version":[{"id":4884,"href":"https:\/\/fundacioncajaruraldelsur.com\/pt\/wp-json\/wp\/v2\/posts\/4882\/revisions\/4884"}],"wp:featuredmedia":[{"embeddable":true,"href":"https:\/\/fundacioncajaruraldelsur.com\/pt\/wp-json\/wp\/v2\/media\/4883"}],"wp:attachment":[{"href":"https:\/\/fundacioncajaruraldelsur.com\/pt\/wp-json\/wp\/v2\/media?parent=4882"}],"wp:term":[{"taxonomy":"category","embeddable":true,"href":"https:\/\/fundacioncajaruraldelsur.com\/pt\/wp-json\/wp\/v2\/categories?post=4882"},{"taxonomy":"post_tag","embeddable":true,"href":"https:\/\/fundacioncajaruraldelsur.com\/pt\/wp-json\/wp\/v2\/tags?post=4882"}],"curies":[{"name":"wp","href":"https:\/\/api.w.org\/{rel}","templated":true}]}}