{"id":4857,"date":"2019-06-06T14:31:46","date_gmt":"2019-06-06T12:31:46","guid":{"rendered":"\/?p=4857"},"modified":"2019-06-06T14:41:07","modified_gmt":"2019-06-06T12:41:07","slug":"presentada-en-sevilla-la-obra-miura-175-anos-a-traves-de-los-carteles-y-la-prensa-de-luis-rufino-charlo","status":"publish","type":"post","link":"https:\/\/fundacioncajaruraldelsur.com\/pt\/presentada-en-sevilla-la-obra-miura-175-anos-a-traves-de-los-carteles-y-la-prensa-de-luis-rufino-charlo\/","title":{"rendered":"Presentada en Sevilla la obra \u201cMiura, 175 a\u00f1os a trav\u00e9s de los carteles y la prensa\u201d de Luis Rufino Charlo"},"content":{"rendered":"<p>El coleccionista e investigador sevillano, Luis Rufino Charlo, ha presentado en la Fundaci\u00f3n Caja Rural del Sur de Sevilla el libro \u2018Miura, 175 a\u00f1os a trav\u00e9s de los carteles y de la prensa\u2019 que recoge una amplia muestra de la historia de la ganader\u00eda de toros Miura, que actualmente est\u00e1 en manos de la quinta generaci\u00f3n de la familia ganadera.<\/p>\n<p>El libro, editado con la colaboraci\u00f3n de la Fundaci\u00f3n Caja Rural del Sur, est\u00e1 basado en un minucioso trabajo por parte del autor de recopilaci\u00f3n de carteles y cr\u00f3nicas, (principalmente de Sevilla) y otros acontecimientos destacados de esta vacada.<\/p>\n<p>El presidente de la Fundaci\u00f3n Caja Rural del Sur, Jos\u00e9 Luis Garc\u00eda-Palacios \u00c1lvarez, seg\u00fan rese\u00f1a en el pr\u00f3logo de la obra, Garc\u00eda-Palacios subraya que \u201cese respeto a Miura se podr\u00eda contemplar campando en los alrededores del Coso del Baratillo, o en cualquier Plaza de Toros que se honre en lidiar una de sus seleccionadas corridas. Ese signo de reverencia que supone el respeto es, sin duda, el mayor halago que puede recibirse por un ganadero\u201d.<\/p>\n<p>Por ello, seg\u00fan escribe el presidente de la Fundaci\u00f3n Caja Rural del Sur \u201cese respeto no debemos confundirlo con la dureza o la sensaci\u00f3n de la tragedia, -indeseable fruto para cualquier ganadero-, siendo especialmente relevante que ese respeto siga inamoviblemente ligado a este hierro, entre otras cosas, porque es un reconocimiento que se tarda muchos a\u00f1os, d\u00e9cadas y hasta siglos en conseguirlo, aferrarlo \u00edntimamente a la forma de hacer las cosas y hasta en la manera de vivir\u201d.<\/p>\n<p>La obra realizada por Luis Rufino Charlo recoge 175 a\u00f1os de historia de una ganader\u00eda de toro bravo que sigue siendo un referente para el mundo taurino. As\u00ed, recorre toda su evoluci\u00f3n desde que los Miura se presentaron en Sevilla el 15 de agosto de 1846 con una novillada que mat\u00f3 el torero Jos\u00e9 Carmona.<\/p>\n<p>Se trata de una ganader\u00eda y una familia que abarca tres siglos: desde la mitad del siglo XIX, pasando por todo el XX y las dos primeras d\u00e9cadas del siglo XXI. Empec\u00e9 a mirar papeles, acumulando documentaci\u00f3n, seleccionando datos y fruto de ese trabajo ha resultado la edici\u00f3n de este libro.<\/p>\n<p>Seg\u00fan ha explicado el autor, en 2017 se celebr\u00f3 la conmemoraci\u00f3n del 175 aniversario de la ganader\u00eda de Miura y con ese motivo se organiz\u00f3 una peque\u00f1a exposici\u00f3n, \u201ciniciativa a partir de la cual surgi\u00f3 la idea de llevar a cabo la edici\u00f3n e esta obra a partir de ah\u00ed, con toda la documentaci\u00f3n que pose\u00eda, pens\u00e9 en la necesidad de hacer algo de m\u00e1s alcance\u201d, ha indicado.<\/p>\n<p><strong>El autor<\/strong><\/p>\n<p>Nacido el 3 de enero 1965 en Sevilla, en el seno de una de las m\u00e1s afamadas y antiguas familias ganaderas de Espa\u00f1a. Con destacados antecedentes taurinos, es descendiente de Manuel Su\u00e1rez Cordero, Anastasio Mart\u00edn, Antonio Carmona \u2018El Gordito\u2019, sobrino de los rejoneadores \u00c1ngel Peralta y Pepe Anastasio Moreno y bisnieto de Ram\u00f3n Charlo, empresario de las plazas de Toros de Sevilla y Madrid.<\/p>\n<p>Ha publicado anteriormente, en la revista de la Fundaci\u00f3n de Estudios Taurinos. Licenciado en Derecho por la Universidad de Sevilla. Abogado y Procurador de los Ilustres Colegios de Sevilla. Hermano de la Hermandad de la Candelaria de Sevilla, de la Pura y Limpia del Postigo y de la P\u00eda Uni\u00f3n.<\/p>\n<p><a href=\"\/wp-content\/uploads\/2019\/06\/Miura2.jpg\" rel=\"lightbox-0\"><img loading=\"lazy\" decoding=\"async\" class=\"alignnone wp-image-4859 size-full\" src=\"\/wp-content\/uploads\/2019\/06\/Miura2.jpg\" alt=\"\" width=\"768\" height=\"576\" srcset=\"https:\/\/fundacioncajaruraldelsur.com\/wp-content\/uploads\/2019\/06\/Miura2.jpg 768w, https:\/\/fundacioncajaruraldelsur.com\/wp-content\/uploads\/2019\/06\/Miura2-300x225.jpg 300w\" sizes=\"auto, (max-width: 768px) 100vw, 768px\" \/><\/a><\/p>","protected":false},"excerpt":{"rendered":"<p>El coleccionista e investigador sevillano, Luis Rufino Charlo, ha presentado en la Fundaci\u00f3n Caja Rural del Sur de Sevilla el libro \u2018Miura, 175 a\u00f1os a trav\u00e9s de los carteles y [&hellip;]<\/p>\n","protected":false},"author":6,"featured_media":4858,"comment_status":"closed","ping_status":"closed","sticky":false,"template":"","format":"standard","meta":{"footnotes":""},"categories":[66],"tags":[],"class_list":["post-4857","post","type-post","status-publish","format-standard","has-post-thumbnail","hentry","category-actos"],"yoast_head":"<!-- This site is optimized with the Yoast SEO plugin v27.3 - https:\/\/yoast.com\/product\/yoast-seo-wordpress\/ -->\n<title>Presentada en Sevilla la obra \u201cMiura, 175 a\u00f1os a trav\u00e9s de los carteles y la prensa\u201d de Luis Rufino Charlo - Fundaci\u00f3n Caja Rural del Sur<\/title>\n<meta name=\"robots\" content=\"index, follow, max-snippet:-1, max-image-preview:large, max-video-preview:-1\" \/>\n<link rel=\"canonical\" href=\"https:\/\/fundacioncajaruraldelsur.com\/pt\/presentada-en-sevilla-la-obra-miura-175-anos-a-traves-de-los-carteles-y-la-prensa-de-luis-rufino-charlo\/\" \/>\n<meta property=\"og:locale\" content=\"pt_PT\" \/>\n<meta property=\"og:type\" content=\"article\" \/>\n<meta property=\"og:title\" content=\"Presentada en Sevilla la obra \u201cMiura, 175 a\u00f1os a trav\u00e9s de los carteles y la prensa\u201d de Luis Rufino Charlo - Fundaci\u00f3n Caja Rural del Sur\" \/>\n<meta property=\"og:description\" content=\"El coleccionista e investigador sevillano, Luis Rufino Charlo, ha presentado en la Fundaci\u00f3n Caja Rural del Sur de Sevilla el libro \u2018Miura, 175 a\u00f1os a trav\u00e9s de los carteles y [&hellip;]\" \/>\n<meta property=\"og:url\" content=\"https:\/\/fundacioncajaruraldelsur.com\/pt\/presentada-en-sevilla-la-obra-miura-175-anos-a-traves-de-los-carteles-y-la-prensa-de-luis-rufino-charlo\/\" \/>\n<meta property=\"og:site_name\" content=\"Fundaci\u00f3n Caja Rural del Sur\" \/>\n<meta property=\"article:published_time\" content=\"2019-06-06T12:31:46+00:00\" \/>\n<meta property=\"article:modified_time\" content=\"2019-06-06T12:41:07+00:00\" \/>\n<meta property=\"og:image\" content=\"https:\/\/fundacioncajaruraldelsur.com\/wp-content\/uploads\/2019\/06\/Miura.jpg\" \/>\n\t<meta property=\"og:image:width\" content=\"833\" \/>\n\t<meta property=\"og:image:height\" content=\"625\" \/>\n\t<meta property=\"og:image:type\" content=\"image\/jpeg\" \/>\n<meta name=\"author\" content=\"Comunicaci\u00f3n\" \/>\n<meta name=\"twitter:card\" content=\"summary_large_image\" \/>\n<meta name=\"twitter:label1\" content=\"Written by\" \/>\n\t<meta name=\"twitter:data1\" content=\"Comunicaci\u00f3n\" \/>\n\t<meta name=\"twitter:label2\" content=\"Est. reading time\" \/>\n\t<meta name=\"twitter:data2\" content=\"3 minutes\" \/>\n<script type=\"application\/ld+json\" class=\"yoast-schema-graph\">{\"@context\":\"https:\\\/\\\/schema.org\",\"@graph\":[{\"@type\":\"Article\",\"@id\":\"https:\\\/\\\/fundacioncajaruraldelsur.com\\\/presentada-en-sevilla-la-obra-miura-175-anos-a-traves-de-los-carteles-y-la-prensa-de-luis-rufino-charlo\\\/#article\",\"isPartOf\":{\"@id\":\"https:\\\/\\\/fundacioncajaruraldelsur.com\\\/presentada-en-sevilla-la-obra-miura-175-anos-a-traves-de-los-carteles-y-la-prensa-de-luis-rufino-charlo\\\/\"},\"author\":{\"name\":\"Comunicaci\u00f3n\",\"@id\":\"https:\\\/\\\/fundacioncajaruraldelsur.com\\\/#\\\/schema\\\/person\\\/f430da9fb783d505ff061ad8b3d44577\"},\"headline\":\"Presentada en Sevilla la obra \u201cMiura, 175 a\u00f1os a trav\u00e9s de los carteles y la prensa\u201d de Luis Rufino Charlo\",\"datePublished\":\"2019-06-06T12:31:46+00:00\",\"dateModified\":\"2019-06-06T12:41:07+00:00\",\"mainEntityOfPage\":{\"@id\":\"https:\\\/\\\/fundacioncajaruraldelsur.com\\\/presentada-en-sevilla-la-obra-miura-175-anos-a-traves-de-los-carteles-y-la-prensa-de-luis-rufino-charlo\\\/\"},\"wordCount\":600,\"image\":{\"@id\":\"https:\\\/\\\/fundacioncajaruraldelsur.com\\\/presentada-en-sevilla-la-obra-miura-175-anos-a-traves-de-los-carteles-y-la-prensa-de-luis-rufino-charlo\\\/#primaryimage\"},\"thumbnailUrl\":\"https:\\\/\\\/fundacioncajaruraldelsur.com\\\/wp-content\\\/uploads\\\/2019\\\/06\\\/Miura.jpg\",\"articleSection\":[\"Actos\"],\"inLanguage\":\"pt-PT\"},{\"@type\":\"WebPage\",\"@id\":\"https:\\\/\\\/fundacioncajaruraldelsur.com\\\/presentada-en-sevilla-la-obra-miura-175-anos-a-traves-de-los-carteles-y-la-prensa-de-luis-rufino-charlo\\\/\",\"url\":\"https:\\\/\\\/fundacioncajaruraldelsur.com\\\/presentada-en-sevilla-la-obra-miura-175-anos-a-traves-de-los-carteles-y-la-prensa-de-luis-rufino-charlo\\\/\",\"name\":\"Presentada en Sevilla la obra \u201cMiura, 175 a\u00f1os a trav\u00e9s de los carteles y la prensa\u201d de Luis Rufino Charlo - Fundaci\u00f3n Caja Rural del Sur\",\"isPartOf\":{\"@id\":\"https:\\\/\\\/fundacioncajaruraldelsur.com\\\/#website\"},\"primaryImageOfPage\":{\"@id\":\"https:\\\/\\\/fundacioncajaruraldelsur.com\\\/presentada-en-sevilla-la-obra-miura-175-anos-a-traves-de-los-carteles-y-la-prensa-de-luis-rufino-charlo\\\/#primaryimage\"},\"image\":{\"@id\":\"https:\\\/\\\/fundacioncajaruraldelsur.com\\\/presentada-en-sevilla-la-obra-miura-175-anos-a-traves-de-los-carteles-y-la-prensa-de-luis-rufino-charlo\\\/#primaryimage\"},\"thumbnailUrl\":\"https:\\\/\\\/fundacioncajaruraldelsur.com\\\/wp-content\\\/uploads\\\/2019\\\/06\\\/Miura.jpg\",\"datePublished\":\"2019-06-06T12:31:46+00:00\",\"dateModified\":\"2019-06-06T12:41:07+00:00\",\"author\":{\"@id\":\"https:\\\/\\\/fundacioncajaruraldelsur.com\\\/#\\\/schema\\\/person\\\/f430da9fb783d505ff061ad8b3d44577\"},\"breadcrumb\":{\"@id\":\"https:\\\/\\\/fundacioncajaruraldelsur.com\\\/presentada-en-sevilla-la-obra-miura-175-anos-a-traves-de-los-carteles-y-la-prensa-de-luis-rufino-charlo\\\/#breadcrumb\"},\"inLanguage\":\"pt-PT\",\"potentialAction\":[{\"@type\":\"ReadAction\",\"target\":[\"https:\\\/\\\/fundacioncajaruraldelsur.com\\\/presentada-en-sevilla-la-obra-miura-175-anos-a-traves-de-los-carteles-y-la-prensa-de-luis-rufino-charlo\\\/\"]}]},{\"@type\":\"ImageObject\",\"inLanguage\":\"pt-PT\",\"@id\":\"https:\\\/\\\/fundacioncajaruraldelsur.com\\\/presentada-en-sevilla-la-obra-miura-175-anos-a-traves-de-los-carteles-y-la-prensa-de-luis-rufino-charlo\\\/#primaryimage\",\"url\":\"https:\\\/\\\/fundacioncajaruraldelsur.com\\\/wp-content\\\/uploads\\\/2019\\\/06\\\/Miura.jpg\",\"contentUrl\":\"https:\\\/\\\/fundacioncajaruraldelsur.com\\\/wp-content\\\/uploads\\\/2019\\\/06\\\/Miura.jpg\",\"width\":833,\"height\":625},{\"@type\":\"BreadcrumbList\",\"@id\":\"https:\\\/\\\/fundacioncajaruraldelsur.com\\\/presentada-en-sevilla-la-obra-miura-175-anos-a-traves-de-los-carteles-y-la-prensa-de-luis-rufino-charlo\\\/#breadcrumb\",\"itemListElement\":[{\"@type\":\"ListItem\",\"position\":1,\"name\":\"Portada\",\"item\":\"https:\\\/\\\/fundacioncajaruraldelsur.com\\\/\"},{\"@type\":\"ListItem\",\"position\":2,\"name\":\"Presentada en Sevilla la obra \u201cMiura, 175 a\u00f1os a trav\u00e9s de los carteles y la prensa\u201d de Luis Rufino Charlo\"}]},{\"@type\":\"WebSite\",\"@id\":\"https:\\\/\\\/fundacioncajaruraldelsur.com\\\/#website\",\"url\":\"https:\\\/\\\/fundacioncajaruraldelsur.com\\\/\",\"name\":\"Fundaci\u00f3n Caja Rural del Sur\",\"description\":\"\",\"potentialAction\":[{\"@type\":\"SearchAction\",\"target\":{\"@type\":\"EntryPoint\",\"urlTemplate\":\"https:\\\/\\\/fundacioncajaruraldelsur.com\\\/?s={search_term_string}\"},\"query-input\":{\"@type\":\"PropertyValueSpecification\",\"valueRequired\":true,\"valueName\":\"search_term_string\"}}],\"inLanguage\":\"pt-PT\"},{\"@type\":\"Person\",\"@id\":\"https:\\\/\\\/fundacioncajaruraldelsur.com\\\/#\\\/schema\\\/person\\\/f430da9fb783d505ff061ad8b3d44577\",\"name\":\"Comunicaci\u00f3n\",\"image\":{\"@type\":\"ImageObject\",\"inLanguage\":\"pt-PT\",\"@id\":\"https:\\\/\\\/secure.gravatar.com\\\/avatar\\\/0dca239875993680bac4603ad2de7942da018f52cc3a244578e0b3b09314a8d8?s=96&d=blank&r=g\",\"url\":\"https:\\\/\\\/secure.gravatar.com\\\/avatar\\\/0dca239875993680bac4603ad2de7942da018f52cc3a244578e0b3b09314a8d8?s=96&d=blank&r=g\",\"contentUrl\":\"https:\\\/\\\/secure.gravatar.com\\\/avatar\\\/0dca239875993680bac4603ad2de7942da018f52cc3a244578e0b3b09314a8d8?s=96&d=blank&r=g\",\"caption\":\"Comunicaci\u00f3n\"}}]}<\/script>\n<!-- \/ Yoast SEO plugin. -->","yoast_head_json":{"title":"Presentada en Sevilla la obra \u201cMiura, 175 a\u00f1os a trav\u00e9s de los carteles y la prensa\u201d de Luis Rufino Charlo - Fundaci\u00f3n Caja Rural del Sur","robots":{"index":"index","follow":"follow","max-snippet":"max-snippet:-1","max-image-preview":"max-image-preview:large","max-video-preview":"max-video-preview:-1"},"canonical":"https:\/\/fundacioncajaruraldelsur.com\/pt\/presentada-en-sevilla-la-obra-miura-175-anos-a-traves-de-los-carteles-y-la-prensa-de-luis-rufino-charlo\/","og_locale":"pt_PT","og_type":"article","og_title":"Presentada en Sevilla la obra \u201cMiura, 175 a\u00f1os a trav\u00e9s de los carteles y la prensa\u201d de Luis Rufino Charlo - Fundaci\u00f3n Caja Rural del Sur","og_description":"El coleccionista e investigador sevillano, Luis Rufino Charlo, ha presentado en la Fundaci\u00f3n Caja Rural del Sur de Sevilla el libro \u2018Miura, 175 a\u00f1os a trav\u00e9s de los carteles y [&hellip;]","og_url":"https:\/\/fundacioncajaruraldelsur.com\/pt\/presentada-en-sevilla-la-obra-miura-175-anos-a-traves-de-los-carteles-y-la-prensa-de-luis-rufino-charlo\/","og_site_name":"Fundaci\u00f3n Caja Rural del Sur","article_published_time":"2019-06-06T12:31:46+00:00","article_modified_time":"2019-06-06T12:41:07+00:00","og_image":[{"width":833,"height":625,"url":"https:\/\/fundacioncajaruraldelsur.com\/wp-content\/uploads\/2019\/06\/Miura.jpg","type":"image\/jpeg"}],"author":"Comunicaci\u00f3n","twitter_card":"summary_large_image","twitter_misc":{"Written by":"Comunicaci\u00f3n","Est. reading time":"3 minutes"},"schema":{"@context":"https:\/\/schema.org","@graph":[{"@type":"Article","@id":"https:\/\/fundacioncajaruraldelsur.com\/presentada-en-sevilla-la-obra-miura-175-anos-a-traves-de-los-carteles-y-la-prensa-de-luis-rufino-charlo\/#article","isPartOf":{"@id":"https:\/\/fundacioncajaruraldelsur.com\/presentada-en-sevilla-la-obra-miura-175-anos-a-traves-de-los-carteles-y-la-prensa-de-luis-rufino-charlo\/"},"author":{"name":"Comunicaci\u00f3n","@id":"https:\/\/fundacioncajaruraldelsur.com\/#\/schema\/person\/f430da9fb783d505ff061ad8b3d44577"},"headline":"Presentada en Sevilla la obra \u201cMiura, 175 a\u00f1os a trav\u00e9s de los carteles y la prensa\u201d de Luis Rufino Charlo","datePublished":"2019-06-06T12:31:46+00:00","dateModified":"2019-06-06T12:41:07+00:00","mainEntityOfPage":{"@id":"https:\/\/fundacioncajaruraldelsur.com\/presentada-en-sevilla-la-obra-miura-175-anos-a-traves-de-los-carteles-y-la-prensa-de-luis-rufino-charlo\/"},"wordCount":600,"image":{"@id":"https:\/\/fundacioncajaruraldelsur.com\/presentada-en-sevilla-la-obra-miura-175-anos-a-traves-de-los-carteles-y-la-prensa-de-luis-rufino-charlo\/#primaryimage"},"thumbnailUrl":"https:\/\/fundacioncajaruraldelsur.com\/wp-content\/uploads\/2019\/06\/Miura.jpg","articleSection":["Actos"],"inLanguage":"pt-PT"},{"@type":"WebPage","@id":"https:\/\/fundacioncajaruraldelsur.com\/presentada-en-sevilla-la-obra-miura-175-anos-a-traves-de-los-carteles-y-la-prensa-de-luis-rufino-charlo\/","url":"https:\/\/fundacioncajaruraldelsur.com\/presentada-en-sevilla-la-obra-miura-175-anos-a-traves-de-los-carteles-y-la-prensa-de-luis-rufino-charlo\/","name":"Presentada en Sevilla la obra \u201cMiura, 175 a\u00f1os a trav\u00e9s de los carteles y la prensa\u201d de Luis Rufino Charlo - Fundaci\u00f3n Caja Rural del Sur","isPartOf":{"@id":"https:\/\/fundacioncajaruraldelsur.com\/#website"},"primaryImageOfPage":{"@id":"https:\/\/fundacioncajaruraldelsur.com\/presentada-en-sevilla-la-obra-miura-175-anos-a-traves-de-los-carteles-y-la-prensa-de-luis-rufino-charlo\/#primaryimage"},"image":{"@id":"https:\/\/fundacioncajaruraldelsur.com\/presentada-en-sevilla-la-obra-miura-175-anos-a-traves-de-los-carteles-y-la-prensa-de-luis-rufino-charlo\/#primaryimage"},"thumbnailUrl":"https:\/\/fundacioncajaruraldelsur.com\/wp-content\/uploads\/2019\/06\/Miura.jpg","datePublished":"2019-06-06T12:31:46+00:00","dateModified":"2019-06-06T12:41:07+00:00","author":{"@id":"https:\/\/fundacioncajaruraldelsur.com\/#\/schema\/person\/f430da9fb783d505ff061ad8b3d44577"},"breadcrumb":{"@id":"https:\/\/fundacioncajaruraldelsur.com\/presentada-en-sevilla-la-obra-miura-175-anos-a-traves-de-los-carteles-y-la-prensa-de-luis-rufino-charlo\/#breadcrumb"},"inLanguage":"pt-PT","potentialAction":[{"@type":"ReadAction","target":["https:\/\/fundacioncajaruraldelsur.com\/presentada-en-sevilla-la-obra-miura-175-anos-a-traves-de-los-carteles-y-la-prensa-de-luis-rufino-charlo\/"]}]},{"@type":"ImageObject","inLanguage":"pt-PT","@id":"https:\/\/fundacioncajaruraldelsur.com\/presentada-en-sevilla-la-obra-miura-175-anos-a-traves-de-los-carteles-y-la-prensa-de-luis-rufino-charlo\/#primaryimage","url":"https:\/\/fundacioncajaruraldelsur.com\/wp-content\/uploads\/2019\/06\/Miura.jpg","contentUrl":"https:\/\/fundacioncajaruraldelsur.com\/wp-content\/uploads\/2019\/06\/Miura.jpg","width":833,"height":625},{"@type":"BreadcrumbList","@id":"https:\/\/fundacioncajaruraldelsur.com\/presentada-en-sevilla-la-obra-miura-175-anos-a-traves-de-los-carteles-y-la-prensa-de-luis-rufino-charlo\/#breadcrumb","itemListElement":[{"@type":"ListItem","position":1,"name":"Portada","item":"https:\/\/fundacioncajaruraldelsur.com\/"},{"@type":"ListItem","position":2,"name":"Presentada en Sevilla la obra \u201cMiura, 175 a\u00f1os a trav\u00e9s de los carteles y la prensa\u201d de Luis Rufino Charlo"}]},{"@type":"WebSite","@id":"https:\/\/fundacioncajaruraldelsur.com\/#website","url":"https:\/\/fundacioncajaruraldelsur.com\/","name":"Funda\u00e7\u00e3o Caja Rural del Sur","description":"","potentialAction":[{"@type":"SearchAction","target":{"@type":"EntryPoint","urlTemplate":"https:\/\/fundacioncajaruraldelsur.com\/?s={search_term_string}"},"query-input":{"@type":"PropertyValueSpecification","valueRequired":true,"valueName":"search_term_string"}}],"inLanguage":"pt-PT"},{"@type":"Person","@id":"https:\/\/fundacioncajaruraldelsur.com\/#\/schema\/person\/f430da9fb783d505ff061ad8b3d44577","name":"Comunicaci\u00f3n","image":{"@type":"ImageObject","inLanguage":"pt-PT","@id":"https:\/\/secure.gravatar.com\/avatar\/0dca239875993680bac4603ad2de7942da018f52cc3a244578e0b3b09314a8d8?s=96&d=blank&r=g","url":"https:\/\/secure.gravatar.com\/avatar\/0dca239875993680bac4603ad2de7942da018f52cc3a244578e0b3b09314a8d8?s=96&d=blank&r=g","contentUrl":"https:\/\/secure.gravatar.com\/avatar\/0dca239875993680bac4603ad2de7942da018f52cc3a244578e0b3b09314a8d8?s=96&d=blank&r=g","caption":"Comunicaci\u00f3n"}}]}},"rttpg_featured_image_url":{"full":["https:\/\/fundacioncajaruraldelsur.com\/wp-content\/uploads\/2019\/06\/Miura.jpg",833,625,false],"landscape":["https:\/\/fundacioncajaruraldelsur.com\/wp-content\/uploads\/2019\/06\/Miura.jpg",833,625,false],"portraits":["https:\/\/fundacioncajaruraldelsur.com\/wp-content\/uploads\/2019\/06\/Miura.jpg",833,625,false],"thumbnail":["https:\/\/fundacioncajaruraldelsur.com\/wp-content\/uploads\/2019\/06\/Miura-150x150.jpg",150,150,true],"medium":["https:\/\/fundacioncajaruraldelsur.com\/wp-content\/uploads\/2019\/06\/Miura-300x225.jpg",300,225,true],"large":["https:\/\/fundacioncajaruraldelsur.com\/wp-content\/uploads\/2019\/06\/Miura.jpg",833,625,false],"1536x1536":["https:\/\/fundacioncajaruraldelsur.com\/wp-content\/uploads\/2019\/06\/Miura.jpg",833,625,false],"2048x2048":["https:\/\/fundacioncajaruraldelsur.com\/wp-content\/uploads\/2019\/06\/Miura.jpg",833,625,false],"trp-custom-language-flag":["https:\/\/fundacioncajaruraldelsur.com\/wp-content\/uploads\/2019\/06\/Miura.jpg",16,12,false],"blog-thumbnail":["https:\/\/fundacioncajaruraldelsur.com\/wp-content\/uploads\/2019\/06\/Miura-400x200.jpg",400,200,true]},"rttpg_author":{"display_name":"Comunicaci\u00f3n","author_link":"https:\/\/fundacioncajaruraldelsur.com\/pt\/author\/sevillaadmin\/"},"rttpg_comment":0,"rttpg_category":"<a href=\"https:\/\/fundacioncajaruraldelsur.com\/pt\/category\/actos\/\" rel=\"category tag\">Actos<\/a>","rttpg_excerpt":"El coleccionista e investigador sevillano, Luis Rufino Charlo, ha presentado en la Fundaci\u00f3n Caja Rural del Sur de Sevilla el libro \u2018Miura, 175 a\u00f1os a trav\u00e9s de los carteles y [&hellip;]","_links":{"self":[{"href":"https:\/\/fundacioncajaruraldelsur.com\/pt\/wp-json\/wp\/v2\/posts\/4857","targetHints":{"allow":["GET"]}}],"collection":[{"href":"https:\/\/fundacioncajaruraldelsur.com\/pt\/wp-json\/wp\/v2\/posts"}],"about":[{"href":"https:\/\/fundacioncajaruraldelsur.com\/pt\/wp-json\/wp\/v2\/types\/post"}],"author":[{"embeddable":true,"href":"https:\/\/fundacioncajaruraldelsur.com\/pt\/wp-json\/wp\/v2\/users\/6"}],"replies":[{"embeddable":true,"href":"https:\/\/fundacioncajaruraldelsur.com\/pt\/wp-json\/wp\/v2\/comments?post=4857"}],"version-history":[{"count":3,"href":"https:\/\/fundacioncajaruraldelsur.com\/pt\/wp-json\/wp\/v2\/posts\/4857\/revisions"}],"predecessor-version":[{"id":4862,"href":"https:\/\/fundacioncajaruraldelsur.com\/pt\/wp-json\/wp\/v2\/posts\/4857\/revisions\/4862"}],"wp:featuredmedia":[{"embeddable":true,"href":"https:\/\/fundacioncajaruraldelsur.com\/pt\/wp-json\/wp\/v2\/media\/4858"}],"wp:attachment":[{"href":"https:\/\/fundacioncajaruraldelsur.com\/pt\/wp-json\/wp\/v2\/media?parent=4857"}],"wp:term":[{"taxonomy":"category","embeddable":true,"href":"https:\/\/fundacioncajaruraldelsur.com\/pt\/wp-json\/wp\/v2\/categories?post=4857"},{"taxonomy":"post_tag","embeddable":true,"href":"https:\/\/fundacioncajaruraldelsur.com\/pt\/wp-json\/wp\/v2\/tags?post=4857"}],"curies":[{"name":"wp","href":"https:\/\/api.w.org\/{rel}","templated":true}]}}