{"id":4844,"date":"2019-05-27T18:43:41","date_gmt":"2019-05-27T16:43:41","guid":{"rendered":"\/?p=4844"},"modified":"2019-05-27T18:44:39","modified_gmt":"2019-05-27T16:44:39","slug":"apoyo-a-la-labor-en-cordoba-de-la-asociacion-espanola-contra-el-cancer-aecc","status":"publish","type":"post","link":"https:\/\/fundacioncajaruraldelsur.com\/pt\/apoyo-a-la-labor-en-cordoba-de-la-asociacion-espanola-contra-el-cancer-aecc\/","title":{"rendered":"Colaboramos con la Asociaci\u00f3n Espa\u00f1ola contra el C\u00e1ncer (AECC) en C\u00f3rdoba"},"content":{"rendered":"<p>Fundaci\u00f3n Caja Rural del Sur colaborar\u00e1 con la Junta Provincial de C\u00f3rdoba de la Asociaci\u00f3n Espa\u00f1ola contra el C\u00e1ncer (AECC), seg\u00fan ha quedado plasmado en el convenio firmado por el presidente de la misma, Jos\u00e9 Luis Garc\u00eda-Palacios \u00c1lvarez, y el gerente de la organizaci\u00f3n solidaria, Gabriel Sara Ovando.<\/p>\n<p>Se ha adquirido, por tanto, el compromiso a colaborar con la AECC que tiene la misi\u00f3n de educar a la sociedad en todas las medidas y mecanismos posibles para prevenir la enfermedad, estar cerca de los enfermos ofreci\u00e9ndoles soporte para disminuir su sufrimiento y promover una investigaci\u00f3n oncol\u00f3gica excelente.<\/p>\n<p>Fundaci\u00f3n Caja Rural del Sur, que es una entidad sin \u00e1nimo de lucro que tiene entre sus fines la promoci\u00f3n cultural, profesional y asistencial del entorno local o de la comunidad en general, la mejora de la calidad de vida y del desarrollo, ya viene apoyando otras entidades y organizaciones solidarias de la provincia de C\u00f3rdoba.<strong>\u00a0<\/strong><\/p>\n<p><a href=\"\/wp-content\/uploads\/2019\/05\/190527.-El-presidente-de-Fundacio\u0301n-Caja-Rural-del-Sur-con-los-representantes-de-la-Junta-Provincial-de-la-AECC.jpg\" rel=\"lightbox-0\"><img loading=\"lazy\" decoding=\"async\" class=\"alignnone wp-image-4845 size-full\" src=\"\/wp-content\/uploads\/2019\/05\/190527.-El-presidente-de-Fundacio\u0301n-Caja-Rural-del-Sur-con-los-representantes-de-la-Junta-Provincial-de-la-AECC.jpg\" alt=\"\" width=\"3120\" height=\"2080\" srcset=\"https:\/\/fundacioncajaruraldelsur.com\/wp-content\/uploads\/2019\/05\/190527.-El-presidente-de-Fundacio\u0301n-Caja-Rural-del-Sur-con-los-representantes-de-la-Junta-Provincial-de-la-AECC.jpg 3120w, https:\/\/fundacioncajaruraldelsur.com\/wp-content\/uploads\/2019\/05\/190527.-El-presidente-de-Fundacio\u0301n-Caja-Rural-del-Sur-con-los-representantes-de-la-Junta-Provincial-de-la-AECC-300x200.jpg 300w, https:\/\/fundacioncajaruraldelsur.com\/wp-content\/uploads\/2019\/05\/190527.-El-presidente-de-Fundacio\u0301n-Caja-Rural-del-Sur-con-los-representantes-de-la-Junta-Provincial-de-la-AECC-768x512.jpg 768w, https:\/\/fundacioncajaruraldelsur.com\/wp-content\/uploads\/2019\/05\/190527.-El-presidente-de-Fundacio\u0301n-Caja-Rural-del-Sur-con-los-representantes-de-la-Junta-Provincial-de-la-AECC-1024x683.jpg 1024w\" sizes=\"auto, (max-width: 3120px) 100vw, 3120px\" \/><\/a><\/p>","protected":false},"excerpt":{"rendered":"<p>Fundaci\u00f3n Caja Rural del Sur colaborar\u00e1 con la Junta Provincial de C\u00f3rdoba de la Asociaci\u00f3n Espa\u00f1ola contra el C\u00e1ncer (AECC), seg\u00fan ha quedado plasmado en el convenio firmado por el [&hellip;]<\/p>\n","protected":false},"author":6,"featured_media":4846,"comment_status":"closed","ping_status":"closed","sticky":false,"template":"","format":"standard","meta":{"footnotes":""},"categories":[69],"tags":[],"class_list":["post-4844","post","type-post","status-publish","format-standard","has-post-thumbnail","hentry","category-colaboracion"],"yoast_head":"<!-- This site is optimized with the Yoast SEO plugin v27.3 - https:\/\/yoast.com\/product\/yoast-seo-wordpress\/ -->\n<title>Colaboramos con la Asociaci\u00f3n Espa\u00f1ola contra el C\u00e1ncer (AECC) en C\u00f3rdoba - Fundaci\u00f3n Caja Rural del Sur<\/title>\n<meta name=\"robots\" content=\"index, follow, max-snippet:-1, max-image-preview:large, max-video-preview:-1\" \/>\n<link rel=\"canonical\" href=\"https:\/\/fundacioncajaruraldelsur.com\/pt\/apoyo-a-la-labor-en-cordoba-de-la-asociacion-espanola-contra-el-cancer-aecc\/\" \/>\n<meta property=\"og:locale\" content=\"pt_PT\" \/>\n<meta property=\"og:type\" content=\"article\" \/>\n<meta property=\"og:title\" content=\"Colaboramos con la Asociaci\u00f3n Espa\u00f1ola contra el C\u00e1ncer (AECC) en C\u00f3rdoba - Fundaci\u00f3n Caja Rural del Sur\" \/>\n<meta property=\"og:description\" content=\"Fundaci\u00f3n Caja Rural del Sur colaborar\u00e1 con la Junta Provincial de C\u00f3rdoba de la Asociaci\u00f3n Espa\u00f1ola contra el C\u00e1ncer (AECC), seg\u00fan ha quedado plasmado en el convenio firmado por el [&hellip;]\" \/>\n<meta property=\"og:url\" content=\"https:\/\/fundacioncajaruraldelsur.com\/pt\/apoyo-a-la-labor-en-cordoba-de-la-asociacion-espanola-contra-el-cancer-aecc\/\" \/>\n<meta property=\"og:site_name\" content=\"Fundaci\u00f3n Caja Rural del Sur\" \/>\n<meta property=\"article:published_time\" content=\"2019-05-27T16:43:41+00:00\" \/>\n<meta property=\"article:modified_time\" content=\"2019-05-27T16:44:39+00:00\" \/>\n<meta property=\"og:image\" content=\"https:\/\/fundacioncajaruraldelsur.com\/wp-content\/uploads\/2019\/05\/190527.-El-presidente-de-Fundacio\u0301n-Caja-Rural-del-Sur-Jose\u0301-Luis-Garci\u0301a-Palacios-A\u0301lvarez-con-los-representantes-de-la-Junta-Provincial-de-la-AECC.jpg\" \/>\n\t<meta property=\"og:image:width\" content=\"3120\" \/>\n\t<meta property=\"og:image:height\" content=\"2080\" \/>\n\t<meta property=\"og:image:type\" content=\"image\/jpeg\" \/>\n<meta name=\"author\" content=\"Comunicaci\u00f3n\" \/>\n<meta name=\"twitter:card\" content=\"summary_large_image\" \/>\n<meta name=\"twitter:label1\" content=\"Written by\" \/>\n\t<meta name=\"twitter:data1\" content=\"Comunicaci\u00f3n\" \/>\n\t<meta name=\"twitter:label2\" content=\"Est. reading time\" \/>\n\t<meta name=\"twitter:data2\" content=\"1 minute\" \/>\n<script type=\"application\/ld+json\" class=\"yoast-schema-graph\">{\"@context\":\"https:\\\/\\\/schema.org\",\"@graph\":[{\"@type\":\"Article\",\"@id\":\"https:\\\/\\\/fundacioncajaruraldelsur.com\\\/apoyo-a-la-labor-en-cordoba-de-la-asociacion-espanola-contra-el-cancer-aecc\\\/#article\",\"isPartOf\":{\"@id\":\"https:\\\/\\\/fundacioncajaruraldelsur.com\\\/apoyo-a-la-labor-en-cordoba-de-la-asociacion-espanola-contra-el-cancer-aecc\\\/\"},\"author\":{\"name\":\"Comunicaci\u00f3n\",\"@id\":\"https:\\\/\\\/fundacioncajaruraldelsur.com\\\/#\\\/schema\\\/person\\\/f430da9fb783d505ff061ad8b3d44577\"},\"headline\":\"Colaboramos con la Asociaci\u00f3n Espa\u00f1ola contra el C\u00e1ncer (AECC) en C\u00f3rdoba\",\"datePublished\":\"2019-05-27T16:43:41+00:00\",\"dateModified\":\"2019-05-27T16:44:39+00:00\",\"mainEntityOfPage\":{\"@id\":\"https:\\\/\\\/fundacioncajaruraldelsur.com\\\/apoyo-a-la-labor-en-cordoba-de-la-asociacion-espanola-contra-el-cancer-aecc\\\/\"},\"wordCount\":183,\"image\":{\"@id\":\"https:\\\/\\\/fundacioncajaruraldelsur.com\\\/apoyo-a-la-labor-en-cordoba-de-la-asociacion-espanola-contra-el-cancer-aecc\\\/#primaryimage\"},\"thumbnailUrl\":\"https:\\\/\\\/fundacioncajaruraldelsur.com\\\/wp-content\\\/uploads\\\/2019\\\/05\\\/190527.-El-presidente-de-Fundacio\u0301n-Caja-Rural-del-Sur-Jose\u0301-Luis-Garci\u0301a-Palacios-A\u0301lvarez-con-los-representantes-de-la-Junta-Provincial-de-la-AECC.jpg\",\"articleSection\":[\"Colaboraci\u00f3n\"],\"inLanguage\":\"pt-PT\"},{\"@type\":\"WebPage\",\"@id\":\"https:\\\/\\\/fundacioncajaruraldelsur.com\\\/apoyo-a-la-labor-en-cordoba-de-la-asociacion-espanola-contra-el-cancer-aecc\\\/\",\"url\":\"https:\\\/\\\/fundacioncajaruraldelsur.com\\\/apoyo-a-la-labor-en-cordoba-de-la-asociacion-espanola-contra-el-cancer-aecc\\\/\",\"name\":\"Colaboramos con la Asociaci\u00f3n Espa\u00f1ola contra el C\u00e1ncer (AECC) en C\u00f3rdoba - Fundaci\u00f3n Caja Rural del Sur\",\"isPartOf\":{\"@id\":\"https:\\\/\\\/fundacioncajaruraldelsur.com\\\/#website\"},\"primaryImageOfPage\":{\"@id\":\"https:\\\/\\\/fundacioncajaruraldelsur.com\\\/apoyo-a-la-labor-en-cordoba-de-la-asociacion-espanola-contra-el-cancer-aecc\\\/#primaryimage\"},\"image\":{\"@id\":\"https:\\\/\\\/fundacioncajaruraldelsur.com\\\/apoyo-a-la-labor-en-cordoba-de-la-asociacion-espanola-contra-el-cancer-aecc\\\/#primaryimage\"},\"thumbnailUrl\":\"https:\\\/\\\/fundacioncajaruraldelsur.com\\\/wp-content\\\/uploads\\\/2019\\\/05\\\/190527.-El-presidente-de-Fundacio\u0301n-Caja-Rural-del-Sur-Jose\u0301-Luis-Garci\u0301a-Palacios-A\u0301lvarez-con-los-representantes-de-la-Junta-Provincial-de-la-AECC.jpg\",\"datePublished\":\"2019-05-27T16:43:41+00:00\",\"dateModified\":\"2019-05-27T16:44:39+00:00\",\"author\":{\"@id\":\"https:\\\/\\\/fundacioncajaruraldelsur.com\\\/#\\\/schema\\\/person\\\/f430da9fb783d505ff061ad8b3d44577\"},\"breadcrumb\":{\"@id\":\"https:\\\/\\\/fundacioncajaruraldelsur.com\\\/apoyo-a-la-labor-en-cordoba-de-la-asociacion-espanola-contra-el-cancer-aecc\\\/#breadcrumb\"},\"inLanguage\":\"pt-PT\",\"potentialAction\":[{\"@type\":\"ReadAction\",\"target\":[\"https:\\\/\\\/fundacioncajaruraldelsur.com\\\/apoyo-a-la-labor-en-cordoba-de-la-asociacion-espanola-contra-el-cancer-aecc\\\/\"]}]},{\"@type\":\"ImageObject\",\"inLanguage\":\"pt-PT\",\"@id\":\"https:\\\/\\\/fundacioncajaruraldelsur.com\\\/apoyo-a-la-labor-en-cordoba-de-la-asociacion-espanola-contra-el-cancer-aecc\\\/#primaryimage\",\"url\":\"https:\\\/\\\/fundacioncajaruraldelsur.com\\\/wp-content\\\/uploads\\\/2019\\\/05\\\/190527.-El-presidente-de-Fundacio\u0301n-Caja-Rural-del-Sur-Jose\u0301-Luis-Garci\u0301a-Palacios-A\u0301lvarez-con-los-representantes-de-la-Junta-Provincial-de-la-AECC.jpg\",\"contentUrl\":\"https:\\\/\\\/fundacioncajaruraldelsur.com\\\/wp-content\\\/uploads\\\/2019\\\/05\\\/190527.-El-presidente-de-Fundacio\u0301n-Caja-Rural-del-Sur-Jose\u0301-Luis-Garci\u0301a-Palacios-A\u0301lvarez-con-los-representantes-de-la-Junta-Provincial-de-la-AECC.jpg\",\"width\":3120,\"height\":2080},{\"@type\":\"BreadcrumbList\",\"@id\":\"https:\\\/\\\/fundacioncajaruraldelsur.com\\\/apoyo-a-la-labor-en-cordoba-de-la-asociacion-espanola-contra-el-cancer-aecc\\\/#breadcrumb\",\"itemListElement\":[{\"@type\":\"ListItem\",\"position\":1,\"name\":\"Portada\",\"item\":\"https:\\\/\\\/fundacioncajaruraldelsur.com\\\/\"},{\"@type\":\"ListItem\",\"position\":2,\"name\":\"Colaboramos con la Asociaci\u00f3n Espa\u00f1ola contra el C\u00e1ncer (AECC) en C\u00f3rdoba\"}]},{\"@type\":\"WebSite\",\"@id\":\"https:\\\/\\\/fundacioncajaruraldelsur.com\\\/#website\",\"url\":\"https:\\\/\\\/fundacioncajaruraldelsur.com\\\/\",\"name\":\"Fundaci\u00f3n Caja Rural del Sur\",\"description\":\"\",\"potentialAction\":[{\"@type\":\"SearchAction\",\"target\":{\"@type\":\"EntryPoint\",\"urlTemplate\":\"https:\\\/\\\/fundacioncajaruraldelsur.com\\\/?s={search_term_string}\"},\"query-input\":{\"@type\":\"PropertyValueSpecification\",\"valueRequired\":true,\"valueName\":\"search_term_string\"}}],\"inLanguage\":\"pt-PT\"},{\"@type\":\"Person\",\"@id\":\"https:\\\/\\\/fundacioncajaruraldelsur.com\\\/#\\\/schema\\\/person\\\/f430da9fb783d505ff061ad8b3d44577\",\"name\":\"Comunicaci\u00f3n\",\"image\":{\"@type\":\"ImageObject\",\"inLanguage\":\"pt-PT\",\"@id\":\"https:\\\/\\\/secure.gravatar.com\\\/avatar\\\/0dca239875993680bac4603ad2de7942da018f52cc3a244578e0b3b09314a8d8?s=96&d=blank&r=g\",\"url\":\"https:\\\/\\\/secure.gravatar.com\\\/avatar\\\/0dca239875993680bac4603ad2de7942da018f52cc3a244578e0b3b09314a8d8?s=96&d=blank&r=g\",\"contentUrl\":\"https:\\\/\\\/secure.gravatar.com\\\/avatar\\\/0dca239875993680bac4603ad2de7942da018f52cc3a244578e0b3b09314a8d8?s=96&d=blank&r=g\",\"caption\":\"Comunicaci\u00f3n\"}}]}<\/script>\n<!-- \/ Yoast SEO plugin. -->","yoast_head_json":{"title":"Colaboramos con la Asociaci\u00f3n Espa\u00f1ola contra el C\u00e1ncer (AECC) en C\u00f3rdoba - Fundaci\u00f3n Caja Rural del Sur","robots":{"index":"index","follow":"follow","max-snippet":"max-snippet:-1","max-image-preview":"max-image-preview:large","max-video-preview":"max-video-preview:-1"},"canonical":"https:\/\/fundacioncajaruraldelsur.com\/pt\/apoyo-a-la-labor-en-cordoba-de-la-asociacion-espanola-contra-el-cancer-aecc\/","og_locale":"pt_PT","og_type":"article","og_title":"Colaboramos con la Asociaci\u00f3n Espa\u00f1ola contra el C\u00e1ncer (AECC) en C\u00f3rdoba - Fundaci\u00f3n Caja Rural del Sur","og_description":"Fundaci\u00f3n Caja Rural del Sur colaborar\u00e1 con la Junta Provincial de C\u00f3rdoba de la Asociaci\u00f3n Espa\u00f1ola contra el C\u00e1ncer (AECC), seg\u00fan ha quedado plasmado en el convenio firmado por el [&hellip;]","og_url":"https:\/\/fundacioncajaruraldelsur.com\/pt\/apoyo-a-la-labor-en-cordoba-de-la-asociacion-espanola-contra-el-cancer-aecc\/","og_site_name":"Fundaci\u00f3n Caja Rural del Sur","article_published_time":"2019-05-27T16:43:41+00:00","article_modified_time":"2019-05-27T16:44:39+00:00","og_image":[{"width":3120,"height":2080,"url":"https:\/\/fundacioncajaruraldelsur.com\/wp-content\/uploads\/2019\/05\/190527.-El-presidente-de-Fundacio\u0301n-Caja-Rural-del-Sur-Jose\u0301-Luis-Garci\u0301a-Palacios-A\u0301lvarez-con-los-representantes-de-la-Junta-Provincial-de-la-AECC.jpg","type":"image\/jpeg"}],"author":"Comunicaci\u00f3n","twitter_card":"summary_large_image","twitter_misc":{"Written by":"Comunicaci\u00f3n","Est. reading time":"1 minute"},"schema":{"@context":"https:\/\/schema.org","@graph":[{"@type":"Article","@id":"https:\/\/fundacioncajaruraldelsur.com\/apoyo-a-la-labor-en-cordoba-de-la-asociacion-espanola-contra-el-cancer-aecc\/#article","isPartOf":{"@id":"https:\/\/fundacioncajaruraldelsur.com\/apoyo-a-la-labor-en-cordoba-de-la-asociacion-espanola-contra-el-cancer-aecc\/"},"author":{"name":"Comunicaci\u00f3n","@id":"https:\/\/fundacioncajaruraldelsur.com\/#\/schema\/person\/f430da9fb783d505ff061ad8b3d44577"},"headline":"Colaboramos con la Asociaci\u00f3n Espa\u00f1ola contra el C\u00e1ncer (AECC) en C\u00f3rdoba","datePublished":"2019-05-27T16:43:41+00:00","dateModified":"2019-05-27T16:44:39+00:00","mainEntityOfPage":{"@id":"https:\/\/fundacioncajaruraldelsur.com\/apoyo-a-la-labor-en-cordoba-de-la-asociacion-espanola-contra-el-cancer-aecc\/"},"wordCount":183,"image":{"@id":"https:\/\/fundacioncajaruraldelsur.com\/apoyo-a-la-labor-en-cordoba-de-la-asociacion-espanola-contra-el-cancer-aecc\/#primaryimage"},"thumbnailUrl":"https:\/\/fundacioncajaruraldelsur.com\/wp-content\/uploads\/2019\/05\/190527.-El-presidente-de-Fundacio\u0301n-Caja-Rural-del-Sur-Jose\u0301-Luis-Garci\u0301a-Palacios-A\u0301lvarez-con-los-representantes-de-la-Junta-Provincial-de-la-AECC.jpg","articleSection":["Colaboraci\u00f3n"],"inLanguage":"pt-PT"},{"@type":"WebPage","@id":"https:\/\/fundacioncajaruraldelsur.com\/apoyo-a-la-labor-en-cordoba-de-la-asociacion-espanola-contra-el-cancer-aecc\/","url":"https:\/\/fundacioncajaruraldelsur.com\/apoyo-a-la-labor-en-cordoba-de-la-asociacion-espanola-contra-el-cancer-aecc\/","name":"Colaboramos con la Asociaci\u00f3n Espa\u00f1ola contra el C\u00e1ncer (AECC) en C\u00f3rdoba - Fundaci\u00f3n Caja Rural del Sur","isPartOf":{"@id":"https:\/\/fundacioncajaruraldelsur.com\/#website"},"primaryImageOfPage":{"@id":"https:\/\/fundacioncajaruraldelsur.com\/apoyo-a-la-labor-en-cordoba-de-la-asociacion-espanola-contra-el-cancer-aecc\/#primaryimage"},"image":{"@id":"https:\/\/fundacioncajaruraldelsur.com\/apoyo-a-la-labor-en-cordoba-de-la-asociacion-espanola-contra-el-cancer-aecc\/#primaryimage"},"thumbnailUrl":"https:\/\/fundacioncajaruraldelsur.com\/wp-content\/uploads\/2019\/05\/190527.-El-presidente-de-Fundacio\u0301n-Caja-Rural-del-Sur-Jose\u0301-Luis-Garci\u0301a-Palacios-A\u0301lvarez-con-los-representantes-de-la-Junta-Provincial-de-la-AECC.jpg","datePublished":"2019-05-27T16:43:41+00:00","dateModified":"2019-05-27T16:44:39+00:00","author":{"@id":"https:\/\/fundacioncajaruraldelsur.com\/#\/schema\/person\/f430da9fb783d505ff061ad8b3d44577"},"breadcrumb":{"@id":"https:\/\/fundacioncajaruraldelsur.com\/apoyo-a-la-labor-en-cordoba-de-la-asociacion-espanola-contra-el-cancer-aecc\/#breadcrumb"},"inLanguage":"pt-PT","potentialAction":[{"@type":"ReadAction","target":["https:\/\/fundacioncajaruraldelsur.com\/apoyo-a-la-labor-en-cordoba-de-la-asociacion-espanola-contra-el-cancer-aecc\/"]}]},{"@type":"ImageObject","inLanguage":"pt-PT","@id":"https:\/\/fundacioncajaruraldelsur.com\/apoyo-a-la-labor-en-cordoba-de-la-asociacion-espanola-contra-el-cancer-aecc\/#primaryimage","url":"https:\/\/fundacioncajaruraldelsur.com\/wp-content\/uploads\/2019\/05\/190527.-El-presidente-de-Fundacio\u0301n-Caja-Rural-del-Sur-Jose\u0301-Luis-Garci\u0301a-Palacios-A\u0301lvarez-con-los-representantes-de-la-Junta-Provincial-de-la-AECC.jpg","contentUrl":"https:\/\/fundacioncajaruraldelsur.com\/wp-content\/uploads\/2019\/05\/190527.-El-presidente-de-Fundacio\u0301n-Caja-Rural-del-Sur-Jose\u0301-Luis-Garci\u0301a-Palacios-A\u0301lvarez-con-los-representantes-de-la-Junta-Provincial-de-la-AECC.jpg","width":3120,"height":2080},{"@type":"BreadcrumbList","@id":"https:\/\/fundacioncajaruraldelsur.com\/apoyo-a-la-labor-en-cordoba-de-la-asociacion-espanola-contra-el-cancer-aecc\/#breadcrumb","itemListElement":[{"@type":"ListItem","position":1,"name":"Portada","item":"https:\/\/fundacioncajaruraldelsur.com\/"},{"@type":"ListItem","position":2,"name":"Colaboramos con la Asociaci\u00f3n Espa\u00f1ola contra el C\u00e1ncer (AECC) en C\u00f3rdoba"}]},{"@type":"WebSite","@id":"https:\/\/fundacioncajaruraldelsur.com\/#website","url":"https:\/\/fundacioncajaruraldelsur.com\/","name":"Funda\u00e7\u00e3o Caja Rural del Sur","description":"","potentialAction":[{"@type":"SearchAction","target":{"@type":"EntryPoint","urlTemplate":"https:\/\/fundacioncajaruraldelsur.com\/?s={search_term_string}"},"query-input":{"@type":"PropertyValueSpecification","valueRequired":true,"valueName":"search_term_string"}}],"inLanguage":"pt-PT"},{"@type":"Person","@id":"https:\/\/fundacioncajaruraldelsur.com\/#\/schema\/person\/f430da9fb783d505ff061ad8b3d44577","name":"Comunicaci\u00f3n","image":{"@type":"ImageObject","inLanguage":"pt-PT","@id":"https:\/\/secure.gravatar.com\/avatar\/0dca239875993680bac4603ad2de7942da018f52cc3a244578e0b3b09314a8d8?s=96&d=blank&r=g","url":"https:\/\/secure.gravatar.com\/avatar\/0dca239875993680bac4603ad2de7942da018f52cc3a244578e0b3b09314a8d8?s=96&d=blank&r=g","contentUrl":"https:\/\/secure.gravatar.com\/avatar\/0dca239875993680bac4603ad2de7942da018f52cc3a244578e0b3b09314a8d8?s=96&d=blank&r=g","caption":"Comunicaci\u00f3n"}}]}},"rttpg_featured_image_url":{"full":["https:\/\/fundacioncajaruraldelsur.com\/wp-content\/uploads\/2019\/05\/190527.-El-presidente-de-Fundacio\u0301n-Caja-Rural-del-Sur-Jose\u0301-Luis-Garci\u0301a-Palacios-A\u0301lvarez-con-los-representantes-de-la-Junta-Provincial-de-la-AECC.jpg",3120,2080,false],"landscape":["https:\/\/fundacioncajaruraldelsur.com\/wp-content\/uploads\/2019\/05\/190527.-El-presidente-de-Fundacio\u0301n-Caja-Rural-del-Sur-Jose\u0301-Luis-Garci\u0301a-Palacios-A\u0301lvarez-con-los-representantes-de-la-Junta-Provincial-de-la-AECC.jpg",3120,2080,false],"portraits":["https:\/\/fundacioncajaruraldelsur.com\/wp-content\/uploads\/2019\/05\/190527.-El-presidente-de-Fundacio\u0301n-Caja-Rural-del-Sur-Jose\u0301-Luis-Garci\u0301a-Palacios-A\u0301lvarez-con-los-representantes-de-la-Junta-Provincial-de-la-AECC.jpg",3120,2080,false],"thumbnail":["https:\/\/fundacioncajaruraldelsur.com\/wp-content\/uploads\/2019\/05\/190527.-El-presidente-de-Fundacio\u0301n-Caja-Rural-del-Sur-Jose\u0301-Luis-Garci\u0301a-Palacios-A\u0301lvarez-con-los-representantes-de-la-Junta-Provincial-de-la-AECC-150x150.jpg",150,150,true],"medium":["https:\/\/fundacioncajaruraldelsur.com\/wp-content\/uploads\/2019\/05\/190527.-El-presidente-de-Fundacio\u0301n-Caja-Rural-del-Sur-Jose\u0301-Luis-Garci\u0301a-Palacios-A\u0301lvarez-con-los-representantes-de-la-Junta-Provincial-de-la-AECC-300x200.jpg",300,200,true],"large":["https:\/\/fundacioncajaruraldelsur.com\/wp-content\/uploads\/2019\/05\/190527.-El-presidente-de-Fundacio\u0301n-Caja-Rural-del-Sur-Jose\u0301-Luis-Garci\u0301a-Palacios-A\u0301lvarez-con-los-representantes-de-la-Junta-Provincial-de-la-AECC-1024x683.jpg",960,640,true],"1536x1536":["https:\/\/fundacioncajaruraldelsur.com\/wp-content\/uploads\/2019\/05\/190527.-El-presidente-de-Fundacio\u0301n-Caja-Rural-del-Sur-Jose\u0301-Luis-Garci\u0301a-Palacios-A\u0301lvarez-con-los-representantes-de-la-Junta-Provincial-de-la-AECC.jpg",1536,1024,false],"2048x2048":["https:\/\/fundacioncajaruraldelsur.com\/wp-content\/uploads\/2019\/05\/190527.-El-presidente-de-Fundacio\u0301n-Caja-Rural-del-Sur-Jose\u0301-Luis-Garci\u0301a-Palacios-A\u0301lvarez-con-los-representantes-de-la-Junta-Provincial-de-la-AECC.jpg",2048,1365,false],"trp-custom-language-flag":["https:\/\/fundacioncajaruraldelsur.com\/wp-content\/uploads\/2019\/05\/190527.-El-presidente-de-Fundacio\u0301n-Caja-Rural-del-Sur-Jose\u0301-Luis-Garci\u0301a-Palacios-A\u0301lvarez-con-los-representantes-de-la-Junta-Provincial-de-la-AECC.jpg",18,12,false],"blog-thumbnail":["https:\/\/fundacioncajaruraldelsur.com\/wp-content\/uploads\/2019\/05\/190527.-El-presidente-de-Fundacio\u0301n-Caja-Rural-del-Sur-Jose\u0301-Luis-Garci\u0301a-Palacios-A\u0301lvarez-con-los-representantes-de-la-Junta-Provincial-de-la-AECC-400x200.jpg",400,200,true]},"rttpg_author":{"display_name":"Comunicaci\u00f3n","author_link":"https:\/\/fundacioncajaruraldelsur.com\/pt\/author\/sevillaadmin\/"},"rttpg_comment":0,"rttpg_category":"<a href=\"https:\/\/fundacioncajaruraldelsur.com\/pt\/category\/colaboracion\/\" rel=\"category tag\">Colaboraci\u00f3n<\/a>","rttpg_excerpt":"Fundaci\u00f3n Caja Rural del Sur colaborar\u00e1 con la Junta Provincial de C\u00f3rdoba de la Asociaci\u00f3n Espa\u00f1ola contra el C\u00e1ncer (AECC), seg\u00fan ha quedado plasmado en el convenio firmado por el [&hellip;]","_links":{"self":[{"href":"https:\/\/fundacioncajaruraldelsur.com\/pt\/wp-json\/wp\/v2\/posts\/4844","targetHints":{"allow":["GET"]}}],"collection":[{"href":"https:\/\/fundacioncajaruraldelsur.com\/pt\/wp-json\/wp\/v2\/posts"}],"about":[{"href":"https:\/\/fundacioncajaruraldelsur.com\/pt\/wp-json\/wp\/v2\/types\/post"}],"author":[{"embeddable":true,"href":"https:\/\/fundacioncajaruraldelsur.com\/pt\/wp-json\/wp\/v2\/users\/6"}],"replies":[{"embeddable":true,"href":"https:\/\/fundacioncajaruraldelsur.com\/pt\/wp-json\/wp\/v2\/comments?post=4844"}],"version-history":[{"count":2,"href":"https:\/\/fundacioncajaruraldelsur.com\/pt\/wp-json\/wp\/v2\/posts\/4844\/revisions"}],"predecessor-version":[{"id":4848,"href":"https:\/\/fundacioncajaruraldelsur.com\/pt\/wp-json\/wp\/v2\/posts\/4844\/revisions\/4848"}],"wp:featuredmedia":[{"embeddable":true,"href":"https:\/\/fundacioncajaruraldelsur.com\/pt\/wp-json\/wp\/v2\/media\/4846"}],"wp:attachment":[{"href":"https:\/\/fundacioncajaruraldelsur.com\/pt\/wp-json\/wp\/v2\/media?parent=4844"}],"wp:term":[{"taxonomy":"category","embeddable":true,"href":"https:\/\/fundacioncajaruraldelsur.com\/pt\/wp-json\/wp\/v2\/categories?post=4844"},{"taxonomy":"post_tag","embeddable":true,"href":"https:\/\/fundacioncajaruraldelsur.com\/pt\/wp-json\/wp\/v2\/tags?post=4844"}],"curies":[{"name":"wp","href":"https:\/\/api.w.org\/{rel}","templated":true}]}}