{"id":4825,"date":"2019-05-20T16:40:40","date_gmt":"2019-05-20T14:40:40","guid":{"rendered":"\/?p=4825"},"modified":"2019-05-20T16:54:38","modified_gmt":"2019-05-20T14:54:38","slug":"fundacion-caja-rural-del-sur-y-la-hermandad-de-la-caridad-presentan-la-restauracion-del-cuadro-exaltacion-de-la-cruz","status":"publish","type":"post","link":"https:\/\/fundacioncajaruraldelsur.com\/pt\/fundacion-caja-rural-del-sur-y-la-hermandad-de-la-caridad-presentan-la-restauracion-del-cuadro-exaltacion-de-la-cruz\/","title":{"rendered":"Presentaci\u00f3n de la restauraci\u00f3n del cuadro \u201cExaltaci\u00f3n de la Cruz\u201d de La Caridad"},"content":{"rendered":"<p>Fundaci\u00f3n Caja Rural del Sur, fiel a su fin de promover la cultura y la conservaci\u00f3n del entorno donde realiza sus actividades, ha respaldado a la Hermandad de la Santa Caridad de Sevilla mediante para la restauraci\u00f3n y conservaci\u00f3n del cuadro de Vald\u00e9s Leal \u201cExaltaci\u00f3n de la Cruz\u201d situado en la Iglesia de San Jorge en el Hospital de la Santa Caridad de Sevilla.<\/p>\n<p>Una vez finalizados los trabajos de restauraci\u00f3n de esta obra, los presidentes de la Fundaci\u00f3n Caja Rural del Sur, Jos\u00e9 Luis Garc\u00eda-Palacios, y el Hermano Mayor de la Hermandad de la Santa Caridad de Sevilla, Eduardo Ybarra, han presentado el resultado final de la restauraci\u00f3n llevada a cabo por el prestigioso equipo de restauradores \u00c1gora, dirigido por Juan Aguilar.<\/p>\n<p>El presidente de la Fundaci\u00f3n Caja Rural del Sur, Jos\u00e9 Luis Garc\u00eda-Palacios \u00c1lvarez ha indicado la satisfacci\u00f3n de la entidad de haber participado en esta restauraci\u00f3n que \u201cbrinda a los sevillanos la oportunidad de contemplar una obra \u00fanica que refleja muy fielmente los valores que mueven a la Santa Caridad como es la caridad con los m\u00e1s necesitados\u201d.<\/p>\n<p>El Hermano Mayor de la Hermandad de la Santa Caridad, Eduardo Ybarra, ha agradecido la colaboraci\u00f3n de la Fundaci\u00f3n Caja Rural del Sur en la restauraci\u00f3n de este gran cuadro adem\u00e1s de las anteriores restauraciones desarrolladas con el respaldo de la entidad andaluza.<\/p>\n<p><strong>Obra cumbre de Vald\u00e9s Leal en la Iglesia de San Jorge<\/strong><\/p>\n<p>En la presentaci\u00f3n del resultado final de este proceso, junto al equipo restaurador, ha intervenido Enrique Valdivieso, Catedr\u00e1tico de Arte y Hermano de la Santa Caridad responsable del \u00e1rea art\u00edstica, quien han aportado informaci\u00f3n sobre la historia de la obra restaurada, \u201cExaltaci\u00f3n de la Santa Cruz\u201d.<\/p>\n<p>Seg\u00fan ha subrayado se trata de una \u201cobra excepcional del panorama barroco espa\u00f1ol, no hay nada similar en \u00f3leo sobre lienzo en nuestro pa\u00eds\u201d.<\/p>\n<p>Realizado por Juan de Vald\u00e9s Leal en 1685, pintura del artista in situ por encargo de Miguel Ma\u00f1ara, fundador del Hospital de la Santa Caridad, como parte final del programa iconogr\u00e1fico de la Iglesia de San Jorge.<\/p>\n<p>A pesar del fallecimiento del fundador de la Santa Caridad, por lo que no vio finalizada la tercera y \u00faltima parte del mensaje iconogr\u00e1fico, Miguel de Ma\u00f1ara dej\u00f3 por escrito una completa gu\u00eda de los trabajos pict\u00f3ricos que deb\u00edan ser realizados en la Iglesia de San Jorge y que se les encarg\u00f3 a Vald\u00e9s Leal en 1685.<\/p>\n<p>El principal de estos trabajos fue la obra \u201cExaltaci\u00f3n de la Cruz\u201d que narra el episodio en el que el emperador Heraclio lleva la Santa Cruz a Jerusal\u00e9n. Cuando llega a su destino, no puede cargar con la reliquia. En ese momento se abre el cielo y descienden los profetas, que le comunican que podr\u00e1 entrar en Jerusal\u00e9n solo de manera humilde, como lo hizo Jes\u00fas. Heraclio entonces baja del caballo, se quita la armadura, se despoja de la pompa y el boato y los ricos ropajes y carga la Cruz sobre sus hombros, de esta manera se abren las puertas de la ciudad.<\/p>\n<p>Esta obra representa el cierre del programa iconogr\u00e1fico de Miguel de Ma\u00f1ara de las obras de misericordia. De este modo, se complet\u00f3 la decoraci\u00f3n de la iglesia, con este gran lienzo de la \u201cExaltaci\u00f3n de la Cruz\u201d.<\/p>\n<p><strong>Restauraci\u00f3n y conservaci\u00f3n de \u201cExaltaci\u00f3n de la Cruz\u201d<\/strong><\/p>\n<p>Seg\u00fan ha explicado, Juan Aguilar, director de \u00c1gora, los trabajos que ahora terminan, se iniciaron a mediados del mes de octubre del pasado a\u00f1o, extendi\u00e9ndose durante seis meses hasta mediados del pasado mes de abril. En la intervenci\u00f3n de conservaci\u00f3n y restauraci\u00f3n se ha actuado sobre la obra \u00abExaltaci\u00f3n de la Cruz\u00bb y sobre su monumental marco, adem\u00e1s de consolidar y limpiar el muro en donde se sit\u00faa la obra.<\/p>\n<p>Previa a la intervenci\u00f3n, el lienzo presentaba graves problemas de exfoliaci\u00f3n de la capa pict\u00f3rica, deformaciones del soporte textil, desprendimientos del lienzo de la estructura de madera a la que est\u00e1 fijado, barnices oxidados y suciedad general sobre la superficie que desvirtuaba gravemente la visi\u00f3n de la obra.<\/p>\n<p>Por ello, seg\u00fan los restauradores, las actuaciones se han realizado \u201cin situ\u201d; desmont\u00e1ndose s\u00f3lo el marco. Para el desarrollo de los trabajos fue necesario colocar un importante andamiaje sobre el coro para situar, sobre \u00e9l, una plataforma de trabajo.<\/p>\n<p>Adem\u00e1s han indicado que sobre esta plataforma se dispuso un andamio rodante desde el cual se llevaron a t\u00e9rmino los trabajos sobre el lienzo, el marco y el muro.<\/p>\n<p>Al t\u00e9rmino de los trabajos sobre esta obra mural se han solucionado los graves problemas que condicionaban la conservaci\u00f3n de esta importante obra; en ellos han intervenido cuatro restauradores, emple\u00e1ndose, en total de m\u00e1s de tres mil doscientas horas de trabajo.<\/p>\n<p>Seg\u00fan indica el equipo encargado de la restauraci\u00f3n de la obra \u201cel cuadro es, por tanto, una obra indisoluble de la historia pict\u00f3rica de la Iglesia del Se\u00f1or San Jorge y obra culmen del pintor en su tipolog\u00eda de grandes lienzos al nivel de los pintados para el retablo del Carmen Descalzo de C\u00f3rdoba. La fuerza y el dramatismo del pincel de Vald\u00e9s Leal es el contrapunto perfecto a la dulzura y suavidad de las obras de Murillo que le acompa\u00f1an en el recorrido catequ\u00e9tico de la iglesia de la Caridad\u201d.<\/p>\n<p><strong>Otras restauraciones con Fundaci\u00f3n Caja Rural del Sur<\/strong><\/p>\n<p>Adem\u00e1s de respaldar la restauraci\u00f3n de esta destacada obra, en un anterior convenio entre la Fundaci\u00f3n Caja Rural del Sur y la Hermandad de la Santa Caridad, la entidad apoy\u00f3 la restauraci\u00f3n de dos obras de Murillo tambi\u00e9n situadas en la Iglesia de San Jorge, una Inmaculada, ubicada en la zona central de la Iglesia, y otra obra que se encuentra en el ante presbiterio en un altar, un peque\u00f1o cuadro en \u00f3leo sobre tabla que representa a San Juan Bautista, todav\u00eda ni\u00f1o.<\/p>\n<div id='gallery-1' class='gallery galleryid-4825 gallery-columns-6 gallery-size-thumbnail'><figure class='gallery-item'>\n\t\t\t<div class='gallery-icon landscape'>\n\t\t\t\t<a href='https:\/\/fundacioncajaruraldelsur.com\/wp-content\/uploads\/2019\/05\/IMG_6931.jpg' rel=\"lightbox[gallery-0]\"><img loading=\"lazy\" decoding=\"async\" width=\"150\" height=\"150\" src=\"https:\/\/fundacioncajaruraldelsur.com\/wp-content\/uploads\/2019\/05\/IMG_6931-150x150.jpg\" class=\"attachment-thumbnail size-thumbnail\" alt=\"\" \/><\/a>\n\t\t\t<\/div><\/figure><figure class='gallery-item'>\n\t\t\t<div class='gallery-icon landscape'>\n\t\t\t\t<a href='https:\/\/fundacioncajaruraldelsur.com\/wp-content\/uploads\/2019\/05\/IMG_6941.jpg' rel=\"lightbox[gallery-0]\"><img loading=\"lazy\" decoding=\"async\" width=\"150\" height=\"150\" src=\"https:\/\/fundacioncajaruraldelsur.com\/wp-content\/uploads\/2019\/05\/IMG_6941-150x150.jpg\" class=\"attachment-thumbnail size-thumbnail\" alt=\"\" \/><\/a>\n\t\t\t<\/div><\/figure><figure class='gallery-item'>\n\t\t\t<div class='gallery-icon landscape'>\n\t\t\t\t<a href='https:\/\/fundacioncajaruraldelsur.com\/wp-content\/uploads\/2019\/05\/Restauraci\u00f3n-Exaltaci\u00f3n-Cruz-Caridad-2.jpg' rel=\"lightbox[gallery-0]\"><img loading=\"lazy\" decoding=\"async\" width=\"150\" height=\"150\" src=\"https:\/\/fundacioncajaruraldelsur.com\/wp-content\/uploads\/2019\/05\/Restauraci\u00f3n-Exaltaci\u00f3n-Cruz-Caridad-2-150x150.jpg\" class=\"attachment-thumbnail size-thumbnail\" alt=\"\" \/><\/a>\n\t\t\t<\/div><\/figure><figure class='gallery-item'>\n\t\t\t<div class='gallery-icon landscape'>\n\t\t\t\t<a href='https:\/\/fundacioncajaruraldelsur.com\/wp-content\/uploads\/2019\/05\/Restauraci\u00f3n-Exaltaci\u00f3n-Cruz-Caridad.jpg' rel=\"lightbox[gallery-0]\"><img loading=\"lazy\" decoding=\"async\" width=\"150\" height=\"150\" src=\"https:\/\/fundacioncajaruraldelsur.com\/wp-content\/uploads\/2019\/05\/Restauraci\u00f3n-Exaltaci\u00f3n-Cruz-Caridad-150x150.jpg\" class=\"attachment-thumbnail size-thumbnail\" alt=\"\" \/><\/a>\n\t\t\t<\/div><\/figure><figure class='gallery-item'>\n\t\t\t<div class='gallery-icon landscape'>\n\t\t\t\t<a href='https:\/\/fundacioncajaruraldelsur.com\/wp-content\/uploads\/2019\/05\/IMG_6878.jpg' rel=\"lightbox[gallery-0]\"><img loading=\"lazy\" decoding=\"async\" width=\"150\" height=\"150\" src=\"https:\/\/fundacioncajaruraldelsur.com\/wp-content\/uploads\/2019\/05\/IMG_6878-150x150.jpg\" class=\"attachment-thumbnail size-thumbnail\" alt=\"\" \/><\/a>\n\t\t\t<\/div><\/figure><figure class='gallery-item'>\n\t\t\t<div class='gallery-icon landscape'>\n\t\t\t\t<a href='https:\/\/fundacioncajaruraldelsur.com\/wp-content\/uploads\/2019\/05\/IMG_6895.jpg' rel=\"lightbox[gallery-0]\"><img loading=\"lazy\" decoding=\"async\" width=\"150\" height=\"150\" src=\"https:\/\/fundacioncajaruraldelsur.com\/wp-content\/uploads\/2019\/05\/IMG_6895-150x150.jpg\" class=\"attachment-thumbnail size-thumbnail\" alt=\"\" \/><\/a>\n\t\t\t<\/div><\/figure><figure class='gallery-item'>\n\t\t\t<div class='gallery-icon landscape'>\n\t\t\t\t<a href='https:\/\/fundacioncajaruraldelsur.com\/wp-content\/uploads\/2019\/05\/IMG_6896.jpg' rel=\"lightbox[gallery-0]\"><img loading=\"lazy\" decoding=\"async\" width=\"150\" height=\"150\" src=\"https:\/\/fundacioncajaruraldelsur.com\/wp-content\/uploads\/2019\/05\/IMG_6896-150x150.jpg\" class=\"attachment-thumbnail size-thumbnail\" alt=\"\" \/><\/a>\n\t\t\t<\/div><\/figure><figure class='gallery-item'>\n\t\t\t<div class='gallery-icon landscape'>\n\t\t\t\t<a href='https:\/\/fundacioncajaruraldelsur.com\/wp-content\/uploads\/2019\/05\/IMG_7028.jpg' rel=\"lightbox[gallery-0]\"><img loading=\"lazy\" decoding=\"async\" width=\"150\" height=\"150\" src=\"https:\/\/fundacioncajaruraldelsur.com\/wp-content\/uploads\/2019\/05\/IMG_7028-150x150.jpg\" class=\"attachment-thumbnail size-thumbnail\" alt=\"\" \/><\/a>\n\t\t\t<\/div><\/figure><figure class='gallery-item'>\n\t\t\t<div class='gallery-icon landscape'>\n\t\t\t\t<a href='https:\/\/fundacioncajaruraldelsur.com\/wp-content\/uploads\/2019\/05\/IMG_7042.jpg' rel=\"lightbox[gallery-0]\"><img loading=\"lazy\" decoding=\"async\" width=\"150\" height=\"150\" src=\"https:\/\/fundacioncajaruraldelsur.com\/wp-content\/uploads\/2019\/05\/IMG_7042-150x150.jpg\" class=\"attachment-thumbnail size-thumbnail\" alt=\"\" \/><\/a>\n\t\t\t<\/div><\/figure>\n\t\t<\/div>\n\n","protected":false},"excerpt":{"rendered":"<p>Fundaci\u00f3n Caja Rural del Sur, fiel a su fin de promover la cultura y la conservaci\u00f3n del entorno donde realiza sus actividades, ha respaldado a la Hermandad de la Santa [&hellip;]<\/p>\n","protected":false},"author":6,"featured_media":4826,"comment_status":"closed","ping_status":"closed","sticky":false,"template":"","format":"standard","meta":{"footnotes":""},"categories":[1],"tags":[],"class_list":["post-4825","post","type-post","status-publish","format-standard","has-post-thumbnail","hentry","category-sin-categoria"],"yoast_head":"<!-- This site is optimized with the Yoast SEO plugin v27.3 - https:\/\/yoast.com\/product\/yoast-seo-wordpress\/ -->\n<title>Presentaci\u00f3n de la restauraci\u00f3n del cuadro \u201cExaltaci\u00f3n de la Cruz\u201d de La Caridad - Fundaci\u00f3n Caja Rural del Sur<\/title>\n<meta name=\"robots\" content=\"index, follow, max-snippet:-1, max-image-preview:large, max-video-preview:-1\" \/>\n<link rel=\"canonical\" href=\"https:\/\/fundacioncajaruraldelsur.com\/pt\/fundacion-caja-rural-del-sur-y-la-hermandad-de-la-caridad-presentan-la-restauracion-del-cuadro-exaltacion-de-la-cruz\/\" \/>\n<meta property=\"og:locale\" content=\"pt_PT\" \/>\n<meta property=\"og:type\" content=\"article\" \/>\n<meta property=\"og:title\" content=\"Presentaci\u00f3n de la restauraci\u00f3n del cuadro \u201cExaltaci\u00f3n de la Cruz\u201d de La Caridad - Fundaci\u00f3n Caja Rural del Sur\" \/>\n<meta property=\"og:description\" content=\"Fundaci\u00f3n Caja Rural del Sur, fiel a su fin de promover la cultura y la conservaci\u00f3n del entorno donde realiza sus actividades, ha respaldado a la Hermandad de la Santa [&hellip;]\" \/>\n<meta property=\"og:url\" content=\"https:\/\/fundacioncajaruraldelsur.com\/pt\/fundacion-caja-rural-del-sur-y-la-hermandad-de-la-caridad-presentan-la-restauracion-del-cuadro-exaltacion-de-la-cruz\/\" \/>\n<meta property=\"og:site_name\" content=\"Fundaci\u00f3n Caja Rural del Sur\" \/>\n<meta property=\"article:published_time\" content=\"2019-05-20T14:40:40+00:00\" \/>\n<meta property=\"article:modified_time\" content=\"2019-05-20T14:54:38+00:00\" \/>\n<meta property=\"og:image\" content=\"https:\/\/fundacioncajaruraldelsur.com\/wp-content\/uploads\/2019\/05\/Restauraci\u00f3n-Exaltaci\u00f3n-Cruz-Caridad.jpg\" \/>\n\t<meta property=\"og:image:width\" content=\"1000\" \/>\n\t<meta property=\"og:image:height\" content=\"667\" \/>\n\t<meta property=\"og:image:type\" content=\"image\/jpeg\" \/>\n<meta name=\"author\" content=\"Comunicaci\u00f3n\" \/>\n<meta name=\"twitter:card\" content=\"summary_large_image\" \/>\n<meta name=\"twitter:label1\" content=\"Written by\" \/>\n\t<meta name=\"twitter:data1\" content=\"Comunicaci\u00f3n\" \/>\n\t<meta name=\"twitter:label2\" content=\"Est. reading time\" \/>\n\t<meta name=\"twitter:data2\" content=\"5 minutes\" \/>\n<script type=\"application\/ld+json\" class=\"yoast-schema-graph\">{\"@context\":\"https:\\\/\\\/schema.org\",\"@graph\":[{\"@type\":\"Article\",\"@id\":\"https:\\\/\\\/fundacioncajaruraldelsur.com\\\/fundacion-caja-rural-del-sur-y-la-hermandad-de-la-caridad-presentan-la-restauracion-del-cuadro-exaltacion-de-la-cruz\\\/#article\",\"isPartOf\":{\"@id\":\"https:\\\/\\\/fundacioncajaruraldelsur.com\\\/fundacion-caja-rural-del-sur-y-la-hermandad-de-la-caridad-presentan-la-restauracion-del-cuadro-exaltacion-de-la-cruz\\\/\"},\"author\":{\"name\":\"Comunicaci\u00f3n\",\"@id\":\"https:\\\/\\\/fundacioncajaruraldelsur.com\\\/#\\\/schema\\\/person\\\/f430da9fb783d505ff061ad8b3d44577\"},\"headline\":\"Presentaci\u00f3n de la restauraci\u00f3n del cuadro \u201cExaltaci\u00f3n de la Cruz\u201d de La Caridad\",\"datePublished\":\"2019-05-20T14:40:40+00:00\",\"dateModified\":\"2019-05-20T14:54:38+00:00\",\"mainEntityOfPage\":{\"@id\":\"https:\\\/\\\/fundacioncajaruraldelsur.com\\\/fundacion-caja-rural-del-sur-y-la-hermandad-de-la-caridad-presentan-la-restauracion-del-cuadro-exaltacion-de-la-cruz\\\/\"},\"wordCount\":1062,\"image\":{\"@id\":\"https:\\\/\\\/fundacioncajaruraldelsur.com\\\/fundacion-caja-rural-del-sur-y-la-hermandad-de-la-caridad-presentan-la-restauracion-del-cuadro-exaltacion-de-la-cruz\\\/#primaryimage\"},\"thumbnailUrl\":\"https:\\\/\\\/fundacioncajaruraldelsur.com\\\/wp-content\\\/uploads\\\/2019\\\/05\\\/Restauraci\u00f3n-Exaltaci\u00f3n-Cruz-Caridad.jpg\",\"articleSection\":[\"Sin categor\u00eda\"],\"inLanguage\":\"pt-PT\"},{\"@type\":\"WebPage\",\"@id\":\"https:\\\/\\\/fundacioncajaruraldelsur.com\\\/fundacion-caja-rural-del-sur-y-la-hermandad-de-la-caridad-presentan-la-restauracion-del-cuadro-exaltacion-de-la-cruz\\\/\",\"url\":\"https:\\\/\\\/fundacioncajaruraldelsur.com\\\/fundacion-caja-rural-del-sur-y-la-hermandad-de-la-caridad-presentan-la-restauracion-del-cuadro-exaltacion-de-la-cruz\\\/\",\"name\":\"Presentaci\u00f3n de la restauraci\u00f3n del cuadro \u201cExaltaci\u00f3n de la Cruz\u201d de La Caridad - Fundaci\u00f3n Caja Rural del Sur\",\"isPartOf\":{\"@id\":\"https:\\\/\\\/fundacioncajaruraldelsur.com\\\/#website\"},\"primaryImageOfPage\":{\"@id\":\"https:\\\/\\\/fundacioncajaruraldelsur.com\\\/fundacion-caja-rural-del-sur-y-la-hermandad-de-la-caridad-presentan-la-restauracion-del-cuadro-exaltacion-de-la-cruz\\\/#primaryimage\"},\"image\":{\"@id\":\"https:\\\/\\\/fundacioncajaruraldelsur.com\\\/fundacion-caja-rural-del-sur-y-la-hermandad-de-la-caridad-presentan-la-restauracion-del-cuadro-exaltacion-de-la-cruz\\\/#primaryimage\"},\"thumbnailUrl\":\"https:\\\/\\\/fundacioncajaruraldelsur.com\\\/wp-content\\\/uploads\\\/2019\\\/05\\\/Restauraci\u00f3n-Exaltaci\u00f3n-Cruz-Caridad.jpg\",\"datePublished\":\"2019-05-20T14:40:40+00:00\",\"dateModified\":\"2019-05-20T14:54:38+00:00\",\"author\":{\"@id\":\"https:\\\/\\\/fundacioncajaruraldelsur.com\\\/#\\\/schema\\\/person\\\/f430da9fb783d505ff061ad8b3d44577\"},\"breadcrumb\":{\"@id\":\"https:\\\/\\\/fundacioncajaruraldelsur.com\\\/fundacion-caja-rural-del-sur-y-la-hermandad-de-la-caridad-presentan-la-restauracion-del-cuadro-exaltacion-de-la-cruz\\\/#breadcrumb\"},\"inLanguage\":\"pt-PT\",\"potentialAction\":[{\"@type\":\"ReadAction\",\"target\":[\"https:\\\/\\\/fundacioncajaruraldelsur.com\\\/fundacion-caja-rural-del-sur-y-la-hermandad-de-la-caridad-presentan-la-restauracion-del-cuadro-exaltacion-de-la-cruz\\\/\"]}]},{\"@type\":\"ImageObject\",\"inLanguage\":\"pt-PT\",\"@id\":\"https:\\\/\\\/fundacioncajaruraldelsur.com\\\/fundacion-caja-rural-del-sur-y-la-hermandad-de-la-caridad-presentan-la-restauracion-del-cuadro-exaltacion-de-la-cruz\\\/#primaryimage\",\"url\":\"https:\\\/\\\/fundacioncajaruraldelsur.com\\\/wp-content\\\/uploads\\\/2019\\\/05\\\/Restauraci\u00f3n-Exaltaci\u00f3n-Cruz-Caridad.jpg\",\"contentUrl\":\"https:\\\/\\\/fundacioncajaruraldelsur.com\\\/wp-content\\\/uploads\\\/2019\\\/05\\\/Restauraci\u00f3n-Exaltaci\u00f3n-Cruz-Caridad.jpg\",\"width\":1000,\"height\":667},{\"@type\":\"BreadcrumbList\",\"@id\":\"https:\\\/\\\/fundacioncajaruraldelsur.com\\\/fundacion-caja-rural-del-sur-y-la-hermandad-de-la-caridad-presentan-la-restauracion-del-cuadro-exaltacion-de-la-cruz\\\/#breadcrumb\",\"itemListElement\":[{\"@type\":\"ListItem\",\"position\":1,\"name\":\"Portada\",\"item\":\"https:\\\/\\\/fundacioncajaruraldelsur.com\\\/\"},{\"@type\":\"ListItem\",\"position\":2,\"name\":\"Presentaci\u00f3n de la restauraci\u00f3n del cuadro \u201cExaltaci\u00f3n de la Cruz\u201d de La Caridad\"}]},{\"@type\":\"WebSite\",\"@id\":\"https:\\\/\\\/fundacioncajaruraldelsur.com\\\/#website\",\"url\":\"https:\\\/\\\/fundacioncajaruraldelsur.com\\\/\",\"name\":\"Fundaci\u00f3n Caja Rural del Sur\",\"description\":\"\",\"potentialAction\":[{\"@type\":\"SearchAction\",\"target\":{\"@type\":\"EntryPoint\",\"urlTemplate\":\"https:\\\/\\\/fundacioncajaruraldelsur.com\\\/?s={search_term_string}\"},\"query-input\":{\"@type\":\"PropertyValueSpecification\",\"valueRequired\":true,\"valueName\":\"search_term_string\"}}],\"inLanguage\":\"pt-PT\"},{\"@type\":\"Person\",\"@id\":\"https:\\\/\\\/fundacioncajaruraldelsur.com\\\/#\\\/schema\\\/person\\\/f430da9fb783d505ff061ad8b3d44577\",\"name\":\"Comunicaci\u00f3n\",\"image\":{\"@type\":\"ImageObject\",\"inLanguage\":\"pt-PT\",\"@id\":\"https:\\\/\\\/secure.gravatar.com\\\/avatar\\\/0dca239875993680bac4603ad2de7942da018f52cc3a244578e0b3b09314a8d8?s=96&d=blank&r=g\",\"url\":\"https:\\\/\\\/secure.gravatar.com\\\/avatar\\\/0dca239875993680bac4603ad2de7942da018f52cc3a244578e0b3b09314a8d8?s=96&d=blank&r=g\",\"contentUrl\":\"https:\\\/\\\/secure.gravatar.com\\\/avatar\\\/0dca239875993680bac4603ad2de7942da018f52cc3a244578e0b3b09314a8d8?s=96&d=blank&r=g\",\"caption\":\"Comunicaci\u00f3n\"}}]}<\/script>\n<!-- \/ Yoast SEO plugin. -->","yoast_head_json":{"title":"Presentaci\u00f3n de la restauraci\u00f3n del cuadro \u201cExaltaci\u00f3n de la Cruz\u201d de La Caridad - Fundaci\u00f3n Caja Rural del Sur","robots":{"index":"index","follow":"follow","max-snippet":"max-snippet:-1","max-image-preview":"max-image-preview:large","max-video-preview":"max-video-preview:-1"},"canonical":"https:\/\/fundacioncajaruraldelsur.com\/pt\/fundacion-caja-rural-del-sur-y-la-hermandad-de-la-caridad-presentan-la-restauracion-del-cuadro-exaltacion-de-la-cruz\/","og_locale":"pt_PT","og_type":"article","og_title":"Presentaci\u00f3n de la restauraci\u00f3n del cuadro \u201cExaltaci\u00f3n de la Cruz\u201d de La Caridad - Fundaci\u00f3n Caja Rural del Sur","og_description":"Fundaci\u00f3n Caja Rural del Sur, fiel a su fin de promover la cultura y la conservaci\u00f3n del entorno donde realiza sus actividades, ha respaldado a la Hermandad de la Santa [&hellip;]","og_url":"https:\/\/fundacioncajaruraldelsur.com\/pt\/fundacion-caja-rural-del-sur-y-la-hermandad-de-la-caridad-presentan-la-restauracion-del-cuadro-exaltacion-de-la-cruz\/","og_site_name":"Fundaci\u00f3n Caja Rural del Sur","article_published_time":"2019-05-20T14:40:40+00:00","article_modified_time":"2019-05-20T14:54:38+00:00","og_image":[{"width":1000,"height":667,"url":"https:\/\/fundacioncajaruraldelsur.com\/wp-content\/uploads\/2019\/05\/Restauraci\u00f3n-Exaltaci\u00f3n-Cruz-Caridad.jpg","type":"image\/jpeg"}],"author":"Comunicaci\u00f3n","twitter_card":"summary_large_image","twitter_misc":{"Written by":"Comunicaci\u00f3n","Est. reading time":"5 minutes"},"schema":{"@context":"https:\/\/schema.org","@graph":[{"@type":"Article","@id":"https:\/\/fundacioncajaruraldelsur.com\/fundacion-caja-rural-del-sur-y-la-hermandad-de-la-caridad-presentan-la-restauracion-del-cuadro-exaltacion-de-la-cruz\/#article","isPartOf":{"@id":"https:\/\/fundacioncajaruraldelsur.com\/fundacion-caja-rural-del-sur-y-la-hermandad-de-la-caridad-presentan-la-restauracion-del-cuadro-exaltacion-de-la-cruz\/"},"author":{"name":"Comunicaci\u00f3n","@id":"https:\/\/fundacioncajaruraldelsur.com\/#\/schema\/person\/f430da9fb783d505ff061ad8b3d44577"},"headline":"Presentaci\u00f3n de la restauraci\u00f3n del cuadro \u201cExaltaci\u00f3n de la Cruz\u201d de La Caridad","datePublished":"2019-05-20T14:40:40+00:00","dateModified":"2019-05-20T14:54:38+00:00","mainEntityOfPage":{"@id":"https:\/\/fundacioncajaruraldelsur.com\/fundacion-caja-rural-del-sur-y-la-hermandad-de-la-caridad-presentan-la-restauracion-del-cuadro-exaltacion-de-la-cruz\/"},"wordCount":1062,"image":{"@id":"https:\/\/fundacioncajaruraldelsur.com\/fundacion-caja-rural-del-sur-y-la-hermandad-de-la-caridad-presentan-la-restauracion-del-cuadro-exaltacion-de-la-cruz\/#primaryimage"},"thumbnailUrl":"https:\/\/fundacioncajaruraldelsur.com\/wp-content\/uploads\/2019\/05\/Restauraci\u00f3n-Exaltaci\u00f3n-Cruz-Caridad.jpg","articleSection":["Sin categor\u00eda"],"inLanguage":"pt-PT"},{"@type":"WebPage","@id":"https:\/\/fundacioncajaruraldelsur.com\/fundacion-caja-rural-del-sur-y-la-hermandad-de-la-caridad-presentan-la-restauracion-del-cuadro-exaltacion-de-la-cruz\/","url":"https:\/\/fundacioncajaruraldelsur.com\/fundacion-caja-rural-del-sur-y-la-hermandad-de-la-caridad-presentan-la-restauracion-del-cuadro-exaltacion-de-la-cruz\/","name":"Presentaci\u00f3n de la restauraci\u00f3n del cuadro \u201cExaltaci\u00f3n de la Cruz\u201d de La Caridad - Fundaci\u00f3n Caja Rural del Sur","isPartOf":{"@id":"https:\/\/fundacioncajaruraldelsur.com\/#website"},"primaryImageOfPage":{"@id":"https:\/\/fundacioncajaruraldelsur.com\/fundacion-caja-rural-del-sur-y-la-hermandad-de-la-caridad-presentan-la-restauracion-del-cuadro-exaltacion-de-la-cruz\/#primaryimage"},"image":{"@id":"https:\/\/fundacioncajaruraldelsur.com\/fundacion-caja-rural-del-sur-y-la-hermandad-de-la-caridad-presentan-la-restauracion-del-cuadro-exaltacion-de-la-cruz\/#primaryimage"},"thumbnailUrl":"https:\/\/fundacioncajaruraldelsur.com\/wp-content\/uploads\/2019\/05\/Restauraci\u00f3n-Exaltaci\u00f3n-Cruz-Caridad.jpg","datePublished":"2019-05-20T14:40:40+00:00","dateModified":"2019-05-20T14:54:38+00:00","author":{"@id":"https:\/\/fundacioncajaruraldelsur.com\/#\/schema\/person\/f430da9fb783d505ff061ad8b3d44577"},"breadcrumb":{"@id":"https:\/\/fundacioncajaruraldelsur.com\/fundacion-caja-rural-del-sur-y-la-hermandad-de-la-caridad-presentan-la-restauracion-del-cuadro-exaltacion-de-la-cruz\/#breadcrumb"},"inLanguage":"pt-PT","potentialAction":[{"@type":"ReadAction","target":["https:\/\/fundacioncajaruraldelsur.com\/fundacion-caja-rural-del-sur-y-la-hermandad-de-la-caridad-presentan-la-restauracion-del-cuadro-exaltacion-de-la-cruz\/"]}]},{"@type":"ImageObject","inLanguage":"pt-PT","@id":"https:\/\/fundacioncajaruraldelsur.com\/fundacion-caja-rural-del-sur-y-la-hermandad-de-la-caridad-presentan-la-restauracion-del-cuadro-exaltacion-de-la-cruz\/#primaryimage","url":"https:\/\/fundacioncajaruraldelsur.com\/wp-content\/uploads\/2019\/05\/Restauraci\u00f3n-Exaltaci\u00f3n-Cruz-Caridad.jpg","contentUrl":"https:\/\/fundacioncajaruraldelsur.com\/wp-content\/uploads\/2019\/05\/Restauraci\u00f3n-Exaltaci\u00f3n-Cruz-Caridad.jpg","width":1000,"height":667},{"@type":"BreadcrumbList","@id":"https:\/\/fundacioncajaruraldelsur.com\/fundacion-caja-rural-del-sur-y-la-hermandad-de-la-caridad-presentan-la-restauracion-del-cuadro-exaltacion-de-la-cruz\/#breadcrumb","itemListElement":[{"@type":"ListItem","position":1,"name":"Portada","item":"https:\/\/fundacioncajaruraldelsur.com\/"},{"@type":"ListItem","position":2,"name":"Presentaci\u00f3n de la restauraci\u00f3n del cuadro \u201cExaltaci\u00f3n de la Cruz\u201d de La Caridad"}]},{"@type":"WebSite","@id":"https:\/\/fundacioncajaruraldelsur.com\/#website","url":"https:\/\/fundacioncajaruraldelsur.com\/","name":"Funda\u00e7\u00e3o Caja Rural del Sur","description":"","potentialAction":[{"@type":"SearchAction","target":{"@type":"EntryPoint","urlTemplate":"https:\/\/fundacioncajaruraldelsur.com\/?s={search_term_string}"},"query-input":{"@type":"PropertyValueSpecification","valueRequired":true,"valueName":"search_term_string"}}],"inLanguage":"pt-PT"},{"@type":"Person","@id":"https:\/\/fundacioncajaruraldelsur.com\/#\/schema\/person\/f430da9fb783d505ff061ad8b3d44577","name":"Comunicaci\u00f3n","image":{"@type":"ImageObject","inLanguage":"pt-PT","@id":"https:\/\/secure.gravatar.com\/avatar\/0dca239875993680bac4603ad2de7942da018f52cc3a244578e0b3b09314a8d8?s=96&d=blank&r=g","url":"https:\/\/secure.gravatar.com\/avatar\/0dca239875993680bac4603ad2de7942da018f52cc3a244578e0b3b09314a8d8?s=96&d=blank&r=g","contentUrl":"https:\/\/secure.gravatar.com\/avatar\/0dca239875993680bac4603ad2de7942da018f52cc3a244578e0b3b09314a8d8?s=96&d=blank&r=g","caption":"Comunicaci\u00f3n"}}]}},"rttpg_featured_image_url":{"full":["https:\/\/fundacioncajaruraldelsur.com\/wp-content\/uploads\/2019\/05\/Restauraci\u00f3n-Exaltaci\u00f3n-Cruz-Caridad.jpg",1000,667,false],"landscape":["https:\/\/fundacioncajaruraldelsur.com\/wp-content\/uploads\/2019\/05\/Restauraci\u00f3n-Exaltaci\u00f3n-Cruz-Caridad.jpg",1000,667,false],"portraits":["https:\/\/fundacioncajaruraldelsur.com\/wp-content\/uploads\/2019\/05\/Restauraci\u00f3n-Exaltaci\u00f3n-Cruz-Caridad.jpg",1000,667,false],"thumbnail":["https:\/\/fundacioncajaruraldelsur.com\/wp-content\/uploads\/2019\/05\/Restauraci\u00f3n-Exaltaci\u00f3n-Cruz-Caridad-150x150.jpg",150,150,true],"medium":["https:\/\/fundacioncajaruraldelsur.com\/wp-content\/uploads\/2019\/05\/Restauraci\u00f3n-Exaltaci\u00f3n-Cruz-Caridad-300x200.jpg",300,200,true],"large":["https:\/\/fundacioncajaruraldelsur.com\/wp-content\/uploads\/2019\/05\/Restauraci\u00f3n-Exaltaci\u00f3n-Cruz-Caridad.jpg",960,640,false],"1536x1536":["https:\/\/fundacioncajaruraldelsur.com\/wp-content\/uploads\/2019\/05\/Restauraci\u00f3n-Exaltaci\u00f3n-Cruz-Caridad.jpg",1000,667,false],"2048x2048":["https:\/\/fundacioncajaruraldelsur.com\/wp-content\/uploads\/2019\/05\/Restauraci\u00f3n-Exaltaci\u00f3n-Cruz-Caridad.jpg",1000,667,false],"trp-custom-language-flag":["https:\/\/fundacioncajaruraldelsur.com\/wp-content\/uploads\/2019\/05\/Restauraci\u00f3n-Exaltaci\u00f3n-Cruz-Caridad.jpg",18,12,false],"blog-thumbnail":["https:\/\/fundacioncajaruraldelsur.com\/wp-content\/uploads\/2019\/05\/Restauraci\u00f3n-Exaltaci\u00f3n-Cruz-Caridad-400x200.jpg",400,200,true]},"rttpg_author":{"display_name":"Comunicaci\u00f3n","author_link":"https:\/\/fundacioncajaruraldelsur.com\/pt\/author\/sevillaadmin\/"},"rttpg_comment":0,"rttpg_category":"<a href=\"https:\/\/fundacioncajaruraldelsur.com\/pt\/category\/sin-categoria\/\" rel=\"category tag\">Sin categor\u00eda<\/a>","rttpg_excerpt":"Fundaci\u00f3n Caja Rural del Sur, fiel a su fin de promover la cultura y la conservaci\u00f3n del entorno donde realiza sus actividades, ha respaldado a la Hermandad de la Santa [&hellip;]","_links":{"self":[{"href":"https:\/\/fundacioncajaruraldelsur.com\/pt\/wp-json\/wp\/v2\/posts\/4825","targetHints":{"allow":["GET"]}}],"collection":[{"href":"https:\/\/fundacioncajaruraldelsur.com\/pt\/wp-json\/wp\/v2\/posts"}],"about":[{"href":"https:\/\/fundacioncajaruraldelsur.com\/pt\/wp-json\/wp\/v2\/types\/post"}],"author":[{"embeddable":true,"href":"https:\/\/fundacioncajaruraldelsur.com\/pt\/wp-json\/wp\/v2\/users\/6"}],"replies":[{"embeddable":true,"href":"https:\/\/fundacioncajaruraldelsur.com\/pt\/wp-json\/wp\/v2\/comments?post=4825"}],"version-history":[{"count":4,"href":"https:\/\/fundacioncajaruraldelsur.com\/pt\/wp-json\/wp\/v2\/posts\/4825\/revisions"}],"predecessor-version":[{"id":4838,"href":"https:\/\/fundacioncajaruraldelsur.com\/pt\/wp-json\/wp\/v2\/posts\/4825\/revisions\/4838"}],"wp:featuredmedia":[{"embeddable":true,"href":"https:\/\/fundacioncajaruraldelsur.com\/pt\/wp-json\/wp\/v2\/media\/4826"}],"wp:attachment":[{"href":"https:\/\/fundacioncajaruraldelsur.com\/pt\/wp-json\/wp\/v2\/media?parent=4825"}],"wp:term":[{"taxonomy":"category","embeddable":true,"href":"https:\/\/fundacioncajaruraldelsur.com\/pt\/wp-json\/wp\/v2\/categories?post=4825"},{"taxonomy":"post_tag","embeddable":true,"href":"https:\/\/fundacioncajaruraldelsur.com\/pt\/wp-json\/wp\/v2\/tags?post=4825"}],"curies":[{"name":"wp","href":"https:\/\/api.w.org\/{rel}","templated":true}]}}