{"id":4602,"date":"2019-03-18T18:34:00","date_gmt":"2019-03-18T16:34:00","guid":{"rendered":"\/?p=4602"},"modified":"2019-03-18T18:34:00","modified_gmt":"2019-03-18T16:34:00","slug":"francisco-morales-recibe-el-xi-premio-simon-de-rojas-clemente-de-fundacion-caja-rural-del-sur-y-abc","status":"publish","type":"post","link":"https:\/\/fundacioncajaruraldelsur.com\/pt\/francisco-morales-recibe-el-xi-premio-simon-de-rojas-clemente-de-fundacion-caja-rural-del-sur-y-abc\/","title":{"rendered":"Francisco Morales recibe el XI Premio Sim\u00f3n de Rojas Clemente de Fundaci\u00f3n Caja Rural del Sur y ABC"},"content":{"rendered":"<p>ABC y la Fundaci\u00f3n Caja Rural del Sur han entregado al empresario agr\u00edcola cordob\u00e9s Francisco Morales el Premio Sim\u00f3n de Rojas Clemente 2019, en un acto celebrado en la Casa de ABC de Sevilla, galard\u00f3n, que llega este a\u00f1o a su und\u00e9cima edici\u00f3n, para ensalzar la figura de destacados protagonistas de la agricultura y la ganader\u00eda en Andaluc\u00eda.<\/p>\n<p>La consejera de Agricultura de la Junta de Andaluc\u00eda, Carmen Crespo, entreg\u00f3 el Premio a Francisco Morales en presencia del director de ABC de Sevilla, \u00c1lvaro Ybarra, la presidenta editora de ABC, Catalina Luca de Tena yel presidente de la Fundaci\u00f3n Caja Rural del Sur,\u00a0 Jos\u00e9 Luis Garc\u00eda-Palacios \u00c1lvarez.<\/p>\n<p>Francisco Morales, conocido como \u00abel rey de la almendra\u00bb, representa a la tercera generaci\u00f3n de una empresa familiar\u00a0que naci\u00f3 en 1910 en la aldea de Zamoranos, un pueblo de apenas 400 habitantes de la sierra Subb\u00e9tica, donde mantiene su sede social y donde sigue viviendo el empresario. Almendras Francisco Morales es hoy es\u00a0uno de los primeros grupos exportadores de frutos secos nacionales, con una facturaci\u00f3n de 200 millones de euros y plantas en Espa\u00f1a (Zamoranos, Albacete y Extremadura), Portugal y Chile. Dirige la empresa familiar desde 1975, con 26 a\u00f1os, y en todo eteos a\u00f1os ha impulsado su actividad hasta convertirla en un referente en la producci\u00f3n y comercializaci\u00f3n de almendra en Andaluc\u00eda.<\/p>\n<p>Seg\u00fan destac\u00f3 en su intervenci\u00f3n en el acto el presidente de la Fundaci\u00f3n Caja Rural del Sur, Jos\u00e9 Luis Garc\u00eda-Palacios \u00c1lvarez,\u00a0Francisco Morales \u00abcumple a la perfecci\u00f3n el esp\u00edritu de estos prestigiosos premios, ya que este tipo de personas, de exelentes profesionales, son los que hacen grande a un pa\u00eds, a una comunidad y a un sector como el nuestro; una dedicaci\u00f3n que, como dec\u00eda Cicer\u00f3n, precisa de virtudes esenciales para la mejora integral de la sociedad:\u00a0sabidur\u00eda, sencillez y dignidad\u00bb.<\/p>\n<p>Por su parte, la consejera de Agricultura, Carmen Crespo, ensalz\u00f3 la figura del empresario cordob\u00e9s y tambi\u00e9n tuvo palabras de reconocimiento para el ex presidente de Fundaci\u00f3n Caja Rural del Sur, Jos\u00e9 Luis Garc\u00eda Palacios, impulsor de estos premios Sim\u00f3n de Rojas,\u00a0\u00a0a quien se homenaje\u00f3 durante el acto, tras su fallecimiento el pasado mes de noviembre de 2018.<\/p>\n<p>As\u00ed, el director gerente de ABC de Andaluc\u00eda, \u00c1lvaro Rodr\u00edguez Guitart, hizo entrega a la esposa e hijos del empresario y presidente de la Caja Rural del Sur de\u00a0un cuadro, obra del pintor J. Jim\u00e9nez S\u00e1nchez-Dalp\u00a0en recuerdo de su figura, agradeciendo el apoyo a estos premios anuales de\u00a0ABC y la Fundaci\u00f3n Rural del Sur.<\/p>","protected":false},"excerpt":{"rendered":"<p>ABC y la Fundaci\u00f3n Caja Rural del Sur han entregado al empresario agr\u00edcola cordob\u00e9s Francisco Morales el Premio Sim\u00f3n de Rojas Clemente 2019, en un acto celebrado en la Casa [&hellip;]<\/p>\n","protected":false},"author":6,"featured_media":4603,"comment_status":"closed","ping_status":"closed","sticky":false,"template":"","format":"standard","meta":{"footnotes":""},"categories":[70,64],"tags":[],"class_list":["post-4602","post","type-post","status-publish","format-standard","has-post-thumbnail","hentry","category-accion-social","category-premios"],"yoast_head":"<!-- This site is optimized with the Yoast SEO plugin v27.3 - https:\/\/yoast.com\/product\/yoast-seo-wordpress\/ -->\n<title>Francisco Morales recibe el XI Premio Sim\u00f3n de Rojas Clemente de Fundaci\u00f3n Caja Rural del Sur y ABC - Fundaci\u00f3n Caja Rural del Sur<\/title>\n<meta name=\"robots\" content=\"index, follow, max-snippet:-1, max-image-preview:large, max-video-preview:-1\" \/>\n<link rel=\"canonical\" href=\"https:\/\/fundacioncajaruraldelsur.com\/pt\/francisco-morales-recibe-el-xi-premio-simon-de-rojas-clemente-de-fundacion-caja-rural-del-sur-y-abc\/\" \/>\n<meta property=\"og:locale\" content=\"pt_PT\" \/>\n<meta property=\"og:type\" content=\"article\" \/>\n<meta property=\"og:title\" content=\"Francisco Morales recibe el XI Premio Sim\u00f3n de Rojas Clemente de Fundaci\u00f3n Caja Rural del Sur y ABC - Fundaci\u00f3n Caja Rural del Sur\" \/>\n<meta property=\"og:description\" content=\"ABC y la Fundaci\u00f3n Caja Rural del Sur han entregado al empresario agr\u00edcola cordob\u00e9s Francisco Morales el Premio Sim\u00f3n de Rojas Clemente 2019, en un acto celebrado en la Casa [&hellip;]\" \/>\n<meta property=\"og:url\" content=\"https:\/\/fundacioncajaruraldelsur.com\/pt\/francisco-morales-recibe-el-xi-premio-simon-de-rojas-clemente-de-fundacion-caja-rural-del-sur-y-abc\/\" \/>\n<meta property=\"og:site_name\" content=\"Fundaci\u00f3n Caja Rural del Sur\" \/>\n<meta property=\"article:published_time\" content=\"2019-03-18T16:34:00+00:00\" \/>\n<meta property=\"og:image\" content=\"https:\/\/fundacioncajaruraldelsur.com\/wp-content\/uploads\/2019\/03\/premio-simon-rojas-kRmC-620x349@abc.jpg\" \/>\n\t<meta property=\"og:image:width\" content=\"619\" \/>\n\t<meta property=\"og:image:height\" content=\"349\" \/>\n\t<meta property=\"og:image:type\" content=\"image\/jpeg\" \/>\n<meta name=\"author\" content=\"Comunicaci\u00f3n\" \/>\n<meta name=\"twitter:card\" content=\"summary_large_image\" \/>\n<meta name=\"twitter:label1\" content=\"Written by\" \/>\n\t<meta name=\"twitter:data1\" content=\"Comunicaci\u00f3n\" \/>\n\t<meta name=\"twitter:label2\" content=\"Est. reading time\" \/>\n\t<meta name=\"twitter:data2\" content=\"2 minutes\" \/>\n<script type=\"application\/ld+json\" class=\"yoast-schema-graph\">{\"@context\":\"https:\\\/\\\/schema.org\",\"@graph\":[{\"@type\":\"Article\",\"@id\":\"https:\\\/\\\/fundacioncajaruraldelsur.com\\\/francisco-morales-recibe-el-xi-premio-simon-de-rojas-clemente-de-fundacion-caja-rural-del-sur-y-abc\\\/#article\",\"isPartOf\":{\"@id\":\"https:\\\/\\\/fundacioncajaruraldelsur.com\\\/francisco-morales-recibe-el-xi-premio-simon-de-rojas-clemente-de-fundacion-caja-rural-del-sur-y-abc\\\/\"},\"author\":{\"name\":\"Comunicaci\u00f3n\",\"@id\":\"https:\\\/\\\/fundacioncajaruraldelsur.com\\\/#\\\/schema\\\/person\\\/f430da9fb783d505ff061ad8b3d44577\"},\"headline\":\"Francisco Morales recibe el XI Premio Sim\u00f3n de Rojas Clemente de Fundaci\u00f3n Caja Rural del Sur y ABC\",\"datePublished\":\"2019-03-18T16:34:00+00:00\",\"mainEntityOfPage\":{\"@id\":\"https:\\\/\\\/fundacioncajaruraldelsur.com\\\/francisco-morales-recibe-el-xi-premio-simon-de-rojas-clemente-de-fundacion-caja-rural-del-sur-y-abc\\\/\"},\"wordCount\":475,\"image\":{\"@id\":\"https:\\\/\\\/fundacioncajaruraldelsur.com\\\/francisco-morales-recibe-el-xi-premio-simon-de-rojas-clemente-de-fundacion-caja-rural-del-sur-y-abc\\\/#primaryimage\"},\"thumbnailUrl\":\"https:\\\/\\\/fundacioncajaruraldelsur.com\\\/wp-content\\\/uploads\\\/2019\\\/03\\\/premio-simon-rojas-kRmC-620x349@abc.jpg\",\"articleSection\":[\"Acci\u00f3n social\",\"Premios\"],\"inLanguage\":\"pt-PT\"},{\"@type\":\"WebPage\",\"@id\":\"https:\\\/\\\/fundacioncajaruraldelsur.com\\\/francisco-morales-recibe-el-xi-premio-simon-de-rojas-clemente-de-fundacion-caja-rural-del-sur-y-abc\\\/\",\"url\":\"https:\\\/\\\/fundacioncajaruraldelsur.com\\\/francisco-morales-recibe-el-xi-premio-simon-de-rojas-clemente-de-fundacion-caja-rural-del-sur-y-abc\\\/\",\"name\":\"Francisco Morales recibe el XI Premio Sim\u00f3n de Rojas Clemente de Fundaci\u00f3n Caja Rural del Sur y ABC - Fundaci\u00f3n Caja Rural del Sur\",\"isPartOf\":{\"@id\":\"https:\\\/\\\/fundacioncajaruraldelsur.com\\\/#website\"},\"primaryImageOfPage\":{\"@id\":\"https:\\\/\\\/fundacioncajaruraldelsur.com\\\/francisco-morales-recibe-el-xi-premio-simon-de-rojas-clemente-de-fundacion-caja-rural-del-sur-y-abc\\\/#primaryimage\"},\"image\":{\"@id\":\"https:\\\/\\\/fundacioncajaruraldelsur.com\\\/francisco-morales-recibe-el-xi-premio-simon-de-rojas-clemente-de-fundacion-caja-rural-del-sur-y-abc\\\/#primaryimage\"},\"thumbnailUrl\":\"https:\\\/\\\/fundacioncajaruraldelsur.com\\\/wp-content\\\/uploads\\\/2019\\\/03\\\/premio-simon-rojas-kRmC-620x349@abc.jpg\",\"datePublished\":\"2019-03-18T16:34:00+00:00\",\"author\":{\"@id\":\"https:\\\/\\\/fundacioncajaruraldelsur.com\\\/#\\\/schema\\\/person\\\/f430da9fb783d505ff061ad8b3d44577\"},\"breadcrumb\":{\"@id\":\"https:\\\/\\\/fundacioncajaruraldelsur.com\\\/francisco-morales-recibe-el-xi-premio-simon-de-rojas-clemente-de-fundacion-caja-rural-del-sur-y-abc\\\/#breadcrumb\"},\"inLanguage\":\"pt-PT\",\"potentialAction\":[{\"@type\":\"ReadAction\",\"target\":[\"https:\\\/\\\/fundacioncajaruraldelsur.com\\\/francisco-morales-recibe-el-xi-premio-simon-de-rojas-clemente-de-fundacion-caja-rural-del-sur-y-abc\\\/\"]}]},{\"@type\":\"ImageObject\",\"inLanguage\":\"pt-PT\",\"@id\":\"https:\\\/\\\/fundacioncajaruraldelsur.com\\\/francisco-morales-recibe-el-xi-premio-simon-de-rojas-clemente-de-fundacion-caja-rural-del-sur-y-abc\\\/#primaryimage\",\"url\":\"https:\\\/\\\/fundacioncajaruraldelsur.com\\\/wp-content\\\/uploads\\\/2019\\\/03\\\/premio-simon-rojas-kRmC-620x349@abc.jpg\",\"contentUrl\":\"https:\\\/\\\/fundacioncajaruraldelsur.com\\\/wp-content\\\/uploads\\\/2019\\\/03\\\/premio-simon-rojas-kRmC-620x349@abc.jpg\",\"width\":619,\"height\":349},{\"@type\":\"BreadcrumbList\",\"@id\":\"https:\\\/\\\/fundacioncajaruraldelsur.com\\\/francisco-morales-recibe-el-xi-premio-simon-de-rojas-clemente-de-fundacion-caja-rural-del-sur-y-abc\\\/#breadcrumb\",\"itemListElement\":[{\"@type\":\"ListItem\",\"position\":1,\"name\":\"Portada\",\"item\":\"https:\\\/\\\/fundacioncajaruraldelsur.com\\\/\"},{\"@type\":\"ListItem\",\"position\":2,\"name\":\"Francisco Morales recibe el XI Premio Sim\u00f3n de Rojas Clemente de Fundaci\u00f3n Caja Rural del Sur y ABC\"}]},{\"@type\":\"WebSite\",\"@id\":\"https:\\\/\\\/fundacioncajaruraldelsur.com\\\/#website\",\"url\":\"https:\\\/\\\/fundacioncajaruraldelsur.com\\\/\",\"name\":\"Fundaci\u00f3n Caja Rural del Sur\",\"description\":\"\",\"potentialAction\":[{\"@type\":\"SearchAction\",\"target\":{\"@type\":\"EntryPoint\",\"urlTemplate\":\"https:\\\/\\\/fundacioncajaruraldelsur.com\\\/?s={search_term_string}\"},\"query-input\":{\"@type\":\"PropertyValueSpecification\",\"valueRequired\":true,\"valueName\":\"search_term_string\"}}],\"inLanguage\":\"pt-PT\"},{\"@type\":\"Person\",\"@id\":\"https:\\\/\\\/fundacioncajaruraldelsur.com\\\/#\\\/schema\\\/person\\\/f430da9fb783d505ff061ad8b3d44577\",\"name\":\"Comunicaci\u00f3n\",\"image\":{\"@type\":\"ImageObject\",\"inLanguage\":\"pt-PT\",\"@id\":\"https:\\\/\\\/secure.gravatar.com\\\/avatar\\\/0dca239875993680bac4603ad2de7942da018f52cc3a244578e0b3b09314a8d8?s=96&d=blank&r=g\",\"url\":\"https:\\\/\\\/secure.gravatar.com\\\/avatar\\\/0dca239875993680bac4603ad2de7942da018f52cc3a244578e0b3b09314a8d8?s=96&d=blank&r=g\",\"contentUrl\":\"https:\\\/\\\/secure.gravatar.com\\\/avatar\\\/0dca239875993680bac4603ad2de7942da018f52cc3a244578e0b3b09314a8d8?s=96&d=blank&r=g\",\"caption\":\"Comunicaci\u00f3n\"}}]}<\/script>\n<!-- \/ Yoast SEO plugin. -->","yoast_head_json":{"title":"Francisco Morales recibe el XI Premio Sim\u00f3n de Rojas Clemente de Fundaci\u00f3n Caja Rural del Sur y ABC - Fundaci\u00f3n Caja Rural del Sur","robots":{"index":"index","follow":"follow","max-snippet":"max-snippet:-1","max-image-preview":"max-image-preview:large","max-video-preview":"max-video-preview:-1"},"canonical":"https:\/\/fundacioncajaruraldelsur.com\/pt\/francisco-morales-recibe-el-xi-premio-simon-de-rojas-clemente-de-fundacion-caja-rural-del-sur-y-abc\/","og_locale":"pt_PT","og_type":"article","og_title":"Francisco Morales recibe el XI Premio Sim\u00f3n de Rojas Clemente de Fundaci\u00f3n Caja Rural del Sur y ABC - Fundaci\u00f3n Caja Rural del Sur","og_description":"ABC y la Fundaci\u00f3n Caja Rural del Sur han entregado al empresario agr\u00edcola cordob\u00e9s Francisco Morales el Premio Sim\u00f3n de Rojas Clemente 2019, en un acto celebrado en la Casa [&hellip;]","og_url":"https:\/\/fundacioncajaruraldelsur.com\/pt\/francisco-morales-recibe-el-xi-premio-simon-de-rojas-clemente-de-fundacion-caja-rural-del-sur-y-abc\/","og_site_name":"Fundaci\u00f3n Caja Rural del Sur","article_published_time":"2019-03-18T16:34:00+00:00","og_image":[{"width":619,"height":349,"url":"https:\/\/fundacioncajaruraldelsur.com\/wp-content\/uploads\/2019\/03\/premio-simon-rojas-kRmC-620x349@abc.jpg","type":"image\/jpeg"}],"author":"Comunicaci\u00f3n","twitter_card":"summary_large_image","twitter_misc":{"Written by":"Comunicaci\u00f3n","Est. reading time":"2 minutes"},"schema":{"@context":"https:\/\/schema.org","@graph":[{"@type":"Article","@id":"https:\/\/fundacioncajaruraldelsur.com\/francisco-morales-recibe-el-xi-premio-simon-de-rojas-clemente-de-fundacion-caja-rural-del-sur-y-abc\/#article","isPartOf":{"@id":"https:\/\/fundacioncajaruraldelsur.com\/francisco-morales-recibe-el-xi-premio-simon-de-rojas-clemente-de-fundacion-caja-rural-del-sur-y-abc\/"},"author":{"name":"Comunicaci\u00f3n","@id":"https:\/\/fundacioncajaruraldelsur.com\/#\/schema\/person\/f430da9fb783d505ff061ad8b3d44577"},"headline":"Francisco Morales recibe el XI Premio Sim\u00f3n de Rojas Clemente de Fundaci\u00f3n Caja Rural del Sur y ABC","datePublished":"2019-03-18T16:34:00+00:00","mainEntityOfPage":{"@id":"https:\/\/fundacioncajaruraldelsur.com\/francisco-morales-recibe-el-xi-premio-simon-de-rojas-clemente-de-fundacion-caja-rural-del-sur-y-abc\/"},"wordCount":475,"image":{"@id":"https:\/\/fundacioncajaruraldelsur.com\/francisco-morales-recibe-el-xi-premio-simon-de-rojas-clemente-de-fundacion-caja-rural-del-sur-y-abc\/#primaryimage"},"thumbnailUrl":"https:\/\/fundacioncajaruraldelsur.com\/wp-content\/uploads\/2019\/03\/premio-simon-rojas-kRmC-620x349@abc.jpg","articleSection":["Acci\u00f3n social","Premios"],"inLanguage":"pt-PT"},{"@type":"WebPage","@id":"https:\/\/fundacioncajaruraldelsur.com\/francisco-morales-recibe-el-xi-premio-simon-de-rojas-clemente-de-fundacion-caja-rural-del-sur-y-abc\/","url":"https:\/\/fundacioncajaruraldelsur.com\/francisco-morales-recibe-el-xi-premio-simon-de-rojas-clemente-de-fundacion-caja-rural-del-sur-y-abc\/","name":"Francisco Morales recibe el XI Premio Sim\u00f3n de Rojas Clemente de Fundaci\u00f3n Caja Rural del Sur y ABC - Fundaci\u00f3n Caja Rural del Sur","isPartOf":{"@id":"https:\/\/fundacioncajaruraldelsur.com\/#website"},"primaryImageOfPage":{"@id":"https:\/\/fundacioncajaruraldelsur.com\/francisco-morales-recibe-el-xi-premio-simon-de-rojas-clemente-de-fundacion-caja-rural-del-sur-y-abc\/#primaryimage"},"image":{"@id":"https:\/\/fundacioncajaruraldelsur.com\/francisco-morales-recibe-el-xi-premio-simon-de-rojas-clemente-de-fundacion-caja-rural-del-sur-y-abc\/#primaryimage"},"thumbnailUrl":"https:\/\/fundacioncajaruraldelsur.com\/wp-content\/uploads\/2019\/03\/premio-simon-rojas-kRmC-620x349@abc.jpg","datePublished":"2019-03-18T16:34:00+00:00","author":{"@id":"https:\/\/fundacioncajaruraldelsur.com\/#\/schema\/person\/f430da9fb783d505ff061ad8b3d44577"},"breadcrumb":{"@id":"https:\/\/fundacioncajaruraldelsur.com\/francisco-morales-recibe-el-xi-premio-simon-de-rojas-clemente-de-fundacion-caja-rural-del-sur-y-abc\/#breadcrumb"},"inLanguage":"pt-PT","potentialAction":[{"@type":"ReadAction","target":["https:\/\/fundacioncajaruraldelsur.com\/francisco-morales-recibe-el-xi-premio-simon-de-rojas-clemente-de-fundacion-caja-rural-del-sur-y-abc\/"]}]},{"@type":"ImageObject","inLanguage":"pt-PT","@id":"https:\/\/fundacioncajaruraldelsur.com\/francisco-morales-recibe-el-xi-premio-simon-de-rojas-clemente-de-fundacion-caja-rural-del-sur-y-abc\/#primaryimage","url":"https:\/\/fundacioncajaruraldelsur.com\/wp-content\/uploads\/2019\/03\/premio-simon-rojas-kRmC-620x349@abc.jpg","contentUrl":"https:\/\/fundacioncajaruraldelsur.com\/wp-content\/uploads\/2019\/03\/premio-simon-rojas-kRmC-620x349@abc.jpg","width":619,"height":349},{"@type":"BreadcrumbList","@id":"https:\/\/fundacioncajaruraldelsur.com\/francisco-morales-recibe-el-xi-premio-simon-de-rojas-clemente-de-fundacion-caja-rural-del-sur-y-abc\/#breadcrumb","itemListElement":[{"@type":"ListItem","position":1,"name":"Portada","item":"https:\/\/fundacioncajaruraldelsur.com\/"},{"@type":"ListItem","position":2,"name":"Francisco Morales recibe el XI Premio Sim\u00f3n de Rojas Clemente de Fundaci\u00f3n Caja Rural del Sur y ABC"}]},{"@type":"WebSite","@id":"https:\/\/fundacioncajaruraldelsur.com\/#website","url":"https:\/\/fundacioncajaruraldelsur.com\/","name":"Funda\u00e7\u00e3o Caja Rural del Sur","description":"","potentialAction":[{"@type":"SearchAction","target":{"@type":"EntryPoint","urlTemplate":"https:\/\/fundacioncajaruraldelsur.com\/?s={search_term_string}"},"query-input":{"@type":"PropertyValueSpecification","valueRequired":true,"valueName":"search_term_string"}}],"inLanguage":"pt-PT"},{"@type":"Person","@id":"https:\/\/fundacioncajaruraldelsur.com\/#\/schema\/person\/f430da9fb783d505ff061ad8b3d44577","name":"Comunicaci\u00f3n","image":{"@type":"ImageObject","inLanguage":"pt-PT","@id":"https:\/\/secure.gravatar.com\/avatar\/0dca239875993680bac4603ad2de7942da018f52cc3a244578e0b3b09314a8d8?s=96&d=blank&r=g","url":"https:\/\/secure.gravatar.com\/avatar\/0dca239875993680bac4603ad2de7942da018f52cc3a244578e0b3b09314a8d8?s=96&d=blank&r=g","contentUrl":"https:\/\/secure.gravatar.com\/avatar\/0dca239875993680bac4603ad2de7942da018f52cc3a244578e0b3b09314a8d8?s=96&d=blank&r=g","caption":"Comunicaci\u00f3n"}}]}},"rttpg_featured_image_url":{"full":["https:\/\/fundacioncajaruraldelsur.com\/wp-content\/uploads\/2019\/03\/premio-simon-rojas-kRmC-620x349@abc.jpg",619,349,false],"landscape":["https:\/\/fundacioncajaruraldelsur.com\/wp-content\/uploads\/2019\/03\/premio-simon-rojas-kRmC-620x349@abc.jpg",619,349,false],"portraits":["https:\/\/fundacioncajaruraldelsur.com\/wp-content\/uploads\/2019\/03\/premio-simon-rojas-kRmC-620x349@abc.jpg",619,349,false],"thumbnail":["https:\/\/fundacioncajaruraldelsur.com\/wp-content\/uploads\/2019\/03\/premio-simon-rojas-kRmC-620x349@abc-150x150.jpg",150,150,true],"medium":["https:\/\/fundacioncajaruraldelsur.com\/wp-content\/uploads\/2019\/03\/premio-simon-rojas-kRmC-620x349@abc-300x169.jpg",300,169,true],"large":["https:\/\/fundacioncajaruraldelsur.com\/wp-content\/uploads\/2019\/03\/premio-simon-rojas-kRmC-620x349@abc.jpg",619,349,false],"1536x1536":["https:\/\/fundacioncajaruraldelsur.com\/wp-content\/uploads\/2019\/03\/premio-simon-rojas-kRmC-620x349@abc.jpg",619,349,false],"2048x2048":["https:\/\/fundacioncajaruraldelsur.com\/wp-content\/uploads\/2019\/03\/premio-simon-rojas-kRmC-620x349@abc.jpg",619,349,false],"trp-custom-language-flag":["https:\/\/fundacioncajaruraldelsur.com\/wp-content\/uploads\/2019\/03\/premio-simon-rojas-kRmC-620x349@abc.jpg",18,10,false],"blog-thumbnail":["https:\/\/fundacioncajaruraldelsur.com\/wp-content\/uploads\/2019\/03\/premio-simon-rojas-kRmC-620x349@abc-400x200.jpg",400,200,true]},"rttpg_author":{"display_name":"Comunicaci\u00f3n","author_link":"https:\/\/fundacioncajaruraldelsur.com\/pt\/author\/sevillaadmin\/"},"rttpg_comment":0,"rttpg_category":"<a href=\"https:\/\/fundacioncajaruraldelsur.com\/pt\/category\/accion-social\/\" rel=\"category tag\">Acci\u00f3n social<\/a> <a href=\"https:\/\/fundacioncajaruraldelsur.com\/pt\/category\/premios\/\" rel=\"category tag\">Premios<\/a>","rttpg_excerpt":"ABC y la Fundaci\u00f3n Caja Rural del Sur han entregado al empresario agr\u00edcola cordob\u00e9s Francisco Morales el Premio Sim\u00f3n de Rojas Clemente 2019, en un acto celebrado en la Casa [&hellip;]","_links":{"self":[{"href":"https:\/\/fundacioncajaruraldelsur.com\/pt\/wp-json\/wp\/v2\/posts\/4602","targetHints":{"allow":["GET"]}}],"collection":[{"href":"https:\/\/fundacioncajaruraldelsur.com\/pt\/wp-json\/wp\/v2\/posts"}],"about":[{"href":"https:\/\/fundacioncajaruraldelsur.com\/pt\/wp-json\/wp\/v2\/types\/post"}],"author":[{"embeddable":true,"href":"https:\/\/fundacioncajaruraldelsur.com\/pt\/wp-json\/wp\/v2\/users\/6"}],"replies":[{"embeddable":true,"href":"https:\/\/fundacioncajaruraldelsur.com\/pt\/wp-json\/wp\/v2\/comments?post=4602"}],"version-history":[{"count":1,"href":"https:\/\/fundacioncajaruraldelsur.com\/pt\/wp-json\/wp\/v2\/posts\/4602\/revisions"}],"predecessor-version":[{"id":4604,"href":"https:\/\/fundacioncajaruraldelsur.com\/pt\/wp-json\/wp\/v2\/posts\/4602\/revisions\/4604"}],"wp:featuredmedia":[{"embeddable":true,"href":"https:\/\/fundacioncajaruraldelsur.com\/pt\/wp-json\/wp\/v2\/media\/4603"}],"wp:attachment":[{"href":"https:\/\/fundacioncajaruraldelsur.com\/pt\/wp-json\/wp\/v2\/media?parent=4602"}],"wp:term":[{"taxonomy":"category","embeddable":true,"href":"https:\/\/fundacioncajaruraldelsur.com\/pt\/wp-json\/wp\/v2\/categories?post=4602"},{"taxonomy":"post_tag","embeddable":true,"href":"https:\/\/fundacioncajaruraldelsur.com\/pt\/wp-json\/wp\/v2\/tags?post=4602"}],"curies":[{"name":"wp","href":"https:\/\/api.w.org\/{rel}","templated":true}]}}