{"id":4598,"date":"2019-03-16T13:45:59","date_gmt":"2019-03-16T11:45:59","guid":{"rendered":"\/?p=4598"},"modified":"2019-03-16T13:45:59","modified_gmt":"2019-03-16T11:45:59","slug":"colaboramos-con-la-hermandad-del-perdon-de-huelva-en-sentencias-de-pasion","status":"publish","type":"post","link":"https:\/\/fundacioncajaruraldelsur.com\/pt\/colaboramos-con-la-hermandad-del-perdon-de-huelva-en-sentencias-de-pasion\/","title":{"rendered":"Colaboramos con la Hermandad del Perd\u00f3n de Huelva en \u2018Sentencias de Pasi\u00f3n\u2019"},"content":{"rendered":"<p>Fundaci\u00f3n Caja Rural del Sur colabora con la Hermandad Sacramental de Culto, Penitencia, Caridad y Cofrad\u00eda de Nazarenos del Sant\u00edsimo Cristo del Perd\u00f3n y Nuestra Se\u00f1ora de los Dolores (m\u00e1s conocida como Hermandad del Perd\u00f3n) en la organizaci\u00f3n del montaje \u2018Sentencias de Pasi\u00f3n\u2019 que se celebrar\u00e1 este domingo, d\u00eda 17 de marzo. El convenio ha sido firmado por el presidente de la Fundaci\u00f3n, Jos\u00e9 Luis Garc\u00eda-Palacios \u00c1lvarez, y el secretario de la Hermandad, Manuel Antonio Fern\u00e1ndez M\u00e1rquez.<\/p>\n<p>La Hermandad Sacramental del Perd\u00f3n tiene su sede en la Parroquia Santa Teresa de Jes\u00fas, en el barrio de La Orden de Huelva. Uno de sus principales objetivos es la ayuda a los m\u00e1s necesitados de esa zona, colaborando estrechamente con C\u00e1ritas Parroquial, para la que se realizan m\u00faltiples acciones de car\u00e1cter ben\u00e9fico a lo largo del a\u00f1o.<\/p>\n<p>La hermandad ha venido organizando la \u00faltima d\u00e9cada m\u00faltiples conciertos de bandas con fines ben\u00e9ficos, en el \u00e1mbito temporal de la cuaresma, teniendo los mismos bastante \u00e9xito entre el p\u00fablico cofrade Onubense. Para este a\u00f1o ha ideado una escenificaci\u00f3n que conjuga y mezcla el flamenco, se\u00f1a de identidad de nuestra tierra, con la m\u00fasica cofrade, tan particular de Andaluc\u00eda; todo ello representando algo tan arraigado en nuestra cultura como es la Pasi\u00f3n de Cristo, y enmarcado en una \u00e9poca tan propicia como es la Cuaresma,<\/p>\n<p>Sentencias de Pasi\u00f3n es una nueva creaci\u00f3n de la compa\u00f1\u00eda flamenca Alberto El Romero para la Semana Santa, en la que se representa La Pasi\u00f3n de Cristo a trav\u00e9s del flamenco. El espect\u00e1culo cuenta con un centenar de artistas en escena entre actores, m\u00fasicos y bailaores, entre los que se encuentran los miembros de una agrupaci\u00f3n musical de Onubense. Tiene una duraci\u00f3n aproximada de 75 minutos, creando una perfecta fusi\u00f3n entre el flamenco y la m\u00fasica procesional cofrade. La obra est\u00e1 estructurada en 8 actos, en los que se interpretan los distintos momentos de la pasi\u00f3n de Cristo.-<\/p>\n<p><a href=\"\/wp-content\/uploads\/2019\/03\/190316.-Firma-del-acuerdo-de-Fundacio\u0301n-Caja-Rural-del-Sur-con-la-Hermandad-de-Pasio\u0301n.jpg\" rel=\"lightbox-0\"><img loading=\"lazy\" decoding=\"async\" class=\"alignnone wp-image-4599 size-full\" src=\"\/wp-content\/uploads\/2019\/03\/190316.-Firma-del-acuerdo-de-Fundacio\u0301n-Caja-Rural-del-Sur-con-la-Hermandad-de-Pasio\u0301n.jpg\" alt=\"\" width=\"2592\" height=\"1936\" srcset=\"https:\/\/fundacioncajaruraldelsur.com\/wp-content\/uploads\/2019\/03\/190316.-Firma-del-acuerdo-de-Fundacio\u0301n-Caja-Rural-del-Sur-con-la-Hermandad-de-Pasio\u0301n.jpg 2592w, https:\/\/fundacioncajaruraldelsur.com\/wp-content\/uploads\/2019\/03\/190316.-Firma-del-acuerdo-de-Fundacio\u0301n-Caja-Rural-del-Sur-con-la-Hermandad-de-Pasio\u0301n-300x224.jpg 300w, https:\/\/fundacioncajaruraldelsur.com\/wp-content\/uploads\/2019\/03\/190316.-Firma-del-acuerdo-de-Fundacio\u0301n-Caja-Rural-del-Sur-con-la-Hermandad-de-Pasio\u0301n-768x574.jpg 768w, https:\/\/fundacioncajaruraldelsur.com\/wp-content\/uploads\/2019\/03\/190316.-Firma-del-acuerdo-de-Fundacio\u0301n-Caja-Rural-del-Sur-con-la-Hermandad-de-Pasio\u0301n-1024x765.jpg 1024w\" sizes=\"auto, (max-width: 2592px) 100vw, 2592px\" \/><\/a><\/p>","protected":false},"excerpt":{"rendered":"<p>Fundaci\u00f3n Caja Rural del Sur colabora con la Hermandad Sacramental de Culto, Penitencia, Caridad y Cofrad\u00eda de Nazarenos del Sant\u00edsimo Cristo del Perd\u00f3n y Nuestra Se\u00f1ora de los Dolores (m\u00e1s [&hellip;]<\/p>\n","protected":false},"author":6,"featured_media":4600,"comment_status":"closed","ping_status":"closed","sticky":false,"template":"","format":"standard","meta":{"footnotes":""},"categories":[70],"tags":[],"class_list":["post-4598","post","type-post","status-publish","format-standard","has-post-thumbnail","hentry","category-accion-social"],"yoast_head":"<!-- This site is optimized with the Yoast SEO plugin v27.3 - https:\/\/yoast.com\/product\/yoast-seo-wordpress\/ -->\n<title>Colaboramos con la Hermandad del Perd\u00f3n de Huelva en \u2018Sentencias de Pasi\u00f3n\u2019 - Fundaci\u00f3n Caja Rural del Sur<\/title>\n<meta name=\"robots\" content=\"index, follow, max-snippet:-1, max-image-preview:large, max-video-preview:-1\" \/>\n<link rel=\"canonical\" href=\"https:\/\/fundacioncajaruraldelsur.com\/pt\/colaboramos-con-la-hermandad-del-perdon-de-huelva-en-sentencias-de-pasion\/\" \/>\n<meta property=\"og:locale\" content=\"pt_PT\" \/>\n<meta property=\"og:type\" content=\"article\" \/>\n<meta property=\"og:title\" content=\"Colaboramos con la Hermandad del Perd\u00f3n de Huelva en \u2018Sentencias de Pasi\u00f3n\u2019 - Fundaci\u00f3n Caja Rural del Sur\" \/>\n<meta property=\"og:description\" content=\"Fundaci\u00f3n Caja Rural del Sur colabora con la Hermandad Sacramental de Culto, Penitencia, Caridad y Cofrad\u00eda de Nazarenos del Sant\u00edsimo Cristo del Perd\u00f3n y Nuestra Se\u00f1ora de los Dolores (m\u00e1s [&hellip;]\" \/>\n<meta property=\"og:url\" content=\"https:\/\/fundacioncajaruraldelsur.com\/pt\/colaboramos-con-la-hermandad-del-perdon-de-huelva-en-sentencias-de-pasion\/\" \/>\n<meta property=\"og:site_name\" content=\"Fundaci\u00f3n Caja Rural del Sur\" \/>\n<meta property=\"article:published_time\" content=\"2019-03-16T11:45:59+00:00\" \/>\n<meta property=\"og:image\" content=\"https:\/\/fundacioncajaruraldelsur.com\/wp-content\/uploads\/2019\/03\/190316.-Fundacio\u0301n-Caja-Rural-del-Sur-apoya-las-actvidades-de-la-Hermandad-del-Perdo\u0301n.jpg\" \/>\n\t<meta property=\"og:image:width\" content=\"2592\" \/>\n\t<meta property=\"og:image:height\" content=\"1936\" \/>\n\t<meta property=\"og:image:type\" content=\"image\/jpeg\" \/>\n<meta name=\"author\" content=\"Comunicaci\u00f3n\" \/>\n<meta name=\"twitter:card\" content=\"summary_large_image\" \/>\n<meta name=\"twitter:label1\" content=\"Written by\" \/>\n\t<meta name=\"twitter:data1\" content=\"Comunicaci\u00f3n\" \/>\n\t<meta name=\"twitter:label2\" content=\"Est. reading time\" \/>\n\t<meta name=\"twitter:data2\" content=\"2 minutes\" \/>\n<script type=\"application\/ld+json\" class=\"yoast-schema-graph\">{\"@context\":\"https:\\\/\\\/schema.org\",\"@graph\":[{\"@type\":\"Article\",\"@id\":\"https:\\\/\\\/fundacioncajaruraldelsur.com\\\/colaboramos-con-la-hermandad-del-perdon-de-huelva-en-sentencias-de-pasion\\\/#article\",\"isPartOf\":{\"@id\":\"https:\\\/\\\/fundacioncajaruraldelsur.com\\\/colaboramos-con-la-hermandad-del-perdon-de-huelva-en-sentencias-de-pasion\\\/\"},\"author\":{\"name\":\"Comunicaci\u00f3n\",\"@id\":\"https:\\\/\\\/fundacioncajaruraldelsur.com\\\/#\\\/schema\\\/person\\\/f430da9fb783d505ff061ad8b3d44577\"},\"headline\":\"Colaboramos con la Hermandad del Perd\u00f3n de Huelva en \u2018Sentencias de Pasi\u00f3n\u2019\",\"datePublished\":\"2019-03-16T11:45:59+00:00\",\"mainEntityOfPage\":{\"@id\":\"https:\\\/\\\/fundacioncajaruraldelsur.com\\\/colaboramos-con-la-hermandad-del-perdon-de-huelva-en-sentencias-de-pasion\\\/\"},\"wordCount\":373,\"image\":{\"@id\":\"https:\\\/\\\/fundacioncajaruraldelsur.com\\\/colaboramos-con-la-hermandad-del-perdon-de-huelva-en-sentencias-de-pasion\\\/#primaryimage\"},\"thumbnailUrl\":\"https:\\\/\\\/fundacioncajaruraldelsur.com\\\/wp-content\\\/uploads\\\/2019\\\/03\\\/190316.-Fundacio\u0301n-Caja-Rural-del-Sur-apoya-las-actvidades-de-la-Hermandad-del-Perdo\u0301n.jpg\",\"articleSection\":[\"Acci\u00f3n social\"],\"inLanguage\":\"pt-PT\"},{\"@type\":\"WebPage\",\"@id\":\"https:\\\/\\\/fundacioncajaruraldelsur.com\\\/colaboramos-con-la-hermandad-del-perdon-de-huelva-en-sentencias-de-pasion\\\/\",\"url\":\"https:\\\/\\\/fundacioncajaruraldelsur.com\\\/colaboramos-con-la-hermandad-del-perdon-de-huelva-en-sentencias-de-pasion\\\/\",\"name\":\"Colaboramos con la Hermandad del Perd\u00f3n de Huelva en \u2018Sentencias de Pasi\u00f3n\u2019 - Fundaci\u00f3n Caja Rural del Sur\",\"isPartOf\":{\"@id\":\"https:\\\/\\\/fundacioncajaruraldelsur.com\\\/#website\"},\"primaryImageOfPage\":{\"@id\":\"https:\\\/\\\/fundacioncajaruraldelsur.com\\\/colaboramos-con-la-hermandad-del-perdon-de-huelva-en-sentencias-de-pasion\\\/#primaryimage\"},\"image\":{\"@id\":\"https:\\\/\\\/fundacioncajaruraldelsur.com\\\/colaboramos-con-la-hermandad-del-perdon-de-huelva-en-sentencias-de-pasion\\\/#primaryimage\"},\"thumbnailUrl\":\"https:\\\/\\\/fundacioncajaruraldelsur.com\\\/wp-content\\\/uploads\\\/2019\\\/03\\\/190316.-Fundacio\u0301n-Caja-Rural-del-Sur-apoya-las-actvidades-de-la-Hermandad-del-Perdo\u0301n.jpg\",\"datePublished\":\"2019-03-16T11:45:59+00:00\",\"author\":{\"@id\":\"https:\\\/\\\/fundacioncajaruraldelsur.com\\\/#\\\/schema\\\/person\\\/f430da9fb783d505ff061ad8b3d44577\"},\"breadcrumb\":{\"@id\":\"https:\\\/\\\/fundacioncajaruraldelsur.com\\\/colaboramos-con-la-hermandad-del-perdon-de-huelva-en-sentencias-de-pasion\\\/#breadcrumb\"},\"inLanguage\":\"pt-PT\",\"potentialAction\":[{\"@type\":\"ReadAction\",\"target\":[\"https:\\\/\\\/fundacioncajaruraldelsur.com\\\/colaboramos-con-la-hermandad-del-perdon-de-huelva-en-sentencias-de-pasion\\\/\"]}]},{\"@type\":\"ImageObject\",\"inLanguage\":\"pt-PT\",\"@id\":\"https:\\\/\\\/fundacioncajaruraldelsur.com\\\/colaboramos-con-la-hermandad-del-perdon-de-huelva-en-sentencias-de-pasion\\\/#primaryimage\",\"url\":\"https:\\\/\\\/fundacioncajaruraldelsur.com\\\/wp-content\\\/uploads\\\/2019\\\/03\\\/190316.-Fundacio\u0301n-Caja-Rural-del-Sur-apoya-las-actvidades-de-la-Hermandad-del-Perdo\u0301n.jpg\",\"contentUrl\":\"https:\\\/\\\/fundacioncajaruraldelsur.com\\\/wp-content\\\/uploads\\\/2019\\\/03\\\/190316.-Fundacio\u0301n-Caja-Rural-del-Sur-apoya-las-actvidades-de-la-Hermandad-del-Perdo\u0301n.jpg\",\"width\":2592,\"height\":1936},{\"@type\":\"BreadcrumbList\",\"@id\":\"https:\\\/\\\/fundacioncajaruraldelsur.com\\\/colaboramos-con-la-hermandad-del-perdon-de-huelva-en-sentencias-de-pasion\\\/#breadcrumb\",\"itemListElement\":[{\"@type\":\"ListItem\",\"position\":1,\"name\":\"Portada\",\"item\":\"https:\\\/\\\/fundacioncajaruraldelsur.com\\\/\"},{\"@type\":\"ListItem\",\"position\":2,\"name\":\"Colaboramos con la Hermandad del Perd\u00f3n de Huelva en \u2018Sentencias de Pasi\u00f3n\u2019\"}]},{\"@type\":\"WebSite\",\"@id\":\"https:\\\/\\\/fundacioncajaruraldelsur.com\\\/#website\",\"url\":\"https:\\\/\\\/fundacioncajaruraldelsur.com\\\/\",\"name\":\"Fundaci\u00f3n Caja Rural del Sur\",\"description\":\"\",\"potentialAction\":[{\"@type\":\"SearchAction\",\"target\":{\"@type\":\"EntryPoint\",\"urlTemplate\":\"https:\\\/\\\/fundacioncajaruraldelsur.com\\\/?s={search_term_string}\"},\"query-input\":{\"@type\":\"PropertyValueSpecification\",\"valueRequired\":true,\"valueName\":\"search_term_string\"}}],\"inLanguage\":\"pt-PT\"},{\"@type\":\"Person\",\"@id\":\"https:\\\/\\\/fundacioncajaruraldelsur.com\\\/#\\\/schema\\\/person\\\/f430da9fb783d505ff061ad8b3d44577\",\"name\":\"Comunicaci\u00f3n\",\"image\":{\"@type\":\"ImageObject\",\"inLanguage\":\"pt-PT\",\"@id\":\"https:\\\/\\\/secure.gravatar.com\\\/avatar\\\/0dca239875993680bac4603ad2de7942da018f52cc3a244578e0b3b09314a8d8?s=96&d=blank&r=g\",\"url\":\"https:\\\/\\\/secure.gravatar.com\\\/avatar\\\/0dca239875993680bac4603ad2de7942da018f52cc3a244578e0b3b09314a8d8?s=96&d=blank&r=g\",\"contentUrl\":\"https:\\\/\\\/secure.gravatar.com\\\/avatar\\\/0dca239875993680bac4603ad2de7942da018f52cc3a244578e0b3b09314a8d8?s=96&d=blank&r=g\",\"caption\":\"Comunicaci\u00f3n\"}}]}<\/script>\n<!-- \/ Yoast SEO plugin. -->","yoast_head_json":{"title":"Colaboramos con la Hermandad del Perd\u00f3n de Huelva en \u2018Sentencias de Pasi\u00f3n\u2019 - Fundaci\u00f3n Caja Rural del Sur","robots":{"index":"index","follow":"follow","max-snippet":"max-snippet:-1","max-image-preview":"max-image-preview:large","max-video-preview":"max-video-preview:-1"},"canonical":"https:\/\/fundacioncajaruraldelsur.com\/pt\/colaboramos-con-la-hermandad-del-perdon-de-huelva-en-sentencias-de-pasion\/","og_locale":"pt_PT","og_type":"article","og_title":"Colaboramos con la Hermandad del Perd\u00f3n de Huelva en \u2018Sentencias de Pasi\u00f3n\u2019 - Fundaci\u00f3n Caja Rural del Sur","og_description":"Fundaci\u00f3n Caja Rural del Sur colabora con la Hermandad Sacramental de Culto, Penitencia, Caridad y Cofrad\u00eda de Nazarenos del Sant\u00edsimo Cristo del Perd\u00f3n y Nuestra Se\u00f1ora de los Dolores (m\u00e1s [&hellip;]","og_url":"https:\/\/fundacioncajaruraldelsur.com\/pt\/colaboramos-con-la-hermandad-del-perdon-de-huelva-en-sentencias-de-pasion\/","og_site_name":"Fundaci\u00f3n Caja Rural del Sur","article_published_time":"2019-03-16T11:45:59+00:00","og_image":[{"width":2592,"height":1936,"url":"https:\/\/fundacioncajaruraldelsur.com\/wp-content\/uploads\/2019\/03\/190316.-Fundacio\u0301n-Caja-Rural-del-Sur-apoya-las-actvidades-de-la-Hermandad-del-Perdo\u0301n.jpg","type":"image\/jpeg"}],"author":"Comunicaci\u00f3n","twitter_card":"summary_large_image","twitter_misc":{"Written by":"Comunicaci\u00f3n","Est. reading time":"2 minutes"},"schema":{"@context":"https:\/\/schema.org","@graph":[{"@type":"Article","@id":"https:\/\/fundacioncajaruraldelsur.com\/colaboramos-con-la-hermandad-del-perdon-de-huelva-en-sentencias-de-pasion\/#article","isPartOf":{"@id":"https:\/\/fundacioncajaruraldelsur.com\/colaboramos-con-la-hermandad-del-perdon-de-huelva-en-sentencias-de-pasion\/"},"author":{"name":"Comunicaci\u00f3n","@id":"https:\/\/fundacioncajaruraldelsur.com\/#\/schema\/person\/f430da9fb783d505ff061ad8b3d44577"},"headline":"Colaboramos con la Hermandad del Perd\u00f3n de Huelva en \u2018Sentencias de Pasi\u00f3n\u2019","datePublished":"2019-03-16T11:45:59+00:00","mainEntityOfPage":{"@id":"https:\/\/fundacioncajaruraldelsur.com\/colaboramos-con-la-hermandad-del-perdon-de-huelva-en-sentencias-de-pasion\/"},"wordCount":373,"image":{"@id":"https:\/\/fundacioncajaruraldelsur.com\/colaboramos-con-la-hermandad-del-perdon-de-huelva-en-sentencias-de-pasion\/#primaryimage"},"thumbnailUrl":"https:\/\/fundacioncajaruraldelsur.com\/wp-content\/uploads\/2019\/03\/190316.-Fundacio\u0301n-Caja-Rural-del-Sur-apoya-las-actvidades-de-la-Hermandad-del-Perdo\u0301n.jpg","articleSection":["Acci\u00f3n social"],"inLanguage":"pt-PT"},{"@type":"WebPage","@id":"https:\/\/fundacioncajaruraldelsur.com\/colaboramos-con-la-hermandad-del-perdon-de-huelva-en-sentencias-de-pasion\/","url":"https:\/\/fundacioncajaruraldelsur.com\/colaboramos-con-la-hermandad-del-perdon-de-huelva-en-sentencias-de-pasion\/","name":"Colaboramos con la Hermandad del Perd\u00f3n de Huelva en \u2018Sentencias de Pasi\u00f3n\u2019 - Fundaci\u00f3n Caja Rural del Sur","isPartOf":{"@id":"https:\/\/fundacioncajaruraldelsur.com\/#website"},"primaryImageOfPage":{"@id":"https:\/\/fundacioncajaruraldelsur.com\/colaboramos-con-la-hermandad-del-perdon-de-huelva-en-sentencias-de-pasion\/#primaryimage"},"image":{"@id":"https:\/\/fundacioncajaruraldelsur.com\/colaboramos-con-la-hermandad-del-perdon-de-huelva-en-sentencias-de-pasion\/#primaryimage"},"thumbnailUrl":"https:\/\/fundacioncajaruraldelsur.com\/wp-content\/uploads\/2019\/03\/190316.-Fundacio\u0301n-Caja-Rural-del-Sur-apoya-las-actvidades-de-la-Hermandad-del-Perdo\u0301n.jpg","datePublished":"2019-03-16T11:45:59+00:00","author":{"@id":"https:\/\/fundacioncajaruraldelsur.com\/#\/schema\/person\/f430da9fb783d505ff061ad8b3d44577"},"breadcrumb":{"@id":"https:\/\/fundacioncajaruraldelsur.com\/colaboramos-con-la-hermandad-del-perdon-de-huelva-en-sentencias-de-pasion\/#breadcrumb"},"inLanguage":"pt-PT","potentialAction":[{"@type":"ReadAction","target":["https:\/\/fundacioncajaruraldelsur.com\/colaboramos-con-la-hermandad-del-perdon-de-huelva-en-sentencias-de-pasion\/"]}]},{"@type":"ImageObject","inLanguage":"pt-PT","@id":"https:\/\/fundacioncajaruraldelsur.com\/colaboramos-con-la-hermandad-del-perdon-de-huelva-en-sentencias-de-pasion\/#primaryimage","url":"https:\/\/fundacioncajaruraldelsur.com\/wp-content\/uploads\/2019\/03\/190316.-Fundacio\u0301n-Caja-Rural-del-Sur-apoya-las-actvidades-de-la-Hermandad-del-Perdo\u0301n.jpg","contentUrl":"https:\/\/fundacioncajaruraldelsur.com\/wp-content\/uploads\/2019\/03\/190316.-Fundacio\u0301n-Caja-Rural-del-Sur-apoya-las-actvidades-de-la-Hermandad-del-Perdo\u0301n.jpg","width":2592,"height":1936},{"@type":"BreadcrumbList","@id":"https:\/\/fundacioncajaruraldelsur.com\/colaboramos-con-la-hermandad-del-perdon-de-huelva-en-sentencias-de-pasion\/#breadcrumb","itemListElement":[{"@type":"ListItem","position":1,"name":"Portada","item":"https:\/\/fundacioncajaruraldelsur.com\/"},{"@type":"ListItem","position":2,"name":"Colaboramos con la Hermandad del Perd\u00f3n de Huelva en \u2018Sentencias de Pasi\u00f3n\u2019"}]},{"@type":"WebSite","@id":"https:\/\/fundacioncajaruraldelsur.com\/#website","url":"https:\/\/fundacioncajaruraldelsur.com\/","name":"Funda\u00e7\u00e3o Caja Rural del Sur","description":"","potentialAction":[{"@type":"SearchAction","target":{"@type":"EntryPoint","urlTemplate":"https:\/\/fundacioncajaruraldelsur.com\/?s={search_term_string}"},"query-input":{"@type":"PropertyValueSpecification","valueRequired":true,"valueName":"search_term_string"}}],"inLanguage":"pt-PT"},{"@type":"Person","@id":"https:\/\/fundacioncajaruraldelsur.com\/#\/schema\/person\/f430da9fb783d505ff061ad8b3d44577","name":"Comunicaci\u00f3n","image":{"@type":"ImageObject","inLanguage":"pt-PT","@id":"https:\/\/secure.gravatar.com\/avatar\/0dca239875993680bac4603ad2de7942da018f52cc3a244578e0b3b09314a8d8?s=96&d=blank&r=g","url":"https:\/\/secure.gravatar.com\/avatar\/0dca239875993680bac4603ad2de7942da018f52cc3a244578e0b3b09314a8d8?s=96&d=blank&r=g","contentUrl":"https:\/\/secure.gravatar.com\/avatar\/0dca239875993680bac4603ad2de7942da018f52cc3a244578e0b3b09314a8d8?s=96&d=blank&r=g","caption":"Comunicaci\u00f3n"}}]}},"rttpg_featured_image_url":{"full":["https:\/\/fundacioncajaruraldelsur.com\/wp-content\/uploads\/2019\/03\/190316.-Fundacio\u0301n-Caja-Rural-del-Sur-apoya-las-actvidades-de-la-Hermandad-del-Perdo\u0301n.jpg",2592,1936,false],"landscape":["https:\/\/fundacioncajaruraldelsur.com\/wp-content\/uploads\/2019\/03\/190316.-Fundacio\u0301n-Caja-Rural-del-Sur-apoya-las-actvidades-de-la-Hermandad-del-Perdo\u0301n.jpg",2592,1936,false],"portraits":["https:\/\/fundacioncajaruraldelsur.com\/wp-content\/uploads\/2019\/03\/190316.-Fundacio\u0301n-Caja-Rural-del-Sur-apoya-las-actvidades-de-la-Hermandad-del-Perdo\u0301n.jpg",2592,1936,false],"thumbnail":["https:\/\/fundacioncajaruraldelsur.com\/wp-content\/uploads\/2019\/03\/190316.-Fundacio\u0301n-Caja-Rural-del-Sur-apoya-las-actvidades-de-la-Hermandad-del-Perdo\u0301n-150x150.jpg",150,150,true],"medium":["https:\/\/fundacioncajaruraldelsur.com\/wp-content\/uploads\/2019\/03\/190316.-Fundacio\u0301n-Caja-Rural-del-Sur-apoya-las-actvidades-de-la-Hermandad-del-Perdo\u0301n-300x224.jpg",300,224,true],"large":["https:\/\/fundacioncajaruraldelsur.com\/wp-content\/uploads\/2019\/03\/190316.-Fundacio\u0301n-Caja-Rural-del-Sur-apoya-las-actvidades-de-la-Hermandad-del-Perdo\u0301n-1024x765.jpg",960,717,true],"1536x1536":["https:\/\/fundacioncajaruraldelsur.com\/wp-content\/uploads\/2019\/03\/190316.-Fundacio\u0301n-Caja-Rural-del-Sur-apoya-las-actvidades-de-la-Hermandad-del-Perdo\u0301n.jpg",1536,1147,false],"2048x2048":["https:\/\/fundacioncajaruraldelsur.com\/wp-content\/uploads\/2019\/03\/190316.-Fundacio\u0301n-Caja-Rural-del-Sur-apoya-las-actvidades-de-la-Hermandad-del-Perdo\u0301n.jpg",2048,1530,false],"trp-custom-language-flag":["https:\/\/fundacioncajaruraldelsur.com\/wp-content\/uploads\/2019\/03\/190316.-Fundacio\u0301n-Caja-Rural-del-Sur-apoya-las-actvidades-de-la-Hermandad-del-Perdo\u0301n.jpg",16,12,false],"blog-thumbnail":["https:\/\/fundacioncajaruraldelsur.com\/wp-content\/uploads\/2019\/03\/190316.-Fundacio\u0301n-Caja-Rural-del-Sur-apoya-las-actvidades-de-la-Hermandad-del-Perdo\u0301n-400x200.jpg",400,200,true]},"rttpg_author":{"display_name":"Comunicaci\u00f3n","author_link":"https:\/\/fundacioncajaruraldelsur.com\/pt\/author\/sevillaadmin\/"},"rttpg_comment":0,"rttpg_category":"<a href=\"https:\/\/fundacioncajaruraldelsur.com\/pt\/category\/accion-social\/\" rel=\"category tag\">Acci\u00f3n social<\/a>","rttpg_excerpt":"Fundaci\u00f3n Caja Rural del Sur colabora con la Hermandad Sacramental de Culto, Penitencia, Caridad y Cofrad\u00eda de Nazarenos del Sant\u00edsimo Cristo del Perd\u00f3n y Nuestra Se\u00f1ora de los Dolores (m\u00e1s [&hellip;]","_links":{"self":[{"href":"https:\/\/fundacioncajaruraldelsur.com\/pt\/wp-json\/wp\/v2\/posts\/4598","targetHints":{"allow":["GET"]}}],"collection":[{"href":"https:\/\/fundacioncajaruraldelsur.com\/pt\/wp-json\/wp\/v2\/posts"}],"about":[{"href":"https:\/\/fundacioncajaruraldelsur.com\/pt\/wp-json\/wp\/v2\/types\/post"}],"author":[{"embeddable":true,"href":"https:\/\/fundacioncajaruraldelsur.com\/pt\/wp-json\/wp\/v2\/users\/6"}],"replies":[{"embeddable":true,"href":"https:\/\/fundacioncajaruraldelsur.com\/pt\/wp-json\/wp\/v2\/comments?post=4598"}],"version-history":[{"count":1,"href":"https:\/\/fundacioncajaruraldelsur.com\/pt\/wp-json\/wp\/v2\/posts\/4598\/revisions"}],"predecessor-version":[{"id":4601,"href":"https:\/\/fundacioncajaruraldelsur.com\/pt\/wp-json\/wp\/v2\/posts\/4598\/revisions\/4601"}],"wp:featuredmedia":[{"embeddable":true,"href":"https:\/\/fundacioncajaruraldelsur.com\/pt\/wp-json\/wp\/v2\/media\/4600"}],"wp:attachment":[{"href":"https:\/\/fundacioncajaruraldelsur.com\/pt\/wp-json\/wp\/v2\/media?parent=4598"}],"wp:term":[{"taxonomy":"category","embeddable":true,"href":"https:\/\/fundacioncajaruraldelsur.com\/pt\/wp-json\/wp\/v2\/categories?post=4598"},{"taxonomy":"post_tag","embeddable":true,"href":"https:\/\/fundacioncajaruraldelsur.com\/pt\/wp-json\/wp\/v2\/tags?post=4598"}],"curies":[{"name":"wp","href":"https:\/\/api.w.org\/{rel}","templated":true}]}}