{"id":4514,"date":"2019-03-01T16:23:48","date_gmt":"2019-03-01T14:23:48","guid":{"rendered":"\/?p=4514"},"modified":"2019-03-04T23:29:50","modified_gmt":"2019-03-04T21:29:50","slug":"entrega-del-reconocimiento-como-hijo-predilecto-de-andalucia-a-jose-luis-garcia-palacios-a-titulo-postumo","status":"publish","type":"post","link":"https:\/\/fundacioncajaruraldelsur.com\/pt\/entrega-del-reconocimiento-como-hijo-predilecto-de-andalucia-a-jose-luis-garcia-palacios-a-titulo-postumo\/","title":{"rendered":"Entrega del reconocimiento como Hijo Predilecto de Andaluc\u00eda a Jos\u00e9 Luis Garc\u00eda Palacios, a t\u00edtulo p\u00f3stumo"},"content":{"rendered":"<p>El expresidente de Caja Rural del Sur y su Fundaci\u00f3n, Jos\u00e9 Luis Garc\u00eda Palacios, ha recibido este jueves, 28 de febrero, D\u00eda de Andaluc\u00eda, el t\u00edtulo de Hijo Predilecto de Andaluc\u00eda, que ha sido recogido por su viuda, Pilar \u00c1lvarez, y sus hijos durante el acto\u00a0de entrega de las Medallas de Andaluc\u00eda con el que el Gobierno andaluz ha conmemorado el d\u00eda de la comunidad aut\u00f3noma, que ha estado presidido por el presidente de la Junta, Juan Manuel Moreno.<\/p>\n<p>Durante la ceremonia, que ha celebrado en el Teatro de la Maestranza en Sevilla, el presidente del Ejecutivo andaluz se ha referido a Garc\u00eda Palacios como un referente de la Andaluc\u00eda emprendedora, innovadora, con vocaci\u00f3n universal y sin l\u00edmites en el progreso y la mejora, al tiempo que\u00a0ha destacado su trabajo y liderazgo indiscutido del cr\u00e9dito cooperativo en Espa\u00f1a, que ha propiciado que agricultores explotaciones y cooperativas pudieran superar los efectos m\u00e1s duros de la crisis econ\u00f3mica.<\/p>\n<p>El momento fue muy emotivo para toda la familia Garc\u00eda Palacios y, por parte de esta entidad, para todos sus empleados y directivos por lo que supuso para la evoluci\u00f3n e historia de Caja Rural del Sur. Sin duda, D. Jos\u00e9 Luis Garc\u00eda Palacios siempre permanecer\u00e1 en el recuerdo.<\/p>\n<div id='gallery-1' class='gallery galleryid-4514 gallery-columns-3 gallery-size-thumbnail'><figure class='gallery-item'>\n\t\t\t<div class='gallery-icon landscape'>\n\t\t\t\t<a href='https:\/\/fundacioncajaruraldelsur.com\/wp-content\/uploads\/2019\/03\/6a018e14-414e-4734-9c93-d8ae4b08a5bb.jpeg' rel=\"lightbox[gallery-0]\"><img loading=\"lazy\" decoding=\"async\" width=\"150\" height=\"150\" src=\"https:\/\/fundacioncajaruraldelsur.com\/wp-content\/uploads\/2019\/03\/6a018e14-414e-4734-9c93-d8ae4b08a5bb-150x150.jpeg\" class=\"attachment-thumbnail size-thumbnail\" alt=\"\" \/><\/a>\n\t\t\t<\/div><\/figure><figure class='gallery-item'>\n\t\t\t<div class='gallery-icon landscape'>\n\t\t\t\t<a href='https:\/\/fundacioncajaruraldelsur.com\/wp-content\/uploads\/2019\/03\/fec843b8-5b61-483f-8e5e-f2d75d7d19e1.jpeg' rel=\"lightbox[gallery-0]\"><img loading=\"lazy\" decoding=\"async\" width=\"150\" height=\"150\" src=\"https:\/\/fundacioncajaruraldelsur.com\/wp-content\/uploads\/2019\/03\/fec843b8-5b61-483f-8e5e-f2d75d7d19e1-150x150.jpeg\" class=\"attachment-thumbnail size-thumbnail\" alt=\"\" \/><\/a>\n\t\t\t<\/div><\/figure><figure class='gallery-item'>\n\t\t\t<div class='gallery-icon landscape'>\n\t\t\t\t<a href='https:\/\/fundacioncajaruraldelsur.com\/wp-content\/uploads\/2019\/03\/33363426038_4e9c72f9ec_z.jpg' rel=\"lightbox[gallery-0]\"><img loading=\"lazy\" decoding=\"async\" width=\"150\" height=\"150\" src=\"https:\/\/fundacioncajaruraldelsur.com\/wp-content\/uploads\/2019\/03\/33363426038_4e9c72f9ec_z-150x150.jpg\" class=\"attachment-thumbnail size-thumbnail\" alt=\"\" \/><\/a>\n\t\t\t<\/div><\/figure><figure class='gallery-item'>\n\t\t\t<div class='gallery-icon landscape'>\n\t\t\t\t<a href='https:\/\/fundacioncajaruraldelsur.com\/wp-content\/uploads\/2019\/03\/33363426738_fc51b8f53b_z.jpg' rel=\"lightbox[gallery-0]\"><img loading=\"lazy\" decoding=\"async\" width=\"150\" height=\"150\" src=\"https:\/\/fundacioncajaruraldelsur.com\/wp-content\/uploads\/2019\/03\/33363426738_fc51b8f53b_z-150x150.jpg\" class=\"attachment-thumbnail size-thumbnail\" alt=\"\" \/><\/a>\n\t\t\t<\/div><\/figure><figure class='gallery-item'>\n\t\t\t<div class='gallery-icon landscape'>\n\t\t\t\t<a href='https:\/\/fundacioncajaruraldelsur.com\/wp-content\/uploads\/2019\/03\/40274161683_3da303eecb_z.jpg' rel=\"lightbox[gallery-0]\"><img loading=\"lazy\" decoding=\"async\" width=\"150\" height=\"150\" src=\"https:\/\/fundacioncajaruraldelsur.com\/wp-content\/uploads\/2019\/03\/40274161683_3da303eecb_z-150x150.jpg\" class=\"attachment-thumbnail size-thumbnail\" alt=\"\" \/><\/a>\n\t\t\t<\/div><\/figure><figure class='gallery-item'>\n\t\t\t<div class='gallery-icon landscape'>\n\t\t\t\t<a href='https:\/\/fundacioncajaruraldelsur.com\/wp-content\/uploads\/2019\/03\/40274161683_5141f9a24a_o.jpg' rel=\"lightbox[gallery-0]\"><img loading=\"lazy\" decoding=\"async\" width=\"150\" height=\"150\" src=\"https:\/\/fundacioncajaruraldelsur.com\/wp-content\/uploads\/2019\/03\/40274161683_5141f9a24a_o-150x150.jpg\" class=\"attachment-thumbnail size-thumbnail\" alt=\"\" \/><\/a>\n\t\t\t<\/div><\/figure><figure class='gallery-item'>\n\t\t\t<div class='gallery-icon landscape'>\n\t\t\t\t<a href='https:\/\/fundacioncajaruraldelsur.com\/wp-content\/uploads\/2019\/03\/40274177113_3f13a8e874_z.jpg' rel=\"lightbox[gallery-0]\"><img loading=\"lazy\" decoding=\"async\" width=\"150\" height=\"150\" src=\"https:\/\/fundacioncajaruraldelsur.com\/wp-content\/uploads\/2019\/03\/40274177113_3f13a8e874_z-150x150.jpg\" class=\"attachment-thumbnail size-thumbnail\" alt=\"\" \/><\/a>\n\t\t\t<\/div><\/figure><figure class='gallery-item'>\n\t\t\t<div class='gallery-icon landscape'>\n\t\t\t\t<a href='https:\/\/fundacioncajaruraldelsur.com\/wp-content\/uploads\/2019\/02\/frame-institucional-caja-rural-4.jpg' rel=\"lightbox[gallery-0]\"><img loading=\"lazy\" decoding=\"async\" width=\"150\" height=\"150\" src=\"https:\/\/fundacioncajaruraldelsur.com\/wp-content\/uploads\/2019\/02\/frame-institucional-caja-rural-4-150x150.jpg\" class=\"attachment-thumbnail size-thumbnail\" alt=\"\" \/><\/a>\n\t\t\t<\/div><\/figure>\n\t\t<\/div>\n\n<p>&nbsp;<\/p>\n","protected":false},"excerpt":{"rendered":"<p>El expresidente de Caja Rural del Sur y su Fundaci\u00f3n, Jos\u00e9 Luis Garc\u00eda Palacios, ha recibido este jueves, 28 de febrero, D\u00eda de Andaluc\u00eda, el t\u00edtulo de Hijo Predilecto de [&hellip;]<\/p>\n","protected":false},"author":6,"featured_media":4519,"comment_status":"closed","ping_status":"closed","sticky":false,"template":"","format":"standard","meta":{"footnotes":""},"categories":[1],"tags":[],"class_list":["post-4514","post","type-post","status-publish","format-standard","has-post-thumbnail","hentry","category-sin-categoria"],"yoast_head":"<!-- This site is optimized with the Yoast SEO plugin v27.3 - https:\/\/yoast.com\/product\/yoast-seo-wordpress\/ -->\n<title>Entrega del reconocimiento como Hijo Predilecto de Andaluc\u00eda a Jos\u00e9 Luis Garc\u00eda Palacios, a t\u00edtulo p\u00f3stumo - Fundaci\u00f3n Caja Rural del Sur<\/title>\n<meta name=\"robots\" content=\"index, follow, max-snippet:-1, max-image-preview:large, max-video-preview:-1\" \/>\n<link rel=\"canonical\" href=\"https:\/\/fundacioncajaruraldelsur.com\/pt\/entrega-del-reconocimiento-como-hijo-predilecto-de-andalucia-a-jose-luis-garcia-palacios-a-titulo-postumo\/\" \/>\n<meta property=\"og:locale\" content=\"pt_PT\" \/>\n<meta property=\"og:type\" content=\"article\" \/>\n<meta property=\"og:title\" content=\"Entrega del reconocimiento como Hijo Predilecto de Andaluc\u00eda a Jos\u00e9 Luis Garc\u00eda Palacios, a t\u00edtulo p\u00f3stumo - Fundaci\u00f3n Caja Rural del Sur\" \/>\n<meta property=\"og:description\" content=\"El expresidente de Caja Rural del Sur y su Fundaci\u00f3n, Jos\u00e9 Luis Garc\u00eda Palacios, ha recibido este jueves, 28 de febrero, D\u00eda de Andaluc\u00eda, el t\u00edtulo de Hijo Predilecto de [&hellip;]\" \/>\n<meta property=\"og:url\" content=\"https:\/\/fundacioncajaruraldelsur.com\/pt\/entrega-del-reconocimiento-como-hijo-predilecto-de-andalucia-a-jose-luis-garcia-palacios-a-titulo-postumo\/\" \/>\n<meta property=\"og:site_name\" content=\"Fundaci\u00f3n Caja Rural del Sur\" \/>\n<meta property=\"article:published_time\" content=\"2019-03-01T14:23:48+00:00\" \/>\n<meta property=\"article:modified_time\" content=\"2019-03-04T21:29:50+00:00\" \/>\n<meta property=\"og:image\" content=\"https:\/\/fundacioncajaruraldelsur.com\/wp-content\/uploads\/2019\/03\/40274161683_3da303eecb_z.jpg\" \/>\n\t<meta property=\"og:image:width\" content=\"640\" \/>\n\t<meta property=\"og:image:height\" content=\"450\" \/>\n\t<meta property=\"og:image:type\" content=\"image\/jpeg\" \/>\n<meta name=\"author\" content=\"Comunicaci\u00f3n\" \/>\n<meta name=\"twitter:card\" content=\"summary_large_image\" \/>\n<meta name=\"twitter:label1\" content=\"Written by\" \/>\n\t<meta name=\"twitter:data1\" content=\"Comunicaci\u00f3n\" \/>\n\t<meta name=\"twitter:label2\" content=\"Est. reading time\" \/>\n\t<meta name=\"twitter:data2\" content=\"1 minute\" \/>\n<script type=\"application\/ld+json\" class=\"yoast-schema-graph\">{\"@context\":\"https:\\\/\\\/schema.org\",\"@graph\":[{\"@type\":\"Article\",\"@id\":\"https:\\\/\\\/fundacioncajaruraldelsur.com\\\/entrega-del-reconocimiento-como-hijo-predilecto-de-andalucia-a-jose-luis-garcia-palacios-a-titulo-postumo\\\/#article\",\"isPartOf\":{\"@id\":\"https:\\\/\\\/fundacioncajaruraldelsur.com\\\/entrega-del-reconocimiento-como-hijo-predilecto-de-andalucia-a-jose-luis-garcia-palacios-a-titulo-postumo\\\/\"},\"author\":{\"name\":\"Comunicaci\u00f3n\",\"@id\":\"https:\\\/\\\/fundacioncajaruraldelsur.com\\\/#\\\/schema\\\/person\\\/f430da9fb783d505ff061ad8b3d44577\"},\"headline\":\"Entrega del reconocimiento como Hijo Predilecto de Andaluc\u00eda a Jos\u00e9 Luis Garc\u00eda Palacios, a t\u00edtulo p\u00f3stumo\",\"datePublished\":\"2019-03-01T14:23:48+00:00\",\"dateModified\":\"2019-03-04T21:29:50+00:00\",\"mainEntityOfPage\":{\"@id\":\"https:\\\/\\\/fundacioncajaruraldelsur.com\\\/entrega-del-reconocimiento-como-hijo-predilecto-de-andalucia-a-jose-luis-garcia-palacios-a-titulo-postumo\\\/\"},\"wordCount\":249,\"image\":{\"@id\":\"https:\\\/\\\/fundacioncajaruraldelsur.com\\\/entrega-del-reconocimiento-como-hijo-predilecto-de-andalucia-a-jose-luis-garcia-palacios-a-titulo-postumo\\\/#primaryimage\"},\"thumbnailUrl\":\"https:\\\/\\\/fundacioncajaruraldelsur.com\\\/wp-content\\\/uploads\\\/2019\\\/03\\\/40274161683_3da303eecb_z.jpg\",\"articleSection\":[\"Sin categor\u00eda\"],\"inLanguage\":\"pt-PT\"},{\"@type\":\"WebPage\",\"@id\":\"https:\\\/\\\/fundacioncajaruraldelsur.com\\\/entrega-del-reconocimiento-como-hijo-predilecto-de-andalucia-a-jose-luis-garcia-palacios-a-titulo-postumo\\\/\",\"url\":\"https:\\\/\\\/fundacioncajaruraldelsur.com\\\/entrega-del-reconocimiento-como-hijo-predilecto-de-andalucia-a-jose-luis-garcia-palacios-a-titulo-postumo\\\/\",\"name\":\"Entrega del reconocimiento como Hijo Predilecto de Andaluc\u00eda a Jos\u00e9 Luis Garc\u00eda Palacios, a t\u00edtulo p\u00f3stumo - Fundaci\u00f3n Caja Rural del Sur\",\"isPartOf\":{\"@id\":\"https:\\\/\\\/fundacioncajaruraldelsur.com\\\/#website\"},\"primaryImageOfPage\":{\"@id\":\"https:\\\/\\\/fundacioncajaruraldelsur.com\\\/entrega-del-reconocimiento-como-hijo-predilecto-de-andalucia-a-jose-luis-garcia-palacios-a-titulo-postumo\\\/#primaryimage\"},\"image\":{\"@id\":\"https:\\\/\\\/fundacioncajaruraldelsur.com\\\/entrega-del-reconocimiento-como-hijo-predilecto-de-andalucia-a-jose-luis-garcia-palacios-a-titulo-postumo\\\/#primaryimage\"},\"thumbnailUrl\":\"https:\\\/\\\/fundacioncajaruraldelsur.com\\\/wp-content\\\/uploads\\\/2019\\\/03\\\/40274161683_3da303eecb_z.jpg\",\"datePublished\":\"2019-03-01T14:23:48+00:00\",\"dateModified\":\"2019-03-04T21:29:50+00:00\",\"author\":{\"@id\":\"https:\\\/\\\/fundacioncajaruraldelsur.com\\\/#\\\/schema\\\/person\\\/f430da9fb783d505ff061ad8b3d44577\"},\"breadcrumb\":{\"@id\":\"https:\\\/\\\/fundacioncajaruraldelsur.com\\\/entrega-del-reconocimiento-como-hijo-predilecto-de-andalucia-a-jose-luis-garcia-palacios-a-titulo-postumo\\\/#breadcrumb\"},\"inLanguage\":\"pt-PT\",\"potentialAction\":[{\"@type\":\"ReadAction\",\"target\":[\"https:\\\/\\\/fundacioncajaruraldelsur.com\\\/entrega-del-reconocimiento-como-hijo-predilecto-de-andalucia-a-jose-luis-garcia-palacios-a-titulo-postumo\\\/\"]}]},{\"@type\":\"ImageObject\",\"inLanguage\":\"pt-PT\",\"@id\":\"https:\\\/\\\/fundacioncajaruraldelsur.com\\\/entrega-del-reconocimiento-como-hijo-predilecto-de-andalucia-a-jose-luis-garcia-palacios-a-titulo-postumo\\\/#primaryimage\",\"url\":\"https:\\\/\\\/fundacioncajaruraldelsur.com\\\/wp-content\\\/uploads\\\/2019\\\/03\\\/40274161683_3da303eecb_z.jpg\",\"contentUrl\":\"https:\\\/\\\/fundacioncajaruraldelsur.com\\\/wp-content\\\/uploads\\\/2019\\\/03\\\/40274161683_3da303eecb_z.jpg\",\"width\":640,\"height\":450},{\"@type\":\"BreadcrumbList\",\"@id\":\"https:\\\/\\\/fundacioncajaruraldelsur.com\\\/entrega-del-reconocimiento-como-hijo-predilecto-de-andalucia-a-jose-luis-garcia-palacios-a-titulo-postumo\\\/#breadcrumb\",\"itemListElement\":[{\"@type\":\"ListItem\",\"position\":1,\"name\":\"Portada\",\"item\":\"https:\\\/\\\/fundacioncajaruraldelsur.com\\\/\"},{\"@type\":\"ListItem\",\"position\":2,\"name\":\"Entrega del reconocimiento como Hijo Predilecto de Andaluc\u00eda a Jos\u00e9 Luis Garc\u00eda Palacios, a t\u00edtulo p\u00f3stumo\"}]},{\"@type\":\"WebSite\",\"@id\":\"https:\\\/\\\/fundacioncajaruraldelsur.com\\\/#website\",\"url\":\"https:\\\/\\\/fundacioncajaruraldelsur.com\\\/\",\"name\":\"Fundaci\u00f3n Caja Rural del Sur\",\"description\":\"\",\"potentialAction\":[{\"@type\":\"SearchAction\",\"target\":{\"@type\":\"EntryPoint\",\"urlTemplate\":\"https:\\\/\\\/fundacioncajaruraldelsur.com\\\/?s={search_term_string}\"},\"query-input\":{\"@type\":\"PropertyValueSpecification\",\"valueRequired\":true,\"valueName\":\"search_term_string\"}}],\"inLanguage\":\"pt-PT\"},{\"@type\":\"Person\",\"@id\":\"https:\\\/\\\/fundacioncajaruraldelsur.com\\\/#\\\/schema\\\/person\\\/f430da9fb783d505ff061ad8b3d44577\",\"name\":\"Comunicaci\u00f3n\",\"image\":{\"@type\":\"ImageObject\",\"inLanguage\":\"pt-PT\",\"@id\":\"https:\\\/\\\/secure.gravatar.com\\\/avatar\\\/0dca239875993680bac4603ad2de7942da018f52cc3a244578e0b3b09314a8d8?s=96&d=blank&r=g\",\"url\":\"https:\\\/\\\/secure.gravatar.com\\\/avatar\\\/0dca239875993680bac4603ad2de7942da018f52cc3a244578e0b3b09314a8d8?s=96&d=blank&r=g\",\"contentUrl\":\"https:\\\/\\\/secure.gravatar.com\\\/avatar\\\/0dca239875993680bac4603ad2de7942da018f52cc3a244578e0b3b09314a8d8?s=96&d=blank&r=g\",\"caption\":\"Comunicaci\u00f3n\"}}]}<\/script>\n<!-- \/ Yoast SEO plugin. -->","yoast_head_json":{"title":"Entrega del reconocimiento como Hijo Predilecto de Andaluc\u00eda a Jos\u00e9 Luis Garc\u00eda Palacios, a t\u00edtulo p\u00f3stumo - Fundaci\u00f3n Caja Rural del Sur","robots":{"index":"index","follow":"follow","max-snippet":"max-snippet:-1","max-image-preview":"max-image-preview:large","max-video-preview":"max-video-preview:-1"},"canonical":"https:\/\/fundacioncajaruraldelsur.com\/pt\/entrega-del-reconocimiento-como-hijo-predilecto-de-andalucia-a-jose-luis-garcia-palacios-a-titulo-postumo\/","og_locale":"pt_PT","og_type":"article","og_title":"Entrega del reconocimiento como Hijo Predilecto de Andaluc\u00eda a Jos\u00e9 Luis Garc\u00eda Palacios, a t\u00edtulo p\u00f3stumo - Fundaci\u00f3n Caja Rural del Sur","og_description":"El expresidente de Caja Rural del Sur y su Fundaci\u00f3n, Jos\u00e9 Luis Garc\u00eda Palacios, ha recibido este jueves, 28 de febrero, D\u00eda de Andaluc\u00eda, el t\u00edtulo de Hijo Predilecto de [&hellip;]","og_url":"https:\/\/fundacioncajaruraldelsur.com\/pt\/entrega-del-reconocimiento-como-hijo-predilecto-de-andalucia-a-jose-luis-garcia-palacios-a-titulo-postumo\/","og_site_name":"Fundaci\u00f3n Caja Rural del Sur","article_published_time":"2019-03-01T14:23:48+00:00","article_modified_time":"2019-03-04T21:29:50+00:00","og_image":[{"width":640,"height":450,"url":"https:\/\/fundacioncajaruraldelsur.com\/wp-content\/uploads\/2019\/03\/40274161683_3da303eecb_z.jpg","type":"image\/jpeg"}],"author":"Comunicaci\u00f3n","twitter_card":"summary_large_image","twitter_misc":{"Written by":"Comunicaci\u00f3n","Est. reading time":"1 minute"},"schema":{"@context":"https:\/\/schema.org","@graph":[{"@type":"Article","@id":"https:\/\/fundacioncajaruraldelsur.com\/entrega-del-reconocimiento-como-hijo-predilecto-de-andalucia-a-jose-luis-garcia-palacios-a-titulo-postumo\/#article","isPartOf":{"@id":"https:\/\/fundacioncajaruraldelsur.com\/entrega-del-reconocimiento-como-hijo-predilecto-de-andalucia-a-jose-luis-garcia-palacios-a-titulo-postumo\/"},"author":{"name":"Comunicaci\u00f3n","@id":"https:\/\/fundacioncajaruraldelsur.com\/#\/schema\/person\/f430da9fb783d505ff061ad8b3d44577"},"headline":"Entrega del reconocimiento como Hijo Predilecto de Andaluc\u00eda a Jos\u00e9 Luis Garc\u00eda Palacios, a t\u00edtulo p\u00f3stumo","datePublished":"2019-03-01T14:23:48+00:00","dateModified":"2019-03-04T21:29:50+00:00","mainEntityOfPage":{"@id":"https:\/\/fundacioncajaruraldelsur.com\/entrega-del-reconocimiento-como-hijo-predilecto-de-andalucia-a-jose-luis-garcia-palacios-a-titulo-postumo\/"},"wordCount":249,"image":{"@id":"https:\/\/fundacioncajaruraldelsur.com\/entrega-del-reconocimiento-como-hijo-predilecto-de-andalucia-a-jose-luis-garcia-palacios-a-titulo-postumo\/#primaryimage"},"thumbnailUrl":"https:\/\/fundacioncajaruraldelsur.com\/wp-content\/uploads\/2019\/03\/40274161683_3da303eecb_z.jpg","articleSection":["Sin categor\u00eda"],"inLanguage":"pt-PT"},{"@type":"WebPage","@id":"https:\/\/fundacioncajaruraldelsur.com\/entrega-del-reconocimiento-como-hijo-predilecto-de-andalucia-a-jose-luis-garcia-palacios-a-titulo-postumo\/","url":"https:\/\/fundacioncajaruraldelsur.com\/entrega-del-reconocimiento-como-hijo-predilecto-de-andalucia-a-jose-luis-garcia-palacios-a-titulo-postumo\/","name":"Entrega del reconocimiento como Hijo Predilecto de Andaluc\u00eda a Jos\u00e9 Luis Garc\u00eda Palacios, a t\u00edtulo p\u00f3stumo - Fundaci\u00f3n Caja Rural del Sur","isPartOf":{"@id":"https:\/\/fundacioncajaruraldelsur.com\/#website"},"primaryImageOfPage":{"@id":"https:\/\/fundacioncajaruraldelsur.com\/entrega-del-reconocimiento-como-hijo-predilecto-de-andalucia-a-jose-luis-garcia-palacios-a-titulo-postumo\/#primaryimage"},"image":{"@id":"https:\/\/fundacioncajaruraldelsur.com\/entrega-del-reconocimiento-como-hijo-predilecto-de-andalucia-a-jose-luis-garcia-palacios-a-titulo-postumo\/#primaryimage"},"thumbnailUrl":"https:\/\/fundacioncajaruraldelsur.com\/wp-content\/uploads\/2019\/03\/40274161683_3da303eecb_z.jpg","datePublished":"2019-03-01T14:23:48+00:00","dateModified":"2019-03-04T21:29:50+00:00","author":{"@id":"https:\/\/fundacioncajaruraldelsur.com\/#\/schema\/person\/f430da9fb783d505ff061ad8b3d44577"},"breadcrumb":{"@id":"https:\/\/fundacioncajaruraldelsur.com\/entrega-del-reconocimiento-como-hijo-predilecto-de-andalucia-a-jose-luis-garcia-palacios-a-titulo-postumo\/#breadcrumb"},"inLanguage":"pt-PT","potentialAction":[{"@type":"ReadAction","target":["https:\/\/fundacioncajaruraldelsur.com\/entrega-del-reconocimiento-como-hijo-predilecto-de-andalucia-a-jose-luis-garcia-palacios-a-titulo-postumo\/"]}]},{"@type":"ImageObject","inLanguage":"pt-PT","@id":"https:\/\/fundacioncajaruraldelsur.com\/entrega-del-reconocimiento-como-hijo-predilecto-de-andalucia-a-jose-luis-garcia-palacios-a-titulo-postumo\/#primaryimage","url":"https:\/\/fundacioncajaruraldelsur.com\/wp-content\/uploads\/2019\/03\/40274161683_3da303eecb_z.jpg","contentUrl":"https:\/\/fundacioncajaruraldelsur.com\/wp-content\/uploads\/2019\/03\/40274161683_3da303eecb_z.jpg","width":640,"height":450},{"@type":"BreadcrumbList","@id":"https:\/\/fundacioncajaruraldelsur.com\/entrega-del-reconocimiento-como-hijo-predilecto-de-andalucia-a-jose-luis-garcia-palacios-a-titulo-postumo\/#breadcrumb","itemListElement":[{"@type":"ListItem","position":1,"name":"Portada","item":"https:\/\/fundacioncajaruraldelsur.com\/"},{"@type":"ListItem","position":2,"name":"Entrega del reconocimiento como Hijo Predilecto de Andaluc\u00eda a Jos\u00e9 Luis Garc\u00eda Palacios, a t\u00edtulo p\u00f3stumo"}]},{"@type":"WebSite","@id":"https:\/\/fundacioncajaruraldelsur.com\/#website","url":"https:\/\/fundacioncajaruraldelsur.com\/","name":"Funda\u00e7\u00e3o Caja Rural del Sur","description":"","potentialAction":[{"@type":"SearchAction","target":{"@type":"EntryPoint","urlTemplate":"https:\/\/fundacioncajaruraldelsur.com\/?s={search_term_string}"},"query-input":{"@type":"PropertyValueSpecification","valueRequired":true,"valueName":"search_term_string"}}],"inLanguage":"pt-PT"},{"@type":"Person","@id":"https:\/\/fundacioncajaruraldelsur.com\/#\/schema\/person\/f430da9fb783d505ff061ad8b3d44577","name":"Comunicaci\u00f3n","image":{"@type":"ImageObject","inLanguage":"pt-PT","@id":"https:\/\/secure.gravatar.com\/avatar\/0dca239875993680bac4603ad2de7942da018f52cc3a244578e0b3b09314a8d8?s=96&d=blank&r=g","url":"https:\/\/secure.gravatar.com\/avatar\/0dca239875993680bac4603ad2de7942da018f52cc3a244578e0b3b09314a8d8?s=96&d=blank&r=g","contentUrl":"https:\/\/secure.gravatar.com\/avatar\/0dca239875993680bac4603ad2de7942da018f52cc3a244578e0b3b09314a8d8?s=96&d=blank&r=g","caption":"Comunicaci\u00f3n"}}]}},"rttpg_featured_image_url":{"full":["https:\/\/fundacioncajaruraldelsur.com\/wp-content\/uploads\/2019\/03\/40274161683_3da303eecb_z.jpg",640,450,false],"landscape":["https:\/\/fundacioncajaruraldelsur.com\/wp-content\/uploads\/2019\/03\/40274161683_3da303eecb_z.jpg",640,450,false],"portraits":["https:\/\/fundacioncajaruraldelsur.com\/wp-content\/uploads\/2019\/03\/40274161683_3da303eecb_z.jpg",640,450,false],"thumbnail":["https:\/\/fundacioncajaruraldelsur.com\/wp-content\/uploads\/2019\/03\/40274161683_3da303eecb_z-150x150.jpg",150,150,true],"medium":["https:\/\/fundacioncajaruraldelsur.com\/wp-content\/uploads\/2019\/03\/40274161683_3da303eecb_z-300x211.jpg",300,211,true],"large":["https:\/\/fundacioncajaruraldelsur.com\/wp-content\/uploads\/2019\/03\/40274161683_3da303eecb_z.jpg",640,450,false],"1536x1536":["https:\/\/fundacioncajaruraldelsur.com\/wp-content\/uploads\/2019\/03\/40274161683_3da303eecb_z.jpg",640,450,false],"2048x2048":["https:\/\/fundacioncajaruraldelsur.com\/wp-content\/uploads\/2019\/03\/40274161683_3da303eecb_z.jpg",640,450,false],"trp-custom-language-flag":["https:\/\/fundacioncajaruraldelsur.com\/wp-content\/uploads\/2019\/03\/40274161683_3da303eecb_z.jpg",18,12,false],"blog-thumbnail":["https:\/\/fundacioncajaruraldelsur.com\/wp-content\/uploads\/2019\/03\/40274161683_3da303eecb_z-400x200.jpg",400,200,true]},"rttpg_author":{"display_name":"Comunicaci\u00f3n","author_link":"https:\/\/fundacioncajaruraldelsur.com\/pt\/author\/sevillaadmin\/"},"rttpg_comment":0,"rttpg_category":"<a href=\"https:\/\/fundacioncajaruraldelsur.com\/pt\/category\/sin-categoria\/\" rel=\"category tag\">Sin categor\u00eda<\/a>","rttpg_excerpt":"El expresidente de Caja Rural del Sur y su Fundaci\u00f3n, Jos\u00e9 Luis Garc\u00eda Palacios, ha recibido este jueves, 28 de febrero, D\u00eda de Andaluc\u00eda, el t\u00edtulo de Hijo Predilecto de [&hellip;]","_links":{"self":[{"href":"https:\/\/fundacioncajaruraldelsur.com\/pt\/wp-json\/wp\/v2\/posts\/4514","targetHints":{"allow":["GET"]}}],"collection":[{"href":"https:\/\/fundacioncajaruraldelsur.com\/pt\/wp-json\/wp\/v2\/posts"}],"about":[{"href":"https:\/\/fundacioncajaruraldelsur.com\/pt\/wp-json\/wp\/v2\/types\/post"}],"author":[{"embeddable":true,"href":"https:\/\/fundacioncajaruraldelsur.com\/pt\/wp-json\/wp\/v2\/users\/6"}],"replies":[{"embeddable":true,"href":"https:\/\/fundacioncajaruraldelsur.com\/pt\/wp-json\/wp\/v2\/comments?post=4514"}],"version-history":[{"count":3,"href":"https:\/\/fundacioncajaruraldelsur.com\/pt\/wp-json\/wp\/v2\/posts\/4514\/revisions"}],"predecessor-version":[{"id":4583,"href":"https:\/\/fundacioncajaruraldelsur.com\/pt\/wp-json\/wp\/v2\/posts\/4514\/revisions\/4583"}],"wp:featuredmedia":[{"embeddable":true,"href":"https:\/\/fundacioncajaruraldelsur.com\/pt\/wp-json\/wp\/v2\/media\/4519"}],"wp:attachment":[{"href":"https:\/\/fundacioncajaruraldelsur.com\/pt\/wp-json\/wp\/v2\/media?parent=4514"}],"wp:term":[{"taxonomy":"category","embeddable":true,"href":"https:\/\/fundacioncajaruraldelsur.com\/pt\/wp-json\/wp\/v2\/categories?post=4514"},{"taxonomy":"post_tag","embeddable":true,"href":"https:\/\/fundacioncajaruraldelsur.com\/pt\/wp-json\/wp\/v2\/tags?post=4514"}],"curies":[{"name":"wp","href":"https:\/\/api.w.org\/{rel}","templated":true}]}}