{"id":4398,"date":"2019-01-23T20:18:25","date_gmt":"2019-01-23T18:18:25","guid":{"rendered":"\/?p=4398"},"modified":"2019-01-23T20:18:25","modified_gmt":"2019-01-23T18:18:25","slug":"el-taller-de-arteterapia-y-la-fundacion-caja-rural-del-sur-entregan-lo-recaudado-a-caritas-aecc-y-hermanas-de-la-cruz","status":"publish","type":"post","link":"https:\/\/fundacioncajaruraldelsur.com\/pt\/el-taller-de-arteterapia-y-la-fundacion-caja-rural-del-sur-entregan-lo-recaudado-a-caritas-aecc-y-hermanas-de-la-cruz\/","title":{"rendered":"El Taller de Arteterapia y la Fundaci\u00f3n Caja Rural del Sur entregan lo recaudado a C\u00e1ritas, AECC y Hermanas de la Cruz"},"content":{"rendered":"<p>El presidente de Caja Rural del Sur y su Fundaci\u00f3n, Jos\u00e9 Luis Garc\u00eda-Palacios, \u00c1lvarez, acompa\u00f1ado del director de esta \u00faltima, Emilio Ponce, ha hecho entrega de tres cheques bancarios por un valor de 3.300 euros a representantes de C\u00e1ritas, Asociaci\u00f3n Espa\u00f1ola contra el C\u00e1ncer (AECC) y Hermanas de la Cruz que es la cantidad que se ha recaudado por el Taller de Arteterapia, que dirige Alfonso Aramburu, en la \u00faltima exposici\u00f3n celebrada en el Centro Cultural \u2018Jos\u00e9 Luis Garc\u00eda Palacios\u2019 de la entidad.<\/p>\n<p>Por parte de C\u00e1ritas asisti\u00f3 la directora en Huelva, Pilar Vizca\u00edno Mac\u00edas, mientras que por la AECC se encontraba la presidenta de la Junta Directiva Provincial, Gloria Puy Fern\u00e1ndez. El otro tal\u00f3n lo entregar\u00e1 el director de Fundaci\u00f3n Caja Rural del Sur. Emilio Ponce, a las Hermanas de la Cruz.<\/p>\n<p>Desde hace a\u00f1os, este Taller dona todos sus trabajos con el fin de recaudar fondos para distintas entidades solidarias de la provincia de Huelva. En la exposici\u00f3n de esta edici\u00f3n, adem\u00e1s de Alfonso Aramburu y sus alumnos tambi\u00e9n ha participado M\u00f3nica Aramburu aportando unos originales de chapas art\u00edsticas.<\/p>\n<p>&nbsp;<\/p>\n<p>&nbsp;<\/p>\n<p>&nbsp;<\/p>","protected":false},"excerpt":{"rendered":"<p>El presidente de Caja Rural del Sur y su Fundaci\u00f3n, Jos\u00e9 Luis Garc\u00eda-Palacios, \u00c1lvarez, acompa\u00f1ado del director de esta \u00faltima, Emilio Ponce, ha hecho entrega de tres cheques bancarios por [&hellip;]<\/p>\n","protected":false},"author":6,"featured_media":4399,"comment_status":"closed","ping_status":"closed","sticky":false,"template":"","format":"standard","meta":{"footnotes":""},"categories":[64],"tags":[],"class_list":["post-4398","post","type-post","status-publish","format-standard","has-post-thumbnail","hentry","category-premios"],"yoast_head":"<!-- This site is optimized with the Yoast SEO plugin v27.3 - https:\/\/yoast.com\/product\/yoast-seo-wordpress\/ -->\n<title>El Taller de Arteterapia y la Fundaci\u00f3n Caja Rural del Sur entregan lo recaudado a C\u00e1ritas, AECC y Hermanas de la Cruz - Fundaci\u00f3n Caja Rural del Sur<\/title>\n<meta name=\"robots\" content=\"index, follow, max-snippet:-1, max-image-preview:large, max-video-preview:-1\" \/>\n<link rel=\"canonical\" href=\"https:\/\/fundacioncajaruraldelsur.com\/pt\/el-taller-de-arteterapia-y-la-fundacion-caja-rural-del-sur-entregan-lo-recaudado-a-caritas-aecc-y-hermanas-de-la-cruz\/\" \/>\n<meta property=\"og:locale\" content=\"pt_PT\" \/>\n<meta property=\"og:type\" content=\"article\" \/>\n<meta property=\"og:title\" content=\"El Taller de Arteterapia y la Fundaci\u00f3n Caja Rural del Sur entregan lo recaudado a C\u00e1ritas, AECC y Hermanas de la Cruz - Fundaci\u00f3n Caja Rural del Sur\" \/>\n<meta property=\"og:description\" content=\"El presidente de Caja Rural del Sur y su Fundaci\u00f3n, Jos\u00e9 Luis Garc\u00eda-Palacios, \u00c1lvarez, acompa\u00f1ado del director de esta \u00faltima, Emilio Ponce, ha hecho entrega de tres cheques bancarios por [&hellip;]\" \/>\n<meta property=\"og:url\" content=\"https:\/\/fundacioncajaruraldelsur.com\/pt\/el-taller-de-arteterapia-y-la-fundacion-caja-rural-del-sur-entregan-lo-recaudado-a-caritas-aecc-y-hermanas-de-la-cruz\/\" \/>\n<meta property=\"og:site_name\" content=\"Fundaci\u00f3n Caja Rural del Sur\" \/>\n<meta property=\"article:published_time\" content=\"2019-01-23T18:18:25+00:00\" \/>\n<meta property=\"og:image\" content=\"https:\/\/fundacioncajaruraldelsur.com\/wp-content\/uploads\/2019\/01\/190123.-C\u00e1ritas-AECC-y-Hermanas-de-la-Cruz-reciben-la-recaudaci\u00f3n-de-la-exposici\u00f3n-del-taller-de-arteterapia-en-Caja-Rural-del-Sur.jpg\" \/>\n\t<meta property=\"og:image:width\" content=\"2592\" \/>\n\t<meta property=\"og:image:height\" content=\"1936\" \/>\n\t<meta property=\"og:image:type\" content=\"image\/jpeg\" \/>\n<meta name=\"author\" content=\"Comunicaci\u00f3n\" \/>\n<meta name=\"twitter:card\" content=\"summary_large_image\" \/>\n<meta name=\"twitter:label1\" content=\"Written by\" \/>\n\t<meta name=\"twitter:data1\" content=\"Comunicaci\u00f3n\" \/>\n\t<meta name=\"twitter:label2\" content=\"Est. reading time\" \/>\n\t<meta name=\"twitter:data2\" content=\"1 minute\" \/>\n<script type=\"application\/ld+json\" class=\"yoast-schema-graph\">{\"@context\":\"https:\\\/\\\/schema.org\",\"@graph\":[{\"@type\":\"Article\",\"@id\":\"https:\\\/\\\/fundacioncajaruraldelsur.com\\\/el-taller-de-arteterapia-y-la-fundacion-caja-rural-del-sur-entregan-lo-recaudado-a-caritas-aecc-y-hermanas-de-la-cruz\\\/#article\",\"isPartOf\":{\"@id\":\"https:\\\/\\\/fundacioncajaruraldelsur.com\\\/el-taller-de-arteterapia-y-la-fundacion-caja-rural-del-sur-entregan-lo-recaudado-a-caritas-aecc-y-hermanas-de-la-cruz\\\/\"},\"author\":{\"name\":\"Comunicaci\u00f3n\",\"@id\":\"https:\\\/\\\/fundacioncajaruraldelsur.com\\\/#\\\/schema\\\/person\\\/f430da9fb783d505ff061ad8b3d44577\"},\"headline\":\"El Taller de Arteterapia y la Fundaci\u00f3n Caja Rural del Sur entregan lo recaudado a C\u00e1ritas, AECC y Hermanas de la Cruz\",\"datePublished\":\"2019-01-23T18:18:25+00:00\",\"mainEntityOfPage\":{\"@id\":\"https:\\\/\\\/fundacioncajaruraldelsur.com\\\/el-taller-de-arteterapia-y-la-fundacion-caja-rural-del-sur-entregan-lo-recaudado-a-caritas-aecc-y-hermanas-de-la-cruz\\\/\"},\"wordCount\":229,\"image\":{\"@id\":\"https:\\\/\\\/fundacioncajaruraldelsur.com\\\/el-taller-de-arteterapia-y-la-fundacion-caja-rural-del-sur-entregan-lo-recaudado-a-caritas-aecc-y-hermanas-de-la-cruz\\\/#primaryimage\"},\"thumbnailUrl\":\"https:\\\/\\\/fundacioncajaruraldelsur.com\\\/wp-content\\\/uploads\\\/2019\\\/01\\\/190123.-C\u00e1ritas-AECC-y-Hermanas-de-la-Cruz-reciben-la-recaudaci\u00f3n-de-la-exposici\u00f3n-del-taller-de-arteterapia-en-Caja-Rural-del-Sur.jpg\",\"articleSection\":[\"Premios\"],\"inLanguage\":\"pt-PT\"},{\"@type\":\"WebPage\",\"@id\":\"https:\\\/\\\/fundacioncajaruraldelsur.com\\\/el-taller-de-arteterapia-y-la-fundacion-caja-rural-del-sur-entregan-lo-recaudado-a-caritas-aecc-y-hermanas-de-la-cruz\\\/\",\"url\":\"https:\\\/\\\/fundacioncajaruraldelsur.com\\\/el-taller-de-arteterapia-y-la-fundacion-caja-rural-del-sur-entregan-lo-recaudado-a-caritas-aecc-y-hermanas-de-la-cruz\\\/\",\"name\":\"El Taller de Arteterapia y la Fundaci\u00f3n Caja Rural del Sur entregan lo recaudado a C\u00e1ritas, AECC y Hermanas de la Cruz - Fundaci\u00f3n Caja Rural del Sur\",\"isPartOf\":{\"@id\":\"https:\\\/\\\/fundacioncajaruraldelsur.com\\\/#website\"},\"primaryImageOfPage\":{\"@id\":\"https:\\\/\\\/fundacioncajaruraldelsur.com\\\/el-taller-de-arteterapia-y-la-fundacion-caja-rural-del-sur-entregan-lo-recaudado-a-caritas-aecc-y-hermanas-de-la-cruz\\\/#primaryimage\"},\"image\":{\"@id\":\"https:\\\/\\\/fundacioncajaruraldelsur.com\\\/el-taller-de-arteterapia-y-la-fundacion-caja-rural-del-sur-entregan-lo-recaudado-a-caritas-aecc-y-hermanas-de-la-cruz\\\/#primaryimage\"},\"thumbnailUrl\":\"https:\\\/\\\/fundacioncajaruraldelsur.com\\\/wp-content\\\/uploads\\\/2019\\\/01\\\/190123.-C\u00e1ritas-AECC-y-Hermanas-de-la-Cruz-reciben-la-recaudaci\u00f3n-de-la-exposici\u00f3n-del-taller-de-arteterapia-en-Caja-Rural-del-Sur.jpg\",\"datePublished\":\"2019-01-23T18:18:25+00:00\",\"author\":{\"@id\":\"https:\\\/\\\/fundacioncajaruraldelsur.com\\\/#\\\/schema\\\/person\\\/f430da9fb783d505ff061ad8b3d44577\"},\"breadcrumb\":{\"@id\":\"https:\\\/\\\/fundacioncajaruraldelsur.com\\\/el-taller-de-arteterapia-y-la-fundacion-caja-rural-del-sur-entregan-lo-recaudado-a-caritas-aecc-y-hermanas-de-la-cruz\\\/#breadcrumb\"},\"inLanguage\":\"pt-PT\",\"potentialAction\":[{\"@type\":\"ReadAction\",\"target\":[\"https:\\\/\\\/fundacioncajaruraldelsur.com\\\/el-taller-de-arteterapia-y-la-fundacion-caja-rural-del-sur-entregan-lo-recaudado-a-caritas-aecc-y-hermanas-de-la-cruz\\\/\"]}]},{\"@type\":\"ImageObject\",\"inLanguage\":\"pt-PT\",\"@id\":\"https:\\\/\\\/fundacioncajaruraldelsur.com\\\/el-taller-de-arteterapia-y-la-fundacion-caja-rural-del-sur-entregan-lo-recaudado-a-caritas-aecc-y-hermanas-de-la-cruz\\\/#primaryimage\",\"url\":\"https:\\\/\\\/fundacioncajaruraldelsur.com\\\/wp-content\\\/uploads\\\/2019\\\/01\\\/190123.-C\u00e1ritas-AECC-y-Hermanas-de-la-Cruz-reciben-la-recaudaci\u00f3n-de-la-exposici\u00f3n-del-taller-de-arteterapia-en-Caja-Rural-del-Sur.jpg\",\"contentUrl\":\"https:\\\/\\\/fundacioncajaruraldelsur.com\\\/wp-content\\\/uploads\\\/2019\\\/01\\\/190123.-C\u00e1ritas-AECC-y-Hermanas-de-la-Cruz-reciben-la-recaudaci\u00f3n-de-la-exposici\u00f3n-del-taller-de-arteterapia-en-Caja-Rural-del-Sur.jpg\",\"width\":2592,\"height\":1936},{\"@type\":\"BreadcrumbList\",\"@id\":\"https:\\\/\\\/fundacioncajaruraldelsur.com\\\/el-taller-de-arteterapia-y-la-fundacion-caja-rural-del-sur-entregan-lo-recaudado-a-caritas-aecc-y-hermanas-de-la-cruz\\\/#breadcrumb\",\"itemListElement\":[{\"@type\":\"ListItem\",\"position\":1,\"name\":\"Portada\",\"item\":\"https:\\\/\\\/fundacioncajaruraldelsur.com\\\/\"},{\"@type\":\"ListItem\",\"position\":2,\"name\":\"El Taller de Arteterapia y la Fundaci\u00f3n Caja Rural del Sur entregan lo recaudado a C\u00e1ritas, AECC y Hermanas de la Cruz\"}]},{\"@type\":\"WebSite\",\"@id\":\"https:\\\/\\\/fundacioncajaruraldelsur.com\\\/#website\",\"url\":\"https:\\\/\\\/fundacioncajaruraldelsur.com\\\/\",\"name\":\"Fundaci\u00f3n Caja Rural del Sur\",\"description\":\"\",\"potentialAction\":[{\"@type\":\"SearchAction\",\"target\":{\"@type\":\"EntryPoint\",\"urlTemplate\":\"https:\\\/\\\/fundacioncajaruraldelsur.com\\\/?s={search_term_string}\"},\"query-input\":{\"@type\":\"PropertyValueSpecification\",\"valueRequired\":true,\"valueName\":\"search_term_string\"}}],\"inLanguage\":\"pt-PT\"},{\"@type\":\"Person\",\"@id\":\"https:\\\/\\\/fundacioncajaruraldelsur.com\\\/#\\\/schema\\\/person\\\/f430da9fb783d505ff061ad8b3d44577\",\"name\":\"Comunicaci\u00f3n\",\"image\":{\"@type\":\"ImageObject\",\"inLanguage\":\"pt-PT\",\"@id\":\"https:\\\/\\\/secure.gravatar.com\\\/avatar\\\/0dca239875993680bac4603ad2de7942da018f52cc3a244578e0b3b09314a8d8?s=96&d=blank&r=g\",\"url\":\"https:\\\/\\\/secure.gravatar.com\\\/avatar\\\/0dca239875993680bac4603ad2de7942da018f52cc3a244578e0b3b09314a8d8?s=96&d=blank&r=g\",\"contentUrl\":\"https:\\\/\\\/secure.gravatar.com\\\/avatar\\\/0dca239875993680bac4603ad2de7942da018f52cc3a244578e0b3b09314a8d8?s=96&d=blank&r=g\",\"caption\":\"Comunicaci\u00f3n\"}}]}<\/script>\n<!-- \/ Yoast SEO plugin. -->","yoast_head_json":{"title":"El Taller de Arteterapia y la Fundaci\u00f3n Caja Rural del Sur entregan lo recaudado a C\u00e1ritas, AECC y Hermanas de la Cruz - Fundaci\u00f3n Caja Rural del Sur","robots":{"index":"index","follow":"follow","max-snippet":"max-snippet:-1","max-image-preview":"max-image-preview:large","max-video-preview":"max-video-preview:-1"},"canonical":"https:\/\/fundacioncajaruraldelsur.com\/pt\/el-taller-de-arteterapia-y-la-fundacion-caja-rural-del-sur-entregan-lo-recaudado-a-caritas-aecc-y-hermanas-de-la-cruz\/","og_locale":"pt_PT","og_type":"article","og_title":"El Taller de Arteterapia y la Fundaci\u00f3n Caja Rural del Sur entregan lo recaudado a C\u00e1ritas, AECC y Hermanas de la Cruz - Fundaci\u00f3n Caja Rural del Sur","og_description":"El presidente de Caja Rural del Sur y su Fundaci\u00f3n, Jos\u00e9 Luis Garc\u00eda-Palacios, \u00c1lvarez, acompa\u00f1ado del director de esta \u00faltima, Emilio Ponce, ha hecho entrega de tres cheques bancarios por [&hellip;]","og_url":"https:\/\/fundacioncajaruraldelsur.com\/pt\/el-taller-de-arteterapia-y-la-fundacion-caja-rural-del-sur-entregan-lo-recaudado-a-caritas-aecc-y-hermanas-de-la-cruz\/","og_site_name":"Fundaci\u00f3n Caja Rural del Sur","article_published_time":"2019-01-23T18:18:25+00:00","og_image":[{"width":2592,"height":1936,"url":"https:\/\/fundacioncajaruraldelsur.com\/wp-content\/uploads\/2019\/01\/190123.-C\u00e1ritas-AECC-y-Hermanas-de-la-Cruz-reciben-la-recaudaci\u00f3n-de-la-exposici\u00f3n-del-taller-de-arteterapia-en-Caja-Rural-del-Sur.jpg","type":"image\/jpeg"}],"author":"Comunicaci\u00f3n","twitter_card":"summary_large_image","twitter_misc":{"Written by":"Comunicaci\u00f3n","Est. reading time":"1 minute"},"schema":{"@context":"https:\/\/schema.org","@graph":[{"@type":"Article","@id":"https:\/\/fundacioncajaruraldelsur.com\/el-taller-de-arteterapia-y-la-fundacion-caja-rural-del-sur-entregan-lo-recaudado-a-caritas-aecc-y-hermanas-de-la-cruz\/#article","isPartOf":{"@id":"https:\/\/fundacioncajaruraldelsur.com\/el-taller-de-arteterapia-y-la-fundacion-caja-rural-del-sur-entregan-lo-recaudado-a-caritas-aecc-y-hermanas-de-la-cruz\/"},"author":{"name":"Comunicaci\u00f3n","@id":"https:\/\/fundacioncajaruraldelsur.com\/#\/schema\/person\/f430da9fb783d505ff061ad8b3d44577"},"headline":"El Taller de Arteterapia y la Fundaci\u00f3n Caja Rural del Sur entregan lo recaudado a C\u00e1ritas, AECC y Hermanas de la Cruz","datePublished":"2019-01-23T18:18:25+00:00","mainEntityOfPage":{"@id":"https:\/\/fundacioncajaruraldelsur.com\/el-taller-de-arteterapia-y-la-fundacion-caja-rural-del-sur-entregan-lo-recaudado-a-caritas-aecc-y-hermanas-de-la-cruz\/"},"wordCount":229,"image":{"@id":"https:\/\/fundacioncajaruraldelsur.com\/el-taller-de-arteterapia-y-la-fundacion-caja-rural-del-sur-entregan-lo-recaudado-a-caritas-aecc-y-hermanas-de-la-cruz\/#primaryimage"},"thumbnailUrl":"https:\/\/fundacioncajaruraldelsur.com\/wp-content\/uploads\/2019\/01\/190123.-C\u00e1ritas-AECC-y-Hermanas-de-la-Cruz-reciben-la-recaudaci\u00f3n-de-la-exposici\u00f3n-del-taller-de-arteterapia-en-Caja-Rural-del-Sur.jpg","articleSection":["Premios"],"inLanguage":"pt-PT"},{"@type":"WebPage","@id":"https:\/\/fundacioncajaruraldelsur.com\/el-taller-de-arteterapia-y-la-fundacion-caja-rural-del-sur-entregan-lo-recaudado-a-caritas-aecc-y-hermanas-de-la-cruz\/","url":"https:\/\/fundacioncajaruraldelsur.com\/el-taller-de-arteterapia-y-la-fundacion-caja-rural-del-sur-entregan-lo-recaudado-a-caritas-aecc-y-hermanas-de-la-cruz\/","name":"El Taller de Arteterapia y la Fundaci\u00f3n Caja Rural del Sur entregan lo recaudado a C\u00e1ritas, AECC y Hermanas de la Cruz - Fundaci\u00f3n Caja Rural del Sur","isPartOf":{"@id":"https:\/\/fundacioncajaruraldelsur.com\/#website"},"primaryImageOfPage":{"@id":"https:\/\/fundacioncajaruraldelsur.com\/el-taller-de-arteterapia-y-la-fundacion-caja-rural-del-sur-entregan-lo-recaudado-a-caritas-aecc-y-hermanas-de-la-cruz\/#primaryimage"},"image":{"@id":"https:\/\/fundacioncajaruraldelsur.com\/el-taller-de-arteterapia-y-la-fundacion-caja-rural-del-sur-entregan-lo-recaudado-a-caritas-aecc-y-hermanas-de-la-cruz\/#primaryimage"},"thumbnailUrl":"https:\/\/fundacioncajaruraldelsur.com\/wp-content\/uploads\/2019\/01\/190123.-C\u00e1ritas-AECC-y-Hermanas-de-la-Cruz-reciben-la-recaudaci\u00f3n-de-la-exposici\u00f3n-del-taller-de-arteterapia-en-Caja-Rural-del-Sur.jpg","datePublished":"2019-01-23T18:18:25+00:00","author":{"@id":"https:\/\/fundacioncajaruraldelsur.com\/#\/schema\/person\/f430da9fb783d505ff061ad8b3d44577"},"breadcrumb":{"@id":"https:\/\/fundacioncajaruraldelsur.com\/el-taller-de-arteterapia-y-la-fundacion-caja-rural-del-sur-entregan-lo-recaudado-a-caritas-aecc-y-hermanas-de-la-cruz\/#breadcrumb"},"inLanguage":"pt-PT","potentialAction":[{"@type":"ReadAction","target":["https:\/\/fundacioncajaruraldelsur.com\/el-taller-de-arteterapia-y-la-fundacion-caja-rural-del-sur-entregan-lo-recaudado-a-caritas-aecc-y-hermanas-de-la-cruz\/"]}]},{"@type":"ImageObject","inLanguage":"pt-PT","@id":"https:\/\/fundacioncajaruraldelsur.com\/el-taller-de-arteterapia-y-la-fundacion-caja-rural-del-sur-entregan-lo-recaudado-a-caritas-aecc-y-hermanas-de-la-cruz\/#primaryimage","url":"https:\/\/fundacioncajaruraldelsur.com\/wp-content\/uploads\/2019\/01\/190123.-C\u00e1ritas-AECC-y-Hermanas-de-la-Cruz-reciben-la-recaudaci\u00f3n-de-la-exposici\u00f3n-del-taller-de-arteterapia-en-Caja-Rural-del-Sur.jpg","contentUrl":"https:\/\/fundacioncajaruraldelsur.com\/wp-content\/uploads\/2019\/01\/190123.-C\u00e1ritas-AECC-y-Hermanas-de-la-Cruz-reciben-la-recaudaci\u00f3n-de-la-exposici\u00f3n-del-taller-de-arteterapia-en-Caja-Rural-del-Sur.jpg","width":2592,"height":1936},{"@type":"BreadcrumbList","@id":"https:\/\/fundacioncajaruraldelsur.com\/el-taller-de-arteterapia-y-la-fundacion-caja-rural-del-sur-entregan-lo-recaudado-a-caritas-aecc-y-hermanas-de-la-cruz\/#breadcrumb","itemListElement":[{"@type":"ListItem","position":1,"name":"Portada","item":"https:\/\/fundacioncajaruraldelsur.com\/"},{"@type":"ListItem","position":2,"name":"El Taller de Arteterapia y la Fundaci\u00f3n Caja Rural del Sur entregan lo recaudado a C\u00e1ritas, AECC y Hermanas de la Cruz"}]},{"@type":"WebSite","@id":"https:\/\/fundacioncajaruraldelsur.com\/#website","url":"https:\/\/fundacioncajaruraldelsur.com\/","name":"Funda\u00e7\u00e3o Caja Rural del Sur","description":"","potentialAction":[{"@type":"SearchAction","target":{"@type":"EntryPoint","urlTemplate":"https:\/\/fundacioncajaruraldelsur.com\/?s={search_term_string}"},"query-input":{"@type":"PropertyValueSpecification","valueRequired":true,"valueName":"search_term_string"}}],"inLanguage":"pt-PT"},{"@type":"Person","@id":"https:\/\/fundacioncajaruraldelsur.com\/#\/schema\/person\/f430da9fb783d505ff061ad8b3d44577","name":"Comunicaci\u00f3n","image":{"@type":"ImageObject","inLanguage":"pt-PT","@id":"https:\/\/secure.gravatar.com\/avatar\/0dca239875993680bac4603ad2de7942da018f52cc3a244578e0b3b09314a8d8?s=96&d=blank&r=g","url":"https:\/\/secure.gravatar.com\/avatar\/0dca239875993680bac4603ad2de7942da018f52cc3a244578e0b3b09314a8d8?s=96&d=blank&r=g","contentUrl":"https:\/\/secure.gravatar.com\/avatar\/0dca239875993680bac4603ad2de7942da018f52cc3a244578e0b3b09314a8d8?s=96&d=blank&r=g","caption":"Comunicaci\u00f3n"}}]}},"rttpg_featured_image_url":{"full":["https:\/\/fundacioncajaruraldelsur.com\/wp-content\/uploads\/2019\/01\/190123.-C\u00e1ritas-AECC-y-Hermanas-de-la-Cruz-reciben-la-recaudaci\u00f3n-de-la-exposici\u00f3n-del-taller-de-arteterapia-en-Caja-Rural-del-Sur.jpg",2592,1936,false],"landscape":["https:\/\/fundacioncajaruraldelsur.com\/wp-content\/uploads\/2019\/01\/190123.-C\u00e1ritas-AECC-y-Hermanas-de-la-Cruz-reciben-la-recaudaci\u00f3n-de-la-exposici\u00f3n-del-taller-de-arteterapia-en-Caja-Rural-del-Sur.jpg",2592,1936,false],"portraits":["https:\/\/fundacioncajaruraldelsur.com\/wp-content\/uploads\/2019\/01\/190123.-C\u00e1ritas-AECC-y-Hermanas-de-la-Cruz-reciben-la-recaudaci\u00f3n-de-la-exposici\u00f3n-del-taller-de-arteterapia-en-Caja-Rural-del-Sur.jpg",2592,1936,false],"thumbnail":["https:\/\/fundacioncajaruraldelsur.com\/wp-content\/uploads\/2019\/01\/190123.-C\u00e1ritas-AECC-y-Hermanas-de-la-Cruz-reciben-la-recaudaci\u00f3n-de-la-exposici\u00f3n-del-taller-de-arteterapia-en-Caja-Rural-del-Sur-150x150.jpg",150,150,true],"medium":["https:\/\/fundacioncajaruraldelsur.com\/wp-content\/uploads\/2019\/01\/190123.-C\u00e1ritas-AECC-y-Hermanas-de-la-Cruz-reciben-la-recaudaci\u00f3n-de-la-exposici\u00f3n-del-taller-de-arteterapia-en-Caja-Rural-del-Sur-300x224.jpg",300,224,true],"large":["https:\/\/fundacioncajaruraldelsur.com\/wp-content\/uploads\/2019\/01\/190123.-C\u00e1ritas-AECC-y-Hermanas-de-la-Cruz-reciben-la-recaudaci\u00f3n-de-la-exposici\u00f3n-del-taller-de-arteterapia-en-Caja-Rural-del-Sur-1024x765.jpg",960,717,true],"1536x1536":["https:\/\/fundacioncajaruraldelsur.com\/wp-content\/uploads\/2019\/01\/190123.-C\u00e1ritas-AECC-y-Hermanas-de-la-Cruz-reciben-la-recaudaci\u00f3n-de-la-exposici\u00f3n-del-taller-de-arteterapia-en-Caja-Rural-del-Sur.jpg",1536,1147,false],"2048x2048":["https:\/\/fundacioncajaruraldelsur.com\/wp-content\/uploads\/2019\/01\/190123.-C\u00e1ritas-AECC-y-Hermanas-de-la-Cruz-reciben-la-recaudaci\u00f3n-de-la-exposici\u00f3n-del-taller-de-arteterapia-en-Caja-Rural-del-Sur.jpg",2048,1530,false],"trp-custom-language-flag":["https:\/\/fundacioncajaruraldelsur.com\/wp-content\/uploads\/2019\/01\/190123.-C\u00e1ritas-AECC-y-Hermanas-de-la-Cruz-reciben-la-recaudaci\u00f3n-de-la-exposici\u00f3n-del-taller-de-arteterapia-en-Caja-Rural-del-Sur.jpg",16,12,false],"blog-thumbnail":["https:\/\/fundacioncajaruraldelsur.com\/wp-content\/uploads\/2019\/01\/190123.-C\u00e1ritas-AECC-y-Hermanas-de-la-Cruz-reciben-la-recaudaci\u00f3n-de-la-exposici\u00f3n-del-taller-de-arteterapia-en-Caja-Rural-del-Sur-400x200.jpg",400,200,true]},"rttpg_author":{"display_name":"Comunicaci\u00f3n","author_link":"https:\/\/fundacioncajaruraldelsur.com\/pt\/author\/sevillaadmin\/"},"rttpg_comment":0,"rttpg_category":"<a href=\"https:\/\/fundacioncajaruraldelsur.com\/pt\/category\/premios\/\" rel=\"category tag\">Premios<\/a>","rttpg_excerpt":"El presidente de Caja Rural del Sur y su Fundaci\u00f3n, Jos\u00e9 Luis Garc\u00eda-Palacios, \u00c1lvarez, acompa\u00f1ado del director de esta \u00faltima, Emilio Ponce, ha hecho entrega de tres cheques bancarios por [&hellip;]","_links":{"self":[{"href":"https:\/\/fundacioncajaruraldelsur.com\/pt\/wp-json\/wp\/v2\/posts\/4398","targetHints":{"allow":["GET"]}}],"collection":[{"href":"https:\/\/fundacioncajaruraldelsur.com\/pt\/wp-json\/wp\/v2\/posts"}],"about":[{"href":"https:\/\/fundacioncajaruraldelsur.com\/pt\/wp-json\/wp\/v2\/types\/post"}],"author":[{"embeddable":true,"href":"https:\/\/fundacioncajaruraldelsur.com\/pt\/wp-json\/wp\/v2\/users\/6"}],"replies":[{"embeddable":true,"href":"https:\/\/fundacioncajaruraldelsur.com\/pt\/wp-json\/wp\/v2\/comments?post=4398"}],"version-history":[{"count":1,"href":"https:\/\/fundacioncajaruraldelsur.com\/pt\/wp-json\/wp\/v2\/posts\/4398\/revisions"}],"predecessor-version":[{"id":4400,"href":"https:\/\/fundacioncajaruraldelsur.com\/pt\/wp-json\/wp\/v2\/posts\/4398\/revisions\/4400"}],"wp:featuredmedia":[{"embeddable":true,"href":"https:\/\/fundacioncajaruraldelsur.com\/pt\/wp-json\/wp\/v2\/media\/4399"}],"wp:attachment":[{"href":"https:\/\/fundacioncajaruraldelsur.com\/pt\/wp-json\/wp\/v2\/media?parent=4398"}],"wp:term":[{"taxonomy":"category","embeddable":true,"href":"https:\/\/fundacioncajaruraldelsur.com\/pt\/wp-json\/wp\/v2\/categories?post=4398"},{"taxonomy":"post_tag","embeddable":true,"href":"https:\/\/fundacioncajaruraldelsur.com\/pt\/wp-json\/wp\/v2\/tags?post=4398"}],"curies":[{"name":"wp","href":"https:\/\/api.w.org\/{rel}","templated":true}]}}