{"id":4279,"date":"2018-12-28T22:53:00","date_gmt":"2018-12-28T20:53:00","guid":{"rendered":"\/?p=4279"},"modified":"2018-12-28T22:53:00","modified_gmt":"2018-12-28T20:53:00","slug":"la-uhu-y-la-unia-galardonadas-con-el-premio-a-la-cooperacion-iberoamericana-del-ocib","status":"publish","type":"post","link":"https:\/\/fundacioncajaruraldelsur.com\/pt\/la-uhu-y-la-unia-galardonadas-con-el-premio-a-la-cooperacion-iberoamericana-del-ocib\/","title":{"rendered":"LA UHU y la UNIA, galardonadas con el Premio a la Cooperaci\u00f3n Iberoamericana del OCIb"},"content":{"rendered":"<p>El director del Oto\u00f1o Cultural Iberoamericano (OCIb) 2018, Jaime de Vicente, junto al presidente de la Caja Rural del Sur y su fundaci\u00f3n, Jos\u00e9 Luis Garc\u00eda-Palacios \u00c1lvarez, han entregado el 8\u00ba Premio OCIb a la Cooperaci\u00f3n Iberoamericana que ha reca\u00eddo en la Universidad de Huelva (UHU) y en la Universidad Internacional de Andaluc\u00eda (UNIA), cuando ambas cumplen 25 a\u00f1os de su fundaci\u00f3n.<\/p>\n<p>El presidente de la Fundaci\u00f3n Caja Rural del Sur ha destacado durante el acto de entrega de premios que quienes reciben los mismos son \u00abinstituciones y personalidades que han puesto especial hincapi\u00e9 y esfuerzo en la cooperaci\u00f3n entre ambas partes del mundo\u00bb, con elementos de uni\u00f3n como el idioma, las tradiciones y artistas de gran renombre.<\/p>\n<p>Garc\u00eda-Palacios ha se\u00f1alado sobre la UNIA que durante los meses estivales la sede de La R\u00e1bida de dicha universidad se convierte en \u00abla plasmaci\u00f3n f\u00edsica y real de los cursos que se basan en esa pata que tiene Huelva, Espa\u00f1a y Europa en el continente americano\u00bb. Acerca de la UHU, el director del OCIb ha destacado la presencia en todas sus actividades de la uni\u00f3n con Iberoam\u00e9rica, como aspecto fundamental de la cultura onubense.<\/p>\n<p>De Vicente ha realizado durante el acto un repaso por los premiados desde la creaci\u00f3n del cert\u00e1men en el a\u00f1o 2009, y ha tenido palabras de recuerdo para cada uno de ellos. Sobre el anterior presidente de la fundaci\u00f3n, el director del OCIb se ha referido al mismo para decir que \u00absu esp\u00edritu sigue con nosotros\u00bb, en referencia a la atenci\u00f3n que Garc\u00eda Palacios ofrec\u00eda a \u00abcentenares de personas\u00bb que ven\u00edan a prop\u00f3sito del Oto\u00f1o Cultural y a actividades de la fundaci\u00f3n.<\/p>\n<p>Garc\u00eda-Palacios \u00c1lvarez tambi\u00e9n ha tenido palabras para su padre recientemente fallecido. \u00abEs el primer acto al que participo como presidente de Fundaci\u00f3n Caja Rural del Sur, supliendo a mi padre, no me gustar\u00eda haberlo hecho por el motivo que lo que he tenido que hacer aunque creo que estar\u00eda orgullloso\u00bb, ha declarado el presidente durante el transcurso del acto.<\/p>\n<p>La rectora de la UHU, Mar\u00eda Antonia Pe\u00f1a, ha recogido la distinci\u00f3n y ha subrayado el hecho de que las cooperaciones se hacen de forma \u00absilenciosa\u00bb, por lo que \u00abcuesta m\u00e1s percibirla\u00bb, sobre lo que ha incidido en que la Onubense ha trabajado con pa\u00edses de \u00c1frica, entre otros, para buscar fondos, ya que desde la universidad \u00abbuscamos subvenciones, potenciamos \u00e1reas de trabajo, y lo hacemos tambi\u00e9n con Iberoam\u00e9rica por la conexi\u00f3n\u00bb existente.<\/p>\n<p>Por su parte, el vicerrector de la UNIA, Agust\u00edn Gal\u00e1n, ha insistido en el factor \u00abhumano\u00bb. \u00abEl Oto\u00f1o Cultural ha sido un contexto magn\u00edfico para que consigamos los objetivos particulares de cada instituci\u00f3n\u00bb, ha dicho. Para Gal\u00e1n, \u00abreconocer el trabajo de cooperaci\u00f3n es reconocer el trabajo de las personas que han hecho posible todo esto\u00bb, y por todo ello dedic\u00f3 palabras de agradecimiento, al igual que la rectora de la UHU, al OCIb y a la Fundaci\u00f3n Caja Rural del Sur.<\/p>\n<p>De esta forma el OCIb concluye este a\u00f1o su programaci\u00f3n cultural con el reconocimiento a las dos entidades educativas de su intensa relaci\u00f3n con las universidades de Iberoam\u00e9rica que han contribuido \u00abdecisivamente\u00bb a reforzar los lazos educativos, acad\u00e9micos y culturales con la Comunidad Iberoamericana de naciones, motivos por los que el Oto\u00f1o Cultural ha decidido ortorgar estos reconocimientos a las dos instituciones.<\/p>","protected":false},"excerpt":{"rendered":"<p>El director del Oto\u00f1o Cultural Iberoamericano (OCIb) 2018, Jaime de Vicente, junto al presidente de la Caja Rural del Sur y su fundaci\u00f3n, Jos\u00e9 Luis Garc\u00eda-Palacios \u00c1lvarez, han entregado el [&hellip;]<\/p>\n","protected":false},"author":6,"featured_media":4280,"comment_status":"closed","ping_status":"closed","sticky":false,"template":"","format":"standard","meta":{"footnotes":""},"categories":[64],"tags":[],"class_list":["post-4279","post","type-post","status-publish","format-standard","has-post-thumbnail","hentry","category-premios"],"yoast_head":"<!-- This site is optimized with the Yoast SEO plugin v27.3 - https:\/\/yoast.com\/product\/yoast-seo-wordpress\/ -->\n<title>LA UHU y la UNIA, galardonadas con el Premio a la Cooperaci\u00f3n Iberoamericana del OCIb - Fundaci\u00f3n Caja Rural del Sur<\/title>\n<meta name=\"robots\" content=\"index, follow, max-snippet:-1, max-image-preview:large, max-video-preview:-1\" \/>\n<link rel=\"canonical\" href=\"https:\/\/fundacioncajaruraldelsur.com\/pt\/la-uhu-y-la-unia-galardonadas-con-el-premio-a-la-cooperacion-iberoamericana-del-ocib\/\" \/>\n<meta property=\"og:locale\" content=\"pt_PT\" \/>\n<meta property=\"og:type\" content=\"article\" \/>\n<meta property=\"og:title\" content=\"LA UHU y la UNIA, galardonadas con el Premio a la Cooperaci\u00f3n Iberoamericana del OCIb - Fundaci\u00f3n Caja Rural del Sur\" \/>\n<meta property=\"og:description\" content=\"El director del Oto\u00f1o Cultural Iberoamericano (OCIb) 2018, Jaime de Vicente, junto al presidente de la Caja Rural del Sur y su fundaci\u00f3n, Jos\u00e9 Luis Garc\u00eda-Palacios \u00c1lvarez, han entregado el [&hellip;]\" \/>\n<meta property=\"og:url\" content=\"https:\/\/fundacioncajaruraldelsur.com\/pt\/la-uhu-y-la-unia-galardonadas-con-el-premio-a-la-cooperacion-iberoamericana-del-ocib\/\" \/>\n<meta property=\"og:site_name\" content=\"Fundaci\u00f3n Caja Rural del Sur\" \/>\n<meta property=\"article:published_time\" content=\"2018-12-28T20:53:00+00:00\" \/>\n<meta property=\"og:image\" content=\"https:\/\/fundacioncajaruraldelsur.com\/wp-content\/uploads\/2018\/12\/premios-OCIb.jpg\" \/>\n\t<meta property=\"og:image:width\" content=\"1600\" \/>\n\t<meta property=\"og:image:height\" content=\"900\" \/>\n\t<meta property=\"og:image:type\" content=\"image\/jpeg\" \/>\n<meta name=\"author\" content=\"Comunicaci\u00f3n\" \/>\n<meta name=\"twitter:card\" content=\"summary_large_image\" \/>\n<meta name=\"twitter:label1\" content=\"Written by\" \/>\n\t<meta name=\"twitter:data1\" content=\"Comunicaci\u00f3n\" \/>\n\t<meta name=\"twitter:label2\" content=\"Est. reading time\" \/>\n\t<meta name=\"twitter:data2\" content=\"3 minutes\" \/>\n<script type=\"application\/ld+json\" class=\"yoast-schema-graph\">{\"@context\":\"https:\\\/\\\/schema.org\",\"@graph\":[{\"@type\":\"Article\",\"@id\":\"https:\\\/\\\/fundacioncajaruraldelsur.com\\\/la-uhu-y-la-unia-galardonadas-con-el-premio-a-la-cooperacion-iberoamericana-del-ocib\\\/#article\",\"isPartOf\":{\"@id\":\"https:\\\/\\\/fundacioncajaruraldelsur.com\\\/la-uhu-y-la-unia-galardonadas-con-el-premio-a-la-cooperacion-iberoamericana-del-ocib\\\/\"},\"author\":{\"name\":\"Comunicaci\u00f3n\",\"@id\":\"https:\\\/\\\/fundacioncajaruraldelsur.com\\\/#\\\/schema\\\/person\\\/f430da9fb783d505ff061ad8b3d44577\"},\"headline\":\"LA UHU y la UNIA, galardonadas con el Premio a la Cooperaci\u00f3n Iberoamericana del OCIb\",\"datePublished\":\"2018-12-28T20:53:00+00:00\",\"mainEntityOfPage\":{\"@id\":\"https:\\\/\\\/fundacioncajaruraldelsur.com\\\/la-uhu-y-la-unia-galardonadas-con-el-premio-a-la-cooperacion-iberoamericana-del-ocib\\\/\"},\"wordCount\":619,\"image\":{\"@id\":\"https:\\\/\\\/fundacioncajaruraldelsur.com\\\/la-uhu-y-la-unia-galardonadas-con-el-premio-a-la-cooperacion-iberoamericana-del-ocib\\\/#primaryimage\"},\"thumbnailUrl\":\"https:\\\/\\\/fundacioncajaruraldelsur.com\\\/wp-content\\\/uploads\\\/2018\\\/12\\\/premios-OCIb.jpg\",\"articleSection\":[\"Premios\"],\"inLanguage\":\"pt-PT\"},{\"@type\":\"WebPage\",\"@id\":\"https:\\\/\\\/fundacioncajaruraldelsur.com\\\/la-uhu-y-la-unia-galardonadas-con-el-premio-a-la-cooperacion-iberoamericana-del-ocib\\\/\",\"url\":\"https:\\\/\\\/fundacioncajaruraldelsur.com\\\/la-uhu-y-la-unia-galardonadas-con-el-premio-a-la-cooperacion-iberoamericana-del-ocib\\\/\",\"name\":\"LA UHU y la UNIA, galardonadas con el Premio a la Cooperaci\u00f3n Iberoamericana del OCIb - Fundaci\u00f3n Caja Rural del Sur\",\"isPartOf\":{\"@id\":\"https:\\\/\\\/fundacioncajaruraldelsur.com\\\/#website\"},\"primaryImageOfPage\":{\"@id\":\"https:\\\/\\\/fundacioncajaruraldelsur.com\\\/la-uhu-y-la-unia-galardonadas-con-el-premio-a-la-cooperacion-iberoamericana-del-ocib\\\/#primaryimage\"},\"image\":{\"@id\":\"https:\\\/\\\/fundacioncajaruraldelsur.com\\\/la-uhu-y-la-unia-galardonadas-con-el-premio-a-la-cooperacion-iberoamericana-del-ocib\\\/#primaryimage\"},\"thumbnailUrl\":\"https:\\\/\\\/fundacioncajaruraldelsur.com\\\/wp-content\\\/uploads\\\/2018\\\/12\\\/premios-OCIb.jpg\",\"datePublished\":\"2018-12-28T20:53:00+00:00\",\"author\":{\"@id\":\"https:\\\/\\\/fundacioncajaruraldelsur.com\\\/#\\\/schema\\\/person\\\/f430da9fb783d505ff061ad8b3d44577\"},\"breadcrumb\":{\"@id\":\"https:\\\/\\\/fundacioncajaruraldelsur.com\\\/la-uhu-y-la-unia-galardonadas-con-el-premio-a-la-cooperacion-iberoamericana-del-ocib\\\/#breadcrumb\"},\"inLanguage\":\"pt-PT\",\"potentialAction\":[{\"@type\":\"ReadAction\",\"target\":[\"https:\\\/\\\/fundacioncajaruraldelsur.com\\\/la-uhu-y-la-unia-galardonadas-con-el-premio-a-la-cooperacion-iberoamericana-del-ocib\\\/\"]}]},{\"@type\":\"ImageObject\",\"inLanguage\":\"pt-PT\",\"@id\":\"https:\\\/\\\/fundacioncajaruraldelsur.com\\\/la-uhu-y-la-unia-galardonadas-con-el-premio-a-la-cooperacion-iberoamericana-del-ocib\\\/#primaryimage\",\"url\":\"https:\\\/\\\/fundacioncajaruraldelsur.com\\\/wp-content\\\/uploads\\\/2018\\\/12\\\/premios-OCIb.jpg\",\"contentUrl\":\"https:\\\/\\\/fundacioncajaruraldelsur.com\\\/wp-content\\\/uploads\\\/2018\\\/12\\\/premios-OCIb.jpg\",\"width\":1600,\"height\":900},{\"@type\":\"BreadcrumbList\",\"@id\":\"https:\\\/\\\/fundacioncajaruraldelsur.com\\\/la-uhu-y-la-unia-galardonadas-con-el-premio-a-la-cooperacion-iberoamericana-del-ocib\\\/#breadcrumb\",\"itemListElement\":[{\"@type\":\"ListItem\",\"position\":1,\"name\":\"Portada\",\"item\":\"https:\\\/\\\/fundacioncajaruraldelsur.com\\\/\"},{\"@type\":\"ListItem\",\"position\":2,\"name\":\"LA UHU y la UNIA, galardonadas con el Premio a la Cooperaci\u00f3n Iberoamericana del OCIb\"}]},{\"@type\":\"WebSite\",\"@id\":\"https:\\\/\\\/fundacioncajaruraldelsur.com\\\/#website\",\"url\":\"https:\\\/\\\/fundacioncajaruraldelsur.com\\\/\",\"name\":\"Fundaci\u00f3n Caja Rural del Sur\",\"description\":\"\",\"potentialAction\":[{\"@type\":\"SearchAction\",\"target\":{\"@type\":\"EntryPoint\",\"urlTemplate\":\"https:\\\/\\\/fundacioncajaruraldelsur.com\\\/?s={search_term_string}\"},\"query-input\":{\"@type\":\"PropertyValueSpecification\",\"valueRequired\":true,\"valueName\":\"search_term_string\"}}],\"inLanguage\":\"pt-PT\"},{\"@type\":\"Person\",\"@id\":\"https:\\\/\\\/fundacioncajaruraldelsur.com\\\/#\\\/schema\\\/person\\\/f430da9fb783d505ff061ad8b3d44577\",\"name\":\"Comunicaci\u00f3n\",\"image\":{\"@type\":\"ImageObject\",\"inLanguage\":\"pt-PT\",\"@id\":\"https:\\\/\\\/secure.gravatar.com\\\/avatar\\\/0dca239875993680bac4603ad2de7942da018f52cc3a244578e0b3b09314a8d8?s=96&d=blank&r=g\",\"url\":\"https:\\\/\\\/secure.gravatar.com\\\/avatar\\\/0dca239875993680bac4603ad2de7942da018f52cc3a244578e0b3b09314a8d8?s=96&d=blank&r=g\",\"contentUrl\":\"https:\\\/\\\/secure.gravatar.com\\\/avatar\\\/0dca239875993680bac4603ad2de7942da018f52cc3a244578e0b3b09314a8d8?s=96&d=blank&r=g\",\"caption\":\"Comunicaci\u00f3n\"}}]}<\/script>\n<!-- \/ Yoast SEO plugin. -->","yoast_head_json":{"title":"LA UHU y la UNIA, galardonadas con el Premio a la Cooperaci\u00f3n Iberoamericana del OCIb - Fundaci\u00f3n Caja Rural del Sur","robots":{"index":"index","follow":"follow","max-snippet":"max-snippet:-1","max-image-preview":"max-image-preview:large","max-video-preview":"max-video-preview:-1"},"canonical":"https:\/\/fundacioncajaruraldelsur.com\/pt\/la-uhu-y-la-unia-galardonadas-con-el-premio-a-la-cooperacion-iberoamericana-del-ocib\/","og_locale":"pt_PT","og_type":"article","og_title":"LA UHU y la UNIA, galardonadas con el Premio a la Cooperaci\u00f3n Iberoamericana del OCIb - Fundaci\u00f3n Caja Rural del Sur","og_description":"El director del Oto\u00f1o Cultural Iberoamericano (OCIb) 2018, Jaime de Vicente, junto al presidente de la Caja Rural del Sur y su fundaci\u00f3n, Jos\u00e9 Luis Garc\u00eda-Palacios \u00c1lvarez, han entregado el [&hellip;]","og_url":"https:\/\/fundacioncajaruraldelsur.com\/pt\/la-uhu-y-la-unia-galardonadas-con-el-premio-a-la-cooperacion-iberoamericana-del-ocib\/","og_site_name":"Fundaci\u00f3n Caja Rural del Sur","article_published_time":"2018-12-28T20:53:00+00:00","og_image":[{"width":1600,"height":900,"url":"https:\/\/fundacioncajaruraldelsur.com\/wp-content\/uploads\/2018\/12\/premios-OCIb.jpg","type":"image\/jpeg"}],"author":"Comunicaci\u00f3n","twitter_card":"summary_large_image","twitter_misc":{"Written by":"Comunicaci\u00f3n","Est. reading time":"3 minutes"},"schema":{"@context":"https:\/\/schema.org","@graph":[{"@type":"Article","@id":"https:\/\/fundacioncajaruraldelsur.com\/la-uhu-y-la-unia-galardonadas-con-el-premio-a-la-cooperacion-iberoamericana-del-ocib\/#article","isPartOf":{"@id":"https:\/\/fundacioncajaruraldelsur.com\/la-uhu-y-la-unia-galardonadas-con-el-premio-a-la-cooperacion-iberoamericana-del-ocib\/"},"author":{"name":"Comunicaci\u00f3n","@id":"https:\/\/fundacioncajaruraldelsur.com\/#\/schema\/person\/f430da9fb783d505ff061ad8b3d44577"},"headline":"LA UHU y la UNIA, galardonadas con el Premio a la Cooperaci\u00f3n Iberoamericana del OCIb","datePublished":"2018-12-28T20:53:00+00:00","mainEntityOfPage":{"@id":"https:\/\/fundacioncajaruraldelsur.com\/la-uhu-y-la-unia-galardonadas-con-el-premio-a-la-cooperacion-iberoamericana-del-ocib\/"},"wordCount":619,"image":{"@id":"https:\/\/fundacioncajaruraldelsur.com\/la-uhu-y-la-unia-galardonadas-con-el-premio-a-la-cooperacion-iberoamericana-del-ocib\/#primaryimage"},"thumbnailUrl":"https:\/\/fundacioncajaruraldelsur.com\/wp-content\/uploads\/2018\/12\/premios-OCIb.jpg","articleSection":["Premios"],"inLanguage":"pt-PT"},{"@type":"WebPage","@id":"https:\/\/fundacioncajaruraldelsur.com\/la-uhu-y-la-unia-galardonadas-con-el-premio-a-la-cooperacion-iberoamericana-del-ocib\/","url":"https:\/\/fundacioncajaruraldelsur.com\/la-uhu-y-la-unia-galardonadas-con-el-premio-a-la-cooperacion-iberoamericana-del-ocib\/","name":"LA UHU y la UNIA, galardonadas con el Premio a la Cooperaci\u00f3n Iberoamericana del OCIb - Fundaci\u00f3n Caja Rural del Sur","isPartOf":{"@id":"https:\/\/fundacioncajaruraldelsur.com\/#website"},"primaryImageOfPage":{"@id":"https:\/\/fundacioncajaruraldelsur.com\/la-uhu-y-la-unia-galardonadas-con-el-premio-a-la-cooperacion-iberoamericana-del-ocib\/#primaryimage"},"image":{"@id":"https:\/\/fundacioncajaruraldelsur.com\/la-uhu-y-la-unia-galardonadas-con-el-premio-a-la-cooperacion-iberoamericana-del-ocib\/#primaryimage"},"thumbnailUrl":"https:\/\/fundacioncajaruraldelsur.com\/wp-content\/uploads\/2018\/12\/premios-OCIb.jpg","datePublished":"2018-12-28T20:53:00+00:00","author":{"@id":"https:\/\/fundacioncajaruraldelsur.com\/#\/schema\/person\/f430da9fb783d505ff061ad8b3d44577"},"breadcrumb":{"@id":"https:\/\/fundacioncajaruraldelsur.com\/la-uhu-y-la-unia-galardonadas-con-el-premio-a-la-cooperacion-iberoamericana-del-ocib\/#breadcrumb"},"inLanguage":"pt-PT","potentialAction":[{"@type":"ReadAction","target":["https:\/\/fundacioncajaruraldelsur.com\/la-uhu-y-la-unia-galardonadas-con-el-premio-a-la-cooperacion-iberoamericana-del-ocib\/"]}]},{"@type":"ImageObject","inLanguage":"pt-PT","@id":"https:\/\/fundacioncajaruraldelsur.com\/la-uhu-y-la-unia-galardonadas-con-el-premio-a-la-cooperacion-iberoamericana-del-ocib\/#primaryimage","url":"https:\/\/fundacioncajaruraldelsur.com\/wp-content\/uploads\/2018\/12\/premios-OCIb.jpg","contentUrl":"https:\/\/fundacioncajaruraldelsur.com\/wp-content\/uploads\/2018\/12\/premios-OCIb.jpg","width":1600,"height":900},{"@type":"BreadcrumbList","@id":"https:\/\/fundacioncajaruraldelsur.com\/la-uhu-y-la-unia-galardonadas-con-el-premio-a-la-cooperacion-iberoamericana-del-ocib\/#breadcrumb","itemListElement":[{"@type":"ListItem","position":1,"name":"Portada","item":"https:\/\/fundacioncajaruraldelsur.com\/"},{"@type":"ListItem","position":2,"name":"LA UHU y la UNIA, galardonadas con el Premio a la Cooperaci\u00f3n Iberoamericana del OCIb"}]},{"@type":"WebSite","@id":"https:\/\/fundacioncajaruraldelsur.com\/#website","url":"https:\/\/fundacioncajaruraldelsur.com\/","name":"Funda\u00e7\u00e3o Caja Rural del Sur","description":"","potentialAction":[{"@type":"SearchAction","target":{"@type":"EntryPoint","urlTemplate":"https:\/\/fundacioncajaruraldelsur.com\/?s={search_term_string}"},"query-input":{"@type":"PropertyValueSpecification","valueRequired":true,"valueName":"search_term_string"}}],"inLanguage":"pt-PT"},{"@type":"Person","@id":"https:\/\/fundacioncajaruraldelsur.com\/#\/schema\/person\/f430da9fb783d505ff061ad8b3d44577","name":"Comunicaci\u00f3n","image":{"@type":"ImageObject","inLanguage":"pt-PT","@id":"https:\/\/secure.gravatar.com\/avatar\/0dca239875993680bac4603ad2de7942da018f52cc3a244578e0b3b09314a8d8?s=96&d=blank&r=g","url":"https:\/\/secure.gravatar.com\/avatar\/0dca239875993680bac4603ad2de7942da018f52cc3a244578e0b3b09314a8d8?s=96&d=blank&r=g","contentUrl":"https:\/\/secure.gravatar.com\/avatar\/0dca239875993680bac4603ad2de7942da018f52cc3a244578e0b3b09314a8d8?s=96&d=blank&r=g","caption":"Comunicaci\u00f3n"}}]}},"rttpg_featured_image_url":{"full":["https:\/\/fundacioncajaruraldelsur.com\/wp-content\/uploads\/2018\/12\/premios-OCIb.jpg",1600,900,false],"landscape":["https:\/\/fundacioncajaruraldelsur.com\/wp-content\/uploads\/2018\/12\/premios-OCIb.jpg",1600,900,false],"portraits":["https:\/\/fundacioncajaruraldelsur.com\/wp-content\/uploads\/2018\/12\/premios-OCIb.jpg",1600,900,false],"thumbnail":["https:\/\/fundacioncajaruraldelsur.com\/wp-content\/uploads\/2018\/12\/premios-OCIb-150x150.jpg",150,150,true],"medium":["https:\/\/fundacioncajaruraldelsur.com\/wp-content\/uploads\/2018\/12\/premios-OCIb-300x169.jpg",300,169,true],"large":["https:\/\/fundacioncajaruraldelsur.com\/wp-content\/uploads\/2018\/12\/premios-OCIb-1024x576.jpg",960,540,true],"1536x1536":["https:\/\/fundacioncajaruraldelsur.com\/wp-content\/uploads\/2018\/12\/premios-OCIb.jpg",1536,864,false],"2048x2048":["https:\/\/fundacioncajaruraldelsur.com\/wp-content\/uploads\/2018\/12\/premios-OCIb.jpg",1600,900,false],"trp-custom-language-flag":["https:\/\/fundacioncajaruraldelsur.com\/wp-content\/uploads\/2018\/12\/premios-OCIb.jpg",18,10,false],"blog-thumbnail":["https:\/\/fundacioncajaruraldelsur.com\/wp-content\/uploads\/2018\/12\/premios-OCIb-400x200.jpg",400,200,true]},"rttpg_author":{"display_name":"Comunicaci\u00f3n","author_link":"https:\/\/fundacioncajaruraldelsur.com\/pt\/author\/sevillaadmin\/"},"rttpg_comment":0,"rttpg_category":"<a href=\"https:\/\/fundacioncajaruraldelsur.com\/pt\/category\/premios\/\" rel=\"category tag\">Premios<\/a>","rttpg_excerpt":"El director del Oto\u00f1o Cultural Iberoamericano (OCIb) 2018, Jaime de Vicente, junto al presidente de la Caja Rural del Sur y su fundaci\u00f3n, Jos\u00e9 Luis Garc\u00eda-Palacios \u00c1lvarez, han entregado el [&hellip;]","_links":{"self":[{"href":"https:\/\/fundacioncajaruraldelsur.com\/pt\/wp-json\/wp\/v2\/posts\/4279","targetHints":{"allow":["GET"]}}],"collection":[{"href":"https:\/\/fundacioncajaruraldelsur.com\/pt\/wp-json\/wp\/v2\/posts"}],"about":[{"href":"https:\/\/fundacioncajaruraldelsur.com\/pt\/wp-json\/wp\/v2\/types\/post"}],"author":[{"embeddable":true,"href":"https:\/\/fundacioncajaruraldelsur.com\/pt\/wp-json\/wp\/v2\/users\/6"}],"replies":[{"embeddable":true,"href":"https:\/\/fundacioncajaruraldelsur.com\/pt\/wp-json\/wp\/v2\/comments?post=4279"}],"version-history":[{"count":1,"href":"https:\/\/fundacioncajaruraldelsur.com\/pt\/wp-json\/wp\/v2\/posts\/4279\/revisions"}],"predecessor-version":[{"id":4281,"href":"https:\/\/fundacioncajaruraldelsur.com\/pt\/wp-json\/wp\/v2\/posts\/4279\/revisions\/4281"}],"wp:featuredmedia":[{"embeddable":true,"href":"https:\/\/fundacioncajaruraldelsur.com\/pt\/wp-json\/wp\/v2\/media\/4280"}],"wp:attachment":[{"href":"https:\/\/fundacioncajaruraldelsur.com\/pt\/wp-json\/wp\/v2\/media?parent=4279"}],"wp:term":[{"taxonomy":"category","embeddable":true,"href":"https:\/\/fundacioncajaruraldelsur.com\/pt\/wp-json\/wp\/v2\/categories?post=4279"},{"taxonomy":"post_tag","embeddable":true,"href":"https:\/\/fundacioncajaruraldelsur.com\/pt\/wp-json\/wp\/v2\/tags?post=4279"}],"curies":[{"name":"wp","href":"https:\/\/api.w.org\/{rel}","templated":true}]}}