{"id":3973,"date":"2018-10-18T13:06:36","date_gmt":"2018-10-18T11:06:36","guid":{"rendered":"\/?p=3973"},"modified":"2018-10-18T13:06:36","modified_gmt":"2018-10-18T11:06:36","slug":"fundacion-caja-rural-del-sur-y-ancce-renuevan-su-colaboracion-y-presencia-como-patrocinador-del-salon-internacional-del-caballo-sicab-2018","status":"publish","type":"post","link":"https:\/\/fundacioncajaruraldelsur.com\/pt\/fundacion-caja-rural-del-sur-y-ancce-renuevan-su-colaboracion-y-presencia-como-patrocinador-del-salon-internacional-del-caballo-sicab-2018\/","title":{"rendered":"Fundaci\u00f3n Caja Rural del Sur y ANCCE renuevan su colaboraci\u00f3n y presencia como patrocinador del Sal\u00f3n Internacional del Caballo, SICAB 2018"},"content":{"rendered":"<p>Caja Rural del Sur y ANCCE continuar\u00e1n colaborando durante el pr\u00f3ximo a\u00f1o tras la renovaci\u00f3n del convenio ratificada por el presidente de la Fundaci\u00f3n de la entidad, Jos\u00e9 Luis Garc\u00eda Palacios\u00a0 y Jos\u00e9 Juan Morales, presidente de ANCCE.<\/p>\n<p>Entre las principales acciones, este convenio recoge la presencia de Fundaci\u00f3n Caja Rural del Sur como patrocinador oficial de la veintiocho edici\u00f3n del Sal\u00f3n Internacional del Caballo, SICAB 2018, que se celebrar\u00e1 del 13 al 18 de noviembre en el Palacio de Exposiciones y Congresos de Sevilla.<\/p>\n<p>De este modo, ANCCE y Fundaci\u00f3n Caja Rural del Sur continuar\u00e1n en el desarrollo de la relaci\u00f3n que une a ambas entidades, en beneficio de la acci\u00f3n de promoci\u00f3n cultural y profesional que llevan a cabo en sus respectivos \u00e1mbitos de actuaci\u00f3n.<\/p>\n<p>La renovaci\u00f3n del convenio entre ANCCE, como entidad organizadora de SICAB, y Caja Rural del Sur, ha sido suscrita en la sede principal de la entidad financiera en Sevilla, entre ambos presidentes, con la asistencia adem\u00e1s de Manuel Gonz\u00e1lez, secretario ejecutivo de ANNCE y Manuel Ruiz Rojas de la Fundaci\u00f3n Caja Rural del Sur.<\/p>\n<p>El Sal\u00f3n Internacional del Caballo (SICAB), mayor escaparate del mundo del Pura Raza Espa\u00f1ola, celebra como novedad en su veintiocho edici\u00f3n el IV Campeonato del Mundo del Caballo Espa\u00f1ol y las finales de las Copas ANCCE de Doma Cl\u00e1sica, Doma Vaquera, Alta Escuela, Salto, Enganches, entre otras disciplinas. Adem\u00e1s, ofrece cada d\u00eda un espect\u00e1culo ecuestre con actuaciones nacionales e internacionales y dispone de una amplia zona comercial y de ocio con m\u00e1s de 300 stands.<\/p>\n<p><a href=\"\/wp-content\/uploads\/2018\/10\/Foto-3-renovaci\u00f3n-convenio-CRSUR-y-ANCCE.jpg\" rel=\"lightbox-0\"><img loading=\"lazy\" decoding=\"async\" class=\"alignnone wp-image-3975 size-full\" src=\"\/wp-content\/uploads\/2018\/10\/Foto-3-renovaci\u00f3n-convenio-CRSUR-y-ANCCE.jpg\" alt=\"\" width=\"769\" height=\"577\" srcset=\"https:\/\/fundacioncajaruraldelsur.com\/wp-content\/uploads\/2018\/10\/Foto-3-renovaci\u00f3n-convenio-CRSUR-y-ANCCE.jpg 769w, https:\/\/fundacioncajaruraldelsur.com\/wp-content\/uploads\/2018\/10\/Foto-3-renovaci\u00f3n-convenio-CRSUR-y-ANCCE-300x225.jpg 300w, https:\/\/fundacioncajaruraldelsur.com\/wp-content\/uploads\/2018\/10\/Foto-3-renovaci\u00f3n-convenio-CRSUR-y-ANCCE-768x576.jpg 768w\" sizes=\"auto, (max-width: 769px) 100vw, 769px\" \/><\/a><\/p>","protected":false},"excerpt":{"rendered":"<p>Caja Rural del Sur y ANCCE continuar\u00e1n colaborando durante el pr\u00f3ximo a\u00f1o tras la renovaci\u00f3n del convenio ratificada por el presidente de la Fundaci\u00f3n de la entidad, Jos\u00e9 Luis Garc\u00eda [&hellip;]<\/p>\n","protected":false},"author":6,"featured_media":3974,"comment_status":"closed","ping_status":"closed","sticky":false,"template":"","format":"standard","meta":{"footnotes":""},"categories":[69,67],"tags":[],"class_list":["post-3973","post","type-post","status-publish","format-standard","has-post-thumbnail","hentry","category-colaboracion","category-convenios"],"yoast_head":"<!-- This site is optimized with the Yoast SEO plugin v27.3 - https:\/\/yoast.com\/product\/yoast-seo-wordpress\/ -->\n<title>Fundaci\u00f3n Caja Rural del Sur y ANCCE renuevan su colaboraci\u00f3n y presencia como patrocinador del Sal\u00f3n Internacional del Caballo, SICAB 2018 - Fundaci\u00f3n Caja Rural del Sur<\/title>\n<meta name=\"robots\" content=\"index, follow, max-snippet:-1, max-image-preview:large, max-video-preview:-1\" \/>\n<link rel=\"canonical\" href=\"https:\/\/fundacioncajaruraldelsur.com\/pt\/fundacion-caja-rural-del-sur-y-ancce-renuevan-su-colaboracion-y-presencia-como-patrocinador-del-salon-internacional-del-caballo-sicab-2018\/\" \/>\n<meta property=\"og:locale\" content=\"pt_PT\" \/>\n<meta property=\"og:type\" content=\"article\" \/>\n<meta property=\"og:title\" content=\"Fundaci\u00f3n Caja Rural del Sur y ANCCE renuevan su colaboraci\u00f3n y presencia como patrocinador del Sal\u00f3n Internacional del Caballo, SICAB 2018 - Fundaci\u00f3n Caja Rural del Sur\" \/>\n<meta property=\"og:description\" content=\"Caja Rural del Sur y ANCCE continuar\u00e1n colaborando durante el pr\u00f3ximo a\u00f1o tras la renovaci\u00f3n del convenio ratificada por el presidente de la Fundaci\u00f3n de la entidad, Jos\u00e9 Luis Garc\u00eda [&hellip;]\" \/>\n<meta property=\"og:url\" content=\"https:\/\/fundacioncajaruraldelsur.com\/pt\/fundacion-caja-rural-del-sur-y-ancce-renuevan-su-colaboracion-y-presencia-como-patrocinador-del-salon-internacional-del-caballo-sicab-2018\/\" \/>\n<meta property=\"og:site_name\" content=\"Fundaci\u00f3n Caja Rural del Sur\" \/>\n<meta property=\"article:published_time\" content=\"2018-10-18T11:06:36+00:00\" \/>\n<meta property=\"og:image\" content=\"https:\/\/fundacioncajaruraldelsur.com\/wp-content\/uploads\/2018\/10\/Foto-Pte-Fund.-CRSUR-y-Pte-ANCCE.jpg\" \/>\n\t<meta property=\"og:image:width\" content=\"769\" \/>\n\t<meta property=\"og:image:height\" content=\"577\" \/>\n\t<meta property=\"og:image:type\" content=\"image\/jpeg\" \/>\n<meta name=\"author\" content=\"Comunicaci\u00f3n\" \/>\n<meta name=\"twitter:card\" content=\"summary_large_image\" \/>\n<meta name=\"twitter:label1\" content=\"Written by\" \/>\n\t<meta name=\"twitter:data1\" content=\"Comunicaci\u00f3n\" \/>\n\t<meta name=\"twitter:label2\" content=\"Est. reading time\" \/>\n\t<meta name=\"twitter:data2\" content=\"1 minute\" \/>\n<script type=\"application\/ld+json\" class=\"yoast-schema-graph\">{\"@context\":\"https:\\\/\\\/schema.org\",\"@graph\":[{\"@type\":\"Article\",\"@id\":\"https:\\\/\\\/fundacioncajaruraldelsur.com\\\/fundacion-caja-rural-del-sur-y-ancce-renuevan-su-colaboracion-y-presencia-como-patrocinador-del-salon-internacional-del-caballo-sicab-2018\\\/#article\",\"isPartOf\":{\"@id\":\"https:\\\/\\\/fundacioncajaruraldelsur.com\\\/fundacion-caja-rural-del-sur-y-ancce-renuevan-su-colaboracion-y-presencia-como-patrocinador-del-salon-internacional-del-caballo-sicab-2018\\\/\"},\"author\":{\"name\":\"Comunicaci\u00f3n\",\"@id\":\"https:\\\/\\\/fundacioncajaruraldelsur.com\\\/#\\\/schema\\\/person\\\/f430da9fb783d505ff061ad8b3d44577\"},\"headline\":\"Fundaci\u00f3n Caja Rural del Sur y ANCCE renuevan su colaboraci\u00f3n y presencia como patrocinador del Sal\u00f3n Internacional del Caballo, SICAB 2018\",\"datePublished\":\"2018-10-18T11:06:36+00:00\",\"mainEntityOfPage\":{\"@id\":\"https:\\\/\\\/fundacioncajaruraldelsur.com\\\/fundacion-caja-rural-del-sur-y-ancce-renuevan-su-colaboracion-y-presencia-como-patrocinador-del-salon-internacional-del-caballo-sicab-2018\\\/\"},\"wordCount\":303,\"image\":{\"@id\":\"https:\\\/\\\/fundacioncajaruraldelsur.com\\\/fundacion-caja-rural-del-sur-y-ancce-renuevan-su-colaboracion-y-presencia-como-patrocinador-del-salon-internacional-del-caballo-sicab-2018\\\/#primaryimage\"},\"thumbnailUrl\":\"https:\\\/\\\/fundacioncajaruraldelsur.com\\\/wp-content\\\/uploads\\\/2018\\\/10\\\/Foto-Pte-Fund.-CRSUR-y-Pte-ANCCE.jpg\",\"articleSection\":[\"Colaboraci\u00f3n\",\"Convenios\"],\"inLanguage\":\"pt-PT\"},{\"@type\":\"WebPage\",\"@id\":\"https:\\\/\\\/fundacioncajaruraldelsur.com\\\/fundacion-caja-rural-del-sur-y-ancce-renuevan-su-colaboracion-y-presencia-como-patrocinador-del-salon-internacional-del-caballo-sicab-2018\\\/\",\"url\":\"https:\\\/\\\/fundacioncajaruraldelsur.com\\\/fundacion-caja-rural-del-sur-y-ancce-renuevan-su-colaboracion-y-presencia-como-patrocinador-del-salon-internacional-del-caballo-sicab-2018\\\/\",\"name\":\"Fundaci\u00f3n Caja Rural del Sur y ANCCE renuevan su colaboraci\u00f3n y presencia como patrocinador del Sal\u00f3n Internacional del Caballo, SICAB 2018 - Fundaci\u00f3n Caja Rural del Sur\",\"isPartOf\":{\"@id\":\"https:\\\/\\\/fundacioncajaruraldelsur.com\\\/#website\"},\"primaryImageOfPage\":{\"@id\":\"https:\\\/\\\/fundacioncajaruraldelsur.com\\\/fundacion-caja-rural-del-sur-y-ancce-renuevan-su-colaboracion-y-presencia-como-patrocinador-del-salon-internacional-del-caballo-sicab-2018\\\/#primaryimage\"},\"image\":{\"@id\":\"https:\\\/\\\/fundacioncajaruraldelsur.com\\\/fundacion-caja-rural-del-sur-y-ancce-renuevan-su-colaboracion-y-presencia-como-patrocinador-del-salon-internacional-del-caballo-sicab-2018\\\/#primaryimage\"},\"thumbnailUrl\":\"https:\\\/\\\/fundacioncajaruraldelsur.com\\\/wp-content\\\/uploads\\\/2018\\\/10\\\/Foto-Pte-Fund.-CRSUR-y-Pte-ANCCE.jpg\",\"datePublished\":\"2018-10-18T11:06:36+00:00\",\"author\":{\"@id\":\"https:\\\/\\\/fundacioncajaruraldelsur.com\\\/#\\\/schema\\\/person\\\/f430da9fb783d505ff061ad8b3d44577\"},\"breadcrumb\":{\"@id\":\"https:\\\/\\\/fundacioncajaruraldelsur.com\\\/fundacion-caja-rural-del-sur-y-ancce-renuevan-su-colaboracion-y-presencia-como-patrocinador-del-salon-internacional-del-caballo-sicab-2018\\\/#breadcrumb\"},\"inLanguage\":\"pt-PT\",\"potentialAction\":[{\"@type\":\"ReadAction\",\"target\":[\"https:\\\/\\\/fundacioncajaruraldelsur.com\\\/fundacion-caja-rural-del-sur-y-ancce-renuevan-su-colaboracion-y-presencia-como-patrocinador-del-salon-internacional-del-caballo-sicab-2018\\\/\"]}]},{\"@type\":\"ImageObject\",\"inLanguage\":\"pt-PT\",\"@id\":\"https:\\\/\\\/fundacioncajaruraldelsur.com\\\/fundacion-caja-rural-del-sur-y-ancce-renuevan-su-colaboracion-y-presencia-como-patrocinador-del-salon-internacional-del-caballo-sicab-2018\\\/#primaryimage\",\"url\":\"https:\\\/\\\/fundacioncajaruraldelsur.com\\\/wp-content\\\/uploads\\\/2018\\\/10\\\/Foto-Pte-Fund.-CRSUR-y-Pte-ANCCE.jpg\",\"contentUrl\":\"https:\\\/\\\/fundacioncajaruraldelsur.com\\\/wp-content\\\/uploads\\\/2018\\\/10\\\/Foto-Pte-Fund.-CRSUR-y-Pte-ANCCE.jpg\",\"width\":769,\"height\":577},{\"@type\":\"BreadcrumbList\",\"@id\":\"https:\\\/\\\/fundacioncajaruraldelsur.com\\\/fundacion-caja-rural-del-sur-y-ancce-renuevan-su-colaboracion-y-presencia-como-patrocinador-del-salon-internacional-del-caballo-sicab-2018\\\/#breadcrumb\",\"itemListElement\":[{\"@type\":\"ListItem\",\"position\":1,\"name\":\"Portada\",\"item\":\"https:\\\/\\\/fundacioncajaruraldelsur.com\\\/\"},{\"@type\":\"ListItem\",\"position\":2,\"name\":\"Fundaci\u00f3n Caja Rural del Sur y ANCCE renuevan su colaboraci\u00f3n y presencia como patrocinador del Sal\u00f3n Internacional del Caballo, SICAB 2018\"}]},{\"@type\":\"WebSite\",\"@id\":\"https:\\\/\\\/fundacioncajaruraldelsur.com\\\/#website\",\"url\":\"https:\\\/\\\/fundacioncajaruraldelsur.com\\\/\",\"name\":\"Fundaci\u00f3n Caja Rural del Sur\",\"description\":\"\",\"potentialAction\":[{\"@type\":\"SearchAction\",\"target\":{\"@type\":\"EntryPoint\",\"urlTemplate\":\"https:\\\/\\\/fundacioncajaruraldelsur.com\\\/?s={search_term_string}\"},\"query-input\":{\"@type\":\"PropertyValueSpecification\",\"valueRequired\":true,\"valueName\":\"search_term_string\"}}],\"inLanguage\":\"pt-PT\"},{\"@type\":\"Person\",\"@id\":\"https:\\\/\\\/fundacioncajaruraldelsur.com\\\/#\\\/schema\\\/person\\\/f430da9fb783d505ff061ad8b3d44577\",\"name\":\"Comunicaci\u00f3n\",\"image\":{\"@type\":\"ImageObject\",\"inLanguage\":\"pt-PT\",\"@id\":\"https:\\\/\\\/secure.gravatar.com\\\/avatar\\\/0dca239875993680bac4603ad2de7942da018f52cc3a244578e0b3b09314a8d8?s=96&d=blank&r=g\",\"url\":\"https:\\\/\\\/secure.gravatar.com\\\/avatar\\\/0dca239875993680bac4603ad2de7942da018f52cc3a244578e0b3b09314a8d8?s=96&d=blank&r=g\",\"contentUrl\":\"https:\\\/\\\/secure.gravatar.com\\\/avatar\\\/0dca239875993680bac4603ad2de7942da018f52cc3a244578e0b3b09314a8d8?s=96&d=blank&r=g\",\"caption\":\"Comunicaci\u00f3n\"}}]}<\/script>\n<!-- \/ Yoast SEO plugin. -->","yoast_head_json":{"title":"Fundaci\u00f3n Caja Rural del Sur y ANCCE renuevan su colaboraci\u00f3n y presencia como patrocinador del Sal\u00f3n Internacional del Caballo, SICAB 2018 - Fundaci\u00f3n Caja Rural del Sur","robots":{"index":"index","follow":"follow","max-snippet":"max-snippet:-1","max-image-preview":"max-image-preview:large","max-video-preview":"max-video-preview:-1"},"canonical":"https:\/\/fundacioncajaruraldelsur.com\/pt\/fundacion-caja-rural-del-sur-y-ancce-renuevan-su-colaboracion-y-presencia-como-patrocinador-del-salon-internacional-del-caballo-sicab-2018\/","og_locale":"pt_PT","og_type":"article","og_title":"Fundaci\u00f3n Caja Rural del Sur y ANCCE renuevan su colaboraci\u00f3n y presencia como patrocinador del Sal\u00f3n Internacional del Caballo, SICAB 2018 - Fundaci\u00f3n Caja Rural del Sur","og_description":"Caja Rural del Sur y ANCCE continuar\u00e1n colaborando durante el pr\u00f3ximo a\u00f1o tras la renovaci\u00f3n del convenio ratificada por el presidente de la Fundaci\u00f3n de la entidad, Jos\u00e9 Luis Garc\u00eda [&hellip;]","og_url":"https:\/\/fundacioncajaruraldelsur.com\/pt\/fundacion-caja-rural-del-sur-y-ancce-renuevan-su-colaboracion-y-presencia-como-patrocinador-del-salon-internacional-del-caballo-sicab-2018\/","og_site_name":"Fundaci\u00f3n Caja Rural del Sur","article_published_time":"2018-10-18T11:06:36+00:00","og_image":[{"width":769,"height":577,"url":"https:\/\/fundacioncajaruraldelsur.com\/wp-content\/uploads\/2018\/10\/Foto-Pte-Fund.-CRSUR-y-Pte-ANCCE.jpg","type":"image\/jpeg"}],"author":"Comunicaci\u00f3n","twitter_card":"summary_large_image","twitter_misc":{"Written by":"Comunicaci\u00f3n","Est. reading time":"1 minute"},"schema":{"@context":"https:\/\/schema.org","@graph":[{"@type":"Article","@id":"https:\/\/fundacioncajaruraldelsur.com\/fundacion-caja-rural-del-sur-y-ancce-renuevan-su-colaboracion-y-presencia-como-patrocinador-del-salon-internacional-del-caballo-sicab-2018\/#article","isPartOf":{"@id":"https:\/\/fundacioncajaruraldelsur.com\/fundacion-caja-rural-del-sur-y-ancce-renuevan-su-colaboracion-y-presencia-como-patrocinador-del-salon-internacional-del-caballo-sicab-2018\/"},"author":{"name":"Comunicaci\u00f3n","@id":"https:\/\/fundacioncajaruraldelsur.com\/#\/schema\/person\/f430da9fb783d505ff061ad8b3d44577"},"headline":"Fundaci\u00f3n Caja Rural del Sur y ANCCE renuevan su colaboraci\u00f3n y presencia como patrocinador del Sal\u00f3n Internacional del Caballo, SICAB 2018","datePublished":"2018-10-18T11:06:36+00:00","mainEntityOfPage":{"@id":"https:\/\/fundacioncajaruraldelsur.com\/fundacion-caja-rural-del-sur-y-ancce-renuevan-su-colaboracion-y-presencia-como-patrocinador-del-salon-internacional-del-caballo-sicab-2018\/"},"wordCount":303,"image":{"@id":"https:\/\/fundacioncajaruraldelsur.com\/fundacion-caja-rural-del-sur-y-ancce-renuevan-su-colaboracion-y-presencia-como-patrocinador-del-salon-internacional-del-caballo-sicab-2018\/#primaryimage"},"thumbnailUrl":"https:\/\/fundacioncajaruraldelsur.com\/wp-content\/uploads\/2018\/10\/Foto-Pte-Fund.-CRSUR-y-Pte-ANCCE.jpg","articleSection":["Colaboraci\u00f3n","Convenios"],"inLanguage":"pt-PT"},{"@type":"WebPage","@id":"https:\/\/fundacioncajaruraldelsur.com\/fundacion-caja-rural-del-sur-y-ancce-renuevan-su-colaboracion-y-presencia-como-patrocinador-del-salon-internacional-del-caballo-sicab-2018\/","url":"https:\/\/fundacioncajaruraldelsur.com\/fundacion-caja-rural-del-sur-y-ancce-renuevan-su-colaboracion-y-presencia-como-patrocinador-del-salon-internacional-del-caballo-sicab-2018\/","name":"Fundaci\u00f3n Caja Rural del Sur y ANCCE renuevan su colaboraci\u00f3n y presencia como patrocinador del Sal\u00f3n Internacional del Caballo, SICAB 2018 - Fundaci\u00f3n Caja Rural del Sur","isPartOf":{"@id":"https:\/\/fundacioncajaruraldelsur.com\/#website"},"primaryImageOfPage":{"@id":"https:\/\/fundacioncajaruraldelsur.com\/fundacion-caja-rural-del-sur-y-ancce-renuevan-su-colaboracion-y-presencia-como-patrocinador-del-salon-internacional-del-caballo-sicab-2018\/#primaryimage"},"image":{"@id":"https:\/\/fundacioncajaruraldelsur.com\/fundacion-caja-rural-del-sur-y-ancce-renuevan-su-colaboracion-y-presencia-como-patrocinador-del-salon-internacional-del-caballo-sicab-2018\/#primaryimage"},"thumbnailUrl":"https:\/\/fundacioncajaruraldelsur.com\/wp-content\/uploads\/2018\/10\/Foto-Pte-Fund.-CRSUR-y-Pte-ANCCE.jpg","datePublished":"2018-10-18T11:06:36+00:00","author":{"@id":"https:\/\/fundacioncajaruraldelsur.com\/#\/schema\/person\/f430da9fb783d505ff061ad8b3d44577"},"breadcrumb":{"@id":"https:\/\/fundacioncajaruraldelsur.com\/fundacion-caja-rural-del-sur-y-ancce-renuevan-su-colaboracion-y-presencia-como-patrocinador-del-salon-internacional-del-caballo-sicab-2018\/#breadcrumb"},"inLanguage":"pt-PT","potentialAction":[{"@type":"ReadAction","target":["https:\/\/fundacioncajaruraldelsur.com\/fundacion-caja-rural-del-sur-y-ancce-renuevan-su-colaboracion-y-presencia-como-patrocinador-del-salon-internacional-del-caballo-sicab-2018\/"]}]},{"@type":"ImageObject","inLanguage":"pt-PT","@id":"https:\/\/fundacioncajaruraldelsur.com\/fundacion-caja-rural-del-sur-y-ancce-renuevan-su-colaboracion-y-presencia-como-patrocinador-del-salon-internacional-del-caballo-sicab-2018\/#primaryimage","url":"https:\/\/fundacioncajaruraldelsur.com\/wp-content\/uploads\/2018\/10\/Foto-Pte-Fund.-CRSUR-y-Pte-ANCCE.jpg","contentUrl":"https:\/\/fundacioncajaruraldelsur.com\/wp-content\/uploads\/2018\/10\/Foto-Pte-Fund.-CRSUR-y-Pte-ANCCE.jpg","width":769,"height":577},{"@type":"BreadcrumbList","@id":"https:\/\/fundacioncajaruraldelsur.com\/fundacion-caja-rural-del-sur-y-ancce-renuevan-su-colaboracion-y-presencia-como-patrocinador-del-salon-internacional-del-caballo-sicab-2018\/#breadcrumb","itemListElement":[{"@type":"ListItem","position":1,"name":"Portada","item":"https:\/\/fundacioncajaruraldelsur.com\/"},{"@type":"ListItem","position":2,"name":"Fundaci\u00f3n Caja Rural del Sur y ANCCE renuevan su colaboraci\u00f3n y presencia como patrocinador del Sal\u00f3n Internacional del Caballo, SICAB 2018"}]},{"@type":"WebSite","@id":"https:\/\/fundacioncajaruraldelsur.com\/#website","url":"https:\/\/fundacioncajaruraldelsur.com\/","name":"Funda\u00e7\u00e3o Caja Rural del Sur","description":"","potentialAction":[{"@type":"SearchAction","target":{"@type":"EntryPoint","urlTemplate":"https:\/\/fundacioncajaruraldelsur.com\/?s={search_term_string}"},"query-input":{"@type":"PropertyValueSpecification","valueRequired":true,"valueName":"search_term_string"}}],"inLanguage":"pt-PT"},{"@type":"Person","@id":"https:\/\/fundacioncajaruraldelsur.com\/#\/schema\/person\/f430da9fb783d505ff061ad8b3d44577","name":"Comunicaci\u00f3n","image":{"@type":"ImageObject","inLanguage":"pt-PT","@id":"https:\/\/secure.gravatar.com\/avatar\/0dca239875993680bac4603ad2de7942da018f52cc3a244578e0b3b09314a8d8?s=96&d=blank&r=g","url":"https:\/\/secure.gravatar.com\/avatar\/0dca239875993680bac4603ad2de7942da018f52cc3a244578e0b3b09314a8d8?s=96&d=blank&r=g","contentUrl":"https:\/\/secure.gravatar.com\/avatar\/0dca239875993680bac4603ad2de7942da018f52cc3a244578e0b3b09314a8d8?s=96&d=blank&r=g","caption":"Comunicaci\u00f3n"}}]}},"rttpg_featured_image_url":{"full":["https:\/\/fundacioncajaruraldelsur.com\/wp-content\/uploads\/2018\/10\/Foto-Pte-Fund.-CRSUR-y-Pte-ANCCE.jpg",769,577,false],"landscape":["https:\/\/fundacioncajaruraldelsur.com\/wp-content\/uploads\/2018\/10\/Foto-Pte-Fund.-CRSUR-y-Pte-ANCCE.jpg",769,577,false],"portraits":["https:\/\/fundacioncajaruraldelsur.com\/wp-content\/uploads\/2018\/10\/Foto-Pte-Fund.-CRSUR-y-Pte-ANCCE.jpg",769,577,false],"thumbnail":["https:\/\/fundacioncajaruraldelsur.com\/wp-content\/uploads\/2018\/10\/Foto-Pte-Fund.-CRSUR-y-Pte-ANCCE-150x150.jpg",150,150,true],"medium":["https:\/\/fundacioncajaruraldelsur.com\/wp-content\/uploads\/2018\/10\/Foto-Pte-Fund.-CRSUR-y-Pte-ANCCE-300x225.jpg",300,225,true],"large":["https:\/\/fundacioncajaruraldelsur.com\/wp-content\/uploads\/2018\/10\/Foto-Pte-Fund.-CRSUR-y-Pte-ANCCE.jpg",769,577,false],"1536x1536":["https:\/\/fundacioncajaruraldelsur.com\/wp-content\/uploads\/2018\/10\/Foto-Pte-Fund.-CRSUR-y-Pte-ANCCE.jpg",769,577,false],"2048x2048":["https:\/\/fundacioncajaruraldelsur.com\/wp-content\/uploads\/2018\/10\/Foto-Pte-Fund.-CRSUR-y-Pte-ANCCE.jpg",769,577,false],"trp-custom-language-flag":["https:\/\/fundacioncajaruraldelsur.com\/wp-content\/uploads\/2018\/10\/Foto-Pte-Fund.-CRSUR-y-Pte-ANCCE.jpg",16,12,false],"blog-thumbnail":["https:\/\/fundacioncajaruraldelsur.com\/wp-content\/uploads\/2018\/10\/Foto-Pte-Fund.-CRSUR-y-Pte-ANCCE-400x200.jpg",400,200,true]},"rttpg_author":{"display_name":"Comunicaci\u00f3n","author_link":"https:\/\/fundacioncajaruraldelsur.com\/pt\/author\/sevillaadmin\/"},"rttpg_comment":0,"rttpg_category":"<a href=\"https:\/\/fundacioncajaruraldelsur.com\/pt\/category\/colaboracion\/\" rel=\"category tag\">Colaboraci\u00f3n<\/a> <a href=\"https:\/\/fundacioncajaruraldelsur.com\/pt\/category\/convenios\/\" rel=\"category tag\">Convenios<\/a>","rttpg_excerpt":"Caja Rural del Sur y ANCCE continuar\u00e1n colaborando durante el pr\u00f3ximo a\u00f1o tras la renovaci\u00f3n del convenio ratificada por el presidente de la Fundaci\u00f3n de la entidad, Jos\u00e9 Luis Garc\u00eda [&hellip;]","_links":{"self":[{"href":"https:\/\/fundacioncajaruraldelsur.com\/pt\/wp-json\/wp\/v2\/posts\/3973","targetHints":{"allow":["GET"]}}],"collection":[{"href":"https:\/\/fundacioncajaruraldelsur.com\/pt\/wp-json\/wp\/v2\/posts"}],"about":[{"href":"https:\/\/fundacioncajaruraldelsur.com\/pt\/wp-json\/wp\/v2\/types\/post"}],"author":[{"embeddable":true,"href":"https:\/\/fundacioncajaruraldelsur.com\/pt\/wp-json\/wp\/v2\/users\/6"}],"replies":[{"embeddable":true,"href":"https:\/\/fundacioncajaruraldelsur.com\/pt\/wp-json\/wp\/v2\/comments?post=3973"}],"version-history":[{"count":1,"href":"https:\/\/fundacioncajaruraldelsur.com\/pt\/wp-json\/wp\/v2\/posts\/3973\/revisions"}],"predecessor-version":[{"id":3976,"href":"https:\/\/fundacioncajaruraldelsur.com\/pt\/wp-json\/wp\/v2\/posts\/3973\/revisions\/3976"}],"wp:featuredmedia":[{"embeddable":true,"href":"https:\/\/fundacioncajaruraldelsur.com\/pt\/wp-json\/wp\/v2\/media\/3974"}],"wp:attachment":[{"href":"https:\/\/fundacioncajaruraldelsur.com\/pt\/wp-json\/wp\/v2\/media?parent=3973"}],"wp:term":[{"taxonomy":"category","embeddable":true,"href":"https:\/\/fundacioncajaruraldelsur.com\/pt\/wp-json\/wp\/v2\/categories?post=3973"},{"taxonomy":"post_tag","embeddable":true,"href":"https:\/\/fundacioncajaruraldelsur.com\/pt\/wp-json\/wp\/v2\/tags?post=3973"}],"curies":[{"name":"wp","href":"https:\/\/api.w.org\/{rel}","templated":true}]}}