{"id":3940,"date":"2018-10-10T13:02:49","date_gmt":"2018-10-10T11:02:49","guid":{"rendered":"\/?p=3940"},"modified":"2018-10-10T13:18:26","modified_gmt":"2018-10-10T11:18:26","slug":"asaja-cordoba-y-fundacion-caja-rural-del-sur-analizan-el-sector-cinegetico","status":"publish","type":"post","link":"https:\/\/fundacioncajaruraldelsur.com\/pt\/asaja-cordoba-y-fundacion-caja-rural-del-sur-analizan-el-sector-cinegetico\/","title":{"rendered":"Asaja C\u00f3rdoba y Fundaci\u00f3n Caja Rural del Sur analizan el sector cineg\u00e9tico"},"content":{"rendered":"<p>Asaja C\u00f3rdoba, junto con la Fundaci\u00f3n Caja Rural del Sur, han organizado la XI Jornada Cineg\u00e9tico Forestal donde expertos del sector cineg\u00e9tico han abordado, entre otras cuestiones, medidas para actuar contra\u00a0\u00a0enfermedades, el futuro del mercado de la carne y la actualidad de la normativa medioambiental.<\/p>\n<p>La jornada, que fue inaugurada por el presidente de Asaja C\u00f3rdoba, Ignacio Fern\u00e1ndez de Mesa; y Jos\u00e9 Luis Vega-Leal, de la Fundaci\u00f3n Caja Rural del Sur, cont\u00f3 con una primera ponencia del jefe del Grupo SaBio del Instituto de Recursos Cineg\u00e9ticos (IREC), Christian Gort\u00e1zar, en la que se dieron a conocer las principales novedades que recoge el borrador del real decreto por el que se regulan las actuaciones sanitarias sobre la fauna cineg\u00e9tica para luchar contra la tuberculosis.<\/p>\n<p>En la jornada se abord\u00f3 el plan \u2018Patubes\u2019 seg\u00fan el cual al cual, las explotaciones cineg\u00e9ticas deber\u00e1n llevar a cabo actuaciones de chequeo y seguimiento sanitario de sus reses. Al mismo tiempo, en aquellas explotaciones en las que coexistan reses de caza mayor y fauna cineg\u00e9tica de caza mayor, deber\u00e1n llevar a cabo importantes medidas.<\/p>\n<p>Adem\u00e1s, el gerente de la Interprofesional de la Carne de Caza, (ASICCAZA), Jaime Hurtado, imparti\u00f3 una ponencia en la que detall\u00f3 todas las actuaciones que desde la interprofesional se est\u00e1n llevando a cabo en beneficio de una buena comercializaci\u00f3n de la carne silvestre y de cara a poner en valor las bondades de este producto \u00fanico. La Asociaci\u00f3n<\/p>\n<p>Por su parte, Rafael Villafuerte, investigador cient\u00edfico del Instituto de Estudios Sociales Avanzados (IESA-CSIC), bas\u00f3 su ponencia en las problem\u00e1ticas que presentan en la actualidad las poblaciones de conejo en la campi\u00f1a cordobesa, las singularidades de esta especie, que pasa de ser plaga a desaparecer por completo en zonas concretas, as\u00ed como las tendencias m\u00e1s previsibles para la especie.<\/p>\n<p>Finalmente, se celebr\u00f3 una mesa redonda en la que participaron el presidente de Asaja \u00c1vila, Joaquin Antonio Pino; el delegado provincial de la Federaci\u00f3n de Caza, Francisco Javier Cano; el teniente jefe de la Secci\u00f3n del Seprona de C\u00f3rdoba, Buenaventura Aguilar Escobar, y los t\u00e9cnicos del Departamento Cineg\u00e9tico-Forestal de Asaja C\u00f3rdoba Jos\u00e9 Antonio Perez y Tom\u00e1s Jurado.<\/p>","protected":false},"excerpt":{"rendered":"<p>Asaja C\u00f3rdoba, junto con la Fundaci\u00f3n Caja Rural del Sur, han organizado la XI Jornada Cineg\u00e9tico Forestal donde expertos del sector cineg\u00e9tico han abordado, entre otras cuestiones, medidas para actuar [&hellip;]<\/p>\n","protected":false},"author":6,"featured_media":3941,"comment_status":"closed","ping_status":"closed","sticky":false,"template":"","format":"standard","meta":{"footnotes":""},"categories":[81],"tags":[],"class_list":["post-3940","post","type-post","status-publish","format-standard","has-post-thumbnail","hentry","category-cursos"],"yoast_head":"<!-- This site is optimized with the Yoast SEO plugin v27.3 - https:\/\/yoast.com\/product\/yoast-seo-wordpress\/ -->\n<title>Asaja C\u00f3rdoba y Fundaci\u00f3n Caja Rural del Sur analizan el sector cineg\u00e9tico - Fundaci\u00f3n Caja Rural del Sur<\/title>\n<meta name=\"robots\" content=\"index, follow, max-snippet:-1, max-image-preview:large, max-video-preview:-1\" \/>\n<link rel=\"canonical\" href=\"https:\/\/fundacioncajaruraldelsur.com\/pt\/asaja-cordoba-y-fundacion-caja-rural-del-sur-analizan-el-sector-cinegetico\/\" \/>\n<meta property=\"og:locale\" content=\"pt_PT\" \/>\n<meta property=\"og:type\" content=\"article\" \/>\n<meta property=\"og:title\" content=\"Asaja C\u00f3rdoba y Fundaci\u00f3n Caja Rural del Sur analizan el sector cineg\u00e9tico - Fundaci\u00f3n Caja Rural del Sur\" \/>\n<meta property=\"og:description\" content=\"Asaja C\u00f3rdoba, junto con la Fundaci\u00f3n Caja Rural del Sur, han organizado la XI Jornada Cineg\u00e9tico Forestal donde expertos del sector cineg\u00e9tico han abordado, entre otras cuestiones, medidas para actuar [&hellip;]\" \/>\n<meta property=\"og:url\" content=\"https:\/\/fundacioncajaruraldelsur.com\/pt\/asaja-cordoba-y-fundacion-caja-rural-del-sur-analizan-el-sector-cinegetico\/\" \/>\n<meta property=\"og:site_name\" content=\"Fundaci\u00f3n Caja Rural del Sur\" \/>\n<meta property=\"article:published_time\" content=\"2018-10-10T11:02:49+00:00\" \/>\n<meta property=\"article:modified_time\" content=\"2018-10-10T11:18:26+00:00\" \/>\n<meta property=\"og:image\" content=\"https:\/\/fundacioncajaruraldelsur.com\/wp-content\/uploads\/2018\/10\/asaja-cordoba-1024x650.jpg\" \/>\n\t<meta property=\"og:image:width\" content=\"1024\" \/>\n\t<meta property=\"og:image:height\" content=\"650\" \/>\n\t<meta property=\"og:image:type\" content=\"image\/jpeg\" \/>\n<meta name=\"author\" content=\"Comunicaci\u00f3n\" \/>\n<meta name=\"twitter:card\" content=\"summary_large_image\" \/>\n<meta name=\"twitter:label1\" content=\"Written by\" \/>\n\t<meta name=\"twitter:data1\" content=\"Comunicaci\u00f3n\" \/>\n\t<meta name=\"twitter:label2\" content=\"Est. reading time\" \/>\n\t<meta name=\"twitter:data2\" content=\"2 minutes\" \/>\n<script type=\"application\/ld+json\" class=\"yoast-schema-graph\">{\"@context\":\"https:\\\/\\\/schema.org\",\"@graph\":[{\"@type\":\"Article\",\"@id\":\"https:\\\/\\\/fundacioncajaruraldelsur.com\\\/asaja-cordoba-y-fundacion-caja-rural-del-sur-analizan-el-sector-cinegetico\\\/#article\",\"isPartOf\":{\"@id\":\"https:\\\/\\\/fundacioncajaruraldelsur.com\\\/asaja-cordoba-y-fundacion-caja-rural-del-sur-analizan-el-sector-cinegetico\\\/\"},\"author\":{\"name\":\"Comunicaci\u00f3n\",\"@id\":\"https:\\\/\\\/fundacioncajaruraldelsur.com\\\/#\\\/schema\\\/person\\\/f430da9fb783d505ff061ad8b3d44577\"},\"headline\":\"Asaja C\u00f3rdoba y Fundaci\u00f3n Caja Rural del Sur analizan el sector cineg\u00e9tico\",\"datePublished\":\"2018-10-10T11:02:49+00:00\",\"dateModified\":\"2018-10-10T11:18:26+00:00\",\"mainEntityOfPage\":{\"@id\":\"https:\\\/\\\/fundacioncajaruraldelsur.com\\\/asaja-cordoba-y-fundacion-caja-rural-del-sur-analizan-el-sector-cinegetico\\\/\"},\"wordCount\":398,\"image\":{\"@id\":\"https:\\\/\\\/fundacioncajaruraldelsur.com\\\/asaja-cordoba-y-fundacion-caja-rural-del-sur-analizan-el-sector-cinegetico\\\/#primaryimage\"},\"thumbnailUrl\":\"https:\\\/\\\/fundacioncajaruraldelsur.com\\\/wp-content\\\/uploads\\\/2018\\\/10\\\/asaja-cordoba.jpg\",\"articleSection\":[\"Cursos\"],\"inLanguage\":\"pt-PT\"},{\"@type\":\"WebPage\",\"@id\":\"https:\\\/\\\/fundacioncajaruraldelsur.com\\\/asaja-cordoba-y-fundacion-caja-rural-del-sur-analizan-el-sector-cinegetico\\\/\",\"url\":\"https:\\\/\\\/fundacioncajaruraldelsur.com\\\/asaja-cordoba-y-fundacion-caja-rural-del-sur-analizan-el-sector-cinegetico\\\/\",\"name\":\"Asaja C\u00f3rdoba y Fundaci\u00f3n Caja Rural del Sur analizan el sector cineg\u00e9tico - Fundaci\u00f3n Caja Rural del Sur\",\"isPartOf\":{\"@id\":\"https:\\\/\\\/fundacioncajaruraldelsur.com\\\/#website\"},\"primaryImageOfPage\":{\"@id\":\"https:\\\/\\\/fundacioncajaruraldelsur.com\\\/asaja-cordoba-y-fundacion-caja-rural-del-sur-analizan-el-sector-cinegetico\\\/#primaryimage\"},\"image\":{\"@id\":\"https:\\\/\\\/fundacioncajaruraldelsur.com\\\/asaja-cordoba-y-fundacion-caja-rural-del-sur-analizan-el-sector-cinegetico\\\/#primaryimage\"},\"thumbnailUrl\":\"https:\\\/\\\/fundacioncajaruraldelsur.com\\\/wp-content\\\/uploads\\\/2018\\\/10\\\/asaja-cordoba.jpg\",\"datePublished\":\"2018-10-10T11:02:49+00:00\",\"dateModified\":\"2018-10-10T11:18:26+00:00\",\"author\":{\"@id\":\"https:\\\/\\\/fundacioncajaruraldelsur.com\\\/#\\\/schema\\\/person\\\/f430da9fb783d505ff061ad8b3d44577\"},\"breadcrumb\":{\"@id\":\"https:\\\/\\\/fundacioncajaruraldelsur.com\\\/asaja-cordoba-y-fundacion-caja-rural-del-sur-analizan-el-sector-cinegetico\\\/#breadcrumb\"},\"inLanguage\":\"pt-PT\",\"potentialAction\":[{\"@type\":\"ReadAction\",\"target\":[\"https:\\\/\\\/fundacioncajaruraldelsur.com\\\/asaja-cordoba-y-fundacion-caja-rural-del-sur-analizan-el-sector-cinegetico\\\/\"]}]},{\"@type\":\"ImageObject\",\"inLanguage\":\"pt-PT\",\"@id\":\"https:\\\/\\\/fundacioncajaruraldelsur.com\\\/asaja-cordoba-y-fundacion-caja-rural-del-sur-analizan-el-sector-cinegetico\\\/#primaryimage\",\"url\":\"https:\\\/\\\/fundacioncajaruraldelsur.com\\\/wp-content\\\/uploads\\\/2018\\\/10\\\/asaja-cordoba.jpg\",\"contentUrl\":\"https:\\\/\\\/fundacioncajaruraldelsur.com\\\/wp-content\\\/uploads\\\/2018\\\/10\\\/asaja-cordoba.jpg\",\"width\":3879,\"height\":2461},{\"@type\":\"BreadcrumbList\",\"@id\":\"https:\\\/\\\/fundacioncajaruraldelsur.com\\\/asaja-cordoba-y-fundacion-caja-rural-del-sur-analizan-el-sector-cinegetico\\\/#breadcrumb\",\"itemListElement\":[{\"@type\":\"ListItem\",\"position\":1,\"name\":\"Portada\",\"item\":\"https:\\\/\\\/fundacioncajaruraldelsur.com\\\/\"},{\"@type\":\"ListItem\",\"position\":2,\"name\":\"Asaja C\u00f3rdoba y Fundaci\u00f3n Caja Rural del Sur analizan el sector cineg\u00e9tico\"}]},{\"@type\":\"WebSite\",\"@id\":\"https:\\\/\\\/fundacioncajaruraldelsur.com\\\/#website\",\"url\":\"https:\\\/\\\/fundacioncajaruraldelsur.com\\\/\",\"name\":\"Fundaci\u00f3n Caja Rural del Sur\",\"description\":\"\",\"potentialAction\":[{\"@type\":\"SearchAction\",\"target\":{\"@type\":\"EntryPoint\",\"urlTemplate\":\"https:\\\/\\\/fundacioncajaruraldelsur.com\\\/?s={search_term_string}\"},\"query-input\":{\"@type\":\"PropertyValueSpecification\",\"valueRequired\":true,\"valueName\":\"search_term_string\"}}],\"inLanguage\":\"pt-PT\"},{\"@type\":\"Person\",\"@id\":\"https:\\\/\\\/fundacioncajaruraldelsur.com\\\/#\\\/schema\\\/person\\\/f430da9fb783d505ff061ad8b3d44577\",\"name\":\"Comunicaci\u00f3n\",\"image\":{\"@type\":\"ImageObject\",\"inLanguage\":\"pt-PT\",\"@id\":\"https:\\\/\\\/secure.gravatar.com\\\/avatar\\\/0dca239875993680bac4603ad2de7942da018f52cc3a244578e0b3b09314a8d8?s=96&d=blank&r=g\",\"url\":\"https:\\\/\\\/secure.gravatar.com\\\/avatar\\\/0dca239875993680bac4603ad2de7942da018f52cc3a244578e0b3b09314a8d8?s=96&d=blank&r=g\",\"contentUrl\":\"https:\\\/\\\/secure.gravatar.com\\\/avatar\\\/0dca239875993680bac4603ad2de7942da018f52cc3a244578e0b3b09314a8d8?s=96&d=blank&r=g\",\"caption\":\"Comunicaci\u00f3n\"}}]}<\/script>\n<!-- \/ Yoast SEO plugin. -->","yoast_head_json":{"title":"Asaja C\u00f3rdoba y Fundaci\u00f3n Caja Rural del Sur analizan el sector cineg\u00e9tico - Fundaci\u00f3n Caja Rural del Sur","robots":{"index":"index","follow":"follow","max-snippet":"max-snippet:-1","max-image-preview":"max-image-preview:large","max-video-preview":"max-video-preview:-1"},"canonical":"https:\/\/fundacioncajaruraldelsur.com\/pt\/asaja-cordoba-y-fundacion-caja-rural-del-sur-analizan-el-sector-cinegetico\/","og_locale":"pt_PT","og_type":"article","og_title":"Asaja C\u00f3rdoba y Fundaci\u00f3n Caja Rural del Sur analizan el sector cineg\u00e9tico - Fundaci\u00f3n Caja Rural del Sur","og_description":"Asaja C\u00f3rdoba, junto con la Fundaci\u00f3n Caja Rural del Sur, han organizado la XI Jornada Cineg\u00e9tico Forestal donde expertos del sector cineg\u00e9tico han abordado, entre otras cuestiones, medidas para actuar [&hellip;]","og_url":"https:\/\/fundacioncajaruraldelsur.com\/pt\/asaja-cordoba-y-fundacion-caja-rural-del-sur-analizan-el-sector-cinegetico\/","og_site_name":"Fundaci\u00f3n Caja Rural del Sur","article_published_time":"2018-10-10T11:02:49+00:00","article_modified_time":"2018-10-10T11:18:26+00:00","og_image":[{"width":1024,"height":650,"url":"https:\/\/fundacioncajaruraldelsur.com\/wp-content\/uploads\/2018\/10\/asaja-cordoba-1024x650.jpg","type":"image\/jpeg"}],"author":"Comunicaci\u00f3n","twitter_card":"summary_large_image","twitter_misc":{"Written by":"Comunicaci\u00f3n","Est. reading time":"2 minutes"},"schema":{"@context":"https:\/\/schema.org","@graph":[{"@type":"Article","@id":"https:\/\/fundacioncajaruraldelsur.com\/asaja-cordoba-y-fundacion-caja-rural-del-sur-analizan-el-sector-cinegetico\/#article","isPartOf":{"@id":"https:\/\/fundacioncajaruraldelsur.com\/asaja-cordoba-y-fundacion-caja-rural-del-sur-analizan-el-sector-cinegetico\/"},"author":{"name":"Comunicaci\u00f3n","@id":"https:\/\/fundacioncajaruraldelsur.com\/#\/schema\/person\/f430da9fb783d505ff061ad8b3d44577"},"headline":"Asaja C\u00f3rdoba y Fundaci\u00f3n Caja Rural del Sur analizan el sector cineg\u00e9tico","datePublished":"2018-10-10T11:02:49+00:00","dateModified":"2018-10-10T11:18:26+00:00","mainEntityOfPage":{"@id":"https:\/\/fundacioncajaruraldelsur.com\/asaja-cordoba-y-fundacion-caja-rural-del-sur-analizan-el-sector-cinegetico\/"},"wordCount":398,"image":{"@id":"https:\/\/fundacioncajaruraldelsur.com\/asaja-cordoba-y-fundacion-caja-rural-del-sur-analizan-el-sector-cinegetico\/#primaryimage"},"thumbnailUrl":"https:\/\/fundacioncajaruraldelsur.com\/wp-content\/uploads\/2018\/10\/asaja-cordoba.jpg","articleSection":["Cursos"],"inLanguage":"pt-PT"},{"@type":"WebPage","@id":"https:\/\/fundacioncajaruraldelsur.com\/asaja-cordoba-y-fundacion-caja-rural-del-sur-analizan-el-sector-cinegetico\/","url":"https:\/\/fundacioncajaruraldelsur.com\/asaja-cordoba-y-fundacion-caja-rural-del-sur-analizan-el-sector-cinegetico\/","name":"Asaja C\u00f3rdoba y Fundaci\u00f3n Caja Rural del Sur analizan el sector cineg\u00e9tico - Fundaci\u00f3n Caja Rural del Sur","isPartOf":{"@id":"https:\/\/fundacioncajaruraldelsur.com\/#website"},"primaryImageOfPage":{"@id":"https:\/\/fundacioncajaruraldelsur.com\/asaja-cordoba-y-fundacion-caja-rural-del-sur-analizan-el-sector-cinegetico\/#primaryimage"},"image":{"@id":"https:\/\/fundacioncajaruraldelsur.com\/asaja-cordoba-y-fundacion-caja-rural-del-sur-analizan-el-sector-cinegetico\/#primaryimage"},"thumbnailUrl":"https:\/\/fundacioncajaruraldelsur.com\/wp-content\/uploads\/2018\/10\/asaja-cordoba.jpg","datePublished":"2018-10-10T11:02:49+00:00","dateModified":"2018-10-10T11:18:26+00:00","author":{"@id":"https:\/\/fundacioncajaruraldelsur.com\/#\/schema\/person\/f430da9fb783d505ff061ad8b3d44577"},"breadcrumb":{"@id":"https:\/\/fundacioncajaruraldelsur.com\/asaja-cordoba-y-fundacion-caja-rural-del-sur-analizan-el-sector-cinegetico\/#breadcrumb"},"inLanguage":"pt-PT","potentialAction":[{"@type":"ReadAction","target":["https:\/\/fundacioncajaruraldelsur.com\/asaja-cordoba-y-fundacion-caja-rural-del-sur-analizan-el-sector-cinegetico\/"]}]},{"@type":"ImageObject","inLanguage":"pt-PT","@id":"https:\/\/fundacioncajaruraldelsur.com\/asaja-cordoba-y-fundacion-caja-rural-del-sur-analizan-el-sector-cinegetico\/#primaryimage","url":"https:\/\/fundacioncajaruraldelsur.com\/wp-content\/uploads\/2018\/10\/asaja-cordoba.jpg","contentUrl":"https:\/\/fundacioncajaruraldelsur.com\/wp-content\/uploads\/2018\/10\/asaja-cordoba.jpg","width":3879,"height":2461},{"@type":"BreadcrumbList","@id":"https:\/\/fundacioncajaruraldelsur.com\/asaja-cordoba-y-fundacion-caja-rural-del-sur-analizan-el-sector-cinegetico\/#breadcrumb","itemListElement":[{"@type":"ListItem","position":1,"name":"Portada","item":"https:\/\/fundacioncajaruraldelsur.com\/"},{"@type":"ListItem","position":2,"name":"Asaja C\u00f3rdoba y Fundaci\u00f3n Caja Rural del Sur analizan el sector cineg\u00e9tico"}]},{"@type":"WebSite","@id":"https:\/\/fundacioncajaruraldelsur.com\/#website","url":"https:\/\/fundacioncajaruraldelsur.com\/","name":"Funda\u00e7\u00e3o Caja Rural del Sur","description":"","potentialAction":[{"@type":"SearchAction","target":{"@type":"EntryPoint","urlTemplate":"https:\/\/fundacioncajaruraldelsur.com\/?s={search_term_string}"},"query-input":{"@type":"PropertyValueSpecification","valueRequired":true,"valueName":"search_term_string"}}],"inLanguage":"pt-PT"},{"@type":"Person","@id":"https:\/\/fundacioncajaruraldelsur.com\/#\/schema\/person\/f430da9fb783d505ff061ad8b3d44577","name":"Comunicaci\u00f3n","image":{"@type":"ImageObject","inLanguage":"pt-PT","@id":"https:\/\/secure.gravatar.com\/avatar\/0dca239875993680bac4603ad2de7942da018f52cc3a244578e0b3b09314a8d8?s=96&d=blank&r=g","url":"https:\/\/secure.gravatar.com\/avatar\/0dca239875993680bac4603ad2de7942da018f52cc3a244578e0b3b09314a8d8?s=96&d=blank&r=g","contentUrl":"https:\/\/secure.gravatar.com\/avatar\/0dca239875993680bac4603ad2de7942da018f52cc3a244578e0b3b09314a8d8?s=96&d=blank&r=g","caption":"Comunicaci\u00f3n"}}]}},"rttpg_featured_image_url":{"full":["https:\/\/fundacioncajaruraldelsur.com\/wp-content\/uploads\/2018\/10\/asaja-cordoba.jpg",3879,2461,false],"landscape":["https:\/\/fundacioncajaruraldelsur.com\/wp-content\/uploads\/2018\/10\/asaja-cordoba.jpg",3879,2461,false],"portraits":["https:\/\/fundacioncajaruraldelsur.com\/wp-content\/uploads\/2018\/10\/asaja-cordoba.jpg",3879,2461,false],"thumbnail":["https:\/\/fundacioncajaruraldelsur.com\/wp-content\/uploads\/2018\/10\/asaja-cordoba-150x150.jpg",150,150,true],"medium":["https:\/\/fundacioncajaruraldelsur.com\/wp-content\/uploads\/2018\/10\/asaja-cordoba-300x190.jpg",300,190,true],"large":["https:\/\/fundacioncajaruraldelsur.com\/wp-content\/uploads\/2018\/10\/asaja-cordoba-1024x650.jpg",960,609,true],"1536x1536":["https:\/\/fundacioncajaruraldelsur.com\/wp-content\/uploads\/2018\/10\/asaja-cordoba.jpg",1536,975,false],"2048x2048":["https:\/\/fundacioncajaruraldelsur.com\/wp-content\/uploads\/2018\/10\/asaja-cordoba.jpg",2048,1299,false],"trp-custom-language-flag":["https:\/\/fundacioncajaruraldelsur.com\/wp-content\/uploads\/2018\/10\/asaja-cordoba.jpg",18,12,false],"blog-thumbnail":["https:\/\/fundacioncajaruraldelsur.com\/wp-content\/uploads\/2018\/10\/asaja-cordoba-400x200.jpg",400,200,true]},"rttpg_author":{"display_name":"Comunicaci\u00f3n","author_link":"https:\/\/fundacioncajaruraldelsur.com\/pt\/author\/sevillaadmin\/"},"rttpg_comment":0,"rttpg_category":"<a href=\"https:\/\/fundacioncajaruraldelsur.com\/pt\/category\/cursos\/\" rel=\"category tag\">Cursos<\/a>","rttpg_excerpt":"Asaja C\u00f3rdoba, junto con la Fundaci\u00f3n Caja Rural del Sur, han organizado la XI Jornada Cineg\u00e9tico Forestal donde expertos del sector cineg\u00e9tico han abordado, entre otras cuestiones, medidas para actuar [&hellip;]","_links":{"self":[{"href":"https:\/\/fundacioncajaruraldelsur.com\/pt\/wp-json\/wp\/v2\/posts\/3940","targetHints":{"allow":["GET"]}}],"collection":[{"href":"https:\/\/fundacioncajaruraldelsur.com\/pt\/wp-json\/wp\/v2\/posts"}],"about":[{"href":"https:\/\/fundacioncajaruraldelsur.com\/pt\/wp-json\/wp\/v2\/types\/post"}],"author":[{"embeddable":true,"href":"https:\/\/fundacioncajaruraldelsur.com\/pt\/wp-json\/wp\/v2\/users\/6"}],"replies":[{"embeddable":true,"href":"https:\/\/fundacioncajaruraldelsur.com\/pt\/wp-json\/wp\/v2\/comments?post=3940"}],"version-history":[{"count":3,"href":"https:\/\/fundacioncajaruraldelsur.com\/pt\/wp-json\/wp\/v2\/posts\/3940\/revisions"}],"predecessor-version":[{"id":3944,"href":"https:\/\/fundacioncajaruraldelsur.com\/pt\/wp-json\/wp\/v2\/posts\/3940\/revisions\/3944"}],"wp:featuredmedia":[{"embeddable":true,"href":"https:\/\/fundacioncajaruraldelsur.com\/pt\/wp-json\/wp\/v2\/media\/3941"}],"wp:attachment":[{"href":"https:\/\/fundacioncajaruraldelsur.com\/pt\/wp-json\/wp\/v2\/media?parent=3940"}],"wp:term":[{"taxonomy":"category","embeddable":true,"href":"https:\/\/fundacioncajaruraldelsur.com\/pt\/wp-json\/wp\/v2\/categories?post=3940"},{"taxonomy":"post_tag","embeddable":true,"href":"https:\/\/fundacioncajaruraldelsur.com\/pt\/wp-json\/wp\/v2\/tags?post=3940"}],"curies":[{"name":"wp","href":"https:\/\/api.w.org\/{rel}","templated":true}]}}