{"id":3824,"date":"2018-09-21T16:58:40","date_gmt":"2018-09-21T14:58:40","guid":{"rendered":"\/?p=3824"},"modified":"2018-09-21T16:58:40","modified_gmt":"2018-09-21T14:58:40","slug":"caja-rural-del-sur-y-bareca-juntos-en-una-nueva-edicion-de-la-feria-de-la-tapa","status":"publish","type":"post","link":"https:\/\/fundacioncajaruraldelsur.com\/pt\/caja-rural-del-sur-y-bareca-juntos-en-una-nueva-edicion-de-la-feria-de-la-tapa\/","title":{"rendered":"Caja Rural del Sur y BARECA, juntos en una nueva edici\u00f3n de la Feria de la Tapa"},"content":{"rendered":"<p>Los presidentes de la Asociaci\u00f3n Provincial de Bares, Restaurantes y Cafeter\u00edas de Huelva (BARECA), Rafael Carlos Acevedo D\u00edaz, y de Fundaci\u00f3n Caja Rural del Sur, Jos\u00e9 Luis Garc\u00eda Palacios, acompa\u00f1ado del director de la misma, Emilio Ponce, han firmado un convenio de colaboraci\u00f3n por el cual \u00e9sta \u00faltima colaborar\u00e1 en la II Edici\u00f3n de la Feria de la Tapa que se celebrar\u00e1 en la Plaza de las Monjas de Huelva capital del pr\u00f3ximo 27 al 30 de septiembre. De esta forma, Caja Rural y BARECA estar\u00e1n una edici\u00f3n m\u00e1s juntos en esta Feria que convoca a miles de personas.<\/p>\n<p>Fundaci\u00f3n Caja Rural del Sur tiene entre sus objetivos contribuir al desarrollo en su zona de actuaci\u00f3n, colaborando de manera muy especial con las entidades asociativas en sus actividades de servicios habiendo firmado ya distintos convenios con organizaciones sectoriales productivas de nuestra comunidad para favorecer que las mismas, junto con sus asociados, puedan contribuir a la consolidaci\u00f3n y modernizaci\u00f3n de la actividad productiva.<\/p>\n<p>La Asociaci\u00f3n Provincial de Bares, Restaurantes y Cafeter\u00edas de Huelva (BARECA), que pertenece a la Federaci\u00f3n Onubense de Empresarios (FOE), est\u00e1 compuesta por un importante colectivo de empresarios, tanto aut\u00f3nomos como de la peque\u00f1a y mediana empresa y cooperativas que realizan, a trav\u00e9s de la Feria de la Tapa, una divulgaci\u00f3n de la rica y variada gastronom\u00eda de la provincia<\/p>\n<p>&nbsp;<\/p>","protected":false},"excerpt":{"rendered":"<p>Los presidentes de la Asociaci\u00f3n Provincial de Bares, Restaurantes y Cafeter\u00edas de Huelva (BARECA), Rafael Carlos Acevedo D\u00edaz, y de Fundaci\u00f3n Caja Rural del Sur, Jos\u00e9 Luis Garc\u00eda Palacios, acompa\u00f1ado [&hellip;]<\/p>\n","protected":false},"author":6,"featured_media":3825,"comment_status":"closed","ping_status":"closed","sticky":false,"template":"","format":"standard","meta":{"footnotes":""},"categories":[67],"tags":[],"class_list":["post-3824","post","type-post","status-publish","format-standard","has-post-thumbnail","hentry","category-convenios"],"yoast_head":"<!-- This site is optimized with the Yoast SEO plugin v27.3 - https:\/\/yoast.com\/product\/yoast-seo-wordpress\/ -->\n<title>Caja Rural del Sur y BARECA, juntos en una nueva edici\u00f3n de la Feria de la Tapa - Fundaci\u00f3n Caja Rural del Sur<\/title>\n<meta name=\"robots\" content=\"index, follow, max-snippet:-1, max-image-preview:large, max-video-preview:-1\" \/>\n<link rel=\"canonical\" href=\"https:\/\/fundacioncajaruraldelsur.com\/pt\/caja-rural-del-sur-y-bareca-juntos-en-una-nueva-edicion-de-la-feria-de-la-tapa\/\" \/>\n<meta property=\"og:locale\" content=\"pt_PT\" \/>\n<meta property=\"og:type\" content=\"article\" \/>\n<meta property=\"og:title\" content=\"Caja Rural del Sur y BARECA, juntos en una nueva edici\u00f3n de la Feria de la Tapa - Fundaci\u00f3n Caja Rural del Sur\" \/>\n<meta property=\"og:description\" content=\"Los presidentes de la Asociaci\u00f3n Provincial de Bares, Restaurantes y Cafeter\u00edas de Huelva (BARECA), Rafael Carlos Acevedo D\u00edaz, y de Fundaci\u00f3n Caja Rural del Sur, Jos\u00e9 Luis Garc\u00eda Palacios, acompa\u00f1ado [&hellip;]\" \/>\n<meta property=\"og:url\" content=\"https:\/\/fundacioncajaruraldelsur.com\/pt\/caja-rural-del-sur-y-bareca-juntos-en-una-nueva-edicion-de-la-feria-de-la-tapa\/\" \/>\n<meta property=\"og:site_name\" content=\"Fundaci\u00f3n Caja Rural del Sur\" \/>\n<meta property=\"article:published_time\" content=\"2018-09-21T14:58:40+00:00\" \/>\n<meta property=\"og:image\" content=\"https:\/\/fundacioncajaruraldelsur.com\/wp-content\/uploads\/2018\/09\/180921.-La-Feria-de-la-Tapa-de-Huelva-tiene-el-apoyo-de-Fundacio\u0301n-Caja-Rural-del-Sur-1024x576.jpg\" \/>\n\t<meta property=\"og:image:width\" content=\"1024\" \/>\n\t<meta property=\"og:image:height\" content=\"576\" \/>\n\t<meta property=\"og:image:type\" content=\"image\/jpeg\" \/>\n<meta name=\"author\" content=\"Comunicaci\u00f3n\" \/>\n<meta name=\"twitter:card\" content=\"summary_large_image\" \/>\n<meta name=\"twitter:label1\" content=\"Written by\" \/>\n\t<meta name=\"twitter:data1\" content=\"Comunicaci\u00f3n\" \/>\n\t<meta name=\"twitter:label2\" content=\"Est. reading time\" \/>\n\t<meta name=\"twitter:data2\" content=\"1 minute\" \/>\n<script type=\"application\/ld+json\" class=\"yoast-schema-graph\">{\"@context\":\"https:\\\/\\\/schema.org\",\"@graph\":[{\"@type\":\"Article\",\"@id\":\"https:\\\/\\\/fundacioncajaruraldelsur.com\\\/caja-rural-del-sur-y-bareca-juntos-en-una-nueva-edicion-de-la-feria-de-la-tapa\\\/#article\",\"isPartOf\":{\"@id\":\"https:\\\/\\\/fundacioncajaruraldelsur.com\\\/caja-rural-del-sur-y-bareca-juntos-en-una-nueva-edicion-de-la-feria-de-la-tapa\\\/\"},\"author\":{\"name\":\"Comunicaci\u00f3n\",\"@id\":\"https:\\\/\\\/fundacioncajaruraldelsur.com\\\/#\\\/schema\\\/person\\\/f430da9fb783d505ff061ad8b3d44577\"},\"headline\":\"Caja Rural del Sur y BARECA, juntos en una nueva edici\u00f3n de la Feria de la Tapa\",\"datePublished\":\"2018-09-21T14:58:40+00:00\",\"mainEntityOfPage\":{\"@id\":\"https:\\\/\\\/fundacioncajaruraldelsur.com\\\/caja-rural-del-sur-y-bareca-juntos-en-una-nueva-edicion-de-la-feria-de-la-tapa\\\/\"},\"wordCount\":263,\"image\":{\"@id\":\"https:\\\/\\\/fundacioncajaruraldelsur.com\\\/caja-rural-del-sur-y-bareca-juntos-en-una-nueva-edicion-de-la-feria-de-la-tapa\\\/#primaryimage\"},\"thumbnailUrl\":\"https:\\\/\\\/fundacioncajaruraldelsur.com\\\/wp-content\\\/uploads\\\/2018\\\/09\\\/180921.-La-Feria-de-la-Tapa-de-Huelva-tiene-el-apoyo-de-Fundacio\u0301n-Caja-Rural-del-Sur.jpg\",\"articleSection\":[\"Convenios\"],\"inLanguage\":\"pt-PT\"},{\"@type\":\"WebPage\",\"@id\":\"https:\\\/\\\/fundacioncajaruraldelsur.com\\\/caja-rural-del-sur-y-bareca-juntos-en-una-nueva-edicion-de-la-feria-de-la-tapa\\\/\",\"url\":\"https:\\\/\\\/fundacioncajaruraldelsur.com\\\/caja-rural-del-sur-y-bareca-juntos-en-una-nueva-edicion-de-la-feria-de-la-tapa\\\/\",\"name\":\"Caja Rural del Sur y BARECA, juntos en una nueva edici\u00f3n de la Feria de la Tapa - Fundaci\u00f3n Caja Rural del Sur\",\"isPartOf\":{\"@id\":\"https:\\\/\\\/fundacioncajaruraldelsur.com\\\/#website\"},\"primaryImageOfPage\":{\"@id\":\"https:\\\/\\\/fundacioncajaruraldelsur.com\\\/caja-rural-del-sur-y-bareca-juntos-en-una-nueva-edicion-de-la-feria-de-la-tapa\\\/#primaryimage\"},\"image\":{\"@id\":\"https:\\\/\\\/fundacioncajaruraldelsur.com\\\/caja-rural-del-sur-y-bareca-juntos-en-una-nueva-edicion-de-la-feria-de-la-tapa\\\/#primaryimage\"},\"thumbnailUrl\":\"https:\\\/\\\/fundacioncajaruraldelsur.com\\\/wp-content\\\/uploads\\\/2018\\\/09\\\/180921.-La-Feria-de-la-Tapa-de-Huelva-tiene-el-apoyo-de-Fundacio\u0301n-Caja-Rural-del-Sur.jpg\",\"datePublished\":\"2018-09-21T14:58:40+00:00\",\"author\":{\"@id\":\"https:\\\/\\\/fundacioncajaruraldelsur.com\\\/#\\\/schema\\\/person\\\/f430da9fb783d505ff061ad8b3d44577\"},\"breadcrumb\":{\"@id\":\"https:\\\/\\\/fundacioncajaruraldelsur.com\\\/caja-rural-del-sur-y-bareca-juntos-en-una-nueva-edicion-de-la-feria-de-la-tapa\\\/#breadcrumb\"},\"inLanguage\":\"pt-PT\",\"potentialAction\":[{\"@type\":\"ReadAction\",\"target\":[\"https:\\\/\\\/fundacioncajaruraldelsur.com\\\/caja-rural-del-sur-y-bareca-juntos-en-una-nueva-edicion-de-la-feria-de-la-tapa\\\/\"]}]},{\"@type\":\"ImageObject\",\"inLanguage\":\"pt-PT\",\"@id\":\"https:\\\/\\\/fundacioncajaruraldelsur.com\\\/caja-rural-del-sur-y-bareca-juntos-en-una-nueva-edicion-de-la-feria-de-la-tapa\\\/#primaryimage\",\"url\":\"https:\\\/\\\/fundacioncajaruraldelsur.com\\\/wp-content\\\/uploads\\\/2018\\\/09\\\/180921.-La-Feria-de-la-Tapa-de-Huelva-tiene-el-apoyo-de-Fundacio\u0301n-Caja-Rural-del-Sur.jpg\",\"contentUrl\":\"https:\\\/\\\/fundacioncajaruraldelsur.com\\\/wp-content\\\/uploads\\\/2018\\\/09\\\/180921.-La-Feria-de-la-Tapa-de-Huelva-tiene-el-apoyo-de-Fundacio\u0301n-Caja-Rural-del-Sur.jpg\",\"width\":4608,\"height\":2592},{\"@type\":\"BreadcrumbList\",\"@id\":\"https:\\\/\\\/fundacioncajaruraldelsur.com\\\/caja-rural-del-sur-y-bareca-juntos-en-una-nueva-edicion-de-la-feria-de-la-tapa\\\/#breadcrumb\",\"itemListElement\":[{\"@type\":\"ListItem\",\"position\":1,\"name\":\"Portada\",\"item\":\"https:\\\/\\\/fundacioncajaruraldelsur.com\\\/\"},{\"@type\":\"ListItem\",\"position\":2,\"name\":\"Caja Rural del Sur y BARECA, juntos en una nueva edici\u00f3n de la Feria de la Tapa\"}]},{\"@type\":\"WebSite\",\"@id\":\"https:\\\/\\\/fundacioncajaruraldelsur.com\\\/#website\",\"url\":\"https:\\\/\\\/fundacioncajaruraldelsur.com\\\/\",\"name\":\"Fundaci\u00f3n Caja Rural del Sur\",\"description\":\"\",\"potentialAction\":[{\"@type\":\"SearchAction\",\"target\":{\"@type\":\"EntryPoint\",\"urlTemplate\":\"https:\\\/\\\/fundacioncajaruraldelsur.com\\\/?s={search_term_string}\"},\"query-input\":{\"@type\":\"PropertyValueSpecification\",\"valueRequired\":true,\"valueName\":\"search_term_string\"}}],\"inLanguage\":\"pt-PT\"},{\"@type\":\"Person\",\"@id\":\"https:\\\/\\\/fundacioncajaruraldelsur.com\\\/#\\\/schema\\\/person\\\/f430da9fb783d505ff061ad8b3d44577\",\"name\":\"Comunicaci\u00f3n\",\"image\":{\"@type\":\"ImageObject\",\"inLanguage\":\"pt-PT\",\"@id\":\"https:\\\/\\\/secure.gravatar.com\\\/avatar\\\/0dca239875993680bac4603ad2de7942da018f52cc3a244578e0b3b09314a8d8?s=96&d=blank&r=g\",\"url\":\"https:\\\/\\\/secure.gravatar.com\\\/avatar\\\/0dca239875993680bac4603ad2de7942da018f52cc3a244578e0b3b09314a8d8?s=96&d=blank&r=g\",\"contentUrl\":\"https:\\\/\\\/secure.gravatar.com\\\/avatar\\\/0dca239875993680bac4603ad2de7942da018f52cc3a244578e0b3b09314a8d8?s=96&d=blank&r=g\",\"caption\":\"Comunicaci\u00f3n\"}}]}<\/script>\n<!-- \/ Yoast SEO plugin. -->","yoast_head_json":{"title":"Caja Rural del Sur y BARECA, juntos en una nueva edici\u00f3n de la Feria de la Tapa - Fundaci\u00f3n Caja Rural del Sur","robots":{"index":"index","follow":"follow","max-snippet":"max-snippet:-1","max-image-preview":"max-image-preview:large","max-video-preview":"max-video-preview:-1"},"canonical":"https:\/\/fundacioncajaruraldelsur.com\/pt\/caja-rural-del-sur-y-bareca-juntos-en-una-nueva-edicion-de-la-feria-de-la-tapa\/","og_locale":"pt_PT","og_type":"article","og_title":"Caja Rural del Sur y BARECA, juntos en una nueva edici\u00f3n de la Feria de la Tapa - Fundaci\u00f3n Caja Rural del Sur","og_description":"Los presidentes de la Asociaci\u00f3n Provincial de Bares, Restaurantes y Cafeter\u00edas de Huelva (BARECA), Rafael Carlos Acevedo D\u00edaz, y de Fundaci\u00f3n Caja Rural del Sur, Jos\u00e9 Luis Garc\u00eda Palacios, acompa\u00f1ado [&hellip;]","og_url":"https:\/\/fundacioncajaruraldelsur.com\/pt\/caja-rural-del-sur-y-bareca-juntos-en-una-nueva-edicion-de-la-feria-de-la-tapa\/","og_site_name":"Fundaci\u00f3n Caja Rural del Sur","article_published_time":"2018-09-21T14:58:40+00:00","og_image":[{"width":1024,"height":576,"url":"https:\/\/fundacioncajaruraldelsur.com\/wp-content\/uploads\/2018\/09\/180921.-La-Feria-de-la-Tapa-de-Huelva-tiene-el-apoyo-de-Fundacio\u0301n-Caja-Rural-del-Sur-1024x576.jpg","type":"image\/jpeg"}],"author":"Comunicaci\u00f3n","twitter_card":"summary_large_image","twitter_misc":{"Written by":"Comunicaci\u00f3n","Est. reading time":"1 minute"},"schema":{"@context":"https:\/\/schema.org","@graph":[{"@type":"Article","@id":"https:\/\/fundacioncajaruraldelsur.com\/caja-rural-del-sur-y-bareca-juntos-en-una-nueva-edicion-de-la-feria-de-la-tapa\/#article","isPartOf":{"@id":"https:\/\/fundacioncajaruraldelsur.com\/caja-rural-del-sur-y-bareca-juntos-en-una-nueva-edicion-de-la-feria-de-la-tapa\/"},"author":{"name":"Comunicaci\u00f3n","@id":"https:\/\/fundacioncajaruraldelsur.com\/#\/schema\/person\/f430da9fb783d505ff061ad8b3d44577"},"headline":"Caja Rural del Sur y BARECA, juntos en una nueva edici\u00f3n de la Feria de la Tapa","datePublished":"2018-09-21T14:58:40+00:00","mainEntityOfPage":{"@id":"https:\/\/fundacioncajaruraldelsur.com\/caja-rural-del-sur-y-bareca-juntos-en-una-nueva-edicion-de-la-feria-de-la-tapa\/"},"wordCount":263,"image":{"@id":"https:\/\/fundacioncajaruraldelsur.com\/caja-rural-del-sur-y-bareca-juntos-en-una-nueva-edicion-de-la-feria-de-la-tapa\/#primaryimage"},"thumbnailUrl":"https:\/\/fundacioncajaruraldelsur.com\/wp-content\/uploads\/2018\/09\/180921.-La-Feria-de-la-Tapa-de-Huelva-tiene-el-apoyo-de-Fundacio\u0301n-Caja-Rural-del-Sur.jpg","articleSection":["Convenios"],"inLanguage":"pt-PT"},{"@type":"WebPage","@id":"https:\/\/fundacioncajaruraldelsur.com\/caja-rural-del-sur-y-bareca-juntos-en-una-nueva-edicion-de-la-feria-de-la-tapa\/","url":"https:\/\/fundacioncajaruraldelsur.com\/caja-rural-del-sur-y-bareca-juntos-en-una-nueva-edicion-de-la-feria-de-la-tapa\/","name":"Caja Rural del Sur y BARECA, juntos en una nueva edici\u00f3n de la Feria de la Tapa - Fundaci\u00f3n Caja Rural del Sur","isPartOf":{"@id":"https:\/\/fundacioncajaruraldelsur.com\/#website"},"primaryImageOfPage":{"@id":"https:\/\/fundacioncajaruraldelsur.com\/caja-rural-del-sur-y-bareca-juntos-en-una-nueva-edicion-de-la-feria-de-la-tapa\/#primaryimage"},"image":{"@id":"https:\/\/fundacioncajaruraldelsur.com\/caja-rural-del-sur-y-bareca-juntos-en-una-nueva-edicion-de-la-feria-de-la-tapa\/#primaryimage"},"thumbnailUrl":"https:\/\/fundacioncajaruraldelsur.com\/wp-content\/uploads\/2018\/09\/180921.-La-Feria-de-la-Tapa-de-Huelva-tiene-el-apoyo-de-Fundacio\u0301n-Caja-Rural-del-Sur.jpg","datePublished":"2018-09-21T14:58:40+00:00","author":{"@id":"https:\/\/fundacioncajaruraldelsur.com\/#\/schema\/person\/f430da9fb783d505ff061ad8b3d44577"},"breadcrumb":{"@id":"https:\/\/fundacioncajaruraldelsur.com\/caja-rural-del-sur-y-bareca-juntos-en-una-nueva-edicion-de-la-feria-de-la-tapa\/#breadcrumb"},"inLanguage":"pt-PT","potentialAction":[{"@type":"ReadAction","target":["https:\/\/fundacioncajaruraldelsur.com\/caja-rural-del-sur-y-bareca-juntos-en-una-nueva-edicion-de-la-feria-de-la-tapa\/"]}]},{"@type":"ImageObject","inLanguage":"pt-PT","@id":"https:\/\/fundacioncajaruraldelsur.com\/caja-rural-del-sur-y-bareca-juntos-en-una-nueva-edicion-de-la-feria-de-la-tapa\/#primaryimage","url":"https:\/\/fundacioncajaruraldelsur.com\/wp-content\/uploads\/2018\/09\/180921.-La-Feria-de-la-Tapa-de-Huelva-tiene-el-apoyo-de-Fundacio\u0301n-Caja-Rural-del-Sur.jpg","contentUrl":"https:\/\/fundacioncajaruraldelsur.com\/wp-content\/uploads\/2018\/09\/180921.-La-Feria-de-la-Tapa-de-Huelva-tiene-el-apoyo-de-Fundacio\u0301n-Caja-Rural-del-Sur.jpg","width":4608,"height":2592},{"@type":"BreadcrumbList","@id":"https:\/\/fundacioncajaruraldelsur.com\/caja-rural-del-sur-y-bareca-juntos-en-una-nueva-edicion-de-la-feria-de-la-tapa\/#breadcrumb","itemListElement":[{"@type":"ListItem","position":1,"name":"Portada","item":"https:\/\/fundacioncajaruraldelsur.com\/"},{"@type":"ListItem","position":2,"name":"Caja Rural del Sur y BARECA, juntos en una nueva edici\u00f3n de la Feria de la Tapa"}]},{"@type":"WebSite","@id":"https:\/\/fundacioncajaruraldelsur.com\/#website","url":"https:\/\/fundacioncajaruraldelsur.com\/","name":"Funda\u00e7\u00e3o Caja Rural del Sur","description":"","potentialAction":[{"@type":"SearchAction","target":{"@type":"EntryPoint","urlTemplate":"https:\/\/fundacioncajaruraldelsur.com\/?s={search_term_string}"},"query-input":{"@type":"PropertyValueSpecification","valueRequired":true,"valueName":"search_term_string"}}],"inLanguage":"pt-PT"},{"@type":"Person","@id":"https:\/\/fundacioncajaruraldelsur.com\/#\/schema\/person\/f430da9fb783d505ff061ad8b3d44577","name":"Comunicaci\u00f3n","image":{"@type":"ImageObject","inLanguage":"pt-PT","@id":"https:\/\/secure.gravatar.com\/avatar\/0dca239875993680bac4603ad2de7942da018f52cc3a244578e0b3b09314a8d8?s=96&d=blank&r=g","url":"https:\/\/secure.gravatar.com\/avatar\/0dca239875993680bac4603ad2de7942da018f52cc3a244578e0b3b09314a8d8?s=96&d=blank&r=g","contentUrl":"https:\/\/secure.gravatar.com\/avatar\/0dca239875993680bac4603ad2de7942da018f52cc3a244578e0b3b09314a8d8?s=96&d=blank&r=g","caption":"Comunicaci\u00f3n"}}]}},"rttpg_featured_image_url":{"full":["https:\/\/fundacioncajaruraldelsur.com\/wp-content\/uploads\/2018\/09\/180921.-La-Feria-de-la-Tapa-de-Huelva-tiene-el-apoyo-de-Fundacio\u0301n-Caja-Rural-del-Sur.jpg",4608,2592,false],"landscape":["https:\/\/fundacioncajaruraldelsur.com\/wp-content\/uploads\/2018\/09\/180921.-La-Feria-de-la-Tapa-de-Huelva-tiene-el-apoyo-de-Fundacio\u0301n-Caja-Rural-del-Sur.jpg",4608,2592,false],"portraits":["https:\/\/fundacioncajaruraldelsur.com\/wp-content\/uploads\/2018\/09\/180921.-La-Feria-de-la-Tapa-de-Huelva-tiene-el-apoyo-de-Fundacio\u0301n-Caja-Rural-del-Sur.jpg",4608,2592,false],"thumbnail":["https:\/\/fundacioncajaruraldelsur.com\/wp-content\/uploads\/2018\/09\/180921.-La-Feria-de-la-Tapa-de-Huelva-tiene-el-apoyo-de-Fundacio\u0301n-Caja-Rural-del-Sur-150x150.jpg",150,150,true],"medium":["https:\/\/fundacioncajaruraldelsur.com\/wp-content\/uploads\/2018\/09\/180921.-La-Feria-de-la-Tapa-de-Huelva-tiene-el-apoyo-de-Fundacio\u0301n-Caja-Rural-del-Sur-300x169.jpg",300,169,true],"large":["https:\/\/fundacioncajaruraldelsur.com\/wp-content\/uploads\/2018\/09\/180921.-La-Feria-de-la-Tapa-de-Huelva-tiene-el-apoyo-de-Fundacio\u0301n-Caja-Rural-del-Sur-1024x576.jpg",960,540,true],"1536x1536":["https:\/\/fundacioncajaruraldelsur.com\/wp-content\/uploads\/2018\/09\/180921.-La-Feria-de-la-Tapa-de-Huelva-tiene-el-apoyo-de-Fundacio\u0301n-Caja-Rural-del-Sur.jpg",1536,864,false],"2048x2048":["https:\/\/fundacioncajaruraldelsur.com\/wp-content\/uploads\/2018\/09\/180921.-La-Feria-de-la-Tapa-de-Huelva-tiene-el-apoyo-de-Fundacio\u0301n-Caja-Rural-del-Sur.jpg",2048,1152,false],"trp-custom-language-flag":["https:\/\/fundacioncajaruraldelsur.com\/wp-content\/uploads\/2018\/09\/180921.-La-Feria-de-la-Tapa-de-Huelva-tiene-el-apoyo-de-Fundacio\u0301n-Caja-Rural-del-Sur.jpg",18,10,false],"blog-thumbnail":["https:\/\/fundacioncajaruraldelsur.com\/wp-content\/uploads\/2018\/09\/180921.-La-Feria-de-la-Tapa-de-Huelva-tiene-el-apoyo-de-Fundacio\u0301n-Caja-Rural-del-Sur-400x200.jpg",400,200,true]},"rttpg_author":{"display_name":"Comunicaci\u00f3n","author_link":"https:\/\/fundacioncajaruraldelsur.com\/pt\/author\/sevillaadmin\/"},"rttpg_comment":0,"rttpg_category":"<a href=\"https:\/\/fundacioncajaruraldelsur.com\/pt\/category\/convenios\/\" rel=\"category tag\">Convenios<\/a>","rttpg_excerpt":"Los presidentes de la Asociaci\u00f3n Provincial de Bares, Restaurantes y Cafeter\u00edas de Huelva (BARECA), Rafael Carlos Acevedo D\u00edaz, y de Fundaci\u00f3n Caja Rural del Sur, Jos\u00e9 Luis Garc\u00eda Palacios, acompa\u00f1ado [&hellip;]","_links":{"self":[{"href":"https:\/\/fundacioncajaruraldelsur.com\/pt\/wp-json\/wp\/v2\/posts\/3824","targetHints":{"allow":["GET"]}}],"collection":[{"href":"https:\/\/fundacioncajaruraldelsur.com\/pt\/wp-json\/wp\/v2\/posts"}],"about":[{"href":"https:\/\/fundacioncajaruraldelsur.com\/pt\/wp-json\/wp\/v2\/types\/post"}],"author":[{"embeddable":true,"href":"https:\/\/fundacioncajaruraldelsur.com\/pt\/wp-json\/wp\/v2\/users\/6"}],"replies":[{"embeddable":true,"href":"https:\/\/fundacioncajaruraldelsur.com\/pt\/wp-json\/wp\/v2\/comments?post=3824"}],"version-history":[{"count":1,"href":"https:\/\/fundacioncajaruraldelsur.com\/pt\/wp-json\/wp\/v2\/posts\/3824\/revisions"}],"predecessor-version":[{"id":3826,"href":"https:\/\/fundacioncajaruraldelsur.com\/pt\/wp-json\/wp\/v2\/posts\/3824\/revisions\/3826"}],"wp:featuredmedia":[{"embeddable":true,"href":"https:\/\/fundacioncajaruraldelsur.com\/pt\/wp-json\/wp\/v2\/media\/3825"}],"wp:attachment":[{"href":"https:\/\/fundacioncajaruraldelsur.com\/pt\/wp-json\/wp\/v2\/media?parent=3824"}],"wp:term":[{"taxonomy":"category","embeddable":true,"href":"https:\/\/fundacioncajaruraldelsur.com\/pt\/wp-json\/wp\/v2\/categories?post=3824"},{"taxonomy":"post_tag","embeddable":true,"href":"https:\/\/fundacioncajaruraldelsur.com\/pt\/wp-json\/wp\/v2\/tags?post=3824"}],"curies":[{"name":"wp","href":"https:\/\/api.w.org\/{rel}","templated":true}]}}