{"id":3718,"date":"2018-09-18T14:51:29","date_gmt":"2018-09-18T14:51:29","guid":{"rendered":"\/?p=3718"},"modified":"2018-09-18T14:51:29","modified_gmt":"2018-09-18T14:51:29","slug":"apoyo-fundacion-caja-rural-del-sur-la-cooperativa-nuestra-senora-guia-la-palma","status":"publish","type":"post","link":"https:\/\/fundacioncajaruraldelsur.com\/pt\/apoyo-fundacion-caja-rural-del-sur-la-cooperativa-nuestra-senora-guia-la-palma\/","title":{"rendered":"Apoyo de Fundaci\u00f3n Caja Rural del Sur a la Cooperativa Nuestra Se\u00f1ora de Gu\u00eda de La Palma"},"content":{"rendered":"<p>Los presidentes de la Cooperativa Nuestra Se\u00f1ora de Gu\u00eda de La Palma, Miguel \u00c1ngel D\u00edaz Aguilar, y de Fundaci\u00f3n Caja Rural del Sur, Jos\u00e9 Luis Garc\u00eda Palacios, han firmado un convenio de colaboraci\u00f3n porque el cual se apoyan las actividades de la citada cooperativa. Al acto de la firma asisti\u00f3 el director de la Fundaci\u00f3n, Emilio Ponce.<\/p>\n<p>Fundaci\u00f3n Caja Rural del Sur se compromete a colaborar con la Cooperativa Nuestra Se\u00f1ora de Gu\u00eda de La Palma en acciones relacionadas con la formaci\u00f3n de los socios en los principios cooperativos y en otras materias, como la promoci\u00f3n inter cooperativas, cultural, profesional y asistencial de su entorno local o de la comunidad en general, as\u00ed como la mejora de la calidad de vida y del desarrollo comunitario y las acciones de protecci\u00f3n ambiental dentro de su \u00e1mbito de actuaci\u00f3n. Y, en especial, en todo lo relacionado con la modernizaci\u00f3n del sector agrario, el desarrollo rural y la elaboraci\u00f3n de estudios y proyectos que contribuyan a los mismos.<\/p>\n<p>Fundaci\u00f3n Caja Rural del Sur tiene entre sus objetivos contribuir al desarrollo en su zona de actuaci\u00f3n, colaborando de manera muy especial con las entidades asociativas agrarias en sus actividades de servicios a sus asociados habiendo firmado ya distintos convenios con organizaciones sectoriales productivas de nuestra comunidad para favorecer que las mismas, junto con sus asociados, puedan contribuir a la consolidaci\u00f3n de los v\u00ednculos cooperativos y la modernizaci\u00f3n del mundo rural.<\/p>\n<p>La Cooperativa Nuestra Se\u00f1ora de Gu\u00eda de La Palma cumpli\u00f3 el a\u00f1o pasado su 60 aniversario y cuenta con 54 socios, siendo la uva zalema la que m\u00e1s se cultiva si bien hay en alguna vi\u00f1as las variedades moscatel y columbar.<\/p>","protected":false},"excerpt":{"rendered":"<p>Los presidentes de la Cooperativa Nuestra Se\u00f1ora de Gu\u00eda de La Palma, Miguel \u00c1ngel D\u00edaz Aguilar, y de Fundaci\u00f3n Caja Rural del Sur, Jos\u00e9 Luis Garc\u00eda Palacios, han firmado un [&hellip;]<\/p>\n","protected":false},"author":6,"featured_media":3719,"comment_status":"closed","ping_status":"open","sticky":false,"template":"","format":"standard","meta":{"footnotes":""},"categories":[67],"tags":[],"class_list":["post-3718","post","type-post","status-publish","format-standard","has-post-thumbnail","hentry","category-convenios"],"yoast_head":"<!-- This site is optimized with the Yoast SEO plugin v27.3 - https:\/\/yoast.com\/product\/yoast-seo-wordpress\/ -->\n<title>Apoyo de Fundaci\u00f3n Caja Rural del Sur a la Cooperativa Nuestra Se\u00f1ora de Gu\u00eda de La Palma - Fundaci\u00f3n Caja Rural del Sur<\/title>\n<meta name=\"robots\" content=\"index, follow, max-snippet:-1, max-image-preview:large, max-video-preview:-1\" \/>\n<link rel=\"canonical\" href=\"https:\/\/fundacioncajaruraldelsur.com\/pt\/apoyo-fundacion-caja-rural-del-sur-la-cooperativa-nuestra-senora-guia-la-palma\/\" \/>\n<meta property=\"og:locale\" content=\"pt_PT\" \/>\n<meta property=\"og:type\" content=\"article\" \/>\n<meta property=\"og:title\" content=\"Apoyo de Fundaci\u00f3n Caja Rural del Sur a la Cooperativa Nuestra Se\u00f1ora de Gu\u00eda de La Palma - Fundaci\u00f3n Caja Rural del Sur\" \/>\n<meta property=\"og:description\" content=\"Los presidentes de la Cooperativa Nuestra Se\u00f1ora de Gu\u00eda de La Palma, Miguel \u00c1ngel D\u00edaz Aguilar, y de Fundaci\u00f3n Caja Rural del Sur, Jos\u00e9 Luis Garc\u00eda Palacios, han firmado un [&hellip;]\" \/>\n<meta property=\"og:url\" content=\"https:\/\/fundacioncajaruraldelsur.com\/pt\/apoyo-fundacion-caja-rural-del-sur-la-cooperativa-nuestra-senora-guia-la-palma\/\" \/>\n<meta property=\"og:site_name\" content=\"Fundaci\u00f3n Caja Rural del Sur\" \/>\n<meta property=\"article:published_time\" content=\"2018-09-18T14:51:29+00:00\" \/>\n<meta property=\"og:image\" content=\"https:\/\/fundacioncajaruraldelsur.com\/wp-content\/uploads\/2018\/09\/180918.-Los-presidentes-de-Fundaci\u00f3n-Caja-Rural-del-Sur-y-de-la-Cooperativa-Nuestra-Se\u00f1ora-de-Guia-cierran-el-acuerdo.jpg\" \/>\n\t<meta property=\"og:image:width\" content=\"755\" \/>\n\t<meta property=\"og:image:height\" content=\"477\" \/>\n\t<meta property=\"og:image:type\" content=\"image\/jpeg\" \/>\n<meta name=\"author\" content=\"Comunicaci\u00f3n\" \/>\n<meta name=\"twitter:card\" content=\"summary_large_image\" \/>\n<meta name=\"twitter:label1\" content=\"Written by\" \/>\n\t<meta name=\"twitter:data1\" content=\"Comunicaci\u00f3n\" \/>\n\t<meta name=\"twitter:label2\" content=\"Est. reading time\" \/>\n\t<meta name=\"twitter:data2\" content=\"2 minutes\" \/>\n<script type=\"application\/ld+json\" class=\"yoast-schema-graph\">{\"@context\":\"https:\\\/\\\/schema.org\",\"@graph\":[{\"@type\":\"Article\",\"@id\":\"https:\\\/\\\/fundacioncajaruraldelsur.com\\\/apoyo-fundacion-caja-rural-del-sur-la-cooperativa-nuestra-senora-guia-la-palma\\\/#article\",\"isPartOf\":{\"@id\":\"https:\\\/\\\/fundacioncajaruraldelsur.com\\\/apoyo-fundacion-caja-rural-del-sur-la-cooperativa-nuestra-senora-guia-la-palma\\\/\"},\"author\":{\"name\":\"Comunicaci\u00f3n\",\"@id\":\"https:\\\/\\\/fundacioncajaruraldelsur.com\\\/#\\\/schema\\\/person\\\/f430da9fb783d505ff061ad8b3d44577\"},\"headline\":\"Apoyo de Fundaci\u00f3n Caja Rural del Sur a la Cooperativa Nuestra Se\u00f1ora de Gu\u00eda de La Palma\",\"datePublished\":\"2018-09-18T14:51:29+00:00\",\"mainEntityOfPage\":{\"@id\":\"https:\\\/\\\/fundacioncajaruraldelsur.com\\\/apoyo-fundacion-caja-rural-del-sur-la-cooperativa-nuestra-senora-guia-la-palma\\\/\"},\"wordCount\":321,\"image\":{\"@id\":\"https:\\\/\\\/fundacioncajaruraldelsur.com\\\/apoyo-fundacion-caja-rural-del-sur-la-cooperativa-nuestra-senora-guia-la-palma\\\/#primaryimage\"},\"thumbnailUrl\":\"https:\\\/\\\/fundacioncajaruraldelsur.com\\\/wp-content\\\/uploads\\\/2018\\\/09\\\/180918.-Los-presidentes-de-Fundaci\u00f3n-Caja-Rural-del-Sur-y-de-la-Cooperativa-Nuestra-Se\u00f1ora-de-Guia-cierran-el-acuerdo.jpg\",\"articleSection\":[\"Convenios\"],\"inLanguage\":\"pt-PT\"},{\"@type\":\"WebPage\",\"@id\":\"https:\\\/\\\/fundacioncajaruraldelsur.com\\\/apoyo-fundacion-caja-rural-del-sur-la-cooperativa-nuestra-senora-guia-la-palma\\\/\",\"url\":\"https:\\\/\\\/fundacioncajaruraldelsur.com\\\/apoyo-fundacion-caja-rural-del-sur-la-cooperativa-nuestra-senora-guia-la-palma\\\/\",\"name\":\"Apoyo de Fundaci\u00f3n Caja Rural del Sur a la Cooperativa Nuestra Se\u00f1ora de Gu\u00eda de La Palma - Fundaci\u00f3n Caja Rural del Sur\",\"isPartOf\":{\"@id\":\"https:\\\/\\\/fundacioncajaruraldelsur.com\\\/#website\"},\"primaryImageOfPage\":{\"@id\":\"https:\\\/\\\/fundacioncajaruraldelsur.com\\\/apoyo-fundacion-caja-rural-del-sur-la-cooperativa-nuestra-senora-guia-la-palma\\\/#primaryimage\"},\"image\":{\"@id\":\"https:\\\/\\\/fundacioncajaruraldelsur.com\\\/apoyo-fundacion-caja-rural-del-sur-la-cooperativa-nuestra-senora-guia-la-palma\\\/#primaryimage\"},\"thumbnailUrl\":\"https:\\\/\\\/fundacioncajaruraldelsur.com\\\/wp-content\\\/uploads\\\/2018\\\/09\\\/180918.-Los-presidentes-de-Fundaci\u00f3n-Caja-Rural-del-Sur-y-de-la-Cooperativa-Nuestra-Se\u00f1ora-de-Guia-cierran-el-acuerdo.jpg\",\"datePublished\":\"2018-09-18T14:51:29+00:00\",\"author\":{\"@id\":\"https:\\\/\\\/fundacioncajaruraldelsur.com\\\/#\\\/schema\\\/person\\\/f430da9fb783d505ff061ad8b3d44577\"},\"breadcrumb\":{\"@id\":\"https:\\\/\\\/fundacioncajaruraldelsur.com\\\/apoyo-fundacion-caja-rural-del-sur-la-cooperativa-nuestra-senora-guia-la-palma\\\/#breadcrumb\"},\"inLanguage\":\"pt-PT\",\"potentialAction\":[{\"@type\":\"ReadAction\",\"target\":[\"https:\\\/\\\/fundacioncajaruraldelsur.com\\\/apoyo-fundacion-caja-rural-del-sur-la-cooperativa-nuestra-senora-guia-la-palma\\\/\"]}]},{\"@type\":\"ImageObject\",\"inLanguage\":\"pt-PT\",\"@id\":\"https:\\\/\\\/fundacioncajaruraldelsur.com\\\/apoyo-fundacion-caja-rural-del-sur-la-cooperativa-nuestra-senora-guia-la-palma\\\/#primaryimage\",\"url\":\"https:\\\/\\\/fundacioncajaruraldelsur.com\\\/wp-content\\\/uploads\\\/2018\\\/09\\\/180918.-Los-presidentes-de-Fundaci\u00f3n-Caja-Rural-del-Sur-y-de-la-Cooperativa-Nuestra-Se\u00f1ora-de-Guia-cierran-el-acuerdo.jpg\",\"contentUrl\":\"https:\\\/\\\/fundacioncajaruraldelsur.com\\\/wp-content\\\/uploads\\\/2018\\\/09\\\/180918.-Los-presidentes-de-Fundaci\u00f3n-Caja-Rural-del-Sur-y-de-la-Cooperativa-Nuestra-Se\u00f1ora-de-Guia-cierran-el-acuerdo.jpg\",\"width\":755,\"height\":477},{\"@type\":\"BreadcrumbList\",\"@id\":\"https:\\\/\\\/fundacioncajaruraldelsur.com\\\/apoyo-fundacion-caja-rural-del-sur-la-cooperativa-nuestra-senora-guia-la-palma\\\/#breadcrumb\",\"itemListElement\":[{\"@type\":\"ListItem\",\"position\":1,\"name\":\"Portada\",\"item\":\"https:\\\/\\\/fundacioncajaruraldelsur.com\\\/\"},{\"@type\":\"ListItem\",\"position\":2,\"name\":\"Apoyo de Fundaci\u00f3n Caja Rural del Sur a la Cooperativa Nuestra Se\u00f1ora de Gu\u00eda de La Palma\"}]},{\"@type\":\"WebSite\",\"@id\":\"https:\\\/\\\/fundacioncajaruraldelsur.com\\\/#website\",\"url\":\"https:\\\/\\\/fundacioncajaruraldelsur.com\\\/\",\"name\":\"Fundaci\u00f3n Caja Rural del Sur\",\"description\":\"\",\"potentialAction\":[{\"@type\":\"SearchAction\",\"target\":{\"@type\":\"EntryPoint\",\"urlTemplate\":\"https:\\\/\\\/fundacioncajaruraldelsur.com\\\/?s={search_term_string}\"},\"query-input\":{\"@type\":\"PropertyValueSpecification\",\"valueRequired\":true,\"valueName\":\"search_term_string\"}}],\"inLanguage\":\"pt-PT\"},{\"@type\":\"Person\",\"@id\":\"https:\\\/\\\/fundacioncajaruraldelsur.com\\\/#\\\/schema\\\/person\\\/f430da9fb783d505ff061ad8b3d44577\",\"name\":\"Comunicaci\u00f3n\",\"image\":{\"@type\":\"ImageObject\",\"inLanguage\":\"pt-PT\",\"@id\":\"https:\\\/\\\/secure.gravatar.com\\\/avatar\\\/0dca239875993680bac4603ad2de7942da018f52cc3a244578e0b3b09314a8d8?s=96&d=blank&r=g\",\"url\":\"https:\\\/\\\/secure.gravatar.com\\\/avatar\\\/0dca239875993680bac4603ad2de7942da018f52cc3a244578e0b3b09314a8d8?s=96&d=blank&r=g\",\"contentUrl\":\"https:\\\/\\\/secure.gravatar.com\\\/avatar\\\/0dca239875993680bac4603ad2de7942da018f52cc3a244578e0b3b09314a8d8?s=96&d=blank&r=g\",\"caption\":\"Comunicaci\u00f3n\"}}]}<\/script>\n<!-- \/ Yoast SEO plugin. -->","yoast_head_json":{"title":"Apoyo de Fundaci\u00f3n Caja Rural del Sur a la Cooperativa Nuestra Se\u00f1ora de Gu\u00eda de La Palma - Fundaci\u00f3n Caja Rural del Sur","robots":{"index":"index","follow":"follow","max-snippet":"max-snippet:-1","max-image-preview":"max-image-preview:large","max-video-preview":"max-video-preview:-1"},"canonical":"https:\/\/fundacioncajaruraldelsur.com\/pt\/apoyo-fundacion-caja-rural-del-sur-la-cooperativa-nuestra-senora-guia-la-palma\/","og_locale":"pt_PT","og_type":"article","og_title":"Apoyo de Fundaci\u00f3n Caja Rural del Sur a la Cooperativa Nuestra Se\u00f1ora de Gu\u00eda de La Palma - Fundaci\u00f3n Caja Rural del Sur","og_description":"Los presidentes de la Cooperativa Nuestra Se\u00f1ora de Gu\u00eda de La Palma, Miguel \u00c1ngel D\u00edaz Aguilar, y de Fundaci\u00f3n Caja Rural del Sur, Jos\u00e9 Luis Garc\u00eda Palacios, han firmado un [&hellip;]","og_url":"https:\/\/fundacioncajaruraldelsur.com\/pt\/apoyo-fundacion-caja-rural-del-sur-la-cooperativa-nuestra-senora-guia-la-palma\/","og_site_name":"Fundaci\u00f3n Caja Rural del Sur","article_published_time":"2018-09-18T14:51:29+00:00","og_image":[{"width":755,"height":477,"url":"https:\/\/fundacioncajaruraldelsur.com\/wp-content\/uploads\/2018\/09\/180918.-Los-presidentes-de-Fundaci\u00f3n-Caja-Rural-del-Sur-y-de-la-Cooperativa-Nuestra-Se\u00f1ora-de-Guia-cierran-el-acuerdo.jpg","type":"image\/jpeg"}],"author":"Comunicaci\u00f3n","twitter_card":"summary_large_image","twitter_misc":{"Written by":"Comunicaci\u00f3n","Est. reading time":"2 minutes"},"schema":{"@context":"https:\/\/schema.org","@graph":[{"@type":"Article","@id":"https:\/\/fundacioncajaruraldelsur.com\/apoyo-fundacion-caja-rural-del-sur-la-cooperativa-nuestra-senora-guia-la-palma\/#article","isPartOf":{"@id":"https:\/\/fundacioncajaruraldelsur.com\/apoyo-fundacion-caja-rural-del-sur-la-cooperativa-nuestra-senora-guia-la-palma\/"},"author":{"name":"Comunicaci\u00f3n","@id":"https:\/\/fundacioncajaruraldelsur.com\/#\/schema\/person\/f430da9fb783d505ff061ad8b3d44577"},"headline":"Apoyo de Fundaci\u00f3n Caja Rural del Sur a la Cooperativa Nuestra Se\u00f1ora de Gu\u00eda de La Palma","datePublished":"2018-09-18T14:51:29+00:00","mainEntityOfPage":{"@id":"https:\/\/fundacioncajaruraldelsur.com\/apoyo-fundacion-caja-rural-del-sur-la-cooperativa-nuestra-senora-guia-la-palma\/"},"wordCount":321,"image":{"@id":"https:\/\/fundacioncajaruraldelsur.com\/apoyo-fundacion-caja-rural-del-sur-la-cooperativa-nuestra-senora-guia-la-palma\/#primaryimage"},"thumbnailUrl":"https:\/\/fundacioncajaruraldelsur.com\/wp-content\/uploads\/2018\/09\/180918.-Los-presidentes-de-Fundaci\u00f3n-Caja-Rural-del-Sur-y-de-la-Cooperativa-Nuestra-Se\u00f1ora-de-Guia-cierran-el-acuerdo.jpg","articleSection":["Convenios"],"inLanguage":"pt-PT"},{"@type":"WebPage","@id":"https:\/\/fundacioncajaruraldelsur.com\/apoyo-fundacion-caja-rural-del-sur-la-cooperativa-nuestra-senora-guia-la-palma\/","url":"https:\/\/fundacioncajaruraldelsur.com\/apoyo-fundacion-caja-rural-del-sur-la-cooperativa-nuestra-senora-guia-la-palma\/","name":"Apoyo de Fundaci\u00f3n Caja Rural del Sur a la Cooperativa Nuestra Se\u00f1ora de Gu\u00eda de La Palma - Fundaci\u00f3n Caja Rural del Sur","isPartOf":{"@id":"https:\/\/fundacioncajaruraldelsur.com\/#website"},"primaryImageOfPage":{"@id":"https:\/\/fundacioncajaruraldelsur.com\/apoyo-fundacion-caja-rural-del-sur-la-cooperativa-nuestra-senora-guia-la-palma\/#primaryimage"},"image":{"@id":"https:\/\/fundacioncajaruraldelsur.com\/apoyo-fundacion-caja-rural-del-sur-la-cooperativa-nuestra-senora-guia-la-palma\/#primaryimage"},"thumbnailUrl":"https:\/\/fundacioncajaruraldelsur.com\/wp-content\/uploads\/2018\/09\/180918.-Los-presidentes-de-Fundaci\u00f3n-Caja-Rural-del-Sur-y-de-la-Cooperativa-Nuestra-Se\u00f1ora-de-Guia-cierran-el-acuerdo.jpg","datePublished":"2018-09-18T14:51:29+00:00","author":{"@id":"https:\/\/fundacioncajaruraldelsur.com\/#\/schema\/person\/f430da9fb783d505ff061ad8b3d44577"},"breadcrumb":{"@id":"https:\/\/fundacioncajaruraldelsur.com\/apoyo-fundacion-caja-rural-del-sur-la-cooperativa-nuestra-senora-guia-la-palma\/#breadcrumb"},"inLanguage":"pt-PT","potentialAction":[{"@type":"ReadAction","target":["https:\/\/fundacioncajaruraldelsur.com\/apoyo-fundacion-caja-rural-del-sur-la-cooperativa-nuestra-senora-guia-la-palma\/"]}]},{"@type":"ImageObject","inLanguage":"pt-PT","@id":"https:\/\/fundacioncajaruraldelsur.com\/apoyo-fundacion-caja-rural-del-sur-la-cooperativa-nuestra-senora-guia-la-palma\/#primaryimage","url":"https:\/\/fundacioncajaruraldelsur.com\/wp-content\/uploads\/2018\/09\/180918.-Los-presidentes-de-Fundaci\u00f3n-Caja-Rural-del-Sur-y-de-la-Cooperativa-Nuestra-Se\u00f1ora-de-Guia-cierran-el-acuerdo.jpg","contentUrl":"https:\/\/fundacioncajaruraldelsur.com\/wp-content\/uploads\/2018\/09\/180918.-Los-presidentes-de-Fundaci\u00f3n-Caja-Rural-del-Sur-y-de-la-Cooperativa-Nuestra-Se\u00f1ora-de-Guia-cierran-el-acuerdo.jpg","width":755,"height":477},{"@type":"BreadcrumbList","@id":"https:\/\/fundacioncajaruraldelsur.com\/apoyo-fundacion-caja-rural-del-sur-la-cooperativa-nuestra-senora-guia-la-palma\/#breadcrumb","itemListElement":[{"@type":"ListItem","position":1,"name":"Portada","item":"https:\/\/fundacioncajaruraldelsur.com\/"},{"@type":"ListItem","position":2,"name":"Apoyo de Fundaci\u00f3n Caja Rural del Sur a la Cooperativa Nuestra Se\u00f1ora de Gu\u00eda de La Palma"}]},{"@type":"WebSite","@id":"https:\/\/fundacioncajaruraldelsur.com\/#website","url":"https:\/\/fundacioncajaruraldelsur.com\/","name":"Funda\u00e7\u00e3o Caja Rural del Sur","description":"","potentialAction":[{"@type":"SearchAction","target":{"@type":"EntryPoint","urlTemplate":"https:\/\/fundacioncajaruraldelsur.com\/?s={search_term_string}"},"query-input":{"@type":"PropertyValueSpecification","valueRequired":true,"valueName":"search_term_string"}}],"inLanguage":"pt-PT"},{"@type":"Person","@id":"https:\/\/fundacioncajaruraldelsur.com\/#\/schema\/person\/f430da9fb783d505ff061ad8b3d44577","name":"Comunicaci\u00f3n","image":{"@type":"ImageObject","inLanguage":"pt-PT","@id":"https:\/\/secure.gravatar.com\/avatar\/0dca239875993680bac4603ad2de7942da018f52cc3a244578e0b3b09314a8d8?s=96&d=blank&r=g","url":"https:\/\/secure.gravatar.com\/avatar\/0dca239875993680bac4603ad2de7942da018f52cc3a244578e0b3b09314a8d8?s=96&d=blank&r=g","contentUrl":"https:\/\/secure.gravatar.com\/avatar\/0dca239875993680bac4603ad2de7942da018f52cc3a244578e0b3b09314a8d8?s=96&d=blank&r=g","caption":"Comunicaci\u00f3n"}}]}},"rttpg_featured_image_url":{"full":["https:\/\/fundacioncajaruraldelsur.com\/wp-content\/uploads\/2018\/09\/180918.-Los-presidentes-de-Fundaci\u00f3n-Caja-Rural-del-Sur-y-de-la-Cooperativa-Nuestra-Se\u00f1ora-de-Guia-cierran-el-acuerdo.jpg",755,477,false],"landscape":["https:\/\/fundacioncajaruraldelsur.com\/wp-content\/uploads\/2018\/09\/180918.-Los-presidentes-de-Fundaci\u00f3n-Caja-Rural-del-Sur-y-de-la-Cooperativa-Nuestra-Se\u00f1ora-de-Guia-cierran-el-acuerdo.jpg",755,477,false],"portraits":["https:\/\/fundacioncajaruraldelsur.com\/wp-content\/uploads\/2018\/09\/180918.-Los-presidentes-de-Fundaci\u00f3n-Caja-Rural-del-Sur-y-de-la-Cooperativa-Nuestra-Se\u00f1ora-de-Guia-cierran-el-acuerdo.jpg",755,477,false],"thumbnail":["https:\/\/fundacioncajaruraldelsur.com\/wp-content\/uploads\/2018\/09\/180918.-Los-presidentes-de-Fundaci\u00f3n-Caja-Rural-del-Sur-y-de-la-Cooperativa-Nuestra-Se\u00f1ora-de-Guia-cierran-el-acuerdo-150x150.jpg",150,150,true],"medium":["https:\/\/fundacioncajaruraldelsur.com\/wp-content\/uploads\/2018\/09\/180918.-Los-presidentes-de-Fundaci\u00f3n-Caja-Rural-del-Sur-y-de-la-Cooperativa-Nuestra-Se\u00f1ora-de-Guia-cierran-el-acuerdo-300x190.jpg",300,190,true],"large":["https:\/\/fundacioncajaruraldelsur.com\/wp-content\/uploads\/2018\/09\/180918.-Los-presidentes-de-Fundaci\u00f3n-Caja-Rural-del-Sur-y-de-la-Cooperativa-Nuestra-Se\u00f1ora-de-Guia-cierran-el-acuerdo.jpg",755,477,false],"1536x1536":["https:\/\/fundacioncajaruraldelsur.com\/wp-content\/uploads\/2018\/09\/180918.-Los-presidentes-de-Fundaci\u00f3n-Caja-Rural-del-Sur-y-de-la-Cooperativa-Nuestra-Se\u00f1ora-de-Guia-cierran-el-acuerdo.jpg",755,477,false],"2048x2048":["https:\/\/fundacioncajaruraldelsur.com\/wp-content\/uploads\/2018\/09\/180918.-Los-presidentes-de-Fundaci\u00f3n-Caja-Rural-del-Sur-y-de-la-Cooperativa-Nuestra-Se\u00f1ora-de-Guia-cierran-el-acuerdo.jpg",755,477,false],"trp-custom-language-flag":["https:\/\/fundacioncajaruraldelsur.com\/wp-content\/uploads\/2018\/09\/180918.-Los-presidentes-de-Fundaci\u00f3n-Caja-Rural-del-Sur-y-de-la-Cooperativa-Nuestra-Se\u00f1ora-de-Guia-cierran-el-acuerdo.jpg",18,12,false],"blog-thumbnail":["https:\/\/fundacioncajaruraldelsur.com\/wp-content\/uploads\/2018\/09\/180918.-Los-presidentes-de-Fundaci\u00f3n-Caja-Rural-del-Sur-y-de-la-Cooperativa-Nuestra-Se\u00f1ora-de-Guia-cierran-el-acuerdo-400x200.jpg",400,200,true]},"rttpg_author":{"display_name":"Comunicaci\u00f3n","author_link":"https:\/\/fundacioncajaruraldelsur.com\/pt\/author\/sevillaadmin\/"},"rttpg_comment":0,"rttpg_category":"<a href=\"https:\/\/fundacioncajaruraldelsur.com\/pt\/category\/convenios\/\" rel=\"category tag\">Convenios<\/a>","rttpg_excerpt":"Los presidentes de la Cooperativa Nuestra Se\u00f1ora de Gu\u00eda de La Palma, Miguel \u00c1ngel D\u00edaz Aguilar, y de Fundaci\u00f3n Caja Rural del Sur, Jos\u00e9 Luis Garc\u00eda Palacios, han firmado un [&hellip;]","_links":{"self":[{"href":"https:\/\/fundacioncajaruraldelsur.com\/pt\/wp-json\/wp\/v2\/posts\/3718","targetHints":{"allow":["GET"]}}],"collection":[{"href":"https:\/\/fundacioncajaruraldelsur.com\/pt\/wp-json\/wp\/v2\/posts"}],"about":[{"href":"https:\/\/fundacioncajaruraldelsur.com\/pt\/wp-json\/wp\/v2\/types\/post"}],"author":[{"embeddable":true,"href":"https:\/\/fundacioncajaruraldelsur.com\/pt\/wp-json\/wp\/v2\/users\/6"}],"replies":[{"embeddable":true,"href":"https:\/\/fundacioncajaruraldelsur.com\/pt\/wp-json\/wp\/v2\/comments?post=3718"}],"version-history":[{"count":1,"href":"https:\/\/fundacioncajaruraldelsur.com\/pt\/wp-json\/wp\/v2\/posts\/3718\/revisions"}],"predecessor-version":[{"id":3720,"href":"https:\/\/fundacioncajaruraldelsur.com\/pt\/wp-json\/wp\/v2\/posts\/3718\/revisions\/3720"}],"wp:featuredmedia":[{"embeddable":true,"href":"https:\/\/fundacioncajaruraldelsur.com\/pt\/wp-json\/wp\/v2\/media\/3719"}],"wp:attachment":[{"href":"https:\/\/fundacioncajaruraldelsur.com\/pt\/wp-json\/wp\/v2\/media?parent=3718"}],"wp:term":[{"taxonomy":"category","embeddable":true,"href":"https:\/\/fundacioncajaruraldelsur.com\/pt\/wp-json\/wp\/v2\/categories?post=3718"},{"taxonomy":"post_tag","embeddable":true,"href":"https:\/\/fundacioncajaruraldelsur.com\/pt\/wp-json\/wp\/v2\/tags?post=3718"}],"curies":[{"name":"wp","href":"https:\/\/api.w.org\/{rel}","templated":true}]}}