{"id":3712,"date":"2018-09-16T11:11:40","date_gmt":"2018-09-16T11:11:40","guid":{"rendered":"\/?p=3712"},"modified":"2018-09-16T11:11:40","modified_gmt":"2018-09-16T11:11:40","slug":"fundacion-caja-rural-del-sur-respalda-la-novena-edicion-la-feria-agroganadera-carmona-agroporc","status":"publish","type":"post","link":"https:\/\/fundacioncajaruraldelsur.com\/pt\/fundacion-caja-rural-del-sur-respalda-la-novena-edicion-la-feria-agroganadera-carmona-agroporc\/","title":{"rendered":"Fundaci\u00f3n Caja Rural del Sur respalda la novena edici\u00f3n de la feria agroganadera de Carmona, Agroporc"},"content":{"rendered":"<p>El Alcalde de Carmona, Juan \u00c1vila, y el director general de la Fundaci\u00f3n Caja Rural del Sur, Emilio Ponce, han firmado un convenio de colaboraci\u00f3n para la promoci\u00f3n y el impulso de Agroporc 2018, la nueva edici\u00f3n de la Feria Agr\u00edcola y Ganadera de esta localidad sevillana, que un a\u00f1o m\u00e1s se celebra del 20 al 23 de septiembre.<\/p>\n<p>De este modo, la entidad respalda un a\u00f1o m\u00e1s la que ser\u00e1 en este caso la novena\u00a0edici\u00f3n de un evento empresarial consolidado como feria de referencia en Andaluc\u00eda y cita imprescindible del sector agr\u00edcola y ganadero.<\/p>\n<p>Durante la firma del convenio, Juan \u00c1vila ha agradecido \u201cla renovaci\u00f3n del apoyo por parte de la Fundaci\u00f3n Caja Rural del Sur para que Agroporc siga creciendo como feria clave del sector en la regi\u00f3n\u201d.<\/p>\n<p>Por su parte, Emilio Ponce ha se\u00f1alado que \u201ceste apoyo responde a los objetivos de la Fundaci\u00f3n de acompa\u00f1ar a las mejores iniciativas y eventos en favor del sector agrario y ganadero andaluz\u201d.<\/p>\n<p>Con m\u00e1s de 200 empresas nacionales e internacionales, Agroporc dar\u00e1 a conocer las \u00faltimas novedades y avances a los profesionales del sector.<\/p>\n<p>Se esperan como otros a\u00f1os m\u00e1s de 65.000 visitas, con m\u00e1s de 45.000 metros cuadrados de recinto en el casco urbano de Carmona, y un alto volumen de negocio generado como se ha producido en las anteriores ediciones.<\/p>\n<p><a href=\"\/wp-content\/uploads\/2018\/09\/Firma-convenio-Agroporc-2018.jpg\" rel=\"lightbox-0\"><img loading=\"lazy\" decoding=\"async\" class=\"alignnone wp-image-3713 size-full\" src=\"\/wp-content\/uploads\/2018\/09\/Firma-convenio-Agroporc-2018.jpg\" alt=\"\" width=\"895\" height=\"671\" srcset=\"https:\/\/fundacioncajaruraldelsur.com\/wp-content\/uploads\/2018\/09\/Firma-convenio-Agroporc-2018.jpg 895w, https:\/\/fundacioncajaruraldelsur.com\/wp-content\/uploads\/2018\/09\/Firma-convenio-Agroporc-2018-300x225.jpg 300w, https:\/\/fundacioncajaruraldelsur.com\/wp-content\/uploads\/2018\/09\/Firma-convenio-Agroporc-2018-768x576.jpg 768w\" sizes=\"auto, (max-width: 895px) 100vw, 895px\" \/><\/a><\/p>","protected":false},"excerpt":{"rendered":"<p>El Alcalde de Carmona, Juan \u00c1vila, y el director general de la Fundaci\u00f3n Caja Rural del Sur, Emilio Ponce, han firmado un convenio de colaboraci\u00f3n para la promoci\u00f3n y el [&hellip;]<\/p>\n","protected":false},"author":6,"featured_media":3714,"comment_status":"closed","ping_status":"open","sticky":false,"template":"","format":"standard","meta":{"footnotes":""},"categories":[67],"tags":[],"class_list":["post-3712","post","type-post","status-publish","format-standard","has-post-thumbnail","hentry","category-convenios"],"yoast_head":"<!-- This site is optimized with the Yoast SEO plugin v27.3 - https:\/\/yoast.com\/product\/yoast-seo-wordpress\/ -->\n<title>Fundaci\u00f3n Caja Rural del Sur respalda la novena edici\u00f3n de la feria agroganadera de Carmona, Agroporc - Fundaci\u00f3n Caja Rural del Sur<\/title>\n<meta name=\"robots\" content=\"index, follow, max-snippet:-1, max-image-preview:large, max-video-preview:-1\" \/>\n<link rel=\"canonical\" href=\"https:\/\/fundacioncajaruraldelsur.com\/pt\/fundacion-caja-rural-del-sur-respalda-la-novena-edicion-la-feria-agroganadera-carmona-agroporc\/\" \/>\n<meta property=\"og:locale\" content=\"pt_PT\" \/>\n<meta property=\"og:type\" content=\"article\" \/>\n<meta property=\"og:title\" content=\"Fundaci\u00f3n Caja Rural del Sur respalda la novena edici\u00f3n de la feria agroganadera de Carmona, Agroporc - Fundaci\u00f3n Caja Rural del Sur\" \/>\n<meta property=\"og:description\" content=\"El Alcalde de Carmona, Juan \u00c1vila, y el director general de la Fundaci\u00f3n Caja Rural del Sur, Emilio Ponce, han firmado un convenio de colaboraci\u00f3n para la promoci\u00f3n y el [&hellip;]\" \/>\n<meta property=\"og:url\" content=\"https:\/\/fundacioncajaruraldelsur.com\/pt\/fundacion-caja-rural-del-sur-respalda-la-novena-edicion-la-feria-agroganadera-carmona-agroporc\/\" \/>\n<meta property=\"og:site_name\" content=\"Fundaci\u00f3n Caja Rural del Sur\" \/>\n<meta property=\"article:published_time\" content=\"2018-09-16T11:11:40+00:00\" \/>\n<meta property=\"og:image\" content=\"https:\/\/fundacioncajaruraldelsur.com\/wp-content\/uploads\/2018\/09\/Juan-A\u0301vila-y-Emilio-Ponce-Agroporc-2018.jpg\" \/>\n\t<meta property=\"og:image:width\" content=\"955\" \/>\n\t<meta property=\"og:image:height\" content=\"716\" \/>\n\t<meta property=\"og:image:type\" content=\"image\/jpeg\" \/>\n<meta name=\"author\" content=\"Comunicaci\u00f3n\" \/>\n<meta name=\"twitter:card\" content=\"summary_large_image\" \/>\n<meta name=\"twitter:label1\" content=\"Written by\" \/>\n\t<meta name=\"twitter:data1\" content=\"Comunicaci\u00f3n\" \/>\n\t<meta name=\"twitter:label2\" content=\"Est. reading time\" \/>\n\t<meta name=\"twitter:data2\" content=\"1 minute\" \/>\n<script type=\"application\/ld+json\" class=\"yoast-schema-graph\">{\"@context\":\"https:\\\/\\\/schema.org\",\"@graph\":[{\"@type\":\"Article\",\"@id\":\"https:\\\/\\\/fundacioncajaruraldelsur.com\\\/fundacion-caja-rural-del-sur-respalda-la-novena-edicion-la-feria-agroganadera-carmona-agroporc\\\/#article\",\"isPartOf\":{\"@id\":\"https:\\\/\\\/fundacioncajaruraldelsur.com\\\/fundacion-caja-rural-del-sur-respalda-la-novena-edicion-la-feria-agroganadera-carmona-agroporc\\\/\"},\"author\":{\"name\":\"Comunicaci\u00f3n\",\"@id\":\"https:\\\/\\\/fundacioncajaruraldelsur.com\\\/#\\\/schema\\\/person\\\/f430da9fb783d505ff061ad8b3d44577\"},\"headline\":\"Fundaci\u00f3n Caja Rural del Sur respalda la novena edici\u00f3n de la feria agroganadera de Carmona, Agroporc\",\"datePublished\":\"2018-09-16T11:11:40+00:00\",\"mainEntityOfPage\":{\"@id\":\"https:\\\/\\\/fundacioncajaruraldelsur.com\\\/fundacion-caja-rural-del-sur-respalda-la-novena-edicion-la-feria-agroganadera-carmona-agroporc\\\/\"},\"wordCount\":258,\"image\":{\"@id\":\"https:\\\/\\\/fundacioncajaruraldelsur.com\\\/fundacion-caja-rural-del-sur-respalda-la-novena-edicion-la-feria-agroganadera-carmona-agroporc\\\/#primaryimage\"},\"thumbnailUrl\":\"https:\\\/\\\/fundacioncajaruraldelsur.com\\\/wp-content\\\/uploads\\\/2018\\\/09\\\/Juan-A\u0301vila-y-Emilio-Ponce-Agroporc-2018.jpg\",\"articleSection\":[\"Convenios\"],\"inLanguage\":\"pt-PT\"},{\"@type\":\"WebPage\",\"@id\":\"https:\\\/\\\/fundacioncajaruraldelsur.com\\\/fundacion-caja-rural-del-sur-respalda-la-novena-edicion-la-feria-agroganadera-carmona-agroporc\\\/\",\"url\":\"https:\\\/\\\/fundacioncajaruraldelsur.com\\\/fundacion-caja-rural-del-sur-respalda-la-novena-edicion-la-feria-agroganadera-carmona-agroporc\\\/\",\"name\":\"Fundaci\u00f3n Caja Rural del Sur respalda la novena edici\u00f3n de la feria agroganadera de Carmona, Agroporc - Fundaci\u00f3n Caja Rural del Sur\",\"isPartOf\":{\"@id\":\"https:\\\/\\\/fundacioncajaruraldelsur.com\\\/#website\"},\"primaryImageOfPage\":{\"@id\":\"https:\\\/\\\/fundacioncajaruraldelsur.com\\\/fundacion-caja-rural-del-sur-respalda-la-novena-edicion-la-feria-agroganadera-carmona-agroporc\\\/#primaryimage\"},\"image\":{\"@id\":\"https:\\\/\\\/fundacioncajaruraldelsur.com\\\/fundacion-caja-rural-del-sur-respalda-la-novena-edicion-la-feria-agroganadera-carmona-agroporc\\\/#primaryimage\"},\"thumbnailUrl\":\"https:\\\/\\\/fundacioncajaruraldelsur.com\\\/wp-content\\\/uploads\\\/2018\\\/09\\\/Juan-A\u0301vila-y-Emilio-Ponce-Agroporc-2018.jpg\",\"datePublished\":\"2018-09-16T11:11:40+00:00\",\"author\":{\"@id\":\"https:\\\/\\\/fundacioncajaruraldelsur.com\\\/#\\\/schema\\\/person\\\/f430da9fb783d505ff061ad8b3d44577\"},\"breadcrumb\":{\"@id\":\"https:\\\/\\\/fundacioncajaruraldelsur.com\\\/fundacion-caja-rural-del-sur-respalda-la-novena-edicion-la-feria-agroganadera-carmona-agroporc\\\/#breadcrumb\"},\"inLanguage\":\"pt-PT\",\"potentialAction\":[{\"@type\":\"ReadAction\",\"target\":[\"https:\\\/\\\/fundacioncajaruraldelsur.com\\\/fundacion-caja-rural-del-sur-respalda-la-novena-edicion-la-feria-agroganadera-carmona-agroporc\\\/\"]}]},{\"@type\":\"ImageObject\",\"inLanguage\":\"pt-PT\",\"@id\":\"https:\\\/\\\/fundacioncajaruraldelsur.com\\\/fundacion-caja-rural-del-sur-respalda-la-novena-edicion-la-feria-agroganadera-carmona-agroporc\\\/#primaryimage\",\"url\":\"https:\\\/\\\/fundacioncajaruraldelsur.com\\\/wp-content\\\/uploads\\\/2018\\\/09\\\/Juan-A\u0301vila-y-Emilio-Ponce-Agroporc-2018.jpg\",\"contentUrl\":\"https:\\\/\\\/fundacioncajaruraldelsur.com\\\/wp-content\\\/uploads\\\/2018\\\/09\\\/Juan-A\u0301vila-y-Emilio-Ponce-Agroporc-2018.jpg\",\"width\":955,\"height\":716},{\"@type\":\"BreadcrumbList\",\"@id\":\"https:\\\/\\\/fundacioncajaruraldelsur.com\\\/fundacion-caja-rural-del-sur-respalda-la-novena-edicion-la-feria-agroganadera-carmona-agroporc\\\/#breadcrumb\",\"itemListElement\":[{\"@type\":\"ListItem\",\"position\":1,\"name\":\"Portada\",\"item\":\"https:\\\/\\\/fundacioncajaruraldelsur.com\\\/\"},{\"@type\":\"ListItem\",\"position\":2,\"name\":\"Fundaci\u00f3n Caja Rural del Sur respalda la novena edici\u00f3n de la feria agroganadera de Carmona, Agroporc\"}]},{\"@type\":\"WebSite\",\"@id\":\"https:\\\/\\\/fundacioncajaruraldelsur.com\\\/#website\",\"url\":\"https:\\\/\\\/fundacioncajaruraldelsur.com\\\/\",\"name\":\"Fundaci\u00f3n Caja Rural del Sur\",\"description\":\"\",\"potentialAction\":[{\"@type\":\"SearchAction\",\"target\":{\"@type\":\"EntryPoint\",\"urlTemplate\":\"https:\\\/\\\/fundacioncajaruraldelsur.com\\\/?s={search_term_string}\"},\"query-input\":{\"@type\":\"PropertyValueSpecification\",\"valueRequired\":true,\"valueName\":\"search_term_string\"}}],\"inLanguage\":\"pt-PT\"},{\"@type\":\"Person\",\"@id\":\"https:\\\/\\\/fundacioncajaruraldelsur.com\\\/#\\\/schema\\\/person\\\/f430da9fb783d505ff061ad8b3d44577\",\"name\":\"Comunicaci\u00f3n\",\"image\":{\"@type\":\"ImageObject\",\"inLanguage\":\"pt-PT\",\"@id\":\"https:\\\/\\\/secure.gravatar.com\\\/avatar\\\/0dca239875993680bac4603ad2de7942da018f52cc3a244578e0b3b09314a8d8?s=96&d=blank&r=g\",\"url\":\"https:\\\/\\\/secure.gravatar.com\\\/avatar\\\/0dca239875993680bac4603ad2de7942da018f52cc3a244578e0b3b09314a8d8?s=96&d=blank&r=g\",\"contentUrl\":\"https:\\\/\\\/secure.gravatar.com\\\/avatar\\\/0dca239875993680bac4603ad2de7942da018f52cc3a244578e0b3b09314a8d8?s=96&d=blank&r=g\",\"caption\":\"Comunicaci\u00f3n\"}}]}<\/script>\n<!-- \/ Yoast SEO plugin. -->","yoast_head_json":{"title":"Fundaci\u00f3n Caja Rural del Sur respalda la novena edici\u00f3n de la feria agroganadera de Carmona, Agroporc - Fundaci\u00f3n Caja Rural del Sur","robots":{"index":"index","follow":"follow","max-snippet":"max-snippet:-1","max-image-preview":"max-image-preview:large","max-video-preview":"max-video-preview:-1"},"canonical":"https:\/\/fundacioncajaruraldelsur.com\/pt\/fundacion-caja-rural-del-sur-respalda-la-novena-edicion-la-feria-agroganadera-carmona-agroporc\/","og_locale":"pt_PT","og_type":"article","og_title":"Fundaci\u00f3n Caja Rural del Sur respalda la novena edici\u00f3n de la feria agroganadera de Carmona, Agroporc - Fundaci\u00f3n Caja Rural del Sur","og_description":"El Alcalde de Carmona, Juan \u00c1vila, y el director general de la Fundaci\u00f3n Caja Rural del Sur, Emilio Ponce, han firmado un convenio de colaboraci\u00f3n para la promoci\u00f3n y el [&hellip;]","og_url":"https:\/\/fundacioncajaruraldelsur.com\/pt\/fundacion-caja-rural-del-sur-respalda-la-novena-edicion-la-feria-agroganadera-carmona-agroporc\/","og_site_name":"Fundaci\u00f3n Caja Rural del Sur","article_published_time":"2018-09-16T11:11:40+00:00","og_image":[{"width":955,"height":716,"url":"https:\/\/fundacioncajaruraldelsur.com\/wp-content\/uploads\/2018\/09\/Juan-A\u0301vila-y-Emilio-Ponce-Agroporc-2018.jpg","type":"image\/jpeg"}],"author":"Comunicaci\u00f3n","twitter_card":"summary_large_image","twitter_misc":{"Written by":"Comunicaci\u00f3n","Est. reading time":"1 minute"},"schema":{"@context":"https:\/\/schema.org","@graph":[{"@type":"Article","@id":"https:\/\/fundacioncajaruraldelsur.com\/fundacion-caja-rural-del-sur-respalda-la-novena-edicion-la-feria-agroganadera-carmona-agroporc\/#article","isPartOf":{"@id":"https:\/\/fundacioncajaruraldelsur.com\/fundacion-caja-rural-del-sur-respalda-la-novena-edicion-la-feria-agroganadera-carmona-agroporc\/"},"author":{"name":"Comunicaci\u00f3n","@id":"https:\/\/fundacioncajaruraldelsur.com\/#\/schema\/person\/f430da9fb783d505ff061ad8b3d44577"},"headline":"Fundaci\u00f3n Caja Rural del Sur respalda la novena edici\u00f3n de la feria agroganadera de Carmona, Agroporc","datePublished":"2018-09-16T11:11:40+00:00","mainEntityOfPage":{"@id":"https:\/\/fundacioncajaruraldelsur.com\/fundacion-caja-rural-del-sur-respalda-la-novena-edicion-la-feria-agroganadera-carmona-agroporc\/"},"wordCount":258,"image":{"@id":"https:\/\/fundacioncajaruraldelsur.com\/fundacion-caja-rural-del-sur-respalda-la-novena-edicion-la-feria-agroganadera-carmona-agroporc\/#primaryimage"},"thumbnailUrl":"https:\/\/fundacioncajaruraldelsur.com\/wp-content\/uploads\/2018\/09\/Juan-A\u0301vila-y-Emilio-Ponce-Agroporc-2018.jpg","articleSection":["Convenios"],"inLanguage":"pt-PT"},{"@type":"WebPage","@id":"https:\/\/fundacioncajaruraldelsur.com\/fundacion-caja-rural-del-sur-respalda-la-novena-edicion-la-feria-agroganadera-carmona-agroporc\/","url":"https:\/\/fundacioncajaruraldelsur.com\/fundacion-caja-rural-del-sur-respalda-la-novena-edicion-la-feria-agroganadera-carmona-agroporc\/","name":"Fundaci\u00f3n Caja Rural del Sur respalda la novena edici\u00f3n de la feria agroganadera de Carmona, Agroporc - Fundaci\u00f3n Caja Rural del Sur","isPartOf":{"@id":"https:\/\/fundacioncajaruraldelsur.com\/#website"},"primaryImageOfPage":{"@id":"https:\/\/fundacioncajaruraldelsur.com\/fundacion-caja-rural-del-sur-respalda-la-novena-edicion-la-feria-agroganadera-carmona-agroporc\/#primaryimage"},"image":{"@id":"https:\/\/fundacioncajaruraldelsur.com\/fundacion-caja-rural-del-sur-respalda-la-novena-edicion-la-feria-agroganadera-carmona-agroporc\/#primaryimage"},"thumbnailUrl":"https:\/\/fundacioncajaruraldelsur.com\/wp-content\/uploads\/2018\/09\/Juan-A\u0301vila-y-Emilio-Ponce-Agroporc-2018.jpg","datePublished":"2018-09-16T11:11:40+00:00","author":{"@id":"https:\/\/fundacioncajaruraldelsur.com\/#\/schema\/person\/f430da9fb783d505ff061ad8b3d44577"},"breadcrumb":{"@id":"https:\/\/fundacioncajaruraldelsur.com\/fundacion-caja-rural-del-sur-respalda-la-novena-edicion-la-feria-agroganadera-carmona-agroporc\/#breadcrumb"},"inLanguage":"pt-PT","potentialAction":[{"@type":"ReadAction","target":["https:\/\/fundacioncajaruraldelsur.com\/fundacion-caja-rural-del-sur-respalda-la-novena-edicion-la-feria-agroganadera-carmona-agroporc\/"]}]},{"@type":"ImageObject","inLanguage":"pt-PT","@id":"https:\/\/fundacioncajaruraldelsur.com\/fundacion-caja-rural-del-sur-respalda-la-novena-edicion-la-feria-agroganadera-carmona-agroporc\/#primaryimage","url":"https:\/\/fundacioncajaruraldelsur.com\/wp-content\/uploads\/2018\/09\/Juan-A\u0301vila-y-Emilio-Ponce-Agroporc-2018.jpg","contentUrl":"https:\/\/fundacioncajaruraldelsur.com\/wp-content\/uploads\/2018\/09\/Juan-A\u0301vila-y-Emilio-Ponce-Agroporc-2018.jpg","width":955,"height":716},{"@type":"BreadcrumbList","@id":"https:\/\/fundacioncajaruraldelsur.com\/fundacion-caja-rural-del-sur-respalda-la-novena-edicion-la-feria-agroganadera-carmona-agroporc\/#breadcrumb","itemListElement":[{"@type":"ListItem","position":1,"name":"Portada","item":"https:\/\/fundacioncajaruraldelsur.com\/"},{"@type":"ListItem","position":2,"name":"Fundaci\u00f3n Caja Rural del Sur respalda la novena edici\u00f3n de la feria agroganadera de Carmona, Agroporc"}]},{"@type":"WebSite","@id":"https:\/\/fundacioncajaruraldelsur.com\/#website","url":"https:\/\/fundacioncajaruraldelsur.com\/","name":"Funda\u00e7\u00e3o Caja Rural del Sur","description":"","potentialAction":[{"@type":"SearchAction","target":{"@type":"EntryPoint","urlTemplate":"https:\/\/fundacioncajaruraldelsur.com\/?s={search_term_string}"},"query-input":{"@type":"PropertyValueSpecification","valueRequired":true,"valueName":"search_term_string"}}],"inLanguage":"pt-PT"},{"@type":"Person","@id":"https:\/\/fundacioncajaruraldelsur.com\/#\/schema\/person\/f430da9fb783d505ff061ad8b3d44577","name":"Comunicaci\u00f3n","image":{"@type":"ImageObject","inLanguage":"pt-PT","@id":"https:\/\/secure.gravatar.com\/avatar\/0dca239875993680bac4603ad2de7942da018f52cc3a244578e0b3b09314a8d8?s=96&d=blank&r=g","url":"https:\/\/secure.gravatar.com\/avatar\/0dca239875993680bac4603ad2de7942da018f52cc3a244578e0b3b09314a8d8?s=96&d=blank&r=g","contentUrl":"https:\/\/secure.gravatar.com\/avatar\/0dca239875993680bac4603ad2de7942da018f52cc3a244578e0b3b09314a8d8?s=96&d=blank&r=g","caption":"Comunicaci\u00f3n"}}]}},"rttpg_featured_image_url":{"full":["https:\/\/fundacioncajaruraldelsur.com\/wp-content\/uploads\/2018\/09\/Juan-A\u0301vila-y-Emilio-Ponce-Agroporc-2018.jpg",955,716,false],"landscape":["https:\/\/fundacioncajaruraldelsur.com\/wp-content\/uploads\/2018\/09\/Juan-A\u0301vila-y-Emilio-Ponce-Agroporc-2018.jpg",955,716,false],"portraits":["https:\/\/fundacioncajaruraldelsur.com\/wp-content\/uploads\/2018\/09\/Juan-A\u0301vila-y-Emilio-Ponce-Agroporc-2018.jpg",955,716,false],"thumbnail":["https:\/\/fundacioncajaruraldelsur.com\/wp-content\/uploads\/2018\/09\/Juan-A\u0301vila-y-Emilio-Ponce-Agroporc-2018-150x150.jpg",150,150,true],"medium":["https:\/\/fundacioncajaruraldelsur.com\/wp-content\/uploads\/2018\/09\/Juan-A\u0301vila-y-Emilio-Ponce-Agroporc-2018-300x225.jpg",300,225,true],"large":["https:\/\/fundacioncajaruraldelsur.com\/wp-content\/uploads\/2018\/09\/Juan-A\u0301vila-y-Emilio-Ponce-Agroporc-2018.jpg",955,716,false],"1536x1536":["https:\/\/fundacioncajaruraldelsur.com\/wp-content\/uploads\/2018\/09\/Juan-A\u0301vila-y-Emilio-Ponce-Agroporc-2018.jpg",955,716,false],"2048x2048":["https:\/\/fundacioncajaruraldelsur.com\/wp-content\/uploads\/2018\/09\/Juan-A\u0301vila-y-Emilio-Ponce-Agroporc-2018.jpg",955,716,false],"trp-custom-language-flag":["https:\/\/fundacioncajaruraldelsur.com\/wp-content\/uploads\/2018\/09\/Juan-A\u0301vila-y-Emilio-Ponce-Agroporc-2018.jpg",16,12,false],"blog-thumbnail":["https:\/\/fundacioncajaruraldelsur.com\/wp-content\/uploads\/2018\/09\/Juan-A\u0301vila-y-Emilio-Ponce-Agroporc-2018-400x200.jpg",400,200,true]},"rttpg_author":{"display_name":"Comunicaci\u00f3n","author_link":"https:\/\/fundacioncajaruraldelsur.com\/pt\/author\/sevillaadmin\/"},"rttpg_comment":0,"rttpg_category":"<a href=\"https:\/\/fundacioncajaruraldelsur.com\/pt\/category\/convenios\/\" rel=\"category tag\">Convenios<\/a>","rttpg_excerpt":"El Alcalde de Carmona, Juan \u00c1vila, y el director general de la Fundaci\u00f3n Caja Rural del Sur, Emilio Ponce, han firmado un convenio de colaboraci\u00f3n para la promoci\u00f3n y el [&hellip;]","_links":{"self":[{"href":"https:\/\/fundacioncajaruraldelsur.com\/pt\/wp-json\/wp\/v2\/posts\/3712","targetHints":{"allow":["GET"]}}],"collection":[{"href":"https:\/\/fundacioncajaruraldelsur.com\/pt\/wp-json\/wp\/v2\/posts"}],"about":[{"href":"https:\/\/fundacioncajaruraldelsur.com\/pt\/wp-json\/wp\/v2\/types\/post"}],"author":[{"embeddable":true,"href":"https:\/\/fundacioncajaruraldelsur.com\/pt\/wp-json\/wp\/v2\/users\/6"}],"replies":[{"embeddable":true,"href":"https:\/\/fundacioncajaruraldelsur.com\/pt\/wp-json\/wp\/v2\/comments?post=3712"}],"version-history":[{"count":1,"href":"https:\/\/fundacioncajaruraldelsur.com\/pt\/wp-json\/wp\/v2\/posts\/3712\/revisions"}],"predecessor-version":[{"id":3715,"href":"https:\/\/fundacioncajaruraldelsur.com\/pt\/wp-json\/wp\/v2\/posts\/3712\/revisions\/3715"}],"wp:featuredmedia":[{"embeddable":true,"href":"https:\/\/fundacioncajaruraldelsur.com\/pt\/wp-json\/wp\/v2\/media\/3714"}],"wp:attachment":[{"href":"https:\/\/fundacioncajaruraldelsur.com\/pt\/wp-json\/wp\/v2\/media?parent=3712"}],"wp:term":[{"taxonomy":"category","embeddable":true,"href":"https:\/\/fundacioncajaruraldelsur.com\/pt\/wp-json\/wp\/v2\/categories?post=3712"},{"taxonomy":"post_tag","embeddable":true,"href":"https:\/\/fundacioncajaruraldelsur.com\/pt\/wp-json\/wp\/v2\/tags?post=3712"}],"curies":[{"name":"wp","href":"https:\/\/api.w.org\/{rel}","templated":true}]}}