{"id":3688,"date":"2018-07-12T10:25:28","date_gmt":"2018-07-12T10:25:28","guid":{"rendered":"\/?p=3688"},"modified":"2018-07-12T10:25:28","modified_gmt":"2018-07-12T10:25:28","slug":"fundacion-caja-rural-del-sur-consejero-agricultura-la-fundacion-camara-comercio-sevilla","status":"publish","type":"post","link":"https:\/\/fundacioncajaruraldelsur.com\/pt\/fundacion-caja-rural-del-sur-consejero-agricultura-la-fundacion-camara-comercio-sevilla\/","title":{"rendered":"Fundaci\u00f3n Caja Rural del Sur con el Consejero de Agricultura y la Fundaci\u00f3n C\u00e1mara de Comercio de Sevilla"},"content":{"rendered":"<p>Con la colaboraci\u00f3n de la Fundaci\u00f3n Caja Rural del Sur , el Club Antares de Sevilla de la C\u00e1mara de Comercio sevillana ha celebrado un Foro dedicado al sector agroalimentario andaluz con la intervenci\u00f3n del consejero de Agricultura, Pesca y Desarrollo Rural, Rodrigo S\u00e1nchez Haro, encuentro que ha contado con la presencia del presidente de la Fundaci\u00f3n de la entidad, Jos\u00e9 Luis Garc\u00eda-Palacios, acompa\u00f1ado del director de la Fundaci\u00f3n, Emilio Ponce.<\/p>\n<p>S\u00e1nchez Haro ha resaltado durante su intervenci\u00f3n en el desayuno-coloquio de la Fundaci\u00f3n C\u00e1mara de Comercio de Sevilla que la Ley de Agricultura y Ganader\u00eda introduce aspectos de importancia como \u00abel apoyo a la internacionalizaci\u00f3n, la promoci\u00f3n y la innovaci\u00f3n, as\u00ed como medidas para mejorar el equilibrio de valor y sostenibilidad de la cadena alimentaria\u00bb, a lo que ha unido una reclamaci\u00f3n permanente de agricultores y ganaderos: la simplificaci\u00f3n administrativa. Esto, a su juicio, permitir\u00e1 agilizar todo el sector agroalimentario, lo que a su vez redundar\u00e1 en mejorar su competitividad.<\/p>\n<p>Durante su intervenci\u00f3n en la conferencia titulada &#8216;La Ley de Agricultura. Equilibrio y sostenibilidad en la cadena alimentaria&#8217;, S\u00e1nchez Haro ha se\u00f1alado que para afrontar esta cuesti\u00f3n de \u00abenorme importancia\u00bb se activar\u00e1n mecanismos como el sistema de informaci\u00f3n de la cadena alimentaria, que integrar\u00e1 la relaci\u00f3n entre el beneficiario y la Administraci\u00f3n, y \u00abel establecimiento de tr\u00e1mites de comunicaci\u00f3n previa que agilizar\u00e1 la operativa\u00bb. De esta manera, para iniciar un nuevo proyecto industrial bastar\u00e1 con una comunicaci\u00f3n previa del inicio de su actividad, realiz\u00e1ndose m\u00e1s adelante los controles pertinentes. Adem\u00e1s, \u00abla informaci\u00f3n que ya se haya aportado estar\u00e1 integrada en el mismo sistema, sin tener que aportarla de nuevo\u00bb.<\/p>\n<p>La simplificaci\u00f3n administrativa es uno de los desaf\u00edos que afronta la Ley de Agricultura y Ganader\u00eda, que tambi\u00e9n \u00abpotenciar\u00e1 la innovaci\u00f3n tecnol\u00f3gica y la digitalizaci\u00f3n, as\u00ed como la internacionalizaci\u00f3n y la promoci\u00f3n del sector\u00bb. Para el representante del Gobierno andaluz, \u00abdada la importancia estrat\u00e9gica de nuestro sector agroalimentario y para que siga siendo un motor de crecimiento en el futuro es necesario impulsarlo con el establecimiento de un marco normativo como \u00e9ste, que aporta ventajas y garant\u00edas a productores, transformadores y comercializadores, y defiende los intereses de los consumidores y la sociedad andaluza en su conjunto\u00bb.<\/p>\n<p>Con el objetivo de impulsar las ventas al exterior, el consejero ha explicado que se crear\u00e1 la Comisi\u00f3n para la Internacionalizaci\u00f3n del sector agroalimentario para \u00abseguir avanzando en el camino de \u00e9xito de las exportaciones y aumentar el n\u00famero de empresas\u00a0\u00a0 que exportan regularmente, ya que de las m\u00e1s de 3.500 firmas andaluzas que venden al extranjero alimentos y bebidas solo el 45% lo hacen regularmente\u00bb. En este sentido, se prev\u00e9n actuaciones coordinadas para mejorar la implantaci\u00f3n en el exterior, mejorar la formaci\u00f3n y asesoramiento o posicionar mejor los productos andaluces.<\/p>\n<p><strong>Impulso a la promoci\u00f3n<\/strong><\/p>\n<p>Asimismo, ha informado de que la norma eleva a rango de ley la promoci\u00f3n, mejorando actuaciones enfocadas a productos amparados en un r\u00e9gimen de calidad diferenciada, el desarrollo de marcas colectivas y de garant\u00eda, la promoci\u00f3n de cadenas de distribuci\u00f3n cortas o de mercados locales, as\u00ed como el desarrollo de proyectos conjuntos de comercializaci\u00f3n, promoci\u00f3n y distribuci\u00f3n.<\/p>\n<p>La ley contempla tambi\u00e9n la creaci\u00f3n de la Estrategia para el Conocimiento, Investigaci\u00f3n, Desarrollo e Innovaci\u00f3n y del Foro Andaluz de Innovaci\u00f3n Agroalimentaria, ya que uno de los fines es precisamente potenciar la innovaci\u00f3n tecnol\u00f3gica y la digitalizaci\u00f3n, as\u00ed como lograr la m\u00e1xima difusi\u00f3n e implantaci\u00f3n de sus resultados. Para Rodrigo S\u00e1nchez Haro, \u00abel sector agroalimentario andaluz no debe limitarse a sobrevivir en la era digital, sino que debe liderarla y revolucionarla\u00bb.<\/p>\n<p>En cuanto a la necesidad de garantizar unas relaciones justas en toda la cadena de valor, ha resaltado que\u00a0 \u00ablas sociedades modernas y avanzadas se preocupan por disponer de una cadena de valor responsable, \u00e9tica y sostenible. Se trata, por tanto, de fomentar un compromiso rec\u00edproco en la cadena de valor para alcanzar un crecimiento conjunto y sostenible\u00bb. Por ello, ha incidido, con este texto se apuesta por la transparencia en los acuerdos comerciales a trav\u00e9s de instrumentos como el Observatorio de Precios o los sistemas de autorregulaci\u00f3n mediante contratos tipo o el arbitraje. Tambi\u00e9n, en busca de un mayor equilibrio entre todos los eslabones, se aumentar\u00e1 el control sobre los alimentos con precios anormalmente bajos (para comprobar que no suponen un fraude de calidad) y se establecer\u00e1 la corresponsabilidad de aquellos operadores que no denuncien estos productos sospechosos.<\/p>\n<p><strong>Sanciones disuasorias<\/strong><\/p>\n<p>A su juicio, no se trata s\u00f3lo de evitar pr\u00e1cticas desleales, sino tambi\u00e9n de proteger los intereses de los consumidores y la sociedad, un punto en el que el consejero ha anotado la novedad de unas sanciones con un marcado car\u00e1cter disuasorio, ya que pueden llegar a ser mayores que el beneficio il\u00edcito obtenido. Asimismo, en los casos m\u00e1s graves, se podr\u00e1 hacer p\u00fablica la empresa sancionada y el producto. Junto a todo ello, el texto normativo impulsar\u00e1 la recuperaci\u00f3n y gesti\u00f3n de los excedentes alimentarios, \u00abdando prioridad al consumo humano con fines solidarios que ya realizan muchas empresas en el marco de su compromiso social, \u00e9tico y ambiental\u00bb.<\/p>\n<p>En definitiva, ha resaltado el consejero, estamos ante \u00abuna ley que adquiere compromisos \u00e9ticos centr\u00e1ndose en el beneficio de las personas y la sociedad andaluza, en la que tanto el sector como la Administraci\u00f3n debemos anticiparnos y marcar el camino\u00bb. \u00abUna ley de futuro para una sociedad que mira al futuro\u00bb, ha apostillado.<\/p>\n<p>Al inicio del encuentro, el presidente de la C\u00e1mara de Comercio, Francisco Herrero, ha trasladado su preocupaci\u00f3n ante la situaci\u00f3n que est\u00e1n acuciando las empresas sevillanas del sector de la aceituna de mesa por el endurecimiento arancelario a la aceituna negra.<\/p>\n<p>En este sentido Francisco Herrero ha instado a la Uni\u00f3n Europea a que \u201cdefienda de forma contundente a todo el sector de la aceituna negra, ante la imposici\u00f3n de estos aranceles. Sevilla y Andaluc\u00eda en su conjunto, cuenta con grandes empresas aceituneras, por lo que esta carga impositiva injusta afecta negativamente a empresas generadoras de riqueza y empleo, que se ven abocadas a reducir costes laborales para soportar dicho rev\u00e9s\u201d, ha concluido.<\/p>","protected":false},"excerpt":{"rendered":"<p>Con la colaboraci\u00f3n de la Fundaci\u00f3n Caja Rural del Sur , el Club Antares de Sevilla de la C\u00e1mara de Comercio sevillana ha celebrado un Foro dedicado al sector agroalimentario [&hellip;]<\/p>\n","protected":false},"author":6,"featured_media":3689,"comment_status":"closed","ping_status":"open","sticky":false,"template":"","format":"standard","meta":{"footnotes":""},"categories":[66],"tags":[],"class_list":["post-3688","post","type-post","status-publish","format-standard","has-post-thumbnail","hentry","category-actos"],"yoast_head":"<!-- This site is optimized with the Yoast SEO plugin v27.3 - https:\/\/yoast.com\/product\/yoast-seo-wordpress\/ -->\n<title>Fundaci\u00f3n Caja Rural del Sur con el Consejero de Agricultura y la Fundaci\u00f3n C\u00e1mara de Comercio de Sevilla - Fundaci\u00f3n Caja Rural del Sur<\/title>\n<meta name=\"robots\" content=\"index, follow, max-snippet:-1, max-image-preview:large, max-video-preview:-1\" \/>\n<link rel=\"canonical\" href=\"https:\/\/fundacioncajaruraldelsur.com\/pt\/fundacion-caja-rural-del-sur-consejero-agricultura-la-fundacion-camara-comercio-sevilla\/\" \/>\n<meta property=\"og:locale\" content=\"pt_PT\" \/>\n<meta property=\"og:type\" content=\"article\" \/>\n<meta property=\"og:title\" content=\"Fundaci\u00f3n Caja Rural del Sur con el Consejero de Agricultura y la Fundaci\u00f3n C\u00e1mara de Comercio de Sevilla - Fundaci\u00f3n Caja Rural del Sur\" \/>\n<meta property=\"og:description\" content=\"Con la colaboraci\u00f3n de la Fundaci\u00f3n Caja Rural del Sur , el Club Antares de Sevilla de la C\u00e1mara de Comercio sevillana ha celebrado un Foro dedicado al sector agroalimentario [&hellip;]\" \/>\n<meta property=\"og:url\" content=\"https:\/\/fundacioncajaruraldelsur.com\/pt\/fundacion-caja-rural-del-sur-consejero-agricultura-la-fundacion-camara-comercio-sevilla\/\" \/>\n<meta property=\"og:site_name\" content=\"Fundaci\u00f3n Caja Rural del Sur\" \/>\n<meta property=\"article:published_time\" content=\"2018-07-12T10:25:28+00:00\" \/>\n<meta property=\"og:image\" content=\"https:\/\/fundacioncajaruraldelsur.com\/wp-content\/uploads\/2018\/07\/Dh43_bdX4AA9AGE.jpg\" \/>\n\t<meta property=\"og:image:width\" content=\"1024\" \/>\n\t<meta property=\"og:image:height\" content=\"682\" \/>\n\t<meta property=\"og:image:type\" content=\"image\/jpeg\" \/>\n<meta name=\"author\" content=\"Comunicaci\u00f3n\" \/>\n<meta name=\"twitter:card\" content=\"summary_large_image\" \/>\n<meta name=\"twitter:label1\" content=\"Written by\" \/>\n\t<meta name=\"twitter:data1\" content=\"Comunicaci\u00f3n\" \/>\n\t<meta name=\"twitter:label2\" content=\"Est. reading time\" \/>\n\t<meta name=\"twitter:data2\" content=\"5 minutes\" \/>\n<script type=\"application\/ld+json\" class=\"yoast-schema-graph\">{\"@context\":\"https:\\\/\\\/schema.org\",\"@graph\":[{\"@type\":\"Article\",\"@id\":\"https:\\\/\\\/fundacioncajaruraldelsur.com\\\/fundacion-caja-rural-del-sur-consejero-agricultura-la-fundacion-camara-comercio-sevilla\\\/#article\",\"isPartOf\":{\"@id\":\"https:\\\/\\\/fundacioncajaruraldelsur.com\\\/fundacion-caja-rural-del-sur-consejero-agricultura-la-fundacion-camara-comercio-sevilla\\\/\"},\"author\":{\"name\":\"Comunicaci\u00f3n\",\"@id\":\"https:\\\/\\\/fundacioncajaruraldelsur.com\\\/#\\\/schema\\\/person\\\/f430da9fb783d505ff061ad8b3d44577\"},\"headline\":\"Fundaci\u00f3n Caja Rural del Sur con el Consejero de Agricultura y la Fundaci\u00f3n C\u00e1mara de Comercio de Sevilla\",\"datePublished\":\"2018-07-12T10:25:28+00:00\",\"mainEntityOfPage\":{\"@id\":\"https:\\\/\\\/fundacioncajaruraldelsur.com\\\/fundacion-caja-rural-del-sur-consejero-agricultura-la-fundacion-camara-comercio-sevilla\\\/\"},\"wordCount\":1120,\"image\":{\"@id\":\"https:\\\/\\\/fundacioncajaruraldelsur.com\\\/fundacion-caja-rural-del-sur-consejero-agricultura-la-fundacion-camara-comercio-sevilla\\\/#primaryimage\"},\"thumbnailUrl\":\"https:\\\/\\\/fundacioncajaruraldelsur.com\\\/wp-content\\\/uploads\\\/2018\\\/07\\\/Dh43_bdX4AA9AGE.jpg\",\"articleSection\":[\"Actos\"],\"inLanguage\":\"pt-PT\"},{\"@type\":\"WebPage\",\"@id\":\"https:\\\/\\\/fundacioncajaruraldelsur.com\\\/fundacion-caja-rural-del-sur-consejero-agricultura-la-fundacion-camara-comercio-sevilla\\\/\",\"url\":\"https:\\\/\\\/fundacioncajaruraldelsur.com\\\/fundacion-caja-rural-del-sur-consejero-agricultura-la-fundacion-camara-comercio-sevilla\\\/\",\"name\":\"Fundaci\u00f3n Caja Rural del Sur con el Consejero de Agricultura y la Fundaci\u00f3n C\u00e1mara de Comercio de Sevilla - Fundaci\u00f3n Caja Rural del Sur\",\"isPartOf\":{\"@id\":\"https:\\\/\\\/fundacioncajaruraldelsur.com\\\/#website\"},\"primaryImageOfPage\":{\"@id\":\"https:\\\/\\\/fundacioncajaruraldelsur.com\\\/fundacion-caja-rural-del-sur-consejero-agricultura-la-fundacion-camara-comercio-sevilla\\\/#primaryimage\"},\"image\":{\"@id\":\"https:\\\/\\\/fundacioncajaruraldelsur.com\\\/fundacion-caja-rural-del-sur-consejero-agricultura-la-fundacion-camara-comercio-sevilla\\\/#primaryimage\"},\"thumbnailUrl\":\"https:\\\/\\\/fundacioncajaruraldelsur.com\\\/wp-content\\\/uploads\\\/2018\\\/07\\\/Dh43_bdX4AA9AGE.jpg\",\"datePublished\":\"2018-07-12T10:25:28+00:00\",\"author\":{\"@id\":\"https:\\\/\\\/fundacioncajaruraldelsur.com\\\/#\\\/schema\\\/person\\\/f430da9fb783d505ff061ad8b3d44577\"},\"breadcrumb\":{\"@id\":\"https:\\\/\\\/fundacioncajaruraldelsur.com\\\/fundacion-caja-rural-del-sur-consejero-agricultura-la-fundacion-camara-comercio-sevilla\\\/#breadcrumb\"},\"inLanguage\":\"pt-PT\",\"potentialAction\":[{\"@type\":\"ReadAction\",\"target\":[\"https:\\\/\\\/fundacioncajaruraldelsur.com\\\/fundacion-caja-rural-del-sur-consejero-agricultura-la-fundacion-camara-comercio-sevilla\\\/\"]}]},{\"@type\":\"ImageObject\",\"inLanguage\":\"pt-PT\",\"@id\":\"https:\\\/\\\/fundacioncajaruraldelsur.com\\\/fundacion-caja-rural-del-sur-consejero-agricultura-la-fundacion-camara-comercio-sevilla\\\/#primaryimage\",\"url\":\"https:\\\/\\\/fundacioncajaruraldelsur.com\\\/wp-content\\\/uploads\\\/2018\\\/07\\\/Dh43_bdX4AA9AGE.jpg\",\"contentUrl\":\"https:\\\/\\\/fundacioncajaruraldelsur.com\\\/wp-content\\\/uploads\\\/2018\\\/07\\\/Dh43_bdX4AA9AGE.jpg\",\"width\":1024,\"height\":682},{\"@type\":\"BreadcrumbList\",\"@id\":\"https:\\\/\\\/fundacioncajaruraldelsur.com\\\/fundacion-caja-rural-del-sur-consejero-agricultura-la-fundacion-camara-comercio-sevilla\\\/#breadcrumb\",\"itemListElement\":[{\"@type\":\"ListItem\",\"position\":1,\"name\":\"Portada\",\"item\":\"https:\\\/\\\/fundacioncajaruraldelsur.com\\\/\"},{\"@type\":\"ListItem\",\"position\":2,\"name\":\"Fundaci\u00f3n Caja Rural del Sur con el Consejero de Agricultura y la Fundaci\u00f3n C\u00e1mara de Comercio de Sevilla\"}]},{\"@type\":\"WebSite\",\"@id\":\"https:\\\/\\\/fundacioncajaruraldelsur.com\\\/#website\",\"url\":\"https:\\\/\\\/fundacioncajaruraldelsur.com\\\/\",\"name\":\"Fundaci\u00f3n Caja Rural del Sur\",\"description\":\"\",\"potentialAction\":[{\"@type\":\"SearchAction\",\"target\":{\"@type\":\"EntryPoint\",\"urlTemplate\":\"https:\\\/\\\/fundacioncajaruraldelsur.com\\\/?s={search_term_string}\"},\"query-input\":{\"@type\":\"PropertyValueSpecification\",\"valueRequired\":true,\"valueName\":\"search_term_string\"}}],\"inLanguage\":\"pt-PT\"},{\"@type\":\"Person\",\"@id\":\"https:\\\/\\\/fundacioncajaruraldelsur.com\\\/#\\\/schema\\\/person\\\/f430da9fb783d505ff061ad8b3d44577\",\"name\":\"Comunicaci\u00f3n\",\"image\":{\"@type\":\"ImageObject\",\"inLanguage\":\"pt-PT\",\"@id\":\"https:\\\/\\\/secure.gravatar.com\\\/avatar\\\/0dca239875993680bac4603ad2de7942da018f52cc3a244578e0b3b09314a8d8?s=96&d=blank&r=g\",\"url\":\"https:\\\/\\\/secure.gravatar.com\\\/avatar\\\/0dca239875993680bac4603ad2de7942da018f52cc3a244578e0b3b09314a8d8?s=96&d=blank&r=g\",\"contentUrl\":\"https:\\\/\\\/secure.gravatar.com\\\/avatar\\\/0dca239875993680bac4603ad2de7942da018f52cc3a244578e0b3b09314a8d8?s=96&d=blank&r=g\",\"caption\":\"Comunicaci\u00f3n\"}}]}<\/script>\n<!-- \/ Yoast SEO plugin. -->","yoast_head_json":{"title":"Fundaci\u00f3n Caja Rural del Sur con el Consejero de Agricultura y la Fundaci\u00f3n C\u00e1mara de Comercio de Sevilla - Fundaci\u00f3n Caja Rural del Sur","robots":{"index":"index","follow":"follow","max-snippet":"max-snippet:-1","max-image-preview":"max-image-preview:large","max-video-preview":"max-video-preview:-1"},"canonical":"https:\/\/fundacioncajaruraldelsur.com\/pt\/fundacion-caja-rural-del-sur-consejero-agricultura-la-fundacion-camara-comercio-sevilla\/","og_locale":"pt_PT","og_type":"article","og_title":"Fundaci\u00f3n Caja Rural del Sur con el Consejero de Agricultura y la Fundaci\u00f3n C\u00e1mara de Comercio de Sevilla - Fundaci\u00f3n Caja Rural del Sur","og_description":"Con la colaboraci\u00f3n de la Fundaci\u00f3n Caja Rural del Sur , el Club Antares de Sevilla de la C\u00e1mara de Comercio sevillana ha celebrado un Foro dedicado al sector agroalimentario [&hellip;]","og_url":"https:\/\/fundacioncajaruraldelsur.com\/pt\/fundacion-caja-rural-del-sur-consejero-agricultura-la-fundacion-camara-comercio-sevilla\/","og_site_name":"Fundaci\u00f3n Caja Rural del Sur","article_published_time":"2018-07-12T10:25:28+00:00","og_image":[{"width":1024,"height":682,"url":"https:\/\/fundacioncajaruraldelsur.com\/wp-content\/uploads\/2018\/07\/Dh43_bdX4AA9AGE.jpg","type":"image\/jpeg"}],"author":"Comunicaci\u00f3n","twitter_card":"summary_large_image","twitter_misc":{"Written by":"Comunicaci\u00f3n","Est. reading time":"5 minutes"},"schema":{"@context":"https:\/\/schema.org","@graph":[{"@type":"Article","@id":"https:\/\/fundacioncajaruraldelsur.com\/fundacion-caja-rural-del-sur-consejero-agricultura-la-fundacion-camara-comercio-sevilla\/#article","isPartOf":{"@id":"https:\/\/fundacioncajaruraldelsur.com\/fundacion-caja-rural-del-sur-consejero-agricultura-la-fundacion-camara-comercio-sevilla\/"},"author":{"name":"Comunicaci\u00f3n","@id":"https:\/\/fundacioncajaruraldelsur.com\/#\/schema\/person\/f430da9fb783d505ff061ad8b3d44577"},"headline":"Fundaci\u00f3n Caja Rural del Sur con el Consejero de Agricultura y la Fundaci\u00f3n C\u00e1mara de Comercio de Sevilla","datePublished":"2018-07-12T10:25:28+00:00","mainEntityOfPage":{"@id":"https:\/\/fundacioncajaruraldelsur.com\/fundacion-caja-rural-del-sur-consejero-agricultura-la-fundacion-camara-comercio-sevilla\/"},"wordCount":1120,"image":{"@id":"https:\/\/fundacioncajaruraldelsur.com\/fundacion-caja-rural-del-sur-consejero-agricultura-la-fundacion-camara-comercio-sevilla\/#primaryimage"},"thumbnailUrl":"https:\/\/fundacioncajaruraldelsur.com\/wp-content\/uploads\/2018\/07\/Dh43_bdX4AA9AGE.jpg","articleSection":["Actos"],"inLanguage":"pt-PT"},{"@type":"WebPage","@id":"https:\/\/fundacioncajaruraldelsur.com\/fundacion-caja-rural-del-sur-consejero-agricultura-la-fundacion-camara-comercio-sevilla\/","url":"https:\/\/fundacioncajaruraldelsur.com\/fundacion-caja-rural-del-sur-consejero-agricultura-la-fundacion-camara-comercio-sevilla\/","name":"Fundaci\u00f3n Caja Rural del Sur con el Consejero de Agricultura y la Fundaci\u00f3n C\u00e1mara de Comercio de Sevilla - Fundaci\u00f3n Caja Rural del Sur","isPartOf":{"@id":"https:\/\/fundacioncajaruraldelsur.com\/#website"},"primaryImageOfPage":{"@id":"https:\/\/fundacioncajaruraldelsur.com\/fundacion-caja-rural-del-sur-consejero-agricultura-la-fundacion-camara-comercio-sevilla\/#primaryimage"},"image":{"@id":"https:\/\/fundacioncajaruraldelsur.com\/fundacion-caja-rural-del-sur-consejero-agricultura-la-fundacion-camara-comercio-sevilla\/#primaryimage"},"thumbnailUrl":"https:\/\/fundacioncajaruraldelsur.com\/wp-content\/uploads\/2018\/07\/Dh43_bdX4AA9AGE.jpg","datePublished":"2018-07-12T10:25:28+00:00","author":{"@id":"https:\/\/fundacioncajaruraldelsur.com\/#\/schema\/person\/f430da9fb783d505ff061ad8b3d44577"},"breadcrumb":{"@id":"https:\/\/fundacioncajaruraldelsur.com\/fundacion-caja-rural-del-sur-consejero-agricultura-la-fundacion-camara-comercio-sevilla\/#breadcrumb"},"inLanguage":"pt-PT","potentialAction":[{"@type":"ReadAction","target":["https:\/\/fundacioncajaruraldelsur.com\/fundacion-caja-rural-del-sur-consejero-agricultura-la-fundacion-camara-comercio-sevilla\/"]}]},{"@type":"ImageObject","inLanguage":"pt-PT","@id":"https:\/\/fundacioncajaruraldelsur.com\/fundacion-caja-rural-del-sur-consejero-agricultura-la-fundacion-camara-comercio-sevilla\/#primaryimage","url":"https:\/\/fundacioncajaruraldelsur.com\/wp-content\/uploads\/2018\/07\/Dh43_bdX4AA9AGE.jpg","contentUrl":"https:\/\/fundacioncajaruraldelsur.com\/wp-content\/uploads\/2018\/07\/Dh43_bdX4AA9AGE.jpg","width":1024,"height":682},{"@type":"BreadcrumbList","@id":"https:\/\/fundacioncajaruraldelsur.com\/fundacion-caja-rural-del-sur-consejero-agricultura-la-fundacion-camara-comercio-sevilla\/#breadcrumb","itemListElement":[{"@type":"ListItem","position":1,"name":"Portada","item":"https:\/\/fundacioncajaruraldelsur.com\/"},{"@type":"ListItem","position":2,"name":"Fundaci\u00f3n Caja Rural del Sur con el Consejero de Agricultura y la Fundaci\u00f3n C\u00e1mara de Comercio de Sevilla"}]},{"@type":"WebSite","@id":"https:\/\/fundacioncajaruraldelsur.com\/#website","url":"https:\/\/fundacioncajaruraldelsur.com\/","name":"Funda\u00e7\u00e3o Caja Rural del Sur","description":"","potentialAction":[{"@type":"SearchAction","target":{"@type":"EntryPoint","urlTemplate":"https:\/\/fundacioncajaruraldelsur.com\/?s={search_term_string}"},"query-input":{"@type":"PropertyValueSpecification","valueRequired":true,"valueName":"search_term_string"}}],"inLanguage":"pt-PT"},{"@type":"Person","@id":"https:\/\/fundacioncajaruraldelsur.com\/#\/schema\/person\/f430da9fb783d505ff061ad8b3d44577","name":"Comunicaci\u00f3n","image":{"@type":"ImageObject","inLanguage":"pt-PT","@id":"https:\/\/secure.gravatar.com\/avatar\/0dca239875993680bac4603ad2de7942da018f52cc3a244578e0b3b09314a8d8?s=96&d=blank&r=g","url":"https:\/\/secure.gravatar.com\/avatar\/0dca239875993680bac4603ad2de7942da018f52cc3a244578e0b3b09314a8d8?s=96&d=blank&r=g","contentUrl":"https:\/\/secure.gravatar.com\/avatar\/0dca239875993680bac4603ad2de7942da018f52cc3a244578e0b3b09314a8d8?s=96&d=blank&r=g","caption":"Comunicaci\u00f3n"}}]}},"rttpg_featured_image_url":{"full":["https:\/\/fundacioncajaruraldelsur.com\/wp-content\/uploads\/2018\/07\/Dh43_bdX4AA9AGE.jpg",1024,682,false],"landscape":["https:\/\/fundacioncajaruraldelsur.com\/wp-content\/uploads\/2018\/07\/Dh43_bdX4AA9AGE.jpg",1024,682,false],"portraits":["https:\/\/fundacioncajaruraldelsur.com\/wp-content\/uploads\/2018\/07\/Dh43_bdX4AA9AGE.jpg",1024,682,false],"thumbnail":["https:\/\/fundacioncajaruraldelsur.com\/wp-content\/uploads\/2018\/07\/Dh43_bdX4AA9AGE-150x150.jpg",150,150,true],"medium":["https:\/\/fundacioncajaruraldelsur.com\/wp-content\/uploads\/2018\/07\/Dh43_bdX4AA9AGE-300x200.jpg",300,200,true],"large":["https:\/\/fundacioncajaruraldelsur.com\/wp-content\/uploads\/2018\/07\/Dh43_bdX4AA9AGE-1024x682.jpg",960,639,true],"1536x1536":["https:\/\/fundacioncajaruraldelsur.com\/wp-content\/uploads\/2018\/07\/Dh43_bdX4AA9AGE.jpg",1024,682,false],"2048x2048":["https:\/\/fundacioncajaruraldelsur.com\/wp-content\/uploads\/2018\/07\/Dh43_bdX4AA9AGE.jpg",1024,682,false],"trp-custom-language-flag":["https:\/\/fundacioncajaruraldelsur.com\/wp-content\/uploads\/2018\/07\/Dh43_bdX4AA9AGE.jpg",18,12,false],"blog-thumbnail":["https:\/\/fundacioncajaruraldelsur.com\/wp-content\/uploads\/2018\/07\/Dh43_bdX4AA9AGE-400x200.jpg",400,200,true]},"rttpg_author":{"display_name":"Comunicaci\u00f3n","author_link":"https:\/\/fundacioncajaruraldelsur.com\/pt\/author\/sevillaadmin\/"},"rttpg_comment":0,"rttpg_category":"<a href=\"https:\/\/fundacioncajaruraldelsur.com\/pt\/category\/actos\/\" rel=\"category tag\">Actos<\/a>","rttpg_excerpt":"Con la colaboraci\u00f3n de la Fundaci\u00f3n Caja Rural del Sur , el Club Antares de Sevilla de la C\u00e1mara de Comercio sevillana ha celebrado un Foro dedicado al sector agroalimentario [&hellip;]","_links":{"self":[{"href":"https:\/\/fundacioncajaruraldelsur.com\/pt\/wp-json\/wp\/v2\/posts\/3688","targetHints":{"allow":["GET"]}}],"collection":[{"href":"https:\/\/fundacioncajaruraldelsur.com\/pt\/wp-json\/wp\/v2\/posts"}],"about":[{"href":"https:\/\/fundacioncajaruraldelsur.com\/pt\/wp-json\/wp\/v2\/types\/post"}],"author":[{"embeddable":true,"href":"https:\/\/fundacioncajaruraldelsur.com\/pt\/wp-json\/wp\/v2\/users\/6"}],"replies":[{"embeddable":true,"href":"https:\/\/fundacioncajaruraldelsur.com\/pt\/wp-json\/wp\/v2\/comments?post=3688"}],"version-history":[{"count":1,"href":"https:\/\/fundacioncajaruraldelsur.com\/pt\/wp-json\/wp\/v2\/posts\/3688\/revisions"}],"predecessor-version":[{"id":3690,"href":"https:\/\/fundacioncajaruraldelsur.com\/pt\/wp-json\/wp\/v2\/posts\/3688\/revisions\/3690"}],"wp:featuredmedia":[{"embeddable":true,"href":"https:\/\/fundacioncajaruraldelsur.com\/pt\/wp-json\/wp\/v2\/media\/3689"}],"wp:attachment":[{"href":"https:\/\/fundacioncajaruraldelsur.com\/pt\/wp-json\/wp\/v2\/media?parent=3688"}],"wp:term":[{"taxonomy":"category","embeddable":true,"href":"https:\/\/fundacioncajaruraldelsur.com\/pt\/wp-json\/wp\/v2\/categories?post=3688"},{"taxonomy":"post_tag","embeddable":true,"href":"https:\/\/fundacioncajaruraldelsur.com\/pt\/wp-json\/wp\/v2\/tags?post=3688"}],"curies":[{"name":"wp","href":"https:\/\/api.w.org\/{rel}","templated":true}]}}