{"id":3680,"date":"2018-07-04T15:57:00","date_gmt":"2018-07-04T15:57:00","guid":{"rendered":"\/?p=3680"},"modified":"2018-07-04T15:57:00","modified_gmt":"2018-07-04T15:57:00","slug":"fundacion-caja-rural-del-sur-apoya-la-labor-adesva-agro-onubense","status":"publish","type":"post","link":"https:\/\/fundacioncajaruraldelsur.com\/pt\/fundacion-caja-rural-del-sur-apoya-la-labor-adesva-agro-onubense\/","title":{"rendered":"Fundaci\u00f3n Caja Rural del Sur apoya la labor de ADESVA en el agro onubense"},"content":{"rendered":"<p>Fundaci\u00f3n Caja Rural del Sur apoyar\u00e1 a partir de ahora la labor que viene realizando la Asociaci\u00f3n para el Desarrollo del Sistema Productivo Vinculado a la Agricultura Onubense (ADESVA) con la firma de un convenio suscrito entre los presidentes de ambas entidades, Jos\u00e9 Luis Garc\u00eda Palacios y Antonio Morera Vallejo, que estuvieron acompa\u00f1ados en el acto por el director de la Fundaci\u00f3n, Emilio Ponce.<\/p>\n<p>Despu\u00e9s de distintas reuniones de trabajo, Fundaci\u00f3n Caja Rural de Sur ha valorado la misi\u00f3n de ADESVA al aportar conocimiento, innovaci\u00f3n y desarrollo tecnol\u00f3gico al territorio, fomentando la competitividad del tejido empresarial y la cohesi\u00f3n social a trav\u00e9s de la colaboraci\u00f3n de todos los agentes implicados en el proceso.<\/p>\n<p>Ambas entidades han establecido un protocolo de colaboraci\u00f3n, con el fin de poder llevar a cabo actuaciones para lograr los objetivos planteados, que podr\u00e1n abarcar acciones de promoci\u00f3n, formaci\u00f3n, informaci\u00f3n o investigaci\u00f3n, entre otras.<\/p>\n<p>Fundaci\u00f3n de la Caja Rural del Sur tiene entre sus objetivos contribuir al desarrollo en su zona de actuaci\u00f3n, colaborando de manera muy especial con las entidades asociativas agrarias habiendo firmado ya distintos convenios con organizaciones sectoriales productivas de nuestra comunidad para favorecer que las mismas, junto con sus asociados, puedan contribuir a la consolidaci\u00f3n de los v\u00ednculos cooperativos y la modernizaci\u00f3n del mundo rural.<\/p>","protected":false},"excerpt":{"rendered":"<p>Fundaci\u00f3n Caja Rural del Sur apoyar\u00e1 a partir de ahora la labor que viene realizando la Asociaci\u00f3n para el Desarrollo del Sistema Productivo Vinculado a la Agricultura Onubense (ADESVA) con [&hellip;]<\/p>\n","protected":false},"author":6,"featured_media":3681,"comment_status":"closed","ping_status":"open","sticky":false,"template":"","format":"standard","meta":{"footnotes":""},"categories":[67],"tags":[],"class_list":["post-3680","post","type-post","status-publish","format-standard","has-post-thumbnail","hentry","category-convenios"],"yoast_head":"<!-- This site is optimized with the Yoast SEO plugin v27.3 - https:\/\/yoast.com\/product\/yoast-seo-wordpress\/ -->\n<title>Fundaci\u00f3n Caja Rural del Sur apoya la labor de ADESVA en el agro onubense - Fundaci\u00f3n Caja Rural del Sur<\/title>\n<meta name=\"robots\" content=\"index, follow, max-snippet:-1, max-image-preview:large, max-video-preview:-1\" \/>\n<link rel=\"canonical\" href=\"https:\/\/fundacioncajaruraldelsur.com\/pt\/fundacion-caja-rural-del-sur-apoya-la-labor-adesva-agro-onubense\/\" \/>\n<meta property=\"og:locale\" content=\"pt_PT\" \/>\n<meta property=\"og:type\" content=\"article\" \/>\n<meta property=\"og:title\" content=\"Fundaci\u00f3n Caja Rural del Sur apoya la labor de ADESVA en el agro onubense - Fundaci\u00f3n Caja Rural del Sur\" \/>\n<meta property=\"og:description\" content=\"Fundaci\u00f3n Caja Rural del Sur apoyar\u00e1 a partir de ahora la labor que viene realizando la Asociaci\u00f3n para el Desarrollo del Sistema Productivo Vinculado a la Agricultura Onubense (ADESVA) con [&hellip;]\" \/>\n<meta property=\"og:url\" content=\"https:\/\/fundacioncajaruraldelsur.com\/pt\/fundacion-caja-rural-del-sur-apoya-la-labor-adesva-agro-onubense\/\" \/>\n<meta property=\"og:site_name\" content=\"Fundaci\u00f3n Caja Rural del Sur\" \/>\n<meta property=\"article:published_time\" content=\"2018-07-04T15:57:00+00:00\" \/>\n<meta property=\"og:image\" content=\"https:\/\/fundacioncajaruraldelsur.com\/wp-content\/uploads\/2018\/07\/180704.-Presidente-y-director-de-Fundacio\u0301n-Caja-Rural-del-Sur-junto-al-presidente-de-ADESVA.jpg\" \/>\n\t<meta property=\"og:image:width\" content=\"2571\" \/>\n\t<meta property=\"og:image:height\" content=\"1501\" \/>\n\t<meta property=\"og:image:type\" content=\"image\/jpeg\" \/>\n<meta name=\"author\" content=\"Comunicaci\u00f3n\" \/>\n<meta name=\"twitter:card\" content=\"summary_large_image\" \/>\n<meta name=\"twitter:label1\" content=\"Written by\" \/>\n\t<meta name=\"twitter:data1\" content=\"Comunicaci\u00f3n\" \/>\n\t<meta name=\"twitter:label2\" content=\"Est. reading time\" \/>\n\t<meta name=\"twitter:data2\" content=\"1 minute\" \/>\n<script type=\"application\/ld+json\" class=\"yoast-schema-graph\">{\"@context\":\"https:\\\/\\\/schema.org\",\"@graph\":[{\"@type\":\"Article\",\"@id\":\"https:\\\/\\\/fundacioncajaruraldelsur.com\\\/fundacion-caja-rural-del-sur-apoya-la-labor-adesva-agro-onubense\\\/#article\",\"isPartOf\":{\"@id\":\"https:\\\/\\\/fundacioncajaruraldelsur.com\\\/fundacion-caja-rural-del-sur-apoya-la-labor-adesva-agro-onubense\\\/\"},\"author\":{\"name\":\"Comunicaci\u00f3n\",\"@id\":\"https:\\\/\\\/fundacioncajaruraldelsur.com\\\/#\\\/schema\\\/person\\\/f430da9fb783d505ff061ad8b3d44577\"},\"headline\":\"Fundaci\u00f3n Caja Rural del Sur apoya la labor de ADESVA en el agro onubense\",\"datePublished\":\"2018-07-04T15:57:00+00:00\",\"mainEntityOfPage\":{\"@id\":\"https:\\\/\\\/fundacioncajaruraldelsur.com\\\/fundacion-caja-rural-del-sur-apoya-la-labor-adesva-agro-onubense\\\/\"},\"wordCount\":251,\"image\":{\"@id\":\"https:\\\/\\\/fundacioncajaruraldelsur.com\\\/fundacion-caja-rural-del-sur-apoya-la-labor-adesva-agro-onubense\\\/#primaryimage\"},\"thumbnailUrl\":\"https:\\\/\\\/fundacioncajaruraldelsur.com\\\/wp-content\\\/uploads\\\/2018\\\/07\\\/180704.-Presidente-y-director-de-Fundacio\u0301n-Caja-Rural-del-Sur-junto-al-presidente-de-ADESVA.jpg\",\"articleSection\":[\"Convenios\"],\"inLanguage\":\"pt-PT\"},{\"@type\":\"WebPage\",\"@id\":\"https:\\\/\\\/fundacioncajaruraldelsur.com\\\/fundacion-caja-rural-del-sur-apoya-la-labor-adesva-agro-onubense\\\/\",\"url\":\"https:\\\/\\\/fundacioncajaruraldelsur.com\\\/fundacion-caja-rural-del-sur-apoya-la-labor-adesva-agro-onubense\\\/\",\"name\":\"Fundaci\u00f3n Caja Rural del Sur apoya la labor de ADESVA en el agro onubense - Fundaci\u00f3n Caja Rural del Sur\",\"isPartOf\":{\"@id\":\"https:\\\/\\\/fundacioncajaruraldelsur.com\\\/#website\"},\"primaryImageOfPage\":{\"@id\":\"https:\\\/\\\/fundacioncajaruraldelsur.com\\\/fundacion-caja-rural-del-sur-apoya-la-labor-adesva-agro-onubense\\\/#primaryimage\"},\"image\":{\"@id\":\"https:\\\/\\\/fundacioncajaruraldelsur.com\\\/fundacion-caja-rural-del-sur-apoya-la-labor-adesva-agro-onubense\\\/#primaryimage\"},\"thumbnailUrl\":\"https:\\\/\\\/fundacioncajaruraldelsur.com\\\/wp-content\\\/uploads\\\/2018\\\/07\\\/180704.-Presidente-y-director-de-Fundacio\u0301n-Caja-Rural-del-Sur-junto-al-presidente-de-ADESVA.jpg\",\"datePublished\":\"2018-07-04T15:57:00+00:00\",\"author\":{\"@id\":\"https:\\\/\\\/fundacioncajaruraldelsur.com\\\/#\\\/schema\\\/person\\\/f430da9fb783d505ff061ad8b3d44577\"},\"breadcrumb\":{\"@id\":\"https:\\\/\\\/fundacioncajaruraldelsur.com\\\/fundacion-caja-rural-del-sur-apoya-la-labor-adesva-agro-onubense\\\/#breadcrumb\"},\"inLanguage\":\"pt-PT\",\"potentialAction\":[{\"@type\":\"ReadAction\",\"target\":[\"https:\\\/\\\/fundacioncajaruraldelsur.com\\\/fundacion-caja-rural-del-sur-apoya-la-labor-adesva-agro-onubense\\\/\"]}]},{\"@type\":\"ImageObject\",\"inLanguage\":\"pt-PT\",\"@id\":\"https:\\\/\\\/fundacioncajaruraldelsur.com\\\/fundacion-caja-rural-del-sur-apoya-la-labor-adesva-agro-onubense\\\/#primaryimage\",\"url\":\"https:\\\/\\\/fundacioncajaruraldelsur.com\\\/wp-content\\\/uploads\\\/2018\\\/07\\\/180704.-Presidente-y-director-de-Fundacio\u0301n-Caja-Rural-del-Sur-junto-al-presidente-de-ADESVA.jpg\",\"contentUrl\":\"https:\\\/\\\/fundacioncajaruraldelsur.com\\\/wp-content\\\/uploads\\\/2018\\\/07\\\/180704.-Presidente-y-director-de-Fundacio\u0301n-Caja-Rural-del-Sur-junto-al-presidente-de-ADESVA.jpg\",\"width\":2571,\"height\":1501},{\"@type\":\"BreadcrumbList\",\"@id\":\"https:\\\/\\\/fundacioncajaruraldelsur.com\\\/fundacion-caja-rural-del-sur-apoya-la-labor-adesva-agro-onubense\\\/#breadcrumb\",\"itemListElement\":[{\"@type\":\"ListItem\",\"position\":1,\"name\":\"Portada\",\"item\":\"https:\\\/\\\/fundacioncajaruraldelsur.com\\\/\"},{\"@type\":\"ListItem\",\"position\":2,\"name\":\"Fundaci\u00f3n Caja Rural del Sur apoya la labor de ADESVA en el agro onubense\"}]},{\"@type\":\"WebSite\",\"@id\":\"https:\\\/\\\/fundacioncajaruraldelsur.com\\\/#website\",\"url\":\"https:\\\/\\\/fundacioncajaruraldelsur.com\\\/\",\"name\":\"Fundaci\u00f3n Caja Rural del Sur\",\"description\":\"\",\"potentialAction\":[{\"@type\":\"SearchAction\",\"target\":{\"@type\":\"EntryPoint\",\"urlTemplate\":\"https:\\\/\\\/fundacioncajaruraldelsur.com\\\/?s={search_term_string}\"},\"query-input\":{\"@type\":\"PropertyValueSpecification\",\"valueRequired\":true,\"valueName\":\"search_term_string\"}}],\"inLanguage\":\"pt-PT\"},{\"@type\":\"Person\",\"@id\":\"https:\\\/\\\/fundacioncajaruraldelsur.com\\\/#\\\/schema\\\/person\\\/f430da9fb783d505ff061ad8b3d44577\",\"name\":\"Comunicaci\u00f3n\",\"image\":{\"@type\":\"ImageObject\",\"inLanguage\":\"pt-PT\",\"@id\":\"https:\\\/\\\/secure.gravatar.com\\\/avatar\\\/0dca239875993680bac4603ad2de7942da018f52cc3a244578e0b3b09314a8d8?s=96&d=blank&r=g\",\"url\":\"https:\\\/\\\/secure.gravatar.com\\\/avatar\\\/0dca239875993680bac4603ad2de7942da018f52cc3a244578e0b3b09314a8d8?s=96&d=blank&r=g\",\"contentUrl\":\"https:\\\/\\\/secure.gravatar.com\\\/avatar\\\/0dca239875993680bac4603ad2de7942da018f52cc3a244578e0b3b09314a8d8?s=96&d=blank&r=g\",\"caption\":\"Comunicaci\u00f3n\"}}]}<\/script>\n<!-- \/ Yoast SEO plugin. -->","yoast_head_json":{"title":"Fundaci\u00f3n Caja Rural del Sur apoya la labor de ADESVA en el agro onubense - Fundaci\u00f3n Caja Rural del Sur","robots":{"index":"index","follow":"follow","max-snippet":"max-snippet:-1","max-image-preview":"max-image-preview:large","max-video-preview":"max-video-preview:-1"},"canonical":"https:\/\/fundacioncajaruraldelsur.com\/pt\/fundacion-caja-rural-del-sur-apoya-la-labor-adesva-agro-onubense\/","og_locale":"pt_PT","og_type":"article","og_title":"Fundaci\u00f3n Caja Rural del Sur apoya la labor de ADESVA en el agro onubense - Fundaci\u00f3n Caja Rural del Sur","og_description":"Fundaci\u00f3n Caja Rural del Sur apoyar\u00e1 a partir de ahora la labor que viene realizando la Asociaci\u00f3n para el Desarrollo del Sistema Productivo Vinculado a la Agricultura Onubense (ADESVA) con [&hellip;]","og_url":"https:\/\/fundacioncajaruraldelsur.com\/pt\/fundacion-caja-rural-del-sur-apoya-la-labor-adesva-agro-onubense\/","og_site_name":"Fundaci\u00f3n Caja Rural del Sur","article_published_time":"2018-07-04T15:57:00+00:00","og_image":[{"width":2571,"height":1501,"url":"https:\/\/fundacioncajaruraldelsur.com\/wp-content\/uploads\/2018\/07\/180704.-Presidente-y-director-de-Fundacio\u0301n-Caja-Rural-del-Sur-junto-al-presidente-de-ADESVA.jpg","type":"image\/jpeg"}],"author":"Comunicaci\u00f3n","twitter_card":"summary_large_image","twitter_misc":{"Written by":"Comunicaci\u00f3n","Est. reading time":"1 minute"},"schema":{"@context":"https:\/\/schema.org","@graph":[{"@type":"Article","@id":"https:\/\/fundacioncajaruraldelsur.com\/fundacion-caja-rural-del-sur-apoya-la-labor-adesva-agro-onubense\/#article","isPartOf":{"@id":"https:\/\/fundacioncajaruraldelsur.com\/fundacion-caja-rural-del-sur-apoya-la-labor-adesva-agro-onubense\/"},"author":{"name":"Comunicaci\u00f3n","@id":"https:\/\/fundacioncajaruraldelsur.com\/#\/schema\/person\/f430da9fb783d505ff061ad8b3d44577"},"headline":"Fundaci\u00f3n Caja Rural del Sur apoya la labor de ADESVA en el agro onubense","datePublished":"2018-07-04T15:57:00+00:00","mainEntityOfPage":{"@id":"https:\/\/fundacioncajaruraldelsur.com\/fundacion-caja-rural-del-sur-apoya-la-labor-adesva-agro-onubense\/"},"wordCount":251,"image":{"@id":"https:\/\/fundacioncajaruraldelsur.com\/fundacion-caja-rural-del-sur-apoya-la-labor-adesva-agro-onubense\/#primaryimage"},"thumbnailUrl":"https:\/\/fundacioncajaruraldelsur.com\/wp-content\/uploads\/2018\/07\/180704.-Presidente-y-director-de-Fundacio\u0301n-Caja-Rural-del-Sur-junto-al-presidente-de-ADESVA.jpg","articleSection":["Convenios"],"inLanguage":"pt-PT"},{"@type":"WebPage","@id":"https:\/\/fundacioncajaruraldelsur.com\/fundacion-caja-rural-del-sur-apoya-la-labor-adesva-agro-onubense\/","url":"https:\/\/fundacioncajaruraldelsur.com\/fundacion-caja-rural-del-sur-apoya-la-labor-adesva-agro-onubense\/","name":"Fundaci\u00f3n Caja Rural del Sur apoya la labor de ADESVA en el agro onubense - Fundaci\u00f3n Caja Rural del Sur","isPartOf":{"@id":"https:\/\/fundacioncajaruraldelsur.com\/#website"},"primaryImageOfPage":{"@id":"https:\/\/fundacioncajaruraldelsur.com\/fundacion-caja-rural-del-sur-apoya-la-labor-adesva-agro-onubense\/#primaryimage"},"image":{"@id":"https:\/\/fundacioncajaruraldelsur.com\/fundacion-caja-rural-del-sur-apoya-la-labor-adesva-agro-onubense\/#primaryimage"},"thumbnailUrl":"https:\/\/fundacioncajaruraldelsur.com\/wp-content\/uploads\/2018\/07\/180704.-Presidente-y-director-de-Fundacio\u0301n-Caja-Rural-del-Sur-junto-al-presidente-de-ADESVA.jpg","datePublished":"2018-07-04T15:57:00+00:00","author":{"@id":"https:\/\/fundacioncajaruraldelsur.com\/#\/schema\/person\/f430da9fb783d505ff061ad8b3d44577"},"breadcrumb":{"@id":"https:\/\/fundacioncajaruraldelsur.com\/fundacion-caja-rural-del-sur-apoya-la-labor-adesva-agro-onubense\/#breadcrumb"},"inLanguage":"pt-PT","potentialAction":[{"@type":"ReadAction","target":["https:\/\/fundacioncajaruraldelsur.com\/fundacion-caja-rural-del-sur-apoya-la-labor-adesva-agro-onubense\/"]}]},{"@type":"ImageObject","inLanguage":"pt-PT","@id":"https:\/\/fundacioncajaruraldelsur.com\/fundacion-caja-rural-del-sur-apoya-la-labor-adesva-agro-onubense\/#primaryimage","url":"https:\/\/fundacioncajaruraldelsur.com\/wp-content\/uploads\/2018\/07\/180704.-Presidente-y-director-de-Fundacio\u0301n-Caja-Rural-del-Sur-junto-al-presidente-de-ADESVA.jpg","contentUrl":"https:\/\/fundacioncajaruraldelsur.com\/wp-content\/uploads\/2018\/07\/180704.-Presidente-y-director-de-Fundacio\u0301n-Caja-Rural-del-Sur-junto-al-presidente-de-ADESVA.jpg","width":2571,"height":1501},{"@type":"BreadcrumbList","@id":"https:\/\/fundacioncajaruraldelsur.com\/fundacion-caja-rural-del-sur-apoya-la-labor-adesva-agro-onubense\/#breadcrumb","itemListElement":[{"@type":"ListItem","position":1,"name":"Portada","item":"https:\/\/fundacioncajaruraldelsur.com\/"},{"@type":"ListItem","position":2,"name":"Fundaci\u00f3n Caja Rural del Sur apoya la labor de ADESVA en el agro onubense"}]},{"@type":"WebSite","@id":"https:\/\/fundacioncajaruraldelsur.com\/#website","url":"https:\/\/fundacioncajaruraldelsur.com\/","name":"Funda\u00e7\u00e3o Caja Rural del Sur","description":"","potentialAction":[{"@type":"SearchAction","target":{"@type":"EntryPoint","urlTemplate":"https:\/\/fundacioncajaruraldelsur.com\/?s={search_term_string}"},"query-input":{"@type":"PropertyValueSpecification","valueRequired":true,"valueName":"search_term_string"}}],"inLanguage":"pt-PT"},{"@type":"Person","@id":"https:\/\/fundacioncajaruraldelsur.com\/#\/schema\/person\/f430da9fb783d505ff061ad8b3d44577","name":"Comunicaci\u00f3n","image":{"@type":"ImageObject","inLanguage":"pt-PT","@id":"https:\/\/secure.gravatar.com\/avatar\/0dca239875993680bac4603ad2de7942da018f52cc3a244578e0b3b09314a8d8?s=96&d=blank&r=g","url":"https:\/\/secure.gravatar.com\/avatar\/0dca239875993680bac4603ad2de7942da018f52cc3a244578e0b3b09314a8d8?s=96&d=blank&r=g","contentUrl":"https:\/\/secure.gravatar.com\/avatar\/0dca239875993680bac4603ad2de7942da018f52cc3a244578e0b3b09314a8d8?s=96&d=blank&r=g","caption":"Comunicaci\u00f3n"}}]}},"rttpg_featured_image_url":{"full":["https:\/\/fundacioncajaruraldelsur.com\/wp-content\/uploads\/2018\/07\/180704.-Presidente-y-director-de-Fundacio\u0301n-Caja-Rural-del-Sur-junto-al-presidente-de-ADESVA.jpg",2571,1501,false],"landscape":["https:\/\/fundacioncajaruraldelsur.com\/wp-content\/uploads\/2018\/07\/180704.-Presidente-y-director-de-Fundacio\u0301n-Caja-Rural-del-Sur-junto-al-presidente-de-ADESVA.jpg",2571,1501,false],"portraits":["https:\/\/fundacioncajaruraldelsur.com\/wp-content\/uploads\/2018\/07\/180704.-Presidente-y-director-de-Fundacio\u0301n-Caja-Rural-del-Sur-junto-al-presidente-de-ADESVA.jpg",2571,1501,false],"thumbnail":["https:\/\/fundacioncajaruraldelsur.com\/wp-content\/uploads\/2018\/07\/180704.-Presidente-y-director-de-Fundacio\u0301n-Caja-Rural-del-Sur-junto-al-presidente-de-ADESVA-150x150.jpg",150,150,true],"medium":["https:\/\/fundacioncajaruraldelsur.com\/wp-content\/uploads\/2018\/07\/180704.-Presidente-y-director-de-Fundacio\u0301n-Caja-Rural-del-Sur-junto-al-presidente-de-ADESVA-300x175.jpg",300,175,true],"large":["https:\/\/fundacioncajaruraldelsur.com\/wp-content\/uploads\/2018\/07\/180704.-Presidente-y-director-de-Fundacio\u0301n-Caja-Rural-del-Sur-junto-al-presidente-de-ADESVA-1024x598.jpg",960,561,true],"1536x1536":["https:\/\/fundacioncajaruraldelsur.com\/wp-content\/uploads\/2018\/07\/180704.-Presidente-y-director-de-Fundacio\u0301n-Caja-Rural-del-Sur-junto-al-presidente-de-ADESVA.jpg",1536,897,false],"2048x2048":["https:\/\/fundacioncajaruraldelsur.com\/wp-content\/uploads\/2018\/07\/180704.-Presidente-y-director-de-Fundacio\u0301n-Caja-Rural-del-Sur-junto-al-presidente-de-ADESVA.jpg",2048,1196,false],"trp-custom-language-flag":["https:\/\/fundacioncajaruraldelsur.com\/wp-content\/uploads\/2018\/07\/180704.-Presidente-y-director-de-Fundacio\u0301n-Caja-Rural-del-Sur-junto-al-presidente-de-ADESVA.jpg",18,12,false],"blog-thumbnail":["https:\/\/fundacioncajaruraldelsur.com\/wp-content\/uploads\/2018\/07\/180704.-Presidente-y-director-de-Fundacio\u0301n-Caja-Rural-del-Sur-junto-al-presidente-de-ADESVA-400x200.jpg",400,200,true]},"rttpg_author":{"display_name":"Comunicaci\u00f3n","author_link":"https:\/\/fundacioncajaruraldelsur.com\/pt\/author\/sevillaadmin\/"},"rttpg_comment":0,"rttpg_category":"<a href=\"https:\/\/fundacioncajaruraldelsur.com\/pt\/category\/convenios\/\" rel=\"category tag\">Convenios<\/a>","rttpg_excerpt":"Fundaci\u00f3n Caja Rural del Sur apoyar\u00e1 a partir de ahora la labor que viene realizando la Asociaci\u00f3n para el Desarrollo del Sistema Productivo Vinculado a la Agricultura Onubense (ADESVA) con [&hellip;]","_links":{"self":[{"href":"https:\/\/fundacioncajaruraldelsur.com\/pt\/wp-json\/wp\/v2\/posts\/3680","targetHints":{"allow":["GET"]}}],"collection":[{"href":"https:\/\/fundacioncajaruraldelsur.com\/pt\/wp-json\/wp\/v2\/posts"}],"about":[{"href":"https:\/\/fundacioncajaruraldelsur.com\/pt\/wp-json\/wp\/v2\/types\/post"}],"author":[{"embeddable":true,"href":"https:\/\/fundacioncajaruraldelsur.com\/pt\/wp-json\/wp\/v2\/users\/6"}],"replies":[{"embeddable":true,"href":"https:\/\/fundacioncajaruraldelsur.com\/pt\/wp-json\/wp\/v2\/comments?post=3680"}],"version-history":[{"count":1,"href":"https:\/\/fundacioncajaruraldelsur.com\/pt\/wp-json\/wp\/v2\/posts\/3680\/revisions"}],"predecessor-version":[{"id":3682,"href":"https:\/\/fundacioncajaruraldelsur.com\/pt\/wp-json\/wp\/v2\/posts\/3680\/revisions\/3682"}],"wp:featuredmedia":[{"embeddable":true,"href":"https:\/\/fundacioncajaruraldelsur.com\/pt\/wp-json\/wp\/v2\/media\/3681"}],"wp:attachment":[{"href":"https:\/\/fundacioncajaruraldelsur.com\/pt\/wp-json\/wp\/v2\/media?parent=3680"}],"wp:term":[{"taxonomy":"category","embeddable":true,"href":"https:\/\/fundacioncajaruraldelsur.com\/pt\/wp-json\/wp\/v2\/categories?post=3680"},{"taxonomy":"post_tag","embeddable":true,"href":"https:\/\/fundacioncajaruraldelsur.com\/pt\/wp-json\/wp\/v2\/tags?post=3680"}],"curies":[{"name":"wp","href":"https:\/\/api.w.org\/{rel}","templated":true}]}}