{"id":3652,"date":"2018-06-14T17:20:43","date_gmt":"2018-06-14T17:20:43","guid":{"rendered":"\/?p=3652"},"modified":"2018-06-14T17:20:43","modified_gmt":"2018-06-14T17:20:43","slug":"fundacion-caja-rural-del-sur-cooperativas-agro-alimentarias-andalucia-impulsaran-crecimiento-del-sector","status":"publish","type":"post","link":"https:\/\/fundacioncajaruraldelsur.com\/pt\/fundacion-caja-rural-del-sur-cooperativas-agro-alimentarias-andalucia-impulsaran-crecimiento-del-sector\/","title":{"rendered":"Fundaci\u00f3n Caja Rural del Sur y Cooperativas Agro-Alimentarias de Andaluc\u00eda impulsar\u00e1n el crecimiento del sector"},"content":{"rendered":"<p>Fundaci\u00f3n Caja Rural del Sur Caja Rural y Cooperativas-Agroalimentarias de Andaluc\u00eda ha renovado el acuerdo de colaboraci\u00f3n que vienen ratificando a lo largo de los \u00faltimos a\u00f1os con el objetivo de contribuir a que este sector cooperativo crezca y se dimensione de forma adecuada a la evoluci\u00f3n de la econom\u00eda actual.<\/p>\n<p>Los presidentes de Fundaci\u00f3n Caja Rural del Sur, Jos\u00e9 Luis Garc\u00eda Palacios, y de Cooperativas-Agroalimentarias de Andaluc\u00eda, Juan Rafael Leal Rubio, han firmado el convenio como compromiso de la entidad con un sector que representa todo un pilar para el cooperativismo nacional.<\/p>\n<p>Actualmente las entidades asociadas a Cooperativas Agro-alimentarias de Andaluc\u00eda representan m\u00e1s del 50% de la producci\u00f3n agraria regional, si bien en sectores como el aceite de oliva este porcentaje supera el 70%.<\/p>\n<p>Desde Cooperativas Agro-alimentarias de Andaluc\u00eda han valorado de forma muy positiva este convenio que contribuye a que el sector cooperativo siga avanzando para ganar cada d\u00eda m\u00e1s dimensi\u00f3n, rentabilidad y competitividad.<\/p>\n<p>Cooperativas Agro-alimentarias de Andaluc\u00eda agrupa a la pr\u00e1ctica totalidad de las cooperativas agroindustriales de la regi\u00f3n con cerca de 700 empresas, que aglutinan a su vez a cerca de 300.000 socios agricultores y ganaderos, sumando m\u00e1s de 6.300 millones de euros de facturaci\u00f3n.<\/p>\n<p><a href=\"\/wp-content\/uploads\/2018\/06\/180612.-Los-presidentes-de-Fundaci\u00f3n-Caja-Rural-del-Sur-y-de-Cooperativas-Agroalimentarias-de-Andaluc\u00eda.jpg\" rel=\"lightbox-0\"><img loading=\"lazy\" decoding=\"async\" class=\"alignnone wp-image-3654 size-full\" src=\"\/wp-content\/uploads\/2018\/06\/180612.-Los-presidentes-de-Fundaci\u00f3n-Caja-Rural-del-Sur-y-de-Cooperativas-Agroalimentarias-de-Andaluc\u00eda.jpg\" alt=\"\" width=\"781\" height=\"586\" srcset=\"https:\/\/fundacioncajaruraldelsur.com\/wp-content\/uploads\/2018\/06\/180612.-Los-presidentes-de-Fundaci\u00f3n-Caja-Rural-del-Sur-y-de-Cooperativas-Agroalimentarias-de-Andaluc\u00eda.jpg 781w, https:\/\/fundacioncajaruraldelsur.com\/wp-content\/uploads\/2018\/06\/180612.-Los-presidentes-de-Fundaci\u00f3n-Caja-Rural-del-Sur-y-de-Cooperativas-Agroalimentarias-de-Andaluc\u00eda-300x225.jpg 300w, https:\/\/fundacioncajaruraldelsur.com\/wp-content\/uploads\/2018\/06\/180612.-Los-presidentes-de-Fundaci\u00f3n-Caja-Rural-del-Sur-y-de-Cooperativas-Agroalimentarias-de-Andaluc\u00eda-768x576.jpg 768w\" sizes=\"auto, (max-width: 781px) 100vw, 781px\" \/><\/a><\/p>","protected":false},"excerpt":{"rendered":"<p>Fundaci\u00f3n Caja Rural del Sur Caja Rural y Cooperativas-Agroalimentarias de Andaluc\u00eda ha renovado el acuerdo de colaboraci\u00f3n que vienen ratificando a lo largo de los \u00faltimos a\u00f1os con el objetivo [&hellip;]<\/p>\n","protected":false},"author":6,"featured_media":3653,"comment_status":"closed","ping_status":"open","sticky":false,"template":"","format":"standard","meta":{"footnotes":""},"categories":[67],"tags":[],"class_list":["post-3652","post","type-post","status-publish","format-standard","has-post-thumbnail","hentry","category-convenios"],"yoast_head":"<!-- This site is optimized with the Yoast SEO plugin v27.3 - https:\/\/yoast.com\/product\/yoast-seo-wordpress\/ -->\n<title>Fundaci\u00f3n Caja Rural del Sur y Cooperativas Agro-Alimentarias de Andaluc\u00eda impulsar\u00e1n el crecimiento del sector - Fundaci\u00f3n Caja Rural del Sur<\/title>\n<meta name=\"robots\" content=\"index, follow, max-snippet:-1, max-image-preview:large, max-video-preview:-1\" \/>\n<link rel=\"canonical\" href=\"https:\/\/fundacioncajaruraldelsur.com\/pt\/fundacion-caja-rural-del-sur-cooperativas-agro-alimentarias-andalucia-impulsaran-crecimiento-del-sector\/\" \/>\n<meta property=\"og:locale\" content=\"pt_PT\" \/>\n<meta property=\"og:type\" content=\"article\" \/>\n<meta property=\"og:title\" content=\"Fundaci\u00f3n Caja Rural del Sur y Cooperativas Agro-Alimentarias de Andaluc\u00eda impulsar\u00e1n el crecimiento del sector - Fundaci\u00f3n Caja Rural del Sur\" \/>\n<meta property=\"og:description\" content=\"Fundaci\u00f3n Caja Rural del Sur Caja Rural y Cooperativas-Agroalimentarias de Andaluc\u00eda ha renovado el acuerdo de colaboraci\u00f3n que vienen ratificando a lo largo de los \u00faltimos a\u00f1os con el objetivo [&hellip;]\" \/>\n<meta property=\"og:url\" content=\"https:\/\/fundacioncajaruraldelsur.com\/pt\/fundacion-caja-rural-del-sur-cooperativas-agro-alimentarias-andalucia-impulsaran-crecimiento-del-sector\/\" \/>\n<meta property=\"og:site_name\" content=\"Fundaci\u00f3n Caja Rural del Sur\" \/>\n<meta property=\"article:published_time\" content=\"2018-06-14T17:20:43+00:00\" \/>\n<meta property=\"og:image\" content=\"https:\/\/fundacioncajaruraldelsur.com\/wp-content\/uploads\/2018\/06\/180612.-Presidente-y-director-de-Fundaci\u00f3n-Caja-Rural-del-Sur-con-el-presidente-de-Cooperativas-Agroalimentarias-Andaluc\u00eda.jpg\" \/>\n\t<meta property=\"og:image:width\" content=\"782\" \/>\n\t<meta property=\"og:image:height\" content=\"586\" \/>\n\t<meta property=\"og:image:type\" content=\"image\/jpeg\" \/>\n<meta name=\"author\" content=\"Comunicaci\u00f3n\" \/>\n<meta name=\"twitter:card\" content=\"summary_large_image\" \/>\n<meta name=\"twitter:label1\" content=\"Written by\" \/>\n\t<meta name=\"twitter:data1\" content=\"Comunicaci\u00f3n\" \/>\n\t<meta name=\"twitter:label2\" content=\"Est. reading time\" \/>\n\t<meta name=\"twitter:data2\" content=\"1 minute\" \/>\n<script type=\"application\/ld+json\" class=\"yoast-schema-graph\">{\"@context\":\"https:\\\/\\\/schema.org\",\"@graph\":[{\"@type\":\"Article\",\"@id\":\"https:\\\/\\\/fundacioncajaruraldelsur.com\\\/fundacion-caja-rural-del-sur-cooperativas-agro-alimentarias-andalucia-impulsaran-crecimiento-del-sector\\\/#article\",\"isPartOf\":{\"@id\":\"https:\\\/\\\/fundacioncajaruraldelsur.com\\\/fundacion-caja-rural-del-sur-cooperativas-agro-alimentarias-andalucia-impulsaran-crecimiento-del-sector\\\/\"},\"author\":{\"name\":\"Comunicaci\u00f3n\",\"@id\":\"https:\\\/\\\/fundacioncajaruraldelsur.com\\\/#\\\/schema\\\/person\\\/f430da9fb783d505ff061ad8b3d44577\"},\"headline\":\"Fundaci\u00f3n Caja Rural del Sur y Cooperativas Agro-Alimentarias de Andaluc\u00eda impulsar\u00e1n el crecimiento del sector\",\"datePublished\":\"2018-06-14T17:20:43+00:00\",\"mainEntityOfPage\":{\"@id\":\"https:\\\/\\\/fundacioncajaruraldelsur.com\\\/fundacion-caja-rural-del-sur-cooperativas-agro-alimentarias-andalucia-impulsaran-crecimiento-del-sector\\\/\"},\"wordCount\":233,\"image\":{\"@id\":\"https:\\\/\\\/fundacioncajaruraldelsur.com\\\/fundacion-caja-rural-del-sur-cooperativas-agro-alimentarias-andalucia-impulsaran-crecimiento-del-sector\\\/#primaryimage\"},\"thumbnailUrl\":\"https:\\\/\\\/fundacioncajaruraldelsur.com\\\/wp-content\\\/uploads\\\/2018\\\/06\\\/180612.-Presidente-y-director-de-Fundaci\u00f3n-Caja-Rural-del-Sur-con-el-presidente-de-Cooperativas-Agroalimentarias-Andaluc\u00eda.jpg\",\"articleSection\":[\"Convenios\"],\"inLanguage\":\"pt-PT\"},{\"@type\":\"WebPage\",\"@id\":\"https:\\\/\\\/fundacioncajaruraldelsur.com\\\/fundacion-caja-rural-del-sur-cooperativas-agro-alimentarias-andalucia-impulsaran-crecimiento-del-sector\\\/\",\"url\":\"https:\\\/\\\/fundacioncajaruraldelsur.com\\\/fundacion-caja-rural-del-sur-cooperativas-agro-alimentarias-andalucia-impulsaran-crecimiento-del-sector\\\/\",\"name\":\"Fundaci\u00f3n Caja Rural del Sur y Cooperativas Agro-Alimentarias de Andaluc\u00eda impulsar\u00e1n el crecimiento del sector - Fundaci\u00f3n Caja Rural del Sur\",\"isPartOf\":{\"@id\":\"https:\\\/\\\/fundacioncajaruraldelsur.com\\\/#website\"},\"primaryImageOfPage\":{\"@id\":\"https:\\\/\\\/fundacioncajaruraldelsur.com\\\/fundacion-caja-rural-del-sur-cooperativas-agro-alimentarias-andalucia-impulsaran-crecimiento-del-sector\\\/#primaryimage\"},\"image\":{\"@id\":\"https:\\\/\\\/fundacioncajaruraldelsur.com\\\/fundacion-caja-rural-del-sur-cooperativas-agro-alimentarias-andalucia-impulsaran-crecimiento-del-sector\\\/#primaryimage\"},\"thumbnailUrl\":\"https:\\\/\\\/fundacioncajaruraldelsur.com\\\/wp-content\\\/uploads\\\/2018\\\/06\\\/180612.-Presidente-y-director-de-Fundaci\u00f3n-Caja-Rural-del-Sur-con-el-presidente-de-Cooperativas-Agroalimentarias-Andaluc\u00eda.jpg\",\"datePublished\":\"2018-06-14T17:20:43+00:00\",\"author\":{\"@id\":\"https:\\\/\\\/fundacioncajaruraldelsur.com\\\/#\\\/schema\\\/person\\\/f430da9fb783d505ff061ad8b3d44577\"},\"breadcrumb\":{\"@id\":\"https:\\\/\\\/fundacioncajaruraldelsur.com\\\/fundacion-caja-rural-del-sur-cooperativas-agro-alimentarias-andalucia-impulsaran-crecimiento-del-sector\\\/#breadcrumb\"},\"inLanguage\":\"pt-PT\",\"potentialAction\":[{\"@type\":\"ReadAction\",\"target\":[\"https:\\\/\\\/fundacioncajaruraldelsur.com\\\/fundacion-caja-rural-del-sur-cooperativas-agro-alimentarias-andalucia-impulsaran-crecimiento-del-sector\\\/\"]}]},{\"@type\":\"ImageObject\",\"inLanguage\":\"pt-PT\",\"@id\":\"https:\\\/\\\/fundacioncajaruraldelsur.com\\\/fundacion-caja-rural-del-sur-cooperativas-agro-alimentarias-andalucia-impulsaran-crecimiento-del-sector\\\/#primaryimage\",\"url\":\"https:\\\/\\\/fundacioncajaruraldelsur.com\\\/wp-content\\\/uploads\\\/2018\\\/06\\\/180612.-Presidente-y-director-de-Fundaci\u00f3n-Caja-Rural-del-Sur-con-el-presidente-de-Cooperativas-Agroalimentarias-Andaluc\u00eda.jpg\",\"contentUrl\":\"https:\\\/\\\/fundacioncajaruraldelsur.com\\\/wp-content\\\/uploads\\\/2018\\\/06\\\/180612.-Presidente-y-director-de-Fundaci\u00f3n-Caja-Rural-del-Sur-con-el-presidente-de-Cooperativas-Agroalimentarias-Andaluc\u00eda.jpg\",\"width\":782,\"height\":586},{\"@type\":\"BreadcrumbList\",\"@id\":\"https:\\\/\\\/fundacioncajaruraldelsur.com\\\/fundacion-caja-rural-del-sur-cooperativas-agro-alimentarias-andalucia-impulsaran-crecimiento-del-sector\\\/#breadcrumb\",\"itemListElement\":[{\"@type\":\"ListItem\",\"position\":1,\"name\":\"Portada\",\"item\":\"https:\\\/\\\/fundacioncajaruraldelsur.com\\\/\"},{\"@type\":\"ListItem\",\"position\":2,\"name\":\"Fundaci\u00f3n Caja Rural del Sur y Cooperativas Agro-Alimentarias de Andaluc\u00eda impulsar\u00e1n el crecimiento del sector\"}]},{\"@type\":\"WebSite\",\"@id\":\"https:\\\/\\\/fundacioncajaruraldelsur.com\\\/#website\",\"url\":\"https:\\\/\\\/fundacioncajaruraldelsur.com\\\/\",\"name\":\"Fundaci\u00f3n Caja Rural del Sur\",\"description\":\"\",\"potentialAction\":[{\"@type\":\"SearchAction\",\"target\":{\"@type\":\"EntryPoint\",\"urlTemplate\":\"https:\\\/\\\/fundacioncajaruraldelsur.com\\\/?s={search_term_string}\"},\"query-input\":{\"@type\":\"PropertyValueSpecification\",\"valueRequired\":true,\"valueName\":\"search_term_string\"}}],\"inLanguage\":\"pt-PT\"},{\"@type\":\"Person\",\"@id\":\"https:\\\/\\\/fundacioncajaruraldelsur.com\\\/#\\\/schema\\\/person\\\/f430da9fb783d505ff061ad8b3d44577\",\"name\":\"Comunicaci\u00f3n\",\"image\":{\"@type\":\"ImageObject\",\"inLanguage\":\"pt-PT\",\"@id\":\"https:\\\/\\\/secure.gravatar.com\\\/avatar\\\/0dca239875993680bac4603ad2de7942da018f52cc3a244578e0b3b09314a8d8?s=96&d=blank&r=g\",\"url\":\"https:\\\/\\\/secure.gravatar.com\\\/avatar\\\/0dca239875993680bac4603ad2de7942da018f52cc3a244578e0b3b09314a8d8?s=96&d=blank&r=g\",\"contentUrl\":\"https:\\\/\\\/secure.gravatar.com\\\/avatar\\\/0dca239875993680bac4603ad2de7942da018f52cc3a244578e0b3b09314a8d8?s=96&d=blank&r=g\",\"caption\":\"Comunicaci\u00f3n\"}}]}<\/script>\n<!-- \/ Yoast SEO plugin. -->","yoast_head_json":{"title":"Fundaci\u00f3n Caja Rural del Sur y Cooperativas Agro-Alimentarias de Andaluc\u00eda impulsar\u00e1n el crecimiento del sector - Fundaci\u00f3n Caja Rural del Sur","robots":{"index":"index","follow":"follow","max-snippet":"max-snippet:-1","max-image-preview":"max-image-preview:large","max-video-preview":"max-video-preview:-1"},"canonical":"https:\/\/fundacioncajaruraldelsur.com\/pt\/fundacion-caja-rural-del-sur-cooperativas-agro-alimentarias-andalucia-impulsaran-crecimiento-del-sector\/","og_locale":"pt_PT","og_type":"article","og_title":"Fundaci\u00f3n Caja Rural del Sur y Cooperativas Agro-Alimentarias de Andaluc\u00eda impulsar\u00e1n el crecimiento del sector - Fundaci\u00f3n Caja Rural del Sur","og_description":"Fundaci\u00f3n Caja Rural del Sur Caja Rural y Cooperativas-Agroalimentarias de Andaluc\u00eda ha renovado el acuerdo de colaboraci\u00f3n que vienen ratificando a lo largo de los \u00faltimos a\u00f1os con el objetivo [&hellip;]","og_url":"https:\/\/fundacioncajaruraldelsur.com\/pt\/fundacion-caja-rural-del-sur-cooperativas-agro-alimentarias-andalucia-impulsaran-crecimiento-del-sector\/","og_site_name":"Fundaci\u00f3n Caja Rural del Sur","article_published_time":"2018-06-14T17:20:43+00:00","og_image":[{"width":782,"height":586,"url":"https:\/\/fundacioncajaruraldelsur.com\/wp-content\/uploads\/2018\/06\/180612.-Presidente-y-director-de-Fundaci\u00f3n-Caja-Rural-del-Sur-con-el-presidente-de-Cooperativas-Agroalimentarias-Andaluc\u00eda.jpg","type":"image\/jpeg"}],"author":"Comunicaci\u00f3n","twitter_card":"summary_large_image","twitter_misc":{"Written by":"Comunicaci\u00f3n","Est. reading time":"1 minute"},"schema":{"@context":"https:\/\/schema.org","@graph":[{"@type":"Article","@id":"https:\/\/fundacioncajaruraldelsur.com\/fundacion-caja-rural-del-sur-cooperativas-agro-alimentarias-andalucia-impulsaran-crecimiento-del-sector\/#article","isPartOf":{"@id":"https:\/\/fundacioncajaruraldelsur.com\/fundacion-caja-rural-del-sur-cooperativas-agro-alimentarias-andalucia-impulsaran-crecimiento-del-sector\/"},"author":{"name":"Comunicaci\u00f3n","@id":"https:\/\/fundacioncajaruraldelsur.com\/#\/schema\/person\/f430da9fb783d505ff061ad8b3d44577"},"headline":"Fundaci\u00f3n Caja Rural del Sur y Cooperativas Agro-Alimentarias de Andaluc\u00eda impulsar\u00e1n el crecimiento del sector","datePublished":"2018-06-14T17:20:43+00:00","mainEntityOfPage":{"@id":"https:\/\/fundacioncajaruraldelsur.com\/fundacion-caja-rural-del-sur-cooperativas-agro-alimentarias-andalucia-impulsaran-crecimiento-del-sector\/"},"wordCount":233,"image":{"@id":"https:\/\/fundacioncajaruraldelsur.com\/fundacion-caja-rural-del-sur-cooperativas-agro-alimentarias-andalucia-impulsaran-crecimiento-del-sector\/#primaryimage"},"thumbnailUrl":"https:\/\/fundacioncajaruraldelsur.com\/wp-content\/uploads\/2018\/06\/180612.-Presidente-y-director-de-Fundaci\u00f3n-Caja-Rural-del-Sur-con-el-presidente-de-Cooperativas-Agroalimentarias-Andaluc\u00eda.jpg","articleSection":["Convenios"],"inLanguage":"pt-PT"},{"@type":"WebPage","@id":"https:\/\/fundacioncajaruraldelsur.com\/fundacion-caja-rural-del-sur-cooperativas-agro-alimentarias-andalucia-impulsaran-crecimiento-del-sector\/","url":"https:\/\/fundacioncajaruraldelsur.com\/fundacion-caja-rural-del-sur-cooperativas-agro-alimentarias-andalucia-impulsaran-crecimiento-del-sector\/","name":"Fundaci\u00f3n Caja Rural del Sur y Cooperativas Agro-Alimentarias de Andaluc\u00eda impulsar\u00e1n el crecimiento del sector - Fundaci\u00f3n Caja Rural del Sur","isPartOf":{"@id":"https:\/\/fundacioncajaruraldelsur.com\/#website"},"primaryImageOfPage":{"@id":"https:\/\/fundacioncajaruraldelsur.com\/fundacion-caja-rural-del-sur-cooperativas-agro-alimentarias-andalucia-impulsaran-crecimiento-del-sector\/#primaryimage"},"image":{"@id":"https:\/\/fundacioncajaruraldelsur.com\/fundacion-caja-rural-del-sur-cooperativas-agro-alimentarias-andalucia-impulsaran-crecimiento-del-sector\/#primaryimage"},"thumbnailUrl":"https:\/\/fundacioncajaruraldelsur.com\/wp-content\/uploads\/2018\/06\/180612.-Presidente-y-director-de-Fundaci\u00f3n-Caja-Rural-del-Sur-con-el-presidente-de-Cooperativas-Agroalimentarias-Andaluc\u00eda.jpg","datePublished":"2018-06-14T17:20:43+00:00","author":{"@id":"https:\/\/fundacioncajaruraldelsur.com\/#\/schema\/person\/f430da9fb783d505ff061ad8b3d44577"},"breadcrumb":{"@id":"https:\/\/fundacioncajaruraldelsur.com\/fundacion-caja-rural-del-sur-cooperativas-agro-alimentarias-andalucia-impulsaran-crecimiento-del-sector\/#breadcrumb"},"inLanguage":"pt-PT","potentialAction":[{"@type":"ReadAction","target":["https:\/\/fundacioncajaruraldelsur.com\/fundacion-caja-rural-del-sur-cooperativas-agro-alimentarias-andalucia-impulsaran-crecimiento-del-sector\/"]}]},{"@type":"ImageObject","inLanguage":"pt-PT","@id":"https:\/\/fundacioncajaruraldelsur.com\/fundacion-caja-rural-del-sur-cooperativas-agro-alimentarias-andalucia-impulsaran-crecimiento-del-sector\/#primaryimage","url":"https:\/\/fundacioncajaruraldelsur.com\/wp-content\/uploads\/2018\/06\/180612.-Presidente-y-director-de-Fundaci\u00f3n-Caja-Rural-del-Sur-con-el-presidente-de-Cooperativas-Agroalimentarias-Andaluc\u00eda.jpg","contentUrl":"https:\/\/fundacioncajaruraldelsur.com\/wp-content\/uploads\/2018\/06\/180612.-Presidente-y-director-de-Fundaci\u00f3n-Caja-Rural-del-Sur-con-el-presidente-de-Cooperativas-Agroalimentarias-Andaluc\u00eda.jpg","width":782,"height":586},{"@type":"BreadcrumbList","@id":"https:\/\/fundacioncajaruraldelsur.com\/fundacion-caja-rural-del-sur-cooperativas-agro-alimentarias-andalucia-impulsaran-crecimiento-del-sector\/#breadcrumb","itemListElement":[{"@type":"ListItem","position":1,"name":"Portada","item":"https:\/\/fundacioncajaruraldelsur.com\/"},{"@type":"ListItem","position":2,"name":"Fundaci\u00f3n Caja Rural del Sur y Cooperativas Agro-Alimentarias de Andaluc\u00eda impulsar\u00e1n el crecimiento del sector"}]},{"@type":"WebSite","@id":"https:\/\/fundacioncajaruraldelsur.com\/#website","url":"https:\/\/fundacioncajaruraldelsur.com\/","name":"Funda\u00e7\u00e3o Caja Rural del Sur","description":"","potentialAction":[{"@type":"SearchAction","target":{"@type":"EntryPoint","urlTemplate":"https:\/\/fundacioncajaruraldelsur.com\/?s={search_term_string}"},"query-input":{"@type":"PropertyValueSpecification","valueRequired":true,"valueName":"search_term_string"}}],"inLanguage":"pt-PT"},{"@type":"Person","@id":"https:\/\/fundacioncajaruraldelsur.com\/#\/schema\/person\/f430da9fb783d505ff061ad8b3d44577","name":"Comunicaci\u00f3n","image":{"@type":"ImageObject","inLanguage":"pt-PT","@id":"https:\/\/secure.gravatar.com\/avatar\/0dca239875993680bac4603ad2de7942da018f52cc3a244578e0b3b09314a8d8?s=96&d=blank&r=g","url":"https:\/\/secure.gravatar.com\/avatar\/0dca239875993680bac4603ad2de7942da018f52cc3a244578e0b3b09314a8d8?s=96&d=blank&r=g","contentUrl":"https:\/\/secure.gravatar.com\/avatar\/0dca239875993680bac4603ad2de7942da018f52cc3a244578e0b3b09314a8d8?s=96&d=blank&r=g","caption":"Comunicaci\u00f3n"}}]}},"rttpg_featured_image_url":{"full":["https:\/\/fundacioncajaruraldelsur.com\/wp-content\/uploads\/2018\/06\/180612.-Presidente-y-director-de-Fundaci\u00f3n-Caja-Rural-del-Sur-con-el-presidente-de-Cooperativas-Agroalimentarias-Andaluc\u00eda.jpg",782,586,false],"landscape":["https:\/\/fundacioncajaruraldelsur.com\/wp-content\/uploads\/2018\/06\/180612.-Presidente-y-director-de-Fundaci\u00f3n-Caja-Rural-del-Sur-con-el-presidente-de-Cooperativas-Agroalimentarias-Andaluc\u00eda.jpg",782,586,false],"portraits":["https:\/\/fundacioncajaruraldelsur.com\/wp-content\/uploads\/2018\/06\/180612.-Presidente-y-director-de-Fundaci\u00f3n-Caja-Rural-del-Sur-con-el-presidente-de-Cooperativas-Agroalimentarias-Andaluc\u00eda.jpg",782,586,false],"thumbnail":["https:\/\/fundacioncajaruraldelsur.com\/wp-content\/uploads\/2018\/06\/180612.-Presidente-y-director-de-Fundaci\u00f3n-Caja-Rural-del-Sur-con-el-presidente-de-Cooperativas-Agroalimentarias-Andaluc\u00eda-150x150.jpg",150,150,true],"medium":["https:\/\/fundacioncajaruraldelsur.com\/wp-content\/uploads\/2018\/06\/180612.-Presidente-y-director-de-Fundaci\u00f3n-Caja-Rural-del-Sur-con-el-presidente-de-Cooperativas-Agroalimentarias-Andaluc\u00eda-300x225.jpg",300,225,true],"large":["https:\/\/fundacioncajaruraldelsur.com\/wp-content\/uploads\/2018\/06\/180612.-Presidente-y-director-de-Fundaci\u00f3n-Caja-Rural-del-Sur-con-el-presidente-de-Cooperativas-Agroalimentarias-Andaluc\u00eda.jpg",782,586,false],"1536x1536":["https:\/\/fundacioncajaruraldelsur.com\/wp-content\/uploads\/2018\/06\/180612.-Presidente-y-director-de-Fundaci\u00f3n-Caja-Rural-del-Sur-con-el-presidente-de-Cooperativas-Agroalimentarias-Andaluc\u00eda.jpg",782,586,false],"2048x2048":["https:\/\/fundacioncajaruraldelsur.com\/wp-content\/uploads\/2018\/06\/180612.-Presidente-y-director-de-Fundaci\u00f3n-Caja-Rural-del-Sur-con-el-presidente-de-Cooperativas-Agroalimentarias-Andaluc\u00eda.jpg",782,586,false],"trp-custom-language-flag":["https:\/\/fundacioncajaruraldelsur.com\/wp-content\/uploads\/2018\/06\/180612.-Presidente-y-director-de-Fundaci\u00f3n-Caja-Rural-del-Sur-con-el-presidente-de-Cooperativas-Agroalimentarias-Andaluc\u00eda.jpg",16,12,false],"blog-thumbnail":["https:\/\/fundacioncajaruraldelsur.com\/wp-content\/uploads\/2018\/06\/180612.-Presidente-y-director-de-Fundaci\u00f3n-Caja-Rural-del-Sur-con-el-presidente-de-Cooperativas-Agroalimentarias-Andaluc\u00eda-400x200.jpg",400,200,true]},"rttpg_author":{"display_name":"Comunicaci\u00f3n","author_link":"https:\/\/fundacioncajaruraldelsur.com\/pt\/author\/sevillaadmin\/"},"rttpg_comment":0,"rttpg_category":"<a href=\"https:\/\/fundacioncajaruraldelsur.com\/pt\/category\/convenios\/\" rel=\"category tag\">Convenios<\/a>","rttpg_excerpt":"Fundaci\u00f3n Caja Rural del Sur Caja Rural y Cooperativas-Agroalimentarias de Andaluc\u00eda ha renovado el acuerdo de colaboraci\u00f3n que vienen ratificando a lo largo de los \u00faltimos a\u00f1os con el objetivo [&hellip;]","_links":{"self":[{"href":"https:\/\/fundacioncajaruraldelsur.com\/pt\/wp-json\/wp\/v2\/posts\/3652","targetHints":{"allow":["GET"]}}],"collection":[{"href":"https:\/\/fundacioncajaruraldelsur.com\/pt\/wp-json\/wp\/v2\/posts"}],"about":[{"href":"https:\/\/fundacioncajaruraldelsur.com\/pt\/wp-json\/wp\/v2\/types\/post"}],"author":[{"embeddable":true,"href":"https:\/\/fundacioncajaruraldelsur.com\/pt\/wp-json\/wp\/v2\/users\/6"}],"replies":[{"embeddable":true,"href":"https:\/\/fundacioncajaruraldelsur.com\/pt\/wp-json\/wp\/v2\/comments?post=3652"}],"version-history":[{"count":1,"href":"https:\/\/fundacioncajaruraldelsur.com\/pt\/wp-json\/wp\/v2\/posts\/3652\/revisions"}],"predecessor-version":[{"id":3655,"href":"https:\/\/fundacioncajaruraldelsur.com\/pt\/wp-json\/wp\/v2\/posts\/3652\/revisions\/3655"}],"wp:featuredmedia":[{"embeddable":true,"href":"https:\/\/fundacioncajaruraldelsur.com\/pt\/wp-json\/wp\/v2\/media\/3653"}],"wp:attachment":[{"href":"https:\/\/fundacioncajaruraldelsur.com\/pt\/wp-json\/wp\/v2\/media?parent=3652"}],"wp:term":[{"taxonomy":"category","embeddable":true,"href":"https:\/\/fundacioncajaruraldelsur.com\/pt\/wp-json\/wp\/v2\/categories?post=3652"},{"taxonomy":"post_tag","embeddable":true,"href":"https:\/\/fundacioncajaruraldelsur.com\/pt\/wp-json\/wp\/v2\/tags?post=3652"}],"curies":[{"name":"wp","href":"https:\/\/api.w.org\/{rel}","templated":true}]}}