{"id":3645,"date":"2018-06-06T07:10:13","date_gmt":"2018-06-06T07:10:13","guid":{"rendered":"\/?p=3645"},"modified":"2018-06-06T07:10:54","modified_gmt":"2018-06-06T07:10:54","slug":"fundacion-caja-rural-sella-alianza-congreso-frutos-rojos-renovando-patrocinador-oficial-leer-mas-la-fundacion-caja-rural-sella-alianza-congreso-frutos-rojos-renovan","status":"publish","type":"post","link":"https:\/\/fundacioncajaruraldelsur.com\/pt\/fundacion-caja-rural-sella-alianza-congreso-frutos-rojos-renovando-patrocinador-oficial-leer-mas-la-fundacion-caja-rural-sella-alianza-congreso-frutos-rojos-renovan\/","title":{"rendered":"Fundaci\u00f3n Caja Rural del Sur sella su alianza con el Congreso de Frutos Rojos renovando como patrocinador oficial"},"content":{"rendered":"<p>La Fundaci\u00f3n Caja Rural del Sur ha vuelto a apostar por el Congreso Internacional de Frutos Rojos y ser\u00e1 de nuevo el patrocinador principal exclusivo del evento, que se celebrar\u00e1 los d\u00edas 20 y 21 de junio, merced al convenio firmado hoy por los presidentes de Fundaci\u00f3n Caja Rural del Sur y Freshuelva, Jos\u00e9 Luis Garc\u00eda Palacios y Alberto Garrocho, respectivamente.<\/p>\n<p>El presidente de la Fundaci\u00f3n Caja Rural del Sur destac\u00f3 que \u201csiempre hemos estado al lado del sector desde que se dieron los primeros pasos en los a\u00f1os 70 y seguiremos haci\u00e9ndolo dada su importancia que ha adquirido en el conjunto de la econom\u00eda de la provincia de Huelva. Hay muchos puestos de trabajo en juego como lo acreditan las propias cifras del desempleo que vamos conociendo cada mes\u201d. \u201cCon este acuerdo con Freshuelva -a\u00f1adi\u00f3- damos el soporte necesario a este Congreso que tiene poder de convocatoria internacional y que un a\u00f1o m\u00e1s aportar\u00e1 nuevas visiones al sector\u201d.<\/p>\n<p>Por su parte, Alberto Garrocho agradeci\u00f3 a la Fundaci\u00f3n Caja Rural del Sur este \u201cnuevo gesto de apoyo al sector con la firma de este convenio y por su apuesta por este Congreso, que celebramos con toda la ilusi\u00f3n que nos transmiten nuestras empresas asociadas y con todo el trabajo para que siga siendo el punto de encuentro m\u00e1s importante del sector de los berries actualmente\u201d.<\/p>\n<p>El presidente de Freshuelva se mostr\u00f3 muy satisfecho por el crecimiento que el Congreso experimenta cada a\u00f1o, lo que, a su juicio, se demuestra en el inter\u00e9s de incorporarse como colaboradores de instituciones como la Consejer\u00eda de Agricultura, Pesca y Desarrollo Rural, que, por primera vez, entra como patrocinador de la muestra.<\/p>\n<p>Adem\u00e1s, el Congreso contar\u00e1 tambi\u00e9n este a\u00f1o con una nueva figura, denominada \u2018Media Partners\u2019, que englobar\u00e1 a medios de comunicaci\u00f3n especializados que se sumar\u00e1n a este evento y que contribuir\u00e1n a su difusi\u00f3n, crecimiento y una mayor proyecci\u00f3n, ya que se trata de medios de \u00e1mbito nacional e internacional.<\/p>\n<p>De la misma forma, Garrocho destac\u00f3 la calidad del programa t\u00e9cnico del Congreso, que \u201cse ajusta a los temas que m\u00e1s inquietan y atraen al sector de los frutos rojos de la provincia\u201d.<\/p>\n<p>As\u00ed, a la presencia de nuevo de las ferias hortofrut\u00edcolas m\u00e1s importantes del mundo, como son Fruit Log\u00edstica y Fruit Attraction, se unir\u00e1 la participaci\u00f3n de pa\u00edses como Estados Unidos, Argentina, China, Dubai o Alemania, que ahondar\u00e1n en el car\u00e1cter internacional de esta muestra de frutos rojos que se abre al mundo desde Huelva.<\/p>\n<p>&nbsp;<\/p>","protected":false},"excerpt":{"rendered":"<p>La Fundaci\u00f3n Caja Rural del Sur ha vuelto a apostar por el Congreso Internacional de Frutos Rojos y ser\u00e1 de nuevo el patrocinador principal exclusivo del evento, que se celebrar\u00e1 [&hellip;]<\/p>\n","protected":false},"author":6,"featured_media":3646,"comment_status":"closed","ping_status":"open","sticky":false,"template":"","format":"standard","meta":{"footnotes":""},"categories":[69,67],"tags":[],"class_list":["post-3645","post","type-post","status-publish","format-standard","has-post-thumbnail","hentry","category-colaboracion","category-convenios"],"yoast_head":"<!-- This site is optimized with the Yoast SEO plugin v27.3 - https:\/\/yoast.com\/product\/yoast-seo-wordpress\/ -->\n<title>Fundaci\u00f3n Caja Rural del Sur sella su alianza con el Congreso de Frutos Rojos renovando como patrocinador oficial - Fundaci\u00f3n Caja Rural del Sur<\/title>\n<meta name=\"robots\" content=\"index, follow, max-snippet:-1, max-image-preview:large, max-video-preview:-1\" \/>\n<link rel=\"canonical\" href=\"https:\/\/fundacioncajaruraldelsur.com\/pt\/fundacion-caja-rural-sella-alianza-congreso-frutos-rojos-renovando-patrocinador-oficial-leer-mas-la-fundacion-caja-rural-sella-alianza-congreso-frutos-rojos-renovan\/\" \/>\n<meta property=\"og:locale\" content=\"pt_PT\" \/>\n<meta property=\"og:type\" content=\"article\" \/>\n<meta property=\"og:title\" content=\"Fundaci\u00f3n Caja Rural del Sur sella su alianza con el Congreso de Frutos Rojos renovando como patrocinador oficial - Fundaci\u00f3n Caja Rural del Sur\" \/>\n<meta property=\"og:description\" content=\"La Fundaci\u00f3n Caja Rural del Sur ha vuelto a apostar por el Congreso Internacional de Frutos Rojos y ser\u00e1 de nuevo el patrocinador principal exclusivo del evento, que se celebrar\u00e1 [&hellip;]\" \/>\n<meta property=\"og:url\" content=\"https:\/\/fundacioncajaruraldelsur.com\/pt\/fundacion-caja-rural-sella-alianza-congreso-frutos-rojos-renovando-patrocinador-oficial-leer-mas-la-fundacion-caja-rural-sella-alianza-congreso-frutos-rojos-renovan\/\" \/>\n<meta property=\"og:site_name\" content=\"Fundaci\u00f3n Caja Rural del Sur\" \/>\n<meta property=\"article:published_time\" content=\"2018-06-06T07:10:13+00:00\" \/>\n<meta property=\"article:modified_time\" content=\"2018-06-06T07:10:54+00:00\" \/>\n<meta property=\"og:image\" content=\"https:\/\/fundacioncajaruraldelsur.com\/wp-content\/uploads\/2018\/06\/frutosrojos.png\" \/>\n\t<meta property=\"og:image:width\" content=\"708\" \/>\n\t<meta property=\"og:image:height\" content=\"388\" \/>\n\t<meta property=\"og:image:type\" content=\"image\/png\" \/>\n<meta name=\"author\" content=\"Comunicaci\u00f3n\" \/>\n<meta name=\"twitter:card\" content=\"summary_large_image\" \/>\n<meta name=\"twitter:label1\" content=\"Written by\" \/>\n\t<meta name=\"twitter:data1\" content=\"Comunicaci\u00f3n\" \/>\n\t<meta name=\"twitter:label2\" content=\"Est. reading time\" \/>\n\t<meta name=\"twitter:data2\" content=\"2 minutes\" \/>\n<script type=\"application\/ld+json\" class=\"yoast-schema-graph\">{\"@context\":\"https:\\\/\\\/schema.org\",\"@graph\":[{\"@type\":\"Article\",\"@id\":\"https:\\\/\\\/fundacioncajaruraldelsur.com\\\/fundacion-caja-rural-sella-alianza-congreso-frutos-rojos-renovando-patrocinador-oficial-leer-mas-la-fundacion-caja-rural-sella-alianza-congreso-frutos-rojos-renovan\\\/#article\",\"isPartOf\":{\"@id\":\"https:\\\/\\\/fundacioncajaruraldelsur.com\\\/fundacion-caja-rural-sella-alianza-congreso-frutos-rojos-renovando-patrocinador-oficial-leer-mas-la-fundacion-caja-rural-sella-alianza-congreso-frutos-rojos-renovan\\\/\"},\"author\":{\"name\":\"Comunicaci\u00f3n\",\"@id\":\"https:\\\/\\\/fundacioncajaruraldelsur.com\\\/#\\\/schema\\\/person\\\/f430da9fb783d505ff061ad8b3d44577\"},\"headline\":\"Fundaci\u00f3n Caja Rural del Sur sella su alianza con el Congreso de Frutos Rojos renovando como patrocinador oficial\",\"datePublished\":\"2018-06-06T07:10:13+00:00\",\"dateModified\":\"2018-06-06T07:10:54+00:00\",\"mainEntityOfPage\":{\"@id\":\"https:\\\/\\\/fundacioncajaruraldelsur.com\\\/fundacion-caja-rural-sella-alianza-congreso-frutos-rojos-renovando-patrocinador-oficial-leer-mas-la-fundacion-caja-rural-sella-alianza-congreso-frutos-rojos-renovan\\\/\"},\"wordCount\":465,\"image\":{\"@id\":\"https:\\\/\\\/fundacioncajaruraldelsur.com\\\/fundacion-caja-rural-sella-alianza-congreso-frutos-rojos-renovando-patrocinador-oficial-leer-mas-la-fundacion-caja-rural-sella-alianza-congreso-frutos-rojos-renovan\\\/#primaryimage\"},\"thumbnailUrl\":\"https:\\\/\\\/fundacioncajaruraldelsur.com\\\/wp-content\\\/uploads\\\/2018\\\/06\\\/frutosrojos.png\",\"articleSection\":[\"Colaboraci\u00f3n\",\"Convenios\"],\"inLanguage\":\"pt-PT\"},{\"@type\":\"WebPage\",\"@id\":\"https:\\\/\\\/fundacioncajaruraldelsur.com\\\/fundacion-caja-rural-sella-alianza-congreso-frutos-rojos-renovando-patrocinador-oficial-leer-mas-la-fundacion-caja-rural-sella-alianza-congreso-frutos-rojos-renovan\\\/\",\"url\":\"https:\\\/\\\/fundacioncajaruraldelsur.com\\\/fundacion-caja-rural-sella-alianza-congreso-frutos-rojos-renovando-patrocinador-oficial-leer-mas-la-fundacion-caja-rural-sella-alianza-congreso-frutos-rojos-renovan\\\/\",\"name\":\"Fundaci\u00f3n Caja Rural del Sur sella su alianza con el Congreso de Frutos Rojos renovando como patrocinador oficial - Fundaci\u00f3n Caja Rural del Sur\",\"isPartOf\":{\"@id\":\"https:\\\/\\\/fundacioncajaruraldelsur.com\\\/#website\"},\"primaryImageOfPage\":{\"@id\":\"https:\\\/\\\/fundacioncajaruraldelsur.com\\\/fundacion-caja-rural-sella-alianza-congreso-frutos-rojos-renovando-patrocinador-oficial-leer-mas-la-fundacion-caja-rural-sella-alianza-congreso-frutos-rojos-renovan\\\/#primaryimage\"},\"image\":{\"@id\":\"https:\\\/\\\/fundacioncajaruraldelsur.com\\\/fundacion-caja-rural-sella-alianza-congreso-frutos-rojos-renovando-patrocinador-oficial-leer-mas-la-fundacion-caja-rural-sella-alianza-congreso-frutos-rojos-renovan\\\/#primaryimage\"},\"thumbnailUrl\":\"https:\\\/\\\/fundacioncajaruraldelsur.com\\\/wp-content\\\/uploads\\\/2018\\\/06\\\/frutosrojos.png\",\"datePublished\":\"2018-06-06T07:10:13+00:00\",\"dateModified\":\"2018-06-06T07:10:54+00:00\",\"author\":{\"@id\":\"https:\\\/\\\/fundacioncajaruraldelsur.com\\\/#\\\/schema\\\/person\\\/f430da9fb783d505ff061ad8b3d44577\"},\"breadcrumb\":{\"@id\":\"https:\\\/\\\/fundacioncajaruraldelsur.com\\\/fundacion-caja-rural-sella-alianza-congreso-frutos-rojos-renovando-patrocinador-oficial-leer-mas-la-fundacion-caja-rural-sella-alianza-congreso-frutos-rojos-renovan\\\/#breadcrumb\"},\"inLanguage\":\"pt-PT\",\"potentialAction\":[{\"@type\":\"ReadAction\",\"target\":[\"https:\\\/\\\/fundacioncajaruraldelsur.com\\\/fundacion-caja-rural-sella-alianza-congreso-frutos-rojos-renovando-patrocinador-oficial-leer-mas-la-fundacion-caja-rural-sella-alianza-congreso-frutos-rojos-renovan\\\/\"]}]},{\"@type\":\"ImageObject\",\"inLanguage\":\"pt-PT\",\"@id\":\"https:\\\/\\\/fundacioncajaruraldelsur.com\\\/fundacion-caja-rural-sella-alianza-congreso-frutos-rojos-renovando-patrocinador-oficial-leer-mas-la-fundacion-caja-rural-sella-alianza-congreso-frutos-rojos-renovan\\\/#primaryimage\",\"url\":\"https:\\\/\\\/fundacioncajaruraldelsur.com\\\/wp-content\\\/uploads\\\/2018\\\/06\\\/frutosrojos.png\",\"contentUrl\":\"https:\\\/\\\/fundacioncajaruraldelsur.com\\\/wp-content\\\/uploads\\\/2018\\\/06\\\/frutosrojos.png\",\"width\":708,\"height\":388},{\"@type\":\"BreadcrumbList\",\"@id\":\"https:\\\/\\\/fundacioncajaruraldelsur.com\\\/fundacion-caja-rural-sella-alianza-congreso-frutos-rojos-renovando-patrocinador-oficial-leer-mas-la-fundacion-caja-rural-sella-alianza-congreso-frutos-rojos-renovan\\\/#breadcrumb\",\"itemListElement\":[{\"@type\":\"ListItem\",\"position\":1,\"name\":\"Portada\",\"item\":\"https:\\\/\\\/fundacioncajaruraldelsur.com\\\/\"},{\"@type\":\"ListItem\",\"position\":2,\"name\":\"Fundaci\u00f3n Caja Rural del Sur sella su alianza con el Congreso de Frutos Rojos renovando como patrocinador oficial\"}]},{\"@type\":\"WebSite\",\"@id\":\"https:\\\/\\\/fundacioncajaruraldelsur.com\\\/#website\",\"url\":\"https:\\\/\\\/fundacioncajaruraldelsur.com\\\/\",\"name\":\"Fundaci\u00f3n Caja Rural del Sur\",\"description\":\"\",\"potentialAction\":[{\"@type\":\"SearchAction\",\"target\":{\"@type\":\"EntryPoint\",\"urlTemplate\":\"https:\\\/\\\/fundacioncajaruraldelsur.com\\\/?s={search_term_string}\"},\"query-input\":{\"@type\":\"PropertyValueSpecification\",\"valueRequired\":true,\"valueName\":\"search_term_string\"}}],\"inLanguage\":\"pt-PT\"},{\"@type\":\"Person\",\"@id\":\"https:\\\/\\\/fundacioncajaruraldelsur.com\\\/#\\\/schema\\\/person\\\/f430da9fb783d505ff061ad8b3d44577\",\"name\":\"Comunicaci\u00f3n\",\"image\":{\"@type\":\"ImageObject\",\"inLanguage\":\"pt-PT\",\"@id\":\"https:\\\/\\\/secure.gravatar.com\\\/avatar\\\/0dca239875993680bac4603ad2de7942da018f52cc3a244578e0b3b09314a8d8?s=96&d=blank&r=g\",\"url\":\"https:\\\/\\\/secure.gravatar.com\\\/avatar\\\/0dca239875993680bac4603ad2de7942da018f52cc3a244578e0b3b09314a8d8?s=96&d=blank&r=g\",\"contentUrl\":\"https:\\\/\\\/secure.gravatar.com\\\/avatar\\\/0dca239875993680bac4603ad2de7942da018f52cc3a244578e0b3b09314a8d8?s=96&d=blank&r=g\",\"caption\":\"Comunicaci\u00f3n\"}}]}<\/script>\n<!-- \/ Yoast SEO plugin. -->","yoast_head_json":{"title":"Fundaci\u00f3n Caja Rural del Sur sella su alianza con el Congreso de Frutos Rojos renovando como patrocinador oficial - Fundaci\u00f3n Caja Rural del Sur","robots":{"index":"index","follow":"follow","max-snippet":"max-snippet:-1","max-image-preview":"max-image-preview:large","max-video-preview":"max-video-preview:-1"},"canonical":"https:\/\/fundacioncajaruraldelsur.com\/pt\/fundacion-caja-rural-sella-alianza-congreso-frutos-rojos-renovando-patrocinador-oficial-leer-mas-la-fundacion-caja-rural-sella-alianza-congreso-frutos-rojos-renovan\/","og_locale":"pt_PT","og_type":"article","og_title":"Fundaci\u00f3n Caja Rural del Sur sella su alianza con el Congreso de Frutos Rojos renovando como patrocinador oficial - Fundaci\u00f3n Caja Rural del Sur","og_description":"La Fundaci\u00f3n Caja Rural del Sur ha vuelto a apostar por el Congreso Internacional de Frutos Rojos y ser\u00e1 de nuevo el patrocinador principal exclusivo del evento, que se celebrar\u00e1 [&hellip;]","og_url":"https:\/\/fundacioncajaruraldelsur.com\/pt\/fundacion-caja-rural-sella-alianza-congreso-frutos-rojos-renovando-patrocinador-oficial-leer-mas-la-fundacion-caja-rural-sella-alianza-congreso-frutos-rojos-renovan\/","og_site_name":"Fundaci\u00f3n Caja Rural del Sur","article_published_time":"2018-06-06T07:10:13+00:00","article_modified_time":"2018-06-06T07:10:54+00:00","og_image":[{"width":708,"height":388,"url":"https:\/\/fundacioncajaruraldelsur.com\/wp-content\/uploads\/2018\/06\/frutosrojos.png","type":"image\/png"}],"author":"Comunicaci\u00f3n","twitter_card":"summary_large_image","twitter_misc":{"Written by":"Comunicaci\u00f3n","Est. reading time":"2 minutes"},"schema":{"@context":"https:\/\/schema.org","@graph":[{"@type":"Article","@id":"https:\/\/fundacioncajaruraldelsur.com\/fundacion-caja-rural-sella-alianza-congreso-frutos-rojos-renovando-patrocinador-oficial-leer-mas-la-fundacion-caja-rural-sella-alianza-congreso-frutos-rojos-renovan\/#article","isPartOf":{"@id":"https:\/\/fundacioncajaruraldelsur.com\/fundacion-caja-rural-sella-alianza-congreso-frutos-rojos-renovando-patrocinador-oficial-leer-mas-la-fundacion-caja-rural-sella-alianza-congreso-frutos-rojos-renovan\/"},"author":{"name":"Comunicaci\u00f3n","@id":"https:\/\/fundacioncajaruraldelsur.com\/#\/schema\/person\/f430da9fb783d505ff061ad8b3d44577"},"headline":"Fundaci\u00f3n Caja Rural del Sur sella su alianza con el Congreso de Frutos Rojos renovando como patrocinador oficial","datePublished":"2018-06-06T07:10:13+00:00","dateModified":"2018-06-06T07:10:54+00:00","mainEntityOfPage":{"@id":"https:\/\/fundacioncajaruraldelsur.com\/fundacion-caja-rural-sella-alianza-congreso-frutos-rojos-renovando-patrocinador-oficial-leer-mas-la-fundacion-caja-rural-sella-alianza-congreso-frutos-rojos-renovan\/"},"wordCount":465,"image":{"@id":"https:\/\/fundacioncajaruraldelsur.com\/fundacion-caja-rural-sella-alianza-congreso-frutos-rojos-renovando-patrocinador-oficial-leer-mas-la-fundacion-caja-rural-sella-alianza-congreso-frutos-rojos-renovan\/#primaryimage"},"thumbnailUrl":"https:\/\/fundacioncajaruraldelsur.com\/wp-content\/uploads\/2018\/06\/frutosrojos.png","articleSection":["Colaboraci\u00f3n","Convenios"],"inLanguage":"pt-PT"},{"@type":"WebPage","@id":"https:\/\/fundacioncajaruraldelsur.com\/fundacion-caja-rural-sella-alianza-congreso-frutos-rojos-renovando-patrocinador-oficial-leer-mas-la-fundacion-caja-rural-sella-alianza-congreso-frutos-rojos-renovan\/","url":"https:\/\/fundacioncajaruraldelsur.com\/fundacion-caja-rural-sella-alianza-congreso-frutos-rojos-renovando-patrocinador-oficial-leer-mas-la-fundacion-caja-rural-sella-alianza-congreso-frutos-rojos-renovan\/","name":"Fundaci\u00f3n Caja Rural del Sur sella su alianza con el Congreso de Frutos Rojos renovando como patrocinador oficial - Fundaci\u00f3n Caja Rural del Sur","isPartOf":{"@id":"https:\/\/fundacioncajaruraldelsur.com\/#website"},"primaryImageOfPage":{"@id":"https:\/\/fundacioncajaruraldelsur.com\/fundacion-caja-rural-sella-alianza-congreso-frutos-rojos-renovando-patrocinador-oficial-leer-mas-la-fundacion-caja-rural-sella-alianza-congreso-frutos-rojos-renovan\/#primaryimage"},"image":{"@id":"https:\/\/fundacioncajaruraldelsur.com\/fundacion-caja-rural-sella-alianza-congreso-frutos-rojos-renovando-patrocinador-oficial-leer-mas-la-fundacion-caja-rural-sella-alianza-congreso-frutos-rojos-renovan\/#primaryimage"},"thumbnailUrl":"https:\/\/fundacioncajaruraldelsur.com\/wp-content\/uploads\/2018\/06\/frutosrojos.png","datePublished":"2018-06-06T07:10:13+00:00","dateModified":"2018-06-06T07:10:54+00:00","author":{"@id":"https:\/\/fundacioncajaruraldelsur.com\/#\/schema\/person\/f430da9fb783d505ff061ad8b3d44577"},"breadcrumb":{"@id":"https:\/\/fundacioncajaruraldelsur.com\/fundacion-caja-rural-sella-alianza-congreso-frutos-rojos-renovando-patrocinador-oficial-leer-mas-la-fundacion-caja-rural-sella-alianza-congreso-frutos-rojos-renovan\/#breadcrumb"},"inLanguage":"pt-PT","potentialAction":[{"@type":"ReadAction","target":["https:\/\/fundacioncajaruraldelsur.com\/fundacion-caja-rural-sella-alianza-congreso-frutos-rojos-renovando-patrocinador-oficial-leer-mas-la-fundacion-caja-rural-sella-alianza-congreso-frutos-rojos-renovan\/"]}]},{"@type":"ImageObject","inLanguage":"pt-PT","@id":"https:\/\/fundacioncajaruraldelsur.com\/fundacion-caja-rural-sella-alianza-congreso-frutos-rojos-renovando-patrocinador-oficial-leer-mas-la-fundacion-caja-rural-sella-alianza-congreso-frutos-rojos-renovan\/#primaryimage","url":"https:\/\/fundacioncajaruraldelsur.com\/wp-content\/uploads\/2018\/06\/frutosrojos.png","contentUrl":"https:\/\/fundacioncajaruraldelsur.com\/wp-content\/uploads\/2018\/06\/frutosrojos.png","width":708,"height":388},{"@type":"BreadcrumbList","@id":"https:\/\/fundacioncajaruraldelsur.com\/fundacion-caja-rural-sella-alianza-congreso-frutos-rojos-renovando-patrocinador-oficial-leer-mas-la-fundacion-caja-rural-sella-alianza-congreso-frutos-rojos-renovan\/#breadcrumb","itemListElement":[{"@type":"ListItem","position":1,"name":"Portada","item":"https:\/\/fundacioncajaruraldelsur.com\/"},{"@type":"ListItem","position":2,"name":"Fundaci\u00f3n Caja Rural del Sur sella su alianza con el Congreso de Frutos Rojos renovando como patrocinador oficial"}]},{"@type":"WebSite","@id":"https:\/\/fundacioncajaruraldelsur.com\/#website","url":"https:\/\/fundacioncajaruraldelsur.com\/","name":"Funda\u00e7\u00e3o Caja Rural del Sur","description":"","potentialAction":[{"@type":"SearchAction","target":{"@type":"EntryPoint","urlTemplate":"https:\/\/fundacioncajaruraldelsur.com\/?s={search_term_string}"},"query-input":{"@type":"PropertyValueSpecification","valueRequired":true,"valueName":"search_term_string"}}],"inLanguage":"pt-PT"},{"@type":"Person","@id":"https:\/\/fundacioncajaruraldelsur.com\/#\/schema\/person\/f430da9fb783d505ff061ad8b3d44577","name":"Comunicaci\u00f3n","image":{"@type":"ImageObject","inLanguage":"pt-PT","@id":"https:\/\/secure.gravatar.com\/avatar\/0dca239875993680bac4603ad2de7942da018f52cc3a244578e0b3b09314a8d8?s=96&d=blank&r=g","url":"https:\/\/secure.gravatar.com\/avatar\/0dca239875993680bac4603ad2de7942da018f52cc3a244578e0b3b09314a8d8?s=96&d=blank&r=g","contentUrl":"https:\/\/secure.gravatar.com\/avatar\/0dca239875993680bac4603ad2de7942da018f52cc3a244578e0b3b09314a8d8?s=96&d=blank&r=g","caption":"Comunicaci\u00f3n"}}]}},"rttpg_featured_image_url":{"full":["https:\/\/fundacioncajaruraldelsur.com\/wp-content\/uploads\/2018\/06\/frutosrojos.png",708,388,false],"landscape":["https:\/\/fundacioncajaruraldelsur.com\/wp-content\/uploads\/2018\/06\/frutosrojos.png",708,388,false],"portraits":["https:\/\/fundacioncajaruraldelsur.com\/wp-content\/uploads\/2018\/06\/frutosrojos.png",708,388,false],"thumbnail":["https:\/\/fundacioncajaruraldelsur.com\/wp-content\/uploads\/2018\/06\/frutosrojos-150x150.png",150,150,true],"medium":["https:\/\/fundacioncajaruraldelsur.com\/wp-content\/uploads\/2018\/06\/frutosrojos-300x164.png",300,164,true],"large":["https:\/\/fundacioncajaruraldelsur.com\/wp-content\/uploads\/2018\/06\/frutosrojos.png",708,388,false],"1536x1536":["https:\/\/fundacioncajaruraldelsur.com\/wp-content\/uploads\/2018\/06\/frutosrojos.png",708,388,false],"2048x2048":["https:\/\/fundacioncajaruraldelsur.com\/wp-content\/uploads\/2018\/06\/frutosrojos.png",708,388,false],"trp-custom-language-flag":["https:\/\/fundacioncajaruraldelsur.com\/wp-content\/uploads\/2018\/06\/frutosrojos.png",18,10,false],"blog-thumbnail":["https:\/\/fundacioncajaruraldelsur.com\/wp-content\/uploads\/2018\/06\/frutosrojos-400x200.png",400,200,true]},"rttpg_author":{"display_name":"Comunicaci\u00f3n","author_link":"https:\/\/fundacioncajaruraldelsur.com\/pt\/author\/sevillaadmin\/"},"rttpg_comment":0,"rttpg_category":"<a href=\"https:\/\/fundacioncajaruraldelsur.com\/pt\/category\/colaboracion\/\" rel=\"category tag\">Colaboraci\u00f3n<\/a> <a href=\"https:\/\/fundacioncajaruraldelsur.com\/pt\/category\/convenios\/\" rel=\"category tag\">Convenios<\/a>","rttpg_excerpt":"La Fundaci\u00f3n Caja Rural del Sur ha vuelto a apostar por el Congreso Internacional de Frutos Rojos y ser\u00e1 de nuevo el patrocinador principal exclusivo del evento, que se celebrar\u00e1 [&hellip;]","_links":{"self":[{"href":"https:\/\/fundacioncajaruraldelsur.com\/pt\/wp-json\/wp\/v2\/posts\/3645","targetHints":{"allow":["GET"]}}],"collection":[{"href":"https:\/\/fundacioncajaruraldelsur.com\/pt\/wp-json\/wp\/v2\/posts"}],"about":[{"href":"https:\/\/fundacioncajaruraldelsur.com\/pt\/wp-json\/wp\/v2\/types\/post"}],"author":[{"embeddable":true,"href":"https:\/\/fundacioncajaruraldelsur.com\/pt\/wp-json\/wp\/v2\/users\/6"}],"replies":[{"embeddable":true,"href":"https:\/\/fundacioncajaruraldelsur.com\/pt\/wp-json\/wp\/v2\/comments?post=3645"}],"version-history":[{"count":3,"href":"https:\/\/fundacioncajaruraldelsur.com\/pt\/wp-json\/wp\/v2\/posts\/3645\/revisions"}],"predecessor-version":[{"id":3649,"href":"https:\/\/fundacioncajaruraldelsur.com\/pt\/wp-json\/wp\/v2\/posts\/3645\/revisions\/3649"}],"wp:featuredmedia":[{"embeddable":true,"href":"https:\/\/fundacioncajaruraldelsur.com\/pt\/wp-json\/wp\/v2\/media\/3646"}],"wp:attachment":[{"href":"https:\/\/fundacioncajaruraldelsur.com\/pt\/wp-json\/wp\/v2\/media?parent=3645"}],"wp:term":[{"taxonomy":"category","embeddable":true,"href":"https:\/\/fundacioncajaruraldelsur.com\/pt\/wp-json\/wp\/v2\/categories?post=3645"},{"taxonomy":"post_tag","embeddable":true,"href":"https:\/\/fundacioncajaruraldelsur.com\/pt\/wp-json\/wp\/v2\/tags?post=3645"}],"curies":[{"name":"wp","href":"https:\/\/api.w.org\/{rel}","templated":true}]}}