{"id":3625,"date":"2018-06-05T11:07:42","date_gmt":"2018-06-05T11:07:42","guid":{"rendered":"\/?p=3625"},"modified":"2018-06-05T11:28:29","modified_gmt":"2018-06-05T11:28:29","slug":"inaugurada-antequera-la-v-edicion-del-curso-gobierno-consejos-rectores-cooperativas-agroalimentarias-promovido-fundacion-caja-rural-del-sur-fundacion-san-telmo","status":"publish","type":"post","link":"https:\/\/fundacioncajaruraldelsur.com\/pt\/inaugurada-antequera-la-v-edicion-del-curso-gobierno-consejos-rectores-cooperativas-agroalimentarias-promovido-fundacion-caja-rural-del-sur-fundacion-san-telmo\/","title":{"rendered":"Inaugurado en Antequera el V curso de Consejos Rectores de Cooperativas Agroalimentarias&#8217;"},"content":{"rendered":"<p>Fundaci\u00f3n Caja Rural del Sur y el Instituto Internacional San Telmo han inaugurado en la localidad de Antequera (M\u00e1laga) la V edici\u00f3n del &#8216;Curso de Gobierno para Consejos Rectores de Cooperativas Agroalimentarias&#8217;, que imparte el departamento de Empresas de la Cadena Alimentaria del Instituto Internacional San Telmo en Sevilla con el fin de avanzar en la modernizaci\u00f3n de este \u00e1mbito econ\u00f3mico en Andaluc\u00eda.<\/p>\n<p>A esta inauguraci\u00f3n del curso ha asistido el director de la Fundaci\u00f3n Caja Rural del Sur, Emilio Ponce, quien ha puesto de manifiesto la importancia de la formaci\u00f3n en este sector ante los continuos avances que se est\u00e1n produciendo en el mundo empresarial que en este \u00e1mbito es cada vez m\u00e1s global. Por parte del Instituto Internacional San Telmo, han estado presentes el director del curso, Alfonso Beca y Jos\u00e9 Antonio Boccherini, director y profesor del Departamento de Empresas Alimentaria.<\/p>\n<p>De este modo, esta V edici\u00f3n del &#8216;Curso de Gobierno para Consejos Rectores de Cooperativas Agroalimentarias&#8217; ofrece formaci\u00f3n de alto nivel en la gesti\u00f3n global de la empresa, impartida por docentes expertos y especializados en el sector. Seg\u00fan el desarrollo que realiza el Instituto Internacional San Telmo el curso emplea el m\u00e9todo del caso, con contenidos y casos especializados en empresas de la cadena agroalimentaria.<\/p>\n<p>Un a\u00f1o m\u00e1s, esta nueva edici\u00f3n del curso cuenta con un elevado n\u00famero participantes con dilatada experiencia y m\u00e1xima responsabilidad, procedentes de diversas cooperativas quienes podr\u00e1n mejorar sus capacidades para ejercer la gesti\u00f3n empresarial en el \u00e1mbito cooperativo. &#8211;<\/p>\n<p><a href=\"\/wp-content\/uploads\/2018\/06\/Imagen-de-aasistentes-al-curso.jpg\" rel=\"lightbox-0\"><img loading=\"lazy\" decoding=\"async\" class=\"alignnone wp-image-3627 size-large\" src=\"\/wp-content\/uploads\/2018\/06\/Imagen-de-aasistentes-al-curso-1024x768.jpg\" alt=\"\" width=\"960\" height=\"720\" srcset=\"https:\/\/fundacioncajaruraldelsur.com\/wp-content\/uploads\/2018\/06\/Imagen-de-aasistentes-al-curso-1024x768.jpg 1024w, https:\/\/fundacioncajaruraldelsur.com\/wp-content\/uploads\/2018\/06\/Imagen-de-aasistentes-al-curso-300x225.jpg 300w, https:\/\/fundacioncajaruraldelsur.com\/wp-content\/uploads\/2018\/06\/Imagen-de-aasistentes-al-curso-768x576.jpg 768w, https:\/\/fundacioncajaruraldelsur.com\/wp-content\/uploads\/2018\/06\/Imagen-de-aasistentes-al-curso.jpg 1600w\" sizes=\"auto, (max-width: 960px) 100vw, 960px\" \/><\/a><\/p>","protected":false},"excerpt":{"rendered":"<p>Fundaci\u00f3n Caja Rural del Sur y el Instituto Internacional San Telmo han inaugurado en la localidad de Antequera (M\u00e1laga) la V edici\u00f3n del &#8216;Curso de Gobierno para Consejos Rectores de [&hellip;]<\/p>\n","protected":false},"author":6,"featured_media":3626,"comment_status":"closed","ping_status":"open","sticky":false,"template":"","format":"standard","meta":{"footnotes":""},"categories":[81],"tags":[],"class_list":["post-3625","post","type-post","status-publish","format-standard","has-post-thumbnail","hentry","category-cursos"],"yoast_head":"<!-- This site is optimized with the Yoast SEO plugin v27.3 - https:\/\/yoast.com\/product\/yoast-seo-wordpress\/ -->\n<title>Inaugurado en Antequera el V curso de Consejos Rectores de Cooperativas Agroalimentarias&#039; - Fundaci\u00f3n Caja Rural del Sur<\/title>\n<meta name=\"robots\" content=\"index, follow, max-snippet:-1, max-image-preview:large, max-video-preview:-1\" \/>\n<link rel=\"canonical\" href=\"https:\/\/fundacioncajaruraldelsur.com\/pt\/inaugurada-antequera-la-v-edicion-del-curso-gobierno-consejos-rectores-cooperativas-agroalimentarias-promovido-fundacion-caja-rural-del-sur-fundacion-san-telmo\/\" \/>\n<meta property=\"og:locale\" content=\"pt_PT\" \/>\n<meta property=\"og:type\" content=\"article\" \/>\n<meta property=\"og:title\" content=\"Inaugurado en Antequera el V curso de Consejos Rectores de Cooperativas Agroalimentarias&#039; - Fundaci\u00f3n Caja Rural del Sur\" \/>\n<meta property=\"og:description\" content=\"Fundaci\u00f3n Caja Rural del Sur y el Instituto Internacional San Telmo han inaugurado en la localidad de Antequera (M\u00e1laga) la V edici\u00f3n del &#8216;Curso de Gobierno para Consejos Rectores de [&hellip;]\" \/>\n<meta property=\"og:url\" content=\"https:\/\/fundacioncajaruraldelsur.com\/pt\/inaugurada-antequera-la-v-edicion-del-curso-gobierno-consejos-rectores-cooperativas-agroalimentarias-promovido-fundacion-caja-rural-del-sur-fundacion-san-telmo\/\" \/>\n<meta property=\"og:site_name\" content=\"Fundaci\u00f3n Caja Rural del Sur\" \/>\n<meta property=\"article:published_time\" content=\"2018-06-05T11:07:42+00:00\" \/>\n<meta property=\"article:modified_time\" content=\"2018-06-05T11:28:29+00:00\" \/>\n<meta property=\"og:image\" content=\"https:\/\/fundacioncajaruraldelsur.com\/wp-content\/uploads\/2018\/06\/Inauguraci\u00f3n-V-Curso-Consejos-Rectores-Antequera.jpg\" \/>\n\t<meta property=\"og:image:width\" content=\"1600\" \/>\n\t<meta property=\"og:image:height\" content=\"900\" \/>\n\t<meta property=\"og:image:type\" content=\"image\/jpeg\" \/>\n<meta name=\"author\" content=\"Comunicaci\u00f3n\" \/>\n<meta name=\"twitter:card\" content=\"summary_large_image\" \/>\n<meta name=\"twitter:label1\" content=\"Written by\" \/>\n\t<meta name=\"twitter:data1\" content=\"Comunicaci\u00f3n\" \/>\n\t<meta name=\"twitter:label2\" content=\"Est. reading time\" \/>\n\t<meta name=\"twitter:data2\" content=\"1 minute\" \/>\n<script type=\"application\/ld+json\" class=\"yoast-schema-graph\">{\"@context\":\"https:\\\/\\\/schema.org\",\"@graph\":[{\"@type\":\"Article\",\"@id\":\"https:\\\/\\\/fundacioncajaruraldelsur.com\\\/inaugurada-antequera-la-v-edicion-del-curso-gobierno-consejos-rectores-cooperativas-agroalimentarias-promovido-fundacion-caja-rural-del-sur-fundacion-san-telmo\\\/#article\",\"isPartOf\":{\"@id\":\"https:\\\/\\\/fundacioncajaruraldelsur.com\\\/inaugurada-antequera-la-v-edicion-del-curso-gobierno-consejos-rectores-cooperativas-agroalimentarias-promovido-fundacion-caja-rural-del-sur-fundacion-san-telmo\\\/\"},\"author\":{\"name\":\"Comunicaci\u00f3n\",\"@id\":\"https:\\\/\\\/fundacioncajaruraldelsur.com\\\/#\\\/schema\\\/person\\\/f430da9fb783d505ff061ad8b3d44577\"},\"headline\":\"Inaugurado en Antequera el V curso de Consejos Rectores de Cooperativas Agroalimentarias&#8217;\",\"datePublished\":\"2018-06-05T11:07:42+00:00\",\"dateModified\":\"2018-06-05T11:28:29+00:00\",\"mainEntityOfPage\":{\"@id\":\"https:\\\/\\\/fundacioncajaruraldelsur.com\\\/inaugurada-antequera-la-v-edicion-del-curso-gobierno-consejos-rectores-cooperativas-agroalimentarias-promovido-fundacion-caja-rural-del-sur-fundacion-san-telmo\\\/\"},\"wordCount\":281,\"image\":{\"@id\":\"https:\\\/\\\/fundacioncajaruraldelsur.com\\\/inaugurada-antequera-la-v-edicion-del-curso-gobierno-consejos-rectores-cooperativas-agroalimentarias-promovido-fundacion-caja-rural-del-sur-fundacion-san-telmo\\\/#primaryimage\"},\"thumbnailUrl\":\"https:\\\/\\\/fundacioncajaruraldelsur.com\\\/wp-content\\\/uploads\\\/2018\\\/06\\\/Inauguraci\u00f3n-V-Curso-Consejos-Rectores-Antequera.jpg\",\"articleSection\":[\"Cursos\"],\"inLanguage\":\"pt-PT\"},{\"@type\":\"WebPage\",\"@id\":\"https:\\\/\\\/fundacioncajaruraldelsur.com\\\/inaugurada-antequera-la-v-edicion-del-curso-gobierno-consejos-rectores-cooperativas-agroalimentarias-promovido-fundacion-caja-rural-del-sur-fundacion-san-telmo\\\/\",\"url\":\"https:\\\/\\\/fundacioncajaruraldelsur.com\\\/inaugurada-antequera-la-v-edicion-del-curso-gobierno-consejos-rectores-cooperativas-agroalimentarias-promovido-fundacion-caja-rural-del-sur-fundacion-san-telmo\\\/\",\"name\":\"Inaugurado en Antequera el V curso de Consejos Rectores de Cooperativas Agroalimentarias' - Fundaci\u00f3n Caja Rural del Sur\",\"isPartOf\":{\"@id\":\"https:\\\/\\\/fundacioncajaruraldelsur.com\\\/#website\"},\"primaryImageOfPage\":{\"@id\":\"https:\\\/\\\/fundacioncajaruraldelsur.com\\\/inaugurada-antequera-la-v-edicion-del-curso-gobierno-consejos-rectores-cooperativas-agroalimentarias-promovido-fundacion-caja-rural-del-sur-fundacion-san-telmo\\\/#primaryimage\"},\"image\":{\"@id\":\"https:\\\/\\\/fundacioncajaruraldelsur.com\\\/inaugurada-antequera-la-v-edicion-del-curso-gobierno-consejos-rectores-cooperativas-agroalimentarias-promovido-fundacion-caja-rural-del-sur-fundacion-san-telmo\\\/#primaryimage\"},\"thumbnailUrl\":\"https:\\\/\\\/fundacioncajaruraldelsur.com\\\/wp-content\\\/uploads\\\/2018\\\/06\\\/Inauguraci\u00f3n-V-Curso-Consejos-Rectores-Antequera.jpg\",\"datePublished\":\"2018-06-05T11:07:42+00:00\",\"dateModified\":\"2018-06-05T11:28:29+00:00\",\"author\":{\"@id\":\"https:\\\/\\\/fundacioncajaruraldelsur.com\\\/#\\\/schema\\\/person\\\/f430da9fb783d505ff061ad8b3d44577\"},\"breadcrumb\":{\"@id\":\"https:\\\/\\\/fundacioncajaruraldelsur.com\\\/inaugurada-antequera-la-v-edicion-del-curso-gobierno-consejos-rectores-cooperativas-agroalimentarias-promovido-fundacion-caja-rural-del-sur-fundacion-san-telmo\\\/#breadcrumb\"},\"inLanguage\":\"pt-PT\",\"potentialAction\":[{\"@type\":\"ReadAction\",\"target\":[\"https:\\\/\\\/fundacioncajaruraldelsur.com\\\/inaugurada-antequera-la-v-edicion-del-curso-gobierno-consejos-rectores-cooperativas-agroalimentarias-promovido-fundacion-caja-rural-del-sur-fundacion-san-telmo\\\/\"]}]},{\"@type\":\"ImageObject\",\"inLanguage\":\"pt-PT\",\"@id\":\"https:\\\/\\\/fundacioncajaruraldelsur.com\\\/inaugurada-antequera-la-v-edicion-del-curso-gobierno-consejos-rectores-cooperativas-agroalimentarias-promovido-fundacion-caja-rural-del-sur-fundacion-san-telmo\\\/#primaryimage\",\"url\":\"https:\\\/\\\/fundacioncajaruraldelsur.com\\\/wp-content\\\/uploads\\\/2018\\\/06\\\/Inauguraci\u00f3n-V-Curso-Consejos-Rectores-Antequera.jpg\",\"contentUrl\":\"https:\\\/\\\/fundacioncajaruraldelsur.com\\\/wp-content\\\/uploads\\\/2018\\\/06\\\/Inauguraci\u00f3n-V-Curso-Consejos-Rectores-Antequera.jpg\",\"width\":1600,\"height\":900},{\"@type\":\"BreadcrumbList\",\"@id\":\"https:\\\/\\\/fundacioncajaruraldelsur.com\\\/inaugurada-antequera-la-v-edicion-del-curso-gobierno-consejos-rectores-cooperativas-agroalimentarias-promovido-fundacion-caja-rural-del-sur-fundacion-san-telmo\\\/#breadcrumb\",\"itemListElement\":[{\"@type\":\"ListItem\",\"position\":1,\"name\":\"Portada\",\"item\":\"https:\\\/\\\/fundacioncajaruraldelsur.com\\\/\"},{\"@type\":\"ListItem\",\"position\":2,\"name\":\"Inaugurado en Antequera el V curso de Consejos Rectores de Cooperativas Agroalimentarias&#8217;\"}]},{\"@type\":\"WebSite\",\"@id\":\"https:\\\/\\\/fundacioncajaruraldelsur.com\\\/#website\",\"url\":\"https:\\\/\\\/fundacioncajaruraldelsur.com\\\/\",\"name\":\"Fundaci\u00f3n Caja Rural del Sur\",\"description\":\"\",\"potentialAction\":[{\"@type\":\"SearchAction\",\"target\":{\"@type\":\"EntryPoint\",\"urlTemplate\":\"https:\\\/\\\/fundacioncajaruraldelsur.com\\\/?s={search_term_string}\"},\"query-input\":{\"@type\":\"PropertyValueSpecification\",\"valueRequired\":true,\"valueName\":\"search_term_string\"}}],\"inLanguage\":\"pt-PT\"},{\"@type\":\"Person\",\"@id\":\"https:\\\/\\\/fundacioncajaruraldelsur.com\\\/#\\\/schema\\\/person\\\/f430da9fb783d505ff061ad8b3d44577\",\"name\":\"Comunicaci\u00f3n\",\"image\":{\"@type\":\"ImageObject\",\"inLanguage\":\"pt-PT\",\"@id\":\"https:\\\/\\\/secure.gravatar.com\\\/avatar\\\/0dca239875993680bac4603ad2de7942da018f52cc3a244578e0b3b09314a8d8?s=96&d=blank&r=g\",\"url\":\"https:\\\/\\\/secure.gravatar.com\\\/avatar\\\/0dca239875993680bac4603ad2de7942da018f52cc3a244578e0b3b09314a8d8?s=96&d=blank&r=g\",\"contentUrl\":\"https:\\\/\\\/secure.gravatar.com\\\/avatar\\\/0dca239875993680bac4603ad2de7942da018f52cc3a244578e0b3b09314a8d8?s=96&d=blank&r=g\",\"caption\":\"Comunicaci\u00f3n\"}}]}<\/script>\n<!-- \/ Yoast SEO plugin. -->","yoast_head_json":{"title":"Inaugurado en Antequera el V curso de Consejos Rectores de Cooperativas Agroalimentarias' - Fundaci\u00f3n Caja Rural del Sur","robots":{"index":"index","follow":"follow","max-snippet":"max-snippet:-1","max-image-preview":"max-image-preview:large","max-video-preview":"max-video-preview:-1"},"canonical":"https:\/\/fundacioncajaruraldelsur.com\/pt\/inaugurada-antequera-la-v-edicion-del-curso-gobierno-consejos-rectores-cooperativas-agroalimentarias-promovido-fundacion-caja-rural-del-sur-fundacion-san-telmo\/","og_locale":"pt_PT","og_type":"article","og_title":"Inaugurado en Antequera el V curso de Consejos Rectores de Cooperativas Agroalimentarias' - Fundaci\u00f3n Caja Rural del Sur","og_description":"Fundaci\u00f3n Caja Rural del Sur y el Instituto Internacional San Telmo han inaugurado en la localidad de Antequera (M\u00e1laga) la V edici\u00f3n del &#8216;Curso de Gobierno para Consejos Rectores de [&hellip;]","og_url":"https:\/\/fundacioncajaruraldelsur.com\/pt\/inaugurada-antequera-la-v-edicion-del-curso-gobierno-consejos-rectores-cooperativas-agroalimentarias-promovido-fundacion-caja-rural-del-sur-fundacion-san-telmo\/","og_site_name":"Fundaci\u00f3n Caja Rural del Sur","article_published_time":"2018-06-05T11:07:42+00:00","article_modified_time":"2018-06-05T11:28:29+00:00","og_image":[{"width":1600,"height":900,"url":"https:\/\/fundacioncajaruraldelsur.com\/wp-content\/uploads\/2018\/06\/Inauguraci\u00f3n-V-Curso-Consejos-Rectores-Antequera.jpg","type":"image\/jpeg"}],"author":"Comunicaci\u00f3n","twitter_card":"summary_large_image","twitter_misc":{"Written by":"Comunicaci\u00f3n","Est. reading time":"1 minute"},"schema":{"@context":"https:\/\/schema.org","@graph":[{"@type":"Article","@id":"https:\/\/fundacioncajaruraldelsur.com\/inaugurada-antequera-la-v-edicion-del-curso-gobierno-consejos-rectores-cooperativas-agroalimentarias-promovido-fundacion-caja-rural-del-sur-fundacion-san-telmo\/#article","isPartOf":{"@id":"https:\/\/fundacioncajaruraldelsur.com\/inaugurada-antequera-la-v-edicion-del-curso-gobierno-consejos-rectores-cooperativas-agroalimentarias-promovido-fundacion-caja-rural-del-sur-fundacion-san-telmo\/"},"author":{"name":"Comunicaci\u00f3n","@id":"https:\/\/fundacioncajaruraldelsur.com\/#\/schema\/person\/f430da9fb783d505ff061ad8b3d44577"},"headline":"Inaugurado en Antequera el V curso de Consejos Rectores de Cooperativas Agroalimentarias&#8217;","datePublished":"2018-06-05T11:07:42+00:00","dateModified":"2018-06-05T11:28:29+00:00","mainEntityOfPage":{"@id":"https:\/\/fundacioncajaruraldelsur.com\/inaugurada-antequera-la-v-edicion-del-curso-gobierno-consejos-rectores-cooperativas-agroalimentarias-promovido-fundacion-caja-rural-del-sur-fundacion-san-telmo\/"},"wordCount":281,"image":{"@id":"https:\/\/fundacioncajaruraldelsur.com\/inaugurada-antequera-la-v-edicion-del-curso-gobierno-consejos-rectores-cooperativas-agroalimentarias-promovido-fundacion-caja-rural-del-sur-fundacion-san-telmo\/#primaryimage"},"thumbnailUrl":"https:\/\/fundacioncajaruraldelsur.com\/wp-content\/uploads\/2018\/06\/Inauguraci\u00f3n-V-Curso-Consejos-Rectores-Antequera.jpg","articleSection":["Cursos"],"inLanguage":"pt-PT"},{"@type":"WebPage","@id":"https:\/\/fundacioncajaruraldelsur.com\/inaugurada-antequera-la-v-edicion-del-curso-gobierno-consejos-rectores-cooperativas-agroalimentarias-promovido-fundacion-caja-rural-del-sur-fundacion-san-telmo\/","url":"https:\/\/fundacioncajaruraldelsur.com\/inaugurada-antequera-la-v-edicion-del-curso-gobierno-consejos-rectores-cooperativas-agroalimentarias-promovido-fundacion-caja-rural-del-sur-fundacion-san-telmo\/","name":"Inaugurado en Antequera el V curso de Consejos Rectores de Cooperativas Agroalimentarias' - Fundaci\u00f3n Caja Rural del Sur","isPartOf":{"@id":"https:\/\/fundacioncajaruraldelsur.com\/#website"},"primaryImageOfPage":{"@id":"https:\/\/fundacioncajaruraldelsur.com\/inaugurada-antequera-la-v-edicion-del-curso-gobierno-consejos-rectores-cooperativas-agroalimentarias-promovido-fundacion-caja-rural-del-sur-fundacion-san-telmo\/#primaryimage"},"image":{"@id":"https:\/\/fundacioncajaruraldelsur.com\/inaugurada-antequera-la-v-edicion-del-curso-gobierno-consejos-rectores-cooperativas-agroalimentarias-promovido-fundacion-caja-rural-del-sur-fundacion-san-telmo\/#primaryimage"},"thumbnailUrl":"https:\/\/fundacioncajaruraldelsur.com\/wp-content\/uploads\/2018\/06\/Inauguraci\u00f3n-V-Curso-Consejos-Rectores-Antequera.jpg","datePublished":"2018-06-05T11:07:42+00:00","dateModified":"2018-06-05T11:28:29+00:00","author":{"@id":"https:\/\/fundacioncajaruraldelsur.com\/#\/schema\/person\/f430da9fb783d505ff061ad8b3d44577"},"breadcrumb":{"@id":"https:\/\/fundacioncajaruraldelsur.com\/inaugurada-antequera-la-v-edicion-del-curso-gobierno-consejos-rectores-cooperativas-agroalimentarias-promovido-fundacion-caja-rural-del-sur-fundacion-san-telmo\/#breadcrumb"},"inLanguage":"pt-PT","potentialAction":[{"@type":"ReadAction","target":["https:\/\/fundacioncajaruraldelsur.com\/inaugurada-antequera-la-v-edicion-del-curso-gobierno-consejos-rectores-cooperativas-agroalimentarias-promovido-fundacion-caja-rural-del-sur-fundacion-san-telmo\/"]}]},{"@type":"ImageObject","inLanguage":"pt-PT","@id":"https:\/\/fundacioncajaruraldelsur.com\/inaugurada-antequera-la-v-edicion-del-curso-gobierno-consejos-rectores-cooperativas-agroalimentarias-promovido-fundacion-caja-rural-del-sur-fundacion-san-telmo\/#primaryimage","url":"https:\/\/fundacioncajaruraldelsur.com\/wp-content\/uploads\/2018\/06\/Inauguraci\u00f3n-V-Curso-Consejos-Rectores-Antequera.jpg","contentUrl":"https:\/\/fundacioncajaruraldelsur.com\/wp-content\/uploads\/2018\/06\/Inauguraci\u00f3n-V-Curso-Consejos-Rectores-Antequera.jpg","width":1600,"height":900},{"@type":"BreadcrumbList","@id":"https:\/\/fundacioncajaruraldelsur.com\/inaugurada-antequera-la-v-edicion-del-curso-gobierno-consejos-rectores-cooperativas-agroalimentarias-promovido-fundacion-caja-rural-del-sur-fundacion-san-telmo\/#breadcrumb","itemListElement":[{"@type":"ListItem","position":1,"name":"Portada","item":"https:\/\/fundacioncajaruraldelsur.com\/"},{"@type":"ListItem","position":2,"name":"Inaugurado en Antequera el V curso de Consejos Rectores de Cooperativas Agroalimentarias&#8217;"}]},{"@type":"WebSite","@id":"https:\/\/fundacioncajaruraldelsur.com\/#website","url":"https:\/\/fundacioncajaruraldelsur.com\/","name":"Funda\u00e7\u00e3o Caja Rural del Sur","description":"","potentialAction":[{"@type":"SearchAction","target":{"@type":"EntryPoint","urlTemplate":"https:\/\/fundacioncajaruraldelsur.com\/?s={search_term_string}"},"query-input":{"@type":"PropertyValueSpecification","valueRequired":true,"valueName":"search_term_string"}}],"inLanguage":"pt-PT"},{"@type":"Person","@id":"https:\/\/fundacioncajaruraldelsur.com\/#\/schema\/person\/f430da9fb783d505ff061ad8b3d44577","name":"Comunicaci\u00f3n","image":{"@type":"ImageObject","inLanguage":"pt-PT","@id":"https:\/\/secure.gravatar.com\/avatar\/0dca239875993680bac4603ad2de7942da018f52cc3a244578e0b3b09314a8d8?s=96&d=blank&r=g","url":"https:\/\/secure.gravatar.com\/avatar\/0dca239875993680bac4603ad2de7942da018f52cc3a244578e0b3b09314a8d8?s=96&d=blank&r=g","contentUrl":"https:\/\/secure.gravatar.com\/avatar\/0dca239875993680bac4603ad2de7942da018f52cc3a244578e0b3b09314a8d8?s=96&d=blank&r=g","caption":"Comunicaci\u00f3n"}}]}},"rttpg_featured_image_url":{"full":["https:\/\/fundacioncajaruraldelsur.com\/wp-content\/uploads\/2018\/06\/Inauguraci\u00f3n-V-Curso-Consejos-Rectores-Antequera.jpg",1600,900,false],"landscape":["https:\/\/fundacioncajaruraldelsur.com\/wp-content\/uploads\/2018\/06\/Inauguraci\u00f3n-V-Curso-Consejos-Rectores-Antequera.jpg",1600,900,false],"portraits":["https:\/\/fundacioncajaruraldelsur.com\/wp-content\/uploads\/2018\/06\/Inauguraci\u00f3n-V-Curso-Consejos-Rectores-Antequera.jpg",1600,900,false],"thumbnail":["https:\/\/fundacioncajaruraldelsur.com\/wp-content\/uploads\/2018\/06\/Inauguraci\u00f3n-V-Curso-Consejos-Rectores-Antequera-150x150.jpg",150,150,true],"medium":["https:\/\/fundacioncajaruraldelsur.com\/wp-content\/uploads\/2018\/06\/Inauguraci\u00f3n-V-Curso-Consejos-Rectores-Antequera-300x169.jpg",300,169,true],"large":["https:\/\/fundacioncajaruraldelsur.com\/wp-content\/uploads\/2018\/06\/Inauguraci\u00f3n-V-Curso-Consejos-Rectores-Antequera-1024x576.jpg",960,540,true],"1536x1536":["https:\/\/fundacioncajaruraldelsur.com\/wp-content\/uploads\/2018\/06\/Inauguraci\u00f3n-V-Curso-Consejos-Rectores-Antequera.jpg",1536,864,false],"2048x2048":["https:\/\/fundacioncajaruraldelsur.com\/wp-content\/uploads\/2018\/06\/Inauguraci\u00f3n-V-Curso-Consejos-Rectores-Antequera.jpg",1600,900,false],"trp-custom-language-flag":["https:\/\/fundacioncajaruraldelsur.com\/wp-content\/uploads\/2018\/06\/Inauguraci\u00f3n-V-Curso-Consejos-Rectores-Antequera.jpg",18,10,false],"blog-thumbnail":["https:\/\/fundacioncajaruraldelsur.com\/wp-content\/uploads\/2018\/06\/Inauguraci\u00f3n-V-Curso-Consejos-Rectores-Antequera-400x200.jpg",400,200,true]},"rttpg_author":{"display_name":"Comunicaci\u00f3n","author_link":"https:\/\/fundacioncajaruraldelsur.com\/pt\/author\/sevillaadmin\/"},"rttpg_comment":0,"rttpg_category":"<a href=\"https:\/\/fundacioncajaruraldelsur.com\/pt\/category\/cursos\/\" rel=\"category tag\">Cursos<\/a>","rttpg_excerpt":"Fundaci\u00f3n Caja Rural del Sur y el Instituto Internacional San Telmo han inaugurado en la localidad de Antequera (M\u00e1laga) la V edici\u00f3n del &#8216;Curso de Gobierno para Consejos Rectores de [&hellip;]","_links":{"self":[{"href":"https:\/\/fundacioncajaruraldelsur.com\/pt\/wp-json\/wp\/v2\/posts\/3625","targetHints":{"allow":["GET"]}}],"collection":[{"href":"https:\/\/fundacioncajaruraldelsur.com\/pt\/wp-json\/wp\/v2\/posts"}],"about":[{"href":"https:\/\/fundacioncajaruraldelsur.com\/pt\/wp-json\/wp\/v2\/types\/post"}],"author":[{"embeddable":true,"href":"https:\/\/fundacioncajaruraldelsur.com\/pt\/wp-json\/wp\/v2\/users\/6"}],"replies":[{"embeddable":true,"href":"https:\/\/fundacioncajaruraldelsur.com\/pt\/wp-json\/wp\/v2\/comments?post=3625"}],"version-history":[{"count":3,"href":"https:\/\/fundacioncajaruraldelsur.com\/pt\/wp-json\/wp\/v2\/posts\/3625\/revisions"}],"predecessor-version":[{"id":3630,"href":"https:\/\/fundacioncajaruraldelsur.com\/pt\/wp-json\/wp\/v2\/posts\/3625\/revisions\/3630"}],"wp:featuredmedia":[{"embeddable":true,"href":"https:\/\/fundacioncajaruraldelsur.com\/pt\/wp-json\/wp\/v2\/media\/3626"}],"wp:attachment":[{"href":"https:\/\/fundacioncajaruraldelsur.com\/pt\/wp-json\/wp\/v2\/media?parent=3625"}],"wp:term":[{"taxonomy":"category","embeddable":true,"href":"https:\/\/fundacioncajaruraldelsur.com\/pt\/wp-json\/wp\/v2\/categories?post=3625"},{"taxonomy":"post_tag","embeddable":true,"href":"https:\/\/fundacioncajaruraldelsur.com\/pt\/wp-json\/wp\/v2\/tags?post=3625"}],"curies":[{"name":"wp","href":"https:\/\/api.w.org\/{rel}","templated":true}]}}