{"id":3609,"date":"2018-05-23T09:12:23","date_gmt":"2018-05-23T09:12:23","guid":{"rendered":"\/?p=3609"},"modified":"2018-05-23T09:12:55","modified_gmt":"2018-05-23T09:12:55","slug":"ciclo-conferencias-la-innovacion-social-fundacion-caja-rural-del-sur-huelva","status":"publish","type":"post","link":"https:\/\/fundacioncajaruraldelsur.com\/pt\/ciclo-conferencias-la-innovacion-social-fundacion-caja-rural-del-sur-huelva\/","title":{"rendered":"Ciclo de conferencias sobre la innovaci\u00f3n social en Fundaci\u00f3n Caja Rural del Sur-Huelva"},"content":{"rendered":"<p>Con la conferencia de Jos\u00e9 Mar\u00eda Gasalla este jueves, 24 de mayo, en Fundaci\u00f3n Caja Rural del Sur se inicia en Huelva el ciclo de conferencias sobre innovaci\u00f3n social que patrocina la propia entidad junto a la Universidad de Huelva y su Consejo Social, con la colaboraci\u00f3n de la Academia Iberoamericana de La R\u00e1bida y la Facultad de Ciencias del Trabajo. La asistencia a este ciclo es gratuita hasta completar el aforo de los distintos salones de actos donde se ir\u00e1n celebrando las intervenciones de los invitados.<\/p>\n<p>Hasta el 6 de julio van a acudir al ciclo como ponentes, Jos\u00e9 Manuel Blanco Cotano; Teresa Viejo; Enrique Limona Valonero e Isabel Tovar, altern\u00e1ndose las charlas entre el sal\u00f3n de actos de Caja Rural del Sur y el de Grados de la Facultad de Ciencias del Trabajo.<\/p>\n<p>Para este jueves, comenzando con la recepci\u00f3n y desayuno a las 9:30 horas, el encargado de abrir el ciclo ser\u00e1 Jos\u00e9 Mar\u00eda Gasalla con el tema \u201cLa confianza como clave para la eficiencia econ\u00f3mica\u201d. Doctor en Ciencias Econ\u00f3micas y Empresariales e Ingeniero Aeron\u00e1utico, el profesor Gasalla cuenta con Diploma de estudios avanzados en Doctorado de Psicolog\u00eda Social de la Universidad Complutense de Madrid; Diplomado en Marketing por la American Marketing Association (A.M.A); Presidente y fundador del Grupo Desarrollo Organizacional; Profesor Titular de Deusto Business School. Tambi\u00e9n ha sido Evaluador del proceso de acreditaci\u00f3n de coachs profesionales senior y coachs ejecutivos de AECOP (Asociaci\u00f3n Espa\u00f1ola de Coaching) y ponente en diferentes lugares del mundo como Brasil, Bruselas, Buenos Aires, Chicago, Dubl\u00edn, El Cairo, Eslovenia, Hamburgo, Helsinki, Lisboa, Londres, M\u00e9xico, Paraguay, Taipei, Washington\u2026<\/p>\n<p>Jos\u00e9 Mar\u00eda Gasalla, desde hace m\u00e1s de 25 a\u00f1os, ejerce como Consultor\/Asesor Internacional de organizaciones, tanto p\u00fablicas como privadas y ha trabajado en Procesos de Cambio y Desarrollo Directivo en empresas como: Alcampo, BBVA, Boeringher Ingelheim, Camara de Comercio, CASA, Coca-Cola, Caixa Catalunya, Digital, Ford, IBM, MCC, Grupo Caja Madrid, La Caixa, Panrico, Telef\u00f3nica, Zara, etc.<\/p>\n<p>De entre sus publicaciones, destacan los libros \u201cLa nueva direcci\u00f3n de personas\u201d y \u201cMarketing para la formaci\u00f3n de Directivos\u201d. Ed. Pir\u00e1mide. Confianza. La clave del \u00e9xito personal y empresarial\u201d, \u201cQuien lidera conf\u00eda\u201d Ed. Urano, \u201cAsunto. Confianza y Compromiso\u201d LID Editorial.<\/p>\n<p>Programa completo:\u00a0<a href=\"\/wp-content\/uploads\/2018\/05\/180522.-Ciclo-Conferencia-1.pdf\">Ciclo Conferencias sobre Innovaci\u00f3n Social\u00a0<\/a><\/p>","protected":false},"excerpt":{"rendered":"<p>Con la conferencia de Jos\u00e9 Mar\u00eda Gasalla este jueves, 24 de mayo, en Fundaci\u00f3n Caja Rural del Sur se inicia en Huelva el ciclo de conferencias sobre innovaci\u00f3n social que [&hellip;]<\/p>\n","protected":false},"author":6,"featured_media":3610,"comment_status":"closed","ping_status":"open","sticky":false,"template":"","format":"standard","meta":{"footnotes":""},"categories":[83],"tags":[],"class_list":["post-3609","post","type-post","status-publish","format-standard","has-post-thumbnail","hentry","category-conferencias"],"yoast_head":"<!-- This site is optimized with the Yoast SEO plugin v27.3 - https:\/\/yoast.com\/product\/yoast-seo-wordpress\/ -->\n<title>Ciclo de conferencias sobre la innovaci\u00f3n social en Fundaci\u00f3n Caja Rural del Sur-Huelva - Fundaci\u00f3n Caja Rural del Sur<\/title>\n<meta name=\"robots\" content=\"index, follow, max-snippet:-1, max-image-preview:large, max-video-preview:-1\" \/>\n<link rel=\"canonical\" href=\"https:\/\/fundacioncajaruraldelsur.com\/pt\/ciclo-conferencias-la-innovacion-social-fundacion-caja-rural-del-sur-huelva\/\" \/>\n<meta property=\"og:locale\" content=\"pt_PT\" \/>\n<meta property=\"og:type\" content=\"article\" \/>\n<meta property=\"og:title\" content=\"Ciclo de conferencias sobre la innovaci\u00f3n social en Fundaci\u00f3n Caja Rural del Sur-Huelva - Fundaci\u00f3n Caja Rural del Sur\" \/>\n<meta property=\"og:description\" content=\"Con la conferencia de Jos\u00e9 Mar\u00eda Gasalla este jueves, 24 de mayo, en Fundaci\u00f3n Caja Rural del Sur se inicia en Huelva el ciclo de conferencias sobre innovaci\u00f3n social que [&hellip;]\" \/>\n<meta property=\"og:url\" content=\"https:\/\/fundacioncajaruraldelsur.com\/pt\/ciclo-conferencias-la-innovacion-social-fundacion-caja-rural-del-sur-huelva\/\" \/>\n<meta property=\"og:site_name\" content=\"Fundaci\u00f3n Caja Rural del Sur\" \/>\n<meta property=\"article:published_time\" content=\"2018-05-23T09:12:23+00:00\" \/>\n<meta property=\"article:modified_time\" content=\"2018-05-23T09:12:55+00:00\" \/>\n<meta property=\"og:image\" content=\"https:\/\/fundacioncajaruraldelsur.com\/wp-content\/uploads\/2018\/05\/huelva.jpg\" \/>\n\t<meta property=\"og:image:width\" content=\"882\" \/>\n\t<meta property=\"og:image:height\" content=\"547\" \/>\n\t<meta property=\"og:image:type\" content=\"image\/jpeg\" \/>\n<meta name=\"author\" content=\"Comunicaci\u00f3n\" \/>\n<meta name=\"twitter:card\" content=\"summary_large_image\" \/>\n<meta name=\"twitter:label1\" content=\"Written by\" \/>\n\t<meta name=\"twitter:data1\" content=\"Comunicaci\u00f3n\" \/>\n\t<meta name=\"twitter:label2\" content=\"Est. reading time\" \/>\n\t<meta name=\"twitter:data2\" content=\"2 minutes\" \/>\n<script type=\"application\/ld+json\" class=\"yoast-schema-graph\">{\"@context\":\"https:\\\/\\\/schema.org\",\"@graph\":[{\"@type\":\"Article\",\"@id\":\"https:\\\/\\\/fundacioncajaruraldelsur.com\\\/ciclo-conferencias-la-innovacion-social-fundacion-caja-rural-del-sur-huelva\\\/#article\",\"isPartOf\":{\"@id\":\"https:\\\/\\\/fundacioncajaruraldelsur.com\\\/ciclo-conferencias-la-innovacion-social-fundacion-caja-rural-del-sur-huelva\\\/\"},\"author\":{\"name\":\"Comunicaci\u00f3n\",\"@id\":\"https:\\\/\\\/fundacioncajaruraldelsur.com\\\/#\\\/schema\\\/person\\\/f430da9fb783d505ff061ad8b3d44577\"},\"headline\":\"Ciclo de conferencias sobre la innovaci\u00f3n social en Fundaci\u00f3n Caja Rural del Sur-Huelva\",\"datePublished\":\"2018-05-23T09:12:23+00:00\",\"dateModified\":\"2018-05-23T09:12:55+00:00\",\"mainEntityOfPage\":{\"@id\":\"https:\\\/\\\/fundacioncajaruraldelsur.com\\\/ciclo-conferencias-la-innovacion-social-fundacion-caja-rural-del-sur-huelva\\\/\"},\"wordCount\":413,\"image\":{\"@id\":\"https:\\\/\\\/fundacioncajaruraldelsur.com\\\/ciclo-conferencias-la-innovacion-social-fundacion-caja-rural-del-sur-huelva\\\/#primaryimage\"},\"thumbnailUrl\":\"https:\\\/\\\/fundacioncajaruraldelsur.com\\\/wp-content\\\/uploads\\\/2018\\\/05\\\/huelva.jpg\",\"articleSection\":[\"Conferencias\"],\"inLanguage\":\"pt-PT\"},{\"@type\":\"WebPage\",\"@id\":\"https:\\\/\\\/fundacioncajaruraldelsur.com\\\/ciclo-conferencias-la-innovacion-social-fundacion-caja-rural-del-sur-huelva\\\/\",\"url\":\"https:\\\/\\\/fundacioncajaruraldelsur.com\\\/ciclo-conferencias-la-innovacion-social-fundacion-caja-rural-del-sur-huelva\\\/\",\"name\":\"Ciclo de conferencias sobre la innovaci\u00f3n social en Fundaci\u00f3n Caja Rural del Sur-Huelva - Fundaci\u00f3n Caja Rural del Sur\",\"isPartOf\":{\"@id\":\"https:\\\/\\\/fundacioncajaruraldelsur.com\\\/#website\"},\"primaryImageOfPage\":{\"@id\":\"https:\\\/\\\/fundacioncajaruraldelsur.com\\\/ciclo-conferencias-la-innovacion-social-fundacion-caja-rural-del-sur-huelva\\\/#primaryimage\"},\"image\":{\"@id\":\"https:\\\/\\\/fundacioncajaruraldelsur.com\\\/ciclo-conferencias-la-innovacion-social-fundacion-caja-rural-del-sur-huelva\\\/#primaryimage\"},\"thumbnailUrl\":\"https:\\\/\\\/fundacioncajaruraldelsur.com\\\/wp-content\\\/uploads\\\/2018\\\/05\\\/huelva.jpg\",\"datePublished\":\"2018-05-23T09:12:23+00:00\",\"dateModified\":\"2018-05-23T09:12:55+00:00\",\"author\":{\"@id\":\"https:\\\/\\\/fundacioncajaruraldelsur.com\\\/#\\\/schema\\\/person\\\/f430da9fb783d505ff061ad8b3d44577\"},\"breadcrumb\":{\"@id\":\"https:\\\/\\\/fundacioncajaruraldelsur.com\\\/ciclo-conferencias-la-innovacion-social-fundacion-caja-rural-del-sur-huelva\\\/#breadcrumb\"},\"inLanguage\":\"pt-PT\",\"potentialAction\":[{\"@type\":\"ReadAction\",\"target\":[\"https:\\\/\\\/fundacioncajaruraldelsur.com\\\/ciclo-conferencias-la-innovacion-social-fundacion-caja-rural-del-sur-huelva\\\/\"]}]},{\"@type\":\"ImageObject\",\"inLanguage\":\"pt-PT\",\"@id\":\"https:\\\/\\\/fundacioncajaruraldelsur.com\\\/ciclo-conferencias-la-innovacion-social-fundacion-caja-rural-del-sur-huelva\\\/#primaryimage\",\"url\":\"https:\\\/\\\/fundacioncajaruraldelsur.com\\\/wp-content\\\/uploads\\\/2018\\\/05\\\/huelva.jpg\",\"contentUrl\":\"https:\\\/\\\/fundacioncajaruraldelsur.com\\\/wp-content\\\/uploads\\\/2018\\\/05\\\/huelva.jpg\",\"width\":882,\"height\":547},{\"@type\":\"BreadcrumbList\",\"@id\":\"https:\\\/\\\/fundacioncajaruraldelsur.com\\\/ciclo-conferencias-la-innovacion-social-fundacion-caja-rural-del-sur-huelva\\\/#breadcrumb\",\"itemListElement\":[{\"@type\":\"ListItem\",\"position\":1,\"name\":\"Portada\",\"item\":\"https:\\\/\\\/fundacioncajaruraldelsur.com\\\/\"},{\"@type\":\"ListItem\",\"position\":2,\"name\":\"Ciclo de conferencias sobre la innovaci\u00f3n social en Fundaci\u00f3n Caja Rural del Sur-Huelva\"}]},{\"@type\":\"WebSite\",\"@id\":\"https:\\\/\\\/fundacioncajaruraldelsur.com\\\/#website\",\"url\":\"https:\\\/\\\/fundacioncajaruraldelsur.com\\\/\",\"name\":\"Fundaci\u00f3n Caja Rural del Sur\",\"description\":\"\",\"potentialAction\":[{\"@type\":\"SearchAction\",\"target\":{\"@type\":\"EntryPoint\",\"urlTemplate\":\"https:\\\/\\\/fundacioncajaruraldelsur.com\\\/?s={search_term_string}\"},\"query-input\":{\"@type\":\"PropertyValueSpecification\",\"valueRequired\":true,\"valueName\":\"search_term_string\"}}],\"inLanguage\":\"pt-PT\"},{\"@type\":\"Person\",\"@id\":\"https:\\\/\\\/fundacioncajaruraldelsur.com\\\/#\\\/schema\\\/person\\\/f430da9fb783d505ff061ad8b3d44577\",\"name\":\"Comunicaci\u00f3n\",\"image\":{\"@type\":\"ImageObject\",\"inLanguage\":\"pt-PT\",\"@id\":\"https:\\\/\\\/secure.gravatar.com\\\/avatar\\\/0dca239875993680bac4603ad2de7942da018f52cc3a244578e0b3b09314a8d8?s=96&d=blank&r=g\",\"url\":\"https:\\\/\\\/secure.gravatar.com\\\/avatar\\\/0dca239875993680bac4603ad2de7942da018f52cc3a244578e0b3b09314a8d8?s=96&d=blank&r=g\",\"contentUrl\":\"https:\\\/\\\/secure.gravatar.com\\\/avatar\\\/0dca239875993680bac4603ad2de7942da018f52cc3a244578e0b3b09314a8d8?s=96&d=blank&r=g\",\"caption\":\"Comunicaci\u00f3n\"}}]}<\/script>\n<!-- \/ Yoast SEO plugin. -->","yoast_head_json":{"title":"Ciclo de conferencias sobre la innovaci\u00f3n social en Fundaci\u00f3n Caja Rural del Sur-Huelva - Fundaci\u00f3n Caja Rural del Sur","robots":{"index":"index","follow":"follow","max-snippet":"max-snippet:-1","max-image-preview":"max-image-preview:large","max-video-preview":"max-video-preview:-1"},"canonical":"https:\/\/fundacioncajaruraldelsur.com\/pt\/ciclo-conferencias-la-innovacion-social-fundacion-caja-rural-del-sur-huelva\/","og_locale":"pt_PT","og_type":"article","og_title":"Ciclo de conferencias sobre la innovaci\u00f3n social en Fundaci\u00f3n Caja Rural del Sur-Huelva - Fundaci\u00f3n Caja Rural del Sur","og_description":"Con la conferencia de Jos\u00e9 Mar\u00eda Gasalla este jueves, 24 de mayo, en Fundaci\u00f3n Caja Rural del Sur se inicia en Huelva el ciclo de conferencias sobre innovaci\u00f3n social que [&hellip;]","og_url":"https:\/\/fundacioncajaruraldelsur.com\/pt\/ciclo-conferencias-la-innovacion-social-fundacion-caja-rural-del-sur-huelva\/","og_site_name":"Fundaci\u00f3n Caja Rural del Sur","article_published_time":"2018-05-23T09:12:23+00:00","article_modified_time":"2018-05-23T09:12:55+00:00","og_image":[{"width":882,"height":547,"url":"https:\/\/fundacioncajaruraldelsur.com\/wp-content\/uploads\/2018\/05\/huelva.jpg","type":"image\/jpeg"}],"author":"Comunicaci\u00f3n","twitter_card":"summary_large_image","twitter_misc":{"Written by":"Comunicaci\u00f3n","Est. reading time":"2 minutes"},"schema":{"@context":"https:\/\/schema.org","@graph":[{"@type":"Article","@id":"https:\/\/fundacioncajaruraldelsur.com\/ciclo-conferencias-la-innovacion-social-fundacion-caja-rural-del-sur-huelva\/#article","isPartOf":{"@id":"https:\/\/fundacioncajaruraldelsur.com\/ciclo-conferencias-la-innovacion-social-fundacion-caja-rural-del-sur-huelva\/"},"author":{"name":"Comunicaci\u00f3n","@id":"https:\/\/fundacioncajaruraldelsur.com\/#\/schema\/person\/f430da9fb783d505ff061ad8b3d44577"},"headline":"Ciclo de conferencias sobre la innovaci\u00f3n social en Fundaci\u00f3n Caja Rural del Sur-Huelva","datePublished":"2018-05-23T09:12:23+00:00","dateModified":"2018-05-23T09:12:55+00:00","mainEntityOfPage":{"@id":"https:\/\/fundacioncajaruraldelsur.com\/ciclo-conferencias-la-innovacion-social-fundacion-caja-rural-del-sur-huelva\/"},"wordCount":413,"image":{"@id":"https:\/\/fundacioncajaruraldelsur.com\/ciclo-conferencias-la-innovacion-social-fundacion-caja-rural-del-sur-huelva\/#primaryimage"},"thumbnailUrl":"https:\/\/fundacioncajaruraldelsur.com\/wp-content\/uploads\/2018\/05\/huelva.jpg","articleSection":["Conferencias"],"inLanguage":"pt-PT"},{"@type":"WebPage","@id":"https:\/\/fundacioncajaruraldelsur.com\/ciclo-conferencias-la-innovacion-social-fundacion-caja-rural-del-sur-huelva\/","url":"https:\/\/fundacioncajaruraldelsur.com\/ciclo-conferencias-la-innovacion-social-fundacion-caja-rural-del-sur-huelva\/","name":"Ciclo de conferencias sobre la innovaci\u00f3n social en Fundaci\u00f3n Caja Rural del Sur-Huelva - Fundaci\u00f3n Caja Rural del Sur","isPartOf":{"@id":"https:\/\/fundacioncajaruraldelsur.com\/#website"},"primaryImageOfPage":{"@id":"https:\/\/fundacioncajaruraldelsur.com\/ciclo-conferencias-la-innovacion-social-fundacion-caja-rural-del-sur-huelva\/#primaryimage"},"image":{"@id":"https:\/\/fundacioncajaruraldelsur.com\/ciclo-conferencias-la-innovacion-social-fundacion-caja-rural-del-sur-huelva\/#primaryimage"},"thumbnailUrl":"https:\/\/fundacioncajaruraldelsur.com\/wp-content\/uploads\/2018\/05\/huelva.jpg","datePublished":"2018-05-23T09:12:23+00:00","dateModified":"2018-05-23T09:12:55+00:00","author":{"@id":"https:\/\/fundacioncajaruraldelsur.com\/#\/schema\/person\/f430da9fb783d505ff061ad8b3d44577"},"breadcrumb":{"@id":"https:\/\/fundacioncajaruraldelsur.com\/ciclo-conferencias-la-innovacion-social-fundacion-caja-rural-del-sur-huelva\/#breadcrumb"},"inLanguage":"pt-PT","potentialAction":[{"@type":"ReadAction","target":["https:\/\/fundacioncajaruraldelsur.com\/ciclo-conferencias-la-innovacion-social-fundacion-caja-rural-del-sur-huelva\/"]}]},{"@type":"ImageObject","inLanguage":"pt-PT","@id":"https:\/\/fundacioncajaruraldelsur.com\/ciclo-conferencias-la-innovacion-social-fundacion-caja-rural-del-sur-huelva\/#primaryimage","url":"https:\/\/fundacioncajaruraldelsur.com\/wp-content\/uploads\/2018\/05\/huelva.jpg","contentUrl":"https:\/\/fundacioncajaruraldelsur.com\/wp-content\/uploads\/2018\/05\/huelva.jpg","width":882,"height":547},{"@type":"BreadcrumbList","@id":"https:\/\/fundacioncajaruraldelsur.com\/ciclo-conferencias-la-innovacion-social-fundacion-caja-rural-del-sur-huelva\/#breadcrumb","itemListElement":[{"@type":"ListItem","position":1,"name":"Portada","item":"https:\/\/fundacioncajaruraldelsur.com\/"},{"@type":"ListItem","position":2,"name":"Ciclo de conferencias sobre la innovaci\u00f3n social en Fundaci\u00f3n Caja Rural del Sur-Huelva"}]},{"@type":"WebSite","@id":"https:\/\/fundacioncajaruraldelsur.com\/#website","url":"https:\/\/fundacioncajaruraldelsur.com\/","name":"Funda\u00e7\u00e3o Caja Rural del Sur","description":"","potentialAction":[{"@type":"SearchAction","target":{"@type":"EntryPoint","urlTemplate":"https:\/\/fundacioncajaruraldelsur.com\/?s={search_term_string}"},"query-input":{"@type":"PropertyValueSpecification","valueRequired":true,"valueName":"search_term_string"}}],"inLanguage":"pt-PT"},{"@type":"Person","@id":"https:\/\/fundacioncajaruraldelsur.com\/#\/schema\/person\/f430da9fb783d505ff061ad8b3d44577","name":"Comunicaci\u00f3n","image":{"@type":"ImageObject","inLanguage":"pt-PT","@id":"https:\/\/secure.gravatar.com\/avatar\/0dca239875993680bac4603ad2de7942da018f52cc3a244578e0b3b09314a8d8?s=96&d=blank&r=g","url":"https:\/\/secure.gravatar.com\/avatar\/0dca239875993680bac4603ad2de7942da018f52cc3a244578e0b3b09314a8d8?s=96&d=blank&r=g","contentUrl":"https:\/\/secure.gravatar.com\/avatar\/0dca239875993680bac4603ad2de7942da018f52cc3a244578e0b3b09314a8d8?s=96&d=blank&r=g","caption":"Comunicaci\u00f3n"}}]}},"rttpg_featured_image_url":{"full":["https:\/\/fundacioncajaruraldelsur.com\/wp-content\/uploads\/2018\/05\/huelva.jpg",882,547,false],"landscape":["https:\/\/fundacioncajaruraldelsur.com\/wp-content\/uploads\/2018\/05\/huelva.jpg",882,547,false],"portraits":["https:\/\/fundacioncajaruraldelsur.com\/wp-content\/uploads\/2018\/05\/huelva.jpg",882,547,false],"thumbnail":["https:\/\/fundacioncajaruraldelsur.com\/wp-content\/uploads\/2018\/05\/huelva-150x150.jpg",150,150,true],"medium":["https:\/\/fundacioncajaruraldelsur.com\/wp-content\/uploads\/2018\/05\/huelva-300x186.jpg",300,186,true],"large":["https:\/\/fundacioncajaruraldelsur.com\/wp-content\/uploads\/2018\/05\/huelva.jpg",882,547,false],"1536x1536":["https:\/\/fundacioncajaruraldelsur.com\/wp-content\/uploads\/2018\/05\/huelva.jpg",882,547,false],"2048x2048":["https:\/\/fundacioncajaruraldelsur.com\/wp-content\/uploads\/2018\/05\/huelva.jpg",882,547,false],"trp-custom-language-flag":["https:\/\/fundacioncajaruraldelsur.com\/wp-content\/uploads\/2018\/05\/huelva.jpg",18,12,false],"blog-thumbnail":["https:\/\/fundacioncajaruraldelsur.com\/wp-content\/uploads\/2018\/05\/huelva-400x200.jpg",400,200,true]},"rttpg_author":{"display_name":"Comunicaci\u00f3n","author_link":"https:\/\/fundacioncajaruraldelsur.com\/pt\/author\/sevillaadmin\/"},"rttpg_comment":0,"rttpg_category":"<a href=\"https:\/\/fundacioncajaruraldelsur.com\/pt\/category\/conferencias\/\" rel=\"category tag\">Conferencias<\/a>","rttpg_excerpt":"Con la conferencia de Jos\u00e9 Mar\u00eda Gasalla este jueves, 24 de mayo, en Fundaci\u00f3n Caja Rural del Sur se inicia en Huelva el ciclo de conferencias sobre innovaci\u00f3n social que [&hellip;]","_links":{"self":[{"href":"https:\/\/fundacioncajaruraldelsur.com\/pt\/wp-json\/wp\/v2\/posts\/3609","targetHints":{"allow":["GET"]}}],"collection":[{"href":"https:\/\/fundacioncajaruraldelsur.com\/pt\/wp-json\/wp\/v2\/posts"}],"about":[{"href":"https:\/\/fundacioncajaruraldelsur.com\/pt\/wp-json\/wp\/v2\/types\/post"}],"author":[{"embeddable":true,"href":"https:\/\/fundacioncajaruraldelsur.com\/pt\/wp-json\/wp\/v2\/users\/6"}],"replies":[{"embeddable":true,"href":"https:\/\/fundacioncajaruraldelsur.com\/pt\/wp-json\/wp\/v2\/comments?post=3609"}],"version-history":[{"count":2,"href":"https:\/\/fundacioncajaruraldelsur.com\/pt\/wp-json\/wp\/v2\/posts\/3609\/revisions"}],"predecessor-version":[{"id":3613,"href":"https:\/\/fundacioncajaruraldelsur.com\/pt\/wp-json\/wp\/v2\/posts\/3609\/revisions\/3613"}],"wp:featuredmedia":[{"embeddable":true,"href":"https:\/\/fundacioncajaruraldelsur.com\/pt\/wp-json\/wp\/v2\/media\/3610"}],"wp:attachment":[{"href":"https:\/\/fundacioncajaruraldelsur.com\/pt\/wp-json\/wp\/v2\/media?parent=3609"}],"wp:term":[{"taxonomy":"category","embeddable":true,"href":"https:\/\/fundacioncajaruraldelsur.com\/pt\/wp-json\/wp\/v2\/categories?post=3609"},{"taxonomy":"post_tag","embeddable":true,"href":"https:\/\/fundacioncajaruraldelsur.com\/pt\/wp-json\/wp\/v2\/tags?post=3609"}],"curies":[{"name":"wp","href":"https:\/\/api.w.org\/{rel}","templated":true}]}}