{"id":3593,"date":"2018-04-25T17:21:24","date_gmt":"2018-04-25T17:21:24","guid":{"rendered":"\/?p=3593"},"modified":"2018-04-25T17:21:24","modified_gmt":"2018-04-25T17:21:24","slug":"fundacion-caja-rural-del-sur-colaborara-los-actos-conmemorativos-del-50-aniversario-la-etsiam","status":"publish","type":"post","link":"https:\/\/fundacioncajaruraldelsur.com\/pt\/fundacion-caja-rural-del-sur-colaborara-los-actos-conmemorativos-del-50-aniversario-la-etsiam\/","title":{"rendered":"Fundaci\u00f3n Caja Rural del  Sur colaborar\u00e1 con los actos conmemorativos del 50 aniversario de la ETSIAM"},"content":{"rendered":"<div class=\"itemIntroText\">\n<p>La Fundaci\u00f3n Caja Rural del Sur colaborar\u00e1 en los actos de celebraci\u00f3n del 50 aniversario de la Escuela Superior de Ingenier\u00eda Agron\u00f3mica y de Montes (ETSIAM). Dicha participaci\u00f3n se enmarca en el convenio de colaboraci\u00f3n en actividades de inter\u00e9s general que han firmado el rector de la Universidad de C\u00f3rdoba, Jos\u00e9 Carlos G\u00f3mez Villamandos y el presidente de la Fundaci\u00f3n Social y Cultural de la Caja Rural del Sur, Jos\u00e9 Luis Garc\u00eda Palacios.<\/p>\n<\/div>\n<div class=\"itemFullText\">\n<p>La Universidad de C\u00f3rdoba tiene programados un amplio n\u00famero de actividades durante todo el a\u00f1o para conmemorar el 50 aniversario de la ETSIAM, cincuenta a\u00f1os en los que este centro ha estado impulsando cambios de tendencias, ofreciendo formaci\u00f3n de calidad e investigaci\u00f3n de primer nivel, apostando por la innovaci\u00f3n y por la vanguardia tecnol\u00f3gica y, sobre todo, de compromiso con los retos de la sociedad.<br \/>\nLa Fundaci\u00f3n Caja Rural del Sur tiene entre sus fines la formaci\u00f3n, promoci\u00f3n cultural, profesional y asistencial del entorno local o de la comunidad en general, as\u00ed como la mejora de la calidad de vida y del desarrollo comunitario y por ello quiere sumarse y colaborar con este programa conmemorativo que tendr\u00e1 su acto central el pr\u00f3ximo 4 de mayo.<\/p>\n<p>A la firma del convenio asistieron por parte de la Universidad de C\u00f3rdoba el vicerrector de Coordinaci\u00f3n Institucional e Infraestructuras, Antonio Cubero Atienza y la directora de la Escuela Superior de Ingenier\u00eda Agron\u00f3mica y de Montes de la UCO, Rosa Gallardo Cobos, y de la Fundaci\u00f3n Caja Rural del Sur, el director de la misma, Emilio Ponce y Jos\u00e9 Luis Vega-Leal, responsable de la entidad en C\u00f3rdoba.<\/p>\n<p><a href=\"\/wp-content\/uploads\/2018\/04\/IMG_2469.jpeg\" rel=\"lightbox-0\"><img loading=\"lazy\" decoding=\"async\" class=\"aligncenter wp-image-3596 size-large\" src=\"\/wp-content\/uploads\/2018\/04\/IMG_2469-1024x683.jpeg\" alt=\"\" width=\"960\" height=\"640\" srcset=\"https:\/\/fundacioncajaruraldelsur.com\/wp-content\/uploads\/2018\/04\/IMG_2469-1024x683.jpeg 1024w, https:\/\/fundacioncajaruraldelsur.com\/wp-content\/uploads\/2018\/04\/IMG_2469-300x200.jpeg 300w, https:\/\/fundacioncajaruraldelsur.com\/wp-content\/uploads\/2018\/04\/IMG_2469-768x512.jpeg 768w\" sizes=\"auto, (max-width: 960px) 100vw, 960px\" \/><\/a><\/p>\n<\/div>","protected":false},"excerpt":{"rendered":"<p>La Fundaci\u00f3n Caja Rural del Sur colaborar\u00e1 en los actos de celebraci\u00f3n del 50 aniversario de la Escuela Superior de Ingenier\u00eda Agron\u00f3mica y de Montes (ETSIAM). Dicha participaci\u00f3n se enmarca [&hellip;]<\/p>\n","protected":false},"author":6,"featured_media":3595,"comment_status":"closed","ping_status":"open","sticky":false,"template":"","format":"standard","meta":{"footnotes":""},"categories":[67],"tags":[],"class_list":["post-3593","post","type-post","status-publish","format-standard","has-post-thumbnail","hentry","category-convenios"],"yoast_head":"<!-- This site is optimized with the Yoast SEO plugin v27.3 - https:\/\/yoast.com\/product\/yoast-seo-wordpress\/ -->\n<title>Fundaci\u00f3n Caja Rural del Sur colaborar\u00e1 con los actos conmemorativos del 50 aniversario de la ETSIAM - Fundaci\u00f3n Caja Rural del Sur<\/title>\n<meta name=\"robots\" content=\"index, follow, max-snippet:-1, max-image-preview:large, max-video-preview:-1\" \/>\n<link rel=\"canonical\" href=\"https:\/\/fundacioncajaruraldelsur.com\/pt\/fundacion-caja-rural-del-sur-colaborara-los-actos-conmemorativos-del-50-aniversario-la-etsiam\/\" \/>\n<meta property=\"og:locale\" content=\"pt_PT\" \/>\n<meta property=\"og:type\" content=\"article\" \/>\n<meta property=\"og:title\" content=\"Fundaci\u00f3n Caja Rural del Sur colaborar\u00e1 con los actos conmemorativos del 50 aniversario de la ETSIAM - Fundaci\u00f3n Caja Rural del Sur\" \/>\n<meta property=\"og:description\" content=\"La Fundaci\u00f3n Caja Rural del Sur colaborar\u00e1 en los actos de celebraci\u00f3n del 50 aniversario de la Escuela Superior de Ingenier\u00eda Agron\u00f3mica y de Montes (ETSIAM). Dicha participaci\u00f3n se enmarca [&hellip;]\" \/>\n<meta property=\"og:url\" content=\"https:\/\/fundacioncajaruraldelsur.com\/pt\/fundacion-caja-rural-del-sur-colaborara-los-actos-conmemorativos-del-50-aniversario-la-etsiam\/\" \/>\n<meta property=\"og:site_name\" content=\"Fundaci\u00f3n Caja Rural del Sur\" \/>\n<meta property=\"article:published_time\" content=\"2018-04-25T17:21:24+00:00\" \/>\n<meta property=\"og:image\" content=\"https:\/\/fundacioncajaruraldelsur.com\/wp-content\/uploads\/2018\/04\/IMG_2435.jpg\" \/>\n\t<meta property=\"og:image:width\" content=\"3984\" \/>\n\t<meta property=\"og:image:height\" content=\"2656\" \/>\n\t<meta property=\"og:image:type\" content=\"image\/jpeg\" \/>\n<meta name=\"author\" content=\"Comunicaci\u00f3n\" \/>\n<meta name=\"twitter:card\" content=\"summary_large_image\" \/>\n<meta name=\"twitter:label1\" content=\"Written by\" \/>\n\t<meta name=\"twitter:data1\" content=\"Comunicaci\u00f3n\" \/>\n\t<meta name=\"twitter:label2\" content=\"Est. reading time\" \/>\n\t<meta name=\"twitter:data2\" content=\"1 minute\" \/>\n<script type=\"application\/ld+json\" class=\"yoast-schema-graph\">{\"@context\":\"https:\\\/\\\/schema.org\",\"@graph\":[{\"@type\":\"Article\",\"@id\":\"https:\\\/\\\/fundacioncajaruraldelsur.com\\\/fundacion-caja-rural-del-sur-colaborara-los-actos-conmemorativos-del-50-aniversario-la-etsiam\\\/#article\",\"isPartOf\":{\"@id\":\"https:\\\/\\\/fundacioncajaruraldelsur.com\\\/fundacion-caja-rural-del-sur-colaborara-los-actos-conmemorativos-del-50-aniversario-la-etsiam\\\/\"},\"author\":{\"name\":\"Comunicaci\u00f3n\",\"@id\":\"https:\\\/\\\/fundacioncajaruraldelsur.com\\\/#\\\/schema\\\/person\\\/f430da9fb783d505ff061ad8b3d44577\"},\"headline\":\"Fundaci\u00f3n Caja Rural del Sur colaborar\u00e1 con los actos conmemorativos del 50 aniversario de la ETSIAM\",\"datePublished\":\"2018-04-25T17:21:24+00:00\",\"mainEntityOfPage\":{\"@id\":\"https:\\\/\\\/fundacioncajaruraldelsur.com\\\/fundacion-caja-rural-del-sur-colaborara-los-actos-conmemorativos-del-50-aniversario-la-etsiam\\\/\"},\"wordCount\":307,\"image\":{\"@id\":\"https:\\\/\\\/fundacioncajaruraldelsur.com\\\/fundacion-caja-rural-del-sur-colaborara-los-actos-conmemorativos-del-50-aniversario-la-etsiam\\\/#primaryimage\"},\"thumbnailUrl\":\"https:\\\/\\\/fundacioncajaruraldelsur.com\\\/wp-content\\\/uploads\\\/2018\\\/04\\\/IMG_2435.jpg\",\"articleSection\":[\"Convenios\"],\"inLanguage\":\"pt-PT\"},{\"@type\":\"WebPage\",\"@id\":\"https:\\\/\\\/fundacioncajaruraldelsur.com\\\/fundacion-caja-rural-del-sur-colaborara-los-actos-conmemorativos-del-50-aniversario-la-etsiam\\\/\",\"url\":\"https:\\\/\\\/fundacioncajaruraldelsur.com\\\/fundacion-caja-rural-del-sur-colaborara-los-actos-conmemorativos-del-50-aniversario-la-etsiam\\\/\",\"name\":\"Fundaci\u00f3n Caja Rural del Sur colaborar\u00e1 con los actos conmemorativos del 50 aniversario de la ETSIAM - Fundaci\u00f3n Caja Rural del Sur\",\"isPartOf\":{\"@id\":\"https:\\\/\\\/fundacioncajaruraldelsur.com\\\/#website\"},\"primaryImageOfPage\":{\"@id\":\"https:\\\/\\\/fundacioncajaruraldelsur.com\\\/fundacion-caja-rural-del-sur-colaborara-los-actos-conmemorativos-del-50-aniversario-la-etsiam\\\/#primaryimage\"},\"image\":{\"@id\":\"https:\\\/\\\/fundacioncajaruraldelsur.com\\\/fundacion-caja-rural-del-sur-colaborara-los-actos-conmemorativos-del-50-aniversario-la-etsiam\\\/#primaryimage\"},\"thumbnailUrl\":\"https:\\\/\\\/fundacioncajaruraldelsur.com\\\/wp-content\\\/uploads\\\/2018\\\/04\\\/IMG_2435.jpg\",\"datePublished\":\"2018-04-25T17:21:24+00:00\",\"author\":{\"@id\":\"https:\\\/\\\/fundacioncajaruraldelsur.com\\\/#\\\/schema\\\/person\\\/f430da9fb783d505ff061ad8b3d44577\"},\"breadcrumb\":{\"@id\":\"https:\\\/\\\/fundacioncajaruraldelsur.com\\\/fundacion-caja-rural-del-sur-colaborara-los-actos-conmemorativos-del-50-aniversario-la-etsiam\\\/#breadcrumb\"},\"inLanguage\":\"pt-PT\",\"potentialAction\":[{\"@type\":\"ReadAction\",\"target\":[\"https:\\\/\\\/fundacioncajaruraldelsur.com\\\/fundacion-caja-rural-del-sur-colaborara-los-actos-conmemorativos-del-50-aniversario-la-etsiam\\\/\"]}]},{\"@type\":\"ImageObject\",\"inLanguage\":\"pt-PT\",\"@id\":\"https:\\\/\\\/fundacioncajaruraldelsur.com\\\/fundacion-caja-rural-del-sur-colaborara-los-actos-conmemorativos-del-50-aniversario-la-etsiam\\\/#primaryimage\",\"url\":\"https:\\\/\\\/fundacioncajaruraldelsur.com\\\/wp-content\\\/uploads\\\/2018\\\/04\\\/IMG_2435.jpg\",\"contentUrl\":\"https:\\\/\\\/fundacioncajaruraldelsur.com\\\/wp-content\\\/uploads\\\/2018\\\/04\\\/IMG_2435.jpg\",\"width\":3984,\"height\":2656},{\"@type\":\"BreadcrumbList\",\"@id\":\"https:\\\/\\\/fundacioncajaruraldelsur.com\\\/fundacion-caja-rural-del-sur-colaborara-los-actos-conmemorativos-del-50-aniversario-la-etsiam\\\/#breadcrumb\",\"itemListElement\":[{\"@type\":\"ListItem\",\"position\":1,\"name\":\"Portada\",\"item\":\"https:\\\/\\\/fundacioncajaruraldelsur.com\\\/\"},{\"@type\":\"ListItem\",\"position\":2,\"name\":\"Fundaci\u00f3n Caja Rural del Sur colaborar\u00e1 con los actos conmemorativos del 50 aniversario de la ETSIAM\"}]},{\"@type\":\"WebSite\",\"@id\":\"https:\\\/\\\/fundacioncajaruraldelsur.com\\\/#website\",\"url\":\"https:\\\/\\\/fundacioncajaruraldelsur.com\\\/\",\"name\":\"Fundaci\u00f3n Caja Rural del Sur\",\"description\":\"\",\"potentialAction\":[{\"@type\":\"SearchAction\",\"target\":{\"@type\":\"EntryPoint\",\"urlTemplate\":\"https:\\\/\\\/fundacioncajaruraldelsur.com\\\/?s={search_term_string}\"},\"query-input\":{\"@type\":\"PropertyValueSpecification\",\"valueRequired\":true,\"valueName\":\"search_term_string\"}}],\"inLanguage\":\"pt-PT\"},{\"@type\":\"Person\",\"@id\":\"https:\\\/\\\/fundacioncajaruraldelsur.com\\\/#\\\/schema\\\/person\\\/f430da9fb783d505ff061ad8b3d44577\",\"name\":\"Comunicaci\u00f3n\",\"image\":{\"@type\":\"ImageObject\",\"inLanguage\":\"pt-PT\",\"@id\":\"https:\\\/\\\/secure.gravatar.com\\\/avatar\\\/0dca239875993680bac4603ad2de7942da018f52cc3a244578e0b3b09314a8d8?s=96&d=blank&r=g\",\"url\":\"https:\\\/\\\/secure.gravatar.com\\\/avatar\\\/0dca239875993680bac4603ad2de7942da018f52cc3a244578e0b3b09314a8d8?s=96&d=blank&r=g\",\"contentUrl\":\"https:\\\/\\\/secure.gravatar.com\\\/avatar\\\/0dca239875993680bac4603ad2de7942da018f52cc3a244578e0b3b09314a8d8?s=96&d=blank&r=g\",\"caption\":\"Comunicaci\u00f3n\"}}]}<\/script>\n<!-- \/ Yoast SEO plugin. -->","yoast_head_json":{"title":"Fundaci\u00f3n Caja Rural del Sur colaborar\u00e1 con los actos conmemorativos del 50 aniversario de la ETSIAM - Fundaci\u00f3n Caja Rural del Sur","robots":{"index":"index","follow":"follow","max-snippet":"max-snippet:-1","max-image-preview":"max-image-preview:large","max-video-preview":"max-video-preview:-1"},"canonical":"https:\/\/fundacioncajaruraldelsur.com\/pt\/fundacion-caja-rural-del-sur-colaborara-los-actos-conmemorativos-del-50-aniversario-la-etsiam\/","og_locale":"pt_PT","og_type":"article","og_title":"Fundaci\u00f3n Caja Rural del Sur colaborar\u00e1 con los actos conmemorativos del 50 aniversario de la ETSIAM - Fundaci\u00f3n Caja Rural del Sur","og_description":"La Fundaci\u00f3n Caja Rural del Sur colaborar\u00e1 en los actos de celebraci\u00f3n del 50 aniversario de la Escuela Superior de Ingenier\u00eda Agron\u00f3mica y de Montes (ETSIAM). Dicha participaci\u00f3n se enmarca [&hellip;]","og_url":"https:\/\/fundacioncajaruraldelsur.com\/pt\/fundacion-caja-rural-del-sur-colaborara-los-actos-conmemorativos-del-50-aniversario-la-etsiam\/","og_site_name":"Fundaci\u00f3n Caja Rural del Sur","article_published_time":"2018-04-25T17:21:24+00:00","og_image":[{"width":3984,"height":2656,"url":"https:\/\/fundacioncajaruraldelsur.com\/wp-content\/uploads\/2018\/04\/IMG_2435.jpg","type":"image\/jpeg"}],"author":"Comunicaci\u00f3n","twitter_card":"summary_large_image","twitter_misc":{"Written by":"Comunicaci\u00f3n","Est. reading time":"1 minute"},"schema":{"@context":"https:\/\/schema.org","@graph":[{"@type":"Article","@id":"https:\/\/fundacioncajaruraldelsur.com\/fundacion-caja-rural-del-sur-colaborara-los-actos-conmemorativos-del-50-aniversario-la-etsiam\/#article","isPartOf":{"@id":"https:\/\/fundacioncajaruraldelsur.com\/fundacion-caja-rural-del-sur-colaborara-los-actos-conmemorativos-del-50-aniversario-la-etsiam\/"},"author":{"name":"Comunicaci\u00f3n","@id":"https:\/\/fundacioncajaruraldelsur.com\/#\/schema\/person\/f430da9fb783d505ff061ad8b3d44577"},"headline":"Fundaci\u00f3n Caja Rural del Sur colaborar\u00e1 con los actos conmemorativos del 50 aniversario de la ETSIAM","datePublished":"2018-04-25T17:21:24+00:00","mainEntityOfPage":{"@id":"https:\/\/fundacioncajaruraldelsur.com\/fundacion-caja-rural-del-sur-colaborara-los-actos-conmemorativos-del-50-aniversario-la-etsiam\/"},"wordCount":307,"image":{"@id":"https:\/\/fundacioncajaruraldelsur.com\/fundacion-caja-rural-del-sur-colaborara-los-actos-conmemorativos-del-50-aniversario-la-etsiam\/#primaryimage"},"thumbnailUrl":"https:\/\/fundacioncajaruraldelsur.com\/wp-content\/uploads\/2018\/04\/IMG_2435.jpg","articleSection":["Convenios"],"inLanguage":"pt-PT"},{"@type":"WebPage","@id":"https:\/\/fundacioncajaruraldelsur.com\/fundacion-caja-rural-del-sur-colaborara-los-actos-conmemorativos-del-50-aniversario-la-etsiam\/","url":"https:\/\/fundacioncajaruraldelsur.com\/fundacion-caja-rural-del-sur-colaborara-los-actos-conmemorativos-del-50-aniversario-la-etsiam\/","name":"Fundaci\u00f3n Caja Rural del Sur colaborar\u00e1 con los actos conmemorativos del 50 aniversario de la ETSIAM - Fundaci\u00f3n Caja Rural del Sur","isPartOf":{"@id":"https:\/\/fundacioncajaruraldelsur.com\/#website"},"primaryImageOfPage":{"@id":"https:\/\/fundacioncajaruraldelsur.com\/fundacion-caja-rural-del-sur-colaborara-los-actos-conmemorativos-del-50-aniversario-la-etsiam\/#primaryimage"},"image":{"@id":"https:\/\/fundacioncajaruraldelsur.com\/fundacion-caja-rural-del-sur-colaborara-los-actos-conmemorativos-del-50-aniversario-la-etsiam\/#primaryimage"},"thumbnailUrl":"https:\/\/fundacioncajaruraldelsur.com\/wp-content\/uploads\/2018\/04\/IMG_2435.jpg","datePublished":"2018-04-25T17:21:24+00:00","author":{"@id":"https:\/\/fundacioncajaruraldelsur.com\/#\/schema\/person\/f430da9fb783d505ff061ad8b3d44577"},"breadcrumb":{"@id":"https:\/\/fundacioncajaruraldelsur.com\/fundacion-caja-rural-del-sur-colaborara-los-actos-conmemorativos-del-50-aniversario-la-etsiam\/#breadcrumb"},"inLanguage":"pt-PT","potentialAction":[{"@type":"ReadAction","target":["https:\/\/fundacioncajaruraldelsur.com\/fundacion-caja-rural-del-sur-colaborara-los-actos-conmemorativos-del-50-aniversario-la-etsiam\/"]}]},{"@type":"ImageObject","inLanguage":"pt-PT","@id":"https:\/\/fundacioncajaruraldelsur.com\/fundacion-caja-rural-del-sur-colaborara-los-actos-conmemorativos-del-50-aniversario-la-etsiam\/#primaryimage","url":"https:\/\/fundacioncajaruraldelsur.com\/wp-content\/uploads\/2018\/04\/IMG_2435.jpg","contentUrl":"https:\/\/fundacioncajaruraldelsur.com\/wp-content\/uploads\/2018\/04\/IMG_2435.jpg","width":3984,"height":2656},{"@type":"BreadcrumbList","@id":"https:\/\/fundacioncajaruraldelsur.com\/fundacion-caja-rural-del-sur-colaborara-los-actos-conmemorativos-del-50-aniversario-la-etsiam\/#breadcrumb","itemListElement":[{"@type":"ListItem","position":1,"name":"Portada","item":"https:\/\/fundacioncajaruraldelsur.com\/"},{"@type":"ListItem","position":2,"name":"Fundaci\u00f3n Caja Rural del Sur colaborar\u00e1 con los actos conmemorativos del 50 aniversario de la ETSIAM"}]},{"@type":"WebSite","@id":"https:\/\/fundacioncajaruraldelsur.com\/#website","url":"https:\/\/fundacioncajaruraldelsur.com\/","name":"Funda\u00e7\u00e3o Caja Rural del Sur","description":"","potentialAction":[{"@type":"SearchAction","target":{"@type":"EntryPoint","urlTemplate":"https:\/\/fundacioncajaruraldelsur.com\/?s={search_term_string}"},"query-input":{"@type":"PropertyValueSpecification","valueRequired":true,"valueName":"search_term_string"}}],"inLanguage":"pt-PT"},{"@type":"Person","@id":"https:\/\/fundacioncajaruraldelsur.com\/#\/schema\/person\/f430da9fb783d505ff061ad8b3d44577","name":"Comunicaci\u00f3n","image":{"@type":"ImageObject","inLanguage":"pt-PT","@id":"https:\/\/secure.gravatar.com\/avatar\/0dca239875993680bac4603ad2de7942da018f52cc3a244578e0b3b09314a8d8?s=96&d=blank&r=g","url":"https:\/\/secure.gravatar.com\/avatar\/0dca239875993680bac4603ad2de7942da018f52cc3a244578e0b3b09314a8d8?s=96&d=blank&r=g","contentUrl":"https:\/\/secure.gravatar.com\/avatar\/0dca239875993680bac4603ad2de7942da018f52cc3a244578e0b3b09314a8d8?s=96&d=blank&r=g","caption":"Comunicaci\u00f3n"}}]}},"rttpg_featured_image_url":{"full":["https:\/\/fundacioncajaruraldelsur.com\/wp-content\/uploads\/2018\/04\/IMG_2435.jpg",3984,2656,false],"landscape":["https:\/\/fundacioncajaruraldelsur.com\/wp-content\/uploads\/2018\/04\/IMG_2435.jpg",3984,2656,false],"portraits":["https:\/\/fundacioncajaruraldelsur.com\/wp-content\/uploads\/2018\/04\/IMG_2435.jpg",3984,2656,false],"thumbnail":["https:\/\/fundacioncajaruraldelsur.com\/wp-content\/uploads\/2018\/04\/IMG_2435-150x150.jpg",150,150,true],"medium":["https:\/\/fundacioncajaruraldelsur.com\/wp-content\/uploads\/2018\/04\/IMG_2435-300x200.jpg",300,200,true],"large":["https:\/\/fundacioncajaruraldelsur.com\/wp-content\/uploads\/2018\/04\/IMG_2435-1024x683.jpg",960,640,true],"1536x1536":["https:\/\/fundacioncajaruraldelsur.com\/wp-content\/uploads\/2018\/04\/IMG_2435.jpg",1536,1024,false],"2048x2048":["https:\/\/fundacioncajaruraldelsur.com\/wp-content\/uploads\/2018\/04\/IMG_2435.jpg",2048,1365,false],"trp-custom-language-flag":["https:\/\/fundacioncajaruraldelsur.com\/wp-content\/uploads\/2018\/04\/IMG_2435.jpg",18,12,false],"blog-thumbnail":["https:\/\/fundacioncajaruraldelsur.com\/wp-content\/uploads\/2018\/04\/IMG_2435-400x200.jpg",400,200,true]},"rttpg_author":{"display_name":"Comunicaci\u00f3n","author_link":"https:\/\/fundacioncajaruraldelsur.com\/pt\/author\/sevillaadmin\/"},"rttpg_comment":0,"rttpg_category":"<a href=\"https:\/\/fundacioncajaruraldelsur.com\/pt\/category\/convenios\/\" rel=\"category tag\">Convenios<\/a>","rttpg_excerpt":"La Fundaci\u00f3n Caja Rural del Sur colaborar\u00e1 en los actos de celebraci\u00f3n del 50 aniversario de la Escuela Superior de Ingenier\u00eda Agron\u00f3mica y de Montes (ETSIAM). Dicha participaci\u00f3n se enmarca [&hellip;]","_links":{"self":[{"href":"https:\/\/fundacioncajaruraldelsur.com\/pt\/wp-json\/wp\/v2\/posts\/3593","targetHints":{"allow":["GET"]}}],"collection":[{"href":"https:\/\/fundacioncajaruraldelsur.com\/pt\/wp-json\/wp\/v2\/posts"}],"about":[{"href":"https:\/\/fundacioncajaruraldelsur.com\/pt\/wp-json\/wp\/v2\/types\/post"}],"author":[{"embeddable":true,"href":"https:\/\/fundacioncajaruraldelsur.com\/pt\/wp-json\/wp\/v2\/users\/6"}],"replies":[{"embeddable":true,"href":"https:\/\/fundacioncajaruraldelsur.com\/pt\/wp-json\/wp\/v2\/comments?post=3593"}],"version-history":[{"count":2,"href":"https:\/\/fundacioncajaruraldelsur.com\/pt\/wp-json\/wp\/v2\/posts\/3593\/revisions"}],"predecessor-version":[{"id":3598,"href":"https:\/\/fundacioncajaruraldelsur.com\/pt\/wp-json\/wp\/v2\/posts\/3593\/revisions\/3598"}],"wp:featuredmedia":[{"embeddable":true,"href":"https:\/\/fundacioncajaruraldelsur.com\/pt\/wp-json\/wp\/v2\/media\/3595"}],"wp:attachment":[{"href":"https:\/\/fundacioncajaruraldelsur.com\/pt\/wp-json\/wp\/v2\/media?parent=3593"}],"wp:term":[{"taxonomy":"category","embeddable":true,"href":"https:\/\/fundacioncajaruraldelsur.com\/pt\/wp-json\/wp\/v2\/categories?post=3593"},{"taxonomy":"post_tag","embeddable":true,"href":"https:\/\/fundacioncajaruraldelsur.com\/pt\/wp-json\/wp\/v2\/tags?post=3593"}],"curies":[{"name":"wp","href":"https:\/\/api.w.org\/{rel}","templated":true}]}}