{"id":3532,"date":"2018-04-02T21:14:05","date_gmt":"2018-04-02T21:14:05","guid":{"rendered":"\/?p=3532"},"modified":"2018-04-03T05:18:48","modified_gmt":"2018-04-03T05:18:48","slug":"entrega-la-xiii-edicion-los-premios-pepe-luis-vazquez-fundacion-caja-rural-del-sur","status":"publish","type":"post","link":"https:\/\/fundacioncajaruraldelsur.com\/pt\/entrega-la-xiii-edicion-los-premios-pepe-luis-vazquez-fundacion-caja-rural-del-sur\/","title":{"rendered":"Entrega de la XIII edici\u00f3n de los premios \u2018Pepe Luis V\u00e1zquez\u2019 de Fundaci\u00f3n Caja Rural del Sur"},"content":{"rendered":"<p>La sede en Sevilla de Caja Rural del Sur ha acogido el acto de entrega de los tradicionales Premios Taurinos \u2018Pepe Luis V\u00e1zquez\u2019 que patrocina y concede la Fundaci\u00f3n de la entidad, con los que se distinguen a los principales protagonistas de la temporada taurina 2017 en las plazas de toros de Sevilla, Huelva, Jerez de la Frontera, M\u00e1laga y El Puerto de Santa Mar\u00eda.<\/p>\n<p>El diestro Antonio Ferrera y la ganader\u00eda de Torrestrella han sido los ganadores de la XIII edici\u00f3n de los premios \u2018Pepe Luis V\u00e1zquez\u2019 de la Fundaci\u00f3n de la Caja Rural del Sur. Adem\u00e1s se ha otorgado una menci\u00f3n especial a la Fundaci\u00f3n del Toro de Lidia, que fue recogido por Victorino Mart\u00edn, como reconocimiento a su papel catalizador de la uni\u00f3n del sector taurino nacida a partir de la respuesta social y jur\u00eddica de los ataques que surgieron en las redes sociales a ra\u00edz de la tr\u00e1gica muerte del diestro V\u00edctor Barrio. La escultura del premio ha sido obra de Nacho Mart\u00edn.<\/p>\n<p>Con un sal\u00f3n de actos al completo, la entrega de premios se ha desarrollado con la asistencia del director general de Interior de la Junta de Andaluc\u00eda, Demetrio P\u00e9rez y los presidentes de Caja Rural del Sur, Jos\u00e9 Luis Garc\u00eda-Palacios \u00c1lvarez, y de la Fundaci\u00f3n, Jos\u00e9 Luis Garc\u00eda Palacios, junto a miembros del Consejo Rector de la entidad y destacadas personalidades del mundo taurino. Tambi\u00e9n se encontraba en la mesa presidencial el presidente de la DOP Jabugo, Guillermo Garc\u00eda-Palacios \u00c1lvarez, que como es tradicional cada a\u00f1o entrega un jam\u00f3n a los galardonados.<\/p>\n<p>Mientras el director general de Interior, Demetrio P\u00e9rez, alab\u00f3 este acto \u201centra\u00f1able\u201d en el comienzo de la temporada taurina en Andaluc\u00eda y record\u00f3 el compromiso de la Junta con el \u201cmundo del toro\u201d, al que \u201cse defiende y promociona siempre\u201d, el presidente de Fundaci\u00f3n Caja Rural del Sur, Jos\u00e9 Luis Garc\u00eda Palacios, valor\u00f3 que el \u201cclima antitaurino se ha calmado\u201d y agradeci\u00f3 la asistencia de tantos personas a la entrega de los premios, a la vez que significaba el \u201cgran preg\u00f3n de este a\u00f1o a cargo de Idelfonso Falcones\u201d y los 20 a\u00f1os seguidos que se publica, con el apoyo de la entidad, el libro \u2018Maestranza\u2019. Tambi\u00e9n el presidente de la DOP Jabugo, Guillermo Garc\u00eda-Palacios \u00c1lvarez, puso de relieve que tanto el \u201cjam\u00f3n como el mundo de toro son atributos de la maca Espa\u00f1a en el mundo\u201d.<\/p>\n<p>El mismo periodista Carlos Crivell, responsable de esta publicaci\u00f3n que resume la actividad taurina a lo largo del pasado a\u00f1o en las plazas de toros de la Maestranza de Sevilla, La Merced de Huelva, Jerez de la Frontera, El Puerto de Santa Mar\u00eda y M\u00e1laga, destacaba como \u201cun hito para el mundo del toro esta recopilaci\u00f3n durante 20 a\u00f1os que supone una aut\u00e9ntica promoci\u00f3n de la fiesta\u201d.<\/p>\n<p>&nbsp;<\/p>\n<p>&nbsp;<\/p>\n<div id='gallery-1' class='gallery galleryid-3532 gallery-columns-3 gallery-size-thumbnail'><figure class='gallery-item'>\n\t\t\t<div class='gallery-icon landscape'>\n\t\t\t\t<a href='https:\/\/fundacioncajaruraldelsur.com\/wp-content\/uploads\/2018\/04\/WhatsApp-Image-2018-04-02-at-20.46.30.jpeg' rel=\"lightbox[gallery-0]\"><img loading=\"lazy\" decoding=\"async\" width=\"150\" height=\"150\" src=\"https:\/\/fundacioncajaruraldelsur.com\/wp-content\/uploads\/2018\/04\/WhatsApp-Image-2018-04-02-at-20.46.30-150x150.jpeg\" class=\"attachment-thumbnail size-thumbnail\" alt=\"\" \/><\/a>\n\t\t\t<\/div><\/figure><figure class='gallery-item'>\n\t\t\t<div class='gallery-icon landscape'>\n\t\t\t\t<a href='https:\/\/fundacioncajaruraldelsur.com\/wp-content\/uploads\/2018\/04\/WhatsApp-Image-2018-04-02-at-20.46.33.jpeg' rel=\"lightbox[gallery-0]\"><img loading=\"lazy\" decoding=\"async\" width=\"150\" height=\"150\" src=\"https:\/\/fundacioncajaruraldelsur.com\/wp-content\/uploads\/2018\/04\/WhatsApp-Image-2018-04-02-at-20.46.33-150x150.jpeg\" class=\"attachment-thumbnail size-thumbnail\" alt=\"\" \/><\/a>\n\t\t\t<\/div><\/figure><figure class='gallery-item'>\n\t\t\t<div class='gallery-icon landscape'>\n\t\t\t\t<a href='https:\/\/fundacioncajaruraldelsur.com\/wp-content\/uploads\/2018\/04\/180402.-Antonio-Ferrera-agradecio\u0301-el-premio-Pepe-Luis-Va\u0301zquez-de-Fundacio\u0301n-Caja-Rural-del-Sur.jpg' rel=\"lightbox[gallery-0]\"><img loading=\"lazy\" decoding=\"async\" width=\"150\" height=\"150\" src=\"https:\/\/fundacioncajaruraldelsur.com\/wp-content\/uploads\/2018\/04\/180402.-Antonio-Ferrera-agradecio\u0301-el-premio-Pepe-Luis-Va\u0301zquez-de-Fundacio\u0301n-Caja-Rural-del-Sur-150x150.jpg\" class=\"attachment-thumbnail size-thumbnail\" alt=\"\" \/><\/a>\n\t\t\t<\/div><\/figure><figure class='gallery-item'>\n\t\t\t<div class='gallery-icon landscape'>\n\t\t\t\t<a href='https:\/\/fundacioncajaruraldelsur.com\/wp-content\/uploads\/2018\/04\/180402.-Alvaro-Domecq-Ferrera-y-Victorino-Marti\u0301n-con-el-premio-Pepe-Luis-Va\u0301zquez-de-Fundacio\u0301n-Caja-Rural-del-Sur.jpg' rel=\"lightbox[gallery-0]\"><img loading=\"lazy\" decoding=\"async\" width=\"150\" height=\"150\" src=\"https:\/\/fundacioncajaruraldelsur.com\/wp-content\/uploads\/2018\/04\/180402.-Alvaro-Domecq-Ferrera-y-Victorino-Marti\u0301n-con-el-premio-Pepe-Luis-Va\u0301zquez-de-Fundacio\u0301n-Caja-Rural-del-Sur-150x150.jpg\" class=\"attachment-thumbnail size-thumbnail\" alt=\"\" \/><\/a>\n\t\t\t<\/div><\/figure><figure class='gallery-item'>\n\t\t\t<div class='gallery-icon landscape'>\n\t\t\t\t<a href='https:\/\/fundacioncajaruraldelsur.com\/wp-content\/uploads\/2018\/04\/180402.-El-torero-Antonio-Ferrera-tras-recoger-el-premio.jpg' rel=\"lightbox[gallery-0]\"><img loading=\"lazy\" decoding=\"async\" width=\"150\" height=\"150\" src=\"https:\/\/fundacioncajaruraldelsur.com\/wp-content\/uploads\/2018\/04\/180402.-El-torero-Antonio-Ferrera-tras-recoger-el-premio-150x150.jpg\" class=\"attachment-thumbnail size-thumbnail\" alt=\"\" \/><\/a>\n\t\t\t<\/div><\/figure>\n\t\t<\/div>\n\n","protected":false},"excerpt":{"rendered":"<p>La sede en Sevilla de Caja Rural del Sur ha acogido el acto de entrega de los tradicionales Premios Taurinos \u2018Pepe Luis V\u00e1zquez\u2019 que patrocina y concede la Fundaci\u00f3n de [&hellip;]<\/p>\n","protected":false},"author":6,"featured_media":3533,"comment_status":"closed","ping_status":"open","sticky":false,"template":"","format":"standard","meta":{"footnotes":""},"categories":[64],"tags":[],"class_list":["post-3532","post","type-post","status-publish","format-standard","has-post-thumbnail","hentry","category-premios"],"yoast_head":"<!-- This site is optimized with the Yoast SEO plugin v27.3 - https:\/\/yoast.com\/product\/yoast-seo-wordpress\/ -->\n<title>Entrega de la XIII edici\u00f3n de los premios \u2018Pepe Luis V\u00e1zquez\u2019 de Fundaci\u00f3n Caja Rural del Sur - Fundaci\u00f3n Caja Rural del Sur<\/title>\n<meta name=\"robots\" content=\"index, follow, max-snippet:-1, max-image-preview:large, max-video-preview:-1\" \/>\n<link rel=\"canonical\" href=\"https:\/\/fundacioncajaruraldelsur.com\/pt\/entrega-la-xiii-edicion-los-premios-pepe-luis-vazquez-fundacion-caja-rural-del-sur\/\" \/>\n<meta property=\"og:locale\" content=\"pt_PT\" \/>\n<meta property=\"og:type\" content=\"article\" \/>\n<meta property=\"og:title\" content=\"Entrega de la XIII edici\u00f3n de los premios \u2018Pepe Luis V\u00e1zquez\u2019 de Fundaci\u00f3n Caja Rural del Sur - Fundaci\u00f3n Caja Rural del Sur\" \/>\n<meta property=\"og:description\" content=\"La sede en Sevilla de Caja Rural del Sur ha acogido el acto de entrega de los tradicionales Premios Taurinos \u2018Pepe Luis V\u00e1zquez\u2019 que patrocina y concede la Fundaci\u00f3n de [&hellip;]\" \/>\n<meta property=\"og:url\" content=\"https:\/\/fundacioncajaruraldelsur.com\/pt\/entrega-la-xiii-edicion-los-premios-pepe-luis-vazquez-fundacion-caja-rural-del-sur\/\" \/>\n<meta property=\"og:site_name\" content=\"Fundaci\u00f3n Caja Rural del Sur\" \/>\n<meta property=\"article:published_time\" content=\"2018-04-02T21:14:05+00:00\" \/>\n<meta property=\"article:modified_time\" content=\"2018-04-03T05:18:48+00:00\" \/>\n<meta property=\"og:image\" content=\"https:\/\/fundacioncajaruraldelsur.com\/wp-content\/uploads\/2018\/04\/180402.-El-torero-Antonio-Ferrera-tras-recoger-el-premio.jpg\" \/>\n\t<meta property=\"og:image:width\" content=\"1600\" \/>\n\t<meta property=\"og:image:height\" content=\"1200\" \/>\n\t<meta property=\"og:image:type\" content=\"image\/jpeg\" \/>\n<meta name=\"author\" content=\"Comunicaci\u00f3n\" \/>\n<meta name=\"twitter:card\" content=\"summary_large_image\" \/>\n<meta name=\"twitter:label1\" content=\"Written by\" \/>\n\t<meta name=\"twitter:data1\" content=\"Comunicaci\u00f3n\" \/>\n\t<meta name=\"twitter:label2\" content=\"Est. reading time\" \/>\n\t<meta name=\"twitter:data2\" content=\"3 minutes\" \/>\n<script type=\"application\/ld+json\" class=\"yoast-schema-graph\">{\"@context\":\"https:\\\/\\\/schema.org\",\"@graph\":[{\"@type\":\"Article\",\"@id\":\"https:\\\/\\\/fundacioncajaruraldelsur.com\\\/entrega-la-xiii-edicion-los-premios-pepe-luis-vazquez-fundacion-caja-rural-del-sur\\\/#article\",\"isPartOf\":{\"@id\":\"https:\\\/\\\/fundacioncajaruraldelsur.com\\\/entrega-la-xiii-edicion-los-premios-pepe-luis-vazquez-fundacion-caja-rural-del-sur\\\/\"},\"author\":{\"name\":\"Comunicaci\u00f3n\",\"@id\":\"https:\\\/\\\/fundacioncajaruraldelsur.com\\\/#\\\/schema\\\/person\\\/f430da9fb783d505ff061ad8b3d44577\"},\"headline\":\"Entrega de la XIII edici\u00f3n de los premios \u2018Pepe Luis V\u00e1zquez\u2019 de Fundaci\u00f3n Caja Rural del Sur\",\"datePublished\":\"2018-04-02T21:14:05+00:00\",\"dateModified\":\"2018-04-03T05:18:48+00:00\",\"mainEntityOfPage\":{\"@id\":\"https:\\\/\\\/fundacioncajaruraldelsur.com\\\/entrega-la-xiii-edicion-los-premios-pepe-luis-vazquez-fundacion-caja-rural-del-sur\\\/\"},\"wordCount\":532,\"image\":{\"@id\":\"https:\\\/\\\/fundacioncajaruraldelsur.com\\\/entrega-la-xiii-edicion-los-premios-pepe-luis-vazquez-fundacion-caja-rural-del-sur\\\/#primaryimage\"},\"thumbnailUrl\":\"https:\\\/\\\/fundacioncajaruraldelsur.com\\\/wp-content\\\/uploads\\\/2018\\\/04\\\/180402.-El-torero-Antonio-Ferrera-tras-recoger-el-premio.jpg\",\"articleSection\":[\"Premios\"],\"inLanguage\":\"pt-PT\"},{\"@type\":\"WebPage\",\"@id\":\"https:\\\/\\\/fundacioncajaruraldelsur.com\\\/entrega-la-xiii-edicion-los-premios-pepe-luis-vazquez-fundacion-caja-rural-del-sur\\\/\",\"url\":\"https:\\\/\\\/fundacioncajaruraldelsur.com\\\/entrega-la-xiii-edicion-los-premios-pepe-luis-vazquez-fundacion-caja-rural-del-sur\\\/\",\"name\":\"Entrega de la XIII edici\u00f3n de los premios \u2018Pepe Luis V\u00e1zquez\u2019 de Fundaci\u00f3n Caja Rural del Sur - Fundaci\u00f3n Caja Rural del Sur\",\"isPartOf\":{\"@id\":\"https:\\\/\\\/fundacioncajaruraldelsur.com\\\/#website\"},\"primaryImageOfPage\":{\"@id\":\"https:\\\/\\\/fundacioncajaruraldelsur.com\\\/entrega-la-xiii-edicion-los-premios-pepe-luis-vazquez-fundacion-caja-rural-del-sur\\\/#primaryimage\"},\"image\":{\"@id\":\"https:\\\/\\\/fundacioncajaruraldelsur.com\\\/entrega-la-xiii-edicion-los-premios-pepe-luis-vazquez-fundacion-caja-rural-del-sur\\\/#primaryimage\"},\"thumbnailUrl\":\"https:\\\/\\\/fundacioncajaruraldelsur.com\\\/wp-content\\\/uploads\\\/2018\\\/04\\\/180402.-El-torero-Antonio-Ferrera-tras-recoger-el-premio.jpg\",\"datePublished\":\"2018-04-02T21:14:05+00:00\",\"dateModified\":\"2018-04-03T05:18:48+00:00\",\"author\":{\"@id\":\"https:\\\/\\\/fundacioncajaruraldelsur.com\\\/#\\\/schema\\\/person\\\/f430da9fb783d505ff061ad8b3d44577\"},\"breadcrumb\":{\"@id\":\"https:\\\/\\\/fundacioncajaruraldelsur.com\\\/entrega-la-xiii-edicion-los-premios-pepe-luis-vazquez-fundacion-caja-rural-del-sur\\\/#breadcrumb\"},\"inLanguage\":\"pt-PT\",\"potentialAction\":[{\"@type\":\"ReadAction\",\"target\":[\"https:\\\/\\\/fundacioncajaruraldelsur.com\\\/entrega-la-xiii-edicion-los-premios-pepe-luis-vazquez-fundacion-caja-rural-del-sur\\\/\"]}]},{\"@type\":\"ImageObject\",\"inLanguage\":\"pt-PT\",\"@id\":\"https:\\\/\\\/fundacioncajaruraldelsur.com\\\/entrega-la-xiii-edicion-los-premios-pepe-luis-vazquez-fundacion-caja-rural-del-sur\\\/#primaryimage\",\"url\":\"https:\\\/\\\/fundacioncajaruraldelsur.com\\\/wp-content\\\/uploads\\\/2018\\\/04\\\/180402.-El-torero-Antonio-Ferrera-tras-recoger-el-premio.jpg\",\"contentUrl\":\"https:\\\/\\\/fundacioncajaruraldelsur.com\\\/wp-content\\\/uploads\\\/2018\\\/04\\\/180402.-El-torero-Antonio-Ferrera-tras-recoger-el-premio.jpg\",\"width\":1600,\"height\":1200},{\"@type\":\"BreadcrumbList\",\"@id\":\"https:\\\/\\\/fundacioncajaruraldelsur.com\\\/entrega-la-xiii-edicion-los-premios-pepe-luis-vazquez-fundacion-caja-rural-del-sur\\\/#breadcrumb\",\"itemListElement\":[{\"@type\":\"ListItem\",\"position\":1,\"name\":\"Portada\",\"item\":\"https:\\\/\\\/fundacioncajaruraldelsur.com\\\/\"},{\"@type\":\"ListItem\",\"position\":2,\"name\":\"Entrega de la XIII edici\u00f3n de los premios \u2018Pepe Luis V\u00e1zquez\u2019 de Fundaci\u00f3n Caja Rural del Sur\"}]},{\"@type\":\"WebSite\",\"@id\":\"https:\\\/\\\/fundacioncajaruraldelsur.com\\\/#website\",\"url\":\"https:\\\/\\\/fundacioncajaruraldelsur.com\\\/\",\"name\":\"Fundaci\u00f3n Caja Rural del Sur\",\"description\":\"\",\"potentialAction\":[{\"@type\":\"SearchAction\",\"target\":{\"@type\":\"EntryPoint\",\"urlTemplate\":\"https:\\\/\\\/fundacioncajaruraldelsur.com\\\/?s={search_term_string}\"},\"query-input\":{\"@type\":\"PropertyValueSpecification\",\"valueRequired\":true,\"valueName\":\"search_term_string\"}}],\"inLanguage\":\"pt-PT\"},{\"@type\":\"Person\",\"@id\":\"https:\\\/\\\/fundacioncajaruraldelsur.com\\\/#\\\/schema\\\/person\\\/f430da9fb783d505ff061ad8b3d44577\",\"name\":\"Comunicaci\u00f3n\",\"image\":{\"@type\":\"ImageObject\",\"inLanguage\":\"pt-PT\",\"@id\":\"https:\\\/\\\/secure.gravatar.com\\\/avatar\\\/0dca239875993680bac4603ad2de7942da018f52cc3a244578e0b3b09314a8d8?s=96&d=blank&r=g\",\"url\":\"https:\\\/\\\/secure.gravatar.com\\\/avatar\\\/0dca239875993680bac4603ad2de7942da018f52cc3a244578e0b3b09314a8d8?s=96&d=blank&r=g\",\"contentUrl\":\"https:\\\/\\\/secure.gravatar.com\\\/avatar\\\/0dca239875993680bac4603ad2de7942da018f52cc3a244578e0b3b09314a8d8?s=96&d=blank&r=g\",\"caption\":\"Comunicaci\u00f3n\"}}]}<\/script>\n<!-- \/ Yoast SEO plugin. -->","yoast_head_json":{"title":"Entrega de la XIII edici\u00f3n de los premios \u2018Pepe Luis V\u00e1zquez\u2019 de Fundaci\u00f3n Caja Rural del Sur - Fundaci\u00f3n Caja Rural del Sur","robots":{"index":"index","follow":"follow","max-snippet":"max-snippet:-1","max-image-preview":"max-image-preview:large","max-video-preview":"max-video-preview:-1"},"canonical":"https:\/\/fundacioncajaruraldelsur.com\/pt\/entrega-la-xiii-edicion-los-premios-pepe-luis-vazquez-fundacion-caja-rural-del-sur\/","og_locale":"pt_PT","og_type":"article","og_title":"Entrega de la XIII edici\u00f3n de los premios \u2018Pepe Luis V\u00e1zquez\u2019 de Fundaci\u00f3n Caja Rural del Sur - Fundaci\u00f3n Caja Rural del Sur","og_description":"La sede en Sevilla de Caja Rural del Sur ha acogido el acto de entrega de los tradicionales Premios Taurinos \u2018Pepe Luis V\u00e1zquez\u2019 que patrocina y concede la Fundaci\u00f3n de [&hellip;]","og_url":"https:\/\/fundacioncajaruraldelsur.com\/pt\/entrega-la-xiii-edicion-los-premios-pepe-luis-vazquez-fundacion-caja-rural-del-sur\/","og_site_name":"Fundaci\u00f3n Caja Rural del Sur","article_published_time":"2018-04-02T21:14:05+00:00","article_modified_time":"2018-04-03T05:18:48+00:00","og_image":[{"width":1600,"height":1200,"url":"https:\/\/fundacioncajaruraldelsur.com\/wp-content\/uploads\/2018\/04\/180402.-El-torero-Antonio-Ferrera-tras-recoger-el-premio.jpg","type":"image\/jpeg"}],"author":"Comunicaci\u00f3n","twitter_card":"summary_large_image","twitter_misc":{"Written by":"Comunicaci\u00f3n","Est. reading time":"3 minutes"},"schema":{"@context":"https:\/\/schema.org","@graph":[{"@type":"Article","@id":"https:\/\/fundacioncajaruraldelsur.com\/entrega-la-xiii-edicion-los-premios-pepe-luis-vazquez-fundacion-caja-rural-del-sur\/#article","isPartOf":{"@id":"https:\/\/fundacioncajaruraldelsur.com\/entrega-la-xiii-edicion-los-premios-pepe-luis-vazquez-fundacion-caja-rural-del-sur\/"},"author":{"name":"Comunicaci\u00f3n","@id":"https:\/\/fundacioncajaruraldelsur.com\/#\/schema\/person\/f430da9fb783d505ff061ad8b3d44577"},"headline":"Entrega de la XIII edici\u00f3n de los premios \u2018Pepe Luis V\u00e1zquez\u2019 de Fundaci\u00f3n Caja Rural del Sur","datePublished":"2018-04-02T21:14:05+00:00","dateModified":"2018-04-03T05:18:48+00:00","mainEntityOfPage":{"@id":"https:\/\/fundacioncajaruraldelsur.com\/entrega-la-xiii-edicion-los-premios-pepe-luis-vazquez-fundacion-caja-rural-del-sur\/"},"wordCount":532,"image":{"@id":"https:\/\/fundacioncajaruraldelsur.com\/entrega-la-xiii-edicion-los-premios-pepe-luis-vazquez-fundacion-caja-rural-del-sur\/#primaryimage"},"thumbnailUrl":"https:\/\/fundacioncajaruraldelsur.com\/wp-content\/uploads\/2018\/04\/180402.-El-torero-Antonio-Ferrera-tras-recoger-el-premio.jpg","articleSection":["Premios"],"inLanguage":"pt-PT"},{"@type":"WebPage","@id":"https:\/\/fundacioncajaruraldelsur.com\/entrega-la-xiii-edicion-los-premios-pepe-luis-vazquez-fundacion-caja-rural-del-sur\/","url":"https:\/\/fundacioncajaruraldelsur.com\/entrega-la-xiii-edicion-los-premios-pepe-luis-vazquez-fundacion-caja-rural-del-sur\/","name":"Entrega de la XIII edici\u00f3n de los premios \u2018Pepe Luis V\u00e1zquez\u2019 de Fundaci\u00f3n Caja Rural del Sur - Fundaci\u00f3n Caja Rural del Sur","isPartOf":{"@id":"https:\/\/fundacioncajaruraldelsur.com\/#website"},"primaryImageOfPage":{"@id":"https:\/\/fundacioncajaruraldelsur.com\/entrega-la-xiii-edicion-los-premios-pepe-luis-vazquez-fundacion-caja-rural-del-sur\/#primaryimage"},"image":{"@id":"https:\/\/fundacioncajaruraldelsur.com\/entrega-la-xiii-edicion-los-premios-pepe-luis-vazquez-fundacion-caja-rural-del-sur\/#primaryimage"},"thumbnailUrl":"https:\/\/fundacioncajaruraldelsur.com\/wp-content\/uploads\/2018\/04\/180402.-El-torero-Antonio-Ferrera-tras-recoger-el-premio.jpg","datePublished":"2018-04-02T21:14:05+00:00","dateModified":"2018-04-03T05:18:48+00:00","author":{"@id":"https:\/\/fundacioncajaruraldelsur.com\/#\/schema\/person\/f430da9fb783d505ff061ad8b3d44577"},"breadcrumb":{"@id":"https:\/\/fundacioncajaruraldelsur.com\/entrega-la-xiii-edicion-los-premios-pepe-luis-vazquez-fundacion-caja-rural-del-sur\/#breadcrumb"},"inLanguage":"pt-PT","potentialAction":[{"@type":"ReadAction","target":["https:\/\/fundacioncajaruraldelsur.com\/entrega-la-xiii-edicion-los-premios-pepe-luis-vazquez-fundacion-caja-rural-del-sur\/"]}]},{"@type":"ImageObject","inLanguage":"pt-PT","@id":"https:\/\/fundacioncajaruraldelsur.com\/entrega-la-xiii-edicion-los-premios-pepe-luis-vazquez-fundacion-caja-rural-del-sur\/#primaryimage","url":"https:\/\/fundacioncajaruraldelsur.com\/wp-content\/uploads\/2018\/04\/180402.-El-torero-Antonio-Ferrera-tras-recoger-el-premio.jpg","contentUrl":"https:\/\/fundacioncajaruraldelsur.com\/wp-content\/uploads\/2018\/04\/180402.-El-torero-Antonio-Ferrera-tras-recoger-el-premio.jpg","width":1600,"height":1200},{"@type":"BreadcrumbList","@id":"https:\/\/fundacioncajaruraldelsur.com\/entrega-la-xiii-edicion-los-premios-pepe-luis-vazquez-fundacion-caja-rural-del-sur\/#breadcrumb","itemListElement":[{"@type":"ListItem","position":1,"name":"Portada","item":"https:\/\/fundacioncajaruraldelsur.com\/"},{"@type":"ListItem","position":2,"name":"Entrega de la XIII edici\u00f3n de los premios \u2018Pepe Luis V\u00e1zquez\u2019 de Fundaci\u00f3n Caja Rural del Sur"}]},{"@type":"WebSite","@id":"https:\/\/fundacioncajaruraldelsur.com\/#website","url":"https:\/\/fundacioncajaruraldelsur.com\/","name":"Funda\u00e7\u00e3o Caja Rural del Sur","description":"","potentialAction":[{"@type":"SearchAction","target":{"@type":"EntryPoint","urlTemplate":"https:\/\/fundacioncajaruraldelsur.com\/?s={search_term_string}"},"query-input":{"@type":"PropertyValueSpecification","valueRequired":true,"valueName":"search_term_string"}}],"inLanguage":"pt-PT"},{"@type":"Person","@id":"https:\/\/fundacioncajaruraldelsur.com\/#\/schema\/person\/f430da9fb783d505ff061ad8b3d44577","name":"Comunicaci\u00f3n","image":{"@type":"ImageObject","inLanguage":"pt-PT","@id":"https:\/\/secure.gravatar.com\/avatar\/0dca239875993680bac4603ad2de7942da018f52cc3a244578e0b3b09314a8d8?s=96&d=blank&r=g","url":"https:\/\/secure.gravatar.com\/avatar\/0dca239875993680bac4603ad2de7942da018f52cc3a244578e0b3b09314a8d8?s=96&d=blank&r=g","contentUrl":"https:\/\/secure.gravatar.com\/avatar\/0dca239875993680bac4603ad2de7942da018f52cc3a244578e0b3b09314a8d8?s=96&d=blank&r=g","caption":"Comunicaci\u00f3n"}}]}},"rttpg_featured_image_url":{"full":["https:\/\/fundacioncajaruraldelsur.com\/wp-content\/uploads\/2018\/04\/180402.-El-torero-Antonio-Ferrera-tras-recoger-el-premio.jpg",1600,1200,false],"landscape":["https:\/\/fundacioncajaruraldelsur.com\/wp-content\/uploads\/2018\/04\/180402.-El-torero-Antonio-Ferrera-tras-recoger-el-premio.jpg",1600,1200,false],"portraits":["https:\/\/fundacioncajaruraldelsur.com\/wp-content\/uploads\/2018\/04\/180402.-El-torero-Antonio-Ferrera-tras-recoger-el-premio.jpg",1600,1200,false],"thumbnail":["https:\/\/fundacioncajaruraldelsur.com\/wp-content\/uploads\/2018\/04\/180402.-El-torero-Antonio-Ferrera-tras-recoger-el-premio-150x150.jpg",150,150,true],"medium":["https:\/\/fundacioncajaruraldelsur.com\/wp-content\/uploads\/2018\/04\/180402.-El-torero-Antonio-Ferrera-tras-recoger-el-premio-300x225.jpg",300,225,true],"large":["https:\/\/fundacioncajaruraldelsur.com\/wp-content\/uploads\/2018\/04\/180402.-El-torero-Antonio-Ferrera-tras-recoger-el-premio-1024x768.jpg",960,720,true],"1536x1536":["https:\/\/fundacioncajaruraldelsur.com\/wp-content\/uploads\/2018\/04\/180402.-El-torero-Antonio-Ferrera-tras-recoger-el-premio.jpg",1536,1152,false],"2048x2048":["https:\/\/fundacioncajaruraldelsur.com\/wp-content\/uploads\/2018\/04\/180402.-El-torero-Antonio-Ferrera-tras-recoger-el-premio.jpg",1600,1200,false],"trp-custom-language-flag":["https:\/\/fundacioncajaruraldelsur.com\/wp-content\/uploads\/2018\/04\/180402.-El-torero-Antonio-Ferrera-tras-recoger-el-premio.jpg",16,12,false],"blog-thumbnail":["https:\/\/fundacioncajaruraldelsur.com\/wp-content\/uploads\/2018\/04\/180402.-El-torero-Antonio-Ferrera-tras-recoger-el-premio-400x200.jpg",400,200,true]},"rttpg_author":{"display_name":"Comunicaci\u00f3n","author_link":"https:\/\/fundacioncajaruraldelsur.com\/pt\/author\/sevillaadmin\/"},"rttpg_comment":0,"rttpg_category":"<a href=\"https:\/\/fundacioncajaruraldelsur.com\/pt\/category\/premios\/\" rel=\"category tag\">Premios<\/a>","rttpg_excerpt":"La sede en Sevilla de Caja Rural del Sur ha acogido el acto de entrega de los tradicionales Premios Taurinos \u2018Pepe Luis V\u00e1zquez\u2019 que patrocina y concede la Fundaci\u00f3n de [&hellip;]","_links":{"self":[{"href":"https:\/\/fundacioncajaruraldelsur.com\/pt\/wp-json\/wp\/v2\/posts\/3532","targetHints":{"allow":["GET"]}}],"collection":[{"href":"https:\/\/fundacioncajaruraldelsur.com\/pt\/wp-json\/wp\/v2\/posts"}],"about":[{"href":"https:\/\/fundacioncajaruraldelsur.com\/pt\/wp-json\/wp\/v2\/types\/post"}],"author":[{"embeddable":true,"href":"https:\/\/fundacioncajaruraldelsur.com\/pt\/wp-json\/wp\/v2\/users\/6"}],"replies":[{"embeddable":true,"href":"https:\/\/fundacioncajaruraldelsur.com\/pt\/wp-json\/wp\/v2\/comments?post=3532"}],"version-history":[{"count":4,"href":"https:\/\/fundacioncajaruraldelsur.com\/pt\/wp-json\/wp\/v2\/posts\/3532\/revisions"}],"predecessor-version":[{"id":3541,"href":"https:\/\/fundacioncajaruraldelsur.com\/pt\/wp-json\/wp\/v2\/posts\/3532\/revisions\/3541"}],"wp:featuredmedia":[{"embeddable":true,"href":"https:\/\/fundacioncajaruraldelsur.com\/pt\/wp-json\/wp\/v2\/media\/3533"}],"wp:attachment":[{"href":"https:\/\/fundacioncajaruraldelsur.com\/pt\/wp-json\/wp\/v2\/media?parent=3532"}],"wp:term":[{"taxonomy":"category","embeddable":true,"href":"https:\/\/fundacioncajaruraldelsur.com\/pt\/wp-json\/wp\/v2\/categories?post=3532"},{"taxonomy":"post_tag","embeddable":true,"href":"https:\/\/fundacioncajaruraldelsur.com\/pt\/wp-json\/wp\/v2\/tags?post=3532"}],"curies":[{"name":"wp","href":"https:\/\/api.w.org\/{rel}","templated":true}]}}