{"id":3480,"date":"2018-03-14T09:25:52","date_gmt":"2018-03-14T09:25:52","guid":{"rendered":"\/?p=3480"},"modified":"2018-03-14T09:25:52","modified_gmt":"2018-03-14T09:25:52","slug":"fundacion-caja-rural-del-sur-patrocina-la-celebracion-la-iglesia-catedral-huelva-del-primer-miserere-h-eslava","status":"publish","type":"post","link":"https:\/\/fundacioncajaruraldelsur.com\/pt\/fundacion-caja-rural-del-sur-patrocina-la-celebracion-la-iglesia-catedral-huelva-del-primer-miserere-h-eslava\/","title":{"rendered":"Fundaci\u00f3n Caja Rural del Sur patrocina la celebraci\u00f3n en la Iglesia Catedral de Huelva del primer \u2018Miserere H Eslava\u2019"},"content":{"rendered":"<p>Tras la firma de un acuerdo con la Asociaci\u00f3n de Amigos de la Banda Sinf\u00f3nica Municipal, Fundaci\u00f3n Caja Rural del Sur patrocina la celebraci\u00f3n en la Iglesia Catedral del primer \u2018Miserere H Eslava\u2019 que se canta en Hueva y en el que actuar\u00e1n de manera conjunta la Coral Polif\u00f3nica de la propia Catedral, Coro de la Universidad y la Camerata Vocal Concertante junto a la Banda Sinf\u00f3nica bajo la direcci\u00f3n de Francisco Navarro Lara. Ser\u00e1 el pr\u00f3ximo s\u00e1bado a las 20:45 horas y la entrada es libre.<\/p>\n<p>Los presidentes de Caja Rural del Sur y de la Asociaci\u00f3n de Amigos de la Banda Sinf\u00f3nica, Jos\u00e9 Luis Garc\u00eda Palacios y Alfonso Carlos Pulido Mora, respectivamente, acompa\u00f1ados del director de la Fundaci\u00f3n, Emilio Ponce, y de la Banda, Francisco Navarro, firmaron este convenio junto al que ya viene siendo habitual desde el a\u00f1o 2014 y que posibilita unas becas de pr\u00e1ctica.<\/p>\n<p>La interpretaci\u00f3n del \u2018Miserere H Eslava\u2019 ha requerido muchas gestiones y horas de ensayo de los coros bajo la direcci\u00f3n de Sergio Lazo, al que Francisco Navarro felicit\u00f3 por el trabajo. Tambi\u00e9n se reconoci\u00f3 la labor de Fernando Lazo, vocal de la Asociaci\u00f3n.<\/p>\n<p>La actuaci\u00f3n de este s\u00e1bado en la Catedral contar\u00e1 con la participaci\u00f3n, adem\u00e1s, de los solistas Manuel de Diego (tenor), David Lagares (bajo) y Jos\u00e9 Carri\u00f3n (contratenor) y los ni\u00f1os tiples, Sergio Lazo Texeira y Cinta Molina P\u00e1ez, que seg\u00fan el director de la Banda Sinf\u00f3nica Municipal de Huelva \u201cser\u00e1n toda una sorpresa para los asistentes a este Miserere\u201d.<\/p>\n<p>El presidente de la Asociaci\u00f3n de Amigos de la Banda Sinf\u00f3nica, Alonso Carlos Pulido, reconoci\u00f3 que sin la colaboraci\u00f3n encontrada en Fundaci\u00f3n Caja Rural del Sur un concierto de estas caracter\u00edsticas, gratuito y \u201cdonde tiene que ser, que es la Iglesia Catedral\u201d, no hubiera sido posible. Agradeci\u00f3 la disposici\u00f3n encontrada en los componentes de la Coral, Coro de la Universidad y Camerata, cuyos representantes tambi\u00e9n asistieron a la presentaci\u00f3n de este concierto, a pocos d\u00edas de la Semana Santa, y que quedar\u00e1, en palabras de Francisco Navarro, como el Miserere de Eslava de Huelva.<\/p>\n<p><a href=\"\/wp-content\/uploads\/2018\/03\/180313.-Firma-del-convenio-entre-los-presidentes-de-Fundaci\u00f3n-Caja-Rural-del-Sur-y-Asociaci\u00f3n-de-Amigos-de-la-Banda-Sinf\u00f3nica.jpg\" rel=\"lightbox-0\"><img loading=\"lazy\" decoding=\"async\" class=\"aligncenter wp-image-3493 size-large\" src=\"\/wp-content\/uploads\/2018\/03\/180313.-Firma-del-convenio-entre-los-presidentes-de-Fundaci\u00f3n-Caja-Rural-del-Sur-y-Asociaci\u00f3n-de-Amigos-de-la-Banda-Sinf\u00f3nica-1024x765.jpg\" alt=\"\" width=\"960\" height=\"717\" srcset=\"https:\/\/fundacioncajaruraldelsur.com\/wp-content\/uploads\/2018\/03\/180313.-Firma-del-convenio-entre-los-presidentes-de-Fundaci\u00f3n-Caja-Rural-del-Sur-y-Asociaci\u00f3n-de-Amigos-de-la-Banda-Sinf\u00f3nica-1024x765.jpg 1024w, https:\/\/fundacioncajaruraldelsur.com\/wp-content\/uploads\/2018\/03\/180313.-Firma-del-convenio-entre-los-presidentes-de-Fundaci\u00f3n-Caja-Rural-del-Sur-y-Asociaci\u00f3n-de-Amigos-de-la-Banda-Sinf\u00f3nica-300x224.jpg 300w, https:\/\/fundacioncajaruraldelsur.com\/wp-content\/uploads\/2018\/03\/180313.-Firma-del-convenio-entre-los-presidentes-de-Fundaci\u00f3n-Caja-Rural-del-Sur-y-Asociaci\u00f3n-de-Amigos-de-la-Banda-Sinf\u00f3nica-768x573.jpg 768w, https:\/\/fundacioncajaruraldelsur.com\/wp-content\/uploads\/2018\/03\/180313.-Firma-del-convenio-entre-los-presidentes-de-Fundaci\u00f3n-Caja-Rural-del-Sur-y-Asociaci\u00f3n-de-Amigos-de-la-Banda-Sinf\u00f3nica.jpg 1334w\" sizes=\"auto, (max-width: 960px) 100vw, 960px\" \/><\/a><\/p>","protected":false},"excerpt":{"rendered":"<p>Tras la firma de un acuerdo con la Asociaci\u00f3n de Amigos de la Banda Sinf\u00f3nica Municipal, Fundaci\u00f3n Caja Rural del Sur patrocina la celebraci\u00f3n en la Iglesia Catedral del primer [&hellip;]<\/p>\n","protected":false},"author":6,"featured_media":3494,"comment_status":"closed","ping_status":"open","sticky":false,"template":"","format":"standard","meta":{"footnotes":""},"categories":[75],"tags":[],"class_list":["post-3480","post","type-post","status-publish","format-standard","has-post-thumbnail","hentry","category-concierto"],"yoast_head":"<!-- This site is optimized with the Yoast SEO plugin v27.3 - https:\/\/yoast.com\/product\/yoast-seo-wordpress\/ -->\n<title>Fundaci\u00f3n Caja Rural del Sur patrocina la celebraci\u00f3n en la Iglesia Catedral de Huelva del primer \u2018Miserere H Eslava\u2019 - Fundaci\u00f3n Caja Rural del Sur<\/title>\n<meta name=\"robots\" content=\"index, follow, max-snippet:-1, max-image-preview:large, max-video-preview:-1\" \/>\n<link rel=\"canonical\" href=\"https:\/\/fundacioncajaruraldelsur.com\/pt\/fundacion-caja-rural-del-sur-patrocina-la-celebracion-la-iglesia-catedral-huelva-del-primer-miserere-h-eslava\/\" \/>\n<meta property=\"og:locale\" content=\"pt_PT\" \/>\n<meta property=\"og:type\" content=\"article\" \/>\n<meta property=\"og:title\" content=\"Fundaci\u00f3n Caja Rural del Sur patrocina la celebraci\u00f3n en la Iglesia Catedral de Huelva del primer \u2018Miserere H Eslava\u2019 - Fundaci\u00f3n Caja Rural del Sur\" \/>\n<meta property=\"og:description\" content=\"Tras la firma de un acuerdo con la Asociaci\u00f3n de Amigos de la Banda Sinf\u00f3nica Municipal, Fundaci\u00f3n Caja Rural del Sur patrocina la celebraci\u00f3n en la Iglesia Catedral del primer [&hellip;]\" \/>\n<meta property=\"og:url\" content=\"https:\/\/fundacioncajaruraldelsur.com\/pt\/fundacion-caja-rural-del-sur-patrocina-la-celebracion-la-iglesia-catedral-huelva-del-primer-miserere-h-eslava\/\" \/>\n<meta property=\"og:site_name\" content=\"Fundaci\u00f3n Caja Rural del Sur\" \/>\n<meta property=\"article:published_time\" content=\"2018-03-14T09:25:52+00:00\" \/>\n<meta property=\"og:image\" content=\"https:\/\/fundacioncajaruraldelsur.com\/wp-content\/uploads\/2018\/03\/180313.-Fundaci\u00f3n-Caja-Rural-del-Sur-patrocina-el-Miserere-de-Eslava-el-pr\u00f3ximo-s\u00e1bado-en-la-Iglesia-Catedral.jpg\" \/>\n\t<meta property=\"og:image:width\" content=\"1334\" \/>\n\t<meta property=\"og:image:height\" content=\"996\" \/>\n\t<meta property=\"og:image:type\" content=\"image\/jpeg\" \/>\n<meta name=\"author\" content=\"Comunicaci\u00f3n\" \/>\n<meta name=\"twitter:card\" content=\"summary_large_image\" \/>\n<meta name=\"twitter:label1\" content=\"Written by\" \/>\n\t<meta name=\"twitter:data1\" content=\"Comunicaci\u00f3n\" \/>\n\t<meta name=\"twitter:label2\" content=\"Est. reading time\" \/>\n\t<meta name=\"twitter:data2\" content=\"2 minutes\" \/>\n<script type=\"application\/ld+json\" class=\"yoast-schema-graph\">{\"@context\":\"https:\\\/\\\/schema.org\",\"@graph\":[{\"@type\":\"Article\",\"@id\":\"https:\\\/\\\/fundacioncajaruraldelsur.com\\\/fundacion-caja-rural-del-sur-patrocina-la-celebracion-la-iglesia-catedral-huelva-del-primer-miserere-h-eslava\\\/#article\",\"isPartOf\":{\"@id\":\"https:\\\/\\\/fundacioncajaruraldelsur.com\\\/fundacion-caja-rural-del-sur-patrocina-la-celebracion-la-iglesia-catedral-huelva-del-primer-miserere-h-eslava\\\/\"},\"author\":{\"name\":\"Comunicaci\u00f3n\",\"@id\":\"https:\\\/\\\/fundacioncajaruraldelsur.com\\\/#\\\/schema\\\/person\\\/f430da9fb783d505ff061ad8b3d44577\"},\"headline\":\"Fundaci\u00f3n Caja Rural del Sur patrocina la celebraci\u00f3n en la Iglesia Catedral de Huelva del primer \u2018Miserere H Eslava\u2019\",\"datePublished\":\"2018-03-14T09:25:52+00:00\",\"mainEntityOfPage\":{\"@id\":\"https:\\\/\\\/fundacioncajaruraldelsur.com\\\/fundacion-caja-rural-del-sur-patrocina-la-celebracion-la-iglesia-catedral-huelva-del-primer-miserere-h-eslava\\\/\"},\"wordCount\":404,\"image\":{\"@id\":\"https:\\\/\\\/fundacioncajaruraldelsur.com\\\/fundacion-caja-rural-del-sur-patrocina-la-celebracion-la-iglesia-catedral-huelva-del-primer-miserere-h-eslava\\\/#primaryimage\"},\"thumbnailUrl\":\"https:\\\/\\\/fundacioncajaruraldelsur.com\\\/wp-content\\\/uploads\\\/2018\\\/03\\\/180313.-Fundaci\u00f3n-Caja-Rural-del-Sur-patrocina-el-Miserere-de-Eslava-el-pr\u00f3ximo-s\u00e1bado-en-la-Iglesia-Catedral.jpg\",\"articleSection\":[\"Concierto\"],\"inLanguage\":\"pt-PT\"},{\"@type\":\"WebPage\",\"@id\":\"https:\\\/\\\/fundacioncajaruraldelsur.com\\\/fundacion-caja-rural-del-sur-patrocina-la-celebracion-la-iglesia-catedral-huelva-del-primer-miserere-h-eslava\\\/\",\"url\":\"https:\\\/\\\/fundacioncajaruraldelsur.com\\\/fundacion-caja-rural-del-sur-patrocina-la-celebracion-la-iglesia-catedral-huelva-del-primer-miserere-h-eslava\\\/\",\"name\":\"Fundaci\u00f3n Caja Rural del Sur patrocina la celebraci\u00f3n en la Iglesia Catedral de Huelva del primer \u2018Miserere H Eslava\u2019 - Fundaci\u00f3n Caja Rural del Sur\",\"isPartOf\":{\"@id\":\"https:\\\/\\\/fundacioncajaruraldelsur.com\\\/#website\"},\"primaryImageOfPage\":{\"@id\":\"https:\\\/\\\/fundacioncajaruraldelsur.com\\\/fundacion-caja-rural-del-sur-patrocina-la-celebracion-la-iglesia-catedral-huelva-del-primer-miserere-h-eslava\\\/#primaryimage\"},\"image\":{\"@id\":\"https:\\\/\\\/fundacioncajaruraldelsur.com\\\/fundacion-caja-rural-del-sur-patrocina-la-celebracion-la-iglesia-catedral-huelva-del-primer-miserere-h-eslava\\\/#primaryimage\"},\"thumbnailUrl\":\"https:\\\/\\\/fundacioncajaruraldelsur.com\\\/wp-content\\\/uploads\\\/2018\\\/03\\\/180313.-Fundaci\u00f3n-Caja-Rural-del-Sur-patrocina-el-Miserere-de-Eslava-el-pr\u00f3ximo-s\u00e1bado-en-la-Iglesia-Catedral.jpg\",\"datePublished\":\"2018-03-14T09:25:52+00:00\",\"author\":{\"@id\":\"https:\\\/\\\/fundacioncajaruraldelsur.com\\\/#\\\/schema\\\/person\\\/f430da9fb783d505ff061ad8b3d44577\"},\"breadcrumb\":{\"@id\":\"https:\\\/\\\/fundacioncajaruraldelsur.com\\\/fundacion-caja-rural-del-sur-patrocina-la-celebracion-la-iglesia-catedral-huelva-del-primer-miserere-h-eslava\\\/#breadcrumb\"},\"inLanguage\":\"pt-PT\",\"potentialAction\":[{\"@type\":\"ReadAction\",\"target\":[\"https:\\\/\\\/fundacioncajaruraldelsur.com\\\/fundacion-caja-rural-del-sur-patrocina-la-celebracion-la-iglesia-catedral-huelva-del-primer-miserere-h-eslava\\\/\"]}]},{\"@type\":\"ImageObject\",\"inLanguage\":\"pt-PT\",\"@id\":\"https:\\\/\\\/fundacioncajaruraldelsur.com\\\/fundacion-caja-rural-del-sur-patrocina-la-celebracion-la-iglesia-catedral-huelva-del-primer-miserere-h-eslava\\\/#primaryimage\",\"url\":\"https:\\\/\\\/fundacioncajaruraldelsur.com\\\/wp-content\\\/uploads\\\/2018\\\/03\\\/180313.-Fundaci\u00f3n-Caja-Rural-del-Sur-patrocina-el-Miserere-de-Eslava-el-pr\u00f3ximo-s\u00e1bado-en-la-Iglesia-Catedral.jpg\",\"contentUrl\":\"https:\\\/\\\/fundacioncajaruraldelsur.com\\\/wp-content\\\/uploads\\\/2018\\\/03\\\/180313.-Fundaci\u00f3n-Caja-Rural-del-Sur-patrocina-el-Miserere-de-Eslava-el-pr\u00f3ximo-s\u00e1bado-en-la-Iglesia-Catedral.jpg\",\"width\":1334,\"height\":996},{\"@type\":\"BreadcrumbList\",\"@id\":\"https:\\\/\\\/fundacioncajaruraldelsur.com\\\/fundacion-caja-rural-del-sur-patrocina-la-celebracion-la-iglesia-catedral-huelva-del-primer-miserere-h-eslava\\\/#breadcrumb\",\"itemListElement\":[{\"@type\":\"ListItem\",\"position\":1,\"name\":\"Portada\",\"item\":\"https:\\\/\\\/fundacioncajaruraldelsur.com\\\/\"},{\"@type\":\"ListItem\",\"position\":2,\"name\":\"Fundaci\u00f3n Caja Rural del Sur patrocina la celebraci\u00f3n en la Iglesia Catedral de Huelva del primer \u2018Miserere H Eslava\u2019\"}]},{\"@type\":\"WebSite\",\"@id\":\"https:\\\/\\\/fundacioncajaruraldelsur.com\\\/#website\",\"url\":\"https:\\\/\\\/fundacioncajaruraldelsur.com\\\/\",\"name\":\"Fundaci\u00f3n Caja Rural del Sur\",\"description\":\"\",\"potentialAction\":[{\"@type\":\"SearchAction\",\"target\":{\"@type\":\"EntryPoint\",\"urlTemplate\":\"https:\\\/\\\/fundacioncajaruraldelsur.com\\\/?s={search_term_string}\"},\"query-input\":{\"@type\":\"PropertyValueSpecification\",\"valueRequired\":true,\"valueName\":\"search_term_string\"}}],\"inLanguage\":\"pt-PT\"},{\"@type\":\"Person\",\"@id\":\"https:\\\/\\\/fundacioncajaruraldelsur.com\\\/#\\\/schema\\\/person\\\/f430da9fb783d505ff061ad8b3d44577\",\"name\":\"Comunicaci\u00f3n\",\"image\":{\"@type\":\"ImageObject\",\"inLanguage\":\"pt-PT\",\"@id\":\"https:\\\/\\\/secure.gravatar.com\\\/avatar\\\/0dca239875993680bac4603ad2de7942da018f52cc3a244578e0b3b09314a8d8?s=96&d=blank&r=g\",\"url\":\"https:\\\/\\\/secure.gravatar.com\\\/avatar\\\/0dca239875993680bac4603ad2de7942da018f52cc3a244578e0b3b09314a8d8?s=96&d=blank&r=g\",\"contentUrl\":\"https:\\\/\\\/secure.gravatar.com\\\/avatar\\\/0dca239875993680bac4603ad2de7942da018f52cc3a244578e0b3b09314a8d8?s=96&d=blank&r=g\",\"caption\":\"Comunicaci\u00f3n\"}}]}<\/script>\n<!-- \/ Yoast SEO plugin. -->","yoast_head_json":{"title":"Fundaci\u00f3n Caja Rural del Sur patrocina la celebraci\u00f3n en la Iglesia Catedral de Huelva del primer \u2018Miserere H Eslava\u2019 - Fundaci\u00f3n Caja Rural del Sur","robots":{"index":"index","follow":"follow","max-snippet":"max-snippet:-1","max-image-preview":"max-image-preview:large","max-video-preview":"max-video-preview:-1"},"canonical":"https:\/\/fundacioncajaruraldelsur.com\/pt\/fundacion-caja-rural-del-sur-patrocina-la-celebracion-la-iglesia-catedral-huelva-del-primer-miserere-h-eslava\/","og_locale":"pt_PT","og_type":"article","og_title":"Fundaci\u00f3n Caja Rural del Sur patrocina la celebraci\u00f3n en la Iglesia Catedral de Huelva del primer \u2018Miserere H Eslava\u2019 - Fundaci\u00f3n Caja Rural del Sur","og_description":"Tras la firma de un acuerdo con la Asociaci\u00f3n de Amigos de la Banda Sinf\u00f3nica Municipal, Fundaci\u00f3n Caja Rural del Sur patrocina la celebraci\u00f3n en la Iglesia Catedral del primer [&hellip;]","og_url":"https:\/\/fundacioncajaruraldelsur.com\/pt\/fundacion-caja-rural-del-sur-patrocina-la-celebracion-la-iglesia-catedral-huelva-del-primer-miserere-h-eslava\/","og_site_name":"Fundaci\u00f3n Caja Rural del Sur","article_published_time":"2018-03-14T09:25:52+00:00","og_image":[{"width":1334,"height":996,"url":"https:\/\/fundacioncajaruraldelsur.com\/wp-content\/uploads\/2018\/03\/180313.-Fundaci\u00f3n-Caja-Rural-del-Sur-patrocina-el-Miserere-de-Eslava-el-pr\u00f3ximo-s\u00e1bado-en-la-Iglesia-Catedral.jpg","type":"image\/jpeg"}],"author":"Comunicaci\u00f3n","twitter_card":"summary_large_image","twitter_misc":{"Written by":"Comunicaci\u00f3n","Est. reading time":"2 minutes"},"schema":{"@context":"https:\/\/schema.org","@graph":[{"@type":"Article","@id":"https:\/\/fundacioncajaruraldelsur.com\/fundacion-caja-rural-del-sur-patrocina-la-celebracion-la-iglesia-catedral-huelva-del-primer-miserere-h-eslava\/#article","isPartOf":{"@id":"https:\/\/fundacioncajaruraldelsur.com\/fundacion-caja-rural-del-sur-patrocina-la-celebracion-la-iglesia-catedral-huelva-del-primer-miserere-h-eslava\/"},"author":{"name":"Comunicaci\u00f3n","@id":"https:\/\/fundacioncajaruraldelsur.com\/#\/schema\/person\/f430da9fb783d505ff061ad8b3d44577"},"headline":"Fundaci\u00f3n Caja Rural del Sur patrocina la celebraci\u00f3n en la Iglesia Catedral de Huelva del primer \u2018Miserere H Eslava\u2019","datePublished":"2018-03-14T09:25:52+00:00","mainEntityOfPage":{"@id":"https:\/\/fundacioncajaruraldelsur.com\/fundacion-caja-rural-del-sur-patrocina-la-celebracion-la-iglesia-catedral-huelva-del-primer-miserere-h-eslava\/"},"wordCount":404,"image":{"@id":"https:\/\/fundacioncajaruraldelsur.com\/fundacion-caja-rural-del-sur-patrocina-la-celebracion-la-iglesia-catedral-huelva-del-primer-miserere-h-eslava\/#primaryimage"},"thumbnailUrl":"https:\/\/fundacioncajaruraldelsur.com\/wp-content\/uploads\/2018\/03\/180313.-Fundaci\u00f3n-Caja-Rural-del-Sur-patrocina-el-Miserere-de-Eslava-el-pr\u00f3ximo-s\u00e1bado-en-la-Iglesia-Catedral.jpg","articleSection":["Concierto"],"inLanguage":"pt-PT"},{"@type":"WebPage","@id":"https:\/\/fundacioncajaruraldelsur.com\/fundacion-caja-rural-del-sur-patrocina-la-celebracion-la-iglesia-catedral-huelva-del-primer-miserere-h-eslava\/","url":"https:\/\/fundacioncajaruraldelsur.com\/fundacion-caja-rural-del-sur-patrocina-la-celebracion-la-iglesia-catedral-huelva-del-primer-miserere-h-eslava\/","name":"Fundaci\u00f3n Caja Rural del Sur patrocina la celebraci\u00f3n en la Iglesia Catedral de Huelva del primer \u2018Miserere H Eslava\u2019 - Fundaci\u00f3n Caja Rural del Sur","isPartOf":{"@id":"https:\/\/fundacioncajaruraldelsur.com\/#website"},"primaryImageOfPage":{"@id":"https:\/\/fundacioncajaruraldelsur.com\/fundacion-caja-rural-del-sur-patrocina-la-celebracion-la-iglesia-catedral-huelva-del-primer-miserere-h-eslava\/#primaryimage"},"image":{"@id":"https:\/\/fundacioncajaruraldelsur.com\/fundacion-caja-rural-del-sur-patrocina-la-celebracion-la-iglesia-catedral-huelva-del-primer-miserere-h-eslava\/#primaryimage"},"thumbnailUrl":"https:\/\/fundacioncajaruraldelsur.com\/wp-content\/uploads\/2018\/03\/180313.-Fundaci\u00f3n-Caja-Rural-del-Sur-patrocina-el-Miserere-de-Eslava-el-pr\u00f3ximo-s\u00e1bado-en-la-Iglesia-Catedral.jpg","datePublished":"2018-03-14T09:25:52+00:00","author":{"@id":"https:\/\/fundacioncajaruraldelsur.com\/#\/schema\/person\/f430da9fb783d505ff061ad8b3d44577"},"breadcrumb":{"@id":"https:\/\/fundacioncajaruraldelsur.com\/fundacion-caja-rural-del-sur-patrocina-la-celebracion-la-iglesia-catedral-huelva-del-primer-miserere-h-eslava\/#breadcrumb"},"inLanguage":"pt-PT","potentialAction":[{"@type":"ReadAction","target":["https:\/\/fundacioncajaruraldelsur.com\/fundacion-caja-rural-del-sur-patrocina-la-celebracion-la-iglesia-catedral-huelva-del-primer-miserere-h-eslava\/"]}]},{"@type":"ImageObject","inLanguage":"pt-PT","@id":"https:\/\/fundacioncajaruraldelsur.com\/fundacion-caja-rural-del-sur-patrocina-la-celebracion-la-iglesia-catedral-huelva-del-primer-miserere-h-eslava\/#primaryimage","url":"https:\/\/fundacioncajaruraldelsur.com\/wp-content\/uploads\/2018\/03\/180313.-Fundaci\u00f3n-Caja-Rural-del-Sur-patrocina-el-Miserere-de-Eslava-el-pr\u00f3ximo-s\u00e1bado-en-la-Iglesia-Catedral.jpg","contentUrl":"https:\/\/fundacioncajaruraldelsur.com\/wp-content\/uploads\/2018\/03\/180313.-Fundaci\u00f3n-Caja-Rural-del-Sur-patrocina-el-Miserere-de-Eslava-el-pr\u00f3ximo-s\u00e1bado-en-la-Iglesia-Catedral.jpg","width":1334,"height":996},{"@type":"BreadcrumbList","@id":"https:\/\/fundacioncajaruraldelsur.com\/fundacion-caja-rural-del-sur-patrocina-la-celebracion-la-iglesia-catedral-huelva-del-primer-miserere-h-eslava\/#breadcrumb","itemListElement":[{"@type":"ListItem","position":1,"name":"Portada","item":"https:\/\/fundacioncajaruraldelsur.com\/"},{"@type":"ListItem","position":2,"name":"Fundaci\u00f3n Caja Rural del Sur patrocina la celebraci\u00f3n en la Iglesia Catedral de Huelva del primer \u2018Miserere H Eslava\u2019"}]},{"@type":"WebSite","@id":"https:\/\/fundacioncajaruraldelsur.com\/#website","url":"https:\/\/fundacioncajaruraldelsur.com\/","name":"Funda\u00e7\u00e3o Caja Rural del Sur","description":"","potentialAction":[{"@type":"SearchAction","target":{"@type":"EntryPoint","urlTemplate":"https:\/\/fundacioncajaruraldelsur.com\/?s={search_term_string}"},"query-input":{"@type":"PropertyValueSpecification","valueRequired":true,"valueName":"search_term_string"}}],"inLanguage":"pt-PT"},{"@type":"Person","@id":"https:\/\/fundacioncajaruraldelsur.com\/#\/schema\/person\/f430da9fb783d505ff061ad8b3d44577","name":"Comunicaci\u00f3n","image":{"@type":"ImageObject","inLanguage":"pt-PT","@id":"https:\/\/secure.gravatar.com\/avatar\/0dca239875993680bac4603ad2de7942da018f52cc3a244578e0b3b09314a8d8?s=96&d=blank&r=g","url":"https:\/\/secure.gravatar.com\/avatar\/0dca239875993680bac4603ad2de7942da018f52cc3a244578e0b3b09314a8d8?s=96&d=blank&r=g","contentUrl":"https:\/\/secure.gravatar.com\/avatar\/0dca239875993680bac4603ad2de7942da018f52cc3a244578e0b3b09314a8d8?s=96&d=blank&r=g","caption":"Comunicaci\u00f3n"}}]}},"rttpg_featured_image_url":{"full":["https:\/\/fundacioncajaruraldelsur.com\/wp-content\/uploads\/2018\/03\/180313.-Fundaci\u00f3n-Caja-Rural-del-Sur-patrocina-el-Miserere-de-Eslava-el-pr\u00f3ximo-s\u00e1bado-en-la-Iglesia-Catedral.jpg",1334,996,false],"landscape":["https:\/\/fundacioncajaruraldelsur.com\/wp-content\/uploads\/2018\/03\/180313.-Fundaci\u00f3n-Caja-Rural-del-Sur-patrocina-el-Miserere-de-Eslava-el-pr\u00f3ximo-s\u00e1bado-en-la-Iglesia-Catedral.jpg",1334,996,false],"portraits":["https:\/\/fundacioncajaruraldelsur.com\/wp-content\/uploads\/2018\/03\/180313.-Fundaci\u00f3n-Caja-Rural-del-Sur-patrocina-el-Miserere-de-Eslava-el-pr\u00f3ximo-s\u00e1bado-en-la-Iglesia-Catedral.jpg",1334,996,false],"thumbnail":["https:\/\/fundacioncajaruraldelsur.com\/wp-content\/uploads\/2018\/03\/180313.-Fundaci\u00f3n-Caja-Rural-del-Sur-patrocina-el-Miserere-de-Eslava-el-pr\u00f3ximo-s\u00e1bado-en-la-Iglesia-Catedral-150x150.jpg",150,150,true],"medium":["https:\/\/fundacioncajaruraldelsur.com\/wp-content\/uploads\/2018\/03\/180313.-Fundaci\u00f3n-Caja-Rural-del-Sur-patrocina-el-Miserere-de-Eslava-el-pr\u00f3ximo-s\u00e1bado-en-la-Iglesia-Catedral-300x224.jpg",300,224,true],"large":["https:\/\/fundacioncajaruraldelsur.com\/wp-content\/uploads\/2018\/03\/180313.-Fundaci\u00f3n-Caja-Rural-del-Sur-patrocina-el-Miserere-de-Eslava-el-pr\u00f3ximo-s\u00e1bado-en-la-Iglesia-Catedral-1024x765.jpg",960,717,true],"1536x1536":["https:\/\/fundacioncajaruraldelsur.com\/wp-content\/uploads\/2018\/03\/180313.-Fundaci\u00f3n-Caja-Rural-del-Sur-patrocina-el-Miserere-de-Eslava-el-pr\u00f3ximo-s\u00e1bado-en-la-Iglesia-Catedral.jpg",1334,996,false],"2048x2048":["https:\/\/fundacioncajaruraldelsur.com\/wp-content\/uploads\/2018\/03\/180313.-Fundaci\u00f3n-Caja-Rural-del-Sur-patrocina-el-Miserere-de-Eslava-el-pr\u00f3ximo-s\u00e1bado-en-la-Iglesia-Catedral.jpg",1334,996,false],"trp-custom-language-flag":["https:\/\/fundacioncajaruraldelsur.com\/wp-content\/uploads\/2018\/03\/180313.-Fundaci\u00f3n-Caja-Rural-del-Sur-patrocina-el-Miserere-de-Eslava-el-pr\u00f3ximo-s\u00e1bado-en-la-Iglesia-Catedral.jpg",16,12,false],"blog-thumbnail":["https:\/\/fundacioncajaruraldelsur.com\/wp-content\/uploads\/2018\/03\/180313.-Fundaci\u00f3n-Caja-Rural-del-Sur-patrocina-el-Miserere-de-Eslava-el-pr\u00f3ximo-s\u00e1bado-en-la-Iglesia-Catedral-400x200.jpg",400,200,true]},"rttpg_author":{"display_name":"Comunicaci\u00f3n","author_link":"https:\/\/fundacioncajaruraldelsur.com\/pt\/author\/sevillaadmin\/"},"rttpg_comment":0,"rttpg_category":"<a href=\"https:\/\/fundacioncajaruraldelsur.com\/pt\/category\/concierto\/\" rel=\"category tag\">Concierto<\/a>","rttpg_excerpt":"Tras la firma de un acuerdo con la Asociaci\u00f3n de Amigos de la Banda Sinf\u00f3nica Municipal, Fundaci\u00f3n Caja Rural del Sur patrocina la celebraci\u00f3n en la Iglesia Catedral del primer [&hellip;]","_links":{"self":[{"href":"https:\/\/fundacioncajaruraldelsur.com\/pt\/wp-json\/wp\/v2\/posts\/3480","targetHints":{"allow":["GET"]}}],"collection":[{"href":"https:\/\/fundacioncajaruraldelsur.com\/pt\/wp-json\/wp\/v2\/posts"}],"about":[{"href":"https:\/\/fundacioncajaruraldelsur.com\/pt\/wp-json\/wp\/v2\/types\/post"}],"author":[{"embeddable":true,"href":"https:\/\/fundacioncajaruraldelsur.com\/pt\/wp-json\/wp\/v2\/users\/6"}],"replies":[{"embeddable":true,"href":"https:\/\/fundacioncajaruraldelsur.com\/pt\/wp-json\/wp\/v2\/comments?post=3480"}],"version-history":[{"count":1,"href":"https:\/\/fundacioncajaruraldelsur.com\/pt\/wp-json\/wp\/v2\/posts\/3480\/revisions"}],"predecessor-version":[{"id":3495,"href":"https:\/\/fundacioncajaruraldelsur.com\/pt\/wp-json\/wp\/v2\/posts\/3480\/revisions\/3495"}],"wp:featuredmedia":[{"embeddable":true,"href":"https:\/\/fundacioncajaruraldelsur.com\/pt\/wp-json\/wp\/v2\/media\/3494"}],"wp:attachment":[{"href":"https:\/\/fundacioncajaruraldelsur.com\/pt\/wp-json\/wp\/v2\/media?parent=3480"}],"wp:term":[{"taxonomy":"category","embeddable":true,"href":"https:\/\/fundacioncajaruraldelsur.com\/pt\/wp-json\/wp\/v2\/categories?post=3480"},{"taxonomy":"post_tag","embeddable":true,"href":"https:\/\/fundacioncajaruraldelsur.com\/pt\/wp-json\/wp\/v2\/tags?post=3480"}],"curies":[{"name":"wp","href":"https:\/\/api.w.org\/{rel}","templated":true}]}}