{"id":3442,"date":"2018-03-08T13:17:10","date_gmt":"2018-03-08T13:17:10","guid":{"rendered":"\/?p=3442"},"modified":"2018-03-08T17:32:55","modified_gmt":"2018-03-08T17:32:55","slug":"programa-cruz-guia-radio-sevilla-se-emite-desde-la-fundacion-caja-rural-del-sur-sevilla","status":"publish","type":"post","link":"https:\/\/fundacioncajaruraldelsur.com\/pt\/programa-cruz-guia-radio-sevilla-se-emite-desde-la-fundacion-caja-rural-del-sur-sevilla\/","title":{"rendered":"El programa \u00abCruz de Gu\u00eda\u00bb de Radio Sevilla se emite desde la Fundaci\u00f3n Caja Rural del Sur-Sevilla"},"content":{"rendered":"<p>Radio Sevilla (Cadena SER) ha realizado este pasado mi\u00e9rcoles su programa de Semana Santa \u00abCruz de Gu\u00eda\u00bb desde la sede de la Fundaci\u00f3n Caja Rural del Sur en Sevilla. En el programa el joven pintor\u00a0Antonio D\u00edaz Arnido presentaba\u00a0la imagen que este a\u00f1o ilustrar\u00e1 la portada del Programa de Mano de este espacio radiof\u00f3nico. Se trata de una imagen del\u00a0perfil izquierdo de Nuestra Se\u00f1ora del Carmen, titular de la hermandad hom\u00f3nima del Mi\u00e9rcoles Santo.<\/p>\n<p>Adem\u00e1s del propio D\u00edaz Arnido, en este programa especial estuvieron con\u00a0<strong>Manuel Ruiz<\/strong>\u00a0<strong>Rojas<\/strong> en representaci\u00f3n de la Caja Rural del Sur; el delegado municipal de Fiestas Mayores,\u00a0<strong>Juan Carlos Cabrera<\/strong>; el pregonero de la Semana Santa 2018,\u00a0<strong>Jos\u00e9 Ignacio del Rey<\/strong>; el secretario del Colegio Profesional de Pod\u00f3logos de Andaluc\u00eda,\u00a0<strong>Antonio Guerrero<\/strong>; y, como cierre,\u00a0<strong>Pascual Gonz\u00e1lez\u00a0<\/strong>y\u00a0<strong>Cantores de H\u00edspalis<\/strong>\u00a0para hablar de su nuevo espect\u00e1culo\u00a0<em>Cristo, Pasi\u00f3n y Esperanza<\/em>.<\/p>\n<p>&nbsp;<\/p>","protected":false},"excerpt":{"rendered":"<p>Radio Sevilla (Cadena SER) ha realizado este pasado mi\u00e9rcoles su programa de Semana Santa \u00abCruz de Gu\u00eda\u00bb desde la sede de la Fundaci\u00f3n Caja Rural del Sur en Sevilla. En [&hellip;]<\/p>\n","protected":false},"author":6,"featured_media":3443,"comment_status":"closed","ping_status":"open","sticky":false,"template":"","format":"standard","meta":{"footnotes":""},"categories":[66],"tags":[],"class_list":["post-3442","post","type-post","status-publish","format-standard","has-post-thumbnail","hentry","category-actos"],"yoast_head":"<!-- This site is optimized with the Yoast SEO plugin v27.3 - https:\/\/yoast.com\/product\/yoast-seo-wordpress\/ -->\n<title>El programa &quot;Cruz de Gu\u00eda&quot; de Radio Sevilla se emite desde la Fundaci\u00f3n Caja Rural del Sur-Sevilla - Fundaci\u00f3n Caja Rural del Sur<\/title>\n<meta name=\"robots\" content=\"index, follow, max-snippet:-1, max-image-preview:large, max-video-preview:-1\" \/>\n<link rel=\"canonical\" href=\"https:\/\/fundacioncajaruraldelsur.com\/pt\/programa-cruz-guia-radio-sevilla-se-emite-desde-la-fundacion-caja-rural-del-sur-sevilla\/\" \/>\n<meta property=\"og:locale\" content=\"pt_PT\" \/>\n<meta property=\"og:type\" content=\"article\" \/>\n<meta property=\"og:title\" content=\"El programa &quot;Cruz de Gu\u00eda&quot; de Radio Sevilla se emite desde la Fundaci\u00f3n Caja Rural del Sur-Sevilla - Fundaci\u00f3n Caja Rural del Sur\" \/>\n<meta property=\"og:description\" content=\"Radio Sevilla (Cadena SER) ha realizado este pasado mi\u00e9rcoles su programa de Semana Santa \u00abCruz de Gu\u00eda\u00bb desde la sede de la Fundaci\u00f3n Caja Rural del Sur en Sevilla. En [&hellip;]\" \/>\n<meta property=\"og:url\" content=\"https:\/\/fundacioncajaruraldelsur.com\/pt\/programa-cruz-guia-radio-sevilla-se-emite-desde-la-fundacion-caja-rural-del-sur-sevilla\/\" \/>\n<meta property=\"og:site_name\" content=\"Fundaci\u00f3n Caja Rural del Sur\" \/>\n<meta property=\"article:published_time\" content=\"2018-03-08T13:17:10+00:00\" \/>\n<meta property=\"article:modified_time\" content=\"2018-03-08T17:32:55+00:00\" \/>\n<meta property=\"og:image\" content=\"https:\/\/fundacioncajaruraldelsur.com\/wp-content\/uploads\/2018\/03\/cruz-guia.jpg\" \/>\n\t<meta property=\"og:image:width\" content=\"630\" \/>\n\t<meta property=\"og:image:height\" content=\"354\" \/>\n\t<meta property=\"og:image:type\" content=\"image\/jpeg\" \/>\n<meta name=\"author\" content=\"Comunicaci\u00f3n\" \/>\n<meta name=\"twitter:card\" content=\"summary_large_image\" \/>\n<meta name=\"twitter:label1\" content=\"Written by\" \/>\n\t<meta name=\"twitter:data1\" content=\"Comunicaci\u00f3n\" \/>\n\t<meta name=\"twitter:label2\" content=\"Est. reading time\" \/>\n\t<meta name=\"twitter:data2\" content=\"1 minute\" \/>\n<script type=\"application\/ld+json\" class=\"yoast-schema-graph\">{\"@context\":\"https:\\\/\\\/schema.org\",\"@graph\":[{\"@type\":\"Article\",\"@id\":\"https:\\\/\\\/fundacioncajaruraldelsur.com\\\/programa-cruz-guia-radio-sevilla-se-emite-desde-la-fundacion-caja-rural-del-sur-sevilla\\\/#article\",\"isPartOf\":{\"@id\":\"https:\\\/\\\/fundacioncajaruraldelsur.com\\\/programa-cruz-guia-radio-sevilla-se-emite-desde-la-fundacion-caja-rural-del-sur-sevilla\\\/\"},\"author\":{\"name\":\"Comunicaci\u00f3n\",\"@id\":\"https:\\\/\\\/fundacioncajaruraldelsur.com\\\/#\\\/schema\\\/person\\\/f430da9fb783d505ff061ad8b3d44577\"},\"headline\":\"El programa \u00abCruz de Gu\u00eda\u00bb de Radio Sevilla se emite desde la Fundaci\u00f3n Caja Rural del Sur-Sevilla\",\"datePublished\":\"2018-03-08T13:17:10+00:00\",\"dateModified\":\"2018-03-08T17:32:55+00:00\",\"mainEntityOfPage\":{\"@id\":\"https:\\\/\\\/fundacioncajaruraldelsur.com\\\/programa-cruz-guia-radio-sevilla-se-emite-desde-la-fundacion-caja-rural-del-sur-sevilla\\\/\"},\"wordCount\":185,\"image\":{\"@id\":\"https:\\\/\\\/fundacioncajaruraldelsur.com\\\/programa-cruz-guia-radio-sevilla-se-emite-desde-la-fundacion-caja-rural-del-sur-sevilla\\\/#primaryimage\"},\"thumbnailUrl\":\"https:\\\/\\\/fundacioncajaruraldelsur.com\\\/wp-content\\\/uploads\\\/2018\\\/03\\\/cruz-guia.jpg\",\"articleSection\":[\"Actos\"],\"inLanguage\":\"pt-PT\"},{\"@type\":\"WebPage\",\"@id\":\"https:\\\/\\\/fundacioncajaruraldelsur.com\\\/programa-cruz-guia-radio-sevilla-se-emite-desde-la-fundacion-caja-rural-del-sur-sevilla\\\/\",\"url\":\"https:\\\/\\\/fundacioncajaruraldelsur.com\\\/programa-cruz-guia-radio-sevilla-se-emite-desde-la-fundacion-caja-rural-del-sur-sevilla\\\/\",\"name\":\"El programa \\\"Cruz de Gu\u00eda\\\" de Radio Sevilla se emite desde la Fundaci\u00f3n Caja Rural del Sur-Sevilla - Fundaci\u00f3n Caja Rural del Sur\",\"isPartOf\":{\"@id\":\"https:\\\/\\\/fundacioncajaruraldelsur.com\\\/#website\"},\"primaryImageOfPage\":{\"@id\":\"https:\\\/\\\/fundacioncajaruraldelsur.com\\\/programa-cruz-guia-radio-sevilla-se-emite-desde-la-fundacion-caja-rural-del-sur-sevilla\\\/#primaryimage\"},\"image\":{\"@id\":\"https:\\\/\\\/fundacioncajaruraldelsur.com\\\/programa-cruz-guia-radio-sevilla-se-emite-desde-la-fundacion-caja-rural-del-sur-sevilla\\\/#primaryimage\"},\"thumbnailUrl\":\"https:\\\/\\\/fundacioncajaruraldelsur.com\\\/wp-content\\\/uploads\\\/2018\\\/03\\\/cruz-guia.jpg\",\"datePublished\":\"2018-03-08T13:17:10+00:00\",\"dateModified\":\"2018-03-08T17:32:55+00:00\",\"author\":{\"@id\":\"https:\\\/\\\/fundacioncajaruraldelsur.com\\\/#\\\/schema\\\/person\\\/f430da9fb783d505ff061ad8b3d44577\"},\"breadcrumb\":{\"@id\":\"https:\\\/\\\/fundacioncajaruraldelsur.com\\\/programa-cruz-guia-radio-sevilla-se-emite-desde-la-fundacion-caja-rural-del-sur-sevilla\\\/#breadcrumb\"},\"inLanguage\":\"pt-PT\",\"potentialAction\":[{\"@type\":\"ReadAction\",\"target\":[\"https:\\\/\\\/fundacioncajaruraldelsur.com\\\/programa-cruz-guia-radio-sevilla-se-emite-desde-la-fundacion-caja-rural-del-sur-sevilla\\\/\"]}]},{\"@type\":\"ImageObject\",\"inLanguage\":\"pt-PT\",\"@id\":\"https:\\\/\\\/fundacioncajaruraldelsur.com\\\/programa-cruz-guia-radio-sevilla-se-emite-desde-la-fundacion-caja-rural-del-sur-sevilla\\\/#primaryimage\",\"url\":\"https:\\\/\\\/fundacioncajaruraldelsur.com\\\/wp-content\\\/uploads\\\/2018\\\/03\\\/cruz-guia.jpg\",\"contentUrl\":\"https:\\\/\\\/fundacioncajaruraldelsur.com\\\/wp-content\\\/uploads\\\/2018\\\/03\\\/cruz-guia.jpg\",\"width\":630,\"height\":354},{\"@type\":\"BreadcrumbList\",\"@id\":\"https:\\\/\\\/fundacioncajaruraldelsur.com\\\/programa-cruz-guia-radio-sevilla-se-emite-desde-la-fundacion-caja-rural-del-sur-sevilla\\\/#breadcrumb\",\"itemListElement\":[{\"@type\":\"ListItem\",\"position\":1,\"name\":\"Portada\",\"item\":\"https:\\\/\\\/fundacioncajaruraldelsur.com\\\/\"},{\"@type\":\"ListItem\",\"position\":2,\"name\":\"El programa \u00abCruz de Gu\u00eda\u00bb de Radio Sevilla se emite desde la Fundaci\u00f3n Caja Rural del Sur-Sevilla\"}]},{\"@type\":\"WebSite\",\"@id\":\"https:\\\/\\\/fundacioncajaruraldelsur.com\\\/#website\",\"url\":\"https:\\\/\\\/fundacioncajaruraldelsur.com\\\/\",\"name\":\"Fundaci\u00f3n Caja Rural del Sur\",\"description\":\"\",\"potentialAction\":[{\"@type\":\"SearchAction\",\"target\":{\"@type\":\"EntryPoint\",\"urlTemplate\":\"https:\\\/\\\/fundacioncajaruraldelsur.com\\\/?s={search_term_string}\"},\"query-input\":{\"@type\":\"PropertyValueSpecification\",\"valueRequired\":true,\"valueName\":\"search_term_string\"}}],\"inLanguage\":\"pt-PT\"},{\"@type\":\"Person\",\"@id\":\"https:\\\/\\\/fundacioncajaruraldelsur.com\\\/#\\\/schema\\\/person\\\/f430da9fb783d505ff061ad8b3d44577\",\"name\":\"Comunicaci\u00f3n\",\"image\":{\"@type\":\"ImageObject\",\"inLanguage\":\"pt-PT\",\"@id\":\"https:\\\/\\\/secure.gravatar.com\\\/avatar\\\/0dca239875993680bac4603ad2de7942da018f52cc3a244578e0b3b09314a8d8?s=96&d=blank&r=g\",\"url\":\"https:\\\/\\\/secure.gravatar.com\\\/avatar\\\/0dca239875993680bac4603ad2de7942da018f52cc3a244578e0b3b09314a8d8?s=96&d=blank&r=g\",\"contentUrl\":\"https:\\\/\\\/secure.gravatar.com\\\/avatar\\\/0dca239875993680bac4603ad2de7942da018f52cc3a244578e0b3b09314a8d8?s=96&d=blank&r=g\",\"caption\":\"Comunicaci\u00f3n\"}}]}<\/script>\n<!-- \/ Yoast SEO plugin. -->","yoast_head_json":{"title":"El programa \"Cruz de Gu\u00eda\" de Radio Sevilla se emite desde la Fundaci\u00f3n Caja Rural del Sur-Sevilla - Fundaci\u00f3n Caja Rural del Sur","robots":{"index":"index","follow":"follow","max-snippet":"max-snippet:-1","max-image-preview":"max-image-preview:large","max-video-preview":"max-video-preview:-1"},"canonical":"https:\/\/fundacioncajaruraldelsur.com\/pt\/programa-cruz-guia-radio-sevilla-se-emite-desde-la-fundacion-caja-rural-del-sur-sevilla\/","og_locale":"pt_PT","og_type":"article","og_title":"El programa \"Cruz de Gu\u00eda\" de Radio Sevilla se emite desde la Fundaci\u00f3n Caja Rural del Sur-Sevilla - Fundaci\u00f3n Caja Rural del Sur","og_description":"Radio Sevilla (Cadena SER) ha realizado este pasado mi\u00e9rcoles su programa de Semana Santa \u00abCruz de Gu\u00eda\u00bb desde la sede de la Fundaci\u00f3n Caja Rural del Sur en Sevilla. En [&hellip;]","og_url":"https:\/\/fundacioncajaruraldelsur.com\/pt\/programa-cruz-guia-radio-sevilla-se-emite-desde-la-fundacion-caja-rural-del-sur-sevilla\/","og_site_name":"Fundaci\u00f3n Caja Rural del Sur","article_published_time":"2018-03-08T13:17:10+00:00","article_modified_time":"2018-03-08T17:32:55+00:00","og_image":[{"width":630,"height":354,"url":"https:\/\/fundacioncajaruraldelsur.com\/wp-content\/uploads\/2018\/03\/cruz-guia.jpg","type":"image\/jpeg"}],"author":"Comunicaci\u00f3n","twitter_card":"summary_large_image","twitter_misc":{"Written by":"Comunicaci\u00f3n","Est. reading time":"1 minute"},"schema":{"@context":"https:\/\/schema.org","@graph":[{"@type":"Article","@id":"https:\/\/fundacioncajaruraldelsur.com\/programa-cruz-guia-radio-sevilla-se-emite-desde-la-fundacion-caja-rural-del-sur-sevilla\/#article","isPartOf":{"@id":"https:\/\/fundacioncajaruraldelsur.com\/programa-cruz-guia-radio-sevilla-se-emite-desde-la-fundacion-caja-rural-del-sur-sevilla\/"},"author":{"name":"Comunicaci\u00f3n","@id":"https:\/\/fundacioncajaruraldelsur.com\/#\/schema\/person\/f430da9fb783d505ff061ad8b3d44577"},"headline":"El programa \u00abCruz de Gu\u00eda\u00bb de Radio Sevilla se emite desde la Fundaci\u00f3n Caja Rural del Sur-Sevilla","datePublished":"2018-03-08T13:17:10+00:00","dateModified":"2018-03-08T17:32:55+00:00","mainEntityOfPage":{"@id":"https:\/\/fundacioncajaruraldelsur.com\/programa-cruz-guia-radio-sevilla-se-emite-desde-la-fundacion-caja-rural-del-sur-sevilla\/"},"wordCount":185,"image":{"@id":"https:\/\/fundacioncajaruraldelsur.com\/programa-cruz-guia-radio-sevilla-se-emite-desde-la-fundacion-caja-rural-del-sur-sevilla\/#primaryimage"},"thumbnailUrl":"https:\/\/fundacioncajaruraldelsur.com\/wp-content\/uploads\/2018\/03\/cruz-guia.jpg","articleSection":["Actos"],"inLanguage":"pt-PT"},{"@type":"WebPage","@id":"https:\/\/fundacioncajaruraldelsur.com\/programa-cruz-guia-radio-sevilla-se-emite-desde-la-fundacion-caja-rural-del-sur-sevilla\/","url":"https:\/\/fundacioncajaruraldelsur.com\/programa-cruz-guia-radio-sevilla-se-emite-desde-la-fundacion-caja-rural-del-sur-sevilla\/","name":"El programa \"Cruz de Gu\u00eda\" de Radio Sevilla se emite desde la Fundaci\u00f3n Caja Rural del Sur-Sevilla - Fundaci\u00f3n Caja Rural del Sur","isPartOf":{"@id":"https:\/\/fundacioncajaruraldelsur.com\/#website"},"primaryImageOfPage":{"@id":"https:\/\/fundacioncajaruraldelsur.com\/programa-cruz-guia-radio-sevilla-se-emite-desde-la-fundacion-caja-rural-del-sur-sevilla\/#primaryimage"},"image":{"@id":"https:\/\/fundacioncajaruraldelsur.com\/programa-cruz-guia-radio-sevilla-se-emite-desde-la-fundacion-caja-rural-del-sur-sevilla\/#primaryimage"},"thumbnailUrl":"https:\/\/fundacioncajaruraldelsur.com\/wp-content\/uploads\/2018\/03\/cruz-guia.jpg","datePublished":"2018-03-08T13:17:10+00:00","dateModified":"2018-03-08T17:32:55+00:00","author":{"@id":"https:\/\/fundacioncajaruraldelsur.com\/#\/schema\/person\/f430da9fb783d505ff061ad8b3d44577"},"breadcrumb":{"@id":"https:\/\/fundacioncajaruraldelsur.com\/programa-cruz-guia-radio-sevilla-se-emite-desde-la-fundacion-caja-rural-del-sur-sevilla\/#breadcrumb"},"inLanguage":"pt-PT","potentialAction":[{"@type":"ReadAction","target":["https:\/\/fundacioncajaruraldelsur.com\/programa-cruz-guia-radio-sevilla-se-emite-desde-la-fundacion-caja-rural-del-sur-sevilla\/"]}]},{"@type":"ImageObject","inLanguage":"pt-PT","@id":"https:\/\/fundacioncajaruraldelsur.com\/programa-cruz-guia-radio-sevilla-se-emite-desde-la-fundacion-caja-rural-del-sur-sevilla\/#primaryimage","url":"https:\/\/fundacioncajaruraldelsur.com\/wp-content\/uploads\/2018\/03\/cruz-guia.jpg","contentUrl":"https:\/\/fundacioncajaruraldelsur.com\/wp-content\/uploads\/2018\/03\/cruz-guia.jpg","width":630,"height":354},{"@type":"BreadcrumbList","@id":"https:\/\/fundacioncajaruraldelsur.com\/programa-cruz-guia-radio-sevilla-se-emite-desde-la-fundacion-caja-rural-del-sur-sevilla\/#breadcrumb","itemListElement":[{"@type":"ListItem","position":1,"name":"Portada","item":"https:\/\/fundacioncajaruraldelsur.com\/"},{"@type":"ListItem","position":2,"name":"El programa \u00abCruz de Gu\u00eda\u00bb de Radio Sevilla se emite desde la Fundaci\u00f3n Caja Rural del Sur-Sevilla"}]},{"@type":"WebSite","@id":"https:\/\/fundacioncajaruraldelsur.com\/#website","url":"https:\/\/fundacioncajaruraldelsur.com\/","name":"Funda\u00e7\u00e3o Caja Rural del Sur","description":"","potentialAction":[{"@type":"SearchAction","target":{"@type":"EntryPoint","urlTemplate":"https:\/\/fundacioncajaruraldelsur.com\/?s={search_term_string}"},"query-input":{"@type":"PropertyValueSpecification","valueRequired":true,"valueName":"search_term_string"}}],"inLanguage":"pt-PT"},{"@type":"Person","@id":"https:\/\/fundacioncajaruraldelsur.com\/#\/schema\/person\/f430da9fb783d505ff061ad8b3d44577","name":"Comunicaci\u00f3n","image":{"@type":"ImageObject","inLanguage":"pt-PT","@id":"https:\/\/secure.gravatar.com\/avatar\/0dca239875993680bac4603ad2de7942da018f52cc3a244578e0b3b09314a8d8?s=96&d=blank&r=g","url":"https:\/\/secure.gravatar.com\/avatar\/0dca239875993680bac4603ad2de7942da018f52cc3a244578e0b3b09314a8d8?s=96&d=blank&r=g","contentUrl":"https:\/\/secure.gravatar.com\/avatar\/0dca239875993680bac4603ad2de7942da018f52cc3a244578e0b3b09314a8d8?s=96&d=blank&r=g","caption":"Comunicaci\u00f3n"}}]}},"rttpg_featured_image_url":{"full":["https:\/\/fundacioncajaruraldelsur.com\/wp-content\/uploads\/2018\/03\/cruz-guia.jpg",630,354,false],"landscape":["https:\/\/fundacioncajaruraldelsur.com\/wp-content\/uploads\/2018\/03\/cruz-guia.jpg",630,354,false],"portraits":["https:\/\/fundacioncajaruraldelsur.com\/wp-content\/uploads\/2018\/03\/cruz-guia.jpg",630,354,false],"thumbnail":["https:\/\/fundacioncajaruraldelsur.com\/wp-content\/uploads\/2018\/03\/cruz-guia-150x150.jpg",150,150,true],"medium":["https:\/\/fundacioncajaruraldelsur.com\/wp-content\/uploads\/2018\/03\/cruz-guia-300x169.jpg",300,169,true],"large":["https:\/\/fundacioncajaruraldelsur.com\/wp-content\/uploads\/2018\/03\/cruz-guia.jpg",630,354,false],"1536x1536":["https:\/\/fundacioncajaruraldelsur.com\/wp-content\/uploads\/2018\/03\/cruz-guia.jpg",630,354,false],"2048x2048":["https:\/\/fundacioncajaruraldelsur.com\/wp-content\/uploads\/2018\/03\/cruz-guia.jpg",630,354,false],"trp-custom-language-flag":["https:\/\/fundacioncajaruraldelsur.com\/wp-content\/uploads\/2018\/03\/cruz-guia.jpg",18,10,false],"blog-thumbnail":["https:\/\/fundacioncajaruraldelsur.com\/wp-content\/uploads\/2018\/03\/cruz-guia-400x200.jpg",400,200,true]},"rttpg_author":{"display_name":"Comunicaci\u00f3n","author_link":"https:\/\/fundacioncajaruraldelsur.com\/pt\/author\/sevillaadmin\/"},"rttpg_comment":0,"rttpg_category":"<a href=\"https:\/\/fundacioncajaruraldelsur.com\/pt\/category\/actos\/\" rel=\"category tag\">Actos<\/a>","rttpg_excerpt":"Radio Sevilla (Cadena SER) ha realizado este pasado mi\u00e9rcoles su programa de Semana Santa \u00abCruz de Gu\u00eda\u00bb desde la sede de la Fundaci\u00f3n Caja Rural del Sur en Sevilla. En [&hellip;]","_links":{"self":[{"href":"https:\/\/fundacioncajaruraldelsur.com\/pt\/wp-json\/wp\/v2\/posts\/3442","targetHints":{"allow":["GET"]}}],"collection":[{"href":"https:\/\/fundacioncajaruraldelsur.com\/pt\/wp-json\/wp\/v2\/posts"}],"about":[{"href":"https:\/\/fundacioncajaruraldelsur.com\/pt\/wp-json\/wp\/v2\/types\/post"}],"author":[{"embeddable":true,"href":"https:\/\/fundacioncajaruraldelsur.com\/pt\/wp-json\/wp\/v2\/users\/6"}],"replies":[{"embeddable":true,"href":"https:\/\/fundacioncajaruraldelsur.com\/pt\/wp-json\/wp\/v2\/comments?post=3442"}],"version-history":[{"count":2,"href":"https:\/\/fundacioncajaruraldelsur.com\/pt\/wp-json\/wp\/v2\/posts\/3442\/revisions"}],"predecessor-version":[{"id":3448,"href":"https:\/\/fundacioncajaruraldelsur.com\/pt\/wp-json\/wp\/v2\/posts\/3442\/revisions\/3448"}],"wp:featuredmedia":[{"embeddable":true,"href":"https:\/\/fundacioncajaruraldelsur.com\/pt\/wp-json\/wp\/v2\/media\/3443"}],"wp:attachment":[{"href":"https:\/\/fundacioncajaruraldelsur.com\/pt\/wp-json\/wp\/v2\/media?parent=3442"}],"wp:term":[{"taxonomy":"category","embeddable":true,"href":"https:\/\/fundacioncajaruraldelsur.com\/pt\/wp-json\/wp\/v2\/categories?post=3442"},{"taxonomy":"post_tag","embeddable":true,"href":"https:\/\/fundacioncajaruraldelsur.com\/pt\/wp-json\/wp\/v2\/tags?post=3442"}],"curies":[{"name":"wp","href":"https:\/\/api.w.org\/{rel}","templated":true}]}}