{"id":3413,"date":"2018-03-08T11:44:52","date_gmt":"2018-03-08T11:44:52","guid":{"rendered":"\/?p=3413"},"modified":"2018-03-08T15:41:54","modified_gmt":"2018-03-08T15:41:54","slug":"9-marzo-concierto-marta-santamaria-la-sede-la-fundacion-caja-rural-del-sur-huelva","status":"publish","type":"post","link":"https:\/\/fundacioncajaruraldelsur.com\/pt\/9-marzo-concierto-marta-santamaria-la-sede-la-fundacion-caja-rural-del-sur-huelva\/","title":{"rendered":"9 de marzo: La m\u00fasica brasile\u00f1a de Marta Santamar\u00eda este viernes en el ciclo \u2018M\u00fasica y otros ritmos\u2019 de Fundaci\u00f3n Caja Rural del Sur-Huelva"},"content":{"rendered":"<p>Fundaci\u00f3n Caja Rural del Sur, en colaboraci\u00f3n con M\u00fasica Fundamental, acoger\u00e1 este viernes en Huelva, dentro del ciclo \u2018M\u00fasicas y otros Ritmos\u2019, a Marta Santamar\u00eda con su cultura y m\u00fasica de Brasil. El concierto comienza a las 20:00 horas y la entrada es libre hasta cubrir el aforo del sal\u00f3n de actos.<\/p>\n<p>Marta Santamar\u00eda imparti\u00f3 clases de ballet y movimiento creativo para ni\u00f1os en Los \u00c1ngeles y empez\u00f3 cantando con la Orquesta de Jeff Chayette, para continuar con el guitarrista italiano, Alberto Dalpino, y en el 2000 decidi\u00f3 crear su propio grupo, llamado \u00abViagem\u00bb, con el bajista y arreglista de Rio de Janeiro Antonio de San&#8217;tanna. Desde entonces, han grabado tres discos, \u00abViajem\u00bb,\u00bbLa sirena\u00bb y \u00abDe vuelta a casa\u00bb. Marta Santamar\u00eda compone desde el 2000 sus canciones, inspiradas en la belleza y la intensidad de la vida que nos rodea, y el amor que necesitamos para mantenernos vivos. Canciones como \u00abElena\u00bb o \u00abEn un Beso\u00bb, son ejemplo de ese potencial creativo y original. Ha actuado en escenarios prestigiosos, dentro de la categor\u00eda de World Music, como el Skirball Cultural Center de Los \u00c1ngeles, o el Teatro Ricardo Montalvan de Hollywood, as\u00ed como en Festivales de todo el sur de California.<\/p>\n<p>El ciclo organizado por Fundaci\u00f3n Caja Rural del Sur y M\u00fasica Fundamental concluir\u00e1 en la pr\u00f3xima semana, el viernes 16 de marzo, con el fado de Sara.<\/p>\n<p>&nbsp;<\/p>\n<p>&nbsp;<\/p>\n<p>&nbsp;<\/p>\n<p>&nbsp;<\/p>\n<p>&nbsp;<\/p>\n<p>&nbsp;<\/p>\n<p>&nbsp;<\/p>\n<p>&nbsp;<\/p>","protected":false},"excerpt":{"rendered":"<p>Fundaci\u00f3n Caja Rural del Sur, en colaboraci\u00f3n con M\u00fasica Fundamental, acoger\u00e1 este viernes en Huelva, dentro del ciclo \u2018M\u00fasicas y otros Ritmos\u2019, a Marta Santamar\u00eda con su cultura y m\u00fasica [&hellip;]<\/p>\n","protected":false},"author":6,"featured_media":3414,"comment_status":"closed","ping_status":"open","sticky":false,"template":"","format":"standard","meta":{"footnotes":""},"categories":[75],"tags":[],"class_list":["post-3413","post","type-post","status-publish","format-standard","has-post-thumbnail","hentry","category-concierto"],"yoast_head":"<!-- This site is optimized with the Yoast SEO plugin v27.3 - https:\/\/yoast.com\/product\/yoast-seo-wordpress\/ -->\n<title>9 de marzo: La m\u00fasica brasile\u00f1a de Marta Santamar\u00eda este viernes en el ciclo \u2018M\u00fasica y otros ritmos\u2019 de Fundaci\u00f3n Caja Rural del Sur-Huelva - Fundaci\u00f3n Caja Rural del Sur<\/title>\n<meta name=\"robots\" content=\"index, follow, max-snippet:-1, max-image-preview:large, max-video-preview:-1\" \/>\n<link rel=\"canonical\" href=\"https:\/\/fundacioncajaruraldelsur.com\/pt\/9-marzo-concierto-marta-santamaria-la-sede-la-fundacion-caja-rural-del-sur-huelva\/\" \/>\n<meta property=\"og:locale\" content=\"pt_PT\" \/>\n<meta property=\"og:type\" content=\"article\" \/>\n<meta property=\"og:title\" content=\"9 de marzo: La m\u00fasica brasile\u00f1a de Marta Santamar\u00eda este viernes en el ciclo \u2018M\u00fasica y otros ritmos\u2019 de Fundaci\u00f3n Caja Rural del Sur-Huelva - Fundaci\u00f3n Caja Rural del Sur\" \/>\n<meta property=\"og:description\" content=\"Fundaci\u00f3n Caja Rural del Sur, en colaboraci\u00f3n con M\u00fasica Fundamental, acoger\u00e1 este viernes en Huelva, dentro del ciclo \u2018M\u00fasicas y otros Ritmos\u2019, a Marta Santamar\u00eda con su cultura y m\u00fasica [&hellip;]\" \/>\n<meta property=\"og:url\" content=\"https:\/\/fundacioncajaruraldelsur.com\/pt\/9-marzo-concierto-marta-santamaria-la-sede-la-fundacion-caja-rural-del-sur-huelva\/\" \/>\n<meta property=\"og:site_name\" content=\"Fundaci\u00f3n Caja Rural del Sur\" \/>\n<meta property=\"article:published_time\" content=\"2018-03-08T11:44:52+00:00\" \/>\n<meta property=\"article:modified_time\" content=\"2018-03-08T15:41:54+00:00\" \/>\n<meta property=\"og:image\" content=\"https:\/\/fundacioncajaruraldelsur.com\/wp-content\/uploads\/2018\/03\/marta-santamaria.jpg\" \/>\n\t<meta property=\"og:image:width\" content=\"727\" \/>\n\t<meta property=\"og:image:height\" content=\"484\" \/>\n\t<meta property=\"og:image:type\" content=\"image\/jpeg\" \/>\n<meta name=\"author\" content=\"Comunicaci\u00f3n\" \/>\n<meta name=\"twitter:card\" content=\"summary_large_image\" \/>\n<meta name=\"twitter:label1\" content=\"Written by\" \/>\n\t<meta name=\"twitter:data1\" content=\"Comunicaci\u00f3n\" \/>\n\t<meta name=\"twitter:label2\" content=\"Est. reading time\" \/>\n\t<meta name=\"twitter:data2\" content=\"1 minute\" \/>\n<script type=\"application\/ld+json\" class=\"yoast-schema-graph\">{\"@context\":\"https:\\\/\\\/schema.org\",\"@graph\":[{\"@type\":\"Article\",\"@id\":\"https:\\\/\\\/fundacioncajaruraldelsur.com\\\/9-marzo-concierto-marta-santamaria-la-sede-la-fundacion-caja-rural-del-sur-huelva\\\/#article\",\"isPartOf\":{\"@id\":\"https:\\\/\\\/fundacioncajaruraldelsur.com\\\/9-marzo-concierto-marta-santamaria-la-sede-la-fundacion-caja-rural-del-sur-huelva\\\/\"},\"author\":{\"name\":\"Comunicaci\u00f3n\",\"@id\":\"https:\\\/\\\/fundacioncajaruraldelsur.com\\\/#\\\/schema\\\/person\\\/f430da9fb783d505ff061ad8b3d44577\"},\"headline\":\"9 de marzo: La m\u00fasica brasile\u00f1a de Marta Santamar\u00eda este viernes en el ciclo \u2018M\u00fasica y otros ritmos\u2019 de Fundaci\u00f3n Caja Rural del Sur-Huelva\",\"datePublished\":\"2018-03-08T11:44:52+00:00\",\"dateModified\":\"2018-03-08T15:41:54+00:00\",\"mainEntityOfPage\":{\"@id\":\"https:\\\/\\\/fundacioncajaruraldelsur.com\\\/9-marzo-concierto-marta-santamaria-la-sede-la-fundacion-caja-rural-del-sur-huelva\\\/\"},\"wordCount\":275,\"image\":{\"@id\":\"https:\\\/\\\/fundacioncajaruraldelsur.com\\\/9-marzo-concierto-marta-santamaria-la-sede-la-fundacion-caja-rural-del-sur-huelva\\\/#primaryimage\"},\"thumbnailUrl\":\"https:\\\/\\\/fundacioncajaruraldelsur.com\\\/wp-content\\\/uploads\\\/2018\\\/03\\\/marta-santamaria.jpg\",\"articleSection\":[\"Concierto\"],\"inLanguage\":\"pt-PT\"},{\"@type\":\"WebPage\",\"@id\":\"https:\\\/\\\/fundacioncajaruraldelsur.com\\\/9-marzo-concierto-marta-santamaria-la-sede-la-fundacion-caja-rural-del-sur-huelva\\\/\",\"url\":\"https:\\\/\\\/fundacioncajaruraldelsur.com\\\/9-marzo-concierto-marta-santamaria-la-sede-la-fundacion-caja-rural-del-sur-huelva\\\/\",\"name\":\"9 de marzo: La m\u00fasica brasile\u00f1a de Marta Santamar\u00eda este viernes en el ciclo \u2018M\u00fasica y otros ritmos\u2019 de Fundaci\u00f3n Caja Rural del Sur-Huelva - Fundaci\u00f3n Caja Rural del Sur\",\"isPartOf\":{\"@id\":\"https:\\\/\\\/fundacioncajaruraldelsur.com\\\/#website\"},\"primaryImageOfPage\":{\"@id\":\"https:\\\/\\\/fundacioncajaruraldelsur.com\\\/9-marzo-concierto-marta-santamaria-la-sede-la-fundacion-caja-rural-del-sur-huelva\\\/#primaryimage\"},\"image\":{\"@id\":\"https:\\\/\\\/fundacioncajaruraldelsur.com\\\/9-marzo-concierto-marta-santamaria-la-sede-la-fundacion-caja-rural-del-sur-huelva\\\/#primaryimage\"},\"thumbnailUrl\":\"https:\\\/\\\/fundacioncajaruraldelsur.com\\\/wp-content\\\/uploads\\\/2018\\\/03\\\/marta-santamaria.jpg\",\"datePublished\":\"2018-03-08T11:44:52+00:00\",\"dateModified\":\"2018-03-08T15:41:54+00:00\",\"author\":{\"@id\":\"https:\\\/\\\/fundacioncajaruraldelsur.com\\\/#\\\/schema\\\/person\\\/f430da9fb783d505ff061ad8b3d44577\"},\"breadcrumb\":{\"@id\":\"https:\\\/\\\/fundacioncajaruraldelsur.com\\\/9-marzo-concierto-marta-santamaria-la-sede-la-fundacion-caja-rural-del-sur-huelva\\\/#breadcrumb\"},\"inLanguage\":\"pt-PT\",\"potentialAction\":[{\"@type\":\"ReadAction\",\"target\":[\"https:\\\/\\\/fundacioncajaruraldelsur.com\\\/9-marzo-concierto-marta-santamaria-la-sede-la-fundacion-caja-rural-del-sur-huelva\\\/\"]}]},{\"@type\":\"ImageObject\",\"inLanguage\":\"pt-PT\",\"@id\":\"https:\\\/\\\/fundacioncajaruraldelsur.com\\\/9-marzo-concierto-marta-santamaria-la-sede-la-fundacion-caja-rural-del-sur-huelva\\\/#primaryimage\",\"url\":\"https:\\\/\\\/fundacioncajaruraldelsur.com\\\/wp-content\\\/uploads\\\/2018\\\/03\\\/marta-santamaria.jpg\",\"contentUrl\":\"https:\\\/\\\/fundacioncajaruraldelsur.com\\\/wp-content\\\/uploads\\\/2018\\\/03\\\/marta-santamaria.jpg\",\"width\":727,\"height\":484},{\"@type\":\"BreadcrumbList\",\"@id\":\"https:\\\/\\\/fundacioncajaruraldelsur.com\\\/9-marzo-concierto-marta-santamaria-la-sede-la-fundacion-caja-rural-del-sur-huelva\\\/#breadcrumb\",\"itemListElement\":[{\"@type\":\"ListItem\",\"position\":1,\"name\":\"Portada\",\"item\":\"https:\\\/\\\/fundacioncajaruraldelsur.com\\\/\"},{\"@type\":\"ListItem\",\"position\":2,\"name\":\"9 de marzo: La m\u00fasica brasile\u00f1a de Marta Santamar\u00eda este viernes en el ciclo \u2018M\u00fasica y otros ritmos\u2019 de Fundaci\u00f3n Caja Rural del Sur-Huelva\"}]},{\"@type\":\"WebSite\",\"@id\":\"https:\\\/\\\/fundacioncajaruraldelsur.com\\\/#website\",\"url\":\"https:\\\/\\\/fundacioncajaruraldelsur.com\\\/\",\"name\":\"Fundaci\u00f3n Caja Rural del Sur\",\"description\":\"\",\"potentialAction\":[{\"@type\":\"SearchAction\",\"target\":{\"@type\":\"EntryPoint\",\"urlTemplate\":\"https:\\\/\\\/fundacioncajaruraldelsur.com\\\/?s={search_term_string}\"},\"query-input\":{\"@type\":\"PropertyValueSpecification\",\"valueRequired\":true,\"valueName\":\"search_term_string\"}}],\"inLanguage\":\"pt-PT\"},{\"@type\":\"Person\",\"@id\":\"https:\\\/\\\/fundacioncajaruraldelsur.com\\\/#\\\/schema\\\/person\\\/f430da9fb783d505ff061ad8b3d44577\",\"name\":\"Comunicaci\u00f3n\",\"image\":{\"@type\":\"ImageObject\",\"inLanguage\":\"pt-PT\",\"@id\":\"https:\\\/\\\/secure.gravatar.com\\\/avatar\\\/0dca239875993680bac4603ad2de7942da018f52cc3a244578e0b3b09314a8d8?s=96&d=blank&r=g\",\"url\":\"https:\\\/\\\/secure.gravatar.com\\\/avatar\\\/0dca239875993680bac4603ad2de7942da018f52cc3a244578e0b3b09314a8d8?s=96&d=blank&r=g\",\"contentUrl\":\"https:\\\/\\\/secure.gravatar.com\\\/avatar\\\/0dca239875993680bac4603ad2de7942da018f52cc3a244578e0b3b09314a8d8?s=96&d=blank&r=g\",\"caption\":\"Comunicaci\u00f3n\"}}]}<\/script>\n<!-- \/ Yoast SEO plugin. -->","yoast_head_json":{"title":"9 de marzo: La m\u00fasica brasile\u00f1a de Marta Santamar\u00eda este viernes en el ciclo \u2018M\u00fasica y otros ritmos\u2019 de Fundaci\u00f3n Caja Rural del Sur-Huelva - Fundaci\u00f3n Caja Rural del Sur","robots":{"index":"index","follow":"follow","max-snippet":"max-snippet:-1","max-image-preview":"max-image-preview:large","max-video-preview":"max-video-preview:-1"},"canonical":"https:\/\/fundacioncajaruraldelsur.com\/pt\/9-marzo-concierto-marta-santamaria-la-sede-la-fundacion-caja-rural-del-sur-huelva\/","og_locale":"pt_PT","og_type":"article","og_title":"9 de marzo: La m\u00fasica brasile\u00f1a de Marta Santamar\u00eda este viernes en el ciclo \u2018M\u00fasica y otros ritmos\u2019 de Fundaci\u00f3n Caja Rural del Sur-Huelva - Fundaci\u00f3n Caja Rural del Sur","og_description":"Fundaci\u00f3n Caja Rural del Sur, en colaboraci\u00f3n con M\u00fasica Fundamental, acoger\u00e1 este viernes en Huelva, dentro del ciclo \u2018M\u00fasicas y otros Ritmos\u2019, a Marta Santamar\u00eda con su cultura y m\u00fasica [&hellip;]","og_url":"https:\/\/fundacioncajaruraldelsur.com\/pt\/9-marzo-concierto-marta-santamaria-la-sede-la-fundacion-caja-rural-del-sur-huelva\/","og_site_name":"Fundaci\u00f3n Caja Rural del Sur","article_published_time":"2018-03-08T11:44:52+00:00","article_modified_time":"2018-03-08T15:41:54+00:00","og_image":[{"width":727,"height":484,"url":"https:\/\/fundacioncajaruraldelsur.com\/wp-content\/uploads\/2018\/03\/marta-santamaria.jpg","type":"image\/jpeg"}],"author":"Comunicaci\u00f3n","twitter_card":"summary_large_image","twitter_misc":{"Written by":"Comunicaci\u00f3n","Est. reading time":"1 minute"},"schema":{"@context":"https:\/\/schema.org","@graph":[{"@type":"Article","@id":"https:\/\/fundacioncajaruraldelsur.com\/9-marzo-concierto-marta-santamaria-la-sede-la-fundacion-caja-rural-del-sur-huelva\/#article","isPartOf":{"@id":"https:\/\/fundacioncajaruraldelsur.com\/9-marzo-concierto-marta-santamaria-la-sede-la-fundacion-caja-rural-del-sur-huelva\/"},"author":{"name":"Comunicaci\u00f3n","@id":"https:\/\/fundacioncajaruraldelsur.com\/#\/schema\/person\/f430da9fb783d505ff061ad8b3d44577"},"headline":"9 de marzo: La m\u00fasica brasile\u00f1a de Marta Santamar\u00eda este viernes en el ciclo \u2018M\u00fasica y otros ritmos\u2019 de Fundaci\u00f3n Caja Rural del Sur-Huelva","datePublished":"2018-03-08T11:44:52+00:00","dateModified":"2018-03-08T15:41:54+00:00","mainEntityOfPage":{"@id":"https:\/\/fundacioncajaruraldelsur.com\/9-marzo-concierto-marta-santamaria-la-sede-la-fundacion-caja-rural-del-sur-huelva\/"},"wordCount":275,"image":{"@id":"https:\/\/fundacioncajaruraldelsur.com\/9-marzo-concierto-marta-santamaria-la-sede-la-fundacion-caja-rural-del-sur-huelva\/#primaryimage"},"thumbnailUrl":"https:\/\/fundacioncajaruraldelsur.com\/wp-content\/uploads\/2018\/03\/marta-santamaria.jpg","articleSection":["Concierto"],"inLanguage":"pt-PT"},{"@type":"WebPage","@id":"https:\/\/fundacioncajaruraldelsur.com\/9-marzo-concierto-marta-santamaria-la-sede-la-fundacion-caja-rural-del-sur-huelva\/","url":"https:\/\/fundacioncajaruraldelsur.com\/9-marzo-concierto-marta-santamaria-la-sede-la-fundacion-caja-rural-del-sur-huelva\/","name":"9 de marzo: La m\u00fasica brasile\u00f1a de Marta Santamar\u00eda este viernes en el ciclo \u2018M\u00fasica y otros ritmos\u2019 de Fundaci\u00f3n Caja Rural del Sur-Huelva - Fundaci\u00f3n Caja Rural del Sur","isPartOf":{"@id":"https:\/\/fundacioncajaruraldelsur.com\/#website"},"primaryImageOfPage":{"@id":"https:\/\/fundacioncajaruraldelsur.com\/9-marzo-concierto-marta-santamaria-la-sede-la-fundacion-caja-rural-del-sur-huelva\/#primaryimage"},"image":{"@id":"https:\/\/fundacioncajaruraldelsur.com\/9-marzo-concierto-marta-santamaria-la-sede-la-fundacion-caja-rural-del-sur-huelva\/#primaryimage"},"thumbnailUrl":"https:\/\/fundacioncajaruraldelsur.com\/wp-content\/uploads\/2018\/03\/marta-santamaria.jpg","datePublished":"2018-03-08T11:44:52+00:00","dateModified":"2018-03-08T15:41:54+00:00","author":{"@id":"https:\/\/fundacioncajaruraldelsur.com\/#\/schema\/person\/f430da9fb783d505ff061ad8b3d44577"},"breadcrumb":{"@id":"https:\/\/fundacioncajaruraldelsur.com\/9-marzo-concierto-marta-santamaria-la-sede-la-fundacion-caja-rural-del-sur-huelva\/#breadcrumb"},"inLanguage":"pt-PT","potentialAction":[{"@type":"ReadAction","target":["https:\/\/fundacioncajaruraldelsur.com\/9-marzo-concierto-marta-santamaria-la-sede-la-fundacion-caja-rural-del-sur-huelva\/"]}]},{"@type":"ImageObject","inLanguage":"pt-PT","@id":"https:\/\/fundacioncajaruraldelsur.com\/9-marzo-concierto-marta-santamaria-la-sede-la-fundacion-caja-rural-del-sur-huelva\/#primaryimage","url":"https:\/\/fundacioncajaruraldelsur.com\/wp-content\/uploads\/2018\/03\/marta-santamaria.jpg","contentUrl":"https:\/\/fundacioncajaruraldelsur.com\/wp-content\/uploads\/2018\/03\/marta-santamaria.jpg","width":727,"height":484},{"@type":"BreadcrumbList","@id":"https:\/\/fundacioncajaruraldelsur.com\/9-marzo-concierto-marta-santamaria-la-sede-la-fundacion-caja-rural-del-sur-huelva\/#breadcrumb","itemListElement":[{"@type":"ListItem","position":1,"name":"Portada","item":"https:\/\/fundacioncajaruraldelsur.com\/"},{"@type":"ListItem","position":2,"name":"9 de marzo: La m\u00fasica brasile\u00f1a de Marta Santamar\u00eda este viernes en el ciclo \u2018M\u00fasica y otros ritmos\u2019 de Fundaci\u00f3n Caja Rural del Sur-Huelva"}]},{"@type":"WebSite","@id":"https:\/\/fundacioncajaruraldelsur.com\/#website","url":"https:\/\/fundacioncajaruraldelsur.com\/","name":"Funda\u00e7\u00e3o Caja Rural del Sur","description":"","potentialAction":[{"@type":"SearchAction","target":{"@type":"EntryPoint","urlTemplate":"https:\/\/fundacioncajaruraldelsur.com\/?s={search_term_string}"},"query-input":{"@type":"PropertyValueSpecification","valueRequired":true,"valueName":"search_term_string"}}],"inLanguage":"pt-PT"},{"@type":"Person","@id":"https:\/\/fundacioncajaruraldelsur.com\/#\/schema\/person\/f430da9fb783d505ff061ad8b3d44577","name":"Comunicaci\u00f3n","image":{"@type":"ImageObject","inLanguage":"pt-PT","@id":"https:\/\/secure.gravatar.com\/avatar\/0dca239875993680bac4603ad2de7942da018f52cc3a244578e0b3b09314a8d8?s=96&d=blank&r=g","url":"https:\/\/secure.gravatar.com\/avatar\/0dca239875993680bac4603ad2de7942da018f52cc3a244578e0b3b09314a8d8?s=96&d=blank&r=g","contentUrl":"https:\/\/secure.gravatar.com\/avatar\/0dca239875993680bac4603ad2de7942da018f52cc3a244578e0b3b09314a8d8?s=96&d=blank&r=g","caption":"Comunicaci\u00f3n"}}]}},"rttpg_featured_image_url":{"full":["https:\/\/fundacioncajaruraldelsur.com\/wp-content\/uploads\/2018\/03\/marta-santamaria.jpg",727,484,false],"landscape":["https:\/\/fundacioncajaruraldelsur.com\/wp-content\/uploads\/2018\/03\/marta-santamaria.jpg",727,484,false],"portraits":["https:\/\/fundacioncajaruraldelsur.com\/wp-content\/uploads\/2018\/03\/marta-santamaria.jpg",727,484,false],"thumbnail":["https:\/\/fundacioncajaruraldelsur.com\/wp-content\/uploads\/2018\/03\/marta-santamaria-150x150.jpg",150,150,true],"medium":["https:\/\/fundacioncajaruraldelsur.com\/wp-content\/uploads\/2018\/03\/marta-santamaria-300x200.jpg",300,200,true],"large":["https:\/\/fundacioncajaruraldelsur.com\/wp-content\/uploads\/2018\/03\/marta-santamaria.jpg",727,484,false],"1536x1536":["https:\/\/fundacioncajaruraldelsur.com\/wp-content\/uploads\/2018\/03\/marta-santamaria.jpg",727,484,false],"2048x2048":["https:\/\/fundacioncajaruraldelsur.com\/wp-content\/uploads\/2018\/03\/marta-santamaria.jpg",727,484,false],"trp-custom-language-flag":["https:\/\/fundacioncajaruraldelsur.com\/wp-content\/uploads\/2018\/03\/marta-santamaria.jpg",18,12,false],"blog-thumbnail":["https:\/\/fundacioncajaruraldelsur.com\/wp-content\/uploads\/2018\/03\/marta-santamaria-400x200.jpg",400,200,true]},"rttpg_author":{"display_name":"Comunicaci\u00f3n","author_link":"https:\/\/fundacioncajaruraldelsur.com\/pt\/author\/sevillaadmin\/"},"rttpg_comment":0,"rttpg_category":"<a href=\"https:\/\/fundacioncajaruraldelsur.com\/pt\/category\/concierto\/\" rel=\"category tag\">Concierto<\/a>","rttpg_excerpt":"Fundaci\u00f3n Caja Rural del Sur, en colaboraci\u00f3n con M\u00fasica Fundamental, acoger\u00e1 este viernes en Huelva, dentro del ciclo \u2018M\u00fasicas y otros Ritmos\u2019, a Marta Santamar\u00eda con su cultura y m\u00fasica [&hellip;]","_links":{"self":[{"href":"https:\/\/fundacioncajaruraldelsur.com\/pt\/wp-json\/wp\/v2\/posts\/3413","targetHints":{"allow":["GET"]}}],"collection":[{"href":"https:\/\/fundacioncajaruraldelsur.com\/pt\/wp-json\/wp\/v2\/posts"}],"about":[{"href":"https:\/\/fundacioncajaruraldelsur.com\/pt\/wp-json\/wp\/v2\/types\/post"}],"author":[{"embeddable":true,"href":"https:\/\/fundacioncajaruraldelsur.com\/pt\/wp-json\/wp\/v2\/users\/6"}],"replies":[{"embeddable":true,"href":"https:\/\/fundacioncajaruraldelsur.com\/pt\/wp-json\/wp\/v2\/comments?post=3413"}],"version-history":[{"count":3,"href":"https:\/\/fundacioncajaruraldelsur.com\/pt\/wp-json\/wp\/v2\/posts\/3413\/revisions"}],"predecessor-version":[{"id":3447,"href":"https:\/\/fundacioncajaruraldelsur.com\/pt\/wp-json\/wp\/v2\/posts\/3413\/revisions\/3447"}],"wp:featuredmedia":[{"embeddable":true,"href":"https:\/\/fundacioncajaruraldelsur.com\/pt\/wp-json\/wp\/v2\/media\/3414"}],"wp:attachment":[{"href":"https:\/\/fundacioncajaruraldelsur.com\/pt\/wp-json\/wp\/v2\/media?parent=3413"}],"wp:term":[{"taxonomy":"category","embeddable":true,"href":"https:\/\/fundacioncajaruraldelsur.com\/pt\/wp-json\/wp\/v2\/categories?post=3413"},{"taxonomy":"post_tag","embeddable":true,"href":"https:\/\/fundacioncajaruraldelsur.com\/pt\/wp-json\/wp\/v2\/tags?post=3413"}],"curies":[{"name":"wp","href":"https:\/\/api.w.org\/{rel}","templated":true}]}}