{"id":3403,"date":"2018-02-26T17:36:54","date_gmt":"2018-02-26T17:36:54","guid":{"rendered":"\/?p=3403"},"modified":"2018-03-08T21:21:54","modified_gmt":"2018-03-08T21:21:54","slug":"comienza-la-exposicion-murillo-dos-pinceles-los-artistas-gonzalo-sanchez-manuel-magdaleno-fundacion-caja-rural-del-sur","status":"publish","type":"post","link":"https:\/\/fundacioncajaruraldelsur.com\/pt\/comienza-la-exposicion-murillo-dos-pinceles-los-artistas-gonzalo-sanchez-manuel-magdaleno-fundacion-caja-rural-del-sur\/","title":{"rendered":"Exposici\u00f3n \u201cMurillo a dos pinceles\u201d de los artistas Gonzalo S\u00e1nchez y Manuel Magdaleno en Fundaci\u00f3n Caja Rural del Sur"},"content":{"rendered":"<p class=\"x_x_MsoNormal\">La sala de exposiciones de Fundaci\u00f3n Caja Rural del Sur en Sevilla acoge desde este martes, 27 de febrero, hasta el 16 de marzo, la muestra \u201cMurillo a dos pinceles\u201d, en la que los reconocidos artistas Manuel Magdaleno y Gonzalo S\u00e1nchez Bernal, ofrecen una reinterpretaci\u00f3n de una serie de obras del gran pintor sevillano.<\/p>\n<p class=\"x_x_MsoNormal\">De modo original, los dos pintores reinterpretan obras del pintor sevillano Bartolom\u00e9 Esteban Murillo, como la Sagrada Familia del Pajarito, el Joven Mendigo o el Ecce Homo a trav\u00e9s de sus pinceles.<\/p>\n<p class=\"x_x_MsoNormal\">En la exposici\u00f3n, los dos pintores de la localidad sevillana de Pilas, muestran dos estilos muy diferentes cercanos al hiperrealismo de Gonzalo S\u00e1nchez, hasta el m\u00e1s pr\u00f3ximo a la figuraci\u00f3n de la obra de Manuel Magdaleno.<\/p>\n<p class=\"x_x_MsoNormal\">La muestra se puede visitar en Sala de exposiciones Fundaci\u00f3n Caja Rural del Sur. C\/ Murillo, 2, de Sevilla, en horario de 11:00 a 14:00 horas y de 19:00 a 21:00 horas.<\/p>","protected":false},"excerpt":{"rendered":"<p>La sala de exposiciones de Fundaci\u00f3n Caja Rural del Sur en Sevilla acoge desde este martes, 27 de febrero, hasta el 16 de marzo, la muestra \u201cMurillo a dos pinceles\u201d, [&hellip;]<\/p>\n","protected":false},"author":6,"featured_media":3449,"comment_status":"closed","ping_status":"open","sticky":false,"template":"","format":"standard","meta":{"footnotes":""},"categories":[82],"tags":[],"class_list":["post-3403","post","type-post","status-publish","format-standard","has-post-thumbnail","hentry","category-exposiciones"],"yoast_head":"<!-- This site is optimized with the Yoast SEO plugin v27.3 - https:\/\/yoast.com\/product\/yoast-seo-wordpress\/ -->\n<title>Exposici\u00f3n \u201cMurillo a dos pinceles\u201d de los artistas Gonzalo S\u00e1nchez y Manuel Magdaleno en Fundaci\u00f3n Caja Rural del Sur - Fundaci\u00f3n Caja Rural del Sur<\/title>\n<meta name=\"robots\" content=\"index, follow, max-snippet:-1, max-image-preview:large, max-video-preview:-1\" \/>\n<link rel=\"canonical\" href=\"https:\/\/fundacioncajaruraldelsur.com\/pt\/comienza-la-exposicion-murillo-dos-pinceles-los-artistas-gonzalo-sanchez-manuel-magdaleno-fundacion-caja-rural-del-sur\/\" \/>\n<meta property=\"og:locale\" content=\"pt_PT\" \/>\n<meta property=\"og:type\" content=\"article\" \/>\n<meta property=\"og:title\" content=\"Exposici\u00f3n \u201cMurillo a dos pinceles\u201d de los artistas Gonzalo S\u00e1nchez y Manuel Magdaleno en Fundaci\u00f3n Caja Rural del Sur - Fundaci\u00f3n Caja Rural del Sur\" \/>\n<meta property=\"og:description\" content=\"La sala de exposiciones de Fundaci\u00f3n Caja Rural del Sur en Sevilla acoge desde este martes, 27 de febrero, hasta el 16 de marzo, la muestra \u201cMurillo a dos pinceles\u201d, [&hellip;]\" \/>\n<meta property=\"og:url\" content=\"https:\/\/fundacioncajaruraldelsur.com\/pt\/comienza-la-exposicion-murillo-dos-pinceles-los-artistas-gonzalo-sanchez-manuel-magdaleno-fundacion-caja-rural-del-sur\/\" \/>\n<meta property=\"og:site_name\" content=\"Fundaci\u00f3n Caja Rural del Sur\" \/>\n<meta property=\"article:published_time\" content=\"2018-02-26T17:36:54+00:00\" \/>\n<meta property=\"article:modified_time\" content=\"2018-03-08T21:21:54+00:00\" \/>\n<meta property=\"og:image\" content=\"https:\/\/fundacioncajaruraldelsur.com\/wp-content\/uploads\/2018\/02\/murillo.png\" \/>\n\t<meta property=\"og:image:width\" content=\"587\" \/>\n\t<meta property=\"og:image:height\" content=\"432\" \/>\n\t<meta property=\"og:image:type\" content=\"image\/png\" \/>\n<meta name=\"author\" content=\"Comunicaci\u00f3n\" \/>\n<meta name=\"twitter:card\" content=\"summary_large_image\" \/>\n<meta name=\"twitter:label1\" content=\"Written by\" \/>\n\t<meta name=\"twitter:data1\" content=\"Comunicaci\u00f3n\" \/>\n\t<meta name=\"twitter:label2\" content=\"Est. reading time\" \/>\n\t<meta name=\"twitter:data2\" content=\"1 minute\" \/>\n<script type=\"application\/ld+json\" class=\"yoast-schema-graph\">{\"@context\":\"https:\\\/\\\/schema.org\",\"@graph\":[{\"@type\":\"Article\",\"@id\":\"https:\\\/\\\/fundacioncajaruraldelsur.com\\\/comienza-la-exposicion-murillo-dos-pinceles-los-artistas-gonzalo-sanchez-manuel-magdaleno-fundacion-caja-rural-del-sur\\\/#article\",\"isPartOf\":{\"@id\":\"https:\\\/\\\/fundacioncajaruraldelsur.com\\\/comienza-la-exposicion-murillo-dos-pinceles-los-artistas-gonzalo-sanchez-manuel-magdaleno-fundacion-caja-rural-del-sur\\\/\"},\"author\":{\"name\":\"Comunicaci\u00f3n\",\"@id\":\"https:\\\/\\\/fundacioncajaruraldelsur.com\\\/#\\\/schema\\\/person\\\/f430da9fb783d505ff061ad8b3d44577\"},\"headline\":\"Exposici\u00f3n \u201cMurillo a dos pinceles\u201d de los artistas Gonzalo S\u00e1nchez y Manuel Magdaleno en Fundaci\u00f3n Caja Rural del Sur\",\"datePublished\":\"2018-02-26T17:36:54+00:00\",\"dateModified\":\"2018-03-08T21:21:54+00:00\",\"mainEntityOfPage\":{\"@id\":\"https:\\\/\\\/fundacioncajaruraldelsur.com\\\/comienza-la-exposicion-murillo-dos-pinceles-los-artistas-gonzalo-sanchez-manuel-magdaleno-fundacion-caja-rural-del-sur\\\/\"},\"wordCount\":179,\"image\":{\"@id\":\"https:\\\/\\\/fundacioncajaruraldelsur.com\\\/comienza-la-exposicion-murillo-dos-pinceles-los-artistas-gonzalo-sanchez-manuel-magdaleno-fundacion-caja-rural-del-sur\\\/#primaryimage\"},\"thumbnailUrl\":\"https:\\\/\\\/fundacioncajaruraldelsur.com\\\/wp-content\\\/uploads\\\/2018\\\/02\\\/murillo.png\",\"articleSection\":[\"Exposiciones\"],\"inLanguage\":\"pt-PT\"},{\"@type\":\"WebPage\",\"@id\":\"https:\\\/\\\/fundacioncajaruraldelsur.com\\\/comienza-la-exposicion-murillo-dos-pinceles-los-artistas-gonzalo-sanchez-manuel-magdaleno-fundacion-caja-rural-del-sur\\\/\",\"url\":\"https:\\\/\\\/fundacioncajaruraldelsur.com\\\/comienza-la-exposicion-murillo-dos-pinceles-los-artistas-gonzalo-sanchez-manuel-magdaleno-fundacion-caja-rural-del-sur\\\/\",\"name\":\"Exposici\u00f3n \u201cMurillo a dos pinceles\u201d de los artistas Gonzalo S\u00e1nchez y Manuel Magdaleno en Fundaci\u00f3n Caja Rural del Sur - Fundaci\u00f3n Caja Rural del Sur\",\"isPartOf\":{\"@id\":\"https:\\\/\\\/fundacioncajaruraldelsur.com\\\/#website\"},\"primaryImageOfPage\":{\"@id\":\"https:\\\/\\\/fundacioncajaruraldelsur.com\\\/comienza-la-exposicion-murillo-dos-pinceles-los-artistas-gonzalo-sanchez-manuel-magdaleno-fundacion-caja-rural-del-sur\\\/#primaryimage\"},\"image\":{\"@id\":\"https:\\\/\\\/fundacioncajaruraldelsur.com\\\/comienza-la-exposicion-murillo-dos-pinceles-los-artistas-gonzalo-sanchez-manuel-magdaleno-fundacion-caja-rural-del-sur\\\/#primaryimage\"},\"thumbnailUrl\":\"https:\\\/\\\/fundacioncajaruraldelsur.com\\\/wp-content\\\/uploads\\\/2018\\\/02\\\/murillo.png\",\"datePublished\":\"2018-02-26T17:36:54+00:00\",\"dateModified\":\"2018-03-08T21:21:54+00:00\",\"author\":{\"@id\":\"https:\\\/\\\/fundacioncajaruraldelsur.com\\\/#\\\/schema\\\/person\\\/f430da9fb783d505ff061ad8b3d44577\"},\"breadcrumb\":{\"@id\":\"https:\\\/\\\/fundacioncajaruraldelsur.com\\\/comienza-la-exposicion-murillo-dos-pinceles-los-artistas-gonzalo-sanchez-manuel-magdaleno-fundacion-caja-rural-del-sur\\\/#breadcrumb\"},\"inLanguage\":\"pt-PT\",\"potentialAction\":[{\"@type\":\"ReadAction\",\"target\":[\"https:\\\/\\\/fundacioncajaruraldelsur.com\\\/comienza-la-exposicion-murillo-dos-pinceles-los-artistas-gonzalo-sanchez-manuel-magdaleno-fundacion-caja-rural-del-sur\\\/\"]}]},{\"@type\":\"ImageObject\",\"inLanguage\":\"pt-PT\",\"@id\":\"https:\\\/\\\/fundacioncajaruraldelsur.com\\\/comienza-la-exposicion-murillo-dos-pinceles-los-artistas-gonzalo-sanchez-manuel-magdaleno-fundacion-caja-rural-del-sur\\\/#primaryimage\",\"url\":\"https:\\\/\\\/fundacioncajaruraldelsur.com\\\/wp-content\\\/uploads\\\/2018\\\/02\\\/murillo.png\",\"contentUrl\":\"https:\\\/\\\/fundacioncajaruraldelsur.com\\\/wp-content\\\/uploads\\\/2018\\\/02\\\/murillo.png\",\"width\":587,\"height\":432},{\"@type\":\"BreadcrumbList\",\"@id\":\"https:\\\/\\\/fundacioncajaruraldelsur.com\\\/comienza-la-exposicion-murillo-dos-pinceles-los-artistas-gonzalo-sanchez-manuel-magdaleno-fundacion-caja-rural-del-sur\\\/#breadcrumb\",\"itemListElement\":[{\"@type\":\"ListItem\",\"position\":1,\"name\":\"Portada\",\"item\":\"https:\\\/\\\/fundacioncajaruraldelsur.com\\\/\"},{\"@type\":\"ListItem\",\"position\":2,\"name\":\"Exposici\u00f3n \u201cMurillo a dos pinceles\u201d de los artistas Gonzalo S\u00e1nchez y Manuel Magdaleno en Fundaci\u00f3n Caja Rural del Sur\"}]},{\"@type\":\"WebSite\",\"@id\":\"https:\\\/\\\/fundacioncajaruraldelsur.com\\\/#website\",\"url\":\"https:\\\/\\\/fundacioncajaruraldelsur.com\\\/\",\"name\":\"Fundaci\u00f3n Caja Rural del Sur\",\"description\":\"\",\"potentialAction\":[{\"@type\":\"SearchAction\",\"target\":{\"@type\":\"EntryPoint\",\"urlTemplate\":\"https:\\\/\\\/fundacioncajaruraldelsur.com\\\/?s={search_term_string}\"},\"query-input\":{\"@type\":\"PropertyValueSpecification\",\"valueRequired\":true,\"valueName\":\"search_term_string\"}}],\"inLanguage\":\"pt-PT\"},{\"@type\":\"Person\",\"@id\":\"https:\\\/\\\/fundacioncajaruraldelsur.com\\\/#\\\/schema\\\/person\\\/f430da9fb783d505ff061ad8b3d44577\",\"name\":\"Comunicaci\u00f3n\",\"image\":{\"@type\":\"ImageObject\",\"inLanguage\":\"pt-PT\",\"@id\":\"https:\\\/\\\/secure.gravatar.com\\\/avatar\\\/0dca239875993680bac4603ad2de7942da018f52cc3a244578e0b3b09314a8d8?s=96&d=blank&r=g\",\"url\":\"https:\\\/\\\/secure.gravatar.com\\\/avatar\\\/0dca239875993680bac4603ad2de7942da018f52cc3a244578e0b3b09314a8d8?s=96&d=blank&r=g\",\"contentUrl\":\"https:\\\/\\\/secure.gravatar.com\\\/avatar\\\/0dca239875993680bac4603ad2de7942da018f52cc3a244578e0b3b09314a8d8?s=96&d=blank&r=g\",\"caption\":\"Comunicaci\u00f3n\"}}]}<\/script>\n<!-- \/ Yoast SEO plugin. -->","yoast_head_json":{"title":"Exposici\u00f3n \u201cMurillo a dos pinceles\u201d de los artistas Gonzalo S\u00e1nchez y Manuel Magdaleno en Fundaci\u00f3n Caja Rural del Sur - Fundaci\u00f3n Caja Rural del Sur","robots":{"index":"index","follow":"follow","max-snippet":"max-snippet:-1","max-image-preview":"max-image-preview:large","max-video-preview":"max-video-preview:-1"},"canonical":"https:\/\/fundacioncajaruraldelsur.com\/pt\/comienza-la-exposicion-murillo-dos-pinceles-los-artistas-gonzalo-sanchez-manuel-magdaleno-fundacion-caja-rural-del-sur\/","og_locale":"pt_PT","og_type":"article","og_title":"Exposici\u00f3n \u201cMurillo a dos pinceles\u201d de los artistas Gonzalo S\u00e1nchez y Manuel Magdaleno en Fundaci\u00f3n Caja Rural del Sur - Fundaci\u00f3n Caja Rural del Sur","og_description":"La sala de exposiciones de Fundaci\u00f3n Caja Rural del Sur en Sevilla acoge desde este martes, 27 de febrero, hasta el 16 de marzo, la muestra \u201cMurillo a dos pinceles\u201d, [&hellip;]","og_url":"https:\/\/fundacioncajaruraldelsur.com\/pt\/comienza-la-exposicion-murillo-dos-pinceles-los-artistas-gonzalo-sanchez-manuel-magdaleno-fundacion-caja-rural-del-sur\/","og_site_name":"Fundaci\u00f3n Caja Rural del Sur","article_published_time":"2018-02-26T17:36:54+00:00","article_modified_time":"2018-03-08T21:21:54+00:00","og_image":[{"width":587,"height":432,"url":"https:\/\/fundacioncajaruraldelsur.com\/wp-content\/uploads\/2018\/02\/murillo.png","type":"image\/png"}],"author":"Comunicaci\u00f3n","twitter_card":"summary_large_image","twitter_misc":{"Written by":"Comunicaci\u00f3n","Est. reading time":"1 minute"},"schema":{"@context":"https:\/\/schema.org","@graph":[{"@type":"Article","@id":"https:\/\/fundacioncajaruraldelsur.com\/comienza-la-exposicion-murillo-dos-pinceles-los-artistas-gonzalo-sanchez-manuel-magdaleno-fundacion-caja-rural-del-sur\/#article","isPartOf":{"@id":"https:\/\/fundacioncajaruraldelsur.com\/comienza-la-exposicion-murillo-dos-pinceles-los-artistas-gonzalo-sanchez-manuel-magdaleno-fundacion-caja-rural-del-sur\/"},"author":{"name":"Comunicaci\u00f3n","@id":"https:\/\/fundacioncajaruraldelsur.com\/#\/schema\/person\/f430da9fb783d505ff061ad8b3d44577"},"headline":"Exposici\u00f3n \u201cMurillo a dos pinceles\u201d de los artistas Gonzalo S\u00e1nchez y Manuel Magdaleno en Fundaci\u00f3n Caja Rural del Sur","datePublished":"2018-02-26T17:36:54+00:00","dateModified":"2018-03-08T21:21:54+00:00","mainEntityOfPage":{"@id":"https:\/\/fundacioncajaruraldelsur.com\/comienza-la-exposicion-murillo-dos-pinceles-los-artistas-gonzalo-sanchez-manuel-magdaleno-fundacion-caja-rural-del-sur\/"},"wordCount":179,"image":{"@id":"https:\/\/fundacioncajaruraldelsur.com\/comienza-la-exposicion-murillo-dos-pinceles-los-artistas-gonzalo-sanchez-manuel-magdaleno-fundacion-caja-rural-del-sur\/#primaryimage"},"thumbnailUrl":"https:\/\/fundacioncajaruraldelsur.com\/wp-content\/uploads\/2018\/02\/murillo.png","articleSection":["Exposiciones"],"inLanguage":"pt-PT"},{"@type":"WebPage","@id":"https:\/\/fundacioncajaruraldelsur.com\/comienza-la-exposicion-murillo-dos-pinceles-los-artistas-gonzalo-sanchez-manuel-magdaleno-fundacion-caja-rural-del-sur\/","url":"https:\/\/fundacioncajaruraldelsur.com\/comienza-la-exposicion-murillo-dos-pinceles-los-artistas-gonzalo-sanchez-manuel-magdaleno-fundacion-caja-rural-del-sur\/","name":"Exposici\u00f3n \u201cMurillo a dos pinceles\u201d de los artistas Gonzalo S\u00e1nchez y Manuel Magdaleno en Fundaci\u00f3n Caja Rural del Sur - Fundaci\u00f3n Caja Rural del Sur","isPartOf":{"@id":"https:\/\/fundacioncajaruraldelsur.com\/#website"},"primaryImageOfPage":{"@id":"https:\/\/fundacioncajaruraldelsur.com\/comienza-la-exposicion-murillo-dos-pinceles-los-artistas-gonzalo-sanchez-manuel-magdaleno-fundacion-caja-rural-del-sur\/#primaryimage"},"image":{"@id":"https:\/\/fundacioncajaruraldelsur.com\/comienza-la-exposicion-murillo-dos-pinceles-los-artistas-gonzalo-sanchez-manuel-magdaleno-fundacion-caja-rural-del-sur\/#primaryimage"},"thumbnailUrl":"https:\/\/fundacioncajaruraldelsur.com\/wp-content\/uploads\/2018\/02\/murillo.png","datePublished":"2018-02-26T17:36:54+00:00","dateModified":"2018-03-08T21:21:54+00:00","author":{"@id":"https:\/\/fundacioncajaruraldelsur.com\/#\/schema\/person\/f430da9fb783d505ff061ad8b3d44577"},"breadcrumb":{"@id":"https:\/\/fundacioncajaruraldelsur.com\/comienza-la-exposicion-murillo-dos-pinceles-los-artistas-gonzalo-sanchez-manuel-magdaleno-fundacion-caja-rural-del-sur\/#breadcrumb"},"inLanguage":"pt-PT","potentialAction":[{"@type":"ReadAction","target":["https:\/\/fundacioncajaruraldelsur.com\/comienza-la-exposicion-murillo-dos-pinceles-los-artistas-gonzalo-sanchez-manuel-magdaleno-fundacion-caja-rural-del-sur\/"]}]},{"@type":"ImageObject","inLanguage":"pt-PT","@id":"https:\/\/fundacioncajaruraldelsur.com\/comienza-la-exposicion-murillo-dos-pinceles-los-artistas-gonzalo-sanchez-manuel-magdaleno-fundacion-caja-rural-del-sur\/#primaryimage","url":"https:\/\/fundacioncajaruraldelsur.com\/wp-content\/uploads\/2018\/02\/murillo.png","contentUrl":"https:\/\/fundacioncajaruraldelsur.com\/wp-content\/uploads\/2018\/02\/murillo.png","width":587,"height":432},{"@type":"BreadcrumbList","@id":"https:\/\/fundacioncajaruraldelsur.com\/comienza-la-exposicion-murillo-dos-pinceles-los-artistas-gonzalo-sanchez-manuel-magdaleno-fundacion-caja-rural-del-sur\/#breadcrumb","itemListElement":[{"@type":"ListItem","position":1,"name":"Portada","item":"https:\/\/fundacioncajaruraldelsur.com\/"},{"@type":"ListItem","position":2,"name":"Exposici\u00f3n \u201cMurillo a dos pinceles\u201d de los artistas Gonzalo S\u00e1nchez y Manuel Magdaleno en Fundaci\u00f3n Caja Rural del Sur"}]},{"@type":"WebSite","@id":"https:\/\/fundacioncajaruraldelsur.com\/#website","url":"https:\/\/fundacioncajaruraldelsur.com\/","name":"Funda\u00e7\u00e3o Caja Rural del Sur","description":"","potentialAction":[{"@type":"SearchAction","target":{"@type":"EntryPoint","urlTemplate":"https:\/\/fundacioncajaruraldelsur.com\/?s={search_term_string}"},"query-input":{"@type":"PropertyValueSpecification","valueRequired":true,"valueName":"search_term_string"}}],"inLanguage":"pt-PT"},{"@type":"Person","@id":"https:\/\/fundacioncajaruraldelsur.com\/#\/schema\/person\/f430da9fb783d505ff061ad8b3d44577","name":"Comunicaci\u00f3n","image":{"@type":"ImageObject","inLanguage":"pt-PT","@id":"https:\/\/secure.gravatar.com\/avatar\/0dca239875993680bac4603ad2de7942da018f52cc3a244578e0b3b09314a8d8?s=96&d=blank&r=g","url":"https:\/\/secure.gravatar.com\/avatar\/0dca239875993680bac4603ad2de7942da018f52cc3a244578e0b3b09314a8d8?s=96&d=blank&r=g","contentUrl":"https:\/\/secure.gravatar.com\/avatar\/0dca239875993680bac4603ad2de7942da018f52cc3a244578e0b3b09314a8d8?s=96&d=blank&r=g","caption":"Comunicaci\u00f3n"}}]}},"rttpg_featured_image_url":{"full":["https:\/\/fundacioncajaruraldelsur.com\/wp-content\/uploads\/2018\/02\/murillo.png",587,432,false],"landscape":["https:\/\/fundacioncajaruraldelsur.com\/wp-content\/uploads\/2018\/02\/murillo.png",587,432,false],"portraits":["https:\/\/fundacioncajaruraldelsur.com\/wp-content\/uploads\/2018\/02\/murillo.png",587,432,false],"thumbnail":["https:\/\/fundacioncajaruraldelsur.com\/wp-content\/uploads\/2018\/02\/murillo-150x150.png",150,150,true],"medium":["https:\/\/fundacioncajaruraldelsur.com\/wp-content\/uploads\/2018\/02\/murillo-300x221.png",300,221,true],"large":["https:\/\/fundacioncajaruraldelsur.com\/wp-content\/uploads\/2018\/02\/murillo.png",587,432,false],"1536x1536":["https:\/\/fundacioncajaruraldelsur.com\/wp-content\/uploads\/2018\/02\/murillo.png",587,432,false],"2048x2048":["https:\/\/fundacioncajaruraldelsur.com\/wp-content\/uploads\/2018\/02\/murillo.png",587,432,false],"trp-custom-language-flag":["https:\/\/fundacioncajaruraldelsur.com\/wp-content\/uploads\/2018\/02\/murillo.png",16,12,false],"blog-thumbnail":["https:\/\/fundacioncajaruraldelsur.com\/wp-content\/uploads\/2018\/02\/murillo-400x200.png",400,200,true]},"rttpg_author":{"display_name":"Comunicaci\u00f3n","author_link":"https:\/\/fundacioncajaruraldelsur.com\/pt\/author\/sevillaadmin\/"},"rttpg_comment":0,"rttpg_category":"<a href=\"https:\/\/fundacioncajaruraldelsur.com\/pt\/category\/exposiciones\/\" rel=\"category tag\">Exposiciones<\/a>","rttpg_excerpt":"La sala de exposiciones de Fundaci\u00f3n Caja Rural del Sur en Sevilla acoge desde este martes, 27 de febrero, hasta el 16 de marzo, la muestra \u201cMurillo a dos pinceles\u201d, [&hellip;]","_links":{"self":[{"href":"https:\/\/fundacioncajaruraldelsur.com\/pt\/wp-json\/wp\/v2\/posts\/3403","targetHints":{"allow":["GET"]}}],"collection":[{"href":"https:\/\/fundacioncajaruraldelsur.com\/pt\/wp-json\/wp\/v2\/posts"}],"about":[{"href":"https:\/\/fundacioncajaruraldelsur.com\/pt\/wp-json\/wp\/v2\/types\/post"}],"author":[{"embeddable":true,"href":"https:\/\/fundacioncajaruraldelsur.com\/pt\/wp-json\/wp\/v2\/users\/6"}],"replies":[{"embeddable":true,"href":"https:\/\/fundacioncajaruraldelsur.com\/pt\/wp-json\/wp\/v2\/comments?post=3403"}],"version-history":[{"count":4,"href":"https:\/\/fundacioncajaruraldelsur.com\/pt\/wp-json\/wp\/v2\/posts\/3403\/revisions"}],"predecessor-version":[{"id":3450,"href":"https:\/\/fundacioncajaruraldelsur.com\/pt\/wp-json\/wp\/v2\/posts\/3403\/revisions\/3450"}],"wp:featuredmedia":[{"embeddable":true,"href":"https:\/\/fundacioncajaruraldelsur.com\/pt\/wp-json\/wp\/v2\/media\/3449"}],"wp:attachment":[{"href":"https:\/\/fundacioncajaruraldelsur.com\/pt\/wp-json\/wp\/v2\/media?parent=3403"}],"wp:term":[{"taxonomy":"category","embeddable":true,"href":"https:\/\/fundacioncajaruraldelsur.com\/pt\/wp-json\/wp\/v2\/categories?post=3403"},{"taxonomy":"post_tag","embeddable":true,"href":"https:\/\/fundacioncajaruraldelsur.com\/pt\/wp-json\/wp\/v2\/tags?post=3403"}],"curies":[{"name":"wp","href":"https:\/\/api.w.org\/{rel}","templated":true}]}}