{"id":3372,"date":"2018-02-12T15:35:57","date_gmt":"2018-02-12T15:35:57","guid":{"rendered":"\/?p=3372"},"modified":"2018-02-13T21:45:39","modified_gmt":"2018-02-13T21:45:39","slug":"presidente-la-fundacion-caja-rural-del-sur-distinguido-acto-del-40-aniversario-asaja-sevilla","status":"publish","type":"post","link":"https:\/\/fundacioncajaruraldelsur.com\/pt\/presidente-la-fundacion-caja-rural-del-sur-distinguido-acto-del-40-aniversario-asaja-sevilla\/","title":{"rendered":"El presidente de la Fundaci\u00f3n Caja Rural del Sur distinguido en el acto del 40 aniversario de Asaja Sevilla"},"content":{"rendered":"<p>ASAJA-Sevilla ha distinguido hoy de forma especial a t\u00edtulo personal al presidente de la Fundaci\u00f3n Caja Rural del Sur Jos\u00e9 Luis Garc\u00eda-Palacios, por su impulso de la organizaci\u00f3n agraria y su permanente apoyo a la misma durante sus a\u00f1os de historia, en el acto de su 40 aniversario celebrado en Sevilla.El presidente de la Fundaci\u00f3n Caja Rural del Sur, distinguido en el 40 aniversario de Asaja-Sevilla<\/p>\n<p>Jos\u00e9 Luis Garc\u00eda Palacios, presidente de Fundaci\u00f3n Caja Rural del Sur, ha agradecido este reconocimiento de la asociaci\u00f3n agraria y ha recordado su activa participaci\u00f3n tanto en Asaja Andaluc\u00eda como Asaja Huelva, desde la constituci\u00f3n de las primeras organizaciones empresariales en los a\u00f1os de la transici\u00f3n democr\u00e1tica.<\/p>\n<p>Bajo el lema \u201c40 a\u00f1os manteniendo el campo, 40 a\u00f1os manteniendo vida\u201d Asaja Sevilla ha celebrado esta efem\u00e9ride con la colaboraci\u00f3n de Caja Rural del Sur y su Fundaci\u00f3n, evento en el que estuvieron presentes por parte de Caja Rural del Sur, su presidente, Jos\u00e9 Luis Garc\u00eda-Palacios \u00c1lvarez, el vicepresidente, Ricardo L\u00f3pez Crespo, y Jos\u00e9 Mar\u00eda Loring, secretario general del Consejo de la entidad, adem\u00e1s del presidente de la Fundaci\u00f3n Caja Rural del Sur, Jos\u00e9 Luis Garc\u00eda Palacios, homenajeado en el acto.<\/p>\n<p><a href=\"\/wp-content\/uploads\/2018\/02\/ASAJA-GARCIA-PALACIOS.jpg\" rel=\"lightbox-0\"><img loading=\"lazy\" decoding=\"async\" class=\"aligncenter wp-image-3373 size-full\" src=\"\/wp-content\/uploads\/2018\/02\/ASAJA-GARCIA-PALACIOS.jpg\" alt=\"\" width=\"777\" height=\"582\" srcset=\"https:\/\/fundacioncajaruraldelsur.com\/wp-content\/uploads\/2018\/02\/ASAJA-GARCIA-PALACIOS.jpg 777w, https:\/\/fundacioncajaruraldelsur.com\/wp-content\/uploads\/2018\/02\/ASAJA-GARCIA-PALACIOS-300x225.jpg 300w, https:\/\/fundacioncajaruraldelsur.com\/wp-content\/uploads\/2018\/02\/ASAJA-GARCIA-PALACIOS-768x575.jpg 768w\" sizes=\"auto, (max-width: 777px) 100vw, 777px\" \/><\/a><\/p>\n<p>Los agricultores y ganaderos sevillanos asistentes pudieron escuchar en el acto conmemorativo al comisario europeo de Agricultura y Desarrollo Rural de la Uni\u00f3n Europea, Phil Hogan, a la ministra de Agricultura y Pesca, Alimentaci\u00f3n y Medio Ambiente, Isabel Garc\u00eda Tejerina, y a la presidenta de la Junta de Andaluc\u00eda, Susana D\u00edaz.<\/p>\n<p>El discurso de apertura de este acto, estuvo a cargo de la presidenta de la Junta de Andaluc\u00eda, Susana D\u00edaz. Tras su intervenci\u00f3n tom\u00f3 la palabra la ministra de Agricultura y Pesca, Alimentaci\u00f3n y Medio Ambiente, Isabel Garc\u00eda Tejerina, quien present\u00f3 al comisario europeo de Agricultura y Desarrollo Rural, Phil Hogan.<\/p>\n<p>Hogan durante su intervenci\u00f3n destac\u00f3 las propuestas que se han hecho desde la organizaci\u00f3n agraria en relaci\u00f3n con la reforma de la PAC a partir de 2020, y en que la trasladar\u00e1 al resto de comisarios comunitarios en los pr\u00f3ximos encuentros en los que se discuta sobre la financiaci\u00f3n europea. As\u00ed, Hogan ha recordado que el pr\u00f3ximo mes de mayo habr\u00e1 que definir c\u00f3mo va quedar la financiaci\u00f3n de presupuesto europeo tras la salida del Reino Unido de la Uni\u00f3n Europea (UE), que supondr\u00e1 dejar de recibir 12.000 millones de euros.<\/p>\n<p>&nbsp;<\/p>","protected":false},"excerpt":{"rendered":"<p>ASAJA-Sevilla ha distinguido hoy de forma especial a t\u00edtulo personal al presidente de la Fundaci\u00f3n Caja Rural del Sur Jos\u00e9 Luis Garc\u00eda-Palacios, por su impulso de la organizaci\u00f3n agraria y [&hellip;]<\/p>\n","protected":false},"author":6,"featured_media":3375,"comment_status":"closed","ping_status":"open","sticky":false,"template":"","format":"standard","meta":{"footnotes":""},"categories":[65],"tags":[],"class_list":["post-3372","post","type-post","status-publish","format-standard","has-post-thumbnail","hentry","category-homenajes"],"yoast_head":"<!-- This site is optimized with the Yoast SEO plugin v27.3 - https:\/\/yoast.com\/product\/yoast-seo-wordpress\/ -->\n<title>El presidente de la Fundaci\u00f3n Caja Rural del Sur distinguido en el acto del 40 aniversario de Asaja Sevilla - Fundaci\u00f3n Caja Rural del Sur<\/title>\n<meta name=\"robots\" content=\"index, follow, max-snippet:-1, max-image-preview:large, max-video-preview:-1\" \/>\n<link rel=\"canonical\" href=\"https:\/\/fundacioncajaruraldelsur.com\/pt\/presidente-la-fundacion-caja-rural-del-sur-distinguido-acto-del-40-aniversario-asaja-sevilla\/\" \/>\n<meta property=\"og:locale\" content=\"pt_PT\" \/>\n<meta property=\"og:type\" content=\"article\" \/>\n<meta property=\"og:title\" content=\"El presidente de la Fundaci\u00f3n Caja Rural del Sur distinguido en el acto del 40 aniversario de Asaja Sevilla - Fundaci\u00f3n Caja Rural del Sur\" \/>\n<meta property=\"og:description\" content=\"ASAJA-Sevilla ha distinguido hoy de forma especial a t\u00edtulo personal al presidente de la Fundaci\u00f3n Caja Rural del Sur Jos\u00e9 Luis Garc\u00eda-Palacios, por su impulso de la organizaci\u00f3n agraria y [&hellip;]\" \/>\n<meta property=\"og:url\" content=\"https:\/\/fundacioncajaruraldelsur.com\/pt\/presidente-la-fundacion-caja-rural-del-sur-distinguido-acto-del-40-aniversario-asaja-sevilla\/\" \/>\n<meta property=\"og:site_name\" content=\"Fundaci\u00f3n Caja Rural del Sur\" \/>\n<meta property=\"article:published_time\" content=\"2018-02-12T15:35:57+00:00\" \/>\n<meta property=\"article:modified_time\" content=\"2018-02-13T21:45:39+00:00\" \/>\n<meta property=\"og:image\" content=\"https:\/\/fundacioncajaruraldelsur.com\/wp-content\/uploads\/2018\/02\/premio4.jpg\" \/>\n\t<meta property=\"og:image:width\" content=\"777\" \/>\n\t<meta property=\"og:image:height\" content=\"518\" \/>\n\t<meta property=\"og:image:type\" content=\"image\/jpeg\" \/>\n<meta name=\"author\" content=\"Comunicaci\u00f3n\" \/>\n<meta name=\"twitter:card\" content=\"summary_large_image\" \/>\n<meta name=\"twitter:label1\" content=\"Written by\" \/>\n\t<meta name=\"twitter:data1\" content=\"Comunicaci\u00f3n\" \/>\n\t<meta name=\"twitter:label2\" content=\"Est. reading time\" \/>\n\t<meta name=\"twitter:data2\" content=\"2 minutes\" \/>\n<script type=\"application\/ld+json\" class=\"yoast-schema-graph\">{\"@context\":\"https:\\\/\\\/schema.org\",\"@graph\":[{\"@type\":\"Article\",\"@id\":\"https:\\\/\\\/fundacioncajaruraldelsur.com\\\/presidente-la-fundacion-caja-rural-del-sur-distinguido-acto-del-40-aniversario-asaja-sevilla\\\/#article\",\"isPartOf\":{\"@id\":\"https:\\\/\\\/fundacioncajaruraldelsur.com\\\/presidente-la-fundacion-caja-rural-del-sur-distinguido-acto-del-40-aniversario-asaja-sevilla\\\/\"},\"author\":{\"name\":\"Comunicaci\u00f3n\",\"@id\":\"https:\\\/\\\/fundacioncajaruraldelsur.com\\\/#\\\/schema\\\/person\\\/f430da9fb783d505ff061ad8b3d44577\"},\"headline\":\"El presidente de la Fundaci\u00f3n Caja Rural del Sur distinguido en el acto del 40 aniversario de Asaja Sevilla\",\"datePublished\":\"2018-02-12T15:35:57+00:00\",\"dateModified\":\"2018-02-13T21:45:39+00:00\",\"mainEntityOfPage\":{\"@id\":\"https:\\\/\\\/fundacioncajaruraldelsur.com\\\/presidente-la-fundacion-caja-rural-del-sur-distinguido-acto-del-40-aniversario-asaja-sevilla\\\/\"},\"wordCount\":448,\"image\":{\"@id\":\"https:\\\/\\\/fundacioncajaruraldelsur.com\\\/presidente-la-fundacion-caja-rural-del-sur-distinguido-acto-del-40-aniversario-asaja-sevilla\\\/#primaryimage\"},\"thumbnailUrl\":\"https:\\\/\\\/fundacioncajaruraldelsur.com\\\/wp-content\\\/uploads\\\/2018\\\/02\\\/premio4.jpg\",\"articleSection\":[\"Homenajes\"],\"inLanguage\":\"pt-PT\"},{\"@type\":\"WebPage\",\"@id\":\"https:\\\/\\\/fundacioncajaruraldelsur.com\\\/presidente-la-fundacion-caja-rural-del-sur-distinguido-acto-del-40-aniversario-asaja-sevilla\\\/\",\"url\":\"https:\\\/\\\/fundacioncajaruraldelsur.com\\\/presidente-la-fundacion-caja-rural-del-sur-distinguido-acto-del-40-aniversario-asaja-sevilla\\\/\",\"name\":\"El presidente de la Fundaci\u00f3n Caja Rural del Sur distinguido en el acto del 40 aniversario de Asaja Sevilla - Fundaci\u00f3n Caja Rural del Sur\",\"isPartOf\":{\"@id\":\"https:\\\/\\\/fundacioncajaruraldelsur.com\\\/#website\"},\"primaryImageOfPage\":{\"@id\":\"https:\\\/\\\/fundacioncajaruraldelsur.com\\\/presidente-la-fundacion-caja-rural-del-sur-distinguido-acto-del-40-aniversario-asaja-sevilla\\\/#primaryimage\"},\"image\":{\"@id\":\"https:\\\/\\\/fundacioncajaruraldelsur.com\\\/presidente-la-fundacion-caja-rural-del-sur-distinguido-acto-del-40-aniversario-asaja-sevilla\\\/#primaryimage\"},\"thumbnailUrl\":\"https:\\\/\\\/fundacioncajaruraldelsur.com\\\/wp-content\\\/uploads\\\/2018\\\/02\\\/premio4.jpg\",\"datePublished\":\"2018-02-12T15:35:57+00:00\",\"dateModified\":\"2018-02-13T21:45:39+00:00\",\"author\":{\"@id\":\"https:\\\/\\\/fundacioncajaruraldelsur.com\\\/#\\\/schema\\\/person\\\/f430da9fb783d505ff061ad8b3d44577\"},\"breadcrumb\":{\"@id\":\"https:\\\/\\\/fundacioncajaruraldelsur.com\\\/presidente-la-fundacion-caja-rural-del-sur-distinguido-acto-del-40-aniversario-asaja-sevilla\\\/#breadcrumb\"},\"inLanguage\":\"pt-PT\",\"potentialAction\":[{\"@type\":\"ReadAction\",\"target\":[\"https:\\\/\\\/fundacioncajaruraldelsur.com\\\/presidente-la-fundacion-caja-rural-del-sur-distinguido-acto-del-40-aniversario-asaja-sevilla\\\/\"]}]},{\"@type\":\"ImageObject\",\"inLanguage\":\"pt-PT\",\"@id\":\"https:\\\/\\\/fundacioncajaruraldelsur.com\\\/presidente-la-fundacion-caja-rural-del-sur-distinguido-acto-del-40-aniversario-asaja-sevilla\\\/#primaryimage\",\"url\":\"https:\\\/\\\/fundacioncajaruraldelsur.com\\\/wp-content\\\/uploads\\\/2018\\\/02\\\/premio4.jpg\",\"contentUrl\":\"https:\\\/\\\/fundacioncajaruraldelsur.com\\\/wp-content\\\/uploads\\\/2018\\\/02\\\/premio4.jpg\",\"width\":777,\"height\":518},{\"@type\":\"BreadcrumbList\",\"@id\":\"https:\\\/\\\/fundacioncajaruraldelsur.com\\\/presidente-la-fundacion-caja-rural-del-sur-distinguido-acto-del-40-aniversario-asaja-sevilla\\\/#breadcrumb\",\"itemListElement\":[{\"@type\":\"ListItem\",\"position\":1,\"name\":\"Portada\",\"item\":\"https:\\\/\\\/fundacioncajaruraldelsur.com\\\/\"},{\"@type\":\"ListItem\",\"position\":2,\"name\":\"El presidente de la Fundaci\u00f3n Caja Rural del Sur distinguido en el acto del 40 aniversario de Asaja Sevilla\"}]},{\"@type\":\"WebSite\",\"@id\":\"https:\\\/\\\/fundacioncajaruraldelsur.com\\\/#website\",\"url\":\"https:\\\/\\\/fundacioncajaruraldelsur.com\\\/\",\"name\":\"Fundaci\u00f3n Caja Rural del Sur\",\"description\":\"\",\"potentialAction\":[{\"@type\":\"SearchAction\",\"target\":{\"@type\":\"EntryPoint\",\"urlTemplate\":\"https:\\\/\\\/fundacioncajaruraldelsur.com\\\/?s={search_term_string}\"},\"query-input\":{\"@type\":\"PropertyValueSpecification\",\"valueRequired\":true,\"valueName\":\"search_term_string\"}}],\"inLanguage\":\"pt-PT\"},{\"@type\":\"Person\",\"@id\":\"https:\\\/\\\/fundacioncajaruraldelsur.com\\\/#\\\/schema\\\/person\\\/f430da9fb783d505ff061ad8b3d44577\",\"name\":\"Comunicaci\u00f3n\",\"image\":{\"@type\":\"ImageObject\",\"inLanguage\":\"pt-PT\",\"@id\":\"https:\\\/\\\/secure.gravatar.com\\\/avatar\\\/0dca239875993680bac4603ad2de7942da018f52cc3a244578e0b3b09314a8d8?s=96&d=blank&r=g\",\"url\":\"https:\\\/\\\/secure.gravatar.com\\\/avatar\\\/0dca239875993680bac4603ad2de7942da018f52cc3a244578e0b3b09314a8d8?s=96&d=blank&r=g\",\"contentUrl\":\"https:\\\/\\\/secure.gravatar.com\\\/avatar\\\/0dca239875993680bac4603ad2de7942da018f52cc3a244578e0b3b09314a8d8?s=96&d=blank&r=g\",\"caption\":\"Comunicaci\u00f3n\"}}]}<\/script>\n<!-- \/ Yoast SEO plugin. -->","yoast_head_json":{"title":"El presidente de la Fundaci\u00f3n Caja Rural del Sur distinguido en el acto del 40 aniversario de Asaja Sevilla - Fundaci\u00f3n Caja Rural del Sur","robots":{"index":"index","follow":"follow","max-snippet":"max-snippet:-1","max-image-preview":"max-image-preview:large","max-video-preview":"max-video-preview:-1"},"canonical":"https:\/\/fundacioncajaruraldelsur.com\/pt\/presidente-la-fundacion-caja-rural-del-sur-distinguido-acto-del-40-aniversario-asaja-sevilla\/","og_locale":"pt_PT","og_type":"article","og_title":"El presidente de la Fundaci\u00f3n Caja Rural del Sur distinguido en el acto del 40 aniversario de Asaja Sevilla - Fundaci\u00f3n Caja Rural del Sur","og_description":"ASAJA-Sevilla ha distinguido hoy de forma especial a t\u00edtulo personal al presidente de la Fundaci\u00f3n Caja Rural del Sur Jos\u00e9 Luis Garc\u00eda-Palacios, por su impulso de la organizaci\u00f3n agraria y [&hellip;]","og_url":"https:\/\/fundacioncajaruraldelsur.com\/pt\/presidente-la-fundacion-caja-rural-del-sur-distinguido-acto-del-40-aniversario-asaja-sevilla\/","og_site_name":"Fundaci\u00f3n Caja Rural del Sur","article_published_time":"2018-02-12T15:35:57+00:00","article_modified_time":"2018-02-13T21:45:39+00:00","og_image":[{"width":777,"height":518,"url":"https:\/\/fundacioncajaruraldelsur.com\/wp-content\/uploads\/2018\/02\/premio4.jpg","type":"image\/jpeg"}],"author":"Comunicaci\u00f3n","twitter_card":"summary_large_image","twitter_misc":{"Written by":"Comunicaci\u00f3n","Est. reading time":"2 minutes"},"schema":{"@context":"https:\/\/schema.org","@graph":[{"@type":"Article","@id":"https:\/\/fundacioncajaruraldelsur.com\/presidente-la-fundacion-caja-rural-del-sur-distinguido-acto-del-40-aniversario-asaja-sevilla\/#article","isPartOf":{"@id":"https:\/\/fundacioncajaruraldelsur.com\/presidente-la-fundacion-caja-rural-del-sur-distinguido-acto-del-40-aniversario-asaja-sevilla\/"},"author":{"name":"Comunicaci\u00f3n","@id":"https:\/\/fundacioncajaruraldelsur.com\/#\/schema\/person\/f430da9fb783d505ff061ad8b3d44577"},"headline":"El presidente de la Fundaci\u00f3n Caja Rural del Sur distinguido en el acto del 40 aniversario de Asaja Sevilla","datePublished":"2018-02-12T15:35:57+00:00","dateModified":"2018-02-13T21:45:39+00:00","mainEntityOfPage":{"@id":"https:\/\/fundacioncajaruraldelsur.com\/presidente-la-fundacion-caja-rural-del-sur-distinguido-acto-del-40-aniversario-asaja-sevilla\/"},"wordCount":448,"image":{"@id":"https:\/\/fundacioncajaruraldelsur.com\/presidente-la-fundacion-caja-rural-del-sur-distinguido-acto-del-40-aniversario-asaja-sevilla\/#primaryimage"},"thumbnailUrl":"https:\/\/fundacioncajaruraldelsur.com\/wp-content\/uploads\/2018\/02\/premio4.jpg","articleSection":["Homenajes"],"inLanguage":"pt-PT"},{"@type":"WebPage","@id":"https:\/\/fundacioncajaruraldelsur.com\/presidente-la-fundacion-caja-rural-del-sur-distinguido-acto-del-40-aniversario-asaja-sevilla\/","url":"https:\/\/fundacioncajaruraldelsur.com\/presidente-la-fundacion-caja-rural-del-sur-distinguido-acto-del-40-aniversario-asaja-sevilla\/","name":"El presidente de la Fundaci\u00f3n Caja Rural del Sur distinguido en el acto del 40 aniversario de Asaja Sevilla - Fundaci\u00f3n Caja Rural del Sur","isPartOf":{"@id":"https:\/\/fundacioncajaruraldelsur.com\/#website"},"primaryImageOfPage":{"@id":"https:\/\/fundacioncajaruraldelsur.com\/presidente-la-fundacion-caja-rural-del-sur-distinguido-acto-del-40-aniversario-asaja-sevilla\/#primaryimage"},"image":{"@id":"https:\/\/fundacioncajaruraldelsur.com\/presidente-la-fundacion-caja-rural-del-sur-distinguido-acto-del-40-aniversario-asaja-sevilla\/#primaryimage"},"thumbnailUrl":"https:\/\/fundacioncajaruraldelsur.com\/wp-content\/uploads\/2018\/02\/premio4.jpg","datePublished":"2018-02-12T15:35:57+00:00","dateModified":"2018-02-13T21:45:39+00:00","author":{"@id":"https:\/\/fundacioncajaruraldelsur.com\/#\/schema\/person\/f430da9fb783d505ff061ad8b3d44577"},"breadcrumb":{"@id":"https:\/\/fundacioncajaruraldelsur.com\/presidente-la-fundacion-caja-rural-del-sur-distinguido-acto-del-40-aniversario-asaja-sevilla\/#breadcrumb"},"inLanguage":"pt-PT","potentialAction":[{"@type":"ReadAction","target":["https:\/\/fundacioncajaruraldelsur.com\/presidente-la-fundacion-caja-rural-del-sur-distinguido-acto-del-40-aniversario-asaja-sevilla\/"]}]},{"@type":"ImageObject","inLanguage":"pt-PT","@id":"https:\/\/fundacioncajaruraldelsur.com\/presidente-la-fundacion-caja-rural-del-sur-distinguido-acto-del-40-aniversario-asaja-sevilla\/#primaryimage","url":"https:\/\/fundacioncajaruraldelsur.com\/wp-content\/uploads\/2018\/02\/premio4.jpg","contentUrl":"https:\/\/fundacioncajaruraldelsur.com\/wp-content\/uploads\/2018\/02\/premio4.jpg","width":777,"height":518},{"@type":"BreadcrumbList","@id":"https:\/\/fundacioncajaruraldelsur.com\/presidente-la-fundacion-caja-rural-del-sur-distinguido-acto-del-40-aniversario-asaja-sevilla\/#breadcrumb","itemListElement":[{"@type":"ListItem","position":1,"name":"Portada","item":"https:\/\/fundacioncajaruraldelsur.com\/"},{"@type":"ListItem","position":2,"name":"El presidente de la Fundaci\u00f3n Caja Rural del Sur distinguido en el acto del 40 aniversario de Asaja Sevilla"}]},{"@type":"WebSite","@id":"https:\/\/fundacioncajaruraldelsur.com\/#website","url":"https:\/\/fundacioncajaruraldelsur.com\/","name":"Funda\u00e7\u00e3o Caja Rural del Sur","description":"","potentialAction":[{"@type":"SearchAction","target":{"@type":"EntryPoint","urlTemplate":"https:\/\/fundacioncajaruraldelsur.com\/?s={search_term_string}"},"query-input":{"@type":"PropertyValueSpecification","valueRequired":true,"valueName":"search_term_string"}}],"inLanguage":"pt-PT"},{"@type":"Person","@id":"https:\/\/fundacioncajaruraldelsur.com\/#\/schema\/person\/f430da9fb783d505ff061ad8b3d44577","name":"Comunicaci\u00f3n","image":{"@type":"ImageObject","inLanguage":"pt-PT","@id":"https:\/\/secure.gravatar.com\/avatar\/0dca239875993680bac4603ad2de7942da018f52cc3a244578e0b3b09314a8d8?s=96&d=blank&r=g","url":"https:\/\/secure.gravatar.com\/avatar\/0dca239875993680bac4603ad2de7942da018f52cc3a244578e0b3b09314a8d8?s=96&d=blank&r=g","contentUrl":"https:\/\/secure.gravatar.com\/avatar\/0dca239875993680bac4603ad2de7942da018f52cc3a244578e0b3b09314a8d8?s=96&d=blank&r=g","caption":"Comunicaci\u00f3n"}}]}},"rttpg_featured_image_url":{"full":["https:\/\/fundacioncajaruraldelsur.com\/wp-content\/uploads\/2018\/02\/premio4.jpg",777,518,false],"landscape":["https:\/\/fundacioncajaruraldelsur.com\/wp-content\/uploads\/2018\/02\/premio4.jpg",777,518,false],"portraits":["https:\/\/fundacioncajaruraldelsur.com\/wp-content\/uploads\/2018\/02\/premio4.jpg",777,518,false],"thumbnail":["https:\/\/fundacioncajaruraldelsur.com\/wp-content\/uploads\/2018\/02\/premio4-150x150.jpg",150,150,true],"medium":["https:\/\/fundacioncajaruraldelsur.com\/wp-content\/uploads\/2018\/02\/premio4-300x200.jpg",300,200,true],"large":["https:\/\/fundacioncajaruraldelsur.com\/wp-content\/uploads\/2018\/02\/premio4.jpg",777,518,false],"1536x1536":["https:\/\/fundacioncajaruraldelsur.com\/wp-content\/uploads\/2018\/02\/premio4.jpg",777,518,false],"2048x2048":["https:\/\/fundacioncajaruraldelsur.com\/wp-content\/uploads\/2018\/02\/premio4.jpg",777,518,false],"trp-custom-language-flag":["https:\/\/fundacioncajaruraldelsur.com\/wp-content\/uploads\/2018\/02\/premio4.jpg",18,12,false],"blog-thumbnail":["https:\/\/fundacioncajaruraldelsur.com\/wp-content\/uploads\/2018\/02\/premio4-400x200.jpg",400,200,true]},"rttpg_author":{"display_name":"Comunicaci\u00f3n","author_link":"https:\/\/fundacioncajaruraldelsur.com\/pt\/author\/sevillaadmin\/"},"rttpg_comment":0,"rttpg_category":"<a href=\"https:\/\/fundacioncajaruraldelsur.com\/pt\/category\/homenajes\/\" rel=\"category tag\">Homenajes<\/a>","rttpg_excerpt":"ASAJA-Sevilla ha distinguido hoy de forma especial a t\u00edtulo personal al presidente de la Fundaci\u00f3n Caja Rural del Sur Jos\u00e9 Luis Garc\u00eda-Palacios, por su impulso de la organizaci\u00f3n agraria y [&hellip;]","_links":{"self":[{"href":"https:\/\/fundacioncajaruraldelsur.com\/pt\/wp-json\/wp\/v2\/posts\/3372","targetHints":{"allow":["GET"]}}],"collection":[{"href":"https:\/\/fundacioncajaruraldelsur.com\/pt\/wp-json\/wp\/v2\/posts"}],"about":[{"href":"https:\/\/fundacioncajaruraldelsur.com\/pt\/wp-json\/wp\/v2\/types\/post"}],"author":[{"embeddable":true,"href":"https:\/\/fundacioncajaruraldelsur.com\/pt\/wp-json\/wp\/v2\/users\/6"}],"replies":[{"embeddable":true,"href":"https:\/\/fundacioncajaruraldelsur.com\/pt\/wp-json\/wp\/v2\/comments?post=3372"}],"version-history":[{"count":4,"href":"https:\/\/fundacioncajaruraldelsur.com\/pt\/wp-json\/wp\/v2\/posts\/3372\/revisions"}],"predecessor-version":[{"id":3378,"href":"https:\/\/fundacioncajaruraldelsur.com\/pt\/wp-json\/wp\/v2\/posts\/3372\/revisions\/3378"}],"wp:featuredmedia":[{"embeddable":true,"href":"https:\/\/fundacioncajaruraldelsur.com\/pt\/wp-json\/wp\/v2\/media\/3375"}],"wp:attachment":[{"href":"https:\/\/fundacioncajaruraldelsur.com\/pt\/wp-json\/wp\/v2\/media?parent=3372"}],"wp:term":[{"taxonomy":"category","embeddable":true,"href":"https:\/\/fundacioncajaruraldelsur.com\/pt\/wp-json\/wp\/v2\/categories?post=3372"},{"taxonomy":"post_tag","embeddable":true,"href":"https:\/\/fundacioncajaruraldelsur.com\/pt\/wp-json\/wp\/v2\/tags?post=3372"}],"curies":[{"name":"wp","href":"https:\/\/api.w.org\/{rel}","templated":true}]}}