{"id":3353,"date":"2018-01-30T19:57:35","date_gmt":"2018-01-30T19:57:35","guid":{"rendered":"\/?p=3353"},"modified":"2018-01-30T19:57:35","modified_gmt":"2018-01-30T19:57:35","slug":"presentados-los-conciertos-fundacion-caja-rural-sur-la-asociacion-musical-teatro-lirico-huelva","status":"publish","type":"post","link":"https:\/\/fundacioncajaruraldelsur.com\/pt\/presentados-los-conciertos-fundacion-caja-rural-sur-la-asociacion-musical-teatro-lirico-huelva\/","title":{"rendered":"Presentados los conciertos de Fundaci\u00f3n Caja Rural de Sur y la Asociaci\u00f3n Musical Teatro L\u00edrico de Huelva"},"content":{"rendered":"<p>Los conciertos de Fundaci\u00f3n Caja Rural del Sur y la Asociaci\u00f3n Musical Teatro L\u00edrico de Huelva comienzan este mismo viernes con la actuaci\u00f3n de la soprano Elena Rey y el\u00a0 tenor \u00c1ngel Cort\u00e9s, acompa\u00f1ados al piano por V\u00edctor Carbajo. Los presidentes de ambas entidades, Jos\u00e9 Luis Garc\u00eda Palacios y Jos\u00e9 Calero Salas, y el director de la Fundaci\u00f3n, Emilio Ponce, han presentado, junto a Guillermo Orozco, como director del Coro, la amplia programaci\u00f3n de este a\u00f1o, una vez que quedara el convenio firmado que da continuidad al trabajo conjunto en pro de la m\u00fasica, en especial \u00f3pera y zarzuela, que se viene llevando a cabo desde el a\u00f1o 2005.<\/p>\n<p>El ciclo de este a\u00f1o est\u00e1 compuesto de seis conciertos en el que se van a incorporar junto a la \u00f3pera y la zarzuela tambi\u00e9n el flamenco el d\u00eda 4 de mayo, anunci\u00e1ndose por Guillermo Orozco la presencia en Huelva en noviembre de la hija de Monserrat Caball\u00e9, la soprano Monserrat Mart\u00edn. Tanto en \u00e9sta como en otras actuaciones va a participar el Coro, en el que, seg\u00fan Jos\u00e9 Calero Salas, hace faltan voces masculinas y por ello hizo una llamada a incorporarse a aquellas personas que tenga afici\u00f3n musical. Como tambi\u00e9n hizo una invitaci\u00f3n a estar en la Asociaci\u00f3n Musical, que \u201ctiene las puertas abiertas a todos los onubenses\u201d.<\/p>\n<p>El presidente de Fundaci\u00f3n Caja Rural del Sur, Jos\u00e9 Luis Garc\u00eda Palacios, quiso hacer un repaso a los a\u00f1os de trabajo conjunto y c\u00f3mo el p\u00fablico ha ido respondiendo \u201chasta el punto de que todos los conciertos est\u00e1n al completo\u201d. Por ello, hay algunos que han tenido que ser trasladados de su habitual sede, el sal\u00f3n de actos del Centro Cultural de la Caja en la calle Mora Claros, al Gran Teatro, como ocurrir\u00e1 con la actuaci\u00f3n de la hija Monserrat Caball\u00e9.\u00a0 De todas formas, en opini\u00f3n de Guillermo Orozco en Huelva \u201cse echa en falta un lugar mejor acondicionado para \u00f3peras y zarzuelas, pues el Gran Teatro es muy bonito pero est\u00e1 muy limitado en cuanto al espacio esc\u00e9nico que requiere este tipo de interpretaciones musicales\u201d.<\/p>\n<p>Este a\u00f1o, en el mes de junio, se pondr\u00e1 en escena la zarzuela Katiuska, que fue estrenada en Barcelona en el a\u00f1o 1931. Actuar\u00e1n en la misma Eva del Moral, Guillermo Orozco, Fran Escala, Actores y el Coro Teatro L\u00edrico de Huelva. Y concluir\u00e1 el ciclo programado en diciembre con el cl\u00e1sico concierto con temas navide\u00f1os. Por lo explicado por Jos\u00e9 Luis Garc\u00eda Palacios, en todos los conciertos lo recaudado est\u00e1 destinado a organizaciones solidarias en la provincia, empezando por C\u00e1ritas.<\/p>","protected":false},"excerpt":{"rendered":"<p>Los conciertos de Fundaci\u00f3n Caja Rural del Sur y la Asociaci\u00f3n Musical Teatro L\u00edrico de Huelva comienzan este mismo viernes con la actuaci\u00f3n de la soprano Elena Rey y el\u00a0 [&hellip;]<\/p>\n","protected":false},"author":6,"featured_media":3354,"comment_status":"closed","ping_status":"open","sticky":false,"template":"","format":"standard","meta":{"footnotes":""},"categories":[1],"tags":[],"class_list":["post-3353","post","type-post","status-publish","format-standard","has-post-thumbnail","hentry","category-sin-categoria"],"yoast_head":"<!-- This site is optimized with the Yoast SEO plugin v27.3 - https:\/\/yoast.com\/product\/yoast-seo-wordpress\/ -->\n<title>Presentados los conciertos de Fundaci\u00f3n Caja Rural de Sur y la Asociaci\u00f3n Musical Teatro L\u00edrico de Huelva - Fundaci\u00f3n Caja Rural del Sur<\/title>\n<meta name=\"robots\" content=\"index, follow, max-snippet:-1, max-image-preview:large, max-video-preview:-1\" \/>\n<link rel=\"canonical\" href=\"https:\/\/fundacioncajaruraldelsur.com\/pt\/presentados-los-conciertos-fundacion-caja-rural-sur-la-asociacion-musical-teatro-lirico-huelva\/\" \/>\n<meta property=\"og:locale\" content=\"pt_PT\" \/>\n<meta property=\"og:type\" content=\"article\" \/>\n<meta property=\"og:title\" content=\"Presentados los conciertos de Fundaci\u00f3n Caja Rural de Sur y la Asociaci\u00f3n Musical Teatro L\u00edrico de Huelva - Fundaci\u00f3n Caja Rural del Sur\" \/>\n<meta property=\"og:description\" content=\"Los conciertos de Fundaci\u00f3n Caja Rural del Sur y la Asociaci\u00f3n Musical Teatro L\u00edrico de Huelva comienzan este mismo viernes con la actuaci\u00f3n de la soprano Elena Rey y el\u00a0 [&hellip;]\" \/>\n<meta property=\"og:url\" content=\"https:\/\/fundacioncajaruraldelsur.com\/pt\/presentados-los-conciertos-fundacion-caja-rural-sur-la-asociacion-musical-teatro-lirico-huelva\/\" \/>\n<meta property=\"og:site_name\" content=\"Fundaci\u00f3n Caja Rural del Sur\" \/>\n<meta property=\"article:published_time\" content=\"2018-01-30T19:57:35+00:00\" \/>\n<meta property=\"og:image\" content=\"https:\/\/fundacioncajaruraldelsur.com\/wp-content\/uploads\/2018\/01\/foto-conciertos.jpg\" \/>\n\t<meta property=\"og:image:width\" content=\"678\" \/>\n\t<meta property=\"og:image:height\" content=\"381\" \/>\n\t<meta property=\"og:image:type\" content=\"image\/jpeg\" \/>\n<meta name=\"author\" content=\"Comunicaci\u00f3n\" \/>\n<meta name=\"twitter:card\" content=\"summary_large_image\" \/>\n<meta name=\"twitter:label1\" content=\"Written by\" \/>\n\t<meta name=\"twitter:data1\" content=\"Comunicaci\u00f3n\" \/>\n\t<meta name=\"twitter:label2\" content=\"Est. reading time\" \/>\n\t<meta name=\"twitter:data2\" content=\"2 minutes\" \/>\n<script type=\"application\/ld+json\" class=\"yoast-schema-graph\">{\"@context\":\"https:\\\/\\\/schema.org\",\"@graph\":[{\"@type\":\"Article\",\"@id\":\"https:\\\/\\\/fundacioncajaruraldelsur.com\\\/presentados-los-conciertos-fundacion-caja-rural-sur-la-asociacion-musical-teatro-lirico-huelva\\\/#article\",\"isPartOf\":{\"@id\":\"https:\\\/\\\/fundacioncajaruraldelsur.com\\\/presentados-los-conciertos-fundacion-caja-rural-sur-la-asociacion-musical-teatro-lirico-huelva\\\/\"},\"author\":{\"name\":\"Comunicaci\u00f3n\",\"@id\":\"https:\\\/\\\/fundacioncajaruraldelsur.com\\\/#\\\/schema\\\/person\\\/f430da9fb783d505ff061ad8b3d44577\"},\"headline\":\"Presentados los conciertos de Fundaci\u00f3n Caja Rural de Sur y la Asociaci\u00f3n Musical Teatro L\u00edrico de Huelva\",\"datePublished\":\"2018-01-30T19:57:35+00:00\",\"mainEntityOfPage\":{\"@id\":\"https:\\\/\\\/fundacioncajaruraldelsur.com\\\/presentados-los-conciertos-fundacion-caja-rural-sur-la-asociacion-musical-teatro-lirico-huelva\\\/\"},\"wordCount\":485,\"image\":{\"@id\":\"https:\\\/\\\/fundacioncajaruraldelsur.com\\\/presentados-los-conciertos-fundacion-caja-rural-sur-la-asociacion-musical-teatro-lirico-huelva\\\/#primaryimage\"},\"thumbnailUrl\":\"https:\\\/\\\/fundacioncajaruraldelsur.com\\\/wp-content\\\/uploads\\\/2018\\\/01\\\/foto-conciertos.jpg\",\"articleSection\":[\"Sin categor\u00eda\"],\"inLanguage\":\"pt-PT\"},{\"@type\":\"WebPage\",\"@id\":\"https:\\\/\\\/fundacioncajaruraldelsur.com\\\/presentados-los-conciertos-fundacion-caja-rural-sur-la-asociacion-musical-teatro-lirico-huelva\\\/\",\"url\":\"https:\\\/\\\/fundacioncajaruraldelsur.com\\\/presentados-los-conciertos-fundacion-caja-rural-sur-la-asociacion-musical-teatro-lirico-huelva\\\/\",\"name\":\"Presentados los conciertos de Fundaci\u00f3n Caja Rural de Sur y la Asociaci\u00f3n Musical Teatro L\u00edrico de Huelva - Fundaci\u00f3n Caja Rural del Sur\",\"isPartOf\":{\"@id\":\"https:\\\/\\\/fundacioncajaruraldelsur.com\\\/#website\"},\"primaryImageOfPage\":{\"@id\":\"https:\\\/\\\/fundacioncajaruraldelsur.com\\\/presentados-los-conciertos-fundacion-caja-rural-sur-la-asociacion-musical-teatro-lirico-huelva\\\/#primaryimage\"},\"image\":{\"@id\":\"https:\\\/\\\/fundacioncajaruraldelsur.com\\\/presentados-los-conciertos-fundacion-caja-rural-sur-la-asociacion-musical-teatro-lirico-huelva\\\/#primaryimage\"},\"thumbnailUrl\":\"https:\\\/\\\/fundacioncajaruraldelsur.com\\\/wp-content\\\/uploads\\\/2018\\\/01\\\/foto-conciertos.jpg\",\"datePublished\":\"2018-01-30T19:57:35+00:00\",\"author\":{\"@id\":\"https:\\\/\\\/fundacioncajaruraldelsur.com\\\/#\\\/schema\\\/person\\\/f430da9fb783d505ff061ad8b3d44577\"},\"breadcrumb\":{\"@id\":\"https:\\\/\\\/fundacioncajaruraldelsur.com\\\/presentados-los-conciertos-fundacion-caja-rural-sur-la-asociacion-musical-teatro-lirico-huelva\\\/#breadcrumb\"},\"inLanguage\":\"pt-PT\",\"potentialAction\":[{\"@type\":\"ReadAction\",\"target\":[\"https:\\\/\\\/fundacioncajaruraldelsur.com\\\/presentados-los-conciertos-fundacion-caja-rural-sur-la-asociacion-musical-teatro-lirico-huelva\\\/\"]}]},{\"@type\":\"ImageObject\",\"inLanguage\":\"pt-PT\",\"@id\":\"https:\\\/\\\/fundacioncajaruraldelsur.com\\\/presentados-los-conciertos-fundacion-caja-rural-sur-la-asociacion-musical-teatro-lirico-huelva\\\/#primaryimage\",\"url\":\"https:\\\/\\\/fundacioncajaruraldelsur.com\\\/wp-content\\\/uploads\\\/2018\\\/01\\\/foto-conciertos.jpg\",\"contentUrl\":\"https:\\\/\\\/fundacioncajaruraldelsur.com\\\/wp-content\\\/uploads\\\/2018\\\/01\\\/foto-conciertos.jpg\",\"width\":678,\"height\":381},{\"@type\":\"BreadcrumbList\",\"@id\":\"https:\\\/\\\/fundacioncajaruraldelsur.com\\\/presentados-los-conciertos-fundacion-caja-rural-sur-la-asociacion-musical-teatro-lirico-huelva\\\/#breadcrumb\",\"itemListElement\":[{\"@type\":\"ListItem\",\"position\":1,\"name\":\"Portada\",\"item\":\"https:\\\/\\\/fundacioncajaruraldelsur.com\\\/\"},{\"@type\":\"ListItem\",\"position\":2,\"name\":\"Presentados los conciertos de Fundaci\u00f3n Caja Rural de Sur y la Asociaci\u00f3n Musical Teatro L\u00edrico de Huelva\"}]},{\"@type\":\"WebSite\",\"@id\":\"https:\\\/\\\/fundacioncajaruraldelsur.com\\\/#website\",\"url\":\"https:\\\/\\\/fundacioncajaruraldelsur.com\\\/\",\"name\":\"Fundaci\u00f3n Caja Rural del Sur\",\"description\":\"\",\"potentialAction\":[{\"@type\":\"SearchAction\",\"target\":{\"@type\":\"EntryPoint\",\"urlTemplate\":\"https:\\\/\\\/fundacioncajaruraldelsur.com\\\/?s={search_term_string}\"},\"query-input\":{\"@type\":\"PropertyValueSpecification\",\"valueRequired\":true,\"valueName\":\"search_term_string\"}}],\"inLanguage\":\"pt-PT\"},{\"@type\":\"Person\",\"@id\":\"https:\\\/\\\/fundacioncajaruraldelsur.com\\\/#\\\/schema\\\/person\\\/f430da9fb783d505ff061ad8b3d44577\",\"name\":\"Comunicaci\u00f3n\",\"image\":{\"@type\":\"ImageObject\",\"inLanguage\":\"pt-PT\",\"@id\":\"https:\\\/\\\/secure.gravatar.com\\\/avatar\\\/0dca239875993680bac4603ad2de7942da018f52cc3a244578e0b3b09314a8d8?s=96&d=blank&r=g\",\"url\":\"https:\\\/\\\/secure.gravatar.com\\\/avatar\\\/0dca239875993680bac4603ad2de7942da018f52cc3a244578e0b3b09314a8d8?s=96&d=blank&r=g\",\"contentUrl\":\"https:\\\/\\\/secure.gravatar.com\\\/avatar\\\/0dca239875993680bac4603ad2de7942da018f52cc3a244578e0b3b09314a8d8?s=96&d=blank&r=g\",\"caption\":\"Comunicaci\u00f3n\"}}]}<\/script>\n<!-- \/ Yoast SEO plugin. -->","yoast_head_json":{"title":"Presentados los conciertos de Fundaci\u00f3n Caja Rural de Sur y la Asociaci\u00f3n Musical Teatro L\u00edrico de Huelva - Fundaci\u00f3n Caja Rural del Sur","robots":{"index":"index","follow":"follow","max-snippet":"max-snippet:-1","max-image-preview":"max-image-preview:large","max-video-preview":"max-video-preview:-1"},"canonical":"https:\/\/fundacioncajaruraldelsur.com\/pt\/presentados-los-conciertos-fundacion-caja-rural-sur-la-asociacion-musical-teatro-lirico-huelva\/","og_locale":"pt_PT","og_type":"article","og_title":"Presentados los conciertos de Fundaci\u00f3n Caja Rural de Sur y la Asociaci\u00f3n Musical Teatro L\u00edrico de Huelva - Fundaci\u00f3n Caja Rural del Sur","og_description":"Los conciertos de Fundaci\u00f3n Caja Rural del Sur y la Asociaci\u00f3n Musical Teatro L\u00edrico de Huelva comienzan este mismo viernes con la actuaci\u00f3n de la soprano Elena Rey y el\u00a0 [&hellip;]","og_url":"https:\/\/fundacioncajaruraldelsur.com\/pt\/presentados-los-conciertos-fundacion-caja-rural-sur-la-asociacion-musical-teatro-lirico-huelva\/","og_site_name":"Fundaci\u00f3n Caja Rural del Sur","article_published_time":"2018-01-30T19:57:35+00:00","og_image":[{"width":678,"height":381,"url":"https:\/\/fundacioncajaruraldelsur.com\/wp-content\/uploads\/2018\/01\/foto-conciertos.jpg","type":"image\/jpeg"}],"author":"Comunicaci\u00f3n","twitter_card":"summary_large_image","twitter_misc":{"Written by":"Comunicaci\u00f3n","Est. reading time":"2 minutes"},"schema":{"@context":"https:\/\/schema.org","@graph":[{"@type":"Article","@id":"https:\/\/fundacioncajaruraldelsur.com\/presentados-los-conciertos-fundacion-caja-rural-sur-la-asociacion-musical-teatro-lirico-huelva\/#article","isPartOf":{"@id":"https:\/\/fundacioncajaruraldelsur.com\/presentados-los-conciertos-fundacion-caja-rural-sur-la-asociacion-musical-teatro-lirico-huelva\/"},"author":{"name":"Comunicaci\u00f3n","@id":"https:\/\/fundacioncajaruraldelsur.com\/#\/schema\/person\/f430da9fb783d505ff061ad8b3d44577"},"headline":"Presentados los conciertos de Fundaci\u00f3n Caja Rural de Sur y la Asociaci\u00f3n Musical Teatro L\u00edrico de Huelva","datePublished":"2018-01-30T19:57:35+00:00","mainEntityOfPage":{"@id":"https:\/\/fundacioncajaruraldelsur.com\/presentados-los-conciertos-fundacion-caja-rural-sur-la-asociacion-musical-teatro-lirico-huelva\/"},"wordCount":485,"image":{"@id":"https:\/\/fundacioncajaruraldelsur.com\/presentados-los-conciertos-fundacion-caja-rural-sur-la-asociacion-musical-teatro-lirico-huelva\/#primaryimage"},"thumbnailUrl":"https:\/\/fundacioncajaruraldelsur.com\/wp-content\/uploads\/2018\/01\/foto-conciertos.jpg","articleSection":["Sin categor\u00eda"],"inLanguage":"pt-PT"},{"@type":"WebPage","@id":"https:\/\/fundacioncajaruraldelsur.com\/presentados-los-conciertos-fundacion-caja-rural-sur-la-asociacion-musical-teatro-lirico-huelva\/","url":"https:\/\/fundacioncajaruraldelsur.com\/presentados-los-conciertos-fundacion-caja-rural-sur-la-asociacion-musical-teatro-lirico-huelva\/","name":"Presentados los conciertos de Fundaci\u00f3n Caja Rural de Sur y la Asociaci\u00f3n Musical Teatro L\u00edrico de Huelva - Fundaci\u00f3n Caja Rural del Sur","isPartOf":{"@id":"https:\/\/fundacioncajaruraldelsur.com\/#website"},"primaryImageOfPage":{"@id":"https:\/\/fundacioncajaruraldelsur.com\/presentados-los-conciertos-fundacion-caja-rural-sur-la-asociacion-musical-teatro-lirico-huelva\/#primaryimage"},"image":{"@id":"https:\/\/fundacioncajaruraldelsur.com\/presentados-los-conciertos-fundacion-caja-rural-sur-la-asociacion-musical-teatro-lirico-huelva\/#primaryimage"},"thumbnailUrl":"https:\/\/fundacioncajaruraldelsur.com\/wp-content\/uploads\/2018\/01\/foto-conciertos.jpg","datePublished":"2018-01-30T19:57:35+00:00","author":{"@id":"https:\/\/fundacioncajaruraldelsur.com\/#\/schema\/person\/f430da9fb783d505ff061ad8b3d44577"},"breadcrumb":{"@id":"https:\/\/fundacioncajaruraldelsur.com\/presentados-los-conciertos-fundacion-caja-rural-sur-la-asociacion-musical-teatro-lirico-huelva\/#breadcrumb"},"inLanguage":"pt-PT","potentialAction":[{"@type":"ReadAction","target":["https:\/\/fundacioncajaruraldelsur.com\/presentados-los-conciertos-fundacion-caja-rural-sur-la-asociacion-musical-teatro-lirico-huelva\/"]}]},{"@type":"ImageObject","inLanguage":"pt-PT","@id":"https:\/\/fundacioncajaruraldelsur.com\/presentados-los-conciertos-fundacion-caja-rural-sur-la-asociacion-musical-teatro-lirico-huelva\/#primaryimage","url":"https:\/\/fundacioncajaruraldelsur.com\/wp-content\/uploads\/2018\/01\/foto-conciertos.jpg","contentUrl":"https:\/\/fundacioncajaruraldelsur.com\/wp-content\/uploads\/2018\/01\/foto-conciertos.jpg","width":678,"height":381},{"@type":"BreadcrumbList","@id":"https:\/\/fundacioncajaruraldelsur.com\/presentados-los-conciertos-fundacion-caja-rural-sur-la-asociacion-musical-teatro-lirico-huelva\/#breadcrumb","itemListElement":[{"@type":"ListItem","position":1,"name":"Portada","item":"https:\/\/fundacioncajaruraldelsur.com\/"},{"@type":"ListItem","position":2,"name":"Presentados los conciertos de Fundaci\u00f3n Caja Rural de Sur y la Asociaci\u00f3n Musical Teatro L\u00edrico de Huelva"}]},{"@type":"WebSite","@id":"https:\/\/fundacioncajaruraldelsur.com\/#website","url":"https:\/\/fundacioncajaruraldelsur.com\/","name":"Funda\u00e7\u00e3o Caja Rural del Sur","description":"","potentialAction":[{"@type":"SearchAction","target":{"@type":"EntryPoint","urlTemplate":"https:\/\/fundacioncajaruraldelsur.com\/?s={search_term_string}"},"query-input":{"@type":"PropertyValueSpecification","valueRequired":true,"valueName":"search_term_string"}}],"inLanguage":"pt-PT"},{"@type":"Person","@id":"https:\/\/fundacioncajaruraldelsur.com\/#\/schema\/person\/f430da9fb783d505ff061ad8b3d44577","name":"Comunicaci\u00f3n","image":{"@type":"ImageObject","inLanguage":"pt-PT","@id":"https:\/\/secure.gravatar.com\/avatar\/0dca239875993680bac4603ad2de7942da018f52cc3a244578e0b3b09314a8d8?s=96&d=blank&r=g","url":"https:\/\/secure.gravatar.com\/avatar\/0dca239875993680bac4603ad2de7942da018f52cc3a244578e0b3b09314a8d8?s=96&d=blank&r=g","contentUrl":"https:\/\/secure.gravatar.com\/avatar\/0dca239875993680bac4603ad2de7942da018f52cc3a244578e0b3b09314a8d8?s=96&d=blank&r=g","caption":"Comunicaci\u00f3n"}}]}},"rttpg_featured_image_url":{"full":["https:\/\/fundacioncajaruraldelsur.com\/wp-content\/uploads\/2018\/01\/foto-conciertos.jpg",678,381,false],"landscape":["https:\/\/fundacioncajaruraldelsur.com\/wp-content\/uploads\/2018\/01\/foto-conciertos.jpg",678,381,false],"portraits":["https:\/\/fundacioncajaruraldelsur.com\/wp-content\/uploads\/2018\/01\/foto-conciertos.jpg",678,381,false],"thumbnail":["https:\/\/fundacioncajaruraldelsur.com\/wp-content\/uploads\/2018\/01\/foto-conciertos-150x150.jpg",150,150,true],"medium":["https:\/\/fundacioncajaruraldelsur.com\/wp-content\/uploads\/2018\/01\/foto-conciertos-300x169.jpg",300,169,true],"large":["https:\/\/fundacioncajaruraldelsur.com\/wp-content\/uploads\/2018\/01\/foto-conciertos.jpg",678,381,false],"1536x1536":["https:\/\/fundacioncajaruraldelsur.com\/wp-content\/uploads\/2018\/01\/foto-conciertos.jpg",678,381,false],"2048x2048":["https:\/\/fundacioncajaruraldelsur.com\/wp-content\/uploads\/2018\/01\/foto-conciertos.jpg",678,381,false],"trp-custom-language-flag":["https:\/\/fundacioncajaruraldelsur.com\/wp-content\/uploads\/2018\/01\/foto-conciertos.jpg",18,10,false],"blog-thumbnail":["https:\/\/fundacioncajaruraldelsur.com\/wp-content\/uploads\/2018\/01\/foto-conciertos-400x200.jpg",400,200,true]},"rttpg_author":{"display_name":"Comunicaci\u00f3n","author_link":"https:\/\/fundacioncajaruraldelsur.com\/pt\/author\/sevillaadmin\/"},"rttpg_comment":0,"rttpg_category":"<a href=\"https:\/\/fundacioncajaruraldelsur.com\/pt\/category\/sin-categoria\/\" rel=\"category tag\">Sin categor\u00eda<\/a>","rttpg_excerpt":"Los conciertos de Fundaci\u00f3n Caja Rural del Sur y la Asociaci\u00f3n Musical Teatro L\u00edrico de Huelva comienzan este mismo viernes con la actuaci\u00f3n de la soprano Elena Rey y el\u00a0 [&hellip;]","_links":{"self":[{"href":"https:\/\/fundacioncajaruraldelsur.com\/pt\/wp-json\/wp\/v2\/posts\/3353","targetHints":{"allow":["GET"]}}],"collection":[{"href":"https:\/\/fundacioncajaruraldelsur.com\/pt\/wp-json\/wp\/v2\/posts"}],"about":[{"href":"https:\/\/fundacioncajaruraldelsur.com\/pt\/wp-json\/wp\/v2\/types\/post"}],"author":[{"embeddable":true,"href":"https:\/\/fundacioncajaruraldelsur.com\/pt\/wp-json\/wp\/v2\/users\/6"}],"replies":[{"embeddable":true,"href":"https:\/\/fundacioncajaruraldelsur.com\/pt\/wp-json\/wp\/v2\/comments?post=3353"}],"version-history":[{"count":1,"href":"https:\/\/fundacioncajaruraldelsur.com\/pt\/wp-json\/wp\/v2\/posts\/3353\/revisions"}],"predecessor-version":[{"id":3355,"href":"https:\/\/fundacioncajaruraldelsur.com\/pt\/wp-json\/wp\/v2\/posts\/3353\/revisions\/3355"}],"wp:featuredmedia":[{"embeddable":true,"href":"https:\/\/fundacioncajaruraldelsur.com\/pt\/wp-json\/wp\/v2\/media\/3354"}],"wp:attachment":[{"href":"https:\/\/fundacioncajaruraldelsur.com\/pt\/wp-json\/wp\/v2\/media?parent=3353"}],"wp:term":[{"taxonomy":"category","embeddable":true,"href":"https:\/\/fundacioncajaruraldelsur.com\/pt\/wp-json\/wp\/v2\/categories?post=3353"},{"taxonomy":"post_tag","embeddable":true,"href":"https:\/\/fundacioncajaruraldelsur.com\/pt\/wp-json\/wp\/v2\/tags?post=3353"}],"curies":[{"name":"wp","href":"https:\/\/api.w.org\/{rel}","templated":true}]}}