{"id":3349,"date":"2018-01-28T09:34:54","date_gmt":"2018-01-28T09:34:54","guid":{"rendered":"\/?p=3349"},"modified":"2018-01-28T09:34:54","modified_gmt":"2018-01-28T09:34:54","slug":"entrega-cordoba-los-premios-ricardo-lopez-crespo-2018","status":"publish","type":"post","link":"https:\/\/fundacioncajaruraldelsur.com\/pt\/entrega-cordoba-los-premios-ricardo-lopez-crespo-2018\/","title":{"rendered":"Entrega en C\u00f3rdoba de los premios \u00abRicardo L\u00f3pez Crespo\u00bb 2018"},"content":{"rendered":"<div id=\"NoticiaPrincipal\">\n<div id=\"CuerpoNoticia\" class=\"NormalTextoNoticia\">\n<p>La Fundaci\u00f3n Caja Rural del Sur ha hecho entrega, en una gala celebrada en el Real C\u00edrculo de la Amistad de C\u00f3rdoba, de los VII Premios Ricardo L\u00f3pez Crespo, que han reca\u00eddo en el\u00a0<strong>Hogar Renacer<\/strong>, el Grupo de Investigaci\u00f3n\u00a0<strong>Provide-UCO<\/strong>, el yacimiento de\u00a0<strong>Torreparedones<\/strong>\u00a0de Baena, la\u00a0<strong>Casa de las Cabezas\u00a0<\/strong>y la\u00a0<strong>Queser\u00eda Comocabras<\/strong>\u00a0de Adamuz, \u00e9ste \u00faltimo como acc\u00e9sit.<\/p>\n<p>Los presidentes de Caja Rural del Sur y de la Fundaci\u00f3n han destacado en sus intervenciones en la entrega de los VII &#8216;Premios Ricardo L\u00f3pez Crespo&#8217;, \u00abel fuerte arraigo\u00bb de estos galardones en la sociedad cordobesa y se ha anunciado la apuesta por C\u00f3rdoba de la entidad, que como herramienta financiera quiere apoyar a los sectores productivos, independientemente del sector.<\/p>\n<p>Con una nutrida asistencia de p\u00fablico, representantes de las instituciones, organizaciones diversas y colectivos sociales y solidarios, el representante de la Fundaci\u00f3n Caja Rural del Sur en C\u00f3rdoba, Jos\u00e9 Luis Vega-Leal, ha informado de la convocatoria de los premios en el a\u00f1o 2017 mientras que el secretario del jurado, Jos\u00e9 Francisco Montero, ha dado detalle de las actas firmadas por los componentes de cada uno de ellos y del fallo.<\/p>\n<p>Las distinciones fueron, empezando por el acc\u00e9sit a Iniciativas Empresariales promovidas por J\u00f3venes Emprendedores que, entregado por el propio Jos\u00e9 Luis Vega-Leal, ha sido recogido por Son\u00eda Minachi de la empresa &#8216;ComoCabras&#8217;, de Adamuz. El premio principal en esta categor\u00eda se lo ha dado el vicepresidente de Caja Rural del Sur, Ricardo L\u00f3pez Crespo, a Manuel Ramos Gil, como promotor de la iniciativa Casa de las Cabezas de la empresa &#8216;Casas Se\u00f1oriales&#8217;.<\/p>\n<p>El premio a la Recuperaci\u00f3n del Patrimonio Hist\u00f3rico-art\u00edstico Provincial lo ha recibido el alcalde de Baena, Jes\u00fas Rojano, por el Yacimiento Arqueol\u00f3gico de Torreparedores, en dicha localidad, de la mano de Emilio Ponce, director de Fundaci\u00f3n Caja Rural del Sur. Mientras que el de Acci\u00f3n Solidaria &#8216;Hermano Bonifacio&#8217; lo ha recogido Manuel Mar\u00eda Hinojosa Petit, presidente de la Fundaci\u00f3n P\u00eda Aut\u00f3noma Hogar Renacer, por delegaci\u00f3n del obispo de C\u00f3rdoba, y ha sido entregado por Jos\u00e9 Luis Garc\u00eda-Palacios \u00c1lvarez, presidente de Caja Rural del Sur.<\/p>\n<p>Ha concluido la entrega de los premios con el de Proyectos de I+D+I en el \u00e1mbito de la Actividad Agroalimentaria, concedido por el estudio &#8216;La producci\u00f3n de bienes p\u00fablicos por parte de los sistemas agrarios&#8217; y que ha sido presentado por el equipo de investigaci\u00f3n Provide-UCO. El investigador principal del mismo, Anastasio Villanueva, ha recibido la distinci\u00f3n de Jos\u00e9 Luis Garc\u00eda Palacios, presidente de Fundaci\u00f3n Caja Rural del Sur.<\/p>\n<p>Tras la entrega de los premios y la emisi\u00f3n de un video dedicado a cada uno de los galardonados, el presidente de la Fundaci\u00f3n ha felicitado a todos ellos y ha agradecido tanto al jurado sus trabajos de an\u00e1lisis de cada una de las propuestas como al p\u00fablico por acudir a este acto anual. Ha comenzado sus palabras indicando que los premios \u00abest\u00e1n ya profundamente arraigados en el seno de la sociedad cordobesa, como lo atestigua el n\u00famero de candidaturas que cada a\u00f1o llegan y que han de ser valoradas por los distintos jurados\u00bb. A su juicio, esto permite que \u00abpodamos devolver a C\u00f3rdoba lo mucho que esta ciudad y provincia aporta a Caja Rural del Sur y su Fundaci\u00f3n\u00bb.<\/p>\n<p>Y es que ha considerado que \u00abnecesitamos espejos en los que mirarnos, y por ello es necesario que la excelencia, en todas sus vertientes, est\u00e9 bien reflejada y podamos seguir socialmente en quien act\u00faa dando ejemplo de esfuerzo, profesionalidad, honradez, y solidaridad. Valores, todos ellos, primordiales en nuestra sociedad\u00bb.<\/p>\n<p>El acto ha terminado con las palabras del presidente de Caja Rural del Sur, Jos\u00e9 Luis Garc\u00eda-Palacios \u00c1lvarez, quien adem\u00e1s de felicitar a los premiados y agradecer la participaci\u00f3n de representantes de la sociedad cordobesa en cada uno de los jurados ha hecho un repaso de la integraci\u00f3n de Caja Rural de C\u00f3rdoba en Caja Rural del Sur, que \u00abya va para la cuarta anualidad\u00bb.<\/p>\n<p>As\u00ed, ha anunciado que 2018 ser\u00e1 un \u00aba\u00f1o de inflexi\u00f3n de la entidad en la provincia\u00bb ya que \u00abse ha marcado como un objetivo prioritario avanzar en la presencia y ganar una mayor cuota de mercado bancario \u00abporque queremos ser una herramienta financiera \u00fatil a la actividad productiva, independientemente del sector en el que se opere\u00bb. Si bien, ha manifestado que \u00abmantendremos nuestro respaldo al din\u00e1mico sector agroalimentario como ya hemos venido haciendo en estos a\u00f1os\u00bb.<\/p>\n<p>Por \u00faltimo, el presidente de Caja Rural del Sur ha recordado los acuerdos de financiaci\u00f3n y colaboraci\u00f3n firmados en el 2017 con la Confederaci\u00f3n de Empresarios de C\u00f3rdoba y como cooperativas que act\u00faan como agentes financieros \u00absiempre muy cerca de los productores que son los que generan empleo y bienestar\u00bb.<\/p>\n<p><a href=\"\/wp-content\/uploads\/2018\/01\/premios-2.jpg\" rel=\"lightbox-0\"><img loading=\"lazy\" decoding=\"async\" class=\"alignnone wp-image-3351 size-full\" src=\"\/wp-content\/uploads\/2018\/01\/premios-2.jpg\" alt=\"\" width=\"765\" height=\"510\" srcset=\"https:\/\/fundacioncajaruraldelsur.com\/wp-content\/uploads\/2018\/01\/premios-2.jpg 765w, https:\/\/fundacioncajaruraldelsur.com\/wp-content\/uploads\/2018\/01\/premios-2-300x200.jpg 300w\" sizes=\"auto, (max-width: 765px) 100vw, 765px\" \/><\/a><\/p>\n<\/div>\n<\/div>","protected":false},"excerpt":{"rendered":"<p>La Fundaci\u00f3n Caja Rural del Sur ha hecho entrega, en una gala celebrada en el Real C\u00edrculo de la Amistad de C\u00f3rdoba, de los VII Premios Ricardo L\u00f3pez Crespo, que [&hellip;]<\/p>\n","protected":false},"author":6,"featured_media":3350,"comment_status":"closed","ping_status":"open","sticky":false,"template":"","format":"standard","meta":{"footnotes":""},"categories":[64],"tags":[],"class_list":["post-3349","post","type-post","status-publish","format-standard","has-post-thumbnail","hentry","category-premios"],"yoast_head":"<!-- This site is optimized with the Yoast SEO plugin v27.3 - https:\/\/yoast.com\/product\/yoast-seo-wordpress\/ -->\n<title>Entrega en C\u00f3rdoba de los premios \u00abRicardo L\u00f3pez Crespo\u00bb 2018 - Fundaci\u00f3n Caja Rural del Sur<\/title>\n<meta name=\"robots\" content=\"index, follow, max-snippet:-1, max-image-preview:large, max-video-preview:-1\" \/>\n<link rel=\"canonical\" href=\"https:\/\/fundacioncajaruraldelsur.com\/pt\/entrega-cordoba-los-premios-ricardo-lopez-crespo-2018\/\" \/>\n<meta property=\"og:locale\" content=\"pt_PT\" \/>\n<meta property=\"og:type\" content=\"article\" \/>\n<meta property=\"og:title\" content=\"Entrega en C\u00f3rdoba de los premios \u00abRicardo L\u00f3pez Crespo\u00bb 2018 - Fundaci\u00f3n Caja Rural del Sur\" \/>\n<meta property=\"og:description\" content=\"La Fundaci\u00f3n Caja Rural del Sur ha hecho entrega, en una gala celebrada en el Real C\u00edrculo de la Amistad de C\u00f3rdoba, de los VII Premios Ricardo L\u00f3pez Crespo, que [&hellip;]\" \/>\n<meta property=\"og:url\" content=\"https:\/\/fundacioncajaruraldelsur.com\/pt\/entrega-cordoba-los-premios-ricardo-lopez-crespo-2018\/\" \/>\n<meta property=\"og:site_name\" content=\"Fundaci\u00f3n Caja Rural del Sur\" \/>\n<meta property=\"article:published_time\" content=\"2018-01-28T09:34:54+00:00\" \/>\n<meta property=\"og:image\" content=\"https:\/\/fundacioncajaruraldelsur.com\/wp-content\/uploads\/2018\/01\/premios1.jpg\" \/>\n\t<meta property=\"og:image:width\" content=\"765\" \/>\n\t<meta property=\"og:image:height\" content=\"510\" \/>\n\t<meta property=\"og:image:type\" content=\"image\/jpeg\" \/>\n<meta name=\"author\" content=\"Comunicaci\u00f3n\" \/>\n<meta name=\"twitter:card\" content=\"summary_large_image\" \/>\n<meta name=\"twitter:label1\" content=\"Written by\" \/>\n\t<meta name=\"twitter:data1\" content=\"Comunicaci\u00f3n\" \/>\n\t<meta name=\"twitter:label2\" content=\"Est. reading time\" \/>\n\t<meta name=\"twitter:data2\" content=\"4 minutes\" \/>\n<script type=\"application\/ld+json\" class=\"yoast-schema-graph\">{\"@context\":\"https:\\\/\\\/schema.org\",\"@graph\":[{\"@type\":\"Article\",\"@id\":\"https:\\\/\\\/fundacioncajaruraldelsur.com\\\/entrega-cordoba-los-premios-ricardo-lopez-crespo-2018\\\/#article\",\"isPartOf\":{\"@id\":\"https:\\\/\\\/fundacioncajaruraldelsur.com\\\/entrega-cordoba-los-premios-ricardo-lopez-crespo-2018\\\/\"},\"author\":{\"name\":\"Comunicaci\u00f3n\",\"@id\":\"https:\\\/\\\/fundacioncajaruraldelsur.com\\\/#\\\/schema\\\/person\\\/f430da9fb783d505ff061ad8b3d44577\"},\"headline\":\"Entrega en C\u00f3rdoba de los premios \u00abRicardo L\u00f3pez Crespo\u00bb 2018\",\"datePublished\":\"2018-01-28T09:34:54+00:00\",\"mainEntityOfPage\":{\"@id\":\"https:\\\/\\\/fundacioncajaruraldelsur.com\\\/entrega-cordoba-los-premios-ricardo-lopez-crespo-2018\\\/\"},\"wordCount\":852,\"image\":{\"@id\":\"https:\\\/\\\/fundacioncajaruraldelsur.com\\\/entrega-cordoba-los-premios-ricardo-lopez-crespo-2018\\\/#primaryimage\"},\"thumbnailUrl\":\"https:\\\/\\\/fundacioncajaruraldelsur.com\\\/wp-content\\\/uploads\\\/2018\\\/01\\\/premios1.jpg\",\"articleSection\":[\"Premios\"],\"inLanguage\":\"pt-PT\"},{\"@type\":\"WebPage\",\"@id\":\"https:\\\/\\\/fundacioncajaruraldelsur.com\\\/entrega-cordoba-los-premios-ricardo-lopez-crespo-2018\\\/\",\"url\":\"https:\\\/\\\/fundacioncajaruraldelsur.com\\\/entrega-cordoba-los-premios-ricardo-lopez-crespo-2018\\\/\",\"name\":\"Entrega en C\u00f3rdoba de los premios \u00abRicardo L\u00f3pez Crespo\u00bb 2018 - Fundaci\u00f3n Caja Rural del Sur\",\"isPartOf\":{\"@id\":\"https:\\\/\\\/fundacioncajaruraldelsur.com\\\/#website\"},\"primaryImageOfPage\":{\"@id\":\"https:\\\/\\\/fundacioncajaruraldelsur.com\\\/entrega-cordoba-los-premios-ricardo-lopez-crespo-2018\\\/#primaryimage\"},\"image\":{\"@id\":\"https:\\\/\\\/fundacioncajaruraldelsur.com\\\/entrega-cordoba-los-premios-ricardo-lopez-crespo-2018\\\/#primaryimage\"},\"thumbnailUrl\":\"https:\\\/\\\/fundacioncajaruraldelsur.com\\\/wp-content\\\/uploads\\\/2018\\\/01\\\/premios1.jpg\",\"datePublished\":\"2018-01-28T09:34:54+00:00\",\"author\":{\"@id\":\"https:\\\/\\\/fundacioncajaruraldelsur.com\\\/#\\\/schema\\\/person\\\/f430da9fb783d505ff061ad8b3d44577\"},\"breadcrumb\":{\"@id\":\"https:\\\/\\\/fundacioncajaruraldelsur.com\\\/entrega-cordoba-los-premios-ricardo-lopez-crespo-2018\\\/#breadcrumb\"},\"inLanguage\":\"pt-PT\",\"potentialAction\":[{\"@type\":\"ReadAction\",\"target\":[\"https:\\\/\\\/fundacioncajaruraldelsur.com\\\/entrega-cordoba-los-premios-ricardo-lopez-crespo-2018\\\/\"]}]},{\"@type\":\"ImageObject\",\"inLanguage\":\"pt-PT\",\"@id\":\"https:\\\/\\\/fundacioncajaruraldelsur.com\\\/entrega-cordoba-los-premios-ricardo-lopez-crespo-2018\\\/#primaryimage\",\"url\":\"https:\\\/\\\/fundacioncajaruraldelsur.com\\\/wp-content\\\/uploads\\\/2018\\\/01\\\/premios1.jpg\",\"contentUrl\":\"https:\\\/\\\/fundacioncajaruraldelsur.com\\\/wp-content\\\/uploads\\\/2018\\\/01\\\/premios1.jpg\",\"width\":765,\"height\":510},{\"@type\":\"BreadcrumbList\",\"@id\":\"https:\\\/\\\/fundacioncajaruraldelsur.com\\\/entrega-cordoba-los-premios-ricardo-lopez-crespo-2018\\\/#breadcrumb\",\"itemListElement\":[{\"@type\":\"ListItem\",\"position\":1,\"name\":\"Portada\",\"item\":\"https:\\\/\\\/fundacioncajaruraldelsur.com\\\/\"},{\"@type\":\"ListItem\",\"position\":2,\"name\":\"Entrega en C\u00f3rdoba de los premios \u00abRicardo L\u00f3pez Crespo\u00bb 2018\"}]},{\"@type\":\"WebSite\",\"@id\":\"https:\\\/\\\/fundacioncajaruraldelsur.com\\\/#website\",\"url\":\"https:\\\/\\\/fundacioncajaruraldelsur.com\\\/\",\"name\":\"Fundaci\u00f3n Caja Rural del Sur\",\"description\":\"\",\"potentialAction\":[{\"@type\":\"SearchAction\",\"target\":{\"@type\":\"EntryPoint\",\"urlTemplate\":\"https:\\\/\\\/fundacioncajaruraldelsur.com\\\/?s={search_term_string}\"},\"query-input\":{\"@type\":\"PropertyValueSpecification\",\"valueRequired\":true,\"valueName\":\"search_term_string\"}}],\"inLanguage\":\"pt-PT\"},{\"@type\":\"Person\",\"@id\":\"https:\\\/\\\/fundacioncajaruraldelsur.com\\\/#\\\/schema\\\/person\\\/f430da9fb783d505ff061ad8b3d44577\",\"name\":\"Comunicaci\u00f3n\",\"image\":{\"@type\":\"ImageObject\",\"inLanguage\":\"pt-PT\",\"@id\":\"https:\\\/\\\/secure.gravatar.com\\\/avatar\\\/0dca239875993680bac4603ad2de7942da018f52cc3a244578e0b3b09314a8d8?s=96&d=blank&r=g\",\"url\":\"https:\\\/\\\/secure.gravatar.com\\\/avatar\\\/0dca239875993680bac4603ad2de7942da018f52cc3a244578e0b3b09314a8d8?s=96&d=blank&r=g\",\"contentUrl\":\"https:\\\/\\\/secure.gravatar.com\\\/avatar\\\/0dca239875993680bac4603ad2de7942da018f52cc3a244578e0b3b09314a8d8?s=96&d=blank&r=g\",\"caption\":\"Comunicaci\u00f3n\"}}]}<\/script>\n<!-- \/ Yoast SEO plugin. -->","yoast_head_json":{"title":"Entrega en C\u00f3rdoba de los premios \u00abRicardo L\u00f3pez Crespo\u00bb 2018 - Fundaci\u00f3n Caja Rural del Sur","robots":{"index":"index","follow":"follow","max-snippet":"max-snippet:-1","max-image-preview":"max-image-preview:large","max-video-preview":"max-video-preview:-1"},"canonical":"https:\/\/fundacioncajaruraldelsur.com\/pt\/entrega-cordoba-los-premios-ricardo-lopez-crespo-2018\/","og_locale":"pt_PT","og_type":"article","og_title":"Entrega en C\u00f3rdoba de los premios \u00abRicardo L\u00f3pez Crespo\u00bb 2018 - Fundaci\u00f3n Caja Rural del Sur","og_description":"La Fundaci\u00f3n Caja Rural del Sur ha hecho entrega, en una gala celebrada en el Real C\u00edrculo de la Amistad de C\u00f3rdoba, de los VII Premios Ricardo L\u00f3pez Crespo, que [&hellip;]","og_url":"https:\/\/fundacioncajaruraldelsur.com\/pt\/entrega-cordoba-los-premios-ricardo-lopez-crespo-2018\/","og_site_name":"Fundaci\u00f3n Caja Rural del Sur","article_published_time":"2018-01-28T09:34:54+00:00","og_image":[{"width":765,"height":510,"url":"https:\/\/fundacioncajaruraldelsur.com\/wp-content\/uploads\/2018\/01\/premios1.jpg","type":"image\/jpeg"}],"author":"Comunicaci\u00f3n","twitter_card":"summary_large_image","twitter_misc":{"Written by":"Comunicaci\u00f3n","Est. reading time":"4 minutes"},"schema":{"@context":"https:\/\/schema.org","@graph":[{"@type":"Article","@id":"https:\/\/fundacioncajaruraldelsur.com\/entrega-cordoba-los-premios-ricardo-lopez-crespo-2018\/#article","isPartOf":{"@id":"https:\/\/fundacioncajaruraldelsur.com\/entrega-cordoba-los-premios-ricardo-lopez-crespo-2018\/"},"author":{"name":"Comunicaci\u00f3n","@id":"https:\/\/fundacioncajaruraldelsur.com\/#\/schema\/person\/f430da9fb783d505ff061ad8b3d44577"},"headline":"Entrega en C\u00f3rdoba de los premios \u00abRicardo L\u00f3pez Crespo\u00bb 2018","datePublished":"2018-01-28T09:34:54+00:00","mainEntityOfPage":{"@id":"https:\/\/fundacioncajaruraldelsur.com\/entrega-cordoba-los-premios-ricardo-lopez-crespo-2018\/"},"wordCount":852,"image":{"@id":"https:\/\/fundacioncajaruraldelsur.com\/entrega-cordoba-los-premios-ricardo-lopez-crespo-2018\/#primaryimage"},"thumbnailUrl":"https:\/\/fundacioncajaruraldelsur.com\/wp-content\/uploads\/2018\/01\/premios1.jpg","articleSection":["Premios"],"inLanguage":"pt-PT"},{"@type":"WebPage","@id":"https:\/\/fundacioncajaruraldelsur.com\/entrega-cordoba-los-premios-ricardo-lopez-crespo-2018\/","url":"https:\/\/fundacioncajaruraldelsur.com\/entrega-cordoba-los-premios-ricardo-lopez-crespo-2018\/","name":"Entrega en C\u00f3rdoba de los premios \u00abRicardo L\u00f3pez Crespo\u00bb 2018 - Fundaci\u00f3n Caja Rural del Sur","isPartOf":{"@id":"https:\/\/fundacioncajaruraldelsur.com\/#website"},"primaryImageOfPage":{"@id":"https:\/\/fundacioncajaruraldelsur.com\/entrega-cordoba-los-premios-ricardo-lopez-crespo-2018\/#primaryimage"},"image":{"@id":"https:\/\/fundacioncajaruraldelsur.com\/entrega-cordoba-los-premios-ricardo-lopez-crespo-2018\/#primaryimage"},"thumbnailUrl":"https:\/\/fundacioncajaruraldelsur.com\/wp-content\/uploads\/2018\/01\/premios1.jpg","datePublished":"2018-01-28T09:34:54+00:00","author":{"@id":"https:\/\/fundacioncajaruraldelsur.com\/#\/schema\/person\/f430da9fb783d505ff061ad8b3d44577"},"breadcrumb":{"@id":"https:\/\/fundacioncajaruraldelsur.com\/entrega-cordoba-los-premios-ricardo-lopez-crespo-2018\/#breadcrumb"},"inLanguage":"pt-PT","potentialAction":[{"@type":"ReadAction","target":["https:\/\/fundacioncajaruraldelsur.com\/entrega-cordoba-los-premios-ricardo-lopez-crespo-2018\/"]}]},{"@type":"ImageObject","inLanguage":"pt-PT","@id":"https:\/\/fundacioncajaruraldelsur.com\/entrega-cordoba-los-premios-ricardo-lopez-crespo-2018\/#primaryimage","url":"https:\/\/fundacioncajaruraldelsur.com\/wp-content\/uploads\/2018\/01\/premios1.jpg","contentUrl":"https:\/\/fundacioncajaruraldelsur.com\/wp-content\/uploads\/2018\/01\/premios1.jpg","width":765,"height":510},{"@type":"BreadcrumbList","@id":"https:\/\/fundacioncajaruraldelsur.com\/entrega-cordoba-los-premios-ricardo-lopez-crespo-2018\/#breadcrumb","itemListElement":[{"@type":"ListItem","position":1,"name":"Portada","item":"https:\/\/fundacioncajaruraldelsur.com\/"},{"@type":"ListItem","position":2,"name":"Entrega en C\u00f3rdoba de los premios \u00abRicardo L\u00f3pez Crespo\u00bb 2018"}]},{"@type":"WebSite","@id":"https:\/\/fundacioncajaruraldelsur.com\/#website","url":"https:\/\/fundacioncajaruraldelsur.com\/","name":"Funda\u00e7\u00e3o Caja Rural del Sur","description":"","potentialAction":[{"@type":"SearchAction","target":{"@type":"EntryPoint","urlTemplate":"https:\/\/fundacioncajaruraldelsur.com\/?s={search_term_string}"},"query-input":{"@type":"PropertyValueSpecification","valueRequired":true,"valueName":"search_term_string"}}],"inLanguage":"pt-PT"},{"@type":"Person","@id":"https:\/\/fundacioncajaruraldelsur.com\/#\/schema\/person\/f430da9fb783d505ff061ad8b3d44577","name":"Comunicaci\u00f3n","image":{"@type":"ImageObject","inLanguage":"pt-PT","@id":"https:\/\/secure.gravatar.com\/avatar\/0dca239875993680bac4603ad2de7942da018f52cc3a244578e0b3b09314a8d8?s=96&d=blank&r=g","url":"https:\/\/secure.gravatar.com\/avatar\/0dca239875993680bac4603ad2de7942da018f52cc3a244578e0b3b09314a8d8?s=96&d=blank&r=g","contentUrl":"https:\/\/secure.gravatar.com\/avatar\/0dca239875993680bac4603ad2de7942da018f52cc3a244578e0b3b09314a8d8?s=96&d=blank&r=g","caption":"Comunicaci\u00f3n"}}]}},"rttpg_featured_image_url":{"full":["https:\/\/fundacioncajaruraldelsur.com\/wp-content\/uploads\/2018\/01\/premios1.jpg",765,510,false],"landscape":["https:\/\/fundacioncajaruraldelsur.com\/wp-content\/uploads\/2018\/01\/premios1.jpg",765,510,false],"portraits":["https:\/\/fundacioncajaruraldelsur.com\/wp-content\/uploads\/2018\/01\/premios1.jpg",765,510,false],"thumbnail":["https:\/\/fundacioncajaruraldelsur.com\/wp-content\/uploads\/2018\/01\/premios1-150x150.jpg",150,150,true],"medium":["https:\/\/fundacioncajaruraldelsur.com\/wp-content\/uploads\/2018\/01\/premios1-300x200.jpg",300,200,true],"large":["https:\/\/fundacioncajaruraldelsur.com\/wp-content\/uploads\/2018\/01\/premios1.jpg",765,510,false],"1536x1536":["https:\/\/fundacioncajaruraldelsur.com\/wp-content\/uploads\/2018\/01\/premios1.jpg",765,510,false],"2048x2048":["https:\/\/fundacioncajaruraldelsur.com\/wp-content\/uploads\/2018\/01\/premios1.jpg",765,510,false],"trp-custom-language-flag":["https:\/\/fundacioncajaruraldelsur.com\/wp-content\/uploads\/2018\/01\/premios1.jpg",18,12,false],"blog-thumbnail":["https:\/\/fundacioncajaruraldelsur.com\/wp-content\/uploads\/2018\/01\/premios1-400x200.jpg",400,200,true]},"rttpg_author":{"display_name":"Comunicaci\u00f3n","author_link":"https:\/\/fundacioncajaruraldelsur.com\/pt\/author\/sevillaadmin\/"},"rttpg_comment":0,"rttpg_category":"<a href=\"https:\/\/fundacioncajaruraldelsur.com\/pt\/category\/premios\/\" rel=\"category tag\">Premios<\/a>","rttpg_excerpt":"La Fundaci\u00f3n Caja Rural del Sur ha hecho entrega, en una gala celebrada en el Real C\u00edrculo de la Amistad de C\u00f3rdoba, de los VII Premios Ricardo L\u00f3pez Crespo, que [&hellip;]","_links":{"self":[{"href":"https:\/\/fundacioncajaruraldelsur.com\/pt\/wp-json\/wp\/v2\/posts\/3349","targetHints":{"allow":["GET"]}}],"collection":[{"href":"https:\/\/fundacioncajaruraldelsur.com\/pt\/wp-json\/wp\/v2\/posts"}],"about":[{"href":"https:\/\/fundacioncajaruraldelsur.com\/pt\/wp-json\/wp\/v2\/types\/post"}],"author":[{"embeddable":true,"href":"https:\/\/fundacioncajaruraldelsur.com\/pt\/wp-json\/wp\/v2\/users\/6"}],"replies":[{"embeddable":true,"href":"https:\/\/fundacioncajaruraldelsur.com\/pt\/wp-json\/wp\/v2\/comments?post=3349"}],"version-history":[{"count":1,"href":"https:\/\/fundacioncajaruraldelsur.com\/pt\/wp-json\/wp\/v2\/posts\/3349\/revisions"}],"predecessor-version":[{"id":3352,"href":"https:\/\/fundacioncajaruraldelsur.com\/pt\/wp-json\/wp\/v2\/posts\/3349\/revisions\/3352"}],"wp:featuredmedia":[{"embeddable":true,"href":"https:\/\/fundacioncajaruraldelsur.com\/pt\/wp-json\/wp\/v2\/media\/3350"}],"wp:attachment":[{"href":"https:\/\/fundacioncajaruraldelsur.com\/pt\/wp-json\/wp\/v2\/media?parent=3349"}],"wp:term":[{"taxonomy":"category","embeddable":true,"href":"https:\/\/fundacioncajaruraldelsur.com\/pt\/wp-json\/wp\/v2\/categories?post=3349"},{"taxonomy":"post_tag","embeddable":true,"href":"https:\/\/fundacioncajaruraldelsur.com\/pt\/wp-json\/wp\/v2\/tags?post=3349"}],"curies":[{"name":"wp","href":"https:\/\/api.w.org\/{rel}","templated":true}]}}