{"id":3323,"date":"2018-01-24T14:29:43","date_gmt":"2018-01-24T14:29:43","guid":{"rendered":"\/?p=3323"},"modified":"2018-01-24T14:39:32","modified_gmt":"2018-01-24T14:39:32","slug":"fallo-la-xiii-edicion-los-premios-pepe-luis-vazquez-la-fundacion-la-caja-rural-del-sur","status":"publish","type":"post","link":"https:\/\/fundacioncajaruraldelsur.com\/pt\/fallo-la-xiii-edicion-los-premios-pepe-luis-vazquez-la-fundacion-la-caja-rural-del-sur\/","title":{"rendered":"Fallo de la XIII edici\u00f3n de los premios \u2018Pepe Luis V\u00e1zquez\u2019 de la Fundaci\u00f3n de la Caja Rural del Sur"},"content":{"rendered":"<div id=\"p_p_id_contentviewerportlet_WAR_newsportlet_INSTANCE_c943419c220140cdb16cb640e0300731_\" class=\"portlet-boundary portlet-boundary_contentviewerportlet_WAR_newsportlet_ portlet-static portlet-static-end content-viewer-portlet\">\n<div class=\"td-portlet\">\n<section id=\"portlet_contentviewerportlet_WAR_newsportlet_INSTANCE_c943419c220140cdb16cb640e0300731\" class=\"portlet\">\n<div class=\"portlet-content\">\n<div class=\"portlet-content-container\">\n<div class=\"portlet-body\">\n<div class=\"last td-viewer full-access\">\n<div id=\"fullContentDetalleTexto\">\n<div class=\"text\">\n<p>El diestro\u00a0Antonio Ferrera y la ganader\u00eda de Torrestrellahan sido los ganadores de la\u00a0XIII edici\u00f3n de los premios \u2018Pepe Luis V\u00e1zquez\u2019 de la Fundaci\u00f3n de la Caja Rural del Sur, que han distinguido a los principales sucesos de la temporada taurina 2017 en las plazas de Sevilla, Huelva, Jerez de la Frontera y El Puerto de Santa Mar\u00eda adem\u00e1s del Coso de los Califas de C\u00f3rdoba, que se incorporaba por primera vez a la valoraci\u00f3n del jurado de periodistas nombrado por la entidad.<\/p>\n<p>Adem\u00e1s se ha otorgado una\u00a0menci\u00f3n especial a la Fundaci\u00f3n del Toro de Lidia\u00a0como reconocimiento a su papel catalizador de la uni\u00f3n del sector taurino nacida a partir de la respuesta social y jur\u00eddica de los ataques que surgieron en las redes sociales a ra\u00edz de la tr\u00e1gica muerte del diestro V\u00edctor Barrio, seg\u00fan destac\u00f3\u00a0 el presidente de Caja Rural, Jos\u00e9 Luis Garc\u00eda Palacios.<\/p>\n<p>El jurado, destac\u00f3 actuaciones de toreros como\u00a0Miguel \u00c1ngel Perera o Pepe Moral, aunque finalmente decidi\u00f3 conceder el premio a Miguel \u00c1ngel Perera, por su actuaci\u00f3n en la plaza de la Maestranza con las corridas de\u00a0Victorino Mart\u00edn y El Pilar\u00a0adem\u00e1s de su intervenci\u00f3n en la temporada veraniega de El Puerto de Santa Mar\u00eda.<\/p>\n<p>El fallo incluye la concesi\u00f3n del premio a la\u00a0ganader\u00eda m\u00e1s destacada a la vacada de Torrestrella\u00a0en atenci\u00f3n al juego del encierro jugado en la plaza de la Maestranza el pasado 26 de abril. La corrida fue lidiada por\u00a0los j\u00f3venes matadores Jos\u00e9 Garrido \u2013que cort\u00f3 la \u00fanica oreja-, \u00c1lvaro Lorenzo y Gin\u00e9s Mar\u00edn\u00a0y fue destacada por la cr\u00edtica especializada como una de las mejores del ciclo hispalense.<\/p>\n<p>Los premios\u00a0ser\u00e1n entregados el Lunes de Pascua, d\u00eda 2 de abril, en la sede sevillana de la Fundaci\u00f3n Caja Rural del Sur.\u00a0En el mismo acto se presentar\u00e1 la publicaci\u00f3n anual \u2018Maestranza\u2019, que resume y analiza los festejos celebrados la temporada anterior en las plazas objeto de estos trofeos. La publicaci\u00f3n, que cumple su vig\u00e9simo aniversario est\u00e1 coordinada por el informador taurino Carlos Crivell.<\/p>\n<\/div>\n<\/div>\n<\/div>\n<\/div>\n<\/div>\n<\/div>\n<\/section>\n<\/div>\n<\/div>","protected":false},"excerpt":{"rendered":"<p>El diestro\u00a0Antonio Ferrera y la ganader\u00eda de Torrestrellahan sido los ganadores de la\u00a0XIII edici\u00f3n de los premios \u2018Pepe Luis V\u00e1zquez\u2019 de la Fundaci\u00f3n de la Caja Rural del Sur, que [&hellip;]<\/p>\n","protected":false},"author":6,"featured_media":3324,"comment_status":"closed","ping_status":"open","sticky":false,"template":"","format":"standard","meta":{"footnotes":""},"categories":[64],"tags":[],"class_list":["post-3323","post","type-post","status-publish","format-standard","has-post-thumbnail","hentry","category-premios"],"yoast_head":"<!-- This site is optimized with the Yoast SEO plugin v27.3 - https:\/\/yoast.com\/product\/yoast-seo-wordpress\/ -->\n<title>Fallo de la XIII edici\u00f3n de los premios \u2018Pepe Luis V\u00e1zquez\u2019 de la Fundaci\u00f3n de la Caja Rural del Sur - Fundaci\u00f3n Caja Rural del Sur<\/title>\n<meta name=\"robots\" content=\"index, follow, max-snippet:-1, max-image-preview:large, max-video-preview:-1\" \/>\n<link rel=\"canonical\" href=\"https:\/\/fundacioncajaruraldelsur.com\/pt\/fallo-la-xiii-edicion-los-premios-pepe-luis-vazquez-la-fundacion-la-caja-rural-del-sur\/\" \/>\n<meta property=\"og:locale\" content=\"pt_PT\" \/>\n<meta property=\"og:type\" content=\"article\" \/>\n<meta property=\"og:title\" content=\"Fallo de la XIII edici\u00f3n de los premios \u2018Pepe Luis V\u00e1zquez\u2019 de la Fundaci\u00f3n de la Caja Rural del Sur - Fundaci\u00f3n Caja Rural del Sur\" \/>\n<meta property=\"og:description\" content=\"El diestro\u00a0Antonio Ferrera y la ganader\u00eda de Torrestrellahan sido los ganadores de la\u00a0XIII edici\u00f3n de los premios \u2018Pepe Luis V\u00e1zquez\u2019 de la Fundaci\u00f3n de la Caja Rural del Sur, que [&hellip;]\" \/>\n<meta property=\"og:url\" content=\"https:\/\/fundacioncajaruraldelsur.com\/pt\/fallo-la-xiii-edicion-los-premios-pepe-luis-vazquez-la-fundacion-la-caja-rural-del-sur\/\" \/>\n<meta property=\"og:site_name\" content=\"Fundaci\u00f3n Caja Rural del Sur\" \/>\n<meta property=\"article:published_time\" content=\"2018-01-24T14:29:43+00:00\" \/>\n<meta property=\"article:modified_time\" content=\"2018-01-24T14:39:32+00:00\" \/>\n<meta property=\"og:image\" content=\"https:\/\/fundacioncajaruraldelsur.com\/wp-content\/uploads\/2018\/01\/premios-taurinos.jpg\" \/>\n\t<meta property=\"og:image:width\" content=\"1600\" \/>\n\t<meta property=\"og:image:height\" content=\"1200\" \/>\n\t<meta property=\"og:image:type\" content=\"image\/jpeg\" \/>\n<meta name=\"author\" content=\"Comunicaci\u00f3n\" \/>\n<meta name=\"twitter:card\" content=\"summary_large_image\" \/>\n<meta name=\"twitter:label1\" content=\"Written by\" \/>\n\t<meta name=\"twitter:data1\" content=\"Comunicaci\u00f3n\" \/>\n\t<meta name=\"twitter:label2\" content=\"Est. reading time\" \/>\n\t<meta name=\"twitter:data2\" content=\"2 minutes\" \/>\n<script type=\"application\/ld+json\" class=\"yoast-schema-graph\">{\"@context\":\"https:\\\/\\\/schema.org\",\"@graph\":[{\"@type\":\"Article\",\"@id\":\"https:\\\/\\\/fundacioncajaruraldelsur.com\\\/fallo-la-xiii-edicion-los-premios-pepe-luis-vazquez-la-fundacion-la-caja-rural-del-sur\\\/#article\",\"isPartOf\":{\"@id\":\"https:\\\/\\\/fundacioncajaruraldelsur.com\\\/fallo-la-xiii-edicion-los-premios-pepe-luis-vazquez-la-fundacion-la-caja-rural-del-sur\\\/\"},\"author\":{\"name\":\"Comunicaci\u00f3n\",\"@id\":\"https:\\\/\\\/fundacioncajaruraldelsur.com\\\/#\\\/schema\\\/person\\\/f430da9fb783d505ff061ad8b3d44577\"},\"headline\":\"Fallo de la XIII edici\u00f3n de los premios \u2018Pepe Luis V\u00e1zquez\u2019 de la Fundaci\u00f3n de la Caja Rural del Sur\",\"datePublished\":\"2018-01-24T14:29:43+00:00\",\"dateModified\":\"2018-01-24T14:39:32+00:00\",\"mainEntityOfPage\":{\"@id\":\"https:\\\/\\\/fundacioncajaruraldelsur.com\\\/fallo-la-xiii-edicion-los-premios-pepe-luis-vazquez-la-fundacion-la-caja-rural-del-sur\\\/\"},\"wordCount\":396,\"image\":{\"@id\":\"https:\\\/\\\/fundacioncajaruraldelsur.com\\\/fallo-la-xiii-edicion-los-premios-pepe-luis-vazquez-la-fundacion-la-caja-rural-del-sur\\\/#primaryimage\"},\"thumbnailUrl\":\"https:\\\/\\\/fundacioncajaruraldelsur.com\\\/wp-content\\\/uploads\\\/2018\\\/01\\\/premios-taurinos.jpg\",\"articleSection\":[\"Premios\"],\"inLanguage\":\"pt-PT\"},{\"@type\":\"WebPage\",\"@id\":\"https:\\\/\\\/fundacioncajaruraldelsur.com\\\/fallo-la-xiii-edicion-los-premios-pepe-luis-vazquez-la-fundacion-la-caja-rural-del-sur\\\/\",\"url\":\"https:\\\/\\\/fundacioncajaruraldelsur.com\\\/fallo-la-xiii-edicion-los-premios-pepe-luis-vazquez-la-fundacion-la-caja-rural-del-sur\\\/\",\"name\":\"Fallo de la XIII edici\u00f3n de los premios \u2018Pepe Luis V\u00e1zquez\u2019 de la Fundaci\u00f3n de la Caja Rural del Sur - Fundaci\u00f3n Caja Rural del Sur\",\"isPartOf\":{\"@id\":\"https:\\\/\\\/fundacioncajaruraldelsur.com\\\/#website\"},\"primaryImageOfPage\":{\"@id\":\"https:\\\/\\\/fundacioncajaruraldelsur.com\\\/fallo-la-xiii-edicion-los-premios-pepe-luis-vazquez-la-fundacion-la-caja-rural-del-sur\\\/#primaryimage\"},\"image\":{\"@id\":\"https:\\\/\\\/fundacioncajaruraldelsur.com\\\/fallo-la-xiii-edicion-los-premios-pepe-luis-vazquez-la-fundacion-la-caja-rural-del-sur\\\/#primaryimage\"},\"thumbnailUrl\":\"https:\\\/\\\/fundacioncajaruraldelsur.com\\\/wp-content\\\/uploads\\\/2018\\\/01\\\/premios-taurinos.jpg\",\"datePublished\":\"2018-01-24T14:29:43+00:00\",\"dateModified\":\"2018-01-24T14:39:32+00:00\",\"author\":{\"@id\":\"https:\\\/\\\/fundacioncajaruraldelsur.com\\\/#\\\/schema\\\/person\\\/f430da9fb783d505ff061ad8b3d44577\"},\"breadcrumb\":{\"@id\":\"https:\\\/\\\/fundacioncajaruraldelsur.com\\\/fallo-la-xiii-edicion-los-premios-pepe-luis-vazquez-la-fundacion-la-caja-rural-del-sur\\\/#breadcrumb\"},\"inLanguage\":\"pt-PT\",\"potentialAction\":[{\"@type\":\"ReadAction\",\"target\":[\"https:\\\/\\\/fundacioncajaruraldelsur.com\\\/fallo-la-xiii-edicion-los-premios-pepe-luis-vazquez-la-fundacion-la-caja-rural-del-sur\\\/\"]}]},{\"@type\":\"ImageObject\",\"inLanguage\":\"pt-PT\",\"@id\":\"https:\\\/\\\/fundacioncajaruraldelsur.com\\\/fallo-la-xiii-edicion-los-premios-pepe-luis-vazquez-la-fundacion-la-caja-rural-del-sur\\\/#primaryimage\",\"url\":\"https:\\\/\\\/fundacioncajaruraldelsur.com\\\/wp-content\\\/uploads\\\/2018\\\/01\\\/premios-taurinos.jpg\",\"contentUrl\":\"https:\\\/\\\/fundacioncajaruraldelsur.com\\\/wp-content\\\/uploads\\\/2018\\\/01\\\/premios-taurinos.jpg\",\"width\":1600,\"height\":1200},{\"@type\":\"BreadcrumbList\",\"@id\":\"https:\\\/\\\/fundacioncajaruraldelsur.com\\\/fallo-la-xiii-edicion-los-premios-pepe-luis-vazquez-la-fundacion-la-caja-rural-del-sur\\\/#breadcrumb\",\"itemListElement\":[{\"@type\":\"ListItem\",\"position\":1,\"name\":\"Portada\",\"item\":\"https:\\\/\\\/fundacioncajaruraldelsur.com\\\/\"},{\"@type\":\"ListItem\",\"position\":2,\"name\":\"Fallo de la XIII edici\u00f3n de los premios \u2018Pepe Luis V\u00e1zquez\u2019 de la Fundaci\u00f3n de la Caja Rural del Sur\"}]},{\"@type\":\"WebSite\",\"@id\":\"https:\\\/\\\/fundacioncajaruraldelsur.com\\\/#website\",\"url\":\"https:\\\/\\\/fundacioncajaruraldelsur.com\\\/\",\"name\":\"Fundaci\u00f3n Caja Rural del Sur\",\"description\":\"\",\"potentialAction\":[{\"@type\":\"SearchAction\",\"target\":{\"@type\":\"EntryPoint\",\"urlTemplate\":\"https:\\\/\\\/fundacioncajaruraldelsur.com\\\/?s={search_term_string}\"},\"query-input\":{\"@type\":\"PropertyValueSpecification\",\"valueRequired\":true,\"valueName\":\"search_term_string\"}}],\"inLanguage\":\"pt-PT\"},{\"@type\":\"Person\",\"@id\":\"https:\\\/\\\/fundacioncajaruraldelsur.com\\\/#\\\/schema\\\/person\\\/f430da9fb783d505ff061ad8b3d44577\",\"name\":\"Comunicaci\u00f3n\",\"image\":{\"@type\":\"ImageObject\",\"inLanguage\":\"pt-PT\",\"@id\":\"https:\\\/\\\/secure.gravatar.com\\\/avatar\\\/0dca239875993680bac4603ad2de7942da018f52cc3a244578e0b3b09314a8d8?s=96&d=blank&r=g\",\"url\":\"https:\\\/\\\/secure.gravatar.com\\\/avatar\\\/0dca239875993680bac4603ad2de7942da018f52cc3a244578e0b3b09314a8d8?s=96&d=blank&r=g\",\"contentUrl\":\"https:\\\/\\\/secure.gravatar.com\\\/avatar\\\/0dca239875993680bac4603ad2de7942da018f52cc3a244578e0b3b09314a8d8?s=96&d=blank&r=g\",\"caption\":\"Comunicaci\u00f3n\"}}]}<\/script>\n<!-- \/ Yoast SEO plugin. -->","yoast_head_json":{"title":"Fallo de la XIII edici\u00f3n de los premios \u2018Pepe Luis V\u00e1zquez\u2019 de la Fundaci\u00f3n de la Caja Rural del Sur - Fundaci\u00f3n Caja Rural del Sur","robots":{"index":"index","follow":"follow","max-snippet":"max-snippet:-1","max-image-preview":"max-image-preview:large","max-video-preview":"max-video-preview:-1"},"canonical":"https:\/\/fundacioncajaruraldelsur.com\/pt\/fallo-la-xiii-edicion-los-premios-pepe-luis-vazquez-la-fundacion-la-caja-rural-del-sur\/","og_locale":"pt_PT","og_type":"article","og_title":"Fallo de la XIII edici\u00f3n de los premios \u2018Pepe Luis V\u00e1zquez\u2019 de la Fundaci\u00f3n de la Caja Rural del Sur - Fundaci\u00f3n Caja Rural del Sur","og_description":"El diestro\u00a0Antonio Ferrera y la ganader\u00eda de Torrestrellahan sido los ganadores de la\u00a0XIII edici\u00f3n de los premios \u2018Pepe Luis V\u00e1zquez\u2019 de la Fundaci\u00f3n de la Caja Rural del Sur, que [&hellip;]","og_url":"https:\/\/fundacioncajaruraldelsur.com\/pt\/fallo-la-xiii-edicion-los-premios-pepe-luis-vazquez-la-fundacion-la-caja-rural-del-sur\/","og_site_name":"Fundaci\u00f3n Caja Rural del Sur","article_published_time":"2018-01-24T14:29:43+00:00","article_modified_time":"2018-01-24T14:39:32+00:00","og_image":[{"width":1600,"height":1200,"url":"https:\/\/fundacioncajaruraldelsur.com\/wp-content\/uploads\/2018\/01\/premios-taurinos.jpg","type":"image\/jpeg"}],"author":"Comunicaci\u00f3n","twitter_card":"summary_large_image","twitter_misc":{"Written by":"Comunicaci\u00f3n","Est. reading time":"2 minutes"},"schema":{"@context":"https:\/\/schema.org","@graph":[{"@type":"Article","@id":"https:\/\/fundacioncajaruraldelsur.com\/fallo-la-xiii-edicion-los-premios-pepe-luis-vazquez-la-fundacion-la-caja-rural-del-sur\/#article","isPartOf":{"@id":"https:\/\/fundacioncajaruraldelsur.com\/fallo-la-xiii-edicion-los-premios-pepe-luis-vazquez-la-fundacion-la-caja-rural-del-sur\/"},"author":{"name":"Comunicaci\u00f3n","@id":"https:\/\/fundacioncajaruraldelsur.com\/#\/schema\/person\/f430da9fb783d505ff061ad8b3d44577"},"headline":"Fallo de la XIII edici\u00f3n de los premios \u2018Pepe Luis V\u00e1zquez\u2019 de la Fundaci\u00f3n de la Caja Rural del Sur","datePublished":"2018-01-24T14:29:43+00:00","dateModified":"2018-01-24T14:39:32+00:00","mainEntityOfPage":{"@id":"https:\/\/fundacioncajaruraldelsur.com\/fallo-la-xiii-edicion-los-premios-pepe-luis-vazquez-la-fundacion-la-caja-rural-del-sur\/"},"wordCount":396,"image":{"@id":"https:\/\/fundacioncajaruraldelsur.com\/fallo-la-xiii-edicion-los-premios-pepe-luis-vazquez-la-fundacion-la-caja-rural-del-sur\/#primaryimage"},"thumbnailUrl":"https:\/\/fundacioncajaruraldelsur.com\/wp-content\/uploads\/2018\/01\/premios-taurinos.jpg","articleSection":["Premios"],"inLanguage":"pt-PT"},{"@type":"WebPage","@id":"https:\/\/fundacioncajaruraldelsur.com\/fallo-la-xiii-edicion-los-premios-pepe-luis-vazquez-la-fundacion-la-caja-rural-del-sur\/","url":"https:\/\/fundacioncajaruraldelsur.com\/fallo-la-xiii-edicion-los-premios-pepe-luis-vazquez-la-fundacion-la-caja-rural-del-sur\/","name":"Fallo de la XIII edici\u00f3n de los premios \u2018Pepe Luis V\u00e1zquez\u2019 de la Fundaci\u00f3n de la Caja Rural del Sur - Fundaci\u00f3n Caja Rural del Sur","isPartOf":{"@id":"https:\/\/fundacioncajaruraldelsur.com\/#website"},"primaryImageOfPage":{"@id":"https:\/\/fundacioncajaruraldelsur.com\/fallo-la-xiii-edicion-los-premios-pepe-luis-vazquez-la-fundacion-la-caja-rural-del-sur\/#primaryimage"},"image":{"@id":"https:\/\/fundacioncajaruraldelsur.com\/fallo-la-xiii-edicion-los-premios-pepe-luis-vazquez-la-fundacion-la-caja-rural-del-sur\/#primaryimage"},"thumbnailUrl":"https:\/\/fundacioncajaruraldelsur.com\/wp-content\/uploads\/2018\/01\/premios-taurinos.jpg","datePublished":"2018-01-24T14:29:43+00:00","dateModified":"2018-01-24T14:39:32+00:00","author":{"@id":"https:\/\/fundacioncajaruraldelsur.com\/#\/schema\/person\/f430da9fb783d505ff061ad8b3d44577"},"breadcrumb":{"@id":"https:\/\/fundacioncajaruraldelsur.com\/fallo-la-xiii-edicion-los-premios-pepe-luis-vazquez-la-fundacion-la-caja-rural-del-sur\/#breadcrumb"},"inLanguage":"pt-PT","potentialAction":[{"@type":"ReadAction","target":["https:\/\/fundacioncajaruraldelsur.com\/fallo-la-xiii-edicion-los-premios-pepe-luis-vazquez-la-fundacion-la-caja-rural-del-sur\/"]}]},{"@type":"ImageObject","inLanguage":"pt-PT","@id":"https:\/\/fundacioncajaruraldelsur.com\/fallo-la-xiii-edicion-los-premios-pepe-luis-vazquez-la-fundacion-la-caja-rural-del-sur\/#primaryimage","url":"https:\/\/fundacioncajaruraldelsur.com\/wp-content\/uploads\/2018\/01\/premios-taurinos.jpg","contentUrl":"https:\/\/fundacioncajaruraldelsur.com\/wp-content\/uploads\/2018\/01\/premios-taurinos.jpg","width":1600,"height":1200},{"@type":"BreadcrumbList","@id":"https:\/\/fundacioncajaruraldelsur.com\/fallo-la-xiii-edicion-los-premios-pepe-luis-vazquez-la-fundacion-la-caja-rural-del-sur\/#breadcrumb","itemListElement":[{"@type":"ListItem","position":1,"name":"Portada","item":"https:\/\/fundacioncajaruraldelsur.com\/"},{"@type":"ListItem","position":2,"name":"Fallo de la XIII edici\u00f3n de los premios \u2018Pepe Luis V\u00e1zquez\u2019 de la Fundaci\u00f3n de la Caja Rural del Sur"}]},{"@type":"WebSite","@id":"https:\/\/fundacioncajaruraldelsur.com\/#website","url":"https:\/\/fundacioncajaruraldelsur.com\/","name":"Funda\u00e7\u00e3o Caja Rural del Sur","description":"","potentialAction":[{"@type":"SearchAction","target":{"@type":"EntryPoint","urlTemplate":"https:\/\/fundacioncajaruraldelsur.com\/?s={search_term_string}"},"query-input":{"@type":"PropertyValueSpecification","valueRequired":true,"valueName":"search_term_string"}}],"inLanguage":"pt-PT"},{"@type":"Person","@id":"https:\/\/fundacioncajaruraldelsur.com\/#\/schema\/person\/f430da9fb783d505ff061ad8b3d44577","name":"Comunicaci\u00f3n","image":{"@type":"ImageObject","inLanguage":"pt-PT","@id":"https:\/\/secure.gravatar.com\/avatar\/0dca239875993680bac4603ad2de7942da018f52cc3a244578e0b3b09314a8d8?s=96&d=blank&r=g","url":"https:\/\/secure.gravatar.com\/avatar\/0dca239875993680bac4603ad2de7942da018f52cc3a244578e0b3b09314a8d8?s=96&d=blank&r=g","contentUrl":"https:\/\/secure.gravatar.com\/avatar\/0dca239875993680bac4603ad2de7942da018f52cc3a244578e0b3b09314a8d8?s=96&d=blank&r=g","caption":"Comunicaci\u00f3n"}}]}},"rttpg_featured_image_url":{"full":["https:\/\/fundacioncajaruraldelsur.com\/wp-content\/uploads\/2018\/01\/premios-taurinos.jpg",1600,1200,false],"landscape":["https:\/\/fundacioncajaruraldelsur.com\/wp-content\/uploads\/2018\/01\/premios-taurinos.jpg",1600,1200,false],"portraits":["https:\/\/fundacioncajaruraldelsur.com\/wp-content\/uploads\/2018\/01\/premios-taurinos.jpg",1600,1200,false],"thumbnail":["https:\/\/fundacioncajaruraldelsur.com\/wp-content\/uploads\/2018\/01\/premios-taurinos-150x150.jpg",150,150,true],"medium":["https:\/\/fundacioncajaruraldelsur.com\/wp-content\/uploads\/2018\/01\/premios-taurinos-300x225.jpg",300,225,true],"large":["https:\/\/fundacioncajaruraldelsur.com\/wp-content\/uploads\/2018\/01\/premios-taurinos-1024x768.jpg",960,720,true],"1536x1536":["https:\/\/fundacioncajaruraldelsur.com\/wp-content\/uploads\/2018\/01\/premios-taurinos.jpg",1536,1152,false],"2048x2048":["https:\/\/fundacioncajaruraldelsur.com\/wp-content\/uploads\/2018\/01\/premios-taurinos.jpg",1600,1200,false],"trp-custom-language-flag":["https:\/\/fundacioncajaruraldelsur.com\/wp-content\/uploads\/2018\/01\/premios-taurinos.jpg",16,12,false],"blog-thumbnail":["https:\/\/fundacioncajaruraldelsur.com\/wp-content\/uploads\/2018\/01\/premios-taurinos-400x200.jpg",400,200,true]},"rttpg_author":{"display_name":"Comunicaci\u00f3n","author_link":"https:\/\/fundacioncajaruraldelsur.com\/pt\/author\/sevillaadmin\/"},"rttpg_comment":0,"rttpg_category":"<a href=\"https:\/\/fundacioncajaruraldelsur.com\/pt\/category\/premios\/\" rel=\"category tag\">Premios<\/a>","rttpg_excerpt":"El diestro\u00a0Antonio Ferrera y la ganader\u00eda de Torrestrellahan sido los ganadores de la\u00a0XIII edici\u00f3n de los premios \u2018Pepe Luis V\u00e1zquez\u2019 de la Fundaci\u00f3n de la Caja Rural del Sur, que [&hellip;]","_links":{"self":[{"href":"https:\/\/fundacioncajaruraldelsur.com\/pt\/wp-json\/wp\/v2\/posts\/3323","targetHints":{"allow":["GET"]}}],"collection":[{"href":"https:\/\/fundacioncajaruraldelsur.com\/pt\/wp-json\/wp\/v2\/posts"}],"about":[{"href":"https:\/\/fundacioncajaruraldelsur.com\/pt\/wp-json\/wp\/v2\/types\/post"}],"author":[{"embeddable":true,"href":"https:\/\/fundacioncajaruraldelsur.com\/pt\/wp-json\/wp\/v2\/users\/6"}],"replies":[{"embeddable":true,"href":"https:\/\/fundacioncajaruraldelsur.com\/pt\/wp-json\/wp\/v2\/comments?post=3323"}],"version-history":[{"count":4,"href":"https:\/\/fundacioncajaruraldelsur.com\/pt\/wp-json\/wp\/v2\/posts\/3323\/revisions"}],"predecessor-version":[{"id":3328,"href":"https:\/\/fundacioncajaruraldelsur.com\/pt\/wp-json\/wp\/v2\/posts\/3323\/revisions\/3328"}],"wp:featuredmedia":[{"embeddable":true,"href":"https:\/\/fundacioncajaruraldelsur.com\/pt\/wp-json\/wp\/v2\/media\/3324"}],"wp:attachment":[{"href":"https:\/\/fundacioncajaruraldelsur.com\/pt\/wp-json\/wp\/v2\/media?parent=3323"}],"wp:term":[{"taxonomy":"category","embeddable":true,"href":"https:\/\/fundacioncajaruraldelsur.com\/pt\/wp-json\/wp\/v2\/categories?post=3323"},{"taxonomy":"post_tag","embeddable":true,"href":"https:\/\/fundacioncajaruraldelsur.com\/pt\/wp-json\/wp\/v2\/tags?post=3323"}],"curies":[{"name":"wp","href":"https:\/\/api.w.org\/{rel}","templated":true}]}}