{"id":3295,"date":"2017-12-13T20:38:49","date_gmt":"2017-12-13T20:38:49","guid":{"rendered":"\/?p=3295"},"modified":"2017-12-13T21:41:44","modified_gmt":"2017-12-13T21:41:44","slug":"homenaje-la-generacion-del-27-placido-domingo-juan-echanove-fernando-savater-respaldo-fundacion-caja-rural-del-sur","status":"publish","type":"post","link":"https:\/\/fundacioncajaruraldelsur.com\/pt\/homenaje-la-generacion-del-27-placido-domingo-juan-echanove-fernando-savater-respaldo-fundacion-caja-rural-del-sur\/","title":{"rendered":"Homenaje a la Generaci\u00f3n del 27 con Pl\u00e1cido Domingo, Juan Echanove y Fernando Savater, con el respaldo de Fundaci\u00f3n Caja Rural del Sur"},"content":{"rendered":"<p><strong>El Ateneo de Sevilla ha acogido este mi\u00e9rcoles 13 de diciembre el homenaje la Generaci\u00f3n del 27 <\/strong>con motivo del noventa aniversario de su conformaci\u00f3n como tal en 1927, iniciativa del torero Miguel \u00c1ngel Perera y la C\u00e1tedra Ignacio S\u00e1nchez Mej\u00edas de Comunicaci\u00f3n de la Universidad de Sevilla, con el patrocinio \u00edntegro de la Fundaci\u00f3n Caja Rural del Sur.<\/p>\n<p><strong>El acto ha contado con la presencia del presidente de la misma, Jos\u00e9 Luis Garc\u00eda Palacios<\/strong>, en un emotivo\u00a0 encuentro, presentado por el periodista Manuel Jes\u00fas Montes, que comenz\u00f3 con la interpretaci\u00f3n del poema &#8216;Romance de la luna&#8217; de Federico Garc\u00eda Lorca, por la soprano Berna Perles y el pianista Antonio Soriano, y con la lectura del poema de Lorca &#8216;Llanto por Ignacio S\u00e1nchez Mej\u00edas&#8217; de la mano de Juan Echanove de manera magistral. A su vez, el presidente del Ateneo, Alberto M\u00e1ximo P\u00e9rez Calera, realiz\u00f3 una semblanza de aquella famosa reuni\u00f3n de intelectuales en esta casa en 1927.<\/p>\n<div id=\"NoticiaPrincipal\">\n<div id=\"CuerpoNoticia\" class=\"NormalTextoNoticia\">\n<p>Durante su intervenci\u00f3n Perera ha remarcado que \u00abel esp\u00edritu de los componentes de la Generaci\u00f3n del 27, y de las poetisas, todav\u00eda late y aquello no ha terminado sino que dura hasta nuestros d\u00edas\u00bb, a la par que ha agradecido a los participantes en este acto, que son \u00abreferente de la cultura y de la sociedad en la actualidad\u00bb.<\/p>\n<\/div>\n<p><a href=\"\/wp-content\/uploads\/2017\/12\/ateneo2.png\" rel=\"lightbox-0\"><img loading=\"lazy\" decoding=\"async\" class=\"aligncenter wp-image-3302\" src=\"\/wp-content\/uploads\/2017\/12\/ateneo2.png\" alt=\"\" width=\"641\" height=\"334\" srcset=\"https:\/\/fundacioncajaruraldelsur.com\/wp-content\/uploads\/2017\/12\/ateneo2.png 943w, https:\/\/fundacioncajaruraldelsur.com\/wp-content\/uploads\/2017\/12\/ateneo2-300x156.png 300w, https:\/\/fundacioncajaruraldelsur.com\/wp-content\/uploads\/2017\/12\/ateneo2-768x400.png 768w\" sizes=\"auto, (max-width: 641px) 100vw, 641px\" \/><\/a><\/p>\n<div id=\"CuerpoNoticia\" class=\"NormalTextoNoticia\">\n<p>En su intervenci\u00f3n, Pl\u00e1cido Domingo ha destacado \u00abla clara presencia de la cultura en esta reuni\u00f3n de nuevo en Sevilla, que fue la cuna que los vio nacer como Generaci\u00f3n po\u00e9tica y la musa para poner de nuevo en valor la importancia de la tauromaquia\u00bb.<\/p>\n<p>Tras el acto institucional en el Ateneo de Sevilla se celebr\u00f3 una cena en el cortijo de Pino Montano, vivienda que fue de Ignacio S\u00e1nchez Mej\u00edas, y donde tambi\u00e9n se reunieron en 1927 los componentes de la Generaci\u00f3n, con el objetivo de seguir lo m\u00e1ximo posible el mismo itinerario que ellos hace 90 a\u00f1os.<\/p>\n<p>&nbsp;<\/p>\n<p><a href=\"\/wp-content\/uploads\/2017\/12\/Pte-Fundacio\u0301n-Caja-Rural-del-Sur-y-Pla\u0301cido-Domingo-en-homenaje-G27.jpg\" rel=\"lightbox-1\"><img loading=\"lazy\" decoding=\"async\" class=\"wp-image-3298 aligncenter\" src=\"\/wp-content\/uploads\/2017\/12\/Pte-Fundacio\u0301n-Caja-Rural-del-Sur-y-Pla\u0301cido-Domingo-en-homenaje-G27-300x225.jpg\" alt=\"\" width=\"380\" height=\"285\" srcset=\"https:\/\/fundacioncajaruraldelsur.com\/wp-content\/uploads\/2017\/12\/Pte-Fundacio\u0301n-Caja-Rural-del-Sur-y-Pla\u0301cido-Domingo-en-homenaje-G27-300x225.jpg 300w, https:\/\/fundacioncajaruraldelsur.com\/wp-content\/uploads\/2017\/12\/Pte-Fundacio\u0301n-Caja-Rural-del-Sur-y-Pla\u0301cido-Domingo-en-homenaje-G27-768x576.jpg 768w, https:\/\/fundacioncajaruraldelsur.com\/wp-content\/uploads\/2017\/12\/Pte-Fundacio\u0301n-Caja-Rural-del-Sur-y-Pla\u0301cido-Domingo-en-homenaje-G27-1024x768.jpg 1024w, https:\/\/fundacioncajaruraldelsur.com\/wp-content\/uploads\/2017\/12\/Pte-Fundacio\u0301n-Caja-Rural-del-Sur-y-Pla\u0301cido-Domingo-en-homenaje-G27.jpg 1632w\" sizes=\"auto, (max-width: 380px) 100vw, 380px\" \/><\/a><\/p>\n<\/div>\n<\/div>","protected":false},"excerpt":{"rendered":"<p>El Ateneo de Sevilla ha acogido este mi\u00e9rcoles 13 de diciembre el homenaje la Generaci\u00f3n del 27 con motivo del noventa aniversario de su conformaci\u00f3n como tal en 1927, iniciativa [&hellip;]<\/p>\n","protected":false},"author":6,"featured_media":3305,"comment_status":"closed","ping_status":"open","sticky":false,"template":"","format":"standard","meta":{"footnotes":""},"categories":[65],"tags":[],"class_list":["post-3295","post","type-post","status-publish","format-standard","has-post-thumbnail","hentry","category-homenajes"],"yoast_head":"<!-- This site is optimized with the Yoast SEO plugin v27.3 - https:\/\/yoast.com\/product\/yoast-seo-wordpress\/ -->\n<title>Homenaje a la Generaci\u00f3n del 27 con Pl\u00e1cido Domingo, Juan Echanove y Fernando Savater, con el respaldo de Fundaci\u00f3n Caja Rural del Sur - Fundaci\u00f3n Caja Rural del Sur<\/title>\n<meta name=\"robots\" content=\"index, follow, max-snippet:-1, max-image-preview:large, max-video-preview:-1\" \/>\n<link rel=\"canonical\" href=\"https:\/\/fundacioncajaruraldelsur.com\/pt\/homenaje-la-generacion-del-27-placido-domingo-juan-echanove-fernando-savater-respaldo-fundacion-caja-rural-del-sur\/\" \/>\n<meta property=\"og:locale\" content=\"pt_PT\" \/>\n<meta property=\"og:type\" content=\"article\" \/>\n<meta property=\"og:title\" content=\"Homenaje a la Generaci\u00f3n del 27 con Pl\u00e1cido Domingo, Juan Echanove y Fernando Savater, con el respaldo de Fundaci\u00f3n Caja Rural del Sur - Fundaci\u00f3n Caja Rural del Sur\" \/>\n<meta property=\"og:description\" content=\"El Ateneo de Sevilla ha acogido este mi\u00e9rcoles 13 de diciembre el homenaje la Generaci\u00f3n del 27 con motivo del noventa aniversario de su conformaci\u00f3n como tal en 1927, iniciativa [&hellip;]\" \/>\n<meta property=\"og:url\" content=\"https:\/\/fundacioncajaruraldelsur.com\/pt\/homenaje-la-generacion-del-27-placido-domingo-juan-echanove-fernando-savater-respaldo-fundacion-caja-rural-del-sur\/\" \/>\n<meta property=\"og:site_name\" content=\"Fundaci\u00f3n Caja Rural del Sur\" \/>\n<meta property=\"article:published_time\" content=\"2017-12-13T20:38:49+00:00\" \/>\n<meta property=\"article:modified_time\" content=\"2017-12-13T21:41:44+00:00\" \/>\n<meta property=\"og:image\" content=\"https:\/\/fundacioncajaruraldelsur.com\/wp-content\/uploads\/2017\/12\/ateneo4.png\" \/>\n\t<meta property=\"og:image:width\" content=\"1222\" \/>\n\t<meta property=\"og:image:height\" content=\"554\" \/>\n\t<meta property=\"og:image:type\" content=\"image\/png\" \/>\n<meta name=\"author\" content=\"Comunicaci\u00f3n\" \/>\n<meta name=\"twitter:card\" content=\"summary_large_image\" \/>\n<meta name=\"twitter:label1\" content=\"Written by\" \/>\n\t<meta name=\"twitter:data1\" content=\"Comunicaci\u00f3n\" \/>\n\t<meta name=\"twitter:label2\" content=\"Est. reading time\" \/>\n\t<meta name=\"twitter:data2\" content=\"2 minutes\" \/>\n<script type=\"application\/ld+json\" class=\"yoast-schema-graph\">{\"@context\":\"https:\\\/\\\/schema.org\",\"@graph\":[{\"@type\":\"Article\",\"@id\":\"https:\\\/\\\/fundacioncajaruraldelsur.com\\\/homenaje-la-generacion-del-27-placido-domingo-juan-echanove-fernando-savater-respaldo-fundacion-caja-rural-del-sur\\\/#article\",\"isPartOf\":{\"@id\":\"https:\\\/\\\/fundacioncajaruraldelsur.com\\\/homenaje-la-generacion-del-27-placido-domingo-juan-echanove-fernando-savater-respaldo-fundacion-caja-rural-del-sur\\\/\"},\"author\":{\"name\":\"Comunicaci\u00f3n\",\"@id\":\"https:\\\/\\\/fundacioncajaruraldelsur.com\\\/#\\\/schema\\\/person\\\/f430da9fb783d505ff061ad8b3d44577\"},\"headline\":\"Homenaje a la Generaci\u00f3n del 27 con Pl\u00e1cido Domingo, Juan Echanove y Fernando Savater, con el respaldo de Fundaci\u00f3n Caja Rural del Sur\",\"datePublished\":\"2017-12-13T20:38:49+00:00\",\"dateModified\":\"2017-12-13T21:41:44+00:00\",\"mainEntityOfPage\":{\"@id\":\"https:\\\/\\\/fundacioncajaruraldelsur.com\\\/homenaje-la-generacion-del-27-placido-domingo-juan-echanove-fernando-savater-respaldo-fundacion-caja-rural-del-sur\\\/\"},\"wordCount\":368,\"image\":{\"@id\":\"https:\\\/\\\/fundacioncajaruraldelsur.com\\\/homenaje-la-generacion-del-27-placido-domingo-juan-echanove-fernando-savater-respaldo-fundacion-caja-rural-del-sur\\\/#primaryimage\"},\"thumbnailUrl\":\"https:\\\/\\\/fundacioncajaruraldelsur.com\\\/wp-content\\\/uploads\\\/2017\\\/12\\\/ateneo4.png\",\"articleSection\":[\"Homenajes\"],\"inLanguage\":\"pt-PT\"},{\"@type\":\"WebPage\",\"@id\":\"https:\\\/\\\/fundacioncajaruraldelsur.com\\\/homenaje-la-generacion-del-27-placido-domingo-juan-echanove-fernando-savater-respaldo-fundacion-caja-rural-del-sur\\\/\",\"url\":\"https:\\\/\\\/fundacioncajaruraldelsur.com\\\/homenaje-la-generacion-del-27-placido-domingo-juan-echanove-fernando-savater-respaldo-fundacion-caja-rural-del-sur\\\/\",\"name\":\"Homenaje a la Generaci\u00f3n del 27 con Pl\u00e1cido Domingo, Juan Echanove y Fernando Savater, con el respaldo de Fundaci\u00f3n Caja Rural del Sur - Fundaci\u00f3n Caja Rural del Sur\",\"isPartOf\":{\"@id\":\"https:\\\/\\\/fundacioncajaruraldelsur.com\\\/#website\"},\"primaryImageOfPage\":{\"@id\":\"https:\\\/\\\/fundacioncajaruraldelsur.com\\\/homenaje-la-generacion-del-27-placido-domingo-juan-echanove-fernando-savater-respaldo-fundacion-caja-rural-del-sur\\\/#primaryimage\"},\"image\":{\"@id\":\"https:\\\/\\\/fundacioncajaruraldelsur.com\\\/homenaje-la-generacion-del-27-placido-domingo-juan-echanove-fernando-savater-respaldo-fundacion-caja-rural-del-sur\\\/#primaryimage\"},\"thumbnailUrl\":\"https:\\\/\\\/fundacioncajaruraldelsur.com\\\/wp-content\\\/uploads\\\/2017\\\/12\\\/ateneo4.png\",\"datePublished\":\"2017-12-13T20:38:49+00:00\",\"dateModified\":\"2017-12-13T21:41:44+00:00\",\"author\":{\"@id\":\"https:\\\/\\\/fundacioncajaruraldelsur.com\\\/#\\\/schema\\\/person\\\/f430da9fb783d505ff061ad8b3d44577\"},\"breadcrumb\":{\"@id\":\"https:\\\/\\\/fundacioncajaruraldelsur.com\\\/homenaje-la-generacion-del-27-placido-domingo-juan-echanove-fernando-savater-respaldo-fundacion-caja-rural-del-sur\\\/#breadcrumb\"},\"inLanguage\":\"pt-PT\",\"potentialAction\":[{\"@type\":\"ReadAction\",\"target\":[\"https:\\\/\\\/fundacioncajaruraldelsur.com\\\/homenaje-la-generacion-del-27-placido-domingo-juan-echanove-fernando-savater-respaldo-fundacion-caja-rural-del-sur\\\/\"]}]},{\"@type\":\"ImageObject\",\"inLanguage\":\"pt-PT\",\"@id\":\"https:\\\/\\\/fundacioncajaruraldelsur.com\\\/homenaje-la-generacion-del-27-placido-domingo-juan-echanove-fernando-savater-respaldo-fundacion-caja-rural-del-sur\\\/#primaryimage\",\"url\":\"https:\\\/\\\/fundacioncajaruraldelsur.com\\\/wp-content\\\/uploads\\\/2017\\\/12\\\/ateneo4.png\",\"contentUrl\":\"https:\\\/\\\/fundacioncajaruraldelsur.com\\\/wp-content\\\/uploads\\\/2017\\\/12\\\/ateneo4.png\",\"width\":1222,\"height\":554},{\"@type\":\"BreadcrumbList\",\"@id\":\"https:\\\/\\\/fundacioncajaruraldelsur.com\\\/homenaje-la-generacion-del-27-placido-domingo-juan-echanove-fernando-savater-respaldo-fundacion-caja-rural-del-sur\\\/#breadcrumb\",\"itemListElement\":[{\"@type\":\"ListItem\",\"position\":1,\"name\":\"Portada\",\"item\":\"https:\\\/\\\/fundacioncajaruraldelsur.com\\\/\"},{\"@type\":\"ListItem\",\"position\":2,\"name\":\"Homenaje a la Generaci\u00f3n del 27 con Pl\u00e1cido Domingo, Juan Echanove y Fernando Savater, con el respaldo de Fundaci\u00f3n Caja Rural del Sur\"}]},{\"@type\":\"WebSite\",\"@id\":\"https:\\\/\\\/fundacioncajaruraldelsur.com\\\/#website\",\"url\":\"https:\\\/\\\/fundacioncajaruraldelsur.com\\\/\",\"name\":\"Fundaci\u00f3n Caja Rural del Sur\",\"description\":\"\",\"potentialAction\":[{\"@type\":\"SearchAction\",\"target\":{\"@type\":\"EntryPoint\",\"urlTemplate\":\"https:\\\/\\\/fundacioncajaruraldelsur.com\\\/?s={search_term_string}\"},\"query-input\":{\"@type\":\"PropertyValueSpecification\",\"valueRequired\":true,\"valueName\":\"search_term_string\"}}],\"inLanguage\":\"pt-PT\"},{\"@type\":\"Person\",\"@id\":\"https:\\\/\\\/fundacioncajaruraldelsur.com\\\/#\\\/schema\\\/person\\\/f430da9fb783d505ff061ad8b3d44577\",\"name\":\"Comunicaci\u00f3n\",\"image\":{\"@type\":\"ImageObject\",\"inLanguage\":\"pt-PT\",\"@id\":\"https:\\\/\\\/secure.gravatar.com\\\/avatar\\\/0dca239875993680bac4603ad2de7942da018f52cc3a244578e0b3b09314a8d8?s=96&d=blank&r=g\",\"url\":\"https:\\\/\\\/secure.gravatar.com\\\/avatar\\\/0dca239875993680bac4603ad2de7942da018f52cc3a244578e0b3b09314a8d8?s=96&d=blank&r=g\",\"contentUrl\":\"https:\\\/\\\/secure.gravatar.com\\\/avatar\\\/0dca239875993680bac4603ad2de7942da018f52cc3a244578e0b3b09314a8d8?s=96&d=blank&r=g\",\"caption\":\"Comunicaci\u00f3n\"}}]}<\/script>\n<!-- \/ Yoast SEO plugin. -->","yoast_head_json":{"title":"Homenaje a la Generaci\u00f3n del 27 con Pl\u00e1cido Domingo, Juan Echanove y Fernando Savater, con el respaldo de Fundaci\u00f3n Caja Rural del Sur - Fundaci\u00f3n Caja Rural del Sur","robots":{"index":"index","follow":"follow","max-snippet":"max-snippet:-1","max-image-preview":"max-image-preview:large","max-video-preview":"max-video-preview:-1"},"canonical":"https:\/\/fundacioncajaruraldelsur.com\/pt\/homenaje-la-generacion-del-27-placido-domingo-juan-echanove-fernando-savater-respaldo-fundacion-caja-rural-del-sur\/","og_locale":"pt_PT","og_type":"article","og_title":"Homenaje a la Generaci\u00f3n del 27 con Pl\u00e1cido Domingo, Juan Echanove y Fernando Savater, con el respaldo de Fundaci\u00f3n Caja Rural del Sur - Fundaci\u00f3n Caja Rural del Sur","og_description":"El Ateneo de Sevilla ha acogido este mi\u00e9rcoles 13 de diciembre el homenaje la Generaci\u00f3n del 27 con motivo del noventa aniversario de su conformaci\u00f3n como tal en 1927, iniciativa [&hellip;]","og_url":"https:\/\/fundacioncajaruraldelsur.com\/pt\/homenaje-la-generacion-del-27-placido-domingo-juan-echanove-fernando-savater-respaldo-fundacion-caja-rural-del-sur\/","og_site_name":"Fundaci\u00f3n Caja Rural del Sur","article_published_time":"2017-12-13T20:38:49+00:00","article_modified_time":"2017-12-13T21:41:44+00:00","og_image":[{"width":1222,"height":554,"url":"https:\/\/fundacioncajaruraldelsur.com\/wp-content\/uploads\/2017\/12\/ateneo4.png","type":"image\/png"}],"author":"Comunicaci\u00f3n","twitter_card":"summary_large_image","twitter_misc":{"Written by":"Comunicaci\u00f3n","Est. reading time":"2 minutes"},"schema":{"@context":"https:\/\/schema.org","@graph":[{"@type":"Article","@id":"https:\/\/fundacioncajaruraldelsur.com\/homenaje-la-generacion-del-27-placido-domingo-juan-echanove-fernando-savater-respaldo-fundacion-caja-rural-del-sur\/#article","isPartOf":{"@id":"https:\/\/fundacioncajaruraldelsur.com\/homenaje-la-generacion-del-27-placido-domingo-juan-echanove-fernando-savater-respaldo-fundacion-caja-rural-del-sur\/"},"author":{"name":"Comunicaci\u00f3n","@id":"https:\/\/fundacioncajaruraldelsur.com\/#\/schema\/person\/f430da9fb783d505ff061ad8b3d44577"},"headline":"Homenaje a la Generaci\u00f3n del 27 con Pl\u00e1cido Domingo, Juan Echanove y Fernando Savater, con el respaldo de Fundaci\u00f3n Caja Rural del Sur","datePublished":"2017-12-13T20:38:49+00:00","dateModified":"2017-12-13T21:41:44+00:00","mainEntityOfPage":{"@id":"https:\/\/fundacioncajaruraldelsur.com\/homenaje-la-generacion-del-27-placido-domingo-juan-echanove-fernando-savater-respaldo-fundacion-caja-rural-del-sur\/"},"wordCount":368,"image":{"@id":"https:\/\/fundacioncajaruraldelsur.com\/homenaje-la-generacion-del-27-placido-domingo-juan-echanove-fernando-savater-respaldo-fundacion-caja-rural-del-sur\/#primaryimage"},"thumbnailUrl":"https:\/\/fundacioncajaruraldelsur.com\/wp-content\/uploads\/2017\/12\/ateneo4.png","articleSection":["Homenajes"],"inLanguage":"pt-PT"},{"@type":"WebPage","@id":"https:\/\/fundacioncajaruraldelsur.com\/homenaje-la-generacion-del-27-placido-domingo-juan-echanove-fernando-savater-respaldo-fundacion-caja-rural-del-sur\/","url":"https:\/\/fundacioncajaruraldelsur.com\/homenaje-la-generacion-del-27-placido-domingo-juan-echanove-fernando-savater-respaldo-fundacion-caja-rural-del-sur\/","name":"Homenaje a la Generaci\u00f3n del 27 con Pl\u00e1cido Domingo, Juan Echanove y Fernando Savater, con el respaldo de Fundaci\u00f3n Caja Rural del Sur - Fundaci\u00f3n Caja Rural del Sur","isPartOf":{"@id":"https:\/\/fundacioncajaruraldelsur.com\/#website"},"primaryImageOfPage":{"@id":"https:\/\/fundacioncajaruraldelsur.com\/homenaje-la-generacion-del-27-placido-domingo-juan-echanove-fernando-savater-respaldo-fundacion-caja-rural-del-sur\/#primaryimage"},"image":{"@id":"https:\/\/fundacioncajaruraldelsur.com\/homenaje-la-generacion-del-27-placido-domingo-juan-echanove-fernando-savater-respaldo-fundacion-caja-rural-del-sur\/#primaryimage"},"thumbnailUrl":"https:\/\/fundacioncajaruraldelsur.com\/wp-content\/uploads\/2017\/12\/ateneo4.png","datePublished":"2017-12-13T20:38:49+00:00","dateModified":"2017-12-13T21:41:44+00:00","author":{"@id":"https:\/\/fundacioncajaruraldelsur.com\/#\/schema\/person\/f430da9fb783d505ff061ad8b3d44577"},"breadcrumb":{"@id":"https:\/\/fundacioncajaruraldelsur.com\/homenaje-la-generacion-del-27-placido-domingo-juan-echanove-fernando-savater-respaldo-fundacion-caja-rural-del-sur\/#breadcrumb"},"inLanguage":"pt-PT","potentialAction":[{"@type":"ReadAction","target":["https:\/\/fundacioncajaruraldelsur.com\/homenaje-la-generacion-del-27-placido-domingo-juan-echanove-fernando-savater-respaldo-fundacion-caja-rural-del-sur\/"]}]},{"@type":"ImageObject","inLanguage":"pt-PT","@id":"https:\/\/fundacioncajaruraldelsur.com\/homenaje-la-generacion-del-27-placido-domingo-juan-echanove-fernando-savater-respaldo-fundacion-caja-rural-del-sur\/#primaryimage","url":"https:\/\/fundacioncajaruraldelsur.com\/wp-content\/uploads\/2017\/12\/ateneo4.png","contentUrl":"https:\/\/fundacioncajaruraldelsur.com\/wp-content\/uploads\/2017\/12\/ateneo4.png","width":1222,"height":554},{"@type":"BreadcrumbList","@id":"https:\/\/fundacioncajaruraldelsur.com\/homenaje-la-generacion-del-27-placido-domingo-juan-echanove-fernando-savater-respaldo-fundacion-caja-rural-del-sur\/#breadcrumb","itemListElement":[{"@type":"ListItem","position":1,"name":"Portada","item":"https:\/\/fundacioncajaruraldelsur.com\/"},{"@type":"ListItem","position":2,"name":"Homenaje a la Generaci\u00f3n del 27 con Pl\u00e1cido Domingo, Juan Echanove y Fernando Savater, con el respaldo de Fundaci\u00f3n Caja Rural del Sur"}]},{"@type":"WebSite","@id":"https:\/\/fundacioncajaruraldelsur.com\/#website","url":"https:\/\/fundacioncajaruraldelsur.com\/","name":"Funda\u00e7\u00e3o Caja Rural del Sur","description":"","potentialAction":[{"@type":"SearchAction","target":{"@type":"EntryPoint","urlTemplate":"https:\/\/fundacioncajaruraldelsur.com\/?s={search_term_string}"},"query-input":{"@type":"PropertyValueSpecification","valueRequired":true,"valueName":"search_term_string"}}],"inLanguage":"pt-PT"},{"@type":"Person","@id":"https:\/\/fundacioncajaruraldelsur.com\/#\/schema\/person\/f430da9fb783d505ff061ad8b3d44577","name":"Comunicaci\u00f3n","image":{"@type":"ImageObject","inLanguage":"pt-PT","@id":"https:\/\/secure.gravatar.com\/avatar\/0dca239875993680bac4603ad2de7942da018f52cc3a244578e0b3b09314a8d8?s=96&d=blank&r=g","url":"https:\/\/secure.gravatar.com\/avatar\/0dca239875993680bac4603ad2de7942da018f52cc3a244578e0b3b09314a8d8?s=96&d=blank&r=g","contentUrl":"https:\/\/secure.gravatar.com\/avatar\/0dca239875993680bac4603ad2de7942da018f52cc3a244578e0b3b09314a8d8?s=96&d=blank&r=g","caption":"Comunicaci\u00f3n"}}]}},"rttpg_featured_image_url":{"full":["https:\/\/fundacioncajaruraldelsur.com\/wp-content\/uploads\/2017\/12\/ateneo4.png",1222,554,false],"landscape":["https:\/\/fundacioncajaruraldelsur.com\/wp-content\/uploads\/2017\/12\/ateneo4.png",1222,554,false],"portraits":["https:\/\/fundacioncajaruraldelsur.com\/wp-content\/uploads\/2017\/12\/ateneo4.png",1222,554,false],"thumbnail":["https:\/\/fundacioncajaruraldelsur.com\/wp-content\/uploads\/2017\/12\/ateneo4-150x150.png",150,150,true],"medium":["https:\/\/fundacioncajaruraldelsur.com\/wp-content\/uploads\/2017\/12\/ateneo4-300x136.png",300,136,true],"large":["https:\/\/fundacioncajaruraldelsur.com\/wp-content\/uploads\/2017\/12\/ateneo4-1024x464.png",960,435,true],"1536x1536":["https:\/\/fundacioncajaruraldelsur.com\/wp-content\/uploads\/2017\/12\/ateneo4.png",1222,554,false],"2048x2048":["https:\/\/fundacioncajaruraldelsur.com\/wp-content\/uploads\/2017\/12\/ateneo4.png",1222,554,false],"trp-custom-language-flag":["https:\/\/fundacioncajaruraldelsur.com\/wp-content\/uploads\/2017\/12\/ateneo4.png",18,8,false],"blog-thumbnail":["https:\/\/fundacioncajaruraldelsur.com\/wp-content\/uploads\/2017\/12\/ateneo4-400x200.png",400,200,true]},"rttpg_author":{"display_name":"Comunicaci\u00f3n","author_link":"https:\/\/fundacioncajaruraldelsur.com\/pt\/author\/sevillaadmin\/"},"rttpg_comment":0,"rttpg_category":"<a href=\"https:\/\/fundacioncajaruraldelsur.com\/pt\/category\/homenajes\/\" rel=\"category tag\">Homenajes<\/a>","rttpg_excerpt":"El Ateneo de Sevilla ha acogido este mi\u00e9rcoles 13 de diciembre el homenaje la Generaci\u00f3n del 27 con motivo del noventa aniversario de su conformaci\u00f3n como tal en 1927, iniciativa [&hellip;]","_links":{"self":[{"href":"https:\/\/fundacioncajaruraldelsur.com\/pt\/wp-json\/wp\/v2\/posts\/3295","targetHints":{"allow":["GET"]}}],"collection":[{"href":"https:\/\/fundacioncajaruraldelsur.com\/pt\/wp-json\/wp\/v2\/posts"}],"about":[{"href":"https:\/\/fundacioncajaruraldelsur.com\/pt\/wp-json\/wp\/v2\/types\/post"}],"author":[{"embeddable":true,"href":"https:\/\/fundacioncajaruraldelsur.com\/pt\/wp-json\/wp\/v2\/users\/6"}],"replies":[{"embeddable":true,"href":"https:\/\/fundacioncajaruraldelsur.com\/pt\/wp-json\/wp\/v2\/comments?post=3295"}],"version-history":[{"count":6,"href":"https:\/\/fundacioncajaruraldelsur.com\/pt\/wp-json\/wp\/v2\/posts\/3295\/revisions"}],"predecessor-version":[{"id":3306,"href":"https:\/\/fundacioncajaruraldelsur.com\/pt\/wp-json\/wp\/v2\/posts\/3295\/revisions\/3306"}],"wp:featuredmedia":[{"embeddable":true,"href":"https:\/\/fundacioncajaruraldelsur.com\/pt\/wp-json\/wp\/v2\/media\/3305"}],"wp:attachment":[{"href":"https:\/\/fundacioncajaruraldelsur.com\/pt\/wp-json\/wp\/v2\/media?parent=3295"}],"wp:term":[{"taxonomy":"category","embeddable":true,"href":"https:\/\/fundacioncajaruraldelsur.com\/pt\/wp-json\/wp\/v2\/categories?post=3295"},{"taxonomy":"post_tag","embeddable":true,"href":"https:\/\/fundacioncajaruraldelsur.com\/pt\/wp-json\/wp\/v2\/tags?post=3295"}],"curies":[{"name":"wp","href":"https:\/\/api.w.org\/{rel}","templated":true}]}}