{"id":3276,"date":"2017-11-24T10:01:01","date_gmt":"2017-11-24T10:01:01","guid":{"rendered":"\/?p=3276"},"modified":"2017-11-24T10:01:01","modified_gmt":"2017-11-24T10:01:01","slug":"fundacion-caja-rural-del-sur-patrocina-homenaje-la-generacion-del-27-ateneo-sevilla-promovida-torero-miguel-angel-perera","status":"publish","type":"post","link":"https:\/\/fundacioncajaruraldelsur.com\/pt\/fundacion-caja-rural-del-sur-patrocina-homenaje-la-generacion-del-27-ateneo-sevilla-promovida-torero-miguel-angel-perera\/","title":{"rendered":"Fundaci\u00f3n Caja Rural del Sur patrocina el homenaje a la Generaci\u00f3n del 27 en el Ateneo de Sevilla, promovida por el torero Miguel \u00c1ngel Perera"},"content":{"rendered":"<p>La Fundaci\u00f3n Caja Rural del Sur ha respaldado como principal patrocinador la iniciativa del torero Miguel \u00c1ngel Perera y la C\u00e1tedra Ignacio S\u00e1nchez Mej\u00edas de Comunicaci\u00f3n de la Universidad de Sevilla para rendir un homenaje el pr\u00f3ximo 13 de diciembre a la Generaci\u00f3n del 27 con motivo del noventa aniversario de su conformaci\u00f3n como tal, un hecho que se sit\u00faa en el acto de homenaje a Luis de G\u00f3ngora celebrado en el Ateneo de Sevilla en diciembre de 1927 y donde particip\u00f3 buena parte de los componentes m\u00e1s notables de aquel movimiento intelectual, considerado como la Edad de Plata de la literatura espa\u00f1ola.<\/p>\n<p>Esta iniciativa cuenta con el patrocinio \u00edntegro de la Fundaci\u00f3n Caja Rural del Sur, cuyo presidente, Jos\u00e9 Luis Garc\u00eda Palacios, expres\u00f3 en el acto de presentaci\u00f3n de la misma su satisfacci\u00f3n \u201cpor poder ser parte de un reconocimiento tan justo y merecido a una hornada de escritores y poetas del todo fundamental para entender la literatura espa\u00f1ola. Y no s\u00f3lo eso, sino que tambi\u00e9n a partir de la Generaci\u00f3n del 27, cambi\u00f3 la consideraci\u00f3n de la propia Tauromaquia como expresi\u00f3n cultural, a la vez, del pueblo y de las \u00e9lites por igual. La vocaci\u00f3n de la Fundaci\u00f3n es estar al lado de acontecimientos as\u00ed que, sin duda, engrandecen a la cultura de este tiempo\u201d.<\/p>\n<p>El Ateneo hispalense ser\u00e1 escenario de este nuevo encuentro en el que participar\u00e1n, entre otros, el tenor Pl\u00e1cido Domingo, el actor Juan Echanove, el fil\u00f3sofo Fernando Savater, el cantaor flamenco Jos\u00e9 Merc\u00e9, el poeta Carlos Marzal y el director de la Fundaci\u00f3n Centro Cultural de Belem en Lisboa, Elissio Summavielle. Ellos encarnan la columna vertebral de ese evento, que se ir\u00e1 completando en los pr\u00f3ximos d\u00edas con los nombres de m\u00e1s personalidades que se unir\u00e1n a \u00e9l.<\/p>\n<p>El objetivo de Miguel \u00c1ngel Perera y de la C\u00e1tedra S\u00e1nchez Mej\u00edas es repetir un encuentro de intelectuales y de referentes sociales similar a aqu\u00e9l \u201cpero con los signos del siglo XXI\u201d y reeditar y actualizar la hist\u00f3rica fotograf\u00eda de la Generaci\u00f3n del 27 en el Ateneo de Sevilla. El extreme\u00f1o considera \u201cuna cita ineludible\u201d rendir homenaje a la Generaci\u00f3n del 27 ahora que se cumplen noventa a\u00f1os de su creaci\u00f3n y \u201ccomo artista y como hombre de la cultura comprometido con mi tiempo y con mi sociedad, creo muy necesario tomar el relevo de Ignacio S\u00e1nchez Mej\u00edas y ser, como lo fue \u00e9l, el nexo de uni\u00f3n que concite a otra pl\u00e9yade de referentes sociales de este momento\u201d. Y los habr\u00e1 de \u00e1mbitos muy diversos de la actividad: desde luego que la literatura y la poes\u00eda, pero tambi\u00e9n de la m\u00fasica, el cine, el teatro, la filosof\u00eda, e incluso, el deporte.<\/p>\n<p><strong>La Generaci\u00f3n del 27, noventa a\u00f1os despu\u00e9s<\/strong><\/p>\n<p>Por su parte, el presidente del Excelent\u00edsimo Ateneo de Sevilla, Alberto M\u00e1ximo P\u00e9rez Calero, se\u00f1al\u00f3 que \u201ccuando Miguel \u00c1ngel Perera, junto con la C\u00e1tedra Ignacio S\u00e1nchez Mej\u00edas de la Universidad de Sevilla, nos propuso colaborar para recrear en nuestro espacio, tal y como aconteciera hace 90 a\u00f1os, una fotograf\u00eda en homenaje a la Generaci\u00f3n del 27, no pudimos decir m\u00e1s que s\u00ed. El Ateneo es un espacio abierto a la cultura. Durante todo este a\u00f1o, llevamos desarrollando una incesante agenda de actividades en torno a la efem\u00e9ride. Hemos desarrollado ciclo de conferencias, exposiciones, lecturas continuadas de las obras de los poetas y poetisas de esa Generaci\u00f3n y este acto del 13 de diciembre lo va a coronar todo\u201d.<\/p>\n<p>Tras el acto institucional en el Ateneo de Sevilla, se celebrar\u00e1 esa noche del 13 de diciembre una cena en el cortijo de Pino Montano, vivienda que fue de Ignacio S\u00e1nchez Mej\u00edas, y donde tambi\u00e9n se reunieron en 1927 los componentes de la Generaci\u00f3n. \u201cLa idea es seguir lo m\u00e1s posible el mismo itinerario que ellos hicieron hace ahora noventa a\u00f1os\u201d, indic\u00f3 Miguel \u00c1ngel Perera. La presentaci\u00f3n de este homenaje cont\u00f3 con la actuaci\u00f3n musical de Manuel Lombo, que interpret\u00f3 temas de Rafael Le\u00f3n, compositor ligado tambi\u00e9n a ese movimiento cultural. \u201cSoy taurino y artista, hombre de la cultura, en definitiva, por eso me sumo a esta propuesta de Miguel \u00c1ngel Perera, que, sobre todas las cosas, sabe mirar hacia atr\u00e1s para seguir avanzando hacia adelante\u201d, dijo el cantante sevillano.<\/p>","protected":false},"excerpt":{"rendered":"<p>La Fundaci\u00f3n Caja Rural del Sur ha respaldado como principal patrocinador la iniciativa del torero Miguel \u00c1ngel Perera y la C\u00e1tedra Ignacio S\u00e1nchez Mej\u00edas de Comunicaci\u00f3n de la Universidad de [&hellip;]<\/p>\n","protected":false},"author":6,"featured_media":3277,"comment_status":"closed","ping_status":"open","sticky":false,"template":"","format":"standard","meta":{"footnotes":""},"categories":[65],"tags":[],"class_list":["post-3276","post","type-post","status-publish","format-standard","has-post-thumbnail","hentry","category-homenajes"],"yoast_head":"<!-- This site is optimized with the Yoast SEO plugin v27.3 - https:\/\/yoast.com\/product\/yoast-seo-wordpress\/ -->\n<title>Fundaci\u00f3n Caja Rural del Sur patrocina el homenaje a la Generaci\u00f3n del 27 en el Ateneo de Sevilla, promovida por el torero Miguel \u00c1ngel Perera - Fundaci\u00f3n Caja Rural del Sur<\/title>\n<meta name=\"robots\" content=\"index, follow, max-snippet:-1, max-image-preview:large, max-video-preview:-1\" \/>\n<link rel=\"canonical\" href=\"https:\/\/fundacioncajaruraldelsur.com\/pt\/fundacion-caja-rural-del-sur-patrocina-homenaje-la-generacion-del-27-ateneo-sevilla-promovida-torero-miguel-angel-perera\/\" \/>\n<meta property=\"og:locale\" content=\"pt_PT\" \/>\n<meta property=\"og:type\" content=\"article\" \/>\n<meta property=\"og:title\" content=\"Fundaci\u00f3n Caja Rural del Sur patrocina el homenaje a la Generaci\u00f3n del 27 en el Ateneo de Sevilla, promovida por el torero Miguel \u00c1ngel Perera - Fundaci\u00f3n Caja Rural del Sur\" \/>\n<meta property=\"og:description\" content=\"La Fundaci\u00f3n Caja Rural del Sur ha respaldado como principal patrocinador la iniciativa del torero Miguel \u00c1ngel Perera y la C\u00e1tedra Ignacio S\u00e1nchez Mej\u00edas de Comunicaci\u00f3n de la Universidad de [&hellip;]\" \/>\n<meta property=\"og:url\" content=\"https:\/\/fundacioncajaruraldelsur.com\/pt\/fundacion-caja-rural-del-sur-patrocina-homenaje-la-generacion-del-27-ateneo-sevilla-promovida-torero-miguel-angel-perera\/\" \/>\n<meta property=\"og:site_name\" content=\"Fundaci\u00f3n Caja Rural del Sur\" \/>\n<meta property=\"article:published_time\" content=\"2017-11-24T10:01:01+00:00\" \/>\n<meta property=\"og:image\" content=\"https:\/\/fundacioncajaruraldelsur.com\/wp-content\/uploads\/2017\/11\/Presentacio\u0301n-homenaje-Generacio\u0301n-del-27-01.jpg\" \/>\n\t<meta property=\"og:image:width\" content=\"700\" \/>\n\t<meta property=\"og:image:height\" content=\"443\" \/>\n\t<meta property=\"og:image:type\" content=\"image\/jpeg\" \/>\n<meta name=\"author\" content=\"Comunicaci\u00f3n\" \/>\n<meta name=\"twitter:card\" content=\"summary_large_image\" \/>\n<meta name=\"twitter:label1\" content=\"Written by\" \/>\n\t<meta name=\"twitter:data1\" content=\"Comunicaci\u00f3n\" \/>\n\t<meta name=\"twitter:label2\" content=\"Est. reading time\" \/>\n\t<meta name=\"twitter:data2\" content=\"4 minutes\" \/>\n<script type=\"application\/ld+json\" class=\"yoast-schema-graph\">{\"@context\":\"https:\\\/\\\/schema.org\",\"@graph\":[{\"@type\":\"Article\",\"@id\":\"https:\\\/\\\/fundacioncajaruraldelsur.com\\\/fundacion-caja-rural-del-sur-patrocina-homenaje-la-generacion-del-27-ateneo-sevilla-promovida-torero-miguel-angel-perera\\\/#article\",\"isPartOf\":{\"@id\":\"https:\\\/\\\/fundacioncajaruraldelsur.com\\\/fundacion-caja-rural-del-sur-patrocina-homenaje-la-generacion-del-27-ateneo-sevilla-promovida-torero-miguel-angel-perera\\\/\"},\"author\":{\"name\":\"Comunicaci\u00f3n\",\"@id\":\"https:\\\/\\\/fundacioncajaruraldelsur.com\\\/#\\\/schema\\\/person\\\/f430da9fb783d505ff061ad8b3d44577\"},\"headline\":\"Fundaci\u00f3n Caja Rural del Sur patrocina el homenaje a la Generaci\u00f3n del 27 en el Ateneo de Sevilla, promovida por el torero Miguel \u00c1ngel Perera\",\"datePublished\":\"2017-11-24T10:01:01+00:00\",\"mainEntityOfPage\":{\"@id\":\"https:\\\/\\\/fundacioncajaruraldelsur.com\\\/fundacion-caja-rural-del-sur-patrocina-homenaje-la-generacion-del-27-ateneo-sevilla-promovida-torero-miguel-angel-perera\\\/\"},\"wordCount\":794,\"image\":{\"@id\":\"https:\\\/\\\/fundacioncajaruraldelsur.com\\\/fundacion-caja-rural-del-sur-patrocina-homenaje-la-generacion-del-27-ateneo-sevilla-promovida-torero-miguel-angel-perera\\\/#primaryimage\"},\"thumbnailUrl\":\"https:\\\/\\\/fundacioncajaruraldelsur.com\\\/wp-content\\\/uploads\\\/2017\\\/11\\\/Presentacio\u0301n-homenaje-Generacio\u0301n-del-27-01.jpg\",\"articleSection\":[\"Homenajes\"],\"inLanguage\":\"pt-PT\"},{\"@type\":\"WebPage\",\"@id\":\"https:\\\/\\\/fundacioncajaruraldelsur.com\\\/fundacion-caja-rural-del-sur-patrocina-homenaje-la-generacion-del-27-ateneo-sevilla-promovida-torero-miguel-angel-perera\\\/\",\"url\":\"https:\\\/\\\/fundacioncajaruraldelsur.com\\\/fundacion-caja-rural-del-sur-patrocina-homenaje-la-generacion-del-27-ateneo-sevilla-promovida-torero-miguel-angel-perera\\\/\",\"name\":\"Fundaci\u00f3n Caja Rural del Sur patrocina el homenaje a la Generaci\u00f3n del 27 en el Ateneo de Sevilla, promovida por el torero Miguel \u00c1ngel Perera - Fundaci\u00f3n Caja Rural del Sur\",\"isPartOf\":{\"@id\":\"https:\\\/\\\/fundacioncajaruraldelsur.com\\\/#website\"},\"primaryImageOfPage\":{\"@id\":\"https:\\\/\\\/fundacioncajaruraldelsur.com\\\/fundacion-caja-rural-del-sur-patrocina-homenaje-la-generacion-del-27-ateneo-sevilla-promovida-torero-miguel-angel-perera\\\/#primaryimage\"},\"image\":{\"@id\":\"https:\\\/\\\/fundacioncajaruraldelsur.com\\\/fundacion-caja-rural-del-sur-patrocina-homenaje-la-generacion-del-27-ateneo-sevilla-promovida-torero-miguel-angel-perera\\\/#primaryimage\"},\"thumbnailUrl\":\"https:\\\/\\\/fundacioncajaruraldelsur.com\\\/wp-content\\\/uploads\\\/2017\\\/11\\\/Presentacio\u0301n-homenaje-Generacio\u0301n-del-27-01.jpg\",\"datePublished\":\"2017-11-24T10:01:01+00:00\",\"author\":{\"@id\":\"https:\\\/\\\/fundacioncajaruraldelsur.com\\\/#\\\/schema\\\/person\\\/f430da9fb783d505ff061ad8b3d44577\"},\"breadcrumb\":{\"@id\":\"https:\\\/\\\/fundacioncajaruraldelsur.com\\\/fundacion-caja-rural-del-sur-patrocina-homenaje-la-generacion-del-27-ateneo-sevilla-promovida-torero-miguel-angel-perera\\\/#breadcrumb\"},\"inLanguage\":\"pt-PT\",\"potentialAction\":[{\"@type\":\"ReadAction\",\"target\":[\"https:\\\/\\\/fundacioncajaruraldelsur.com\\\/fundacion-caja-rural-del-sur-patrocina-homenaje-la-generacion-del-27-ateneo-sevilla-promovida-torero-miguel-angel-perera\\\/\"]}]},{\"@type\":\"ImageObject\",\"inLanguage\":\"pt-PT\",\"@id\":\"https:\\\/\\\/fundacioncajaruraldelsur.com\\\/fundacion-caja-rural-del-sur-patrocina-homenaje-la-generacion-del-27-ateneo-sevilla-promovida-torero-miguel-angel-perera\\\/#primaryimage\",\"url\":\"https:\\\/\\\/fundacioncajaruraldelsur.com\\\/wp-content\\\/uploads\\\/2017\\\/11\\\/Presentacio\u0301n-homenaje-Generacio\u0301n-del-27-01.jpg\",\"contentUrl\":\"https:\\\/\\\/fundacioncajaruraldelsur.com\\\/wp-content\\\/uploads\\\/2017\\\/11\\\/Presentacio\u0301n-homenaje-Generacio\u0301n-del-27-01.jpg\",\"width\":700,\"height\":443},{\"@type\":\"BreadcrumbList\",\"@id\":\"https:\\\/\\\/fundacioncajaruraldelsur.com\\\/fundacion-caja-rural-del-sur-patrocina-homenaje-la-generacion-del-27-ateneo-sevilla-promovida-torero-miguel-angel-perera\\\/#breadcrumb\",\"itemListElement\":[{\"@type\":\"ListItem\",\"position\":1,\"name\":\"Portada\",\"item\":\"https:\\\/\\\/fundacioncajaruraldelsur.com\\\/\"},{\"@type\":\"ListItem\",\"position\":2,\"name\":\"Fundaci\u00f3n Caja Rural del Sur patrocina el homenaje a la Generaci\u00f3n del 27 en el Ateneo de Sevilla, promovida por el torero Miguel \u00c1ngel Perera\"}]},{\"@type\":\"WebSite\",\"@id\":\"https:\\\/\\\/fundacioncajaruraldelsur.com\\\/#website\",\"url\":\"https:\\\/\\\/fundacioncajaruraldelsur.com\\\/\",\"name\":\"Fundaci\u00f3n Caja Rural del Sur\",\"description\":\"\",\"potentialAction\":[{\"@type\":\"SearchAction\",\"target\":{\"@type\":\"EntryPoint\",\"urlTemplate\":\"https:\\\/\\\/fundacioncajaruraldelsur.com\\\/?s={search_term_string}\"},\"query-input\":{\"@type\":\"PropertyValueSpecification\",\"valueRequired\":true,\"valueName\":\"search_term_string\"}}],\"inLanguage\":\"pt-PT\"},{\"@type\":\"Person\",\"@id\":\"https:\\\/\\\/fundacioncajaruraldelsur.com\\\/#\\\/schema\\\/person\\\/f430da9fb783d505ff061ad8b3d44577\",\"name\":\"Comunicaci\u00f3n\",\"image\":{\"@type\":\"ImageObject\",\"inLanguage\":\"pt-PT\",\"@id\":\"https:\\\/\\\/secure.gravatar.com\\\/avatar\\\/0dca239875993680bac4603ad2de7942da018f52cc3a244578e0b3b09314a8d8?s=96&d=blank&r=g\",\"url\":\"https:\\\/\\\/secure.gravatar.com\\\/avatar\\\/0dca239875993680bac4603ad2de7942da018f52cc3a244578e0b3b09314a8d8?s=96&d=blank&r=g\",\"contentUrl\":\"https:\\\/\\\/secure.gravatar.com\\\/avatar\\\/0dca239875993680bac4603ad2de7942da018f52cc3a244578e0b3b09314a8d8?s=96&d=blank&r=g\",\"caption\":\"Comunicaci\u00f3n\"}}]}<\/script>\n<!-- \/ Yoast SEO plugin. -->","yoast_head_json":{"title":"Fundaci\u00f3n Caja Rural del Sur patrocina el homenaje a la Generaci\u00f3n del 27 en el Ateneo de Sevilla, promovida por el torero Miguel \u00c1ngel Perera - Fundaci\u00f3n Caja Rural del Sur","robots":{"index":"index","follow":"follow","max-snippet":"max-snippet:-1","max-image-preview":"max-image-preview:large","max-video-preview":"max-video-preview:-1"},"canonical":"https:\/\/fundacioncajaruraldelsur.com\/pt\/fundacion-caja-rural-del-sur-patrocina-homenaje-la-generacion-del-27-ateneo-sevilla-promovida-torero-miguel-angel-perera\/","og_locale":"pt_PT","og_type":"article","og_title":"Fundaci\u00f3n Caja Rural del Sur patrocina el homenaje a la Generaci\u00f3n del 27 en el Ateneo de Sevilla, promovida por el torero Miguel \u00c1ngel Perera - Fundaci\u00f3n Caja Rural del Sur","og_description":"La Fundaci\u00f3n Caja Rural del Sur ha respaldado como principal patrocinador la iniciativa del torero Miguel \u00c1ngel Perera y la C\u00e1tedra Ignacio S\u00e1nchez Mej\u00edas de Comunicaci\u00f3n de la Universidad de [&hellip;]","og_url":"https:\/\/fundacioncajaruraldelsur.com\/pt\/fundacion-caja-rural-del-sur-patrocina-homenaje-la-generacion-del-27-ateneo-sevilla-promovida-torero-miguel-angel-perera\/","og_site_name":"Fundaci\u00f3n Caja Rural del Sur","article_published_time":"2017-11-24T10:01:01+00:00","og_image":[{"width":700,"height":443,"url":"https:\/\/fundacioncajaruraldelsur.com\/wp-content\/uploads\/2017\/11\/Presentacio\u0301n-homenaje-Generacio\u0301n-del-27-01.jpg","type":"image\/jpeg"}],"author":"Comunicaci\u00f3n","twitter_card":"summary_large_image","twitter_misc":{"Written by":"Comunicaci\u00f3n","Est. reading time":"4 minutes"},"schema":{"@context":"https:\/\/schema.org","@graph":[{"@type":"Article","@id":"https:\/\/fundacioncajaruraldelsur.com\/fundacion-caja-rural-del-sur-patrocina-homenaje-la-generacion-del-27-ateneo-sevilla-promovida-torero-miguel-angel-perera\/#article","isPartOf":{"@id":"https:\/\/fundacioncajaruraldelsur.com\/fundacion-caja-rural-del-sur-patrocina-homenaje-la-generacion-del-27-ateneo-sevilla-promovida-torero-miguel-angel-perera\/"},"author":{"name":"Comunicaci\u00f3n","@id":"https:\/\/fundacioncajaruraldelsur.com\/#\/schema\/person\/f430da9fb783d505ff061ad8b3d44577"},"headline":"Fundaci\u00f3n Caja Rural del Sur patrocina el homenaje a la Generaci\u00f3n del 27 en el Ateneo de Sevilla, promovida por el torero Miguel \u00c1ngel Perera","datePublished":"2017-11-24T10:01:01+00:00","mainEntityOfPage":{"@id":"https:\/\/fundacioncajaruraldelsur.com\/fundacion-caja-rural-del-sur-patrocina-homenaje-la-generacion-del-27-ateneo-sevilla-promovida-torero-miguel-angel-perera\/"},"wordCount":794,"image":{"@id":"https:\/\/fundacioncajaruraldelsur.com\/fundacion-caja-rural-del-sur-patrocina-homenaje-la-generacion-del-27-ateneo-sevilla-promovida-torero-miguel-angel-perera\/#primaryimage"},"thumbnailUrl":"https:\/\/fundacioncajaruraldelsur.com\/wp-content\/uploads\/2017\/11\/Presentacio\u0301n-homenaje-Generacio\u0301n-del-27-01.jpg","articleSection":["Homenajes"],"inLanguage":"pt-PT"},{"@type":"WebPage","@id":"https:\/\/fundacioncajaruraldelsur.com\/fundacion-caja-rural-del-sur-patrocina-homenaje-la-generacion-del-27-ateneo-sevilla-promovida-torero-miguel-angel-perera\/","url":"https:\/\/fundacioncajaruraldelsur.com\/fundacion-caja-rural-del-sur-patrocina-homenaje-la-generacion-del-27-ateneo-sevilla-promovida-torero-miguel-angel-perera\/","name":"Fundaci\u00f3n Caja Rural del Sur patrocina el homenaje a la Generaci\u00f3n del 27 en el Ateneo de Sevilla, promovida por el torero Miguel \u00c1ngel Perera - Fundaci\u00f3n Caja Rural del Sur","isPartOf":{"@id":"https:\/\/fundacioncajaruraldelsur.com\/#website"},"primaryImageOfPage":{"@id":"https:\/\/fundacioncajaruraldelsur.com\/fundacion-caja-rural-del-sur-patrocina-homenaje-la-generacion-del-27-ateneo-sevilla-promovida-torero-miguel-angel-perera\/#primaryimage"},"image":{"@id":"https:\/\/fundacioncajaruraldelsur.com\/fundacion-caja-rural-del-sur-patrocina-homenaje-la-generacion-del-27-ateneo-sevilla-promovida-torero-miguel-angel-perera\/#primaryimage"},"thumbnailUrl":"https:\/\/fundacioncajaruraldelsur.com\/wp-content\/uploads\/2017\/11\/Presentacio\u0301n-homenaje-Generacio\u0301n-del-27-01.jpg","datePublished":"2017-11-24T10:01:01+00:00","author":{"@id":"https:\/\/fundacioncajaruraldelsur.com\/#\/schema\/person\/f430da9fb783d505ff061ad8b3d44577"},"breadcrumb":{"@id":"https:\/\/fundacioncajaruraldelsur.com\/fundacion-caja-rural-del-sur-patrocina-homenaje-la-generacion-del-27-ateneo-sevilla-promovida-torero-miguel-angel-perera\/#breadcrumb"},"inLanguage":"pt-PT","potentialAction":[{"@type":"ReadAction","target":["https:\/\/fundacioncajaruraldelsur.com\/fundacion-caja-rural-del-sur-patrocina-homenaje-la-generacion-del-27-ateneo-sevilla-promovida-torero-miguel-angel-perera\/"]}]},{"@type":"ImageObject","inLanguage":"pt-PT","@id":"https:\/\/fundacioncajaruraldelsur.com\/fundacion-caja-rural-del-sur-patrocina-homenaje-la-generacion-del-27-ateneo-sevilla-promovida-torero-miguel-angel-perera\/#primaryimage","url":"https:\/\/fundacioncajaruraldelsur.com\/wp-content\/uploads\/2017\/11\/Presentacio\u0301n-homenaje-Generacio\u0301n-del-27-01.jpg","contentUrl":"https:\/\/fundacioncajaruraldelsur.com\/wp-content\/uploads\/2017\/11\/Presentacio\u0301n-homenaje-Generacio\u0301n-del-27-01.jpg","width":700,"height":443},{"@type":"BreadcrumbList","@id":"https:\/\/fundacioncajaruraldelsur.com\/fundacion-caja-rural-del-sur-patrocina-homenaje-la-generacion-del-27-ateneo-sevilla-promovida-torero-miguel-angel-perera\/#breadcrumb","itemListElement":[{"@type":"ListItem","position":1,"name":"Portada","item":"https:\/\/fundacioncajaruraldelsur.com\/"},{"@type":"ListItem","position":2,"name":"Fundaci\u00f3n Caja Rural del Sur patrocina el homenaje a la Generaci\u00f3n del 27 en el Ateneo de Sevilla, promovida por el torero Miguel \u00c1ngel Perera"}]},{"@type":"WebSite","@id":"https:\/\/fundacioncajaruraldelsur.com\/#website","url":"https:\/\/fundacioncajaruraldelsur.com\/","name":"Funda\u00e7\u00e3o Caja Rural del Sur","description":"","potentialAction":[{"@type":"SearchAction","target":{"@type":"EntryPoint","urlTemplate":"https:\/\/fundacioncajaruraldelsur.com\/?s={search_term_string}"},"query-input":{"@type":"PropertyValueSpecification","valueRequired":true,"valueName":"search_term_string"}}],"inLanguage":"pt-PT"},{"@type":"Person","@id":"https:\/\/fundacioncajaruraldelsur.com\/#\/schema\/person\/f430da9fb783d505ff061ad8b3d44577","name":"Comunicaci\u00f3n","image":{"@type":"ImageObject","inLanguage":"pt-PT","@id":"https:\/\/secure.gravatar.com\/avatar\/0dca239875993680bac4603ad2de7942da018f52cc3a244578e0b3b09314a8d8?s=96&d=blank&r=g","url":"https:\/\/secure.gravatar.com\/avatar\/0dca239875993680bac4603ad2de7942da018f52cc3a244578e0b3b09314a8d8?s=96&d=blank&r=g","contentUrl":"https:\/\/secure.gravatar.com\/avatar\/0dca239875993680bac4603ad2de7942da018f52cc3a244578e0b3b09314a8d8?s=96&d=blank&r=g","caption":"Comunicaci\u00f3n"}}]}},"rttpg_featured_image_url":{"full":["https:\/\/fundacioncajaruraldelsur.com\/wp-content\/uploads\/2017\/11\/Presentacio\u0301n-homenaje-Generacio\u0301n-del-27-01.jpg",700,443,false],"landscape":["https:\/\/fundacioncajaruraldelsur.com\/wp-content\/uploads\/2017\/11\/Presentacio\u0301n-homenaje-Generacio\u0301n-del-27-01.jpg",700,443,false],"portraits":["https:\/\/fundacioncajaruraldelsur.com\/wp-content\/uploads\/2017\/11\/Presentacio\u0301n-homenaje-Generacio\u0301n-del-27-01.jpg",700,443,false],"thumbnail":["https:\/\/fundacioncajaruraldelsur.com\/wp-content\/uploads\/2017\/11\/Presentacio\u0301n-homenaje-Generacio\u0301n-del-27-01-150x150.jpg",150,150,true],"medium":["https:\/\/fundacioncajaruraldelsur.com\/wp-content\/uploads\/2017\/11\/Presentacio\u0301n-homenaje-Generacio\u0301n-del-27-01-300x190.jpg",300,190,true],"large":["https:\/\/fundacioncajaruraldelsur.com\/wp-content\/uploads\/2017\/11\/Presentacio\u0301n-homenaje-Generacio\u0301n-del-27-01.jpg",700,443,false],"1536x1536":["https:\/\/fundacioncajaruraldelsur.com\/wp-content\/uploads\/2017\/11\/Presentacio\u0301n-homenaje-Generacio\u0301n-del-27-01.jpg",700,443,false],"2048x2048":["https:\/\/fundacioncajaruraldelsur.com\/wp-content\/uploads\/2017\/11\/Presentacio\u0301n-homenaje-Generacio\u0301n-del-27-01.jpg",700,443,false],"trp-custom-language-flag":["https:\/\/fundacioncajaruraldelsur.com\/wp-content\/uploads\/2017\/11\/Presentacio\u0301n-homenaje-Generacio\u0301n-del-27-01.jpg",18,12,false],"blog-thumbnail":["https:\/\/fundacioncajaruraldelsur.com\/wp-content\/uploads\/2017\/11\/Presentacio\u0301n-homenaje-Generacio\u0301n-del-27-01-400x200.jpg",400,200,true]},"rttpg_author":{"display_name":"Comunicaci\u00f3n","author_link":"https:\/\/fundacioncajaruraldelsur.com\/pt\/author\/sevillaadmin\/"},"rttpg_comment":0,"rttpg_category":"<a href=\"https:\/\/fundacioncajaruraldelsur.com\/pt\/category\/homenajes\/\" rel=\"category tag\">Homenajes<\/a>","rttpg_excerpt":"La Fundaci\u00f3n Caja Rural del Sur ha respaldado como principal patrocinador la iniciativa del torero Miguel \u00c1ngel Perera y la C\u00e1tedra Ignacio S\u00e1nchez Mej\u00edas de Comunicaci\u00f3n de la Universidad de [&hellip;]","_links":{"self":[{"href":"https:\/\/fundacioncajaruraldelsur.com\/pt\/wp-json\/wp\/v2\/posts\/3276","targetHints":{"allow":["GET"]}}],"collection":[{"href":"https:\/\/fundacioncajaruraldelsur.com\/pt\/wp-json\/wp\/v2\/posts"}],"about":[{"href":"https:\/\/fundacioncajaruraldelsur.com\/pt\/wp-json\/wp\/v2\/types\/post"}],"author":[{"embeddable":true,"href":"https:\/\/fundacioncajaruraldelsur.com\/pt\/wp-json\/wp\/v2\/users\/6"}],"replies":[{"embeddable":true,"href":"https:\/\/fundacioncajaruraldelsur.com\/pt\/wp-json\/wp\/v2\/comments?post=3276"}],"version-history":[{"count":1,"href":"https:\/\/fundacioncajaruraldelsur.com\/pt\/wp-json\/wp\/v2\/posts\/3276\/revisions"}],"predecessor-version":[{"id":3278,"href":"https:\/\/fundacioncajaruraldelsur.com\/pt\/wp-json\/wp\/v2\/posts\/3276\/revisions\/3278"}],"wp:featuredmedia":[{"embeddable":true,"href":"https:\/\/fundacioncajaruraldelsur.com\/pt\/wp-json\/wp\/v2\/media\/3277"}],"wp:attachment":[{"href":"https:\/\/fundacioncajaruraldelsur.com\/pt\/wp-json\/wp\/v2\/media?parent=3276"}],"wp:term":[{"taxonomy":"category","embeddable":true,"href":"https:\/\/fundacioncajaruraldelsur.com\/pt\/wp-json\/wp\/v2\/categories?post=3276"},{"taxonomy":"post_tag","embeddable":true,"href":"https:\/\/fundacioncajaruraldelsur.com\/pt\/wp-json\/wp\/v2\/tags?post=3276"}],"curies":[{"name":"wp","href":"https:\/\/api.w.org\/{rel}","templated":true}]}}