{"id":3269,"date":"2017-11-17T06:31:48","date_gmt":"2017-11-17T06:31:48","guid":{"rendered":"\/?p=3269"},"modified":"2017-11-17T06:31:48","modified_gmt":"2017-11-17T06:31:48","slug":"fundacion-caja-rural-del-sur-presenta-mas-caballos-sicab","status":"publish","type":"post","link":"https:\/\/fundacioncajaruraldelsur.com\/pt\/fundacion-caja-rural-del-sur-presenta-mas-caballos-sicab\/","title":{"rendered":"Fundaci\u00f3n Caja Rural del Sur presenta \u2018M\u00e1s que caballos\u2019 en SICAB"},"content":{"rendered":"<p>El presidente de la Fundaci\u00f3n Caja Rural del Sur, Jos\u00e9 Luis Garc\u00eda Palacios, ha presentado este jueves en SICAB 2017 el libro \u201cM\u00e1s que caballos\u201d, obra de Manuel Acosta, catedr\u00e1tico de Psicolog\u00eda de la Educaci\u00f3n de la Universidad de Huelva, obra en cuya edici\u00f3n ha colaborado la entidad junto con la Diputaci\u00f3n de Huelva. El acto ha contado adem\u00e1s con la presencia de \u00c1lvaro Domecq, Manuel Carvajal, jinete, juez y profesor de equitaci\u00f3n, y Manuel Vasco, editor de la revista \u201cEl Caballo y el Toro\u201d.<\/p>\n<p>El presidente de\u00a0<strong>Fundaci\u00f3n Caja Rural del Sur, sobre la edici\u00f3n de \u2018M\u00e1s que caballos\u2019,<\/strong>ha mostrado su \u201csatisfacci\u00f3n por ver impresa una obra que sin duda va a ser de referencia para todos aquellos que viven el mundo del caballo y para los que quieran acercarse al mismo a trav\u00e9s de una manera original y po\u00e9tica con la que el autor traslada al lector lo que es el caballo y todo lo que le rodea\u201d. \u201cCualquier manifestaci\u00f3n que vaya en favor del caballo queremos apoyarla desde nuestra Fundaci\u00f3n, en especial libros como este que es todo un crisol por donde pasa la afici\u00f3n al equino\u201d, indic\u00f3 Garc\u00eda Palacios.<\/p>\n<p><strong>Manuel Acosta, autor de<\/strong>\u00a0\u201cM\u00e1s que caballos\u201d, ha definido su obra como \u201cun homenaje a las personas que viven en torno al mundo del caballo donde m\u00e1s all\u00e1 de la actividad econ\u00f3mica sobre todo hay mucha pasi\u00f3n y amor por mantener una tradici\u00f3n y transmitir la magia del equino a las nuevas generaciones\u201d.<\/p>\n<p>\u201cQuien mira el mundo desde encima del caballo sabe mirar el mundo de una manera diferente\u201d matiz\u00f3 el autor, y por ello, el libro es \u201cuna recopilaci\u00f3n de sentencias y reflexiones sobre la relaci\u00f3n especial que se produce entre el animal y jinete, que desemboca en la esencia de la vida, con la relaci\u00f3n naturaleza, hombre y caballo, siempre muy presente\u201d.<\/p>\n<p>Por su parte, \u00c1lvaro Domecq, autor del ep\u00edlogo del libro, ha subrayado el acierto con el que \u201cM\u00e1s que caballos\u201d conecta la psicolog\u00eda con el mundo del caballo y la vida, \u201ccon sencillez y de forma muy cercana aporta consejos muy \u00fatiles fruto de su gran conocimiento del caballo y su mundo\u201d.<\/p>\n<p>Manuel Carvajal, jinete, juez y profesor de equitaci\u00f3n, ha indicado que se trata de un libro \u201clleno de sugerencias y consejos en peque\u00f1as dosis de sabidur\u00eda y buen conocimiento del mundo del caballo, muy respetuoso con la tradici\u00f3n y con un fiel reflejo de la t\u00e9cnica, los m\u00e9todos, y las aptitudes tanto del jinete como del caballo\u201d.<\/p>\n<p>Finalmente, Manuel Vasco, editor de la revista El Caballo y el Toro ha subrayado del libro \u201cla enorme capacidad del autor para mezclar muchos elementos de sus vivencias con los caballos, y de la doma vaquera, que demuestra en todas sus p\u00e1ginas, textos e ilustraciones, un gran sentir por el mundo del caballo\u201d.<\/p>\n<p>El libro \u2018M\u00e1s que caballos\u2019 cuenta con ilustraciones de Gustavo Dom\u00ednguez y con pr\u00f3logo y ep\u00edlogo de dos grandes figuras del mundo del caballo como son \u00c1ngel Peralta y \u00c1lvaro Domecq.<\/p>","protected":false},"excerpt":{"rendered":"<p>El presidente de la Fundaci\u00f3n Caja Rural del Sur, Jos\u00e9 Luis Garc\u00eda Palacios, ha presentado este jueves en SICAB 2017 el libro \u201cM\u00e1s que caballos\u201d, obra de Manuel Acosta, catedr\u00e1tico [&hellip;]<\/p>\n","protected":false},"author":6,"featured_media":3270,"comment_status":"closed","ping_status":"open","sticky":false,"template":"","format":"standard","meta":{"footnotes":""},"categories":[84],"tags":[],"class_list":["post-3269","post","type-post","status-publish","format-standard","has-post-thumbnail","hentry","category-presentaciones"],"yoast_head":"<!-- This site is optimized with the Yoast SEO plugin v27.3 - https:\/\/yoast.com\/product\/yoast-seo-wordpress\/ -->\n<title>Fundaci\u00f3n Caja Rural del Sur presenta \u2018M\u00e1s que caballos\u2019 en SICAB - Fundaci\u00f3n Caja Rural del Sur<\/title>\n<meta name=\"robots\" content=\"index, follow, max-snippet:-1, max-image-preview:large, max-video-preview:-1\" \/>\n<link rel=\"canonical\" href=\"https:\/\/fundacioncajaruraldelsur.com\/pt\/fundacion-caja-rural-del-sur-presenta-mas-caballos-sicab\/\" \/>\n<meta property=\"og:locale\" content=\"pt_PT\" \/>\n<meta property=\"og:type\" content=\"article\" \/>\n<meta property=\"og:title\" content=\"Fundaci\u00f3n Caja Rural del Sur presenta \u2018M\u00e1s que caballos\u2019 en SICAB - Fundaci\u00f3n Caja Rural del Sur\" \/>\n<meta property=\"og:description\" content=\"El presidente de la Fundaci\u00f3n Caja Rural del Sur, Jos\u00e9 Luis Garc\u00eda Palacios, ha presentado este jueves en SICAB 2017 el libro \u201cM\u00e1s que caballos\u201d, obra de Manuel Acosta, catedr\u00e1tico [&hellip;]\" \/>\n<meta property=\"og:url\" content=\"https:\/\/fundacioncajaruraldelsur.com\/pt\/fundacion-caja-rural-del-sur-presenta-mas-caballos-sicab\/\" \/>\n<meta property=\"og:site_name\" content=\"Fundaci\u00f3n Caja Rural del Sur\" \/>\n<meta property=\"article:published_time\" content=\"2017-11-17T06:31:48+00:00\" \/>\n<meta property=\"og:image\" content=\"https:\/\/fundacioncajaruraldelsur.com\/wp-content\/uploads\/2017\/11\/caballos.png\" \/>\n\t<meta property=\"og:image:width\" content=\"701\" \/>\n\t<meta property=\"og:image:height\" content=\"485\" \/>\n\t<meta property=\"og:image:type\" content=\"image\/png\" \/>\n<meta name=\"author\" content=\"Comunicaci\u00f3n\" \/>\n<meta name=\"twitter:card\" content=\"summary_large_image\" \/>\n<meta name=\"twitter:label1\" content=\"Written by\" \/>\n\t<meta name=\"twitter:data1\" content=\"Comunicaci\u00f3n\" \/>\n\t<meta name=\"twitter:label2\" content=\"Est. reading time\" \/>\n\t<meta name=\"twitter:data2\" content=\"3 minutes\" \/>\n<script type=\"application\/ld+json\" class=\"yoast-schema-graph\">{\"@context\":\"https:\\\/\\\/schema.org\",\"@graph\":[{\"@type\":\"Article\",\"@id\":\"https:\\\/\\\/fundacioncajaruraldelsur.com\\\/fundacion-caja-rural-del-sur-presenta-mas-caballos-sicab\\\/#article\",\"isPartOf\":{\"@id\":\"https:\\\/\\\/fundacioncajaruraldelsur.com\\\/fundacion-caja-rural-del-sur-presenta-mas-caballos-sicab\\\/\"},\"author\":{\"name\":\"Comunicaci\u00f3n\",\"@id\":\"https:\\\/\\\/fundacioncajaruraldelsur.com\\\/#\\\/schema\\\/person\\\/f430da9fb783d505ff061ad8b3d44577\"},\"headline\":\"Fundaci\u00f3n Caja Rural del Sur presenta \u2018M\u00e1s que caballos\u2019 en SICAB\",\"datePublished\":\"2017-11-17T06:31:48+00:00\",\"mainEntityOfPage\":{\"@id\":\"https:\\\/\\\/fundacioncajaruraldelsur.com\\\/fundacion-caja-rural-del-sur-presenta-mas-caballos-sicab\\\/\"},\"wordCount\":555,\"image\":{\"@id\":\"https:\\\/\\\/fundacioncajaruraldelsur.com\\\/fundacion-caja-rural-del-sur-presenta-mas-caballos-sicab\\\/#primaryimage\"},\"thumbnailUrl\":\"https:\\\/\\\/fundacioncajaruraldelsur.com\\\/wp-content\\\/uploads\\\/2017\\\/11\\\/caballos.png\",\"articleSection\":[\"Presentaciones\"],\"inLanguage\":\"pt-PT\"},{\"@type\":\"WebPage\",\"@id\":\"https:\\\/\\\/fundacioncajaruraldelsur.com\\\/fundacion-caja-rural-del-sur-presenta-mas-caballos-sicab\\\/\",\"url\":\"https:\\\/\\\/fundacioncajaruraldelsur.com\\\/fundacion-caja-rural-del-sur-presenta-mas-caballos-sicab\\\/\",\"name\":\"Fundaci\u00f3n Caja Rural del Sur presenta \u2018M\u00e1s que caballos\u2019 en SICAB - Fundaci\u00f3n Caja Rural del Sur\",\"isPartOf\":{\"@id\":\"https:\\\/\\\/fundacioncajaruraldelsur.com\\\/#website\"},\"primaryImageOfPage\":{\"@id\":\"https:\\\/\\\/fundacioncajaruraldelsur.com\\\/fundacion-caja-rural-del-sur-presenta-mas-caballos-sicab\\\/#primaryimage\"},\"image\":{\"@id\":\"https:\\\/\\\/fundacioncajaruraldelsur.com\\\/fundacion-caja-rural-del-sur-presenta-mas-caballos-sicab\\\/#primaryimage\"},\"thumbnailUrl\":\"https:\\\/\\\/fundacioncajaruraldelsur.com\\\/wp-content\\\/uploads\\\/2017\\\/11\\\/caballos.png\",\"datePublished\":\"2017-11-17T06:31:48+00:00\",\"author\":{\"@id\":\"https:\\\/\\\/fundacioncajaruraldelsur.com\\\/#\\\/schema\\\/person\\\/f430da9fb783d505ff061ad8b3d44577\"},\"breadcrumb\":{\"@id\":\"https:\\\/\\\/fundacioncajaruraldelsur.com\\\/fundacion-caja-rural-del-sur-presenta-mas-caballos-sicab\\\/#breadcrumb\"},\"inLanguage\":\"pt-PT\",\"potentialAction\":[{\"@type\":\"ReadAction\",\"target\":[\"https:\\\/\\\/fundacioncajaruraldelsur.com\\\/fundacion-caja-rural-del-sur-presenta-mas-caballos-sicab\\\/\"]}]},{\"@type\":\"ImageObject\",\"inLanguage\":\"pt-PT\",\"@id\":\"https:\\\/\\\/fundacioncajaruraldelsur.com\\\/fundacion-caja-rural-del-sur-presenta-mas-caballos-sicab\\\/#primaryimage\",\"url\":\"https:\\\/\\\/fundacioncajaruraldelsur.com\\\/wp-content\\\/uploads\\\/2017\\\/11\\\/caballos.png\",\"contentUrl\":\"https:\\\/\\\/fundacioncajaruraldelsur.com\\\/wp-content\\\/uploads\\\/2017\\\/11\\\/caballos.png\",\"width\":701,\"height\":485},{\"@type\":\"BreadcrumbList\",\"@id\":\"https:\\\/\\\/fundacioncajaruraldelsur.com\\\/fundacion-caja-rural-del-sur-presenta-mas-caballos-sicab\\\/#breadcrumb\",\"itemListElement\":[{\"@type\":\"ListItem\",\"position\":1,\"name\":\"Portada\",\"item\":\"https:\\\/\\\/fundacioncajaruraldelsur.com\\\/\"},{\"@type\":\"ListItem\",\"position\":2,\"name\":\"Fundaci\u00f3n Caja Rural del Sur presenta \u2018M\u00e1s que caballos\u2019 en SICAB\"}]},{\"@type\":\"WebSite\",\"@id\":\"https:\\\/\\\/fundacioncajaruraldelsur.com\\\/#website\",\"url\":\"https:\\\/\\\/fundacioncajaruraldelsur.com\\\/\",\"name\":\"Fundaci\u00f3n Caja Rural del Sur\",\"description\":\"\",\"potentialAction\":[{\"@type\":\"SearchAction\",\"target\":{\"@type\":\"EntryPoint\",\"urlTemplate\":\"https:\\\/\\\/fundacioncajaruraldelsur.com\\\/?s={search_term_string}\"},\"query-input\":{\"@type\":\"PropertyValueSpecification\",\"valueRequired\":true,\"valueName\":\"search_term_string\"}}],\"inLanguage\":\"pt-PT\"},{\"@type\":\"Person\",\"@id\":\"https:\\\/\\\/fundacioncajaruraldelsur.com\\\/#\\\/schema\\\/person\\\/f430da9fb783d505ff061ad8b3d44577\",\"name\":\"Comunicaci\u00f3n\",\"image\":{\"@type\":\"ImageObject\",\"inLanguage\":\"pt-PT\",\"@id\":\"https:\\\/\\\/secure.gravatar.com\\\/avatar\\\/0dca239875993680bac4603ad2de7942da018f52cc3a244578e0b3b09314a8d8?s=96&d=blank&r=g\",\"url\":\"https:\\\/\\\/secure.gravatar.com\\\/avatar\\\/0dca239875993680bac4603ad2de7942da018f52cc3a244578e0b3b09314a8d8?s=96&d=blank&r=g\",\"contentUrl\":\"https:\\\/\\\/secure.gravatar.com\\\/avatar\\\/0dca239875993680bac4603ad2de7942da018f52cc3a244578e0b3b09314a8d8?s=96&d=blank&r=g\",\"caption\":\"Comunicaci\u00f3n\"}}]}<\/script>\n<!-- \/ Yoast SEO plugin. -->","yoast_head_json":{"title":"Fundaci\u00f3n Caja Rural del Sur presenta \u2018M\u00e1s que caballos\u2019 en SICAB - Fundaci\u00f3n Caja Rural del Sur","robots":{"index":"index","follow":"follow","max-snippet":"max-snippet:-1","max-image-preview":"max-image-preview:large","max-video-preview":"max-video-preview:-1"},"canonical":"https:\/\/fundacioncajaruraldelsur.com\/pt\/fundacion-caja-rural-del-sur-presenta-mas-caballos-sicab\/","og_locale":"pt_PT","og_type":"article","og_title":"Fundaci\u00f3n Caja Rural del Sur presenta \u2018M\u00e1s que caballos\u2019 en SICAB - Fundaci\u00f3n Caja Rural del Sur","og_description":"El presidente de la Fundaci\u00f3n Caja Rural del Sur, Jos\u00e9 Luis Garc\u00eda Palacios, ha presentado este jueves en SICAB 2017 el libro \u201cM\u00e1s que caballos\u201d, obra de Manuel Acosta, catedr\u00e1tico [&hellip;]","og_url":"https:\/\/fundacioncajaruraldelsur.com\/pt\/fundacion-caja-rural-del-sur-presenta-mas-caballos-sicab\/","og_site_name":"Fundaci\u00f3n Caja Rural del Sur","article_published_time":"2017-11-17T06:31:48+00:00","og_image":[{"width":701,"height":485,"url":"https:\/\/fundacioncajaruraldelsur.com\/wp-content\/uploads\/2017\/11\/caballos.png","type":"image\/png"}],"author":"Comunicaci\u00f3n","twitter_card":"summary_large_image","twitter_misc":{"Written by":"Comunicaci\u00f3n","Est. reading time":"3 minutes"},"schema":{"@context":"https:\/\/schema.org","@graph":[{"@type":"Article","@id":"https:\/\/fundacioncajaruraldelsur.com\/fundacion-caja-rural-del-sur-presenta-mas-caballos-sicab\/#article","isPartOf":{"@id":"https:\/\/fundacioncajaruraldelsur.com\/fundacion-caja-rural-del-sur-presenta-mas-caballos-sicab\/"},"author":{"name":"Comunicaci\u00f3n","@id":"https:\/\/fundacioncajaruraldelsur.com\/#\/schema\/person\/f430da9fb783d505ff061ad8b3d44577"},"headline":"Fundaci\u00f3n Caja Rural del Sur presenta \u2018M\u00e1s que caballos\u2019 en SICAB","datePublished":"2017-11-17T06:31:48+00:00","mainEntityOfPage":{"@id":"https:\/\/fundacioncajaruraldelsur.com\/fundacion-caja-rural-del-sur-presenta-mas-caballos-sicab\/"},"wordCount":555,"image":{"@id":"https:\/\/fundacioncajaruraldelsur.com\/fundacion-caja-rural-del-sur-presenta-mas-caballos-sicab\/#primaryimage"},"thumbnailUrl":"https:\/\/fundacioncajaruraldelsur.com\/wp-content\/uploads\/2017\/11\/caballos.png","articleSection":["Presentaciones"],"inLanguage":"pt-PT"},{"@type":"WebPage","@id":"https:\/\/fundacioncajaruraldelsur.com\/fundacion-caja-rural-del-sur-presenta-mas-caballos-sicab\/","url":"https:\/\/fundacioncajaruraldelsur.com\/fundacion-caja-rural-del-sur-presenta-mas-caballos-sicab\/","name":"Fundaci\u00f3n Caja Rural del Sur presenta \u2018M\u00e1s que caballos\u2019 en SICAB - Fundaci\u00f3n Caja Rural del Sur","isPartOf":{"@id":"https:\/\/fundacioncajaruraldelsur.com\/#website"},"primaryImageOfPage":{"@id":"https:\/\/fundacioncajaruraldelsur.com\/fundacion-caja-rural-del-sur-presenta-mas-caballos-sicab\/#primaryimage"},"image":{"@id":"https:\/\/fundacioncajaruraldelsur.com\/fundacion-caja-rural-del-sur-presenta-mas-caballos-sicab\/#primaryimage"},"thumbnailUrl":"https:\/\/fundacioncajaruraldelsur.com\/wp-content\/uploads\/2017\/11\/caballos.png","datePublished":"2017-11-17T06:31:48+00:00","author":{"@id":"https:\/\/fundacioncajaruraldelsur.com\/#\/schema\/person\/f430da9fb783d505ff061ad8b3d44577"},"breadcrumb":{"@id":"https:\/\/fundacioncajaruraldelsur.com\/fundacion-caja-rural-del-sur-presenta-mas-caballos-sicab\/#breadcrumb"},"inLanguage":"pt-PT","potentialAction":[{"@type":"ReadAction","target":["https:\/\/fundacioncajaruraldelsur.com\/fundacion-caja-rural-del-sur-presenta-mas-caballos-sicab\/"]}]},{"@type":"ImageObject","inLanguage":"pt-PT","@id":"https:\/\/fundacioncajaruraldelsur.com\/fundacion-caja-rural-del-sur-presenta-mas-caballos-sicab\/#primaryimage","url":"https:\/\/fundacioncajaruraldelsur.com\/wp-content\/uploads\/2017\/11\/caballos.png","contentUrl":"https:\/\/fundacioncajaruraldelsur.com\/wp-content\/uploads\/2017\/11\/caballos.png","width":701,"height":485},{"@type":"BreadcrumbList","@id":"https:\/\/fundacioncajaruraldelsur.com\/fundacion-caja-rural-del-sur-presenta-mas-caballos-sicab\/#breadcrumb","itemListElement":[{"@type":"ListItem","position":1,"name":"Portada","item":"https:\/\/fundacioncajaruraldelsur.com\/"},{"@type":"ListItem","position":2,"name":"Fundaci\u00f3n Caja Rural del Sur presenta \u2018M\u00e1s que caballos\u2019 en SICAB"}]},{"@type":"WebSite","@id":"https:\/\/fundacioncajaruraldelsur.com\/#website","url":"https:\/\/fundacioncajaruraldelsur.com\/","name":"Funda\u00e7\u00e3o Caja Rural del Sur","description":"","potentialAction":[{"@type":"SearchAction","target":{"@type":"EntryPoint","urlTemplate":"https:\/\/fundacioncajaruraldelsur.com\/?s={search_term_string}"},"query-input":{"@type":"PropertyValueSpecification","valueRequired":true,"valueName":"search_term_string"}}],"inLanguage":"pt-PT"},{"@type":"Person","@id":"https:\/\/fundacioncajaruraldelsur.com\/#\/schema\/person\/f430da9fb783d505ff061ad8b3d44577","name":"Comunicaci\u00f3n","image":{"@type":"ImageObject","inLanguage":"pt-PT","@id":"https:\/\/secure.gravatar.com\/avatar\/0dca239875993680bac4603ad2de7942da018f52cc3a244578e0b3b09314a8d8?s=96&d=blank&r=g","url":"https:\/\/secure.gravatar.com\/avatar\/0dca239875993680bac4603ad2de7942da018f52cc3a244578e0b3b09314a8d8?s=96&d=blank&r=g","contentUrl":"https:\/\/secure.gravatar.com\/avatar\/0dca239875993680bac4603ad2de7942da018f52cc3a244578e0b3b09314a8d8?s=96&d=blank&r=g","caption":"Comunicaci\u00f3n"}}]}},"rttpg_featured_image_url":{"full":["https:\/\/fundacioncajaruraldelsur.com\/wp-content\/uploads\/2017\/11\/caballos.png",701,485,false],"landscape":["https:\/\/fundacioncajaruraldelsur.com\/wp-content\/uploads\/2017\/11\/caballos.png",701,485,false],"portraits":["https:\/\/fundacioncajaruraldelsur.com\/wp-content\/uploads\/2017\/11\/caballos.png",701,485,false],"thumbnail":["https:\/\/fundacioncajaruraldelsur.com\/wp-content\/uploads\/2017\/11\/caballos-150x150.png",150,150,true],"medium":["https:\/\/fundacioncajaruraldelsur.com\/wp-content\/uploads\/2017\/11\/caballos-300x208.png",300,208,true],"large":["https:\/\/fundacioncajaruraldelsur.com\/wp-content\/uploads\/2017\/11\/caballos.png",701,485,false],"1536x1536":["https:\/\/fundacioncajaruraldelsur.com\/wp-content\/uploads\/2017\/11\/caballos.png",701,485,false],"2048x2048":["https:\/\/fundacioncajaruraldelsur.com\/wp-content\/uploads\/2017\/11\/caballos.png",701,485,false],"trp-custom-language-flag":["https:\/\/fundacioncajaruraldelsur.com\/wp-content\/uploads\/2017\/11\/caballos.png",18,12,false],"blog-thumbnail":["https:\/\/fundacioncajaruraldelsur.com\/wp-content\/uploads\/2017\/11\/caballos-400x200.png",400,200,true]},"rttpg_author":{"display_name":"Comunicaci\u00f3n","author_link":"https:\/\/fundacioncajaruraldelsur.com\/pt\/author\/sevillaadmin\/"},"rttpg_comment":0,"rttpg_category":"<a href=\"https:\/\/fundacioncajaruraldelsur.com\/pt\/category\/presentaciones\/\" rel=\"category tag\">Presentaciones<\/a>","rttpg_excerpt":"El presidente de la Fundaci\u00f3n Caja Rural del Sur, Jos\u00e9 Luis Garc\u00eda Palacios, ha presentado este jueves en SICAB 2017 el libro \u201cM\u00e1s que caballos\u201d, obra de Manuel Acosta, catedr\u00e1tico [&hellip;]","_links":{"self":[{"href":"https:\/\/fundacioncajaruraldelsur.com\/pt\/wp-json\/wp\/v2\/posts\/3269","targetHints":{"allow":["GET"]}}],"collection":[{"href":"https:\/\/fundacioncajaruraldelsur.com\/pt\/wp-json\/wp\/v2\/posts"}],"about":[{"href":"https:\/\/fundacioncajaruraldelsur.com\/pt\/wp-json\/wp\/v2\/types\/post"}],"author":[{"embeddable":true,"href":"https:\/\/fundacioncajaruraldelsur.com\/pt\/wp-json\/wp\/v2\/users\/6"}],"replies":[{"embeddable":true,"href":"https:\/\/fundacioncajaruraldelsur.com\/pt\/wp-json\/wp\/v2\/comments?post=3269"}],"version-history":[{"count":1,"href":"https:\/\/fundacioncajaruraldelsur.com\/pt\/wp-json\/wp\/v2\/posts\/3269\/revisions"}],"predecessor-version":[{"id":3271,"href":"https:\/\/fundacioncajaruraldelsur.com\/pt\/wp-json\/wp\/v2\/posts\/3269\/revisions\/3271"}],"wp:featuredmedia":[{"embeddable":true,"href":"https:\/\/fundacioncajaruraldelsur.com\/pt\/wp-json\/wp\/v2\/media\/3270"}],"wp:attachment":[{"href":"https:\/\/fundacioncajaruraldelsur.com\/pt\/wp-json\/wp\/v2\/media?parent=3269"}],"wp:term":[{"taxonomy":"category","embeddable":true,"href":"https:\/\/fundacioncajaruraldelsur.com\/pt\/wp-json\/wp\/v2\/categories?post=3269"},{"taxonomy":"post_tag","embeddable":true,"href":"https:\/\/fundacioncajaruraldelsur.com\/pt\/wp-json\/wp\/v2\/tags?post=3269"}],"curies":[{"name":"wp","href":"https:\/\/api.w.org\/{rel}","templated":true}]}}