{"id":3259,"date":"2017-11-10T07:01:40","date_gmt":"2017-11-10T07:01:40","guid":{"rendered":"\/?p=3259"},"modified":"2017-11-17T11:00:16","modified_gmt":"2017-11-17T11:00:16","slug":"fundacion-caja-rural-del-sur-expone-riberas-del-guadalquivir-del-pintor-sevillano-palomo-reina","status":"publish","type":"post","link":"https:\/\/fundacioncajaruraldelsur.com\/pt\/fundacion-caja-rural-del-sur-expone-riberas-del-guadalquivir-del-pintor-sevillano-palomo-reina\/","title":{"rendered":"Fundaci\u00f3n Caja Rural del Sur expone &#8216;Riberas del Guadalquivir&#8217; del pintor sevillano Palomo Reina"},"content":{"rendered":"<p>La Fundaci\u00f3n Caja Rural del Sur\u00a0ha inaugurado la exposici\u00f3n &#8216;Riberas del Guadalquivir&#8217;, del pintor sevillano Palomo Reina, que hasta el 26 de noviembre re\u00fane paisajes que tienen como tema protagonista al r\u00edo Guadalquivir a su paso por Sevilla y las localidades de Coria y Puebla. Para esta exposici\u00f3n Palomo Reina ha recopilado paisajes al \u00f3leo, de diversos formatos realizados al natural, en los que prima la intenci\u00f3n de captar la luz, las formas y la atm\u00f3sfera que el autor percibe mientras pinta inmerso en las orillas del r\u00edo.<\/p>\n<p>Con esta muestra, que se puede visitar de 10 a 14 y de 19 a 21 horas,\u00a0 el pintor pretende transmitir la luz, la calma y serenidad de estos parajes fluviales, y que -seg\u00fan indica- \u201ccomo todo el arte, debe ser expresi\u00f3n de la belleza y aportar este mensaje positivo y necesario a nuestra sociedad\u201d.<\/p>\n<p>\u201cRiberas del Guadalquivir\u201d es la segunda exposici\u00f3n individual que este artista realiza en Sevilla, la primera fue en 1989, a\u00f1o desde el que ha llevado a cabo numerosas exposiciones en otras capitales. As\u00ed, ha expuesto de forma individual y colectiva en Madrid, Gij\u00f3n, Bilbao, Vitoria, Roma, Sevilla, Lisboa, Bruselas, Valencia, Barcelona, Granada, M\u00e1laga y Saint-Quentin, Francia. Su obra se encuentra adem\u00e1s en numerosas colecciones privadas, instituciones e iglesias.<\/p>\n<p>Nacido en la localidad sevillana de Cantillana, Juan Palomo Reina, se licenci\u00f3 en Bellas Artes en el a\u00f1o 1988, Doctor en Bellas Artes en 1992, y profesor titular desde el a\u00f1o 2000 en la Facultad de Bellas Artes de Sevilla.<\/p>\n<p>A lo largo de su trayectoria ha obtenido diferentes becas como la de Pintura de Paisaje, Pintores pensionados en Segovia, 1988; Beca de Investigaci\u00f3n F.P.I. MEC. (1989-1992); Primer Premio Concurso Manuel Viola, El Escorial,1989; Premio Academia de Bellas Artes Sevilla, 1989; Finalista Certamen Pintores para el 92, Caja San Fernando, 1989; Beca para estancia en \u00c9cole Nationale des Beaux Arts de Paris, 1990; Finalista Premio Real Maestranza de Caballer\u00eda de Sevilla 1990; y Premio Fundaci\u00f3n Endesa Academia Bellas Artes Sevilla, 2007.<\/p>\n<p>Palomo Reina es miembro de varios equipos de investigaci\u00f3n y responsable del proyecto de investigaci\u00f3n sobre la transformaci\u00f3n de espacios arquitect\u00f3nicos mediante la decoraci\u00f3n pict\u00f3rica mural de la Universidad de Sevilla en el a\u00f1o 2015.<\/p>","protected":false},"excerpt":{"rendered":"<p>La Fundaci\u00f3n Caja Rural del Sur\u00a0ha inaugurado la exposici\u00f3n &#8216;Riberas del Guadalquivir&#8217;, del pintor sevillano Palomo Reina, que hasta el 26 de noviembre re\u00fane paisajes que tienen como tema protagonista [&hellip;]<\/p>\n","protected":false},"author":6,"featured_media":3260,"comment_status":"closed","ping_status":"open","sticky":false,"template":"","format":"standard","meta":{"footnotes":""},"categories":[82],"tags":[],"class_list":["post-3259","post","type-post","status-publish","format-standard","has-post-thumbnail","hentry","category-exposiciones"],"yoast_head":"<!-- This site is optimized with the Yoast SEO plugin v27.3 - https:\/\/yoast.com\/product\/yoast-seo-wordpress\/ -->\n<title>Fundaci\u00f3n Caja Rural del Sur expone &#039;Riberas del Guadalquivir&#039; del pintor sevillano Palomo Reina - Fundaci\u00f3n Caja Rural del Sur<\/title>\n<meta name=\"robots\" content=\"index, follow, max-snippet:-1, max-image-preview:large, max-video-preview:-1\" \/>\n<link rel=\"canonical\" href=\"https:\/\/fundacioncajaruraldelsur.com\/pt\/fundacion-caja-rural-del-sur-expone-riberas-del-guadalquivir-del-pintor-sevillano-palomo-reina\/\" \/>\n<meta property=\"og:locale\" content=\"pt_PT\" \/>\n<meta property=\"og:type\" content=\"article\" \/>\n<meta property=\"og:title\" content=\"Fundaci\u00f3n Caja Rural del Sur expone &#039;Riberas del Guadalquivir&#039; del pintor sevillano Palomo Reina - Fundaci\u00f3n Caja Rural del Sur\" \/>\n<meta property=\"og:description\" content=\"La Fundaci\u00f3n Caja Rural del Sur\u00a0ha inaugurado la exposici\u00f3n &#8216;Riberas del Guadalquivir&#8217;, del pintor sevillano Palomo Reina, que hasta el 26 de noviembre re\u00fane paisajes que tienen como tema protagonista [&hellip;]\" \/>\n<meta property=\"og:url\" content=\"https:\/\/fundacioncajaruraldelsur.com\/pt\/fundacion-caja-rural-del-sur-expone-riberas-del-guadalquivir-del-pintor-sevillano-palomo-reina\/\" \/>\n<meta property=\"og:site_name\" content=\"Fundaci\u00f3n Caja Rural del Sur\" \/>\n<meta property=\"article:published_time\" content=\"2017-11-10T07:01:40+00:00\" \/>\n<meta property=\"article:modified_time\" content=\"2017-11-17T11:00:16+00:00\" \/>\n<meta property=\"og:image\" content=\"https:\/\/fundacioncajaruraldelsur.com\/wp-content\/uploads\/2017\/11\/palomo.jpg\" \/>\n\t<meta property=\"og:image:width\" content=\"1500\" \/>\n\t<meta property=\"og:image:height\" content=\"1124\" \/>\n\t<meta property=\"og:image:type\" content=\"image\/jpeg\" \/>\n<meta name=\"author\" content=\"Comunicaci\u00f3n\" \/>\n<meta name=\"twitter:card\" content=\"summary_large_image\" \/>\n<meta name=\"twitter:label1\" content=\"Written by\" \/>\n\t<meta name=\"twitter:data1\" content=\"Comunicaci\u00f3n\" \/>\n\t<meta name=\"twitter:label2\" content=\"Est. reading time\" \/>\n\t<meta name=\"twitter:data2\" content=\"2 minutes\" \/>\n<script type=\"application\/ld+json\" class=\"yoast-schema-graph\">{\"@context\":\"https:\\\/\\\/schema.org\",\"@graph\":[{\"@type\":\"Article\",\"@id\":\"https:\\\/\\\/fundacioncajaruraldelsur.com\\\/fundacion-caja-rural-del-sur-expone-riberas-del-guadalquivir-del-pintor-sevillano-palomo-reina\\\/#article\",\"isPartOf\":{\"@id\":\"https:\\\/\\\/fundacioncajaruraldelsur.com\\\/fundacion-caja-rural-del-sur-expone-riberas-del-guadalquivir-del-pintor-sevillano-palomo-reina\\\/\"},\"author\":{\"name\":\"Comunicaci\u00f3n\",\"@id\":\"https:\\\/\\\/fundacioncajaruraldelsur.com\\\/#\\\/schema\\\/person\\\/f430da9fb783d505ff061ad8b3d44577\"},\"headline\":\"Fundaci\u00f3n Caja Rural del Sur expone &#8216;Riberas del Guadalquivir&#8217; del pintor sevillano Palomo Reina\",\"datePublished\":\"2017-11-10T07:01:40+00:00\",\"dateModified\":\"2017-11-17T11:00:16+00:00\",\"mainEntityOfPage\":{\"@id\":\"https:\\\/\\\/fundacioncajaruraldelsur.com\\\/fundacion-caja-rural-del-sur-expone-riberas-del-guadalquivir-del-pintor-sevillano-palomo-reina\\\/\"},\"wordCount\":395,\"image\":{\"@id\":\"https:\\\/\\\/fundacioncajaruraldelsur.com\\\/fundacion-caja-rural-del-sur-expone-riberas-del-guadalquivir-del-pintor-sevillano-palomo-reina\\\/#primaryimage\"},\"thumbnailUrl\":\"https:\\\/\\\/fundacioncajaruraldelsur.com\\\/wp-content\\\/uploads\\\/2017\\\/11\\\/palomo.jpg\",\"articleSection\":[\"Exposiciones\"],\"inLanguage\":\"pt-PT\"},{\"@type\":\"WebPage\",\"@id\":\"https:\\\/\\\/fundacioncajaruraldelsur.com\\\/fundacion-caja-rural-del-sur-expone-riberas-del-guadalquivir-del-pintor-sevillano-palomo-reina\\\/\",\"url\":\"https:\\\/\\\/fundacioncajaruraldelsur.com\\\/fundacion-caja-rural-del-sur-expone-riberas-del-guadalquivir-del-pintor-sevillano-palomo-reina\\\/\",\"name\":\"Fundaci\u00f3n Caja Rural del Sur expone 'Riberas del Guadalquivir' del pintor sevillano Palomo Reina - Fundaci\u00f3n Caja Rural del Sur\",\"isPartOf\":{\"@id\":\"https:\\\/\\\/fundacioncajaruraldelsur.com\\\/#website\"},\"primaryImageOfPage\":{\"@id\":\"https:\\\/\\\/fundacioncajaruraldelsur.com\\\/fundacion-caja-rural-del-sur-expone-riberas-del-guadalquivir-del-pintor-sevillano-palomo-reina\\\/#primaryimage\"},\"image\":{\"@id\":\"https:\\\/\\\/fundacioncajaruraldelsur.com\\\/fundacion-caja-rural-del-sur-expone-riberas-del-guadalquivir-del-pintor-sevillano-palomo-reina\\\/#primaryimage\"},\"thumbnailUrl\":\"https:\\\/\\\/fundacioncajaruraldelsur.com\\\/wp-content\\\/uploads\\\/2017\\\/11\\\/palomo.jpg\",\"datePublished\":\"2017-11-10T07:01:40+00:00\",\"dateModified\":\"2017-11-17T11:00:16+00:00\",\"author\":{\"@id\":\"https:\\\/\\\/fundacioncajaruraldelsur.com\\\/#\\\/schema\\\/person\\\/f430da9fb783d505ff061ad8b3d44577\"},\"breadcrumb\":{\"@id\":\"https:\\\/\\\/fundacioncajaruraldelsur.com\\\/fundacion-caja-rural-del-sur-expone-riberas-del-guadalquivir-del-pintor-sevillano-palomo-reina\\\/#breadcrumb\"},\"inLanguage\":\"pt-PT\",\"potentialAction\":[{\"@type\":\"ReadAction\",\"target\":[\"https:\\\/\\\/fundacioncajaruraldelsur.com\\\/fundacion-caja-rural-del-sur-expone-riberas-del-guadalquivir-del-pintor-sevillano-palomo-reina\\\/\"]}]},{\"@type\":\"ImageObject\",\"inLanguage\":\"pt-PT\",\"@id\":\"https:\\\/\\\/fundacioncajaruraldelsur.com\\\/fundacion-caja-rural-del-sur-expone-riberas-del-guadalquivir-del-pintor-sevillano-palomo-reina\\\/#primaryimage\",\"url\":\"https:\\\/\\\/fundacioncajaruraldelsur.com\\\/wp-content\\\/uploads\\\/2017\\\/11\\\/palomo.jpg\",\"contentUrl\":\"https:\\\/\\\/fundacioncajaruraldelsur.com\\\/wp-content\\\/uploads\\\/2017\\\/11\\\/palomo.jpg\",\"width\":1500,\"height\":1124},{\"@type\":\"BreadcrumbList\",\"@id\":\"https:\\\/\\\/fundacioncajaruraldelsur.com\\\/fundacion-caja-rural-del-sur-expone-riberas-del-guadalquivir-del-pintor-sevillano-palomo-reina\\\/#breadcrumb\",\"itemListElement\":[{\"@type\":\"ListItem\",\"position\":1,\"name\":\"Portada\",\"item\":\"https:\\\/\\\/fundacioncajaruraldelsur.com\\\/\"},{\"@type\":\"ListItem\",\"position\":2,\"name\":\"Fundaci\u00f3n Caja Rural del Sur expone &#8216;Riberas del Guadalquivir&#8217; del pintor sevillano Palomo Reina\"}]},{\"@type\":\"WebSite\",\"@id\":\"https:\\\/\\\/fundacioncajaruraldelsur.com\\\/#website\",\"url\":\"https:\\\/\\\/fundacioncajaruraldelsur.com\\\/\",\"name\":\"Fundaci\u00f3n Caja Rural del Sur\",\"description\":\"\",\"potentialAction\":[{\"@type\":\"SearchAction\",\"target\":{\"@type\":\"EntryPoint\",\"urlTemplate\":\"https:\\\/\\\/fundacioncajaruraldelsur.com\\\/?s={search_term_string}\"},\"query-input\":{\"@type\":\"PropertyValueSpecification\",\"valueRequired\":true,\"valueName\":\"search_term_string\"}}],\"inLanguage\":\"pt-PT\"},{\"@type\":\"Person\",\"@id\":\"https:\\\/\\\/fundacioncajaruraldelsur.com\\\/#\\\/schema\\\/person\\\/f430da9fb783d505ff061ad8b3d44577\",\"name\":\"Comunicaci\u00f3n\",\"image\":{\"@type\":\"ImageObject\",\"inLanguage\":\"pt-PT\",\"@id\":\"https:\\\/\\\/secure.gravatar.com\\\/avatar\\\/0dca239875993680bac4603ad2de7942da018f52cc3a244578e0b3b09314a8d8?s=96&d=blank&r=g\",\"url\":\"https:\\\/\\\/secure.gravatar.com\\\/avatar\\\/0dca239875993680bac4603ad2de7942da018f52cc3a244578e0b3b09314a8d8?s=96&d=blank&r=g\",\"contentUrl\":\"https:\\\/\\\/secure.gravatar.com\\\/avatar\\\/0dca239875993680bac4603ad2de7942da018f52cc3a244578e0b3b09314a8d8?s=96&d=blank&r=g\",\"caption\":\"Comunicaci\u00f3n\"}}]}<\/script>\n<!-- \/ Yoast SEO plugin. -->","yoast_head_json":{"title":"Fundaci\u00f3n Caja Rural del Sur expone 'Riberas del Guadalquivir' del pintor sevillano Palomo Reina - Fundaci\u00f3n Caja Rural del Sur","robots":{"index":"index","follow":"follow","max-snippet":"max-snippet:-1","max-image-preview":"max-image-preview:large","max-video-preview":"max-video-preview:-1"},"canonical":"https:\/\/fundacioncajaruraldelsur.com\/pt\/fundacion-caja-rural-del-sur-expone-riberas-del-guadalquivir-del-pintor-sevillano-palomo-reina\/","og_locale":"pt_PT","og_type":"article","og_title":"Fundaci\u00f3n Caja Rural del Sur expone 'Riberas del Guadalquivir' del pintor sevillano Palomo Reina - Fundaci\u00f3n Caja Rural del Sur","og_description":"La Fundaci\u00f3n Caja Rural del Sur\u00a0ha inaugurado la exposici\u00f3n &#8216;Riberas del Guadalquivir&#8217;, del pintor sevillano Palomo Reina, que hasta el 26 de noviembre re\u00fane paisajes que tienen como tema protagonista [&hellip;]","og_url":"https:\/\/fundacioncajaruraldelsur.com\/pt\/fundacion-caja-rural-del-sur-expone-riberas-del-guadalquivir-del-pintor-sevillano-palomo-reina\/","og_site_name":"Fundaci\u00f3n Caja Rural del Sur","article_published_time":"2017-11-10T07:01:40+00:00","article_modified_time":"2017-11-17T11:00:16+00:00","og_image":[{"width":1500,"height":1124,"url":"https:\/\/fundacioncajaruraldelsur.com\/wp-content\/uploads\/2017\/11\/palomo.jpg","type":"image\/jpeg"}],"author":"Comunicaci\u00f3n","twitter_card":"summary_large_image","twitter_misc":{"Written by":"Comunicaci\u00f3n","Est. reading time":"2 minutes"},"schema":{"@context":"https:\/\/schema.org","@graph":[{"@type":"Article","@id":"https:\/\/fundacioncajaruraldelsur.com\/fundacion-caja-rural-del-sur-expone-riberas-del-guadalquivir-del-pintor-sevillano-palomo-reina\/#article","isPartOf":{"@id":"https:\/\/fundacioncajaruraldelsur.com\/fundacion-caja-rural-del-sur-expone-riberas-del-guadalquivir-del-pintor-sevillano-palomo-reina\/"},"author":{"name":"Comunicaci\u00f3n","@id":"https:\/\/fundacioncajaruraldelsur.com\/#\/schema\/person\/f430da9fb783d505ff061ad8b3d44577"},"headline":"Fundaci\u00f3n Caja Rural del Sur expone &#8216;Riberas del Guadalquivir&#8217; del pintor sevillano Palomo Reina","datePublished":"2017-11-10T07:01:40+00:00","dateModified":"2017-11-17T11:00:16+00:00","mainEntityOfPage":{"@id":"https:\/\/fundacioncajaruraldelsur.com\/fundacion-caja-rural-del-sur-expone-riberas-del-guadalquivir-del-pintor-sevillano-palomo-reina\/"},"wordCount":395,"image":{"@id":"https:\/\/fundacioncajaruraldelsur.com\/fundacion-caja-rural-del-sur-expone-riberas-del-guadalquivir-del-pintor-sevillano-palomo-reina\/#primaryimage"},"thumbnailUrl":"https:\/\/fundacioncajaruraldelsur.com\/wp-content\/uploads\/2017\/11\/palomo.jpg","articleSection":["Exposiciones"],"inLanguage":"pt-PT"},{"@type":"WebPage","@id":"https:\/\/fundacioncajaruraldelsur.com\/fundacion-caja-rural-del-sur-expone-riberas-del-guadalquivir-del-pintor-sevillano-palomo-reina\/","url":"https:\/\/fundacioncajaruraldelsur.com\/fundacion-caja-rural-del-sur-expone-riberas-del-guadalquivir-del-pintor-sevillano-palomo-reina\/","name":"Fundaci\u00f3n Caja Rural del Sur expone 'Riberas del Guadalquivir' del pintor sevillano Palomo Reina - Fundaci\u00f3n Caja Rural del Sur","isPartOf":{"@id":"https:\/\/fundacioncajaruraldelsur.com\/#website"},"primaryImageOfPage":{"@id":"https:\/\/fundacioncajaruraldelsur.com\/fundacion-caja-rural-del-sur-expone-riberas-del-guadalquivir-del-pintor-sevillano-palomo-reina\/#primaryimage"},"image":{"@id":"https:\/\/fundacioncajaruraldelsur.com\/fundacion-caja-rural-del-sur-expone-riberas-del-guadalquivir-del-pintor-sevillano-palomo-reina\/#primaryimage"},"thumbnailUrl":"https:\/\/fundacioncajaruraldelsur.com\/wp-content\/uploads\/2017\/11\/palomo.jpg","datePublished":"2017-11-10T07:01:40+00:00","dateModified":"2017-11-17T11:00:16+00:00","author":{"@id":"https:\/\/fundacioncajaruraldelsur.com\/#\/schema\/person\/f430da9fb783d505ff061ad8b3d44577"},"breadcrumb":{"@id":"https:\/\/fundacioncajaruraldelsur.com\/fundacion-caja-rural-del-sur-expone-riberas-del-guadalquivir-del-pintor-sevillano-palomo-reina\/#breadcrumb"},"inLanguage":"pt-PT","potentialAction":[{"@type":"ReadAction","target":["https:\/\/fundacioncajaruraldelsur.com\/fundacion-caja-rural-del-sur-expone-riberas-del-guadalquivir-del-pintor-sevillano-palomo-reina\/"]}]},{"@type":"ImageObject","inLanguage":"pt-PT","@id":"https:\/\/fundacioncajaruraldelsur.com\/fundacion-caja-rural-del-sur-expone-riberas-del-guadalquivir-del-pintor-sevillano-palomo-reina\/#primaryimage","url":"https:\/\/fundacioncajaruraldelsur.com\/wp-content\/uploads\/2017\/11\/palomo.jpg","contentUrl":"https:\/\/fundacioncajaruraldelsur.com\/wp-content\/uploads\/2017\/11\/palomo.jpg","width":1500,"height":1124},{"@type":"BreadcrumbList","@id":"https:\/\/fundacioncajaruraldelsur.com\/fundacion-caja-rural-del-sur-expone-riberas-del-guadalquivir-del-pintor-sevillano-palomo-reina\/#breadcrumb","itemListElement":[{"@type":"ListItem","position":1,"name":"Portada","item":"https:\/\/fundacioncajaruraldelsur.com\/"},{"@type":"ListItem","position":2,"name":"Fundaci\u00f3n Caja Rural del Sur expone &#8216;Riberas del Guadalquivir&#8217; del pintor sevillano Palomo Reina"}]},{"@type":"WebSite","@id":"https:\/\/fundacioncajaruraldelsur.com\/#website","url":"https:\/\/fundacioncajaruraldelsur.com\/","name":"Funda\u00e7\u00e3o Caja Rural del Sur","description":"","potentialAction":[{"@type":"SearchAction","target":{"@type":"EntryPoint","urlTemplate":"https:\/\/fundacioncajaruraldelsur.com\/?s={search_term_string}"},"query-input":{"@type":"PropertyValueSpecification","valueRequired":true,"valueName":"search_term_string"}}],"inLanguage":"pt-PT"},{"@type":"Person","@id":"https:\/\/fundacioncajaruraldelsur.com\/#\/schema\/person\/f430da9fb783d505ff061ad8b3d44577","name":"Comunicaci\u00f3n","image":{"@type":"ImageObject","inLanguage":"pt-PT","@id":"https:\/\/secure.gravatar.com\/avatar\/0dca239875993680bac4603ad2de7942da018f52cc3a244578e0b3b09314a8d8?s=96&d=blank&r=g","url":"https:\/\/secure.gravatar.com\/avatar\/0dca239875993680bac4603ad2de7942da018f52cc3a244578e0b3b09314a8d8?s=96&d=blank&r=g","contentUrl":"https:\/\/secure.gravatar.com\/avatar\/0dca239875993680bac4603ad2de7942da018f52cc3a244578e0b3b09314a8d8?s=96&d=blank&r=g","caption":"Comunicaci\u00f3n"}}]}},"rttpg_featured_image_url":{"full":["https:\/\/fundacioncajaruraldelsur.com\/wp-content\/uploads\/2017\/11\/palomo.jpg",1500,1124,false],"landscape":["https:\/\/fundacioncajaruraldelsur.com\/wp-content\/uploads\/2017\/11\/palomo.jpg",1500,1124,false],"portraits":["https:\/\/fundacioncajaruraldelsur.com\/wp-content\/uploads\/2017\/11\/palomo.jpg",1500,1124,false],"thumbnail":["https:\/\/fundacioncajaruraldelsur.com\/wp-content\/uploads\/2017\/11\/palomo-150x150.jpg",150,150,true],"medium":["https:\/\/fundacioncajaruraldelsur.com\/wp-content\/uploads\/2017\/11\/palomo-300x225.jpg",300,225,true],"large":["https:\/\/fundacioncajaruraldelsur.com\/wp-content\/uploads\/2017\/11\/palomo-1024x767.jpg",960,719,true],"1536x1536":["https:\/\/fundacioncajaruraldelsur.com\/wp-content\/uploads\/2017\/11\/palomo.jpg",1500,1124,false],"2048x2048":["https:\/\/fundacioncajaruraldelsur.com\/wp-content\/uploads\/2017\/11\/palomo.jpg",1500,1124,false],"trp-custom-language-flag":["https:\/\/fundacioncajaruraldelsur.com\/wp-content\/uploads\/2017\/11\/palomo.jpg",16,12,false],"blog-thumbnail":["https:\/\/fundacioncajaruraldelsur.com\/wp-content\/uploads\/2017\/11\/palomo-400x200.jpg",400,200,true]},"rttpg_author":{"display_name":"Comunicaci\u00f3n","author_link":"https:\/\/fundacioncajaruraldelsur.com\/pt\/author\/sevillaadmin\/"},"rttpg_comment":0,"rttpg_category":"<a href=\"https:\/\/fundacioncajaruraldelsur.com\/pt\/category\/exposiciones\/\" rel=\"category tag\">Exposiciones<\/a>","rttpg_excerpt":"La Fundaci\u00f3n Caja Rural del Sur\u00a0ha inaugurado la exposici\u00f3n &#8216;Riberas del Guadalquivir&#8217;, del pintor sevillano Palomo Reina, que hasta el 26 de noviembre re\u00fane paisajes que tienen como tema protagonista [&hellip;]","_links":{"self":[{"href":"https:\/\/fundacioncajaruraldelsur.com\/pt\/wp-json\/wp\/v2\/posts\/3259","targetHints":{"allow":["GET"]}}],"collection":[{"href":"https:\/\/fundacioncajaruraldelsur.com\/pt\/wp-json\/wp\/v2\/posts"}],"about":[{"href":"https:\/\/fundacioncajaruraldelsur.com\/pt\/wp-json\/wp\/v2\/types\/post"}],"author":[{"embeddable":true,"href":"https:\/\/fundacioncajaruraldelsur.com\/pt\/wp-json\/wp\/v2\/users\/6"}],"replies":[{"embeddable":true,"href":"https:\/\/fundacioncajaruraldelsur.com\/pt\/wp-json\/wp\/v2\/comments?post=3259"}],"version-history":[{"count":2,"href":"https:\/\/fundacioncajaruraldelsur.com\/pt\/wp-json\/wp\/v2\/posts\/3259\/revisions"}],"predecessor-version":[{"id":3273,"href":"https:\/\/fundacioncajaruraldelsur.com\/pt\/wp-json\/wp\/v2\/posts\/3259\/revisions\/3273"}],"wp:featuredmedia":[{"embeddable":true,"href":"https:\/\/fundacioncajaruraldelsur.com\/pt\/wp-json\/wp\/v2\/media\/3260"}],"wp:attachment":[{"href":"https:\/\/fundacioncajaruraldelsur.com\/pt\/wp-json\/wp\/v2\/media?parent=3259"}],"wp:term":[{"taxonomy":"category","embeddable":true,"href":"https:\/\/fundacioncajaruraldelsur.com\/pt\/wp-json\/wp\/v2\/categories?post=3259"},{"taxonomy":"post_tag","embeddable":true,"href":"https:\/\/fundacioncajaruraldelsur.com\/pt\/wp-json\/wp\/v2\/tags?post=3259"}],"curies":[{"name":"wp","href":"https:\/\/api.w.org\/{rel}","templated":true}]}}