{"id":3240,"date":"2017-10-23T12:56:10","date_gmt":"2017-10-23T12:56:10","guid":{"rendered":"\/?p=3240"},"modified":"2017-10-23T12:58:39","modified_gmt":"2017-10-23T12:58:39","slug":"presidente-steelmood-coloquio-huelvainformacion-cajarural","status":"publish","type":"post","link":"https:\/\/fundacioncajaruraldelsur.com\/pt\/presidente-steelmood-coloquio-huelvainformacion-cajarural\/","title":{"rendered":"El presidente de Steelmood en los desayunos de Huelva Informaci\u00f3n y Fundaci\u00f3n Caja Rural del Sur"},"content":{"rendered":"<p>La econom\u00eda digital ha centrado la intervenci\u00f3n del presidente y CEO de\u00a0<a href=\"https:\/\/www.steelmood.com\/\">Steelmood<\/a>, Manuel Gal\u00e1n, en el desayuno coloquio organizado por el peri\u00f3dico Huelva Informaci\u00f3n con el patrocinio de la Fundaci\u00f3n Caja Rural, celebrado en la capital onubense, con la asistencia del presidente de la misma Jos\u00e9 Luis Garc\u00eda Palacios. Las ventajas de la adaptaci\u00f3n de las empresas a los nuevos tiempos de la econom\u00eda digital son muchas, a juicio de Gal\u00e1n, por lo que considera que vivimos un momento de oportunidades para que todas se incorporen y actualicen y se pongan al d\u00eda en nuevas tecnolog\u00edas.<\/p>\n<p>Seg\u00fan ha indicado el\u00a0presidente y CEO de Steelmood, Manuel Gal\u00e1n, \u00abHuelva no puede perder el tren de la transofrmaci\u00f3n digital y debe no renunciar a lo bueno que tiene la provincia siendo menos conformista\u00bb. De este modo, para el directivo\u00a0\u00abla econom\u00eda digital necesita mano de obra especializada y por tanto hay demanda de talento formado y ah\u00ed es donde hay que insistir\u00bb.<\/p>\n<p>Por ello,\u00a0<a href=\"http:\/\/www.huelvainformacion.es\/huelva\/Conferencia-Manuel-Galan-Perez-Huelva_3_1184311564.html\">Gal\u00e1n, en el coloquio de Huelva Informaci\u00f3n<\/a>\u00a0ha defendido que para captar esa capacidad de desempe\u00f1o que tanto se busca y\u00a0 para impedir que la provincia se quede sin ella es \u00abmuy importante\u00bb llegar a\u00a0 conocer \u00abqu\u00e9 necesita el empleado y d\u00f3nde est\u00e1 mejor\u00bb porque ya no es determinante el lugar desde el que uno trabaje, \u00abeso ha pasado a ser secundario\u00bb.<\/p>\n<p>Huelva tiene mucho que decir porque cuenta con elementos diferenciadores que facilitan que la gente quiera quedarse, pero \u00abhay que cuidarlo y avanzar\u00bb.<\/p>\n<p>Manuel Gal\u00e1n, en este contexto, tiene claro que \u00abel \u00e9xito de una empresa depende m\u00e1s de su capacidad para manejar informaci\u00f3n digitalizada, compleja y de gran volumen que de sus activos de cualquier tipo\u00bb.<\/p>\n<p><a href=\"\/pt\/manuel-galan-ilovepdf-compressed\/\">Descargar aqu\u00ed presentaci\u00f3n de la exposici\u00f3n de Manuel Gal\u00e1n.-<\/a><\/p>\n<p>&nbsp;<\/p>","protected":false},"excerpt":{"rendered":"<p>La econom\u00eda digital ha centrado la intervenci\u00f3n del presidente y CEO de\u00a0Steelmood, Manuel Gal\u00e1n, en el desayuno coloquio organizado por el peri\u00f3dico Huelva Informaci\u00f3n con el patrocinio de la Fundaci\u00f3n [&hellip;]<\/p>\n","protected":false},"author":6,"featured_media":3241,"comment_status":"closed","ping_status":"open","sticky":false,"template":"","format":"standard","meta":{"footnotes":""},"categories":[83],"tags":[],"class_list":["post-3240","post","type-post","status-publish","format-standard","has-post-thumbnail","hentry","category-conferencias"],"yoast_head":"<!-- This site is optimized with the Yoast SEO plugin v27.3 - https:\/\/yoast.com\/product\/yoast-seo-wordpress\/ -->\n<title>El presidente de Steelmood en los desayunos de Huelva Informaci\u00f3n y Fundaci\u00f3n Caja Rural del Sur - Fundaci\u00f3n Caja Rural del Sur<\/title>\n<meta name=\"robots\" content=\"index, follow, max-snippet:-1, max-image-preview:large, max-video-preview:-1\" \/>\n<link rel=\"canonical\" href=\"https:\/\/fundacioncajaruraldelsur.com\/pt\/presidente-steelmood-coloquio-huelvainformacion-cajarural\/\" \/>\n<meta property=\"og:locale\" content=\"pt_PT\" \/>\n<meta property=\"og:type\" content=\"article\" \/>\n<meta property=\"og:title\" content=\"El presidente de Steelmood en los desayunos de Huelva Informaci\u00f3n y Fundaci\u00f3n Caja Rural del Sur - Fundaci\u00f3n Caja Rural del Sur\" \/>\n<meta property=\"og:description\" content=\"La econom\u00eda digital ha centrado la intervenci\u00f3n del presidente y CEO de\u00a0Steelmood, Manuel Gal\u00e1n, en el desayuno coloquio organizado por el peri\u00f3dico Huelva Informaci\u00f3n con el patrocinio de la Fundaci\u00f3n [&hellip;]\" \/>\n<meta property=\"og:url\" content=\"https:\/\/fundacioncajaruraldelsur.com\/pt\/presidente-steelmood-coloquio-huelvainformacion-cajarural\/\" \/>\n<meta property=\"og:site_name\" content=\"Fundaci\u00f3n Caja Rural del Sur\" \/>\n<meta property=\"article:published_time\" content=\"2017-10-23T12:56:10+00:00\" \/>\n<meta property=\"article:modified_time\" content=\"2017-10-23T12:58:39+00:00\" \/>\n<meta property=\"og:image\" content=\"https:\/\/fundacioncajaruraldelsur.com\/wp-content\/uploads\/2017\/10\/Conferencia-Manuel-Galan-Perez-Huelva_1184292377_74050116_667x375.jpg\" \/>\n\t<meta property=\"og:image:width\" content=\"667\" \/>\n\t<meta property=\"og:image:height\" content=\"375\" \/>\n\t<meta property=\"og:image:type\" content=\"image\/jpeg\" \/>\n<meta name=\"author\" content=\"Comunicaci\u00f3n\" \/>\n<meta name=\"twitter:card\" content=\"summary_large_image\" \/>\n<meta name=\"twitter:label1\" content=\"Written by\" \/>\n\t<meta name=\"twitter:data1\" content=\"Comunicaci\u00f3n\" \/>\n\t<meta name=\"twitter:label2\" content=\"Est. reading time\" \/>\n\t<meta name=\"twitter:data2\" content=\"2 minutes\" \/>\n<script type=\"application\/ld+json\" class=\"yoast-schema-graph\">{\"@context\":\"https:\\\/\\\/schema.org\",\"@graph\":[{\"@type\":\"Article\",\"@id\":\"https:\\\/\\\/fundacioncajaruraldelsur.com\\\/presidente-steelmood-coloquio-huelvainformacion-cajarural\\\/#article\",\"isPartOf\":{\"@id\":\"https:\\\/\\\/fundacioncajaruraldelsur.com\\\/presidente-steelmood-coloquio-huelvainformacion-cajarural\\\/\"},\"author\":{\"name\":\"Comunicaci\u00f3n\",\"@id\":\"https:\\\/\\\/fundacioncajaruraldelsur.com\\\/#\\\/schema\\\/person\\\/f430da9fb783d505ff061ad8b3d44577\"},\"headline\":\"El presidente de Steelmood en los desayunos de Huelva Informaci\u00f3n y Fundaci\u00f3n Caja Rural del Sur\",\"datePublished\":\"2017-10-23T12:56:10+00:00\",\"dateModified\":\"2017-10-23T12:58:39+00:00\",\"mainEntityOfPage\":{\"@id\":\"https:\\\/\\\/fundacioncajaruraldelsur.com\\\/presidente-steelmood-coloquio-huelvainformacion-cajarural\\\/\"},\"wordCount\":337,\"image\":{\"@id\":\"https:\\\/\\\/fundacioncajaruraldelsur.com\\\/presidente-steelmood-coloquio-huelvainformacion-cajarural\\\/#primaryimage\"},\"thumbnailUrl\":\"https:\\\/\\\/fundacioncajaruraldelsur.com\\\/wp-content\\\/uploads\\\/2017\\\/10\\\/Conferencia-Manuel-Galan-Perez-Huelva_1184292377_74050116_667x375.jpg\",\"articleSection\":[\"Conferencias\"],\"inLanguage\":\"pt-PT\"},{\"@type\":\"WebPage\",\"@id\":\"https:\\\/\\\/fundacioncajaruraldelsur.com\\\/presidente-steelmood-coloquio-huelvainformacion-cajarural\\\/\",\"url\":\"https:\\\/\\\/fundacioncajaruraldelsur.com\\\/presidente-steelmood-coloquio-huelvainformacion-cajarural\\\/\",\"name\":\"El presidente de Steelmood en los desayunos de Huelva Informaci\u00f3n y Fundaci\u00f3n Caja Rural del Sur - Fundaci\u00f3n Caja Rural del Sur\",\"isPartOf\":{\"@id\":\"https:\\\/\\\/fundacioncajaruraldelsur.com\\\/#website\"},\"primaryImageOfPage\":{\"@id\":\"https:\\\/\\\/fundacioncajaruraldelsur.com\\\/presidente-steelmood-coloquio-huelvainformacion-cajarural\\\/#primaryimage\"},\"image\":{\"@id\":\"https:\\\/\\\/fundacioncajaruraldelsur.com\\\/presidente-steelmood-coloquio-huelvainformacion-cajarural\\\/#primaryimage\"},\"thumbnailUrl\":\"https:\\\/\\\/fundacioncajaruraldelsur.com\\\/wp-content\\\/uploads\\\/2017\\\/10\\\/Conferencia-Manuel-Galan-Perez-Huelva_1184292377_74050116_667x375.jpg\",\"datePublished\":\"2017-10-23T12:56:10+00:00\",\"dateModified\":\"2017-10-23T12:58:39+00:00\",\"author\":{\"@id\":\"https:\\\/\\\/fundacioncajaruraldelsur.com\\\/#\\\/schema\\\/person\\\/f430da9fb783d505ff061ad8b3d44577\"},\"breadcrumb\":{\"@id\":\"https:\\\/\\\/fundacioncajaruraldelsur.com\\\/presidente-steelmood-coloquio-huelvainformacion-cajarural\\\/#breadcrumb\"},\"inLanguage\":\"pt-PT\",\"potentialAction\":[{\"@type\":\"ReadAction\",\"target\":[\"https:\\\/\\\/fundacioncajaruraldelsur.com\\\/presidente-steelmood-coloquio-huelvainformacion-cajarural\\\/\"]}]},{\"@type\":\"ImageObject\",\"inLanguage\":\"pt-PT\",\"@id\":\"https:\\\/\\\/fundacioncajaruraldelsur.com\\\/presidente-steelmood-coloquio-huelvainformacion-cajarural\\\/#primaryimage\",\"url\":\"https:\\\/\\\/fundacioncajaruraldelsur.com\\\/wp-content\\\/uploads\\\/2017\\\/10\\\/Conferencia-Manuel-Galan-Perez-Huelva_1184292377_74050116_667x375.jpg\",\"contentUrl\":\"https:\\\/\\\/fundacioncajaruraldelsur.com\\\/wp-content\\\/uploads\\\/2017\\\/10\\\/Conferencia-Manuel-Galan-Perez-Huelva_1184292377_74050116_667x375.jpg\",\"width\":667,\"height\":375},{\"@type\":\"BreadcrumbList\",\"@id\":\"https:\\\/\\\/fundacioncajaruraldelsur.com\\\/presidente-steelmood-coloquio-huelvainformacion-cajarural\\\/#breadcrumb\",\"itemListElement\":[{\"@type\":\"ListItem\",\"position\":1,\"name\":\"Portada\",\"item\":\"https:\\\/\\\/fundacioncajaruraldelsur.com\\\/\"},{\"@type\":\"ListItem\",\"position\":2,\"name\":\"El presidente de Steelmood en los desayunos de Huelva Informaci\u00f3n y Fundaci\u00f3n Caja Rural del Sur\"}]},{\"@type\":\"WebSite\",\"@id\":\"https:\\\/\\\/fundacioncajaruraldelsur.com\\\/#website\",\"url\":\"https:\\\/\\\/fundacioncajaruraldelsur.com\\\/\",\"name\":\"Fundaci\u00f3n Caja Rural del Sur\",\"description\":\"\",\"potentialAction\":[{\"@type\":\"SearchAction\",\"target\":{\"@type\":\"EntryPoint\",\"urlTemplate\":\"https:\\\/\\\/fundacioncajaruraldelsur.com\\\/?s={search_term_string}\"},\"query-input\":{\"@type\":\"PropertyValueSpecification\",\"valueRequired\":true,\"valueName\":\"search_term_string\"}}],\"inLanguage\":\"pt-PT\"},{\"@type\":\"Person\",\"@id\":\"https:\\\/\\\/fundacioncajaruraldelsur.com\\\/#\\\/schema\\\/person\\\/f430da9fb783d505ff061ad8b3d44577\",\"name\":\"Comunicaci\u00f3n\",\"image\":{\"@type\":\"ImageObject\",\"inLanguage\":\"pt-PT\",\"@id\":\"https:\\\/\\\/secure.gravatar.com\\\/avatar\\\/0dca239875993680bac4603ad2de7942da018f52cc3a244578e0b3b09314a8d8?s=96&d=blank&r=g\",\"url\":\"https:\\\/\\\/secure.gravatar.com\\\/avatar\\\/0dca239875993680bac4603ad2de7942da018f52cc3a244578e0b3b09314a8d8?s=96&d=blank&r=g\",\"contentUrl\":\"https:\\\/\\\/secure.gravatar.com\\\/avatar\\\/0dca239875993680bac4603ad2de7942da018f52cc3a244578e0b3b09314a8d8?s=96&d=blank&r=g\",\"caption\":\"Comunicaci\u00f3n\"}}]}<\/script>\n<!-- \/ Yoast SEO plugin. -->","yoast_head_json":{"title":"El presidente de Steelmood en los desayunos de Huelva Informaci\u00f3n y Fundaci\u00f3n Caja Rural del Sur - Fundaci\u00f3n Caja Rural del Sur","robots":{"index":"index","follow":"follow","max-snippet":"max-snippet:-1","max-image-preview":"max-image-preview:large","max-video-preview":"max-video-preview:-1"},"canonical":"https:\/\/fundacioncajaruraldelsur.com\/pt\/presidente-steelmood-coloquio-huelvainformacion-cajarural\/","og_locale":"pt_PT","og_type":"article","og_title":"El presidente de Steelmood en los desayunos de Huelva Informaci\u00f3n y Fundaci\u00f3n Caja Rural del Sur - Fundaci\u00f3n Caja Rural del Sur","og_description":"La econom\u00eda digital ha centrado la intervenci\u00f3n del presidente y CEO de\u00a0Steelmood, Manuel Gal\u00e1n, en el desayuno coloquio organizado por el peri\u00f3dico Huelva Informaci\u00f3n con el patrocinio de la Fundaci\u00f3n [&hellip;]","og_url":"https:\/\/fundacioncajaruraldelsur.com\/pt\/presidente-steelmood-coloquio-huelvainformacion-cajarural\/","og_site_name":"Fundaci\u00f3n Caja Rural del Sur","article_published_time":"2017-10-23T12:56:10+00:00","article_modified_time":"2017-10-23T12:58:39+00:00","og_image":[{"width":667,"height":375,"url":"https:\/\/fundacioncajaruraldelsur.com\/wp-content\/uploads\/2017\/10\/Conferencia-Manuel-Galan-Perez-Huelva_1184292377_74050116_667x375.jpg","type":"image\/jpeg"}],"author":"Comunicaci\u00f3n","twitter_card":"summary_large_image","twitter_misc":{"Written by":"Comunicaci\u00f3n","Est. reading time":"2 minutes"},"schema":{"@context":"https:\/\/schema.org","@graph":[{"@type":"Article","@id":"https:\/\/fundacioncajaruraldelsur.com\/presidente-steelmood-coloquio-huelvainformacion-cajarural\/#article","isPartOf":{"@id":"https:\/\/fundacioncajaruraldelsur.com\/presidente-steelmood-coloquio-huelvainformacion-cajarural\/"},"author":{"name":"Comunicaci\u00f3n","@id":"https:\/\/fundacioncajaruraldelsur.com\/#\/schema\/person\/f430da9fb783d505ff061ad8b3d44577"},"headline":"El presidente de Steelmood en los desayunos de Huelva Informaci\u00f3n y Fundaci\u00f3n Caja Rural del Sur","datePublished":"2017-10-23T12:56:10+00:00","dateModified":"2017-10-23T12:58:39+00:00","mainEntityOfPage":{"@id":"https:\/\/fundacioncajaruraldelsur.com\/presidente-steelmood-coloquio-huelvainformacion-cajarural\/"},"wordCount":337,"image":{"@id":"https:\/\/fundacioncajaruraldelsur.com\/presidente-steelmood-coloquio-huelvainformacion-cajarural\/#primaryimage"},"thumbnailUrl":"https:\/\/fundacioncajaruraldelsur.com\/wp-content\/uploads\/2017\/10\/Conferencia-Manuel-Galan-Perez-Huelva_1184292377_74050116_667x375.jpg","articleSection":["Conferencias"],"inLanguage":"pt-PT"},{"@type":"WebPage","@id":"https:\/\/fundacioncajaruraldelsur.com\/presidente-steelmood-coloquio-huelvainformacion-cajarural\/","url":"https:\/\/fundacioncajaruraldelsur.com\/presidente-steelmood-coloquio-huelvainformacion-cajarural\/","name":"El presidente de Steelmood en los desayunos de Huelva Informaci\u00f3n y Fundaci\u00f3n Caja Rural del Sur - Fundaci\u00f3n Caja Rural del Sur","isPartOf":{"@id":"https:\/\/fundacioncajaruraldelsur.com\/#website"},"primaryImageOfPage":{"@id":"https:\/\/fundacioncajaruraldelsur.com\/presidente-steelmood-coloquio-huelvainformacion-cajarural\/#primaryimage"},"image":{"@id":"https:\/\/fundacioncajaruraldelsur.com\/presidente-steelmood-coloquio-huelvainformacion-cajarural\/#primaryimage"},"thumbnailUrl":"https:\/\/fundacioncajaruraldelsur.com\/wp-content\/uploads\/2017\/10\/Conferencia-Manuel-Galan-Perez-Huelva_1184292377_74050116_667x375.jpg","datePublished":"2017-10-23T12:56:10+00:00","dateModified":"2017-10-23T12:58:39+00:00","author":{"@id":"https:\/\/fundacioncajaruraldelsur.com\/#\/schema\/person\/f430da9fb783d505ff061ad8b3d44577"},"breadcrumb":{"@id":"https:\/\/fundacioncajaruraldelsur.com\/presidente-steelmood-coloquio-huelvainformacion-cajarural\/#breadcrumb"},"inLanguage":"pt-PT","potentialAction":[{"@type":"ReadAction","target":["https:\/\/fundacioncajaruraldelsur.com\/presidente-steelmood-coloquio-huelvainformacion-cajarural\/"]}]},{"@type":"ImageObject","inLanguage":"pt-PT","@id":"https:\/\/fundacioncajaruraldelsur.com\/presidente-steelmood-coloquio-huelvainformacion-cajarural\/#primaryimage","url":"https:\/\/fundacioncajaruraldelsur.com\/wp-content\/uploads\/2017\/10\/Conferencia-Manuel-Galan-Perez-Huelva_1184292377_74050116_667x375.jpg","contentUrl":"https:\/\/fundacioncajaruraldelsur.com\/wp-content\/uploads\/2017\/10\/Conferencia-Manuel-Galan-Perez-Huelva_1184292377_74050116_667x375.jpg","width":667,"height":375},{"@type":"BreadcrumbList","@id":"https:\/\/fundacioncajaruraldelsur.com\/presidente-steelmood-coloquio-huelvainformacion-cajarural\/#breadcrumb","itemListElement":[{"@type":"ListItem","position":1,"name":"Portada","item":"https:\/\/fundacioncajaruraldelsur.com\/"},{"@type":"ListItem","position":2,"name":"El presidente de Steelmood en los desayunos de Huelva Informaci\u00f3n y Fundaci\u00f3n Caja Rural del Sur"}]},{"@type":"WebSite","@id":"https:\/\/fundacioncajaruraldelsur.com\/#website","url":"https:\/\/fundacioncajaruraldelsur.com\/","name":"Funda\u00e7\u00e3o Caja Rural del Sur","description":"","potentialAction":[{"@type":"SearchAction","target":{"@type":"EntryPoint","urlTemplate":"https:\/\/fundacioncajaruraldelsur.com\/?s={search_term_string}"},"query-input":{"@type":"PropertyValueSpecification","valueRequired":true,"valueName":"search_term_string"}}],"inLanguage":"pt-PT"},{"@type":"Person","@id":"https:\/\/fundacioncajaruraldelsur.com\/#\/schema\/person\/f430da9fb783d505ff061ad8b3d44577","name":"Comunicaci\u00f3n","image":{"@type":"ImageObject","inLanguage":"pt-PT","@id":"https:\/\/secure.gravatar.com\/avatar\/0dca239875993680bac4603ad2de7942da018f52cc3a244578e0b3b09314a8d8?s=96&d=blank&r=g","url":"https:\/\/secure.gravatar.com\/avatar\/0dca239875993680bac4603ad2de7942da018f52cc3a244578e0b3b09314a8d8?s=96&d=blank&r=g","contentUrl":"https:\/\/secure.gravatar.com\/avatar\/0dca239875993680bac4603ad2de7942da018f52cc3a244578e0b3b09314a8d8?s=96&d=blank&r=g","caption":"Comunicaci\u00f3n"}}]}},"rttpg_featured_image_url":{"full":["https:\/\/fundacioncajaruraldelsur.com\/wp-content\/uploads\/2017\/10\/Conferencia-Manuel-Galan-Perez-Huelva_1184292377_74050116_667x375.jpg",667,375,false],"landscape":["https:\/\/fundacioncajaruraldelsur.com\/wp-content\/uploads\/2017\/10\/Conferencia-Manuel-Galan-Perez-Huelva_1184292377_74050116_667x375.jpg",667,375,false],"portraits":["https:\/\/fundacioncajaruraldelsur.com\/wp-content\/uploads\/2017\/10\/Conferencia-Manuel-Galan-Perez-Huelva_1184292377_74050116_667x375.jpg",667,375,false],"thumbnail":["https:\/\/fundacioncajaruraldelsur.com\/wp-content\/uploads\/2017\/10\/Conferencia-Manuel-Galan-Perez-Huelva_1184292377_74050116_667x375-150x150.jpg",150,150,true],"medium":["https:\/\/fundacioncajaruraldelsur.com\/wp-content\/uploads\/2017\/10\/Conferencia-Manuel-Galan-Perez-Huelva_1184292377_74050116_667x375-300x169.jpg",300,169,true],"large":["https:\/\/fundacioncajaruraldelsur.com\/wp-content\/uploads\/2017\/10\/Conferencia-Manuel-Galan-Perez-Huelva_1184292377_74050116_667x375.jpg",667,375,false],"1536x1536":["https:\/\/fundacioncajaruraldelsur.com\/wp-content\/uploads\/2017\/10\/Conferencia-Manuel-Galan-Perez-Huelva_1184292377_74050116_667x375.jpg",667,375,false],"2048x2048":["https:\/\/fundacioncajaruraldelsur.com\/wp-content\/uploads\/2017\/10\/Conferencia-Manuel-Galan-Perez-Huelva_1184292377_74050116_667x375.jpg",667,375,false],"trp-custom-language-flag":["https:\/\/fundacioncajaruraldelsur.com\/wp-content\/uploads\/2017\/10\/Conferencia-Manuel-Galan-Perez-Huelva_1184292377_74050116_667x375.jpg",18,10,false],"blog-thumbnail":["https:\/\/fundacioncajaruraldelsur.com\/wp-content\/uploads\/2017\/10\/Conferencia-Manuel-Galan-Perez-Huelva_1184292377_74050116_667x375-400x200.jpg",400,200,true]},"rttpg_author":{"display_name":"Comunicaci\u00f3n","author_link":"https:\/\/fundacioncajaruraldelsur.com\/pt\/author\/sevillaadmin\/"},"rttpg_comment":0,"rttpg_category":"<a href=\"https:\/\/fundacioncajaruraldelsur.com\/pt\/category\/conferencias\/\" rel=\"category tag\">Conferencias<\/a>","rttpg_excerpt":"La econom\u00eda digital ha centrado la intervenci\u00f3n del presidente y CEO de\u00a0Steelmood, Manuel Gal\u00e1n, en el desayuno coloquio organizado por el peri\u00f3dico Huelva Informaci\u00f3n con el patrocinio de la Fundaci\u00f3n [&hellip;]","_links":{"self":[{"href":"https:\/\/fundacioncajaruraldelsur.com\/pt\/wp-json\/wp\/v2\/posts\/3240","targetHints":{"allow":["GET"]}}],"collection":[{"href":"https:\/\/fundacioncajaruraldelsur.com\/pt\/wp-json\/wp\/v2\/posts"}],"about":[{"href":"https:\/\/fundacioncajaruraldelsur.com\/pt\/wp-json\/wp\/v2\/types\/post"}],"author":[{"embeddable":true,"href":"https:\/\/fundacioncajaruraldelsur.com\/pt\/wp-json\/wp\/v2\/users\/6"}],"replies":[{"embeddable":true,"href":"https:\/\/fundacioncajaruraldelsur.com\/pt\/wp-json\/wp\/v2\/comments?post=3240"}],"version-history":[{"count":3,"href":"https:\/\/fundacioncajaruraldelsur.com\/pt\/wp-json\/wp\/v2\/posts\/3240\/revisions"}],"predecessor-version":[{"id":3245,"href":"https:\/\/fundacioncajaruraldelsur.com\/pt\/wp-json\/wp\/v2\/posts\/3240\/revisions\/3245"}],"wp:featuredmedia":[{"embeddable":true,"href":"https:\/\/fundacioncajaruraldelsur.com\/pt\/wp-json\/wp\/v2\/media\/3241"}],"wp:attachment":[{"href":"https:\/\/fundacioncajaruraldelsur.com\/pt\/wp-json\/wp\/v2\/media?parent=3240"}],"wp:term":[{"taxonomy":"category","embeddable":true,"href":"https:\/\/fundacioncajaruraldelsur.com\/pt\/wp-json\/wp\/v2\/categories?post=3240"},{"taxonomy":"post_tag","embeddable":true,"href":"https:\/\/fundacioncajaruraldelsur.com\/pt\/wp-json\/wp\/v2\/tags?post=3240"}],"curies":[{"name":"wp","href":"https:\/\/api.w.org\/{rel}","templated":true}]}}