{"id":3227,"date":"2017-10-02T08:18:29","date_gmt":"2017-10-02T08:18:29","guid":{"rendered":"\/?p=3227"},"modified":"2017-10-02T08:18:29","modified_gmt":"2017-10-02T08:18:29","slug":"presidente-la-fundacion-caja-rural-del-sur-jose-luis-garcia-palacios-premio-especial-del-jurado-los-onubenses-del-ano","status":"publish","type":"post","link":"https:\/\/fundacioncajaruraldelsur.com\/pt\/presidente-la-fundacion-caja-rural-del-sur-jose-luis-garcia-palacios-premio-especial-del-jurado-los-onubenses-del-ano\/","title":{"rendered":"El presidente de la Fundaci\u00f3n Caja Rural del Sur, Jos\u00e9 Luis Garc\u00eda Palacios, Premio Especial del Jurado de los Onubenses del A\u00f1o."},"content":{"rendered":"<p>El presidente de la Fundaci\u00f3n Caja Rural del Sur, Jos\u00e9 Luis Garc\u00eda Palacios, ha recibido el Premio Especial del Jurado de los Onubenses del A\u00f1o que todos los a\u00f1os otorga el peri\u00f3dico \u00abHuelva Informaci\u00f3n\u00bb, premio que se entreg\u00f3 en el transcurso de una gala celebrada en la Facultad de Ciencias Empresariales, en el campus de La Merced de la Universidad de Huelva.<\/p>\n<p>El Premio Especial lo otorga el jurado de este certamen como reconocimiento a una dilatada trayectoria profesional. El que fuera durante varias d\u00e9cadas presidente de la Caja Rural del Sur, en la actualidad presidente de su Fundaci\u00f3n, manifest\u00f3 su satisfacci\u00f3n por este reconocimiento. \u00abNo me pod\u00eda imaginar que me iban a hacer Onubense del A\u00f1o a estas alturas de mi vida, es extraordinario. No me lo esperaba\u00bb,\u00a0\u00abme causa una especial emoci\u00f3n\u00bb.<\/p>\n<p>Afirm\u00f3 que ha dedicado toda su vida a defender los intereses de Huelva, \u00absiempre hemos pensado en Huelva y Huelva siempre ha merecido la pena\u00bb. El decano del sistema financiero espa\u00f1ol coment\u00f3 que \u00abcuando uno est\u00e1 en su provincia y tus paisanos te hacen un homenaje, del tipo que sea, lo agradeces much\u00edsimo, pero a estas alturas, cuando uno est\u00e1 al final, pues mucho m\u00e1s\u00bb.<\/p>\n<p>El emprendedor que revolucion\u00f3 en la d\u00e9cada de los setenta del pasado siglo el campo onubense subray\u00f3 que detecta \u00ablas muestras de cari\u00f1o, que es lo que m\u00e1s, a estas alturas, uno agradece, y estoy absolutamente agradecido por las muestras de cari\u00f1o y afecto que he recibido\u00bb.<\/p>\n<p>Garc\u00eda Palacios realiz\u00f3 un repaso a su trayectoria profesional e indic\u00f3 que \u00abhemos acertado en unas cosas y en otras no, pero siempre lo hemos hecho con buenas intenciones\u00bb. El empresario realiz\u00f3 un discurso al final de la gala en la que agradeci\u00f3 enormemente el premio \u00abno puedo pedir m\u00e1s\u00bb, destac\u00f3.<\/p>\n<p><a href=\"https:\/\/www.youtube.com\/watch?v=gPJe4nvpTmY\"><strong>VER VIDEO Premio Especcial Onubense del A\u00f1o: Jos\u00e9 Luis Garc\u00eda Palacios.<\/strong><\/a><\/p>","protected":false},"excerpt":{"rendered":"<p>El presidente de la Fundaci\u00f3n Caja Rural del Sur, Jos\u00e9 Luis Garc\u00eda Palacios, ha recibido el Premio Especial del Jurado de los Onubenses del A\u00f1o que todos los a\u00f1os otorga [&hellip;]<\/p>\n","protected":false},"author":6,"featured_media":3228,"comment_status":"closed","ping_status":"open","sticky":false,"template":"","format":"standard","meta":{"footnotes":""},"categories":[64],"tags":[],"class_list":["post-3227","post","type-post","status-publish","format-standard","has-post-thumbnail","hentry","category-premios"],"yoast_head":"<!-- This site is optimized with the Yoast SEO plugin v27.3 - https:\/\/yoast.com\/product\/yoast-seo-wordpress\/ -->\n<title>El presidente de la Fundaci\u00f3n Caja Rural del Sur, Jos\u00e9 Luis Garc\u00eda Palacios, Premio Especial del Jurado de los Onubenses del A\u00f1o. - Fundaci\u00f3n Caja Rural del Sur<\/title>\n<meta name=\"robots\" content=\"index, follow, max-snippet:-1, max-image-preview:large, max-video-preview:-1\" \/>\n<link rel=\"canonical\" href=\"https:\/\/fundacioncajaruraldelsur.com\/pt\/presidente-la-fundacion-caja-rural-del-sur-jose-luis-garcia-palacios-premio-especial-del-jurado-los-onubenses-del-ano\/\" \/>\n<meta property=\"og:locale\" content=\"pt_PT\" \/>\n<meta property=\"og:type\" content=\"article\" \/>\n<meta property=\"og:title\" content=\"El presidente de la Fundaci\u00f3n Caja Rural del Sur, Jos\u00e9 Luis Garc\u00eda Palacios, Premio Especial del Jurado de los Onubenses del A\u00f1o. - Fundaci\u00f3n Caja Rural del Sur\" \/>\n<meta property=\"og:description\" content=\"El presidente de la Fundaci\u00f3n Caja Rural del Sur, Jos\u00e9 Luis Garc\u00eda Palacios, ha recibido el Premio Especial del Jurado de los Onubenses del A\u00f1o que todos los a\u00f1os otorga [&hellip;]\" \/>\n<meta property=\"og:url\" content=\"https:\/\/fundacioncajaruraldelsur.com\/pt\/presidente-la-fundacion-caja-rural-del-sur-jose-luis-garcia-palacios-premio-especial-del-jurado-los-onubenses-del-ano\/\" \/>\n<meta property=\"og:site_name\" content=\"Fundaci\u00f3n Caja Rural del Sur\" \/>\n<meta property=\"article:published_time\" content=\"2017-10-02T08:18:29+00:00\" \/>\n<meta property=\"og:image\" content=\"https:\/\/fundacioncajaruraldelsur.com\/wp-content\/uploads\/2017\/10\/onubense-a\u00f1o.jpg\" \/>\n\t<meta property=\"og:image:width\" content=\"777\" \/>\n\t<meta property=\"og:image:height\" content=\"436\" \/>\n\t<meta property=\"og:image:type\" content=\"image\/jpeg\" \/>\n<meta name=\"author\" content=\"Comunicaci\u00f3n\" \/>\n<meta name=\"twitter:card\" content=\"summary_large_image\" \/>\n<meta name=\"twitter:label1\" content=\"Written by\" \/>\n\t<meta name=\"twitter:data1\" content=\"Comunicaci\u00f3n\" \/>\n\t<meta name=\"twitter:label2\" content=\"Est. reading time\" \/>\n\t<meta name=\"twitter:data2\" content=\"2 minutes\" \/>\n<script type=\"application\/ld+json\" class=\"yoast-schema-graph\">{\"@context\":\"https:\\\/\\\/schema.org\",\"@graph\":[{\"@type\":\"Article\",\"@id\":\"https:\\\/\\\/fundacioncajaruraldelsur.com\\\/presidente-la-fundacion-caja-rural-del-sur-jose-luis-garcia-palacios-premio-especial-del-jurado-los-onubenses-del-ano\\\/#article\",\"isPartOf\":{\"@id\":\"https:\\\/\\\/fundacioncajaruraldelsur.com\\\/presidente-la-fundacion-caja-rural-del-sur-jose-luis-garcia-palacios-premio-especial-del-jurado-los-onubenses-del-ano\\\/\"},\"author\":{\"name\":\"Comunicaci\u00f3n\",\"@id\":\"https:\\\/\\\/fundacioncajaruraldelsur.com\\\/#\\\/schema\\\/person\\\/f430da9fb783d505ff061ad8b3d44577\"},\"headline\":\"El presidente de la Fundaci\u00f3n Caja Rural del Sur, Jos\u00e9 Luis Garc\u00eda Palacios, Premio Especial del Jurado de los Onubenses del A\u00f1o.\",\"datePublished\":\"2017-10-02T08:18:29+00:00\",\"mainEntityOfPage\":{\"@id\":\"https:\\\/\\\/fundacioncajaruraldelsur.com\\\/presidente-la-fundacion-caja-rural-del-sur-jose-luis-garcia-palacios-premio-especial-del-jurado-los-onubenses-del-ano\\\/\"},\"wordCount\":356,\"image\":{\"@id\":\"https:\\\/\\\/fundacioncajaruraldelsur.com\\\/presidente-la-fundacion-caja-rural-del-sur-jose-luis-garcia-palacios-premio-especial-del-jurado-los-onubenses-del-ano\\\/#primaryimage\"},\"thumbnailUrl\":\"https:\\\/\\\/fundacioncajaruraldelsur.com\\\/wp-content\\\/uploads\\\/2017\\\/10\\\/onubense-a\u00f1o.jpg\",\"articleSection\":[\"Premios\"],\"inLanguage\":\"pt-PT\"},{\"@type\":\"WebPage\",\"@id\":\"https:\\\/\\\/fundacioncajaruraldelsur.com\\\/presidente-la-fundacion-caja-rural-del-sur-jose-luis-garcia-palacios-premio-especial-del-jurado-los-onubenses-del-ano\\\/\",\"url\":\"https:\\\/\\\/fundacioncajaruraldelsur.com\\\/presidente-la-fundacion-caja-rural-del-sur-jose-luis-garcia-palacios-premio-especial-del-jurado-los-onubenses-del-ano\\\/\",\"name\":\"El presidente de la Fundaci\u00f3n Caja Rural del Sur, Jos\u00e9 Luis Garc\u00eda Palacios, Premio Especial del Jurado de los Onubenses del A\u00f1o. - Fundaci\u00f3n Caja Rural del Sur\",\"isPartOf\":{\"@id\":\"https:\\\/\\\/fundacioncajaruraldelsur.com\\\/#website\"},\"primaryImageOfPage\":{\"@id\":\"https:\\\/\\\/fundacioncajaruraldelsur.com\\\/presidente-la-fundacion-caja-rural-del-sur-jose-luis-garcia-palacios-premio-especial-del-jurado-los-onubenses-del-ano\\\/#primaryimage\"},\"image\":{\"@id\":\"https:\\\/\\\/fundacioncajaruraldelsur.com\\\/presidente-la-fundacion-caja-rural-del-sur-jose-luis-garcia-palacios-premio-especial-del-jurado-los-onubenses-del-ano\\\/#primaryimage\"},\"thumbnailUrl\":\"https:\\\/\\\/fundacioncajaruraldelsur.com\\\/wp-content\\\/uploads\\\/2017\\\/10\\\/onubense-a\u00f1o.jpg\",\"datePublished\":\"2017-10-02T08:18:29+00:00\",\"author\":{\"@id\":\"https:\\\/\\\/fundacioncajaruraldelsur.com\\\/#\\\/schema\\\/person\\\/f430da9fb783d505ff061ad8b3d44577\"},\"breadcrumb\":{\"@id\":\"https:\\\/\\\/fundacioncajaruraldelsur.com\\\/presidente-la-fundacion-caja-rural-del-sur-jose-luis-garcia-palacios-premio-especial-del-jurado-los-onubenses-del-ano\\\/#breadcrumb\"},\"inLanguage\":\"pt-PT\",\"potentialAction\":[{\"@type\":\"ReadAction\",\"target\":[\"https:\\\/\\\/fundacioncajaruraldelsur.com\\\/presidente-la-fundacion-caja-rural-del-sur-jose-luis-garcia-palacios-premio-especial-del-jurado-los-onubenses-del-ano\\\/\"]}]},{\"@type\":\"ImageObject\",\"inLanguage\":\"pt-PT\",\"@id\":\"https:\\\/\\\/fundacioncajaruraldelsur.com\\\/presidente-la-fundacion-caja-rural-del-sur-jose-luis-garcia-palacios-premio-especial-del-jurado-los-onubenses-del-ano\\\/#primaryimage\",\"url\":\"https:\\\/\\\/fundacioncajaruraldelsur.com\\\/wp-content\\\/uploads\\\/2017\\\/10\\\/onubense-a\u00f1o.jpg\",\"contentUrl\":\"https:\\\/\\\/fundacioncajaruraldelsur.com\\\/wp-content\\\/uploads\\\/2017\\\/10\\\/onubense-a\u00f1o.jpg\",\"width\":777,\"height\":436},{\"@type\":\"BreadcrumbList\",\"@id\":\"https:\\\/\\\/fundacioncajaruraldelsur.com\\\/presidente-la-fundacion-caja-rural-del-sur-jose-luis-garcia-palacios-premio-especial-del-jurado-los-onubenses-del-ano\\\/#breadcrumb\",\"itemListElement\":[{\"@type\":\"ListItem\",\"position\":1,\"name\":\"Portada\",\"item\":\"https:\\\/\\\/fundacioncajaruraldelsur.com\\\/\"},{\"@type\":\"ListItem\",\"position\":2,\"name\":\"El presidente de la Fundaci\u00f3n Caja Rural del Sur, Jos\u00e9 Luis Garc\u00eda Palacios, Premio Especial del Jurado de los Onubenses del A\u00f1o.\"}]},{\"@type\":\"WebSite\",\"@id\":\"https:\\\/\\\/fundacioncajaruraldelsur.com\\\/#website\",\"url\":\"https:\\\/\\\/fundacioncajaruraldelsur.com\\\/\",\"name\":\"Fundaci\u00f3n Caja Rural del Sur\",\"description\":\"\",\"potentialAction\":[{\"@type\":\"SearchAction\",\"target\":{\"@type\":\"EntryPoint\",\"urlTemplate\":\"https:\\\/\\\/fundacioncajaruraldelsur.com\\\/?s={search_term_string}\"},\"query-input\":{\"@type\":\"PropertyValueSpecification\",\"valueRequired\":true,\"valueName\":\"search_term_string\"}}],\"inLanguage\":\"pt-PT\"},{\"@type\":\"Person\",\"@id\":\"https:\\\/\\\/fundacioncajaruraldelsur.com\\\/#\\\/schema\\\/person\\\/f430da9fb783d505ff061ad8b3d44577\",\"name\":\"Comunicaci\u00f3n\",\"image\":{\"@type\":\"ImageObject\",\"inLanguage\":\"pt-PT\",\"@id\":\"https:\\\/\\\/secure.gravatar.com\\\/avatar\\\/0dca239875993680bac4603ad2de7942da018f52cc3a244578e0b3b09314a8d8?s=96&d=blank&r=g\",\"url\":\"https:\\\/\\\/secure.gravatar.com\\\/avatar\\\/0dca239875993680bac4603ad2de7942da018f52cc3a244578e0b3b09314a8d8?s=96&d=blank&r=g\",\"contentUrl\":\"https:\\\/\\\/secure.gravatar.com\\\/avatar\\\/0dca239875993680bac4603ad2de7942da018f52cc3a244578e0b3b09314a8d8?s=96&d=blank&r=g\",\"caption\":\"Comunicaci\u00f3n\"}}]}<\/script>\n<!-- \/ Yoast SEO plugin. -->","yoast_head_json":{"title":"El presidente de la Fundaci\u00f3n Caja Rural del Sur, Jos\u00e9 Luis Garc\u00eda Palacios, Premio Especial del Jurado de los Onubenses del A\u00f1o. - Fundaci\u00f3n Caja Rural del Sur","robots":{"index":"index","follow":"follow","max-snippet":"max-snippet:-1","max-image-preview":"max-image-preview:large","max-video-preview":"max-video-preview:-1"},"canonical":"https:\/\/fundacioncajaruraldelsur.com\/pt\/presidente-la-fundacion-caja-rural-del-sur-jose-luis-garcia-palacios-premio-especial-del-jurado-los-onubenses-del-ano\/","og_locale":"pt_PT","og_type":"article","og_title":"El presidente de la Fundaci\u00f3n Caja Rural del Sur, Jos\u00e9 Luis Garc\u00eda Palacios, Premio Especial del Jurado de los Onubenses del A\u00f1o. - Fundaci\u00f3n Caja Rural del Sur","og_description":"El presidente de la Fundaci\u00f3n Caja Rural del Sur, Jos\u00e9 Luis Garc\u00eda Palacios, ha recibido el Premio Especial del Jurado de los Onubenses del A\u00f1o que todos los a\u00f1os otorga [&hellip;]","og_url":"https:\/\/fundacioncajaruraldelsur.com\/pt\/presidente-la-fundacion-caja-rural-del-sur-jose-luis-garcia-palacios-premio-especial-del-jurado-los-onubenses-del-ano\/","og_site_name":"Fundaci\u00f3n Caja Rural del Sur","article_published_time":"2017-10-02T08:18:29+00:00","og_image":[{"width":777,"height":436,"url":"https:\/\/fundacioncajaruraldelsur.com\/wp-content\/uploads\/2017\/10\/onubense-a\u00f1o.jpg","type":"image\/jpeg"}],"author":"Comunicaci\u00f3n","twitter_card":"summary_large_image","twitter_misc":{"Written by":"Comunicaci\u00f3n","Est. reading time":"2 minutes"},"schema":{"@context":"https:\/\/schema.org","@graph":[{"@type":"Article","@id":"https:\/\/fundacioncajaruraldelsur.com\/presidente-la-fundacion-caja-rural-del-sur-jose-luis-garcia-palacios-premio-especial-del-jurado-los-onubenses-del-ano\/#article","isPartOf":{"@id":"https:\/\/fundacioncajaruraldelsur.com\/presidente-la-fundacion-caja-rural-del-sur-jose-luis-garcia-palacios-premio-especial-del-jurado-los-onubenses-del-ano\/"},"author":{"name":"Comunicaci\u00f3n","@id":"https:\/\/fundacioncajaruraldelsur.com\/#\/schema\/person\/f430da9fb783d505ff061ad8b3d44577"},"headline":"El presidente de la Fundaci\u00f3n Caja Rural del Sur, Jos\u00e9 Luis Garc\u00eda Palacios, Premio Especial del Jurado de los Onubenses del A\u00f1o.","datePublished":"2017-10-02T08:18:29+00:00","mainEntityOfPage":{"@id":"https:\/\/fundacioncajaruraldelsur.com\/presidente-la-fundacion-caja-rural-del-sur-jose-luis-garcia-palacios-premio-especial-del-jurado-los-onubenses-del-ano\/"},"wordCount":356,"image":{"@id":"https:\/\/fundacioncajaruraldelsur.com\/presidente-la-fundacion-caja-rural-del-sur-jose-luis-garcia-palacios-premio-especial-del-jurado-los-onubenses-del-ano\/#primaryimage"},"thumbnailUrl":"https:\/\/fundacioncajaruraldelsur.com\/wp-content\/uploads\/2017\/10\/onubense-a\u00f1o.jpg","articleSection":["Premios"],"inLanguage":"pt-PT"},{"@type":"WebPage","@id":"https:\/\/fundacioncajaruraldelsur.com\/presidente-la-fundacion-caja-rural-del-sur-jose-luis-garcia-palacios-premio-especial-del-jurado-los-onubenses-del-ano\/","url":"https:\/\/fundacioncajaruraldelsur.com\/presidente-la-fundacion-caja-rural-del-sur-jose-luis-garcia-palacios-premio-especial-del-jurado-los-onubenses-del-ano\/","name":"El presidente de la Fundaci\u00f3n Caja Rural del Sur, Jos\u00e9 Luis Garc\u00eda Palacios, Premio Especial del Jurado de los Onubenses del A\u00f1o. - Fundaci\u00f3n Caja Rural del Sur","isPartOf":{"@id":"https:\/\/fundacioncajaruraldelsur.com\/#website"},"primaryImageOfPage":{"@id":"https:\/\/fundacioncajaruraldelsur.com\/presidente-la-fundacion-caja-rural-del-sur-jose-luis-garcia-palacios-premio-especial-del-jurado-los-onubenses-del-ano\/#primaryimage"},"image":{"@id":"https:\/\/fundacioncajaruraldelsur.com\/presidente-la-fundacion-caja-rural-del-sur-jose-luis-garcia-palacios-premio-especial-del-jurado-los-onubenses-del-ano\/#primaryimage"},"thumbnailUrl":"https:\/\/fundacioncajaruraldelsur.com\/wp-content\/uploads\/2017\/10\/onubense-a\u00f1o.jpg","datePublished":"2017-10-02T08:18:29+00:00","author":{"@id":"https:\/\/fundacioncajaruraldelsur.com\/#\/schema\/person\/f430da9fb783d505ff061ad8b3d44577"},"breadcrumb":{"@id":"https:\/\/fundacioncajaruraldelsur.com\/presidente-la-fundacion-caja-rural-del-sur-jose-luis-garcia-palacios-premio-especial-del-jurado-los-onubenses-del-ano\/#breadcrumb"},"inLanguage":"pt-PT","potentialAction":[{"@type":"ReadAction","target":["https:\/\/fundacioncajaruraldelsur.com\/presidente-la-fundacion-caja-rural-del-sur-jose-luis-garcia-palacios-premio-especial-del-jurado-los-onubenses-del-ano\/"]}]},{"@type":"ImageObject","inLanguage":"pt-PT","@id":"https:\/\/fundacioncajaruraldelsur.com\/presidente-la-fundacion-caja-rural-del-sur-jose-luis-garcia-palacios-premio-especial-del-jurado-los-onubenses-del-ano\/#primaryimage","url":"https:\/\/fundacioncajaruraldelsur.com\/wp-content\/uploads\/2017\/10\/onubense-a\u00f1o.jpg","contentUrl":"https:\/\/fundacioncajaruraldelsur.com\/wp-content\/uploads\/2017\/10\/onubense-a\u00f1o.jpg","width":777,"height":436},{"@type":"BreadcrumbList","@id":"https:\/\/fundacioncajaruraldelsur.com\/presidente-la-fundacion-caja-rural-del-sur-jose-luis-garcia-palacios-premio-especial-del-jurado-los-onubenses-del-ano\/#breadcrumb","itemListElement":[{"@type":"ListItem","position":1,"name":"Portada","item":"https:\/\/fundacioncajaruraldelsur.com\/"},{"@type":"ListItem","position":2,"name":"El presidente de la Fundaci\u00f3n Caja Rural del Sur, Jos\u00e9 Luis Garc\u00eda Palacios, Premio Especial del Jurado de los Onubenses del A\u00f1o."}]},{"@type":"WebSite","@id":"https:\/\/fundacioncajaruraldelsur.com\/#website","url":"https:\/\/fundacioncajaruraldelsur.com\/","name":"Funda\u00e7\u00e3o Caja Rural del Sur","description":"","potentialAction":[{"@type":"SearchAction","target":{"@type":"EntryPoint","urlTemplate":"https:\/\/fundacioncajaruraldelsur.com\/?s={search_term_string}"},"query-input":{"@type":"PropertyValueSpecification","valueRequired":true,"valueName":"search_term_string"}}],"inLanguage":"pt-PT"},{"@type":"Person","@id":"https:\/\/fundacioncajaruraldelsur.com\/#\/schema\/person\/f430da9fb783d505ff061ad8b3d44577","name":"Comunicaci\u00f3n","image":{"@type":"ImageObject","inLanguage":"pt-PT","@id":"https:\/\/secure.gravatar.com\/avatar\/0dca239875993680bac4603ad2de7942da018f52cc3a244578e0b3b09314a8d8?s=96&d=blank&r=g","url":"https:\/\/secure.gravatar.com\/avatar\/0dca239875993680bac4603ad2de7942da018f52cc3a244578e0b3b09314a8d8?s=96&d=blank&r=g","contentUrl":"https:\/\/secure.gravatar.com\/avatar\/0dca239875993680bac4603ad2de7942da018f52cc3a244578e0b3b09314a8d8?s=96&d=blank&r=g","caption":"Comunicaci\u00f3n"}}]}},"rttpg_featured_image_url":{"full":["https:\/\/fundacioncajaruraldelsur.com\/wp-content\/uploads\/2017\/10\/onubense-a\u00f1o.jpg",777,436,false],"landscape":["https:\/\/fundacioncajaruraldelsur.com\/wp-content\/uploads\/2017\/10\/onubense-a\u00f1o.jpg",777,436,false],"portraits":["https:\/\/fundacioncajaruraldelsur.com\/wp-content\/uploads\/2017\/10\/onubense-a\u00f1o.jpg",777,436,false],"thumbnail":["https:\/\/fundacioncajaruraldelsur.com\/wp-content\/uploads\/2017\/10\/onubense-a\u00f1o-150x150.jpg",150,150,true],"medium":["https:\/\/fundacioncajaruraldelsur.com\/wp-content\/uploads\/2017\/10\/onubense-a\u00f1o-300x168.jpg",300,168,true],"large":["https:\/\/fundacioncajaruraldelsur.com\/wp-content\/uploads\/2017\/10\/onubense-a\u00f1o.jpg",777,436,false],"1536x1536":["https:\/\/fundacioncajaruraldelsur.com\/wp-content\/uploads\/2017\/10\/onubense-a\u00f1o.jpg",777,436,false],"2048x2048":["https:\/\/fundacioncajaruraldelsur.com\/wp-content\/uploads\/2017\/10\/onubense-a\u00f1o.jpg",777,436,false],"trp-custom-language-flag":["https:\/\/fundacioncajaruraldelsur.com\/wp-content\/uploads\/2017\/10\/onubense-a\u00f1o.jpg",18,10,false],"blog-thumbnail":["https:\/\/fundacioncajaruraldelsur.com\/wp-content\/uploads\/2017\/10\/onubense-a\u00f1o-400x200.jpg",400,200,true]},"rttpg_author":{"display_name":"Comunicaci\u00f3n","author_link":"https:\/\/fundacioncajaruraldelsur.com\/pt\/author\/sevillaadmin\/"},"rttpg_comment":0,"rttpg_category":"<a href=\"https:\/\/fundacioncajaruraldelsur.com\/pt\/category\/premios\/\" rel=\"category tag\">Premios<\/a>","rttpg_excerpt":"El presidente de la Fundaci\u00f3n Caja Rural del Sur, Jos\u00e9 Luis Garc\u00eda Palacios, ha recibido el Premio Especial del Jurado de los Onubenses del A\u00f1o que todos los a\u00f1os otorga [&hellip;]","_links":{"self":[{"href":"https:\/\/fundacioncajaruraldelsur.com\/pt\/wp-json\/wp\/v2\/posts\/3227","targetHints":{"allow":["GET"]}}],"collection":[{"href":"https:\/\/fundacioncajaruraldelsur.com\/pt\/wp-json\/wp\/v2\/posts"}],"about":[{"href":"https:\/\/fundacioncajaruraldelsur.com\/pt\/wp-json\/wp\/v2\/types\/post"}],"author":[{"embeddable":true,"href":"https:\/\/fundacioncajaruraldelsur.com\/pt\/wp-json\/wp\/v2\/users\/6"}],"replies":[{"embeddable":true,"href":"https:\/\/fundacioncajaruraldelsur.com\/pt\/wp-json\/wp\/v2\/comments?post=3227"}],"version-history":[{"count":1,"href":"https:\/\/fundacioncajaruraldelsur.com\/pt\/wp-json\/wp\/v2\/posts\/3227\/revisions"}],"predecessor-version":[{"id":3229,"href":"https:\/\/fundacioncajaruraldelsur.com\/pt\/wp-json\/wp\/v2\/posts\/3227\/revisions\/3229"}],"wp:featuredmedia":[{"embeddable":true,"href":"https:\/\/fundacioncajaruraldelsur.com\/pt\/wp-json\/wp\/v2\/media\/3228"}],"wp:attachment":[{"href":"https:\/\/fundacioncajaruraldelsur.com\/pt\/wp-json\/wp\/v2\/media?parent=3227"}],"wp:term":[{"taxonomy":"category","embeddable":true,"href":"https:\/\/fundacioncajaruraldelsur.com\/pt\/wp-json\/wp\/v2\/categories?post=3227"},{"taxonomy":"post_tag","embeddable":true,"href":"https:\/\/fundacioncajaruraldelsur.com\/pt\/wp-json\/wp\/v2\/tags?post=3227"}],"curies":[{"name":"wp","href":"https:\/\/api.w.org\/{rel}","templated":true}]}}